{"id":41955,"date":"2023-05-30T22:00:00","date_gmt":"2023-05-30T21:00:00","guid":{"rendered":"https:\/\/lasentinelle.dz\/?p=41955"},"modified":"2023-05-30T17:35:14","modified_gmt":"2023-05-30T16:35:14","slug":"rechauffement-climatique-les-sept-facteurs-qui-menacent-la-securite-mondiale","status":"publish","type":"post","link":"https:\/\/lasentinelle.dz\/index.php\/2023\/05\/30\/rechauffement-climatique-les-sept-facteurs-qui-menacent-la-securite-mondiale\/","title":{"rendered":"R\u00e9chauffement climatique\u00a0: Les sept facteurs qui menacent la s\u00e9curit\u00e9 mondiale"},"content":{"rendered":"\n<p><strong>Par Abderrahmane Mebtoul<\/strong><strong><\/strong><\/p>\n\n\n\n<figure class=\"wp-block-image size-full\"><img loading=\"lazy\" decoding=\"async\" width=\"324\" height=\"162\" src=\"https:\/\/lasentinelle.dz\/wp-content\/uploads\/2022\/11\/Abderrahmane-Mebtoul-1-edited.jpeg\" alt=\"\" class=\"wp-image-31002\" srcset=\"https:\/\/lasentinelle.dz\/wp-content\/uploads\/2022\/11\/Abderrahmane-Mebtoul-1-edited.jpeg 324w, https:\/\/lasentinelle.dz\/wp-content\/uploads\/2022\/11\/Abderrahmane-Mebtoul-1-edited-300x150.jpeg 300w\" sizes=\"auto, (max-width: 324px) 100vw, 324px\" \/><figcaption class=\"wp-element-caption\"><strong>Professeur des universit\u00e9s en management strat\u00e9gique et expert international.<\/strong><\/figcaption><\/figure>\n\n\n\n<p><\/p>\n\n\n\n<p>La lutte contre le r\u00e9chauffement climatique engage la s\u00e9curit\u00e9 du monde. Les rapports de l&rsquo;ONU pr\u00e9voient des s\u00e9cheresses et des inondations sans pareille entre 2025\/2030.<\/p>\n\n\n\n<p>Fondamentalement, si nous \u00e9chouons \u00e0 passer \u00e0 un monde \u00e0 faible \u00e9mission de carbone, c&rsquo;est l&rsquo;int\u00e9grit\u00e9 globale de l&rsquo;\u00e9conomie mondiale qui sera menac\u00e9e, car le climat mondial est un vaste syst\u00e8me interconnect\u00e9. Afin de ne pas renouveler les drames des inondations de Bab Oued et r\u00e9cemment le 26 mai 2023, celles qui ont touch\u00e9 des wilayas du Centre et de l\u2019Est , il faut agir. Selon le rapport de la Banque africaine de d\u00e9veloppement, l\u2019Alg\u00e9rie aurait entre 2023\/2030 un besoin de financement de 22 milliards de dollars. L\u2019Alg\u00e9rie doit d\u2019ores et d\u00e9j\u00e0 mettre en place des actions op\u00e9rationnelles se pr\u00e9munir pour contre les catastroph\u00e9s naturelles.<\/p>\n\n\n\n<p>Selon la Banque mondiale, l\u2019Afrique n\u2019est responsable que de 3,8 % des \u00e9missions totales de gaz \u00e0 effet de serre dans le monde et pourtant, les pays africains subissent de plein fouet les effets d\u00e9vastateurs de s\u00e9cheresses et d\u2019inondations de plus en plus s\u00e9v\u00e8res avec des cons\u00e9quences dramatiques en termes de pertes humaines, sur l\u2019agriculture et son soubassement l\u2019eau douce\u2026etc. Depuis 1850, notre plan\u00e8te s&rsquo;est r\u00e9chauff\u00e9e en moyenne de 1,1\u00b0C et selon le rapport d&rsquo;\u00e9valuation du Groupe d&rsquo;experts intergouvernemental sur l&rsquo;\u00e9volution du climat (Giec), le r\u00e9chauffement plan\u00e9taire en cours pourrait atteindre 1,5\u00b0C \u00e0 4,4\u00b0C d&rsquo;ici 2100. Les experts du Giec indiquent que le r\u00e9chauffement climatique devrait \u00eatre contenu \u00e0 +1,5\u00b0C au maximum d&rsquo;ici 2100 pour \u00e9viter que notre climat ne s&#8217;emballe. Cette limitation sera hors de port\u00e9e \u00e0 moins de r\u00e9ductions imm\u00e9diates, rapides et massives des \u00e9missions de gaz \u00e0 effet de serre pour atteindre la neutralit\u00e9 carbone en 2050. La lutte contre le r\u00e9chauffement climatique est donc une question de s\u00e9curit\u00e9 mondiale car si l&rsquo;Afrique, l&rsquo;Asie dont la Chine et l&rsquo;Inde abritent plus de 4 milliards d&rsquo;habitants sur les 8 milliards d\u2019habitants que compte notre plan\u00e8te depuis janvier 2023, avaient le m\u00eame mod\u00e8le de consommation \u00e9nerg\u00e9tique que l&rsquo;Europe et les USA, moins d&rsquo;un milliard d&rsquo;habitants pour un PIB mondial d\u00e9passant les 40%, en 2022, il faudrait selon les experts trois \u00e0 quatre fois la plan\u00e8te terre pour couvrir les besoins. Le monde conna\u00eet un bouleversement in\u00e9gal depuis des si\u00e8cles, d&rsquo;un c\u00f4t\u00e9 des pluies diluviennes ainsi que des inondations, et de de l&rsquo;autre c\u00f4t\u00e9, s\u00e9cheresses et incendies. Pour r\u00e9duire les co\u00fbts, impossibles \u00e0 supporter par un seul Etat, il s\u2019agira d\u2019acc\u00e9l\u00e9rer la coop\u00e9ration internationale et la transition \u00e9nerg\u00e9tique et revoir notre mod\u00e8le de consommation et penser \u00e0 une \u00e9conomie de l\u2019eau. (notre interview Radio nationale Alger 26\/05\/2023. Le r\u00e9chauffement climatique a plusieurs effets n\u00e9gatifs qui menacent la s\u00e9curit\u00e9 mondiale). (voir le d\u00e9bat Pr Abderrahmane Mebtoul Radio Beur\/Fm Paris le 30\/10\/2022 17h sur les enjeux g\u00e9ostrat\u00e9giques et TV- LCP cha\u00eene parlementaire sur le r\u00e9chauffement climatique et la s\u00e9curit\u00e9 mondiale 31 octobre 2022 Paris France en pr\u00e9sence de plusieurs experts disponible sur YouTube).<\/p>\n\n\n\n<p>Je recense sept impacts du r\u00e9chauffement climatique qui devraient influer sur les politiques socio-\u00e9conomiques.<\/p>\n\n\n\n<p>Premi\u00e8rement, pour la hausse du niveau des mers&nbsp;: La hausse moyenne des temp\u00e9ratures provoque une fonte des glaces continentales (glaciers, icebergs, etc.). Le volume de glace fondue vient s&rsquo;ajouter \u00e0 celui de l&rsquo;oc\u00e9an, ce qui entra\u00eene une \u00e9l\u00e9vation du niveau des mers. Pr\u00e8s de 30% de cette \u00e9l\u00e9vation est due \u00e0 la dilatation caus\u00e9e par l&rsquo;augmentation de la temp\u00e9rature de l&rsquo;eau. Le taux moyen d&rsquo;\u00e9l\u00e9vation du niveau marin s&rsquo;acc\u00e9l\u00e8re, \u00e9tait de pr\u00e8s d&rsquo;1,3 mm par an entre 1901 et 1971, d&rsquo;environ d&rsquo;1,9 mm par an entre 1971 et 2006, et il atteint pr\u00e8s de 3,7 mm par an entre 2006 et 2020, le GIEC estimant que le niveau des mers pourrait augmenter de 1,1 m d&rsquo;ici 2100. Comme impact, les zones c\u00f4ti\u00e8res seront confront\u00e9es \u00e0 des inondations dans les zones de faible altitude plus fr\u00e9quentes et plus violentes et \u00e0 l&rsquo;augmentation de l&rsquo;\u00e9rosion du littoral.<\/p>\n\n\n\n<p>Deuxi\u00e8mement, la modification des oc\u00e9ans qui absorbent naturellement du gaz carbonique. En exc\u00e8s dans les oc\u00e9ans, le gaz carbonique acidifie le milieu sous-marin, ce qui provoque la disparition de certaines esp\u00e8ces, notamment des v\u00e9g\u00e9taux et des animaux tels que les hu\u00eetres ou les coraux. En plus de son acidification, la modification des oc\u00e9ans entra\u00eene une baisse de sa teneur en oxyg\u00e8ne, r\u00e9chauffement et augmentation de la fr\u00e9quence des vagues de chaleur, affectant les \u00e9cosyst\u00e8mes marins et les populations qui en d\u00e9pendent.<\/p>\n\n\n\n<p>Troisi\u00e8mement, l&rsquo;amplification des ph\u00e9nom\u00e8nes m\u00e9t\u00e9orologiques extr\u00eames. Cela provoque l&rsquo;\u00e9vaporation de l&rsquo;eau, ce qui modifie le r\u00e9gime des pluies plus intenses, avec les inondations qui les accompagnent dans certaines r\u00e9gions, et des s\u00e9cheresses plus intenses et plus fr\u00e9quentes dans de nombreuses autres r\u00e9gions. En effet, lors de pluies violentes, les sols ne peuvent pas fixer l&rsquo;eau, s&rsquo;\u00e9coulant alors directement vers les cours d&rsquo;eau plut\u00f4t que de s&rsquo;infiltrer, les nappes d&rsquo;eau souterraines ne pouvant se reconstituer. Le r\u00e9chauffement plan\u00e9taire entra\u00eene le d\u00e9r\u00e8glement des saisons et le d\u00e9placement des masses d&rsquo;air qui pourraient, \u00e0 long terme, accro\u00eetre le nombre d&rsquo;\u00e9v\u00e9nements climatiques extr\u00eames: temp\u00eates, ouragans, cyclones, inondations, vagues de chaleur, s\u00e9cheresses, incendies.<\/p>\n\n\n\n<p>Quatri\u00e8mement, le r\u00e9chauffement climatique est une menace sur les plantes et les animaux car les cycles de croissance des v\u00e9g\u00e9taux sauvages et cultiv\u00e9s sont modifi\u00e9s: gel\u00e9es tardives, fruits pr\u00e9coces, chute des feuilles tardives, etc. Beaucoup d&rsquo;esp\u00e8ces ne supporteront pas les nouvelles conditions climatiques et l&rsquo;agriculture devra s&rsquo;adapter en choisissant des esp\u00e8ces pr\u00e9coces.. Les comportements de nombreuses esp\u00e8ces animales sont perturb\u00e9s et devront migrer ou s&rsquo;adapter sous menace d&rsquo;extinction.<\/p>\n\n\n\n<p>Cinqui\u00e8mement, l&rsquo;impact du r\u00e9chauffement climatique bouleverse les conditions de vie humaine. Certains de ces effets sont irr\u00e9versibles. Selon le rapport du Giec, environ 3,3 \u00e0 3,6 milliards de personnes vivent dans des habitats tr\u00e8s vuln\u00e9rables au changement climatique.. Si le niveau des mers augmente d&rsquo;1,1 m d&rsquo;ici 2100, pr\u00e8s de 100 millions de personnes seront contraintes de changer de lieu d&rsquo;habitation, et certaines terres c\u00f4ti\u00e8res ne seront plus cultivables et en plus , le changement climatique accro\u00eet les risques sanitaires: vagues de chaleur, cyclones, inondations, s\u00e9cheresses, propagation facilit\u00e9e de maladies.<\/p>\n\n\n\n<p>Sixi\u00e8mement, les d\u00e9r\u00e8glements climatiques perturbent la distribution des ressources naturelles, leur quantit\u00e9 et leur qualit\u00e9. De plus, les rendements agricoles et des activit\u00e9s de p\u00eache sont impact\u00e9s. Les rendements agricoles pourraient baisser d&rsquo;environ 2% tous les 10 ans tout au long du XXIe si\u00e8cle, avec des fluctuations chaque ann\u00e9e.<\/p>\n\n\n\n<p>Septi\u00e8mement, les impacts sur les co\u00fbts. Ainsi, selon l&rsquo;AIE les engagements gouvernementaux actuels ne permettraient d&rsquo;atteindre que 20% des r\u00e9ductions d&rsquo;\u00e9missions d&rsquo;ici 2030 et devant investir chaque ann\u00e9e jusqu&rsquo;\u00e0 4000 milliards de dollars \/an au cours de la prochaine d\u00e9cennie, en dirigeant la majorit\u00e9 de ces investissements vers les \u00e9conomies en voie d\u00e9veloppement, et vers des investissements vers les v\u00e9hicules \u00e9lectriques, l\u2019hydrog\u00e8ne, le captage \/ stockage du carbone et biocarburants, et sur l&rsquo;efficacit\u00e9 \u00e9nerg\u00e9tique en premier lieu dans le transport de l&rsquo;\u00e9nergie, le Btph, l&rsquo;industrie sans compter les co\u00fbts dans, la sant\u00e9 , l&rsquo;agriculture et les loisirs avec un nouveau mode du tourisme, n\u00e9cessitant la r\u00e9forme du syst\u00e8me financier mondial du fait que les obligations vertes repr\u00e9sentent en 2021 seulement 2% de la valeur du march\u00e9 obligataire mondial. Sans changement de trajectoire, les pr\u00e9visions du GIEC, qui s&rsquo;appuient sur la simple mise en place des politiques actuelles, envisagent une perte de production \u00e9quivalant \u00e0 environ 5% du PIB mondial d&rsquo;ici 2050, et jusqu&rsquo;\u00e0 13% d&rsquo;ici 2100.<\/p>\n\n\n\n<p>En r\u00e9sum\u00e9, il devient imp\u00e9ratif pour les pays d\u00e9velopp\u00e9s et pour l\u2019int\u00e9r\u00eat de l\u2019humanit\u00e9 qu\u2019\u00e0 une vision strictement marchande se substitue un co-d\u00e9veloppement pour une richesse partag\u00e9e. L\u2019enjeu du XXIe si\u00e8cle est celui d\u2019une v\u00e9ritable politique \u00e9cologique tenant compte de la protection de l\u2019environnement et du cadre de vie, impliquant une r\u00e9orientation de la politique agricole, industrielle et \u00e9nerg\u00e9tique. Le dialogue des civilisations et la tol\u00e9rance sont des \u00e9l\u00e9ments plus que jamais n\u00e9cessaires \u00e0 la cohabitation entre les peuples et les nations.<\/p>\n\n\n\n<p>A.M.<\/p>\n\n\n\n\n","protected":false},"excerpt":{"rendered":"<p>Par Abderrahmane Mebtoul La lutte contre le r\u00e9chauffement climatique engage la s\u00e9curit\u00e9 du monde. Les rapports de l&rsquo;ONU pr\u00e9voient des<\/p>\n","protected":false},"author":3,"featured_media":25148,"comment_status":"open","ping_status":"closed","sticky":false,"template":"","format":"standard","meta":{"colormag_page_container_layout":"default_layout","colormag_page_sidebar_layout":"default_layout","om_disable_all_campaigns":false,"_monsterinsights_skip_tracking":false,"_monsterinsights_sitenote_active":false,"_monsterinsights_sitenote_note":"","_monsterinsights_sitenote_category":0,"footnotes":"","_wpscppro_dont_share_socialmedia":false,"_wpscppro_custom_social_share_image":0,"_facebook_share_type":"","_twitter_share_type":"","_linkedin_share_type":"","_pinterest_share_type":"","_linkedin_share_type_page":"","_instagram_share_type":"","_medium_share_type":"","_threads_share_type":"","_google_business_share_type":"","_selected_social_profile":[],"_wpsp_enable_custom_social_template":false,"_wpsp_social_scheduling":{"enabled":false,"datetime":null,"platforms":[],"status":"template_only","dateOption":"today","timeOption":"now","customDays":"","customHours":"","customDate":"","customTime":"","schedulingType":"absolute"},"_wpsp_active_default_template":true},"categories":[56,38],"tags":[],"class_list":["post-41955","post","type-post","status-publish","format-standard","has-post-thumbnail","hentry","category-contribution","category-debats"],"aioseo_notices":[],"yoast_head":"<!-- This site is optimized with the Yoast SEO plugin v27.5 - https:\/\/yoast.com\/product\/yoast-seo-wordpress\/ -->\n<title>R\u00e9chauffement climatique\u00a0: Les sept facteurs qui menacent la s\u00e9curit\u00e9 mondiale - La Sentinelle<\/title>\n<meta name=\"robots\" content=\"index, follow, max-snippet:-1, max-image-preview:large, max-video-preview:-1\" \/>\n<link rel=\"canonical\" href=\"https:\/\/lasentinelle.dz\/index.php\/2023\/05\/30\/rechauffement-climatique-les-sept-facteurs-qui-menacent-la-securite-mondiale\/\" \/>\n<meta property=\"og:locale\" content=\"fr_FR\" \/>\n<meta property=\"og:type\" content=\"article\" \/>\n<meta property=\"og:title\" content=\"R\u00e9chauffement climatique\u00a0: Les sept facteurs qui menacent la s\u00e9curit\u00e9 mondiale - La Sentinelle\" \/>\n<meta property=\"og:description\" content=\"Par Abderrahmane Mebtoul La lutte contre le r\u00e9chauffement climatique engage la s\u00e9curit\u00e9 du monde. Les rapports de l&rsquo;ONU pr\u00e9voient des\" \/>\n<meta property=\"og:url\" content=\"https:\/\/lasentinelle.dz\/index.php\/2023\/05\/30\/rechauffement-climatique-les-sept-facteurs-qui-menacent-la-securite-mondiale\/\" \/>\n<meta property=\"og:site_name\" content=\"La Sentinelle\" \/>\n<meta property=\"article:publisher\" content=\"https:\/\/www.facebook.com\/La-Sentinelle-104059864394773\" \/>\n<meta property=\"article:published_time\" content=\"2023-05-30T21:00:00+00:00\" \/>\n<meta property=\"og:image\" content=\"https:\/\/lasentinelle.dz\/wp-content\/uploads\/2022\/08\/Contribution-copie.png\" \/>\n\t<meta property=\"og:image:width\" content=\"225\" \/>\n\t<meta property=\"og:image:height\" content=\"172\" \/>\n\t<meta property=\"og:image:type\" content=\"image\/png\" \/>\n<meta name=\"author\" content=\"La Sentinelle\" \/>\n<meta name=\"twitter:card\" content=\"summary_large_image\" \/>\n<meta name=\"twitter:label1\" content=\"\u00c9crit par\" \/>\n\t<meta name=\"twitter:data1\" content=\"La Sentinelle\" \/>\n\t<meta name=\"twitter:label2\" content=\"Dur\u00e9e de lecture estim\u00e9e\" \/>\n\t<meta name=\"twitter:data2\" content=\"8 minutes\" \/>\n<script type=\"application\/ld+json\" class=\"yoast-schema-graph\">{\"@context\":\"https:\\\/\\\/schema.org\",\"@graph\":[{\"@type\":\"Article\",\"@id\":\"https:\\\/\\\/lasentinelle.dz\\\/index.php\\\/2023\\\/05\\\/30\\\/rechauffement-climatique-les-sept-facteurs-qui-menacent-la-securite-mondiale\\\/#article\",\"isPartOf\":{\"@id\":\"https:\\\/\\\/lasentinelle.dz\\\/index.php\\\/2023\\\/05\\\/30\\\/rechauffement-climatique-les-sept-facteurs-qui-menacent-la-securite-mondiale\\\/\"},\"author\":{\"name\":\"La Sentinelle\",\"@id\":\"https:\\\/\\\/lasentinelle.dz\\\/#\\\/schema\\\/person\\\/d865044e22e70a75174ce8bcad3acfb3\"},\"headline\":\"R\u00e9chauffement climatique\u00a0: Les sept facteurs qui menacent la s\u00e9curit\u00e9 mondiale\",\"datePublished\":\"2023-05-30T21:00:00+00:00\",\"mainEntityOfPage\":{\"@id\":\"https:\\\/\\\/lasentinelle.dz\\\/index.php\\\/2023\\\/05\\\/30\\\/rechauffement-climatique-les-sept-facteurs-qui-menacent-la-securite-mondiale\\\/\"},\"wordCount\":1506,\"commentCount\":0,\"publisher\":{\"@id\":\"https:\\\/\\\/lasentinelle.dz\\\/#organization\"},\"image\":{\"@id\":\"https:\\\/\\\/lasentinelle.dz\\\/index.php\\\/2023\\\/05\\\/30\\\/rechauffement-climatique-les-sept-facteurs-qui-menacent-la-securite-mondiale\\\/#primaryimage\"},\"thumbnailUrl\":\"https:\\\/\\\/lasentinelle.dz\\\/wp-content\\\/uploads\\\/2022\\\/08\\\/Contribution-copie.png\",\"articleSection\":[\"Contribution\",\"D\u00e9bats\"],\"inLanguage\":\"fr-FR\",\"potentialAction\":[{\"@type\":\"CommentAction\",\"name\":\"Comment\",\"target\":[\"https:\\\/\\\/lasentinelle.dz\\\/index.php\\\/2023\\\/05\\\/30\\\/rechauffement-climatique-les-sept-facteurs-qui-menacent-la-securite-mondiale\\\/#respond\"]}]},{\"@type\":\"WebPage\",\"@id\":\"https:\\\/\\\/lasentinelle.dz\\\/index.php\\\/2023\\\/05\\\/30\\\/rechauffement-climatique-les-sept-facteurs-qui-menacent-la-securite-mondiale\\\/\",\"url\":\"https:\\\/\\\/lasentinelle.dz\\\/index.php\\\/2023\\\/05\\\/30\\\/rechauffement-climatique-les-sept-facteurs-qui-menacent-la-securite-mondiale\\\/\",\"name\":\"R\u00e9chauffement climatique\u00a0: Les sept facteurs qui menacent la s\u00e9curit\u00e9 mondiale - La Sentinelle\",\"isPartOf\":{\"@id\":\"https:\\\/\\\/lasentinelle.dz\\\/#website\"},\"primaryImageOfPage\":{\"@id\":\"https:\\\/\\\/lasentinelle.dz\\\/index.php\\\/2023\\\/05\\\/30\\\/rechauffement-climatique-les-sept-facteurs-qui-menacent-la-securite-mondiale\\\/#primaryimage\"},\"image\":{\"@id\":\"https:\\\/\\\/lasentinelle.dz\\\/index.php\\\/2023\\\/05\\\/30\\\/rechauffement-climatique-les-sept-facteurs-qui-menacent-la-securite-mondiale\\\/#primaryimage\"},\"thumbnailUrl\":\"https:\\\/\\\/lasentinelle.dz\\\/wp-content\\\/uploads\\\/2022\\\/08\\\/Contribution-copie.png\",\"datePublished\":\"2023-05-30T21:00:00+00:00\",\"breadcrumb\":{\"@id\":\"https:\\\/\\\/lasentinelle.dz\\\/index.php\\\/2023\\\/05\\\/30\\\/rechauffement-climatique-les-sept-facteurs-qui-menacent-la-securite-mondiale\\\/#breadcrumb\"},\"inLanguage\":\"fr-FR\",\"potentialAction\":[{\"@type\":\"ReadAction\",\"target\":[\"https:\\\/\\\/lasentinelle.dz\\\/index.php\\\/2023\\\/05\\\/30\\\/rechauffement-climatique-les-sept-facteurs-qui-menacent-la-securite-mondiale\\\/\"]}]},{\"@type\":\"ImageObject\",\"inLanguage\":\"fr-FR\",\"@id\":\"https:\\\/\\\/lasentinelle.dz\\\/index.php\\\/2023\\\/05\\\/30\\\/rechauffement-climatique-les-sept-facteurs-qui-menacent-la-securite-mondiale\\\/#primaryimage\",\"url\":\"https:\\\/\\\/lasentinelle.dz\\\/wp-content\\\/uploads\\\/2022\\\/08\\\/Contribution-copie.png\",\"contentUrl\":\"https:\\\/\\\/lasentinelle.dz\\\/wp-content\\\/uploads\\\/2022\\\/08\\\/Contribution-copie.png\",\"width\":225,\"height\":172},{\"@type\":\"BreadcrumbList\",\"@id\":\"https:\\\/\\\/lasentinelle.dz\\\/index.php\\\/2023\\\/05\\\/30\\\/rechauffement-climatique-les-sept-facteurs-qui-menacent-la-securite-mondiale\\\/#breadcrumb\",\"itemListElement\":[{\"@type\":\"ListItem\",\"position\":1,\"name\":\"Accueil\",\"item\":\"https:\\\/\\\/lasentinelle.dz\\\/\"},{\"@type\":\"ListItem\",\"position\":2,\"name\":\"R\u00e9chauffement climatique\u00a0: Les sept facteurs qui menacent la s\u00e9curit\u00e9 mondiale\"}]},{\"@type\":\"WebSite\",\"@id\":\"https:\\\/\\\/lasentinelle.dz\\\/#website\",\"url\":\"https:\\\/\\\/lasentinelle.dz\\\/\",\"name\":\"La Sentinelle\",\"description\":\"Quotidien national d&#039;information\",\"publisher\":{\"@id\":\"https:\\\/\\\/lasentinelle.dz\\\/#organization\"},\"potentialAction\":[{\"@type\":\"SearchAction\",\"target\":{\"@type\":\"EntryPoint\",\"urlTemplate\":\"https:\\\/\\\/lasentinelle.dz\\\/?s={search_term_string}\"},\"query-input\":{\"@type\":\"PropertyValueSpecification\",\"valueRequired\":true,\"valueName\":\"search_term_string\"}}],\"inLanguage\":\"fr-FR\"},{\"@type\":\"Organization\",\"@id\":\"https:\\\/\\\/lasentinelle.dz\\\/#organization\",\"name\":\"Quotidien La Sentinelle\",\"url\":\"https:\\\/\\\/lasentinelle.dz\\\/\",\"logo\":{\"@type\":\"ImageObject\",\"inLanguage\":\"fr-FR\",\"@id\":\"https:\\\/\\\/lasentinelle.dz\\\/#\\\/schema\\\/logo\\\/image\\\/\",\"url\":\"https:\\\/\\\/lasentinelle.dz\\\/wp-content\\\/uploads\\\/2021\\\/09\\\/logo-sentinelleSLOGAN-1.png\",\"contentUrl\":\"https:\\\/\\\/lasentinelle.dz\\\/wp-content\\\/uploads\\\/2021\\\/09\\\/logo-sentinelleSLOGAN-1.png\",\"width\":615,\"height\":142,\"caption\":\"Quotidien La Sentinelle\"},\"image\":{\"@id\":\"https:\\\/\\\/lasentinelle.dz\\\/#\\\/schema\\\/logo\\\/image\\\/\"},\"sameAs\":[\"https:\\\/\\\/www.facebook.com\\\/La-Sentinelle-104059864394773\"]},{\"@type\":\"Person\",\"@id\":\"https:\\\/\\\/lasentinelle.dz\\\/#\\\/schema\\\/person\\\/d865044e22e70a75174ce8bcad3acfb3\",\"name\":\"La Sentinelle\",\"image\":{\"@type\":\"ImageObject\",\"inLanguage\":\"fr-FR\",\"@id\":\"https:\\\/\\\/secure.gravatar.com\\\/avatar\\\/57de8e5d4b15d43fb361a71fbb36338450fe67865b528a43dd10ef7c51a20392?s=96&d=mm&r=g\",\"url\":\"https:\\\/\\\/secure.gravatar.com\\\/avatar\\\/57de8e5d4b15d43fb361a71fbb36338450fe67865b528a43dd10ef7c51a20392?s=96&d=mm&r=g\",\"contentUrl\":\"https:\\\/\\\/secure.gravatar.com\\\/avatar\\\/57de8e5d4b15d43fb361a71fbb36338450fe67865b528a43dd10ef7c51a20392?s=96&d=mm&r=g\",\"caption\":\"La Sentinelle\"},\"sameAs\":[\"http:\\\/\\\/www.lasentinelle.dz\"],\"url\":\"https:\\\/\\\/lasentinelle.dz\\\/author\\\/redaction\\\/\"}]}<\/script>\n<!-- \/ Yoast SEO plugin. -->","yoast_head_json":{"title":"R\u00e9chauffement climatique\u00a0: Les sept facteurs qui menacent la s\u00e9curit\u00e9 mondiale - La Sentinelle","robots":{"index":"index","follow":"follow","max-snippet":"max-snippet:-1","max-image-preview":"max-image-preview:large","max-video-preview":"max-video-preview:-1"},"canonical":"https:\/\/lasentinelle.dz\/index.php\/2023\/05\/30\/rechauffement-climatique-les-sept-facteurs-qui-menacent-la-securite-mondiale\/","og_locale":"fr_FR","og_type":"article","og_title":"R\u00e9chauffement climatique\u00a0: Les sept facteurs qui menacent la s\u00e9curit\u00e9 mondiale - La Sentinelle","og_description":"Par Abderrahmane Mebtoul La lutte contre le r\u00e9chauffement climatique engage la s\u00e9curit\u00e9 du monde. Les rapports de l&rsquo;ONU pr\u00e9voient des","og_url":"https:\/\/lasentinelle.dz\/index.php\/2023\/05\/30\/rechauffement-climatique-les-sept-facteurs-qui-menacent-la-securite-mondiale\/","og_site_name":"La Sentinelle","article_publisher":"https:\/\/www.facebook.com\/La-Sentinelle-104059864394773","article_published_time":"2023-05-30T21:00:00+00:00","og_image":[{"width":225,"height":172,"url":"https:\/\/lasentinelle.dz\/wp-content\/uploads\/2022\/08\/Contribution-copie.png","type":"image\/png"}],"author":"La Sentinelle","twitter_card":"summary_large_image","twitter_misc":{"\u00c9crit par":"La Sentinelle","Dur\u00e9e de lecture estim\u00e9e":"8 minutes"},"schema":{"@context":"https:\/\/schema.org","@graph":[{"@type":"Article","@id":"https:\/\/lasentinelle.dz\/index.php\/2023\/05\/30\/rechauffement-climatique-les-sept-facteurs-qui-menacent-la-securite-mondiale\/#article","isPartOf":{"@id":"https:\/\/lasentinelle.dz\/index.php\/2023\/05\/30\/rechauffement-climatique-les-sept-facteurs-qui-menacent-la-securite-mondiale\/"},"author":{"name":"La Sentinelle","@id":"https:\/\/lasentinelle.dz\/#\/schema\/person\/d865044e22e70a75174ce8bcad3acfb3"},"headline":"R\u00e9chauffement climatique\u00a0: Les sept facteurs qui menacent la s\u00e9curit\u00e9 mondiale","datePublished":"2023-05-30T21:00:00+00:00","mainEntityOfPage":{"@id":"https:\/\/lasentinelle.dz\/index.php\/2023\/05\/30\/rechauffement-climatique-les-sept-facteurs-qui-menacent-la-securite-mondiale\/"},"wordCount":1506,"commentCount":0,"publisher":{"@id":"https:\/\/lasentinelle.dz\/#organization"},"image":{"@id":"https:\/\/lasentinelle.dz\/index.php\/2023\/05\/30\/rechauffement-climatique-les-sept-facteurs-qui-menacent-la-securite-mondiale\/#primaryimage"},"thumbnailUrl":"https:\/\/lasentinelle.dz\/wp-content\/uploads\/2022\/08\/Contribution-copie.png","articleSection":["Contribution","D\u00e9bats"],"inLanguage":"fr-FR","potentialAction":[{"@type":"CommentAction","name":"Comment","target":["https:\/\/lasentinelle.dz\/index.php\/2023\/05\/30\/rechauffement-climatique-les-sept-facteurs-qui-menacent-la-securite-mondiale\/#respond"]}]},{"@type":"WebPage","@id":"https:\/\/lasentinelle.dz\/index.php\/2023\/05\/30\/rechauffement-climatique-les-sept-facteurs-qui-menacent-la-securite-mondiale\/","url":"https:\/\/lasentinelle.dz\/index.php\/2023\/05\/30\/rechauffement-climatique-les-sept-facteurs-qui-menacent-la-securite-mondiale\/","name":"R\u00e9chauffement climatique\u00a0: Les sept facteurs qui menacent la s\u00e9curit\u00e9 mondiale - La Sentinelle","isPartOf":{"@id":"https:\/\/lasentinelle.dz\/#website"},"primaryImageOfPage":{"@id":"https:\/\/lasentinelle.dz\/index.php\/2023\/05\/30\/rechauffement-climatique-les-sept-facteurs-qui-menacent-la-securite-mondiale\/#primaryimage"},"image":{"@id":"https:\/\/lasentinelle.dz\/index.php\/2023\/05\/30\/rechauffement-climatique-les-sept-facteurs-qui-menacent-la-securite-mondiale\/#primaryimage"},"thumbnailUrl":"https:\/\/lasentinelle.dz\/wp-content\/uploads\/2022\/08\/Contribution-copie.png","datePublished":"2023-05-30T21:00:00+00:00","breadcrumb":{"@id":"https:\/\/lasentinelle.dz\/index.php\/2023\/05\/30\/rechauffement-climatique-les-sept-facteurs-qui-menacent-la-securite-mondiale\/#breadcrumb"},"inLanguage":"fr-FR","potentialAction":[{"@type":"ReadAction","target":["https:\/\/lasentinelle.dz\/index.php\/2023\/05\/30\/rechauffement-climatique-les-sept-facteurs-qui-menacent-la-securite-mondiale\/"]}]},{"@type":"ImageObject","inLanguage":"fr-FR","@id":"https:\/\/lasentinelle.dz\/index.php\/2023\/05\/30\/rechauffement-climatique-les-sept-facteurs-qui-menacent-la-securite-mondiale\/#primaryimage","url":"https:\/\/lasentinelle.dz\/wp-content\/uploads\/2022\/08\/Contribution-copie.png","contentUrl":"https:\/\/lasentinelle.dz\/wp-content\/uploads\/2022\/08\/Contribution-copie.png","width":225,"height":172},{"@type":"BreadcrumbList","@id":"https:\/\/lasentinelle.dz\/index.php\/2023\/05\/30\/rechauffement-climatique-les-sept-facteurs-qui-menacent-la-securite-mondiale\/#breadcrumb","itemListElement":[{"@type":"ListItem","position":1,"name":"Accueil","item":"https:\/\/lasentinelle.dz\/"},{"@type":"ListItem","position":2,"name":"R\u00e9chauffement climatique\u00a0: Les sept facteurs qui menacent la s\u00e9curit\u00e9 mondiale"}]},{"@type":"WebSite","@id":"https:\/\/lasentinelle.dz\/#website","url":"https:\/\/lasentinelle.dz\/","name":"La Sentinelle","description":"Quotidien national d&#039;information","publisher":{"@id":"https:\/\/lasentinelle.dz\/#organization"},"potentialAction":[{"@type":"SearchAction","target":{"@type":"EntryPoint","urlTemplate":"https:\/\/lasentinelle.dz\/?s={search_term_string}"},"query-input":{"@type":"PropertyValueSpecification","valueRequired":true,"valueName":"search_term_string"}}],"inLanguage":"fr-FR"},{"@type":"Organization","@id":"https:\/\/lasentinelle.dz\/#organization","name":"Quotidien La Sentinelle","url":"https:\/\/lasentinelle.dz\/","logo":{"@type":"ImageObject","inLanguage":"fr-FR","@id":"https:\/\/lasentinelle.dz\/#\/schema\/logo\/image\/","url":"https:\/\/lasentinelle.dz\/wp-content\/uploads\/2021\/09\/logo-sentinelleSLOGAN-1.png","contentUrl":"https:\/\/lasentinelle.dz\/wp-content\/uploads\/2021\/09\/logo-sentinelleSLOGAN-1.png","width":615,"height":142,"caption":"Quotidien La Sentinelle"},"image":{"@id":"https:\/\/lasentinelle.dz\/#\/schema\/logo\/image\/"},"sameAs":["https:\/\/www.facebook.com\/La-Sentinelle-104059864394773"]},{"@type":"Person","@id":"https:\/\/lasentinelle.dz\/#\/schema\/person\/d865044e22e70a75174ce8bcad3acfb3","name":"La Sentinelle","image":{"@type":"ImageObject","inLanguage":"fr-FR","@id":"https:\/\/secure.gravatar.com\/avatar\/57de8e5d4b15d43fb361a71fbb36338450fe67865b528a43dd10ef7c51a20392?s=96&d=mm&r=g","url":"https:\/\/secure.gravatar.com\/avatar\/57de8e5d4b15d43fb361a71fbb36338450fe67865b528a43dd10ef7c51a20392?s=96&d=mm&r=g","contentUrl":"https:\/\/secure.gravatar.com\/avatar\/57de8e5d4b15d43fb361a71fbb36338450fe67865b528a43dd10ef7c51a20392?s=96&d=mm&r=g","caption":"La Sentinelle"},"sameAs":["http:\/\/www.lasentinelle.dz"],"url":"https:\/\/lasentinelle.dz\/author\/redaction\/"}]}},"_links":{"self":[{"href":"https:\/\/lasentinelle.dz\/index.php\/wp-json\/wp\/v2\/posts\/41955","targetHints":{"allow":["GET"]}}],"collection":[{"href":"https:\/\/lasentinelle.dz\/index.php\/wp-json\/wp\/v2\/posts"}],"about":[{"href":"https:\/\/lasentinelle.dz\/index.php\/wp-json\/wp\/v2\/types\/post"}],"author":[{"embeddable":true,"href":"https:\/\/lasentinelle.dz\/index.php\/wp-json\/wp\/v2\/users\/3"}],"replies":[{"embeddable":true,"href":"https:\/\/lasentinelle.dz\/index.php\/wp-json\/wp\/v2\/comments?post=41955"}],"version-history":[{"count":1,"href":"https:\/\/lasentinelle.dz\/index.php\/wp-json\/wp\/v2\/posts\/41955\/revisions"}],"predecessor-version":[{"id":41957,"href":"https:\/\/lasentinelle.dz\/index.php\/wp-json\/wp\/v2\/posts\/41955\/revisions\/41957"}],"wp:featuredmedia":[{"embeddable":true,"href":"https:\/\/lasentinelle.dz\/index.php\/wp-json\/wp\/v2\/media\/25148"}],"wp:attachment":[{"href":"https:\/\/lasentinelle.dz\/index.php\/wp-json\/wp\/v2\/media?parent=41955"}],"wp:term":[{"taxonomy":"category","embeddable":true,"href":"https:\/\/lasentinelle.dz\/index.php\/wp-json\/wp\/v2\/categories?post=41955"},{"taxonomy":"post_tag","embeddable":true,"href":"https:\/\/lasentinelle.dz\/index.php\/wp-json\/wp\/v2\/tags?post=41955"}],"curies":[{"name":"wp","href":"https:\/\/api.w.org\/{rel}","templated":true}]}}