{"id":41986,"date":"2023-05-30T22:08:00","date_gmt":"2023-05-30T21:08:00","guid":{"rendered":"https:\/\/lasentinelle.dz\/?p=41986"},"modified":"2023-05-30T20:55:31","modified_gmt":"2023-05-30T19:55:31","slug":"relogement-des-sinistres-loperation-lancee","status":"publish","type":"post","link":"https:\/\/lasentinelle.dz\/index.php\/2023\/05\/30\/relogement-des-sinistres-loperation-lancee\/","title":{"rendered":"Relogement des sinistr\u00e9s\u00a0: L\u2019op\u00e9ration lanc\u00e9e"},"content":{"rendered":"\n<p>L\u2019op\u00e9ration de relogement des familles sinistr\u00e9s et qui ont perdus leurs habitations lors des intemp\u00e9ries qui ont affect\u00e9 plusieurs wilayas du pays le week-end dernier a \u00e9t\u00e9 effectivement lanc\u00e9e hier. \u00c0 Tipaza et \u00e0 Guelma, plusieurs familles ont pu prendre possession de nouveaux logements.<\/p>\n\n\n\n<p>Lundi, le ministre de l\u2019Int\u00e9rieur, des Collectivit\u00e9s locales et de l\u2019Am\u00e9nagement du territoire avait annonc\u00e9 \u00e0 partir de Tipaza le lancement des op\u00e9rations de relogement et d\u2019indemnisation des sinistr\u00e9s hier, assurant que les familles sinistr\u00e9es seront totalement prises en charge, l\u2019indemnisation couvrant ainsi l\u2019\u00e9quipement de leurs logements. C\u2019est maintenant chose faite. Ainsi, les citoyens dont les logements ont \u00e9t\u00e9 endommag\u00e9s par les r\u00e9centes intemp\u00e9ries qui ont frapp\u00e9 la wilaya de Tipasa ont exprim\u00e9 leur satisfaction \u00e0 travers les ondes de la cha\u00eene 1 de Radio Alg\u00e9rienne. Ces derni\u00e8res ont salu\u00e9 les mesures prises lors du dernier Conseil des ministres par le pr\u00e9sident de l R\u00e9publique Abdelmadjid Tebboune. Ces mesures concernent les 131 familles victimes des r\u00e9centes intemp\u00e9ries qui ont frapp\u00e9 la wilaya de Tipasa. Ces familles ont \u00e9t\u00e9 relog\u00e9es hier, \u00e0 Bouharoun, Fouka et Khemisti. De leur c\u00f4t\u00e9, les p\u00eacheurs, qui b\u00e9n\u00e9ficieront d&rsquo;indemnisations et d&rsquo;une allocation de 20 000 \u00e0 30 000 DA, ont \u00e9galement salu\u00e9 les d\u00e9cisions du Chef de l\u2019Etat. &nbsp;Par ailleurs, 11 familles dont les maisons ont \u00e9t\u00e9 endommag\u00e9es par les inondations provoqu\u00e9es par les pr\u00e9cipitations enregistr\u00e9es ces derniers jours dans la wilaya d\u2019Oum El Bouaghi ont \u00e9t\u00e9 relog\u00e9es, hier dans des appartements neufs de la cit\u00e9 100 logements du chef-lieu de wilaya. L\u2019op\u00e9ration a \u00e9t\u00e9 supervis\u00e9e par le wali, Samir Nefla qui a donn\u00e9 \u00e9galement le coup d\u2019envoi de l\u2019op\u00e9ration de d\u00e9molition des anciennes habitations sinistr\u00e9es \u00e0 la cit\u00e9 Youcef Khoudja de la ville d\u2019Oum El Bouaghi. Dans une d\u00e9claration \u00e0 la presse sur site, le chef de l\u2019ex\u00e9cutif local a affirm\u00e9 que cette initiative de relogement de ces familles s\u2019inscrit dans le cadre de la mise en \u0153uvre des instructions du pr\u00e9sident de la R\u00e9publique. Le m\u00eame responsable a fait \u00e9tat du recensement de 219 familles sinistr\u00e9es dans plusieurs communes dont Ksar Sbihi, Bir Chouhada, Ouled Zouai, Souk Naamane, F\u2019kirina et Dhala\u00e2, assurant que toutes ces communes ont b\u00e9n\u00e9fici\u00e9 de programmes exceptionnels pour la restauration des habitations touch\u00e9es en application des directives des autorit\u00e9s sup\u00e9rieures du pays relatives \u00e0 la prise en charge de ces familles. Le wali a indiqu\u00e9 que les routes nationales (RN), les chemins de wilaya (CW) et les chemins communaux (CC) endommag\u00e9s par les inondations seront entretenus et restaur\u00e9s de m\u00eame que les quartiers touch\u00e9s et ce au titre de programmes exceptionnels.<\/p>\n\n\n\n<p>L&rsquo;\u00c9tat alg\u00e9rien a allou\u00e9 plus de 1000 milliards de centimes pour la prise en charge des personnes touch\u00e9es, comme l&rsquo;a confirm\u00e9 le ministre de l&rsquo;Int\u00e9rieur, des Collectivit\u00e9s locales et de l&rsquo;Am\u00e9nagement du territoire, Ibrahim Merad, lors de sa visite dans les zones sinistr\u00e9es de la wilaya de Tipasa, en compagnie de la ministre de la Solidarit\u00e9 nationale, de la Famille et de la Condition de la femme, Khaoula Krikou. Le ministre a \u00e9galement soulign\u00e9 l&rsquo;engagement de l&rsquo;\u00c9tat \u00e0 indemniser tous les sinistr\u00e9s des r\u00e9centes intemp\u00e9ries, y compris en fournissant des \u00e9quipements et des meubles aux familles ayant subi des pertes dues aux infiltrations d&rsquo;eau.<\/p>\n\n\n\n<p><strong>Chokri Hafed<\/strong><\/p>\n","protected":false},"excerpt":{"rendered":"<p>L\u2019op\u00e9ration de relogement des familles sinistr\u00e9s et qui ont perdus leurs habitations lors des intemp\u00e9ries qui ont affect\u00e9 plusieurs wilayas<\/p>\n","protected":false},"author":3,"featured_media":41987,"comment_status":"open","ping_status":"closed","sticky":false,"template":"","format":"standard","meta":{"colormag_page_container_layout":"default_layout","colormag_page_sidebar_layout":"default_layout","om_disable_all_campaigns":false,"_monsterinsights_skip_tracking":false,"_monsterinsights_sitenote_active":false,"_monsterinsights_sitenote_note":"","_monsterinsights_sitenote_category":0,"footnotes":"","_wpscppro_dont_share_socialmedia":false,"_wpscppro_custom_social_share_image":0,"_facebook_share_type":"","_twitter_share_type":"","_linkedin_share_type":"","_pinterest_share_type":"","_linkedin_share_type_page":"","_instagram_share_type":"","_medium_share_type":"","_threads_share_type":"","_google_business_share_type":"","_selected_social_profile":[],"_wpsp_enable_custom_social_template":false,"_wpsp_social_scheduling":{"enabled":false,"datetime":null,"platforms":[],"status":"template_only","dateOption":"today","timeOption":"now","customDays":"","customHours":"","customDate":"","customTime":"","schedulingType":"absolute"},"_wpsp_active_default_template":true},"categories":[52,27],"tags":[],"class_list":["post-41986","post","type-post","status-publish","format-standard","has-post-thumbnail","hentry","category-a-la-une","category-actualite"],"aioseo_notices":[],"yoast_head":"<!-- This site is optimized with the Yoast SEO plugin v27.5 - https:\/\/yoast.com\/product\/yoast-seo-wordpress\/ -->\n<title>Relogement des sinistr\u00e9s\u00a0: L\u2019op\u00e9ration lanc\u00e9e - La Sentinelle<\/title>\n<meta name=\"robots\" content=\"index, follow, max-snippet:-1, max-image-preview:large, max-video-preview:-1\" \/>\n<link rel=\"canonical\" href=\"https:\/\/lasentinelle.dz\/index.php\/2023\/05\/30\/relogement-des-sinistres-loperation-lancee\/\" \/>\n<meta property=\"og:locale\" content=\"fr_FR\" \/>\n<meta property=\"og:type\" content=\"article\" \/>\n<meta property=\"og:title\" content=\"Relogement des sinistr\u00e9s\u00a0: L\u2019op\u00e9ration lanc\u00e9e - La Sentinelle\" \/>\n<meta property=\"og:description\" content=\"L\u2019op\u00e9ration de relogement des familles sinistr\u00e9s et qui ont perdus leurs habitations lors des intemp\u00e9ries qui ont affect\u00e9 plusieurs wilayas\" \/>\n<meta property=\"og:url\" content=\"https:\/\/lasentinelle.dz\/index.php\/2023\/05\/30\/relogement-des-sinistres-loperation-lancee\/\" \/>\n<meta property=\"og:site_name\" content=\"La Sentinelle\" \/>\n<meta property=\"article:publisher\" content=\"https:\/\/www.facebook.com\/La-Sentinelle-104059864394773\" \/>\n<meta property=\"article:published_time\" content=\"2023-05-30T21:08:00+00:00\" \/>\n<meta property=\"og:image\" content=\"https:\/\/lasentinelle.dz\/wp-content\/uploads\/2023\/05\/relogement.png\" \/>\n\t<meta property=\"og:image:width\" content=\"1350\" \/>\n\t<meta property=\"og:image:height\" content=\"900\" \/>\n\t<meta property=\"og:image:type\" content=\"image\/png\" \/>\n<meta name=\"author\" content=\"La Sentinelle\" \/>\n<meta name=\"twitter:card\" content=\"summary_large_image\" \/>\n<meta name=\"twitter:label1\" content=\"\u00c9crit par\" \/>\n\t<meta name=\"twitter:data1\" content=\"La Sentinelle\" \/>\n\t<meta name=\"twitter:label2\" content=\"Dur\u00e9e de lecture estim\u00e9e\" \/>\n\t<meta name=\"twitter:data2\" content=\"3 minutes\" \/>\n<script type=\"application\/ld+json\" class=\"yoast-schema-graph\">{\"@context\":\"https:\\\/\\\/schema.org\",\"@graph\":[{\"@type\":\"Article\",\"@id\":\"https:\\\/\\\/lasentinelle.dz\\\/index.php\\\/2023\\\/05\\\/30\\\/relogement-des-sinistres-loperation-lancee\\\/#article\",\"isPartOf\":{\"@id\":\"https:\\\/\\\/lasentinelle.dz\\\/index.php\\\/2023\\\/05\\\/30\\\/relogement-des-sinistres-loperation-lancee\\\/\"},\"author\":{\"name\":\"La Sentinelle\",\"@id\":\"https:\\\/\\\/lasentinelle.dz\\\/#\\\/schema\\\/person\\\/d865044e22e70a75174ce8bcad3acfb3\"},\"headline\":\"Relogement des sinistr\u00e9s\u00a0: L\u2019op\u00e9ration lanc\u00e9e\",\"datePublished\":\"2023-05-30T21:08:00+00:00\",\"mainEntityOfPage\":{\"@id\":\"https:\\\/\\\/lasentinelle.dz\\\/index.php\\\/2023\\\/05\\\/30\\\/relogement-des-sinistres-loperation-lancee\\\/\"},\"wordCount\":606,\"commentCount\":0,\"publisher\":{\"@id\":\"https:\\\/\\\/lasentinelle.dz\\\/#organization\"},\"image\":{\"@id\":\"https:\\\/\\\/lasentinelle.dz\\\/index.php\\\/2023\\\/05\\\/30\\\/relogement-des-sinistres-loperation-lancee\\\/#primaryimage\"},\"thumbnailUrl\":\"https:\\\/\\\/lasentinelle.dz\\\/wp-content\\\/uploads\\\/2023\\\/05\\\/relogement.png\",\"articleSection\":[\"\u00c0 la Une\",\"Actualit\u00e9\"],\"inLanguage\":\"fr-FR\",\"potentialAction\":[{\"@type\":\"CommentAction\",\"name\":\"Comment\",\"target\":[\"https:\\\/\\\/lasentinelle.dz\\\/index.php\\\/2023\\\/05\\\/30\\\/relogement-des-sinistres-loperation-lancee\\\/#respond\"]}]},{\"@type\":\"WebPage\",\"@id\":\"https:\\\/\\\/lasentinelle.dz\\\/index.php\\\/2023\\\/05\\\/30\\\/relogement-des-sinistres-loperation-lancee\\\/\",\"url\":\"https:\\\/\\\/lasentinelle.dz\\\/index.php\\\/2023\\\/05\\\/30\\\/relogement-des-sinistres-loperation-lancee\\\/\",\"name\":\"Relogement des sinistr\u00e9s\u00a0: L\u2019op\u00e9ration lanc\u00e9e - La Sentinelle\",\"isPartOf\":{\"@id\":\"https:\\\/\\\/lasentinelle.dz\\\/#website\"},\"primaryImageOfPage\":{\"@id\":\"https:\\\/\\\/lasentinelle.dz\\\/index.php\\\/2023\\\/05\\\/30\\\/relogement-des-sinistres-loperation-lancee\\\/#primaryimage\"},\"image\":{\"@id\":\"https:\\\/\\\/lasentinelle.dz\\\/index.php\\\/2023\\\/05\\\/30\\\/relogement-des-sinistres-loperation-lancee\\\/#primaryimage\"},\"thumbnailUrl\":\"https:\\\/\\\/lasentinelle.dz\\\/wp-content\\\/uploads\\\/2023\\\/05\\\/relogement.png\",\"datePublished\":\"2023-05-30T21:08:00+00:00\",\"breadcrumb\":{\"@id\":\"https:\\\/\\\/lasentinelle.dz\\\/index.php\\\/2023\\\/05\\\/30\\\/relogement-des-sinistres-loperation-lancee\\\/#breadcrumb\"},\"inLanguage\":\"fr-FR\",\"potentialAction\":[{\"@type\":\"ReadAction\",\"target\":[\"https:\\\/\\\/lasentinelle.dz\\\/index.php\\\/2023\\\/05\\\/30\\\/relogement-des-sinistres-loperation-lancee\\\/\"]}]},{\"@type\":\"ImageObject\",\"inLanguage\":\"fr-FR\",\"@id\":\"https:\\\/\\\/lasentinelle.dz\\\/index.php\\\/2023\\\/05\\\/30\\\/relogement-des-sinistres-loperation-lancee\\\/#primaryimage\",\"url\":\"https:\\\/\\\/lasentinelle.dz\\\/wp-content\\\/uploads\\\/2023\\\/05\\\/relogement.png\",\"contentUrl\":\"https:\\\/\\\/lasentinelle.dz\\\/wp-content\\\/uploads\\\/2023\\\/05\\\/relogement.png\",\"width\":1350,\"height\":900},{\"@type\":\"BreadcrumbList\",\"@id\":\"https:\\\/\\\/lasentinelle.dz\\\/index.php\\\/2023\\\/05\\\/30\\\/relogement-des-sinistres-loperation-lancee\\\/#breadcrumb\",\"itemListElement\":[{\"@type\":\"ListItem\",\"position\":1,\"name\":\"Accueil\",\"item\":\"https:\\\/\\\/lasentinelle.dz\\\/\"},{\"@type\":\"ListItem\",\"position\":2,\"name\":\"Relogement des sinistr\u00e9s\u00a0: L\u2019op\u00e9ration lanc\u00e9e\"}]},{\"@type\":\"WebSite\",\"@id\":\"https:\\\/\\\/lasentinelle.dz\\\/#website\",\"url\":\"https:\\\/\\\/lasentinelle.dz\\\/\",\"name\":\"La Sentinelle\",\"description\":\"Quotidien national d&#039;information\",\"publisher\":{\"@id\":\"https:\\\/\\\/lasentinelle.dz\\\/#organization\"},\"potentialAction\":[{\"@type\":\"SearchAction\",\"target\":{\"@type\":\"EntryPoint\",\"urlTemplate\":\"https:\\\/\\\/lasentinelle.dz\\\/?s={search_term_string}\"},\"query-input\":{\"@type\":\"PropertyValueSpecification\",\"valueRequired\":true,\"valueName\":\"search_term_string\"}}],\"inLanguage\":\"fr-FR\"},{\"@type\":\"Organization\",\"@id\":\"https:\\\/\\\/lasentinelle.dz\\\/#organization\",\"name\":\"Quotidien La Sentinelle\",\"url\":\"https:\\\/\\\/lasentinelle.dz\\\/\",\"logo\":{\"@type\":\"ImageObject\",\"inLanguage\":\"fr-FR\",\"@id\":\"https:\\\/\\\/lasentinelle.dz\\\/#\\\/schema\\\/logo\\\/image\\\/\",\"url\":\"https:\\\/\\\/lasentinelle.dz\\\/wp-content\\\/uploads\\\/2021\\\/09\\\/logo-sentinelleSLOGAN-1.png\",\"contentUrl\":\"https:\\\/\\\/lasentinelle.dz\\\/wp-content\\\/uploads\\\/2021\\\/09\\\/logo-sentinelleSLOGAN-1.png\",\"width\":615,\"height\":142,\"caption\":\"Quotidien La Sentinelle\"},\"image\":{\"@id\":\"https:\\\/\\\/lasentinelle.dz\\\/#\\\/schema\\\/logo\\\/image\\\/\"},\"sameAs\":[\"https:\\\/\\\/www.facebook.com\\\/La-Sentinelle-104059864394773\"]},{\"@type\":\"Person\",\"@id\":\"https:\\\/\\\/lasentinelle.dz\\\/#\\\/schema\\\/person\\\/d865044e22e70a75174ce8bcad3acfb3\",\"name\":\"La Sentinelle\",\"image\":{\"@type\":\"ImageObject\",\"inLanguage\":\"fr-FR\",\"@id\":\"https:\\\/\\\/secure.gravatar.com\\\/avatar\\\/57de8e5d4b15d43fb361a71fbb36338450fe67865b528a43dd10ef7c51a20392?s=96&d=mm&r=g\",\"url\":\"https:\\\/\\\/secure.gravatar.com\\\/avatar\\\/57de8e5d4b15d43fb361a71fbb36338450fe67865b528a43dd10ef7c51a20392?s=96&d=mm&r=g\",\"contentUrl\":\"https:\\\/\\\/secure.gravatar.com\\\/avatar\\\/57de8e5d4b15d43fb361a71fbb36338450fe67865b528a43dd10ef7c51a20392?s=96&d=mm&r=g\",\"caption\":\"La Sentinelle\"},\"sameAs\":[\"http:\\\/\\\/www.lasentinelle.dz\"],\"url\":\"https:\\\/\\\/lasentinelle.dz\\\/author\\\/redaction\\\/\"}]}<\/script>\n<!-- \/ Yoast SEO plugin. -->","yoast_head_json":{"title":"Relogement des sinistr\u00e9s\u00a0: L\u2019op\u00e9ration lanc\u00e9e - La Sentinelle","robots":{"index":"index","follow":"follow","max-snippet":"max-snippet:-1","max-image-preview":"max-image-preview:large","max-video-preview":"max-video-preview:-1"},"canonical":"https:\/\/lasentinelle.dz\/index.php\/2023\/05\/30\/relogement-des-sinistres-loperation-lancee\/","og_locale":"fr_FR","og_type":"article","og_title":"Relogement des sinistr\u00e9s\u00a0: L\u2019op\u00e9ration lanc\u00e9e - La Sentinelle","og_description":"L\u2019op\u00e9ration de relogement des familles sinistr\u00e9s et qui ont perdus leurs habitations lors des intemp\u00e9ries qui ont affect\u00e9 plusieurs wilayas","og_url":"https:\/\/lasentinelle.dz\/index.php\/2023\/05\/30\/relogement-des-sinistres-loperation-lancee\/","og_site_name":"La Sentinelle","article_publisher":"https:\/\/www.facebook.com\/La-Sentinelle-104059864394773","article_published_time":"2023-05-30T21:08:00+00:00","og_image":[{"width":1350,"height":900,"url":"https:\/\/lasentinelle.dz\/wp-content\/uploads\/2023\/05\/relogement.png","type":"image\/png"}],"author":"La Sentinelle","twitter_card":"summary_large_image","twitter_misc":{"\u00c9crit par":"La Sentinelle","Dur\u00e9e de lecture estim\u00e9e":"3 minutes"},"schema":{"@context":"https:\/\/schema.org","@graph":[{"@type":"Article","@id":"https:\/\/lasentinelle.dz\/index.php\/2023\/05\/30\/relogement-des-sinistres-loperation-lancee\/#article","isPartOf":{"@id":"https:\/\/lasentinelle.dz\/index.php\/2023\/05\/30\/relogement-des-sinistres-loperation-lancee\/"},"author":{"name":"La Sentinelle","@id":"https:\/\/lasentinelle.dz\/#\/schema\/person\/d865044e22e70a75174ce8bcad3acfb3"},"headline":"Relogement des sinistr\u00e9s\u00a0: L\u2019op\u00e9ration lanc\u00e9e","datePublished":"2023-05-30T21:08:00+00:00","mainEntityOfPage":{"@id":"https:\/\/lasentinelle.dz\/index.php\/2023\/05\/30\/relogement-des-sinistres-loperation-lancee\/"},"wordCount":606,"commentCount":0,"publisher":{"@id":"https:\/\/lasentinelle.dz\/#organization"},"image":{"@id":"https:\/\/lasentinelle.dz\/index.php\/2023\/05\/30\/relogement-des-sinistres-loperation-lancee\/#primaryimage"},"thumbnailUrl":"https:\/\/lasentinelle.dz\/wp-content\/uploads\/2023\/05\/relogement.png","articleSection":["\u00c0 la Une","Actualit\u00e9"],"inLanguage":"fr-FR","potentialAction":[{"@type":"CommentAction","name":"Comment","target":["https:\/\/lasentinelle.dz\/index.php\/2023\/05\/30\/relogement-des-sinistres-loperation-lancee\/#respond"]}]},{"@type":"WebPage","@id":"https:\/\/lasentinelle.dz\/index.php\/2023\/05\/30\/relogement-des-sinistres-loperation-lancee\/","url":"https:\/\/lasentinelle.dz\/index.php\/2023\/05\/30\/relogement-des-sinistres-loperation-lancee\/","name":"Relogement des sinistr\u00e9s\u00a0: L\u2019op\u00e9ration lanc\u00e9e - La Sentinelle","isPartOf":{"@id":"https:\/\/lasentinelle.dz\/#website"},"primaryImageOfPage":{"@id":"https:\/\/lasentinelle.dz\/index.php\/2023\/05\/30\/relogement-des-sinistres-loperation-lancee\/#primaryimage"},"image":{"@id":"https:\/\/lasentinelle.dz\/index.php\/2023\/05\/30\/relogement-des-sinistres-loperation-lancee\/#primaryimage"},"thumbnailUrl":"https:\/\/lasentinelle.dz\/wp-content\/uploads\/2023\/05\/relogement.png","datePublished":"2023-05-30T21:08:00+00:00","breadcrumb":{"@id":"https:\/\/lasentinelle.dz\/index.php\/2023\/05\/30\/relogement-des-sinistres-loperation-lancee\/#breadcrumb"},"inLanguage":"fr-FR","potentialAction":[{"@type":"ReadAction","target":["https:\/\/lasentinelle.dz\/index.php\/2023\/05\/30\/relogement-des-sinistres-loperation-lancee\/"]}]},{"@type":"ImageObject","inLanguage":"fr-FR","@id":"https:\/\/lasentinelle.dz\/index.php\/2023\/05\/30\/relogement-des-sinistres-loperation-lancee\/#primaryimage","url":"https:\/\/lasentinelle.dz\/wp-content\/uploads\/2023\/05\/relogement.png","contentUrl":"https:\/\/lasentinelle.dz\/wp-content\/uploads\/2023\/05\/relogement.png","width":1350,"height":900},{"@type":"BreadcrumbList","@id":"https:\/\/lasentinelle.dz\/index.php\/2023\/05\/30\/relogement-des-sinistres-loperation-lancee\/#breadcrumb","itemListElement":[{"@type":"ListItem","position":1,"name":"Accueil","item":"https:\/\/lasentinelle.dz\/"},{"@type":"ListItem","position":2,"name":"Relogement des sinistr\u00e9s\u00a0: L\u2019op\u00e9ration lanc\u00e9e"}]},{"@type":"WebSite","@id":"https:\/\/lasentinelle.dz\/#website","url":"https:\/\/lasentinelle.dz\/","name":"La Sentinelle","description":"Quotidien national d&#039;information","publisher":{"@id":"https:\/\/lasentinelle.dz\/#organization"},"potentialAction":[{"@type":"SearchAction","target":{"@type":"EntryPoint","urlTemplate":"https:\/\/lasentinelle.dz\/?s={search_term_string}"},"query-input":{"@type":"PropertyValueSpecification","valueRequired":true,"valueName":"search_term_string"}}],"inLanguage":"fr-FR"},{"@type":"Organization","@id":"https:\/\/lasentinelle.dz\/#organization","name":"Quotidien La Sentinelle","url":"https:\/\/lasentinelle.dz\/","logo":{"@type":"ImageObject","inLanguage":"fr-FR","@id":"https:\/\/lasentinelle.dz\/#\/schema\/logo\/image\/","url":"https:\/\/lasentinelle.dz\/wp-content\/uploads\/2021\/09\/logo-sentinelleSLOGAN-1.png","contentUrl":"https:\/\/lasentinelle.dz\/wp-content\/uploads\/2021\/09\/logo-sentinelleSLOGAN-1.png","width":615,"height":142,"caption":"Quotidien La Sentinelle"},"image":{"@id":"https:\/\/lasentinelle.dz\/#\/schema\/logo\/image\/"},"sameAs":["https:\/\/www.facebook.com\/La-Sentinelle-104059864394773"]},{"@type":"Person","@id":"https:\/\/lasentinelle.dz\/#\/schema\/person\/d865044e22e70a75174ce8bcad3acfb3","name":"La Sentinelle","image":{"@type":"ImageObject","inLanguage":"fr-FR","@id":"https:\/\/secure.gravatar.com\/avatar\/57de8e5d4b15d43fb361a71fbb36338450fe67865b528a43dd10ef7c51a20392?s=96&d=mm&r=g","url":"https:\/\/secure.gravatar.com\/avatar\/57de8e5d4b15d43fb361a71fbb36338450fe67865b528a43dd10ef7c51a20392?s=96&d=mm&r=g","contentUrl":"https:\/\/secure.gravatar.com\/avatar\/57de8e5d4b15d43fb361a71fbb36338450fe67865b528a43dd10ef7c51a20392?s=96&d=mm&r=g","caption":"La Sentinelle"},"sameAs":["http:\/\/www.lasentinelle.dz"],"url":"https:\/\/lasentinelle.dz\/author\/redaction\/"}]}},"_links":{"self":[{"href":"https:\/\/lasentinelle.dz\/index.php\/wp-json\/wp\/v2\/posts\/41986","targetHints":{"allow":["GET"]}}],"collection":[{"href":"https:\/\/lasentinelle.dz\/index.php\/wp-json\/wp\/v2\/posts"}],"about":[{"href":"https:\/\/lasentinelle.dz\/index.php\/wp-json\/wp\/v2\/types\/post"}],"author":[{"embeddable":true,"href":"https:\/\/lasentinelle.dz\/index.php\/wp-json\/wp\/v2\/users\/3"}],"replies":[{"embeddable":true,"href":"https:\/\/lasentinelle.dz\/index.php\/wp-json\/wp\/v2\/comments?post=41986"}],"version-history":[{"count":2,"href":"https:\/\/lasentinelle.dz\/index.php\/wp-json\/wp\/v2\/posts\/41986\/revisions"}],"predecessor-version":[{"id":42022,"href":"https:\/\/lasentinelle.dz\/index.php\/wp-json\/wp\/v2\/posts\/41986\/revisions\/42022"}],"wp:featuredmedia":[{"embeddable":true,"href":"https:\/\/lasentinelle.dz\/index.php\/wp-json\/wp\/v2\/media\/41987"}],"wp:attachment":[{"href":"https:\/\/lasentinelle.dz\/index.php\/wp-json\/wp\/v2\/media?parent=41986"}],"wp:term":[{"taxonomy":"category","embeddable":true,"href":"https:\/\/lasentinelle.dz\/index.php\/wp-json\/wp\/v2\/categories?post=41986"},{"taxonomy":"post_tag","embeddable":true,"href":"https:\/\/lasentinelle.dz\/index.php\/wp-json\/wp\/v2\/tags?post=41986"}],"curies":[{"name":"wp","href":"https:\/\/api.w.org\/{rel}","templated":true}]}}