{"id":42007,"date":"2023-05-30T22:05:00","date_gmt":"2023-05-30T21:05:00","guid":{"rendered":"https:\/\/lasentinelle.dz\/?p=42007"},"modified":"2023-05-30T20:54:34","modified_gmt":"2023-05-30T19:54:34","slug":"destruction-des-mines-anti-personnel-lalgerie-propose-son-aide-et-son-expertise","status":"publish","type":"post","link":"https:\/\/lasentinelle.dz\/index.php\/2023\/05\/30\/destruction-des-mines-anti-personnel-lalgerie-propose-son-aide-et-son-expertise\/","title":{"rendered":"Destruction des mines anti personnel\u00a0: L\u2019Alg\u00e9rie propose son aide et son expertise"},"content":{"rendered":"\n<p>L\u2019Alg\u00e9rie qui \u00ab a soutenu la Convention sur l&rsquo;interdiction des mines antipersonnel apr\u00e8s son adoption et sa ratification \u00bb est pr\u00eate \u00e0 contribuer de mani\u00e8re \u00ab efficace et coordonn\u00e9e \u00bb \u00e0 la destruction des mines anti personnel diss\u00e9min\u00e9es dans le monde afin de mettre fin aux cons\u00e9quences humanitaires et \u00e9conomique qui en d\u00e9coulent. Le ministre des Moudjahidine et des Ayants-droit, La\u00efd Rebiga, a soulign\u00e9 hier dans son intervention \u00e0 l&rsquo;ouverture du Colloque international abrit\u00e9 par le Centre international de conf\u00e9rences (CIC) plac\u00e9 sous le th\u00e8me \u00ab Pour une Afrique sereine, l&rsquo;Alg\u00e9rie, une exp\u00e9rience pionni\u00e8re dans la lutte contre les mines antipersonnel \u00bb, \u00ab la disponibilit\u00e9 \u00bb de notre pays \u00ab \u00e0 apporter son aide \u00e0 la communaut\u00e9 internationale&nbsp;\u00bb. Le ministre assurera, en pr\u00e9sence des repr\u00e9sentants des pays africains membres signataires de la Convention d&rsquo;Ottawa sur l&rsquo;interdiction des mines antipersonnel en sus d&rsquo;experts et de sp\u00e9cialistes alg\u00e9riens, africains et europ\u00e9ens, de la volont\u00e9 de l\u2019Alg\u00e9rie \u00ab \u00e0 mettre \u00e0 profit son exp\u00e9rience pionni\u00e8re pour contribuer de mani\u00e8re efficace et coordonn\u00e9e \u00e0 la destruction des mines antipersonnel diss\u00e9min\u00e9es dans le monde et r\u00e9duire les cons\u00e9quences humanitaires et \u00e9conomiques qui en d\u00e9coulent \u00bb. Rebiga rappellera les efforts de l&rsquo;Alg\u00e9rie pour l&rsquo;assainissement des zones min\u00e9es ainsi que son soutien \u00e0 la Convention sur l&rsquo;interdiction des mines antipersonnel apr\u00e8s son adoption et sa ratification. L\u2019Alg\u00e9rie a, cet effet, \u00ab entam\u00e9 d\u00e8s 1963 l&rsquo;assainissement des zones min\u00e9es tout en assurant la prise en charge sanitaire, sociale, et psychologique des victimes gr\u00e2ce \u00e0 l&rsquo;engagement de l&rsquo;Etat et \u00e0 la mobilisation de ressources nationales importantes, ce qui a grandement contribu\u00e9 au renforcement de la Convention pour atteindre les objectifs fix\u00e9s par les Etats parties, il y a 20 ans \u00bb. Le ministre des Moudjahidine a saisi cette occasion pour saluer le r\u00f4le pionnier de l&rsquo;Arm\u00e9e nationale populaire (ANP) dans l&rsquo;assainissement des zones frontali\u00e8res min\u00e9es et l&rsquo;\u00e9limination des r\u00e9sidus d&rsquo;explosifs, permettant ainsi aux citoyens de profiter&nbsp; de leurs terres pour concr\u00e9tiser \u00ab des projets de d\u00e9veloppement au service de l&rsquo;int\u00e9r\u00eat g\u00e9n\u00e9ral de la patrie et pour en faire une source de prosp\u00e9rit\u00e9 et de bien-\u00eatre apr\u00e8s avoir \u00e9t\u00e9 des zones interdites et un danger de mort \u00bb. \u00ab Cela montre, a-t-il dit, que l&rsquo;Alg\u00e9rie a mis en \u0153uvre son plan national de d\u00e9minage conform\u00e9ment aux dispositions de la convention d&rsquo;Ottawa \u00bb. Et d&rsquo;ajouter que l&rsquo;Alg\u00e9rie \u00ab insiste sur le r\u00f4le de la sensibilisation de l&rsquo;opinion publique internationale dans la promotion des valeurs humanitaires \u00bb pour aboutir \u00e0 une interdiction totale des mines antipersonnel. Notre pays \u00ab soutient les efforts de la communaut\u00e9 internationale pour un monde s\u00fbr, exempt de mines, tout en poursuivant ses efforts pour contribuer de mani\u00e8re efficace et coordonn\u00e9e \u00e0 l&rsquo;\u00e9limination et \u00e0 la destruction des mines antipersonnel diss\u00e9min\u00e9es dans le monde \u00bb. Cette rencontre \u00e0 laquelle ont assist\u00e9 des ministres et des repr\u00e9sentants de divers secteurs, abordera plusieurs axes li\u00e9s \u00e0 la p\u00e9riode coloniale et aux champs de mines outre les exp\u00e9riences africaines en mati\u00e8re de lutte contre les mines antipersonnel et les perspectives de l&rsquo;action africaine commune.<\/p>\n\n\n\n<p><strong>Chokri Hafed<\/strong><\/p>\n","protected":false},"excerpt":{"rendered":"<p>L\u2019Alg\u00e9rie qui \u00ab a soutenu la Convention sur l&rsquo;interdiction des mines antipersonnel apr\u00e8s son adoption et sa ratification \u00bb est<\/p>\n","protected":false},"author":3,"featured_media":42013,"comment_status":"open","ping_status":"closed","sticky":false,"template":"","format":"standard","meta":{"colormag_page_container_layout":"default_layout","colormag_page_sidebar_layout":"default_layout","om_disable_all_campaigns":false,"_monsterinsights_skip_tracking":false,"_monsterinsights_sitenote_active":false,"_monsterinsights_sitenote_note":"","_monsterinsights_sitenote_category":0,"footnotes":"","_wpscppro_dont_share_socialmedia":false,"_wpscppro_custom_social_share_image":0,"_facebook_share_type":"","_twitter_share_type":"","_linkedin_share_type":"","_pinterest_share_type":"","_linkedin_share_type_page":"","_instagram_share_type":"","_medium_share_type":"","_threads_share_type":"","_google_business_share_type":"","_selected_social_profile":[],"_wpsp_enable_custom_social_template":false,"_wpsp_social_scheduling":{"enabled":false,"datetime":null,"platforms":[],"status":"template_only","dateOption":"today","timeOption":"now","customDays":"","customHours":"","customDate":"","customTime":"","schedulingType":"absolute"},"_wpsp_active_default_template":true},"categories":[27],"tags":[],"class_list":["post-42007","post","type-post","status-publish","format-standard","has-post-thumbnail","hentry","category-actualite"],"aioseo_notices":[],"yoast_head":"<!-- This site is optimized with the Yoast SEO plugin v27.5 - https:\/\/yoast.com\/product\/yoast-seo-wordpress\/ -->\n<title>Destruction des mines anti personnel\u00a0: L\u2019Alg\u00e9rie propose son aide et son expertise - La Sentinelle<\/title>\n<meta name=\"robots\" content=\"index, follow, max-snippet:-1, max-image-preview:large, max-video-preview:-1\" \/>\n<link rel=\"canonical\" href=\"https:\/\/lasentinelle.dz\/index.php\/2023\/05\/30\/destruction-des-mines-anti-personnel-lalgerie-propose-son-aide-et-son-expertise\/\" \/>\n<meta property=\"og:locale\" content=\"fr_FR\" \/>\n<meta property=\"og:type\" content=\"article\" \/>\n<meta property=\"og:title\" content=\"Destruction des mines anti personnel\u00a0: L\u2019Alg\u00e9rie propose son aide et son expertise - La Sentinelle\" \/>\n<meta property=\"og:description\" content=\"L\u2019Alg\u00e9rie qui \u00ab a soutenu la Convention sur l&rsquo;interdiction des mines antipersonnel apr\u00e8s son adoption et sa ratification \u00bb est\" \/>\n<meta property=\"og:url\" content=\"https:\/\/lasentinelle.dz\/index.php\/2023\/05\/30\/destruction-des-mines-anti-personnel-lalgerie-propose-son-aide-et-son-expertise\/\" \/>\n<meta property=\"og:site_name\" content=\"La Sentinelle\" \/>\n<meta property=\"article:publisher\" content=\"https:\/\/www.facebook.com\/La-Sentinelle-104059864394773\" \/>\n<meta property=\"article:published_time\" content=\"2023-05-30T21:05:00+00:00\" \/>\n<meta property=\"og:image\" content=\"https:\/\/lasentinelle.dz\/wp-content\/uploads\/2023\/05\/image_2023-05-30_205402749.png\" \/>\n\t<meta property=\"og:image:width\" content=\"640\" \/>\n\t<meta property=\"og:image:height\" content=\"360\" \/>\n\t<meta property=\"og:image:type\" content=\"image\/png\" \/>\n<meta name=\"author\" content=\"La Sentinelle\" \/>\n<meta name=\"twitter:card\" content=\"summary_large_image\" \/>\n<meta name=\"twitter:label1\" content=\"\u00c9crit par\" \/>\n\t<meta name=\"twitter:data1\" content=\"La Sentinelle\" \/>\n\t<meta name=\"twitter:label2\" content=\"Dur\u00e9e de lecture estim\u00e9e\" \/>\n\t<meta name=\"twitter:data2\" content=\"3 minutes\" \/>\n<script type=\"application\/ld+json\" class=\"yoast-schema-graph\">{\"@context\":\"https:\\\/\\\/schema.org\",\"@graph\":[{\"@type\":\"Article\",\"@id\":\"https:\\\/\\\/lasentinelle.dz\\\/index.php\\\/2023\\\/05\\\/30\\\/destruction-des-mines-anti-personnel-lalgerie-propose-son-aide-et-son-expertise\\\/#article\",\"isPartOf\":{\"@id\":\"https:\\\/\\\/lasentinelle.dz\\\/index.php\\\/2023\\\/05\\\/30\\\/destruction-des-mines-anti-personnel-lalgerie-propose-son-aide-et-son-expertise\\\/\"},\"author\":{\"name\":\"La Sentinelle\",\"@id\":\"https:\\\/\\\/lasentinelle.dz\\\/#\\\/schema\\\/person\\\/d865044e22e70a75174ce8bcad3acfb3\"},\"headline\":\"Destruction des mines anti personnel\u00a0: L\u2019Alg\u00e9rie propose son aide et son expertise\",\"datePublished\":\"2023-05-30T21:05:00+00:00\",\"mainEntityOfPage\":{\"@id\":\"https:\\\/\\\/lasentinelle.dz\\\/index.php\\\/2023\\\/05\\\/30\\\/destruction-des-mines-anti-personnel-lalgerie-propose-son-aide-et-son-expertise\\\/\"},\"wordCount\":576,\"commentCount\":0,\"publisher\":{\"@id\":\"https:\\\/\\\/lasentinelle.dz\\\/#organization\"},\"image\":{\"@id\":\"https:\\\/\\\/lasentinelle.dz\\\/index.php\\\/2023\\\/05\\\/30\\\/destruction-des-mines-anti-personnel-lalgerie-propose-son-aide-et-son-expertise\\\/#primaryimage\"},\"thumbnailUrl\":\"https:\\\/\\\/lasentinelle.dz\\\/wp-content\\\/uploads\\\/2023\\\/05\\\/image_2023-05-30_205402749.png\",\"articleSection\":[\"Actualit\u00e9\"],\"inLanguage\":\"fr-FR\",\"potentialAction\":[{\"@type\":\"CommentAction\",\"name\":\"Comment\",\"target\":[\"https:\\\/\\\/lasentinelle.dz\\\/index.php\\\/2023\\\/05\\\/30\\\/destruction-des-mines-anti-personnel-lalgerie-propose-son-aide-et-son-expertise\\\/#respond\"]}]},{\"@type\":\"WebPage\",\"@id\":\"https:\\\/\\\/lasentinelle.dz\\\/index.php\\\/2023\\\/05\\\/30\\\/destruction-des-mines-anti-personnel-lalgerie-propose-son-aide-et-son-expertise\\\/\",\"url\":\"https:\\\/\\\/lasentinelle.dz\\\/index.php\\\/2023\\\/05\\\/30\\\/destruction-des-mines-anti-personnel-lalgerie-propose-son-aide-et-son-expertise\\\/\",\"name\":\"Destruction des mines anti personnel\u00a0: L\u2019Alg\u00e9rie propose son aide et son expertise - La Sentinelle\",\"isPartOf\":{\"@id\":\"https:\\\/\\\/lasentinelle.dz\\\/#website\"},\"primaryImageOfPage\":{\"@id\":\"https:\\\/\\\/lasentinelle.dz\\\/index.php\\\/2023\\\/05\\\/30\\\/destruction-des-mines-anti-personnel-lalgerie-propose-son-aide-et-son-expertise\\\/#primaryimage\"},\"image\":{\"@id\":\"https:\\\/\\\/lasentinelle.dz\\\/index.php\\\/2023\\\/05\\\/30\\\/destruction-des-mines-anti-personnel-lalgerie-propose-son-aide-et-son-expertise\\\/#primaryimage\"},\"thumbnailUrl\":\"https:\\\/\\\/lasentinelle.dz\\\/wp-content\\\/uploads\\\/2023\\\/05\\\/image_2023-05-30_205402749.png\",\"datePublished\":\"2023-05-30T21:05:00+00:00\",\"breadcrumb\":{\"@id\":\"https:\\\/\\\/lasentinelle.dz\\\/index.php\\\/2023\\\/05\\\/30\\\/destruction-des-mines-anti-personnel-lalgerie-propose-son-aide-et-son-expertise\\\/#breadcrumb\"},\"inLanguage\":\"fr-FR\",\"potentialAction\":[{\"@type\":\"ReadAction\",\"target\":[\"https:\\\/\\\/lasentinelle.dz\\\/index.php\\\/2023\\\/05\\\/30\\\/destruction-des-mines-anti-personnel-lalgerie-propose-son-aide-et-son-expertise\\\/\"]}]},{\"@type\":\"ImageObject\",\"inLanguage\":\"fr-FR\",\"@id\":\"https:\\\/\\\/lasentinelle.dz\\\/index.php\\\/2023\\\/05\\\/30\\\/destruction-des-mines-anti-personnel-lalgerie-propose-son-aide-et-son-expertise\\\/#primaryimage\",\"url\":\"https:\\\/\\\/lasentinelle.dz\\\/wp-content\\\/uploads\\\/2023\\\/05\\\/image_2023-05-30_205402749.png\",\"contentUrl\":\"https:\\\/\\\/lasentinelle.dz\\\/wp-content\\\/uploads\\\/2023\\\/05\\\/image_2023-05-30_205402749.png\",\"width\":640,\"height\":360},{\"@type\":\"BreadcrumbList\",\"@id\":\"https:\\\/\\\/lasentinelle.dz\\\/index.php\\\/2023\\\/05\\\/30\\\/destruction-des-mines-anti-personnel-lalgerie-propose-son-aide-et-son-expertise\\\/#breadcrumb\",\"itemListElement\":[{\"@type\":\"ListItem\",\"position\":1,\"name\":\"Accueil\",\"item\":\"https:\\\/\\\/lasentinelle.dz\\\/\"},{\"@type\":\"ListItem\",\"position\":2,\"name\":\"Destruction des mines anti personnel\u00a0: L\u2019Alg\u00e9rie propose son aide et son expertise\"}]},{\"@type\":\"WebSite\",\"@id\":\"https:\\\/\\\/lasentinelle.dz\\\/#website\",\"url\":\"https:\\\/\\\/lasentinelle.dz\\\/\",\"name\":\"La Sentinelle\",\"description\":\"Quotidien national d&#039;information\",\"publisher\":{\"@id\":\"https:\\\/\\\/lasentinelle.dz\\\/#organization\"},\"potentialAction\":[{\"@type\":\"SearchAction\",\"target\":{\"@type\":\"EntryPoint\",\"urlTemplate\":\"https:\\\/\\\/lasentinelle.dz\\\/?s={search_term_string}\"},\"query-input\":{\"@type\":\"PropertyValueSpecification\",\"valueRequired\":true,\"valueName\":\"search_term_string\"}}],\"inLanguage\":\"fr-FR\"},{\"@type\":\"Organization\",\"@id\":\"https:\\\/\\\/lasentinelle.dz\\\/#organization\",\"name\":\"Quotidien La Sentinelle\",\"url\":\"https:\\\/\\\/lasentinelle.dz\\\/\",\"logo\":{\"@type\":\"ImageObject\",\"inLanguage\":\"fr-FR\",\"@id\":\"https:\\\/\\\/lasentinelle.dz\\\/#\\\/schema\\\/logo\\\/image\\\/\",\"url\":\"https:\\\/\\\/lasentinelle.dz\\\/wp-content\\\/uploads\\\/2021\\\/09\\\/logo-sentinelleSLOGAN-1.png\",\"contentUrl\":\"https:\\\/\\\/lasentinelle.dz\\\/wp-content\\\/uploads\\\/2021\\\/09\\\/logo-sentinelleSLOGAN-1.png\",\"width\":615,\"height\":142,\"caption\":\"Quotidien La Sentinelle\"},\"image\":{\"@id\":\"https:\\\/\\\/lasentinelle.dz\\\/#\\\/schema\\\/logo\\\/image\\\/\"},\"sameAs\":[\"https:\\\/\\\/www.facebook.com\\\/La-Sentinelle-104059864394773\"]},{\"@type\":\"Person\",\"@id\":\"https:\\\/\\\/lasentinelle.dz\\\/#\\\/schema\\\/person\\\/d865044e22e70a75174ce8bcad3acfb3\",\"name\":\"La Sentinelle\",\"image\":{\"@type\":\"ImageObject\",\"inLanguage\":\"fr-FR\",\"@id\":\"https:\\\/\\\/secure.gravatar.com\\\/avatar\\\/57de8e5d4b15d43fb361a71fbb36338450fe67865b528a43dd10ef7c51a20392?s=96&d=mm&r=g\",\"url\":\"https:\\\/\\\/secure.gravatar.com\\\/avatar\\\/57de8e5d4b15d43fb361a71fbb36338450fe67865b528a43dd10ef7c51a20392?s=96&d=mm&r=g\",\"contentUrl\":\"https:\\\/\\\/secure.gravatar.com\\\/avatar\\\/57de8e5d4b15d43fb361a71fbb36338450fe67865b528a43dd10ef7c51a20392?s=96&d=mm&r=g\",\"caption\":\"La Sentinelle\"},\"sameAs\":[\"http:\\\/\\\/www.lasentinelle.dz\"],\"url\":\"https:\\\/\\\/lasentinelle.dz\\\/author\\\/redaction\\\/\"}]}<\/script>\n<!-- \/ Yoast SEO plugin. -->","yoast_head_json":{"title":"Destruction des mines anti personnel\u00a0: L\u2019Alg\u00e9rie propose son aide et son expertise - La Sentinelle","robots":{"index":"index","follow":"follow","max-snippet":"max-snippet:-1","max-image-preview":"max-image-preview:large","max-video-preview":"max-video-preview:-1"},"canonical":"https:\/\/lasentinelle.dz\/index.php\/2023\/05\/30\/destruction-des-mines-anti-personnel-lalgerie-propose-son-aide-et-son-expertise\/","og_locale":"fr_FR","og_type":"article","og_title":"Destruction des mines anti personnel\u00a0: L\u2019Alg\u00e9rie propose son aide et son expertise - La Sentinelle","og_description":"L\u2019Alg\u00e9rie qui \u00ab a soutenu la Convention sur l&rsquo;interdiction des mines antipersonnel apr\u00e8s son adoption et sa ratification \u00bb est","og_url":"https:\/\/lasentinelle.dz\/index.php\/2023\/05\/30\/destruction-des-mines-anti-personnel-lalgerie-propose-son-aide-et-son-expertise\/","og_site_name":"La Sentinelle","article_publisher":"https:\/\/www.facebook.com\/La-Sentinelle-104059864394773","article_published_time":"2023-05-30T21:05:00+00:00","og_image":[{"width":640,"height":360,"url":"https:\/\/lasentinelle.dz\/wp-content\/uploads\/2023\/05\/image_2023-05-30_205402749.png","type":"image\/png"}],"author":"La Sentinelle","twitter_card":"summary_large_image","twitter_misc":{"\u00c9crit par":"La Sentinelle","Dur\u00e9e de lecture estim\u00e9e":"3 minutes"},"schema":{"@context":"https:\/\/schema.org","@graph":[{"@type":"Article","@id":"https:\/\/lasentinelle.dz\/index.php\/2023\/05\/30\/destruction-des-mines-anti-personnel-lalgerie-propose-son-aide-et-son-expertise\/#article","isPartOf":{"@id":"https:\/\/lasentinelle.dz\/index.php\/2023\/05\/30\/destruction-des-mines-anti-personnel-lalgerie-propose-son-aide-et-son-expertise\/"},"author":{"name":"La Sentinelle","@id":"https:\/\/lasentinelle.dz\/#\/schema\/person\/d865044e22e70a75174ce8bcad3acfb3"},"headline":"Destruction des mines anti personnel\u00a0: L\u2019Alg\u00e9rie propose son aide et son expertise","datePublished":"2023-05-30T21:05:00+00:00","mainEntityOfPage":{"@id":"https:\/\/lasentinelle.dz\/index.php\/2023\/05\/30\/destruction-des-mines-anti-personnel-lalgerie-propose-son-aide-et-son-expertise\/"},"wordCount":576,"commentCount":0,"publisher":{"@id":"https:\/\/lasentinelle.dz\/#organization"},"image":{"@id":"https:\/\/lasentinelle.dz\/index.php\/2023\/05\/30\/destruction-des-mines-anti-personnel-lalgerie-propose-son-aide-et-son-expertise\/#primaryimage"},"thumbnailUrl":"https:\/\/lasentinelle.dz\/wp-content\/uploads\/2023\/05\/image_2023-05-30_205402749.png","articleSection":["Actualit\u00e9"],"inLanguage":"fr-FR","potentialAction":[{"@type":"CommentAction","name":"Comment","target":["https:\/\/lasentinelle.dz\/index.php\/2023\/05\/30\/destruction-des-mines-anti-personnel-lalgerie-propose-son-aide-et-son-expertise\/#respond"]}]},{"@type":"WebPage","@id":"https:\/\/lasentinelle.dz\/index.php\/2023\/05\/30\/destruction-des-mines-anti-personnel-lalgerie-propose-son-aide-et-son-expertise\/","url":"https:\/\/lasentinelle.dz\/index.php\/2023\/05\/30\/destruction-des-mines-anti-personnel-lalgerie-propose-son-aide-et-son-expertise\/","name":"Destruction des mines anti personnel\u00a0: L\u2019Alg\u00e9rie propose son aide et son expertise - La Sentinelle","isPartOf":{"@id":"https:\/\/lasentinelle.dz\/#website"},"primaryImageOfPage":{"@id":"https:\/\/lasentinelle.dz\/index.php\/2023\/05\/30\/destruction-des-mines-anti-personnel-lalgerie-propose-son-aide-et-son-expertise\/#primaryimage"},"image":{"@id":"https:\/\/lasentinelle.dz\/index.php\/2023\/05\/30\/destruction-des-mines-anti-personnel-lalgerie-propose-son-aide-et-son-expertise\/#primaryimage"},"thumbnailUrl":"https:\/\/lasentinelle.dz\/wp-content\/uploads\/2023\/05\/image_2023-05-30_205402749.png","datePublished":"2023-05-30T21:05:00+00:00","breadcrumb":{"@id":"https:\/\/lasentinelle.dz\/index.php\/2023\/05\/30\/destruction-des-mines-anti-personnel-lalgerie-propose-son-aide-et-son-expertise\/#breadcrumb"},"inLanguage":"fr-FR","potentialAction":[{"@type":"ReadAction","target":["https:\/\/lasentinelle.dz\/index.php\/2023\/05\/30\/destruction-des-mines-anti-personnel-lalgerie-propose-son-aide-et-son-expertise\/"]}]},{"@type":"ImageObject","inLanguage":"fr-FR","@id":"https:\/\/lasentinelle.dz\/index.php\/2023\/05\/30\/destruction-des-mines-anti-personnel-lalgerie-propose-son-aide-et-son-expertise\/#primaryimage","url":"https:\/\/lasentinelle.dz\/wp-content\/uploads\/2023\/05\/image_2023-05-30_205402749.png","contentUrl":"https:\/\/lasentinelle.dz\/wp-content\/uploads\/2023\/05\/image_2023-05-30_205402749.png","width":640,"height":360},{"@type":"BreadcrumbList","@id":"https:\/\/lasentinelle.dz\/index.php\/2023\/05\/30\/destruction-des-mines-anti-personnel-lalgerie-propose-son-aide-et-son-expertise\/#breadcrumb","itemListElement":[{"@type":"ListItem","position":1,"name":"Accueil","item":"https:\/\/lasentinelle.dz\/"},{"@type":"ListItem","position":2,"name":"Destruction des mines anti personnel\u00a0: L\u2019Alg\u00e9rie propose son aide et son expertise"}]},{"@type":"WebSite","@id":"https:\/\/lasentinelle.dz\/#website","url":"https:\/\/lasentinelle.dz\/","name":"La Sentinelle","description":"Quotidien national d&#039;information","publisher":{"@id":"https:\/\/lasentinelle.dz\/#organization"},"potentialAction":[{"@type":"SearchAction","target":{"@type":"EntryPoint","urlTemplate":"https:\/\/lasentinelle.dz\/?s={search_term_string}"},"query-input":{"@type":"PropertyValueSpecification","valueRequired":true,"valueName":"search_term_string"}}],"inLanguage":"fr-FR"},{"@type":"Organization","@id":"https:\/\/lasentinelle.dz\/#organization","name":"Quotidien La Sentinelle","url":"https:\/\/lasentinelle.dz\/","logo":{"@type":"ImageObject","inLanguage":"fr-FR","@id":"https:\/\/lasentinelle.dz\/#\/schema\/logo\/image\/","url":"https:\/\/lasentinelle.dz\/wp-content\/uploads\/2021\/09\/logo-sentinelleSLOGAN-1.png","contentUrl":"https:\/\/lasentinelle.dz\/wp-content\/uploads\/2021\/09\/logo-sentinelleSLOGAN-1.png","width":615,"height":142,"caption":"Quotidien La Sentinelle"},"image":{"@id":"https:\/\/lasentinelle.dz\/#\/schema\/logo\/image\/"},"sameAs":["https:\/\/www.facebook.com\/La-Sentinelle-104059864394773"]},{"@type":"Person","@id":"https:\/\/lasentinelle.dz\/#\/schema\/person\/d865044e22e70a75174ce8bcad3acfb3","name":"La Sentinelle","image":{"@type":"ImageObject","inLanguage":"fr-FR","@id":"https:\/\/secure.gravatar.com\/avatar\/57de8e5d4b15d43fb361a71fbb36338450fe67865b528a43dd10ef7c51a20392?s=96&d=mm&r=g","url":"https:\/\/secure.gravatar.com\/avatar\/57de8e5d4b15d43fb361a71fbb36338450fe67865b528a43dd10ef7c51a20392?s=96&d=mm&r=g","contentUrl":"https:\/\/secure.gravatar.com\/avatar\/57de8e5d4b15d43fb361a71fbb36338450fe67865b528a43dd10ef7c51a20392?s=96&d=mm&r=g","caption":"La Sentinelle"},"sameAs":["http:\/\/www.lasentinelle.dz"],"url":"https:\/\/lasentinelle.dz\/author\/redaction\/"}]}},"_links":{"self":[{"href":"https:\/\/lasentinelle.dz\/index.php\/wp-json\/wp\/v2\/posts\/42007","targetHints":{"allow":["GET"]}}],"collection":[{"href":"https:\/\/lasentinelle.dz\/index.php\/wp-json\/wp\/v2\/posts"}],"about":[{"href":"https:\/\/lasentinelle.dz\/index.php\/wp-json\/wp\/v2\/types\/post"}],"author":[{"embeddable":true,"href":"https:\/\/lasentinelle.dz\/index.php\/wp-json\/wp\/v2\/users\/3"}],"replies":[{"embeddable":true,"href":"https:\/\/lasentinelle.dz\/index.php\/wp-json\/wp\/v2\/comments?post=42007"}],"version-history":[{"count":1,"href":"https:\/\/lasentinelle.dz\/index.php\/wp-json\/wp\/v2\/posts\/42007\/revisions"}],"predecessor-version":[{"id":42017,"href":"https:\/\/lasentinelle.dz\/index.php\/wp-json\/wp\/v2\/posts\/42007\/revisions\/42017"}],"wp:featuredmedia":[{"embeddable":true,"href":"https:\/\/lasentinelle.dz\/index.php\/wp-json\/wp\/v2\/media\/42013"}],"wp:attachment":[{"href":"https:\/\/lasentinelle.dz\/index.php\/wp-json\/wp\/v2\/media?parent=42007"}],"wp:term":[{"taxonomy":"category","embeddable":true,"href":"https:\/\/lasentinelle.dz\/index.php\/wp-json\/wp\/v2\/categories?post=42007"},{"taxonomy":"post_tag","embeddable":true,"href":"https:\/\/lasentinelle.dz\/index.php\/wp-json\/wp\/v2\/tags?post=42007"}],"curies":[{"name":"wp","href":"https:\/\/api.w.org\/{rel}","templated":true}]}}