{"id":42060,"date":"2023-05-31T22:08:00","date_gmt":"2023-05-31T21:08:00","guid":{"rendered":"https:\/\/lasentinelle.dz\/?p=42060"},"modified":"2023-05-31T18:35:09","modified_gmt":"2023-05-31T17:35:09","slug":"belmadi-publie-sa-nouvelle-liste-belaili-ecarte-4-nouveaux-joueurs-convoques","status":"publish","type":"post","link":"https:\/\/lasentinelle.dz\/index.php\/2023\/05\/31\/belmadi-publie-sa-nouvelle-liste-belaili-ecarte-4-nouveaux-joueurs-convoques\/","title":{"rendered":"Belmadi publie sa nouvelle liste\u00a0: Belaili \u00e9cart\u00e9, 4 nouveaux joueurs convoqu\u00e9s"},"content":{"rendered":"\n<p>Le coach national Djamel Belmadi a publi\u00e9 mardi soir la liste des joueurs convoqu\u00e9s pour le prochain regroupement des Verts en pr\u00e9vision de laconfrontation face \u00e0 l&rsquo;Ouganda \u00e0 Douala (Cameroun) le 18 juin dans le cadre de la 5e journ\u00e9e des \u00e9liminatoires de la CAN-2023 (report\u00e9e \u00e0 2024) en C\u00f4te d&rsquo;Ivoire. Un regroupement durant lequel les Fennecs auront \u00e0se frotter \u00e0 la Tunisie en match amical \u00e0 Annaba le 20 juin.<\/p>\n\n\n\n<p>La liste de Belmadi est d\u2019ailleurs marqu\u00e9e par une refonte globale de son effectif avec l\u2019arriv\u00e9e de nouveaux joueurs et l\u2019exclusion d\u2019autres. La non-convocation d\u2019Isma\u00ebl Bennacer et de Youcef Atal est somme toute logique, ces derniers \u00e9tant bless\u00e9s et donc indisponibles. Belmadi aura aussi choisi d\u2019autres joueurs qui manquent de temps de jeu ou qui sont sans club. Le cas le plus marquant est sans doute celui de Youcef Belaili. Le milieu offensif qui a connu une saison chaotique en France et qui a multipli\u00e9 les incartades, d\u2019abord avec le Stade Brestois, puis avec l\u2019AC Ajaccio, se retrouve aujourd\u2019hui sans club. Et Belmadi a \u00e9t\u00e9 tout \u00e0 fait clair, lors de l\u2019un des regroupements des Verts. Il veut que ses joueurs travaillent s\u00e9rieusement dans leurs clubs pour m\u00e9riter leur place au sein de l\u2019EN. Concernant les absents, on remarque en revanche que Ra\u00efs M&rsquo;Bolhi n\u2019est pas convoqu\u00e9 pour la deuxi\u00e8me fois de suite, ce qui laisse \u00e0 penser \u00e0 une fin de r\u00e8gne dans les \u00a0\u00bbbois alg\u00e9riens\u00a0\u00bb. Apr\u00e8s avoir fait ses d\u00e9buts en mars, Rayan A\u00eft Nouri, confront\u00e9 \u00e0 un faible temps de jeu \u00e0 Wolverhampton. Par ailleurs, en difficult\u00e9 \u00e0 Nantes, Andy Delort sort aussi du groupe.<\/p>\n\n\n\n<p>Il faut dire que l\u2019Alg\u00e9rie est d\u00e9j\u00e0 qualifi\u00e9e pour la CAN-2023, report\u00e9e \u00e0 2024, en C\u00f4te d\u2019Ivoire. Le prochain regroupement des Verts, qui promet d\u2019ailleurs d\u2019\u00eatre intense, est l\u2019occasion pour le coach national de faire tourner son effectif et d\u2019examiner les options dont il dispose, d\u2019autant plus qu\u2019il a mis en place un projet de refonte et de rajeunissement de l\u2019EN en perspective du Mondial 2026. La liste publi\u00e9e mardi est d\u2019ailleurs marqu\u00e9e par l\u2019arriv\u00e9e de nouveaux joueurs aussi bien binationaux, que des joueurs du cru du championnat national.<\/p>\n\n\n\n<p>Pour les binationaux, outre les Cha\u00efbi, Hadjam, Bouanani et Guitoun, tous convoqu\u00e9s pour la premi\u00e8re fois en mars et rappel\u00e9s dans cette liste de 26 joueurs d\u00e9voil\u00e9e mardi soir, le s\u00e9lectionneur national a fait appel cette fois-ci au milieu de terrain lyonnais Houssem Aouar, attendu depuis quelques mois d\u00e9j\u00e0, et qui va enfin pouvoir f\u00eater sa premi\u00e8re cape avec les Verts. Celui-ci n\u2019a d\u2019ailleurs pas cacher sa joie de se voir convoqu\u00e9 avec les Fennecs dans un tweet. Il s\u2019agit aussi de la r\u00e9v\u00e9lation d&rsquo;Angers Himad Abdelli qui n\u2019a pas cess\u00e9 d\u2019afficher sa pr\u00e9disposition \u00e0 rejoindre les Verts ces derniers jours. Belmadi a aussi fait le choix de faire appel \u00e0 des joueurs de l\u2019USM Alger qui a fait un parcours exceptionnel en Coupe de la CAF et qui doit jouer la finale retour samedi \u00e0 Alger. Il a ainsi convoqu\u00e9 le gardien Oussama Benbot et l&rsquo;attaquant Aymen Mahious (meilleur buteur du CHAN 2022).<\/p>\n\n\n\n<p>En pr\u00e9sence des cadres de l&rsquo;\u00e9quipe \u00e0 l&rsquo;image de Mahrez, Slimani, Mandi, Bensebaini et Bounedjah, cette liste est marqu\u00e9e par les retours du lat\u00e9ral gauche de l&rsquo;USM Alger, Heithem Loucif, du milieu de terrain du Havre AC, Victor Lekhal et Sa\u00efd Benrahma, auteur d&rsquo;une saison int\u00e9ressante avec West Ham (Premier League anglaise).&nbsp;&nbsp;&nbsp;&nbsp;&nbsp;&nbsp; D\u00e9j\u00e0 qualifi\u00e9e \u00e0 la phase finale de la CAN-2023, la s\u00e9lection alg\u00e9rienne affrontera son homologue ougandaise le 18 juin au stade Japoma de Douala (Cameroun), comptant pour la 5e et derni\u00e8re journ\u00e9e (Gr.F). Ce match qui devait se jouer \u00e0 Kampala, a \u00e9t\u00e9 d\u00e9localis\u00e9 au Cameroun, en raison du retard pris dans les travaux de r\u00e9fection du stade \u00a0\u00bbMandela\u00a0\u00bb de Kampala. Dans l&rsquo;autre match du groupe F, la Tanzanie, dirig\u00e9e sur le banc par l&rsquo;Alg\u00e9rien Adel Amrouche, recevra le 18 juin le Niger \u00e0 Dar Es-Salaam. Au terme de la 4e journ\u00e9e, l&rsquo;Alg\u00e9rie caracole en t\u00eate du groupe avec 12 points devant la Tanzanie et l&rsquo;Ouganda qui comptent 4 points chacun. Le Niger ferme la marche avec 2 unit\u00e9s. Les deux premiers de chaque groupe se qualifient pour la phase finale pr\u00e9vue en C\u00f4te d&rsquo;Ivoire du 13 janvier au 11 f\u00e9vrier 2024.<\/p>\n\n\n\n<p>Chokri Hafed<\/p>\n\n\n\n<p><\/p>\n\n\n\n<p><strong>Liste des 26 joueurs convoqu\u00e9s :<\/strong><\/p>\n\n\n\n<p>Gardiens de but : A. Mandrea (SM Caen), M. Zeghba (Damac FC), O. Benbot (USM Alger).<\/p>\n\n\n\n<p>D\u00e9fenseurs : K. Guitoun (SC Bastia), M. Liris (Sampdoria), A. Mandy (Villareal CF), Z. Belaid (USM Alger), M. Touga\u00ef (ES Tunis), R. Bensabaini (B. Monchengladbach), M. Loucif (USM Alger), J. Hedjam (FC Nantes), A. Touba (Istanbul Basaksehir).<\/p>\n\n\n\n<p>Milieux : H. Boudaoui (OGC Nice), N. Bentaleb (Angers SCO), V. Lekhal (Le Havre AC), R. Zerrouki (FC Twente), H. Aouar (Olympique lyonnais), H. Abdelli (Angers SCO).<\/p>\n\n\n\n<p>Attaquants : R. Mahrez (Manchester city), B. Bouanani (OGC Nice), S. Benrahma (Westham United FC), F. Chaibi (Toulouse FC), M. Amoura (FC Lugano), I. Slimani (RSC Anderlecht), B. Bounedjah (Al Sadd), A. Mahious (USM Alger).<\/p>\n","protected":false},"excerpt":{"rendered":"<p>Le coach national Djamel Belmadi a publi\u00e9 mardi soir la liste des joueurs convoqu\u00e9s pour le prochain regroupement des Verts<\/p>\n","protected":false},"author":3,"featured_media":42068,"comment_status":"open","ping_status":"closed","sticky":false,"template":"","format":"standard","meta":{"colormag_page_container_layout":"default_layout","colormag_page_sidebar_layout":"default_layout","om_disable_all_campaigns":false,"_monsterinsights_skip_tracking":false,"_monsterinsights_sitenote_active":false,"_monsterinsights_sitenote_note":"","_monsterinsights_sitenote_category":0,"footnotes":"","_wpscppro_dont_share_socialmedia":false,"_wpscppro_custom_social_share_image":0,"_facebook_share_type":"","_twitter_share_type":"","_linkedin_share_type":"","_pinterest_share_type":"","_linkedin_share_type_page":"","_instagram_share_type":"","_medium_share_type":"","_threads_share_type":"","_google_business_share_type":"","_selected_social_profile":[],"_wpsp_enable_custom_social_template":false,"_wpsp_social_scheduling":{"enabled":false,"datetime":null,"platforms":[],"status":"template_only","dateOption":"today","timeOption":"now","customDays":"","customHours":"","customDate":"","customTime":"","schedulingType":"absolute"},"_wpsp_active_default_template":true},"categories":[52,33],"tags":[],"class_list":["post-42060","post","type-post","status-publish","format-standard","has-post-thumbnail","hentry","category-a-la-une","category-sports"],"aioseo_notices":[],"yoast_head":"<!-- This site is optimized with the Yoast SEO plugin v27.5 - https:\/\/yoast.com\/product\/yoast-seo-wordpress\/ -->\n<title>Belmadi publie sa nouvelle liste\u00a0: Belaili \u00e9cart\u00e9, 4 nouveaux joueurs convoqu\u00e9s - La Sentinelle<\/title>\n<meta name=\"robots\" content=\"index, follow, max-snippet:-1, max-image-preview:large, max-video-preview:-1\" \/>\n<link rel=\"canonical\" href=\"https:\/\/lasentinelle.dz\/index.php\/2023\/05\/31\/belmadi-publie-sa-nouvelle-liste-belaili-ecarte-4-nouveaux-joueurs-convoques\/\" \/>\n<meta property=\"og:locale\" content=\"fr_FR\" \/>\n<meta property=\"og:type\" content=\"article\" \/>\n<meta property=\"og:title\" content=\"Belmadi publie sa nouvelle liste\u00a0: Belaili \u00e9cart\u00e9, 4 nouveaux joueurs convoqu\u00e9s - La Sentinelle\" \/>\n<meta property=\"og:description\" content=\"Le coach national Djamel Belmadi a publi\u00e9 mardi soir la liste des joueurs convoqu\u00e9s pour le prochain regroupement des Verts\" \/>\n<meta property=\"og:url\" content=\"https:\/\/lasentinelle.dz\/index.php\/2023\/05\/31\/belmadi-publie-sa-nouvelle-liste-belaili-ecarte-4-nouveaux-joueurs-convoques\/\" \/>\n<meta property=\"og:site_name\" content=\"La Sentinelle\" \/>\n<meta property=\"article:publisher\" content=\"https:\/\/www.facebook.com\/La-Sentinelle-104059864394773\" \/>\n<meta property=\"article:published_time\" content=\"2023-05-31T21:08:00+00:00\" \/>\n<meta property=\"og:image\" content=\"https:\/\/lasentinelle.dz\/wp-content\/uploads\/2023\/05\/belmadi.png\" \/>\n\t<meta property=\"og:image:width\" content=\"1201\" \/>\n\t<meta property=\"og:image:height\" content=\"900\" \/>\n\t<meta property=\"og:image:type\" content=\"image\/png\" \/>\n<meta name=\"author\" content=\"La Sentinelle\" \/>\n<meta name=\"twitter:card\" content=\"summary_large_image\" \/>\n<meta name=\"twitter:label1\" content=\"\u00c9crit par\" \/>\n\t<meta name=\"twitter:data1\" content=\"La Sentinelle\" \/>\n\t<meta name=\"twitter:label2\" content=\"Dur\u00e9e de lecture estim\u00e9e\" \/>\n\t<meta name=\"twitter:data2\" content=\"5 minutes\" \/>\n<script type=\"application\/ld+json\" class=\"yoast-schema-graph\">{\"@context\":\"https:\\\/\\\/schema.org\",\"@graph\":[{\"@type\":\"Article\",\"@id\":\"https:\\\/\\\/lasentinelle.dz\\\/index.php\\\/2023\\\/05\\\/31\\\/belmadi-publie-sa-nouvelle-liste-belaili-ecarte-4-nouveaux-joueurs-convoques\\\/#article\",\"isPartOf\":{\"@id\":\"https:\\\/\\\/lasentinelle.dz\\\/index.php\\\/2023\\\/05\\\/31\\\/belmadi-publie-sa-nouvelle-liste-belaili-ecarte-4-nouveaux-joueurs-convoques\\\/\"},\"author\":{\"name\":\"La Sentinelle\",\"@id\":\"https:\\\/\\\/lasentinelle.dz\\\/#\\\/schema\\\/person\\\/d865044e22e70a75174ce8bcad3acfb3\"},\"headline\":\"Belmadi publie sa nouvelle liste\u00a0: Belaili \u00e9cart\u00e9, 4 nouveaux joueurs convoqu\u00e9s\",\"datePublished\":\"2023-05-31T21:08:00+00:00\",\"mainEntityOfPage\":{\"@id\":\"https:\\\/\\\/lasentinelle.dz\\\/index.php\\\/2023\\\/05\\\/31\\\/belmadi-publie-sa-nouvelle-liste-belaili-ecarte-4-nouveaux-joueurs-convoques\\\/\"},\"wordCount\":913,\"commentCount\":0,\"publisher\":{\"@id\":\"https:\\\/\\\/lasentinelle.dz\\\/#organization\"},\"image\":{\"@id\":\"https:\\\/\\\/lasentinelle.dz\\\/index.php\\\/2023\\\/05\\\/31\\\/belmadi-publie-sa-nouvelle-liste-belaili-ecarte-4-nouveaux-joueurs-convoques\\\/#primaryimage\"},\"thumbnailUrl\":\"https:\\\/\\\/lasentinelle.dz\\\/wp-content\\\/uploads\\\/2023\\\/05\\\/belmadi.png\",\"articleSection\":[\"\u00c0 la Une\",\"Sports\"],\"inLanguage\":\"fr-FR\",\"potentialAction\":[{\"@type\":\"CommentAction\",\"name\":\"Comment\",\"target\":[\"https:\\\/\\\/lasentinelle.dz\\\/index.php\\\/2023\\\/05\\\/31\\\/belmadi-publie-sa-nouvelle-liste-belaili-ecarte-4-nouveaux-joueurs-convoques\\\/#respond\"]}]},{\"@type\":\"WebPage\",\"@id\":\"https:\\\/\\\/lasentinelle.dz\\\/index.php\\\/2023\\\/05\\\/31\\\/belmadi-publie-sa-nouvelle-liste-belaili-ecarte-4-nouveaux-joueurs-convoques\\\/\",\"url\":\"https:\\\/\\\/lasentinelle.dz\\\/index.php\\\/2023\\\/05\\\/31\\\/belmadi-publie-sa-nouvelle-liste-belaili-ecarte-4-nouveaux-joueurs-convoques\\\/\",\"name\":\"Belmadi publie sa nouvelle liste\u00a0: Belaili \u00e9cart\u00e9, 4 nouveaux joueurs convoqu\u00e9s - La Sentinelle\",\"isPartOf\":{\"@id\":\"https:\\\/\\\/lasentinelle.dz\\\/#website\"},\"primaryImageOfPage\":{\"@id\":\"https:\\\/\\\/lasentinelle.dz\\\/index.php\\\/2023\\\/05\\\/31\\\/belmadi-publie-sa-nouvelle-liste-belaili-ecarte-4-nouveaux-joueurs-convoques\\\/#primaryimage\"},\"image\":{\"@id\":\"https:\\\/\\\/lasentinelle.dz\\\/index.php\\\/2023\\\/05\\\/31\\\/belmadi-publie-sa-nouvelle-liste-belaili-ecarte-4-nouveaux-joueurs-convoques\\\/#primaryimage\"},\"thumbnailUrl\":\"https:\\\/\\\/lasentinelle.dz\\\/wp-content\\\/uploads\\\/2023\\\/05\\\/belmadi.png\",\"datePublished\":\"2023-05-31T21:08:00+00:00\",\"breadcrumb\":{\"@id\":\"https:\\\/\\\/lasentinelle.dz\\\/index.php\\\/2023\\\/05\\\/31\\\/belmadi-publie-sa-nouvelle-liste-belaili-ecarte-4-nouveaux-joueurs-convoques\\\/#breadcrumb\"},\"inLanguage\":\"fr-FR\",\"potentialAction\":[{\"@type\":\"ReadAction\",\"target\":[\"https:\\\/\\\/lasentinelle.dz\\\/index.php\\\/2023\\\/05\\\/31\\\/belmadi-publie-sa-nouvelle-liste-belaili-ecarte-4-nouveaux-joueurs-convoques\\\/\"]}]},{\"@type\":\"ImageObject\",\"inLanguage\":\"fr-FR\",\"@id\":\"https:\\\/\\\/lasentinelle.dz\\\/index.php\\\/2023\\\/05\\\/31\\\/belmadi-publie-sa-nouvelle-liste-belaili-ecarte-4-nouveaux-joueurs-convoques\\\/#primaryimage\",\"url\":\"https:\\\/\\\/lasentinelle.dz\\\/wp-content\\\/uploads\\\/2023\\\/05\\\/belmadi.png\",\"contentUrl\":\"https:\\\/\\\/lasentinelle.dz\\\/wp-content\\\/uploads\\\/2023\\\/05\\\/belmadi.png\",\"width\":1201,\"height\":900},{\"@type\":\"BreadcrumbList\",\"@id\":\"https:\\\/\\\/lasentinelle.dz\\\/index.php\\\/2023\\\/05\\\/31\\\/belmadi-publie-sa-nouvelle-liste-belaili-ecarte-4-nouveaux-joueurs-convoques\\\/#breadcrumb\",\"itemListElement\":[{\"@type\":\"ListItem\",\"position\":1,\"name\":\"Accueil\",\"item\":\"https:\\\/\\\/lasentinelle.dz\\\/\"},{\"@type\":\"ListItem\",\"position\":2,\"name\":\"Belmadi publie sa nouvelle liste\u00a0: Belaili \u00e9cart\u00e9, 4 nouveaux joueurs convoqu\u00e9s\"}]},{\"@type\":\"WebSite\",\"@id\":\"https:\\\/\\\/lasentinelle.dz\\\/#website\",\"url\":\"https:\\\/\\\/lasentinelle.dz\\\/\",\"name\":\"La Sentinelle\",\"description\":\"Quotidien national d&#039;information\",\"publisher\":{\"@id\":\"https:\\\/\\\/lasentinelle.dz\\\/#organization\"},\"potentialAction\":[{\"@type\":\"SearchAction\",\"target\":{\"@type\":\"EntryPoint\",\"urlTemplate\":\"https:\\\/\\\/lasentinelle.dz\\\/?s={search_term_string}\"},\"query-input\":{\"@type\":\"PropertyValueSpecification\",\"valueRequired\":true,\"valueName\":\"search_term_string\"}}],\"inLanguage\":\"fr-FR\"},{\"@type\":\"Organization\",\"@id\":\"https:\\\/\\\/lasentinelle.dz\\\/#organization\",\"name\":\"Quotidien La Sentinelle\",\"url\":\"https:\\\/\\\/lasentinelle.dz\\\/\",\"logo\":{\"@type\":\"ImageObject\",\"inLanguage\":\"fr-FR\",\"@id\":\"https:\\\/\\\/lasentinelle.dz\\\/#\\\/schema\\\/logo\\\/image\\\/\",\"url\":\"https:\\\/\\\/lasentinelle.dz\\\/wp-content\\\/uploads\\\/2021\\\/09\\\/logo-sentinelleSLOGAN-1.png\",\"contentUrl\":\"https:\\\/\\\/lasentinelle.dz\\\/wp-content\\\/uploads\\\/2021\\\/09\\\/logo-sentinelleSLOGAN-1.png\",\"width\":615,\"height\":142,\"caption\":\"Quotidien La Sentinelle\"},\"image\":{\"@id\":\"https:\\\/\\\/lasentinelle.dz\\\/#\\\/schema\\\/logo\\\/image\\\/\"},\"sameAs\":[\"https:\\\/\\\/www.facebook.com\\\/La-Sentinelle-104059864394773\"]},{\"@type\":\"Person\",\"@id\":\"https:\\\/\\\/lasentinelle.dz\\\/#\\\/schema\\\/person\\\/d865044e22e70a75174ce8bcad3acfb3\",\"name\":\"La Sentinelle\",\"image\":{\"@type\":\"ImageObject\",\"inLanguage\":\"fr-FR\",\"@id\":\"https:\\\/\\\/secure.gravatar.com\\\/avatar\\\/57de8e5d4b15d43fb361a71fbb36338450fe67865b528a43dd10ef7c51a20392?s=96&d=mm&r=g\",\"url\":\"https:\\\/\\\/secure.gravatar.com\\\/avatar\\\/57de8e5d4b15d43fb361a71fbb36338450fe67865b528a43dd10ef7c51a20392?s=96&d=mm&r=g\",\"contentUrl\":\"https:\\\/\\\/secure.gravatar.com\\\/avatar\\\/57de8e5d4b15d43fb361a71fbb36338450fe67865b528a43dd10ef7c51a20392?s=96&d=mm&r=g\",\"caption\":\"La Sentinelle\"},\"sameAs\":[\"http:\\\/\\\/www.lasentinelle.dz\"],\"url\":\"https:\\\/\\\/lasentinelle.dz\\\/author\\\/redaction\\\/\"}]}<\/script>\n<!-- \/ Yoast SEO plugin. -->","yoast_head_json":{"title":"Belmadi publie sa nouvelle liste\u00a0: Belaili \u00e9cart\u00e9, 4 nouveaux joueurs convoqu\u00e9s - La Sentinelle","robots":{"index":"index","follow":"follow","max-snippet":"max-snippet:-1","max-image-preview":"max-image-preview:large","max-video-preview":"max-video-preview:-1"},"canonical":"https:\/\/lasentinelle.dz\/index.php\/2023\/05\/31\/belmadi-publie-sa-nouvelle-liste-belaili-ecarte-4-nouveaux-joueurs-convoques\/","og_locale":"fr_FR","og_type":"article","og_title":"Belmadi publie sa nouvelle liste\u00a0: Belaili \u00e9cart\u00e9, 4 nouveaux joueurs convoqu\u00e9s - La Sentinelle","og_description":"Le coach national Djamel Belmadi a publi\u00e9 mardi soir la liste des joueurs convoqu\u00e9s pour le prochain regroupement des Verts","og_url":"https:\/\/lasentinelle.dz\/index.php\/2023\/05\/31\/belmadi-publie-sa-nouvelle-liste-belaili-ecarte-4-nouveaux-joueurs-convoques\/","og_site_name":"La Sentinelle","article_publisher":"https:\/\/www.facebook.com\/La-Sentinelle-104059864394773","article_published_time":"2023-05-31T21:08:00+00:00","og_image":[{"width":1201,"height":900,"url":"https:\/\/lasentinelle.dz\/wp-content\/uploads\/2023\/05\/belmadi.png","type":"image\/png"}],"author":"La Sentinelle","twitter_card":"summary_large_image","twitter_misc":{"\u00c9crit par":"La Sentinelle","Dur\u00e9e de lecture estim\u00e9e":"5 minutes"},"schema":{"@context":"https:\/\/schema.org","@graph":[{"@type":"Article","@id":"https:\/\/lasentinelle.dz\/index.php\/2023\/05\/31\/belmadi-publie-sa-nouvelle-liste-belaili-ecarte-4-nouveaux-joueurs-convoques\/#article","isPartOf":{"@id":"https:\/\/lasentinelle.dz\/index.php\/2023\/05\/31\/belmadi-publie-sa-nouvelle-liste-belaili-ecarte-4-nouveaux-joueurs-convoques\/"},"author":{"name":"La Sentinelle","@id":"https:\/\/lasentinelle.dz\/#\/schema\/person\/d865044e22e70a75174ce8bcad3acfb3"},"headline":"Belmadi publie sa nouvelle liste\u00a0: Belaili \u00e9cart\u00e9, 4 nouveaux joueurs convoqu\u00e9s","datePublished":"2023-05-31T21:08:00+00:00","mainEntityOfPage":{"@id":"https:\/\/lasentinelle.dz\/index.php\/2023\/05\/31\/belmadi-publie-sa-nouvelle-liste-belaili-ecarte-4-nouveaux-joueurs-convoques\/"},"wordCount":913,"commentCount":0,"publisher":{"@id":"https:\/\/lasentinelle.dz\/#organization"},"image":{"@id":"https:\/\/lasentinelle.dz\/index.php\/2023\/05\/31\/belmadi-publie-sa-nouvelle-liste-belaili-ecarte-4-nouveaux-joueurs-convoques\/#primaryimage"},"thumbnailUrl":"https:\/\/lasentinelle.dz\/wp-content\/uploads\/2023\/05\/belmadi.png","articleSection":["\u00c0 la Une","Sports"],"inLanguage":"fr-FR","potentialAction":[{"@type":"CommentAction","name":"Comment","target":["https:\/\/lasentinelle.dz\/index.php\/2023\/05\/31\/belmadi-publie-sa-nouvelle-liste-belaili-ecarte-4-nouveaux-joueurs-convoques\/#respond"]}]},{"@type":"WebPage","@id":"https:\/\/lasentinelle.dz\/index.php\/2023\/05\/31\/belmadi-publie-sa-nouvelle-liste-belaili-ecarte-4-nouveaux-joueurs-convoques\/","url":"https:\/\/lasentinelle.dz\/index.php\/2023\/05\/31\/belmadi-publie-sa-nouvelle-liste-belaili-ecarte-4-nouveaux-joueurs-convoques\/","name":"Belmadi publie sa nouvelle liste\u00a0: Belaili \u00e9cart\u00e9, 4 nouveaux joueurs convoqu\u00e9s - La Sentinelle","isPartOf":{"@id":"https:\/\/lasentinelle.dz\/#website"},"primaryImageOfPage":{"@id":"https:\/\/lasentinelle.dz\/index.php\/2023\/05\/31\/belmadi-publie-sa-nouvelle-liste-belaili-ecarte-4-nouveaux-joueurs-convoques\/#primaryimage"},"image":{"@id":"https:\/\/lasentinelle.dz\/index.php\/2023\/05\/31\/belmadi-publie-sa-nouvelle-liste-belaili-ecarte-4-nouveaux-joueurs-convoques\/#primaryimage"},"thumbnailUrl":"https:\/\/lasentinelle.dz\/wp-content\/uploads\/2023\/05\/belmadi.png","datePublished":"2023-05-31T21:08:00+00:00","breadcrumb":{"@id":"https:\/\/lasentinelle.dz\/index.php\/2023\/05\/31\/belmadi-publie-sa-nouvelle-liste-belaili-ecarte-4-nouveaux-joueurs-convoques\/#breadcrumb"},"inLanguage":"fr-FR","potentialAction":[{"@type":"ReadAction","target":["https:\/\/lasentinelle.dz\/index.php\/2023\/05\/31\/belmadi-publie-sa-nouvelle-liste-belaili-ecarte-4-nouveaux-joueurs-convoques\/"]}]},{"@type":"ImageObject","inLanguage":"fr-FR","@id":"https:\/\/lasentinelle.dz\/index.php\/2023\/05\/31\/belmadi-publie-sa-nouvelle-liste-belaili-ecarte-4-nouveaux-joueurs-convoques\/#primaryimage","url":"https:\/\/lasentinelle.dz\/wp-content\/uploads\/2023\/05\/belmadi.png","contentUrl":"https:\/\/lasentinelle.dz\/wp-content\/uploads\/2023\/05\/belmadi.png","width":1201,"height":900},{"@type":"BreadcrumbList","@id":"https:\/\/lasentinelle.dz\/index.php\/2023\/05\/31\/belmadi-publie-sa-nouvelle-liste-belaili-ecarte-4-nouveaux-joueurs-convoques\/#breadcrumb","itemListElement":[{"@type":"ListItem","position":1,"name":"Accueil","item":"https:\/\/lasentinelle.dz\/"},{"@type":"ListItem","position":2,"name":"Belmadi publie sa nouvelle liste\u00a0: Belaili \u00e9cart\u00e9, 4 nouveaux joueurs convoqu\u00e9s"}]},{"@type":"WebSite","@id":"https:\/\/lasentinelle.dz\/#website","url":"https:\/\/lasentinelle.dz\/","name":"La Sentinelle","description":"Quotidien national d&#039;information","publisher":{"@id":"https:\/\/lasentinelle.dz\/#organization"},"potentialAction":[{"@type":"SearchAction","target":{"@type":"EntryPoint","urlTemplate":"https:\/\/lasentinelle.dz\/?s={search_term_string}"},"query-input":{"@type":"PropertyValueSpecification","valueRequired":true,"valueName":"search_term_string"}}],"inLanguage":"fr-FR"},{"@type":"Organization","@id":"https:\/\/lasentinelle.dz\/#organization","name":"Quotidien La Sentinelle","url":"https:\/\/lasentinelle.dz\/","logo":{"@type":"ImageObject","inLanguage":"fr-FR","@id":"https:\/\/lasentinelle.dz\/#\/schema\/logo\/image\/","url":"https:\/\/lasentinelle.dz\/wp-content\/uploads\/2021\/09\/logo-sentinelleSLOGAN-1.png","contentUrl":"https:\/\/lasentinelle.dz\/wp-content\/uploads\/2021\/09\/logo-sentinelleSLOGAN-1.png","width":615,"height":142,"caption":"Quotidien La Sentinelle"},"image":{"@id":"https:\/\/lasentinelle.dz\/#\/schema\/logo\/image\/"},"sameAs":["https:\/\/www.facebook.com\/La-Sentinelle-104059864394773"]},{"@type":"Person","@id":"https:\/\/lasentinelle.dz\/#\/schema\/person\/d865044e22e70a75174ce8bcad3acfb3","name":"La Sentinelle","image":{"@type":"ImageObject","inLanguage":"fr-FR","@id":"https:\/\/secure.gravatar.com\/avatar\/57de8e5d4b15d43fb361a71fbb36338450fe67865b528a43dd10ef7c51a20392?s=96&d=mm&r=g","url":"https:\/\/secure.gravatar.com\/avatar\/57de8e5d4b15d43fb361a71fbb36338450fe67865b528a43dd10ef7c51a20392?s=96&d=mm&r=g","contentUrl":"https:\/\/secure.gravatar.com\/avatar\/57de8e5d4b15d43fb361a71fbb36338450fe67865b528a43dd10ef7c51a20392?s=96&d=mm&r=g","caption":"La Sentinelle"},"sameAs":["http:\/\/www.lasentinelle.dz"],"url":"https:\/\/lasentinelle.dz\/author\/redaction\/"}]}},"_links":{"self":[{"href":"https:\/\/lasentinelle.dz\/index.php\/wp-json\/wp\/v2\/posts\/42060","targetHints":{"allow":["GET"]}}],"collection":[{"href":"https:\/\/lasentinelle.dz\/index.php\/wp-json\/wp\/v2\/posts"}],"about":[{"href":"https:\/\/lasentinelle.dz\/index.php\/wp-json\/wp\/v2\/types\/post"}],"author":[{"embeddable":true,"href":"https:\/\/lasentinelle.dz\/index.php\/wp-json\/wp\/v2\/users\/3"}],"replies":[{"embeddable":true,"href":"https:\/\/lasentinelle.dz\/index.php\/wp-json\/wp\/v2\/comments?post=42060"}],"version-history":[{"count":1,"href":"https:\/\/lasentinelle.dz\/index.php\/wp-json\/wp\/v2\/posts\/42060\/revisions"}],"predecessor-version":[{"id":42069,"href":"https:\/\/lasentinelle.dz\/index.php\/wp-json\/wp\/v2\/posts\/42060\/revisions\/42069"}],"wp:featuredmedia":[{"embeddable":true,"href":"https:\/\/lasentinelle.dz\/index.php\/wp-json\/wp\/v2\/media\/42068"}],"wp:attachment":[{"href":"https:\/\/lasentinelle.dz\/index.php\/wp-json\/wp\/v2\/media?parent=42060"}],"wp:term":[{"taxonomy":"category","embeddable":true,"href":"https:\/\/lasentinelle.dz\/index.php\/wp-json\/wp\/v2\/categories?post=42060"},{"taxonomy":"post_tag","embeddable":true,"href":"https:\/\/lasentinelle.dz\/index.php\/wp-json\/wp\/v2\/tags?post=42060"}],"curies":[{"name":"wp","href":"https:\/\/api.w.org\/{rel}","templated":true}]}}