{"id":42090,"date":"2023-05-31T22:15:00","date_gmt":"2023-05-31T21:15:00","guid":{"rendered":"https:\/\/lasentinelle.dz\/?p=42090"},"modified":"2023-05-31T21:10:15","modified_gmt":"2023-05-31T20:10:15","slug":"les-aleas-climatiques-affectent-la-wilaya-de-boumerdes-des-routes-coupees-et-des-habitations-inondees-sans-degats","status":"publish","type":"post","link":"https:\/\/lasentinelle.dz\/index.php\/2023\/05\/31\/les-aleas-climatiques-affectent-la-wilaya-de-boumerdes-des-routes-coupees-et-des-habitations-inondees-sans-degats\/","title":{"rendered":"Les al\u00e9as climatiques affectent la wilaya de Boumerdes\u00a0: Des routes coup\u00e9es et des habitations inond\u00e9es sans d\u00e9g\u00e2ts"},"content":{"rendered":"\n<p>Les pluies tardives du mois de mai r\u00e9v\u00e8lent le manque de pr\u00e9paration des collectivit\u00e9s locales aux al\u00e9as climatiques extr\u00eames qui seront de plus en plus fr\u00e9quents \u00e0 l\u2019avenir. Ainsi, et apr\u00e8s les wilayas de Tipaza, Oum El Bouaghi, Guelma et El Tarf, la semaine derni\u00e8re, la wilaya de Boumerd\u00e8s a \u00e9t\u00e9 affect\u00e9e par des pluies diluviennes qui ont caus\u00e9 une mont\u00e9e des eaux.<\/p>\n\n\n\n<p>En effet, la mont\u00e9e des eaux, due aux pluies diluviennes enregistr\u00e9es mardi et hier \u00e0 Boumerdes, a caus\u00e9 la fermeture \u00e0 la circulation de certains axes routiers et l\u2019inondation d\u2019un nombre de b\u00e2tisses par les eaux. Fort heureusement et contrairement \u00e0 ce qui s\u2019est pass\u00e9 dans d\u2019autres wilayas, ces intemp\u00e9ries n\u2019ont pas caus\u00e9 des pertes humaines ou d&rsquo;\u2018importants d\u00e9g\u00e2ts mat\u00e9riels. Selon le charg\u00e9 de communication des services locaux de la Protection civile, le lieutenant Hocine Bouchachia, les fortes pr\u00e9cipitions ont provoqu\u00e9 une infiltration d\u2019eaux boueuses au niveau des habitions et b\u00e2tisses d\u2019un nombre de plusieurs zones dans la wilaya, en plus de la fermeture de certains axes routiers. Celui-ci a d\u2019ailleurs assur\u00e9 que &nbsp;\u00ab\u00a0o\u00f9 tous les moyens humaines et mat\u00e9riels ont \u00e9t\u00e9 mobilis\u00e9s, depuis la nuit derni\u00e8re, en vue de l\u2019\u00e9vacuation des eaux et des boues accumul\u00e9es\u00a0\u00bb.&nbsp; La mont\u00e9e du niveau des eaux a \u00e9galement provoqu\u00e9 la fermeture des deux couloirs (aller-retour) de la RN5, au niveau de la r\u00e9gion de Berahmoune de Corso (Nord), a indiqu\u00e9 la charg\u00e9e de la communication aupr\u00e8s du Groupement r\u00e9gional de la Gendarmerie nationale, capitaine Madini Meriem. Elle a \u00e9galement soulign\u00e9 la perturbation du trafic \u00e0 l&rsquo;entr\u00e9e Nord de la ville de Boumerdes, au niveau des deux couloirs de la RN 5A, en plus de la fermeture de l\u2019axe de la RN 122, reliant les communes de Boudouaou et Kherrouba (Nord), et des perturbations sur la route d\u2019\u00e9vitement N1A en direction de Boumerdes. L\u2019activit\u00e9 au niveau la gare ferroviaire de Corso a \u00e9t\u00e9 arr\u00eat\u00e9, en raison des eaux infiltr\u00e9es, actuellement en cours de pompage, a relev\u00e9, pour sa part, le directeur des Transports, A\u00efb Abdelhafidh. \u00ab\u00a0Les fortes pr\u00e9cipitations n\u2019ont pas affect\u00e9 les trois ports de p\u00eache de la wilaya, ni caus\u00e9 d\u2019accidents aux p\u00eacheurs\u00a0\u00bb, a rassur\u00e9 le directeur de la p\u00eache et de l&rsquo;aquaculture, Cherif Kadri. A noter que les services de la Protection Civile ont r\u00e9ussi \u00e0 sauver trois familles pi\u00e9g\u00e9es dans leurs maisons par les eaux de pluie dans le quartier \u00ab\u00a0Ennachit\u00a0\u00bb dans la p\u00e9riph\u00e9rie de la commune de Boudouaou (ouest).<\/p>\n\n\n\n<p>Ils ont \u00e9galement sauv\u00e9 sept personnes pi\u00e9g\u00e9es dans leurs v\u00e9hicules en raison des eaux de pluie sur le front de mer et devant la gare de Boumerd\u00e8s.<\/p>\n\n\n\n<p>Les m\u00eames services ont enregistr\u00e9 26 points de pompage des eaux de pluie, principalement dans les communes de Boudouaou, Gouraya et Boumerd\u00e8s. A noter que les services de la wilaya ont annonc\u00e9 la constitution d&rsquo;une commission d&rsquo;urgence englobant plusieurs secteurs, pour le suivi de la situation des intemp\u00e9ries et intervenir en cas de besoin.<\/p>\n\n\n\n<p>La wilaya de Boumerd\u00e8s a mobilis\u00e9 toutes les ressources disponibles pour faire face aux cons\u00e9quences des fortes pluies et de l&rsquo;augmentation du niveau d&rsquo;eau dues aux variations m\u00e9t\u00e9orologiques enregistr\u00e9es dans la wilaya au cours des derni\u00e8res 24 heures, selon les autorit\u00e9s de la wilaya. Cette cellule, qui compte des agents de la Direction des Travaux Publics, des Ressources en Eau, de l&rsquo;Office National de l&rsquo;Assainissement et de l&rsquo;Entreprise de Nettoyage et de Collecte des D\u00e9chets (Madinate), ainsi que les services de la Gendarmerie Nationale, travaille \u00e0 d\u00e9gager les cours d&rsquo;eau, \u00e0 \u00e9vacuer les eaux. Des \u00e9quipes d\u2019intervention de plusieurs wilayas voisines ont \u00e9t\u00e9 d\u00e9p\u00each\u00e9es \u00e0 Boumerdes pour participer aux op\u00e9rations de nettoyage, de pompage des eaux et d\u2019enl\u00e8vement des boues accumul\u00e9es sur les routes notamment.<\/p>\n\n\n\n<p><strong>Hocine Fadheli<\/strong><\/p>\n","protected":false},"excerpt":{"rendered":"<p>Les pluies tardives du mois de mai r\u00e9v\u00e8lent le manque de pr\u00e9paration des collectivit\u00e9s locales aux al\u00e9as climatiques extr\u00eames qui<\/p>\n","protected":false},"author":3,"featured_media":42099,"comment_status":"open","ping_status":"closed","sticky":false,"template":"","format":"standard","meta":{"colormag_page_container_layout":"default_layout","colormag_page_sidebar_layout":"default_layout","om_disable_all_campaigns":false,"_monsterinsights_skip_tracking":false,"_monsterinsights_sitenote_active":false,"_monsterinsights_sitenote_note":"","_monsterinsights_sitenote_category":0,"footnotes":"","_wpscppro_dont_share_socialmedia":false,"_wpscppro_custom_social_share_image":0,"_facebook_share_type":"","_twitter_share_type":"","_linkedin_share_type":"","_pinterest_share_type":"","_linkedin_share_type_page":"","_instagram_share_type":"","_medium_share_type":"","_threads_share_type":"","_google_business_share_type":"","_selected_social_profile":[],"_wpsp_enable_custom_social_template":false,"_wpsp_social_scheduling":{"enabled":false,"datetime":null,"platforms":[],"status":"template_only","dateOption":"today","timeOption":"now","customDays":"","customHours":"","customDate":"","customTime":"","schedulingType":"absolute"},"_wpsp_active_default_template":true},"categories":[52,27],"tags":[],"class_list":["post-42090","post","type-post","status-publish","format-standard","has-post-thumbnail","hentry","category-a-la-une","category-actualite"],"aioseo_notices":[],"yoast_head":"<!-- This site is optimized with the Yoast SEO plugin v27.5 - https:\/\/yoast.com\/product\/yoast-seo-wordpress\/ -->\n<title>Les al\u00e9as climatiques affectent la wilaya de Boumerdes\u00a0: Des routes coup\u00e9es et des habitations inond\u00e9es sans d\u00e9g\u00e2ts - La Sentinelle<\/title>\n<meta name=\"robots\" content=\"index, follow, max-snippet:-1, max-image-preview:large, max-video-preview:-1\" \/>\n<link rel=\"canonical\" href=\"https:\/\/lasentinelle.dz\/index.php\/2023\/05\/31\/les-aleas-climatiques-affectent-la-wilaya-de-boumerdes-des-routes-coupees-et-des-habitations-inondees-sans-degats\/\" \/>\n<meta property=\"og:locale\" content=\"fr_FR\" \/>\n<meta property=\"og:type\" content=\"article\" \/>\n<meta property=\"og:title\" content=\"Les al\u00e9as climatiques affectent la wilaya de Boumerdes\u00a0: Des routes coup\u00e9es et des habitations inond\u00e9es sans d\u00e9g\u00e2ts - La Sentinelle\" \/>\n<meta property=\"og:description\" content=\"Les pluies tardives du mois de mai r\u00e9v\u00e8lent le manque de pr\u00e9paration des collectivit\u00e9s locales aux al\u00e9as climatiques extr\u00eames qui\" \/>\n<meta property=\"og:url\" content=\"https:\/\/lasentinelle.dz\/index.php\/2023\/05\/31\/les-aleas-climatiques-affectent-la-wilaya-de-boumerdes-des-routes-coupees-et-des-habitations-inondees-sans-degats\/\" \/>\n<meta property=\"og:site_name\" content=\"La Sentinelle\" \/>\n<meta property=\"article:publisher\" content=\"https:\/\/www.facebook.com\/La-Sentinelle-104059864394773\" \/>\n<meta property=\"article:published_time\" content=\"2023-05-31T21:15:00+00:00\" \/>\n<meta property=\"og:image\" content=\"https:\/\/lasentinelle.dz\/wp-content\/uploads\/2023\/05\/boumerdas.png\" \/>\n\t<meta property=\"og:image:width\" content=\"1200\" \/>\n\t<meta property=\"og:image:height\" content=\"900\" \/>\n\t<meta property=\"og:image:type\" content=\"image\/png\" \/>\n<meta name=\"author\" content=\"La Sentinelle\" \/>\n<meta name=\"twitter:card\" content=\"summary_large_image\" \/>\n<meta name=\"twitter:label1\" content=\"\u00c9crit par\" \/>\n\t<meta name=\"twitter:data1\" content=\"La Sentinelle\" \/>\n\t<meta name=\"twitter:label2\" content=\"Dur\u00e9e de lecture estim\u00e9e\" \/>\n\t<meta name=\"twitter:data2\" content=\"4 minutes\" \/>\n<script type=\"application\/ld+json\" class=\"yoast-schema-graph\">{\"@context\":\"https:\\\/\\\/schema.org\",\"@graph\":[{\"@type\":\"Article\",\"@id\":\"https:\\\/\\\/lasentinelle.dz\\\/index.php\\\/2023\\\/05\\\/31\\\/les-aleas-climatiques-affectent-la-wilaya-de-boumerdes-des-routes-coupees-et-des-habitations-inondees-sans-degats\\\/#article\",\"isPartOf\":{\"@id\":\"https:\\\/\\\/lasentinelle.dz\\\/index.php\\\/2023\\\/05\\\/31\\\/les-aleas-climatiques-affectent-la-wilaya-de-boumerdes-des-routes-coupees-et-des-habitations-inondees-sans-degats\\\/\"},\"author\":{\"name\":\"La Sentinelle\",\"@id\":\"https:\\\/\\\/lasentinelle.dz\\\/#\\\/schema\\\/person\\\/d865044e22e70a75174ce8bcad3acfb3\"},\"headline\":\"Les al\u00e9as climatiques affectent la wilaya de Boumerdes\u00a0: Des routes coup\u00e9es et des habitations inond\u00e9es sans d\u00e9g\u00e2ts\",\"datePublished\":\"2023-05-31T21:15:00+00:00\",\"mainEntityOfPage\":{\"@id\":\"https:\\\/\\\/lasentinelle.dz\\\/index.php\\\/2023\\\/05\\\/31\\\/les-aleas-climatiques-affectent-la-wilaya-de-boumerdes-des-routes-coupees-et-des-habitations-inondees-sans-degats\\\/\"},\"wordCount\":716,\"commentCount\":0,\"publisher\":{\"@id\":\"https:\\\/\\\/lasentinelle.dz\\\/#organization\"},\"image\":{\"@id\":\"https:\\\/\\\/lasentinelle.dz\\\/index.php\\\/2023\\\/05\\\/31\\\/les-aleas-climatiques-affectent-la-wilaya-de-boumerdes-des-routes-coupees-et-des-habitations-inondees-sans-degats\\\/#primaryimage\"},\"thumbnailUrl\":\"https:\\\/\\\/lasentinelle.dz\\\/wp-content\\\/uploads\\\/2023\\\/05\\\/boumerdas.png\",\"articleSection\":[\"\u00c0 la Une\",\"Actualit\u00e9\"],\"inLanguage\":\"fr-FR\",\"potentialAction\":[{\"@type\":\"CommentAction\",\"name\":\"Comment\",\"target\":[\"https:\\\/\\\/lasentinelle.dz\\\/index.php\\\/2023\\\/05\\\/31\\\/les-aleas-climatiques-affectent-la-wilaya-de-boumerdes-des-routes-coupees-et-des-habitations-inondees-sans-degats\\\/#respond\"]}]},{\"@type\":\"WebPage\",\"@id\":\"https:\\\/\\\/lasentinelle.dz\\\/index.php\\\/2023\\\/05\\\/31\\\/les-aleas-climatiques-affectent-la-wilaya-de-boumerdes-des-routes-coupees-et-des-habitations-inondees-sans-degats\\\/\",\"url\":\"https:\\\/\\\/lasentinelle.dz\\\/index.php\\\/2023\\\/05\\\/31\\\/les-aleas-climatiques-affectent-la-wilaya-de-boumerdes-des-routes-coupees-et-des-habitations-inondees-sans-degats\\\/\",\"name\":\"Les al\u00e9as climatiques affectent la wilaya de Boumerdes\u00a0: Des routes coup\u00e9es et des habitations inond\u00e9es sans d\u00e9g\u00e2ts - La Sentinelle\",\"isPartOf\":{\"@id\":\"https:\\\/\\\/lasentinelle.dz\\\/#website\"},\"primaryImageOfPage\":{\"@id\":\"https:\\\/\\\/lasentinelle.dz\\\/index.php\\\/2023\\\/05\\\/31\\\/les-aleas-climatiques-affectent-la-wilaya-de-boumerdes-des-routes-coupees-et-des-habitations-inondees-sans-degats\\\/#primaryimage\"},\"image\":{\"@id\":\"https:\\\/\\\/lasentinelle.dz\\\/index.php\\\/2023\\\/05\\\/31\\\/les-aleas-climatiques-affectent-la-wilaya-de-boumerdes-des-routes-coupees-et-des-habitations-inondees-sans-degats\\\/#primaryimage\"},\"thumbnailUrl\":\"https:\\\/\\\/lasentinelle.dz\\\/wp-content\\\/uploads\\\/2023\\\/05\\\/boumerdas.png\",\"datePublished\":\"2023-05-31T21:15:00+00:00\",\"breadcrumb\":{\"@id\":\"https:\\\/\\\/lasentinelle.dz\\\/index.php\\\/2023\\\/05\\\/31\\\/les-aleas-climatiques-affectent-la-wilaya-de-boumerdes-des-routes-coupees-et-des-habitations-inondees-sans-degats\\\/#breadcrumb\"},\"inLanguage\":\"fr-FR\",\"potentialAction\":[{\"@type\":\"ReadAction\",\"target\":[\"https:\\\/\\\/lasentinelle.dz\\\/index.php\\\/2023\\\/05\\\/31\\\/les-aleas-climatiques-affectent-la-wilaya-de-boumerdes-des-routes-coupees-et-des-habitations-inondees-sans-degats\\\/\"]}]},{\"@type\":\"ImageObject\",\"inLanguage\":\"fr-FR\",\"@id\":\"https:\\\/\\\/lasentinelle.dz\\\/index.php\\\/2023\\\/05\\\/31\\\/les-aleas-climatiques-affectent-la-wilaya-de-boumerdes-des-routes-coupees-et-des-habitations-inondees-sans-degats\\\/#primaryimage\",\"url\":\"https:\\\/\\\/lasentinelle.dz\\\/wp-content\\\/uploads\\\/2023\\\/05\\\/boumerdas.png\",\"contentUrl\":\"https:\\\/\\\/lasentinelle.dz\\\/wp-content\\\/uploads\\\/2023\\\/05\\\/boumerdas.png\",\"width\":1200,\"height\":900},{\"@type\":\"BreadcrumbList\",\"@id\":\"https:\\\/\\\/lasentinelle.dz\\\/index.php\\\/2023\\\/05\\\/31\\\/les-aleas-climatiques-affectent-la-wilaya-de-boumerdes-des-routes-coupees-et-des-habitations-inondees-sans-degats\\\/#breadcrumb\",\"itemListElement\":[{\"@type\":\"ListItem\",\"position\":1,\"name\":\"Accueil\",\"item\":\"https:\\\/\\\/lasentinelle.dz\\\/\"},{\"@type\":\"ListItem\",\"position\":2,\"name\":\"Les al\u00e9as climatiques affectent la wilaya de Boumerdes\u00a0: Des routes coup\u00e9es et des habitations inond\u00e9es sans d\u00e9g\u00e2ts\"}]},{\"@type\":\"WebSite\",\"@id\":\"https:\\\/\\\/lasentinelle.dz\\\/#website\",\"url\":\"https:\\\/\\\/lasentinelle.dz\\\/\",\"name\":\"La Sentinelle\",\"description\":\"Quotidien national d&#039;information\",\"publisher\":{\"@id\":\"https:\\\/\\\/lasentinelle.dz\\\/#organization\"},\"potentialAction\":[{\"@type\":\"SearchAction\",\"target\":{\"@type\":\"EntryPoint\",\"urlTemplate\":\"https:\\\/\\\/lasentinelle.dz\\\/?s={search_term_string}\"},\"query-input\":{\"@type\":\"PropertyValueSpecification\",\"valueRequired\":true,\"valueName\":\"search_term_string\"}}],\"inLanguage\":\"fr-FR\"},{\"@type\":\"Organization\",\"@id\":\"https:\\\/\\\/lasentinelle.dz\\\/#organization\",\"name\":\"Quotidien La Sentinelle\",\"url\":\"https:\\\/\\\/lasentinelle.dz\\\/\",\"logo\":{\"@type\":\"ImageObject\",\"inLanguage\":\"fr-FR\",\"@id\":\"https:\\\/\\\/lasentinelle.dz\\\/#\\\/schema\\\/logo\\\/image\\\/\",\"url\":\"https:\\\/\\\/lasentinelle.dz\\\/wp-content\\\/uploads\\\/2021\\\/09\\\/logo-sentinelleSLOGAN-1.png\",\"contentUrl\":\"https:\\\/\\\/lasentinelle.dz\\\/wp-content\\\/uploads\\\/2021\\\/09\\\/logo-sentinelleSLOGAN-1.png\",\"width\":615,\"height\":142,\"caption\":\"Quotidien La Sentinelle\"},\"image\":{\"@id\":\"https:\\\/\\\/lasentinelle.dz\\\/#\\\/schema\\\/logo\\\/image\\\/\"},\"sameAs\":[\"https:\\\/\\\/www.facebook.com\\\/La-Sentinelle-104059864394773\"]},{\"@type\":\"Person\",\"@id\":\"https:\\\/\\\/lasentinelle.dz\\\/#\\\/schema\\\/person\\\/d865044e22e70a75174ce8bcad3acfb3\",\"name\":\"La Sentinelle\",\"image\":{\"@type\":\"ImageObject\",\"inLanguage\":\"fr-FR\",\"@id\":\"https:\\\/\\\/secure.gravatar.com\\\/avatar\\\/57de8e5d4b15d43fb361a71fbb36338450fe67865b528a43dd10ef7c51a20392?s=96&d=mm&r=g\",\"url\":\"https:\\\/\\\/secure.gravatar.com\\\/avatar\\\/57de8e5d4b15d43fb361a71fbb36338450fe67865b528a43dd10ef7c51a20392?s=96&d=mm&r=g\",\"contentUrl\":\"https:\\\/\\\/secure.gravatar.com\\\/avatar\\\/57de8e5d4b15d43fb361a71fbb36338450fe67865b528a43dd10ef7c51a20392?s=96&d=mm&r=g\",\"caption\":\"La Sentinelle\"},\"sameAs\":[\"http:\\\/\\\/www.lasentinelle.dz\"],\"url\":\"https:\\\/\\\/lasentinelle.dz\\\/author\\\/redaction\\\/\"}]}<\/script>\n<!-- \/ Yoast SEO plugin. -->","yoast_head_json":{"title":"Les al\u00e9as climatiques affectent la wilaya de Boumerdes\u00a0: Des routes coup\u00e9es et des habitations inond\u00e9es sans d\u00e9g\u00e2ts - La Sentinelle","robots":{"index":"index","follow":"follow","max-snippet":"max-snippet:-1","max-image-preview":"max-image-preview:large","max-video-preview":"max-video-preview:-1"},"canonical":"https:\/\/lasentinelle.dz\/index.php\/2023\/05\/31\/les-aleas-climatiques-affectent-la-wilaya-de-boumerdes-des-routes-coupees-et-des-habitations-inondees-sans-degats\/","og_locale":"fr_FR","og_type":"article","og_title":"Les al\u00e9as climatiques affectent la wilaya de Boumerdes\u00a0: Des routes coup\u00e9es et des habitations inond\u00e9es sans d\u00e9g\u00e2ts - La Sentinelle","og_description":"Les pluies tardives du mois de mai r\u00e9v\u00e8lent le manque de pr\u00e9paration des collectivit\u00e9s locales aux al\u00e9as climatiques extr\u00eames qui","og_url":"https:\/\/lasentinelle.dz\/index.php\/2023\/05\/31\/les-aleas-climatiques-affectent-la-wilaya-de-boumerdes-des-routes-coupees-et-des-habitations-inondees-sans-degats\/","og_site_name":"La Sentinelle","article_publisher":"https:\/\/www.facebook.com\/La-Sentinelle-104059864394773","article_published_time":"2023-05-31T21:15:00+00:00","og_image":[{"width":1200,"height":900,"url":"https:\/\/lasentinelle.dz\/wp-content\/uploads\/2023\/05\/boumerdas.png","type":"image\/png"}],"author":"La Sentinelle","twitter_card":"summary_large_image","twitter_misc":{"\u00c9crit par":"La Sentinelle","Dur\u00e9e de lecture estim\u00e9e":"4 minutes"},"schema":{"@context":"https:\/\/schema.org","@graph":[{"@type":"Article","@id":"https:\/\/lasentinelle.dz\/index.php\/2023\/05\/31\/les-aleas-climatiques-affectent-la-wilaya-de-boumerdes-des-routes-coupees-et-des-habitations-inondees-sans-degats\/#article","isPartOf":{"@id":"https:\/\/lasentinelle.dz\/index.php\/2023\/05\/31\/les-aleas-climatiques-affectent-la-wilaya-de-boumerdes-des-routes-coupees-et-des-habitations-inondees-sans-degats\/"},"author":{"name":"La Sentinelle","@id":"https:\/\/lasentinelle.dz\/#\/schema\/person\/d865044e22e70a75174ce8bcad3acfb3"},"headline":"Les al\u00e9as climatiques affectent la wilaya de Boumerdes\u00a0: Des routes coup\u00e9es et des habitations inond\u00e9es sans d\u00e9g\u00e2ts","datePublished":"2023-05-31T21:15:00+00:00","mainEntityOfPage":{"@id":"https:\/\/lasentinelle.dz\/index.php\/2023\/05\/31\/les-aleas-climatiques-affectent-la-wilaya-de-boumerdes-des-routes-coupees-et-des-habitations-inondees-sans-degats\/"},"wordCount":716,"commentCount":0,"publisher":{"@id":"https:\/\/lasentinelle.dz\/#organization"},"image":{"@id":"https:\/\/lasentinelle.dz\/index.php\/2023\/05\/31\/les-aleas-climatiques-affectent-la-wilaya-de-boumerdes-des-routes-coupees-et-des-habitations-inondees-sans-degats\/#primaryimage"},"thumbnailUrl":"https:\/\/lasentinelle.dz\/wp-content\/uploads\/2023\/05\/boumerdas.png","articleSection":["\u00c0 la Une","Actualit\u00e9"],"inLanguage":"fr-FR","potentialAction":[{"@type":"CommentAction","name":"Comment","target":["https:\/\/lasentinelle.dz\/index.php\/2023\/05\/31\/les-aleas-climatiques-affectent-la-wilaya-de-boumerdes-des-routes-coupees-et-des-habitations-inondees-sans-degats\/#respond"]}]},{"@type":"WebPage","@id":"https:\/\/lasentinelle.dz\/index.php\/2023\/05\/31\/les-aleas-climatiques-affectent-la-wilaya-de-boumerdes-des-routes-coupees-et-des-habitations-inondees-sans-degats\/","url":"https:\/\/lasentinelle.dz\/index.php\/2023\/05\/31\/les-aleas-climatiques-affectent-la-wilaya-de-boumerdes-des-routes-coupees-et-des-habitations-inondees-sans-degats\/","name":"Les al\u00e9as climatiques affectent la wilaya de Boumerdes\u00a0: Des routes coup\u00e9es et des habitations inond\u00e9es sans d\u00e9g\u00e2ts - La Sentinelle","isPartOf":{"@id":"https:\/\/lasentinelle.dz\/#website"},"primaryImageOfPage":{"@id":"https:\/\/lasentinelle.dz\/index.php\/2023\/05\/31\/les-aleas-climatiques-affectent-la-wilaya-de-boumerdes-des-routes-coupees-et-des-habitations-inondees-sans-degats\/#primaryimage"},"image":{"@id":"https:\/\/lasentinelle.dz\/index.php\/2023\/05\/31\/les-aleas-climatiques-affectent-la-wilaya-de-boumerdes-des-routes-coupees-et-des-habitations-inondees-sans-degats\/#primaryimage"},"thumbnailUrl":"https:\/\/lasentinelle.dz\/wp-content\/uploads\/2023\/05\/boumerdas.png","datePublished":"2023-05-31T21:15:00+00:00","breadcrumb":{"@id":"https:\/\/lasentinelle.dz\/index.php\/2023\/05\/31\/les-aleas-climatiques-affectent-la-wilaya-de-boumerdes-des-routes-coupees-et-des-habitations-inondees-sans-degats\/#breadcrumb"},"inLanguage":"fr-FR","potentialAction":[{"@type":"ReadAction","target":["https:\/\/lasentinelle.dz\/index.php\/2023\/05\/31\/les-aleas-climatiques-affectent-la-wilaya-de-boumerdes-des-routes-coupees-et-des-habitations-inondees-sans-degats\/"]}]},{"@type":"ImageObject","inLanguage":"fr-FR","@id":"https:\/\/lasentinelle.dz\/index.php\/2023\/05\/31\/les-aleas-climatiques-affectent-la-wilaya-de-boumerdes-des-routes-coupees-et-des-habitations-inondees-sans-degats\/#primaryimage","url":"https:\/\/lasentinelle.dz\/wp-content\/uploads\/2023\/05\/boumerdas.png","contentUrl":"https:\/\/lasentinelle.dz\/wp-content\/uploads\/2023\/05\/boumerdas.png","width":1200,"height":900},{"@type":"BreadcrumbList","@id":"https:\/\/lasentinelle.dz\/index.php\/2023\/05\/31\/les-aleas-climatiques-affectent-la-wilaya-de-boumerdes-des-routes-coupees-et-des-habitations-inondees-sans-degats\/#breadcrumb","itemListElement":[{"@type":"ListItem","position":1,"name":"Accueil","item":"https:\/\/lasentinelle.dz\/"},{"@type":"ListItem","position":2,"name":"Les al\u00e9as climatiques affectent la wilaya de Boumerdes\u00a0: Des routes coup\u00e9es et des habitations inond\u00e9es sans d\u00e9g\u00e2ts"}]},{"@type":"WebSite","@id":"https:\/\/lasentinelle.dz\/#website","url":"https:\/\/lasentinelle.dz\/","name":"La Sentinelle","description":"Quotidien national d&#039;information","publisher":{"@id":"https:\/\/lasentinelle.dz\/#organization"},"potentialAction":[{"@type":"SearchAction","target":{"@type":"EntryPoint","urlTemplate":"https:\/\/lasentinelle.dz\/?s={search_term_string}"},"query-input":{"@type":"PropertyValueSpecification","valueRequired":true,"valueName":"search_term_string"}}],"inLanguage":"fr-FR"},{"@type":"Organization","@id":"https:\/\/lasentinelle.dz\/#organization","name":"Quotidien La Sentinelle","url":"https:\/\/lasentinelle.dz\/","logo":{"@type":"ImageObject","inLanguage":"fr-FR","@id":"https:\/\/lasentinelle.dz\/#\/schema\/logo\/image\/","url":"https:\/\/lasentinelle.dz\/wp-content\/uploads\/2021\/09\/logo-sentinelleSLOGAN-1.png","contentUrl":"https:\/\/lasentinelle.dz\/wp-content\/uploads\/2021\/09\/logo-sentinelleSLOGAN-1.png","width":615,"height":142,"caption":"Quotidien La Sentinelle"},"image":{"@id":"https:\/\/lasentinelle.dz\/#\/schema\/logo\/image\/"},"sameAs":["https:\/\/www.facebook.com\/La-Sentinelle-104059864394773"]},{"@type":"Person","@id":"https:\/\/lasentinelle.dz\/#\/schema\/person\/d865044e22e70a75174ce8bcad3acfb3","name":"La Sentinelle","image":{"@type":"ImageObject","inLanguage":"fr-FR","@id":"https:\/\/secure.gravatar.com\/avatar\/57de8e5d4b15d43fb361a71fbb36338450fe67865b528a43dd10ef7c51a20392?s=96&d=mm&r=g","url":"https:\/\/secure.gravatar.com\/avatar\/57de8e5d4b15d43fb361a71fbb36338450fe67865b528a43dd10ef7c51a20392?s=96&d=mm&r=g","contentUrl":"https:\/\/secure.gravatar.com\/avatar\/57de8e5d4b15d43fb361a71fbb36338450fe67865b528a43dd10ef7c51a20392?s=96&d=mm&r=g","caption":"La Sentinelle"},"sameAs":["http:\/\/www.lasentinelle.dz"],"url":"https:\/\/lasentinelle.dz\/author\/redaction\/"}]}},"_links":{"self":[{"href":"https:\/\/lasentinelle.dz\/index.php\/wp-json\/wp\/v2\/posts\/42090","targetHints":{"allow":["GET"]}}],"collection":[{"href":"https:\/\/lasentinelle.dz\/index.php\/wp-json\/wp\/v2\/posts"}],"about":[{"href":"https:\/\/lasentinelle.dz\/index.php\/wp-json\/wp\/v2\/types\/post"}],"author":[{"embeddable":true,"href":"https:\/\/lasentinelle.dz\/index.php\/wp-json\/wp\/v2\/users\/3"}],"replies":[{"embeddable":true,"href":"https:\/\/lasentinelle.dz\/index.php\/wp-json\/wp\/v2\/comments?post=42090"}],"version-history":[{"count":1,"href":"https:\/\/lasentinelle.dz\/index.php\/wp-json\/wp\/v2\/posts\/42090\/revisions"}],"predecessor-version":[{"id":42103,"href":"https:\/\/lasentinelle.dz\/index.php\/wp-json\/wp\/v2\/posts\/42090\/revisions\/42103"}],"wp:featuredmedia":[{"embeddable":true,"href":"https:\/\/lasentinelle.dz\/index.php\/wp-json\/wp\/v2\/media\/42099"}],"wp:attachment":[{"href":"https:\/\/lasentinelle.dz\/index.php\/wp-json\/wp\/v2\/media?parent=42090"}],"wp:term":[{"taxonomy":"category","embeddable":true,"href":"https:\/\/lasentinelle.dz\/index.php\/wp-json\/wp\/v2\/categories?post=42090"},{"taxonomy":"post_tag","embeddable":true,"href":"https:\/\/lasentinelle.dz\/index.php\/wp-json\/wp\/v2\/tags?post=42090"}],"curies":[{"name":"wp","href":"https:\/\/api.w.org\/{rel}","templated":true}]}}