{"id":42098,"date":"2023-05-31T22:05:00","date_gmt":"2023-05-31T21:05:00","guid":{"rendered":"https:\/\/lasentinelle.dz\/?p=42098"},"modified":"2023-05-31T21:39:04","modified_gmt":"2023-05-31T20:39:04","slug":"integration-economique-africaine-le-plaidoyer-de-lalgerie","status":"publish","type":"post","link":"https:\/\/lasentinelle.dz\/index.php\/2023\/05\/31\/integration-economique-africaine-le-plaidoyer-de-lalgerie\/","title":{"rendered":"Int\u00e9gration \u00e9conomique africaine\u00a0: Le plaidoyer de l\u2019Alg\u00e9rie"},"content":{"rendered":"\n<p>Le ministre du Commerce et de la Promotion des exportations, Tayeb Zitouni qui a pris part aux travaux de la r\u00e9union des ministres du Commerce de la ZLECAF qui s\u2019est tenue les 30 et 31 mai \u00e0 Nairobi, a insist\u00e9 sur l&rsquo;imp\u00e9ratif d&rsquo;acc\u00e9l\u00e9rer l&rsquo;activation de la Zone de libre-\u00e9change continentale africaine. L\u2019Alg\u00e9rie qui consid\u00e8re la cr\u00e9ation de la ZLECAf comme \u00ab une \u00e9tape cruciale vers la r\u00e9alisation de l&rsquo;int\u00e9gration continentale \u00bb, estime que son entr\u00e9e en vigueur \u00ab refl\u00e8te la forte volont\u00e9 politique de nos Etats en faveur de la cons\u00e9cration effective de l&rsquo;Agenda africain de d\u00e9veloppement 2063 et ses projets pionniers, en vue d&rsquo;atteindre son premier objectif : une Afrique prosp\u00e8re reposant sur un d\u00e9veloppement inclusif et durable \u00bb. Le ministre du Commerce rappellera, lors d&rsquo;une pr\u00e9sentation sur les r\u00e8gles d&rsquo;origine relatives aux v\u00e9hicules et au textile \u00ab l&rsquo;approche alg\u00e9rienne \u00bb qui repose sur la mise en place d&rsquo;une v\u00e9ritable strat\u00e9gie continentale, notamment dans les domaines de l&rsquo;industrie du textile, des mati\u00e8res premi\u00e8res et de sous-traitance dans le secteur automobile, avec l&rsquo;exploitation de tout le potentiel que rec\u00e8le le continent africain \u00bb. Il a mis l&rsquo;accent sur \u00ab l&rsquo;imp\u00e9ratif d&rsquo;acc\u00e9l\u00e9rer l&rsquo;activation de la ZLECAF et d&rsquo;entamer, pour une premi\u00e8re \u00e9tape, les \u00e9changes commerciaux intra-africains, en plus de penser \u00e0 d\u00e9velopper les diff\u00e9rentes industries suivant une strat\u00e9gie continentale, en vue d&rsquo;accro\u00eetre le taux d&rsquo;int\u00e9gration et r\u00e9aliser l&rsquo;insertion \u00e9conomique continentale entre les Etats africains \u00bb. Cette strat\u00e9gie \u00ab cr\u00e9era de nouveaux emplois et des cha\u00eenes de valeur et permettra aux Etats africains de cr\u00e9er la richesse via la transformation de ses ressources brutes et leur industrialisation au plan continental \u00bb. Il est utile de rappeler qu\u2019entre autres produits pr\u00e9vus pour le commerce dans le cadre de la ZLECAF, l\u2019on compte les carreaux de c\u00e9ramique, les accumulateurs, le th\u00e9, le caf\u00e9, les produits carn\u00e9s transform\u00e9s, l&rsquo;amidon de ma\u00efs, le sucre, les p\u00e2tes, le sirop de glucose, les fruits secs et la fibre de sisal. L&rsquo;accord pr\u00e9voit une suppression des droits de douane pour 90 % des lignes tarifaires sur 5 ans pour les pays les plus d\u00e9velopp\u00e9s et sur 10 ans pour les pays les moins d\u00e9velopp\u00e9s. Les droits de douane devront \u00eatre supprim\u00e9s \u00e0 une \u00e9ch\u00e9ance ult\u00e9rieure pour 7 % des lignes tarifaires50. La ZLECAf est l&rsquo;une des plus grandes zones de libre-\u00e9change au monde offrant un march\u00e9 de plus de 1,3 milliard de personnes et un PIB combin\u00e9 d&rsquo;environ 2.500 milliards de dollars. Pour rappel, un rapport publi\u00e9 le 5 mai dernier, le Fonds mon\u00e9taire international a estim\u00e9 que la mise en place de la Zone de libre-\u00e9change continentale africaine (Zlecaf) pourrait non seulement accro\u00eetre consid\u00e9rablement les \u00e9changes commerciaux intra-africains, mais aussi renforcer la r\u00e9silience des pays du continent face aux chocs dus aux tensions g\u00e9opolitiques et au changement climatique.<\/p>\n\n\n\n<p>Le rapport, qui se base sur des analyses empiriques, pr\u00e9cise qu\u2019une r\u00e9duction de 90% des droits de douane sur les biens et les services \u00e9chang\u00e9s entre les pays du continent et une diminution de 50% des barri\u00e8res non tarifaires, devraient permettre une hausse de 15% des \u00e9changes commerciaux intra-africains, avec \u00e0 la cl\u00e9 une hausse de 1,25 % du PIB r\u00e9el m\u00e9dian par habitant.<\/p>\n\n\n\n<p><strong>Hocine Fadheli<\/strong><\/p>\n","protected":false},"excerpt":{"rendered":"<p>Le ministre du Commerce et de la Promotion des exportations, Tayeb Zitouni qui a pris part aux travaux de la<\/p>\n","protected":false},"author":3,"featured_media":42116,"comment_status":"open","ping_status":"closed","sticky":false,"template":"","format":"standard","meta":{"colormag_page_container_layout":"default_layout","colormag_page_sidebar_layout":"default_layout","om_disable_all_campaigns":false,"_monsterinsights_skip_tracking":false,"_monsterinsights_sitenote_active":false,"_monsterinsights_sitenote_note":"","_monsterinsights_sitenote_category":0,"footnotes":"","_wpscppro_dont_share_socialmedia":false,"_wpscppro_custom_social_share_image":0,"_facebook_share_type":"","_twitter_share_type":"","_linkedin_share_type":"","_pinterest_share_type":"","_linkedin_share_type_page":"","_instagram_share_type":"","_medium_share_type":"","_threads_share_type":"","_google_business_share_type":"","_selected_social_profile":[],"_wpsp_enable_custom_social_template":false,"_wpsp_social_scheduling":{"enabled":false,"datetime":null,"platforms":[],"status":"template_only","dateOption":"today","timeOption":"now","customDays":"","customHours":"","customDate":"","customTime":"","schedulingType":"absolute"},"_wpsp_active_default_template":true},"categories":[27],"tags":[],"class_list":["post-42098","post","type-post","status-publish","format-standard","has-post-thumbnail","hentry","category-actualite"],"aioseo_notices":[],"yoast_head":"<!-- This site is optimized with the Yoast SEO plugin v27.5 - https:\/\/yoast.com\/product\/yoast-seo-wordpress\/ -->\n<title>Int\u00e9gration \u00e9conomique africaine\u00a0: Le plaidoyer de l\u2019Alg\u00e9rie - La Sentinelle<\/title>\n<meta name=\"robots\" content=\"index, follow, max-snippet:-1, max-image-preview:large, max-video-preview:-1\" \/>\n<link rel=\"canonical\" href=\"https:\/\/lasentinelle.dz\/index.php\/2023\/05\/31\/integration-economique-africaine-le-plaidoyer-de-lalgerie\/\" \/>\n<meta property=\"og:locale\" content=\"fr_FR\" \/>\n<meta property=\"og:type\" content=\"article\" \/>\n<meta property=\"og:title\" content=\"Int\u00e9gration \u00e9conomique africaine\u00a0: Le plaidoyer de l\u2019Alg\u00e9rie - La Sentinelle\" \/>\n<meta property=\"og:description\" content=\"Le ministre du Commerce et de la Promotion des exportations, Tayeb Zitouni qui a pris part aux travaux de la\" \/>\n<meta property=\"og:url\" content=\"https:\/\/lasentinelle.dz\/index.php\/2023\/05\/31\/integration-economique-africaine-le-plaidoyer-de-lalgerie\/\" \/>\n<meta property=\"og:site_name\" content=\"La Sentinelle\" \/>\n<meta property=\"article:publisher\" content=\"https:\/\/www.facebook.com\/La-Sentinelle-104059864394773\" \/>\n<meta property=\"article:published_time\" content=\"2023-05-31T21:05:00+00:00\" \/>\n<meta property=\"og:image\" content=\"https:\/\/lasentinelle.dz\/wp-content\/uploads\/2023\/05\/image_2023-05-31_213801199.png\" \/>\n\t<meta property=\"og:image:width\" content=\"960\" \/>\n\t<meta property=\"og:image:height\" content=\"640\" \/>\n\t<meta property=\"og:image:type\" content=\"image\/png\" \/>\n<meta name=\"author\" content=\"La Sentinelle\" \/>\n<meta name=\"twitter:card\" content=\"summary_large_image\" \/>\n<meta name=\"twitter:label1\" content=\"\u00c9crit par\" \/>\n\t<meta name=\"twitter:data1\" content=\"La Sentinelle\" \/>\n\t<meta name=\"twitter:label2\" content=\"Dur\u00e9e de lecture estim\u00e9e\" \/>\n\t<meta name=\"twitter:data2\" content=\"3 minutes\" \/>\n<script type=\"application\/ld+json\" class=\"yoast-schema-graph\">{\"@context\":\"https:\\\/\\\/schema.org\",\"@graph\":[{\"@type\":\"Article\",\"@id\":\"https:\\\/\\\/lasentinelle.dz\\\/index.php\\\/2023\\\/05\\\/31\\\/integration-economique-africaine-le-plaidoyer-de-lalgerie\\\/#article\",\"isPartOf\":{\"@id\":\"https:\\\/\\\/lasentinelle.dz\\\/index.php\\\/2023\\\/05\\\/31\\\/integration-economique-africaine-le-plaidoyer-de-lalgerie\\\/\"},\"author\":{\"name\":\"La Sentinelle\",\"@id\":\"https:\\\/\\\/lasentinelle.dz\\\/#\\\/schema\\\/person\\\/d865044e22e70a75174ce8bcad3acfb3\"},\"headline\":\"Int\u00e9gration \u00e9conomique africaine\u00a0: Le plaidoyer de l\u2019Alg\u00e9rie\",\"datePublished\":\"2023-05-31T21:05:00+00:00\",\"mainEntityOfPage\":{\"@id\":\"https:\\\/\\\/lasentinelle.dz\\\/index.php\\\/2023\\\/05\\\/31\\\/integration-economique-africaine-le-plaidoyer-de-lalgerie\\\/\"},\"wordCount\":598,\"commentCount\":0,\"publisher\":{\"@id\":\"https:\\\/\\\/lasentinelle.dz\\\/#organization\"},\"image\":{\"@id\":\"https:\\\/\\\/lasentinelle.dz\\\/index.php\\\/2023\\\/05\\\/31\\\/integration-economique-africaine-le-plaidoyer-de-lalgerie\\\/#primaryimage\"},\"thumbnailUrl\":\"https:\\\/\\\/lasentinelle.dz\\\/wp-content\\\/uploads\\\/2023\\\/05\\\/image_2023-05-31_213801199.png\",\"articleSection\":[\"Actualit\u00e9\"],\"inLanguage\":\"fr-FR\",\"potentialAction\":[{\"@type\":\"CommentAction\",\"name\":\"Comment\",\"target\":[\"https:\\\/\\\/lasentinelle.dz\\\/index.php\\\/2023\\\/05\\\/31\\\/integration-economique-africaine-le-plaidoyer-de-lalgerie\\\/#respond\"]}]},{\"@type\":\"WebPage\",\"@id\":\"https:\\\/\\\/lasentinelle.dz\\\/index.php\\\/2023\\\/05\\\/31\\\/integration-economique-africaine-le-plaidoyer-de-lalgerie\\\/\",\"url\":\"https:\\\/\\\/lasentinelle.dz\\\/index.php\\\/2023\\\/05\\\/31\\\/integration-economique-africaine-le-plaidoyer-de-lalgerie\\\/\",\"name\":\"Int\u00e9gration \u00e9conomique africaine\u00a0: Le plaidoyer de l\u2019Alg\u00e9rie - La Sentinelle\",\"isPartOf\":{\"@id\":\"https:\\\/\\\/lasentinelle.dz\\\/#website\"},\"primaryImageOfPage\":{\"@id\":\"https:\\\/\\\/lasentinelle.dz\\\/index.php\\\/2023\\\/05\\\/31\\\/integration-economique-africaine-le-plaidoyer-de-lalgerie\\\/#primaryimage\"},\"image\":{\"@id\":\"https:\\\/\\\/lasentinelle.dz\\\/index.php\\\/2023\\\/05\\\/31\\\/integration-economique-africaine-le-plaidoyer-de-lalgerie\\\/#primaryimage\"},\"thumbnailUrl\":\"https:\\\/\\\/lasentinelle.dz\\\/wp-content\\\/uploads\\\/2023\\\/05\\\/image_2023-05-31_213801199.png\",\"datePublished\":\"2023-05-31T21:05:00+00:00\",\"breadcrumb\":{\"@id\":\"https:\\\/\\\/lasentinelle.dz\\\/index.php\\\/2023\\\/05\\\/31\\\/integration-economique-africaine-le-plaidoyer-de-lalgerie\\\/#breadcrumb\"},\"inLanguage\":\"fr-FR\",\"potentialAction\":[{\"@type\":\"ReadAction\",\"target\":[\"https:\\\/\\\/lasentinelle.dz\\\/index.php\\\/2023\\\/05\\\/31\\\/integration-economique-africaine-le-plaidoyer-de-lalgerie\\\/\"]}]},{\"@type\":\"ImageObject\",\"inLanguage\":\"fr-FR\",\"@id\":\"https:\\\/\\\/lasentinelle.dz\\\/index.php\\\/2023\\\/05\\\/31\\\/integration-economique-africaine-le-plaidoyer-de-lalgerie\\\/#primaryimage\",\"url\":\"https:\\\/\\\/lasentinelle.dz\\\/wp-content\\\/uploads\\\/2023\\\/05\\\/image_2023-05-31_213801199.png\",\"contentUrl\":\"https:\\\/\\\/lasentinelle.dz\\\/wp-content\\\/uploads\\\/2023\\\/05\\\/image_2023-05-31_213801199.png\",\"width\":960,\"height\":640},{\"@type\":\"BreadcrumbList\",\"@id\":\"https:\\\/\\\/lasentinelle.dz\\\/index.php\\\/2023\\\/05\\\/31\\\/integration-economique-africaine-le-plaidoyer-de-lalgerie\\\/#breadcrumb\",\"itemListElement\":[{\"@type\":\"ListItem\",\"position\":1,\"name\":\"Accueil\",\"item\":\"https:\\\/\\\/lasentinelle.dz\\\/\"},{\"@type\":\"ListItem\",\"position\":2,\"name\":\"Int\u00e9gration \u00e9conomique africaine\u00a0: Le plaidoyer de l\u2019Alg\u00e9rie\"}]},{\"@type\":\"WebSite\",\"@id\":\"https:\\\/\\\/lasentinelle.dz\\\/#website\",\"url\":\"https:\\\/\\\/lasentinelle.dz\\\/\",\"name\":\"La Sentinelle\",\"description\":\"Quotidien national d&#039;information\",\"publisher\":{\"@id\":\"https:\\\/\\\/lasentinelle.dz\\\/#organization\"},\"potentialAction\":[{\"@type\":\"SearchAction\",\"target\":{\"@type\":\"EntryPoint\",\"urlTemplate\":\"https:\\\/\\\/lasentinelle.dz\\\/?s={search_term_string}\"},\"query-input\":{\"@type\":\"PropertyValueSpecification\",\"valueRequired\":true,\"valueName\":\"search_term_string\"}}],\"inLanguage\":\"fr-FR\"},{\"@type\":\"Organization\",\"@id\":\"https:\\\/\\\/lasentinelle.dz\\\/#organization\",\"name\":\"Quotidien La Sentinelle\",\"url\":\"https:\\\/\\\/lasentinelle.dz\\\/\",\"logo\":{\"@type\":\"ImageObject\",\"inLanguage\":\"fr-FR\",\"@id\":\"https:\\\/\\\/lasentinelle.dz\\\/#\\\/schema\\\/logo\\\/image\\\/\",\"url\":\"https:\\\/\\\/lasentinelle.dz\\\/wp-content\\\/uploads\\\/2021\\\/09\\\/logo-sentinelleSLOGAN-1.png\",\"contentUrl\":\"https:\\\/\\\/lasentinelle.dz\\\/wp-content\\\/uploads\\\/2021\\\/09\\\/logo-sentinelleSLOGAN-1.png\",\"width\":615,\"height\":142,\"caption\":\"Quotidien La Sentinelle\"},\"image\":{\"@id\":\"https:\\\/\\\/lasentinelle.dz\\\/#\\\/schema\\\/logo\\\/image\\\/\"},\"sameAs\":[\"https:\\\/\\\/www.facebook.com\\\/La-Sentinelle-104059864394773\"]},{\"@type\":\"Person\",\"@id\":\"https:\\\/\\\/lasentinelle.dz\\\/#\\\/schema\\\/person\\\/d865044e22e70a75174ce8bcad3acfb3\",\"name\":\"La Sentinelle\",\"image\":{\"@type\":\"ImageObject\",\"inLanguage\":\"fr-FR\",\"@id\":\"https:\\\/\\\/secure.gravatar.com\\\/avatar\\\/57de8e5d4b15d43fb361a71fbb36338450fe67865b528a43dd10ef7c51a20392?s=96&d=mm&r=g\",\"url\":\"https:\\\/\\\/secure.gravatar.com\\\/avatar\\\/57de8e5d4b15d43fb361a71fbb36338450fe67865b528a43dd10ef7c51a20392?s=96&d=mm&r=g\",\"contentUrl\":\"https:\\\/\\\/secure.gravatar.com\\\/avatar\\\/57de8e5d4b15d43fb361a71fbb36338450fe67865b528a43dd10ef7c51a20392?s=96&d=mm&r=g\",\"caption\":\"La Sentinelle\"},\"sameAs\":[\"http:\\\/\\\/www.lasentinelle.dz\"],\"url\":\"https:\\\/\\\/lasentinelle.dz\\\/author\\\/redaction\\\/\"}]}<\/script>\n<!-- \/ Yoast SEO plugin. -->","yoast_head_json":{"title":"Int\u00e9gration \u00e9conomique africaine\u00a0: Le plaidoyer de l\u2019Alg\u00e9rie - La Sentinelle","robots":{"index":"index","follow":"follow","max-snippet":"max-snippet:-1","max-image-preview":"max-image-preview:large","max-video-preview":"max-video-preview:-1"},"canonical":"https:\/\/lasentinelle.dz\/index.php\/2023\/05\/31\/integration-economique-africaine-le-plaidoyer-de-lalgerie\/","og_locale":"fr_FR","og_type":"article","og_title":"Int\u00e9gration \u00e9conomique africaine\u00a0: Le plaidoyer de l\u2019Alg\u00e9rie - La Sentinelle","og_description":"Le ministre du Commerce et de la Promotion des exportations, Tayeb Zitouni qui a pris part aux travaux de la","og_url":"https:\/\/lasentinelle.dz\/index.php\/2023\/05\/31\/integration-economique-africaine-le-plaidoyer-de-lalgerie\/","og_site_name":"La Sentinelle","article_publisher":"https:\/\/www.facebook.com\/La-Sentinelle-104059864394773","article_published_time":"2023-05-31T21:05:00+00:00","og_image":[{"width":960,"height":640,"url":"https:\/\/lasentinelle.dz\/wp-content\/uploads\/2023\/05\/image_2023-05-31_213801199.png","type":"image\/png"}],"author":"La Sentinelle","twitter_card":"summary_large_image","twitter_misc":{"\u00c9crit par":"La Sentinelle","Dur\u00e9e de lecture estim\u00e9e":"3 minutes"},"schema":{"@context":"https:\/\/schema.org","@graph":[{"@type":"Article","@id":"https:\/\/lasentinelle.dz\/index.php\/2023\/05\/31\/integration-economique-africaine-le-plaidoyer-de-lalgerie\/#article","isPartOf":{"@id":"https:\/\/lasentinelle.dz\/index.php\/2023\/05\/31\/integration-economique-africaine-le-plaidoyer-de-lalgerie\/"},"author":{"name":"La Sentinelle","@id":"https:\/\/lasentinelle.dz\/#\/schema\/person\/d865044e22e70a75174ce8bcad3acfb3"},"headline":"Int\u00e9gration \u00e9conomique africaine\u00a0: Le plaidoyer de l\u2019Alg\u00e9rie","datePublished":"2023-05-31T21:05:00+00:00","mainEntityOfPage":{"@id":"https:\/\/lasentinelle.dz\/index.php\/2023\/05\/31\/integration-economique-africaine-le-plaidoyer-de-lalgerie\/"},"wordCount":598,"commentCount":0,"publisher":{"@id":"https:\/\/lasentinelle.dz\/#organization"},"image":{"@id":"https:\/\/lasentinelle.dz\/index.php\/2023\/05\/31\/integration-economique-africaine-le-plaidoyer-de-lalgerie\/#primaryimage"},"thumbnailUrl":"https:\/\/lasentinelle.dz\/wp-content\/uploads\/2023\/05\/image_2023-05-31_213801199.png","articleSection":["Actualit\u00e9"],"inLanguage":"fr-FR","potentialAction":[{"@type":"CommentAction","name":"Comment","target":["https:\/\/lasentinelle.dz\/index.php\/2023\/05\/31\/integration-economique-africaine-le-plaidoyer-de-lalgerie\/#respond"]}]},{"@type":"WebPage","@id":"https:\/\/lasentinelle.dz\/index.php\/2023\/05\/31\/integration-economique-africaine-le-plaidoyer-de-lalgerie\/","url":"https:\/\/lasentinelle.dz\/index.php\/2023\/05\/31\/integration-economique-africaine-le-plaidoyer-de-lalgerie\/","name":"Int\u00e9gration \u00e9conomique africaine\u00a0: Le plaidoyer de l\u2019Alg\u00e9rie - La Sentinelle","isPartOf":{"@id":"https:\/\/lasentinelle.dz\/#website"},"primaryImageOfPage":{"@id":"https:\/\/lasentinelle.dz\/index.php\/2023\/05\/31\/integration-economique-africaine-le-plaidoyer-de-lalgerie\/#primaryimage"},"image":{"@id":"https:\/\/lasentinelle.dz\/index.php\/2023\/05\/31\/integration-economique-africaine-le-plaidoyer-de-lalgerie\/#primaryimage"},"thumbnailUrl":"https:\/\/lasentinelle.dz\/wp-content\/uploads\/2023\/05\/image_2023-05-31_213801199.png","datePublished":"2023-05-31T21:05:00+00:00","breadcrumb":{"@id":"https:\/\/lasentinelle.dz\/index.php\/2023\/05\/31\/integration-economique-africaine-le-plaidoyer-de-lalgerie\/#breadcrumb"},"inLanguage":"fr-FR","potentialAction":[{"@type":"ReadAction","target":["https:\/\/lasentinelle.dz\/index.php\/2023\/05\/31\/integration-economique-africaine-le-plaidoyer-de-lalgerie\/"]}]},{"@type":"ImageObject","inLanguage":"fr-FR","@id":"https:\/\/lasentinelle.dz\/index.php\/2023\/05\/31\/integration-economique-africaine-le-plaidoyer-de-lalgerie\/#primaryimage","url":"https:\/\/lasentinelle.dz\/wp-content\/uploads\/2023\/05\/image_2023-05-31_213801199.png","contentUrl":"https:\/\/lasentinelle.dz\/wp-content\/uploads\/2023\/05\/image_2023-05-31_213801199.png","width":960,"height":640},{"@type":"BreadcrumbList","@id":"https:\/\/lasentinelle.dz\/index.php\/2023\/05\/31\/integration-economique-africaine-le-plaidoyer-de-lalgerie\/#breadcrumb","itemListElement":[{"@type":"ListItem","position":1,"name":"Accueil","item":"https:\/\/lasentinelle.dz\/"},{"@type":"ListItem","position":2,"name":"Int\u00e9gration \u00e9conomique africaine\u00a0: Le plaidoyer de l\u2019Alg\u00e9rie"}]},{"@type":"WebSite","@id":"https:\/\/lasentinelle.dz\/#website","url":"https:\/\/lasentinelle.dz\/","name":"La Sentinelle","description":"Quotidien national d&#039;information","publisher":{"@id":"https:\/\/lasentinelle.dz\/#organization"},"potentialAction":[{"@type":"SearchAction","target":{"@type":"EntryPoint","urlTemplate":"https:\/\/lasentinelle.dz\/?s={search_term_string}"},"query-input":{"@type":"PropertyValueSpecification","valueRequired":true,"valueName":"search_term_string"}}],"inLanguage":"fr-FR"},{"@type":"Organization","@id":"https:\/\/lasentinelle.dz\/#organization","name":"Quotidien La Sentinelle","url":"https:\/\/lasentinelle.dz\/","logo":{"@type":"ImageObject","inLanguage":"fr-FR","@id":"https:\/\/lasentinelle.dz\/#\/schema\/logo\/image\/","url":"https:\/\/lasentinelle.dz\/wp-content\/uploads\/2021\/09\/logo-sentinelleSLOGAN-1.png","contentUrl":"https:\/\/lasentinelle.dz\/wp-content\/uploads\/2021\/09\/logo-sentinelleSLOGAN-1.png","width":615,"height":142,"caption":"Quotidien La Sentinelle"},"image":{"@id":"https:\/\/lasentinelle.dz\/#\/schema\/logo\/image\/"},"sameAs":["https:\/\/www.facebook.com\/La-Sentinelle-104059864394773"]},{"@type":"Person","@id":"https:\/\/lasentinelle.dz\/#\/schema\/person\/d865044e22e70a75174ce8bcad3acfb3","name":"La Sentinelle","image":{"@type":"ImageObject","inLanguage":"fr-FR","@id":"https:\/\/secure.gravatar.com\/avatar\/57de8e5d4b15d43fb361a71fbb36338450fe67865b528a43dd10ef7c51a20392?s=96&d=mm&r=g","url":"https:\/\/secure.gravatar.com\/avatar\/57de8e5d4b15d43fb361a71fbb36338450fe67865b528a43dd10ef7c51a20392?s=96&d=mm&r=g","contentUrl":"https:\/\/secure.gravatar.com\/avatar\/57de8e5d4b15d43fb361a71fbb36338450fe67865b528a43dd10ef7c51a20392?s=96&d=mm&r=g","caption":"La Sentinelle"},"sameAs":["http:\/\/www.lasentinelle.dz"],"url":"https:\/\/lasentinelle.dz\/author\/redaction\/"}]}},"_links":{"self":[{"href":"https:\/\/lasentinelle.dz\/index.php\/wp-json\/wp\/v2\/posts\/42098","targetHints":{"allow":["GET"]}}],"collection":[{"href":"https:\/\/lasentinelle.dz\/index.php\/wp-json\/wp\/v2\/posts"}],"about":[{"href":"https:\/\/lasentinelle.dz\/index.php\/wp-json\/wp\/v2\/types\/post"}],"author":[{"embeddable":true,"href":"https:\/\/lasentinelle.dz\/index.php\/wp-json\/wp\/v2\/users\/3"}],"replies":[{"embeddable":true,"href":"https:\/\/lasentinelle.dz\/index.php\/wp-json\/wp\/v2\/comments?post=42098"}],"version-history":[{"count":1,"href":"https:\/\/lasentinelle.dz\/index.php\/wp-json\/wp\/v2\/posts\/42098\/revisions"}],"predecessor-version":[{"id":42117,"href":"https:\/\/lasentinelle.dz\/index.php\/wp-json\/wp\/v2\/posts\/42098\/revisions\/42117"}],"wp:featuredmedia":[{"embeddable":true,"href":"https:\/\/lasentinelle.dz\/index.php\/wp-json\/wp\/v2\/media\/42116"}],"wp:attachment":[{"href":"https:\/\/lasentinelle.dz\/index.php\/wp-json\/wp\/v2\/media?parent=42098"}],"wp:term":[{"taxonomy":"category","embeddable":true,"href":"https:\/\/lasentinelle.dz\/index.php\/wp-json\/wp\/v2\/categories?post=42098"},{"taxonomy":"post_tag","embeddable":true,"href":"https:\/\/lasentinelle.dz\/index.php\/wp-json\/wp\/v2\/tags?post=42098"}],"curies":[{"name":"wp","href":"https:\/\/api.w.org\/{rel}","templated":true}]}}