{"id":42105,"date":"2023-05-31T22:05:00","date_gmt":"2023-05-31T21:05:00","guid":{"rendered":"https:\/\/lasentinelle.dz\/?p=42105"},"modified":"2023-05-31T21:39:10","modified_gmt":"2023-05-31T20:39:10","slug":"le-president-de-la-republique-sentretient-par-telephone-avec-son-homologue-turc","status":"publish","type":"post","link":"https:\/\/lasentinelle.dz\/index.php\/2023\/05\/31\/le-president-de-la-republique-sentretient-par-telephone-avec-son-homologue-turc\/","title":{"rendered":"Le pr\u00e9sident de la R\u00e9publique s&rsquo;entretient par t\u00e9l\u00e9phone avec son homologue turc"},"content":{"rendered":"\n<p>Le pr\u00e9sident de la R\u00e9publique, M. Abdelmadjid Tebboune s&rsquo;est entretenu, hier, par t\u00e9l\u00e9phone avec son fr\u00e8re, le pr\u00e9sident de la R\u00e9publique de Turquie, M. Recep Tayyip Erdogan, auquel il a r\u00e9it\u00e9r\u00e9 ses vives f\u00e9licitations, au nom du peuple alg\u00e9rien et en son nom personnel, suite \u00e0 sa r\u00e9\u00e9lection pour un nouveau mandat, indique un communiqu\u00e9 de la Pr\u00e9sidence de la R\u00e9publique. \u00ab\u00a0Le pr\u00e9sident de la R\u00e9publique, M. Abdelmadjid Tebboune s&rsquo;est entretenu, ce jour, par t\u00e9l\u00e9phone avec son fr\u00e8re, le pr\u00e9sident de la R\u00e9publique de Turquie, M. Recep Tayyip Erdogan, auquel il a r\u00e9it\u00e9r\u00e9 ses vives f\u00e9licitations, au nom du peuple alg\u00e9rien et en son nom personnel, suite \u00e0 sa r\u00e9\u00e9lection pour un nouveau mandat, lui souhaitant succ\u00e8s et r\u00e9ussite apr\u00e8s cette victoire d\u00e9mocratique, \u0153uvre du peuple turc\u00a0\u00bb, lit-on dans le communiqu\u00e9. De son c\u00f4t\u00e9, \u00ab\u00a0le pr\u00e9sident turc a remerci\u00e9 son fr\u00e8re le Pr\u00e9sident Tebboune pour ses f\u00e9licitations, et l&rsquo;a invit\u00e9, \u00e0 cette occasion, \u00e0 prendre part \u00e0 la c\u00e9r\u00e9monie de son investiture\u00a0\u00bb, ajoute la m\u00eame source.<\/p>\n\n\n\n<p>APS<\/p>\n","protected":false},"excerpt":{"rendered":"<p>Le pr\u00e9sident de la R\u00e9publique, M. Abdelmadjid Tebboune s&rsquo;est entretenu, hier, par t\u00e9l\u00e9phone avec son fr\u00e8re, le pr\u00e9sident de la<\/p>\n","protected":false},"author":3,"featured_media":42118,"comment_status":"open","ping_status":"closed","sticky":false,"template":"","format":"standard","meta":{"colormag_page_container_layout":"default_layout","colormag_page_sidebar_layout":"default_layout","om_disable_all_campaigns":false,"_monsterinsights_skip_tracking":false,"_monsterinsights_sitenote_active":false,"_monsterinsights_sitenote_note":"","_monsterinsights_sitenote_category":0,"footnotes":"","_wpscppro_dont_share_socialmedia":false,"_wpscppro_custom_social_share_image":0,"_facebook_share_type":"","_twitter_share_type":"","_linkedin_share_type":"","_pinterest_share_type":"","_linkedin_share_type_page":"","_instagram_share_type":"","_medium_share_type":"","_threads_share_type":"","_google_business_share_type":"","_selected_social_profile":[],"_wpsp_enable_custom_social_template":false,"_wpsp_social_scheduling":{"enabled":false,"datetime":null,"platforms":[],"status":"template_only","dateOption":"today","timeOption":"now","customDays":"","customHours":"","customDate":"","customTime":"","schedulingType":"absolute"},"_wpsp_active_default_template":true},"categories":[27],"tags":[],"class_list":["post-42105","post","type-post","status-publish","format-standard","has-post-thumbnail","hentry","category-actualite"],"aioseo_notices":[],"yoast_head":"<!-- This site is optimized with the Yoast SEO plugin v27.5 - https:\/\/yoast.com\/product\/yoast-seo-wordpress\/ -->\n<title>Le pr\u00e9sident de la R\u00e9publique s&rsquo;entretient par t\u00e9l\u00e9phone avec son homologue turc - La Sentinelle<\/title>\n<meta name=\"robots\" content=\"index, follow, max-snippet:-1, max-image-preview:large, max-video-preview:-1\" \/>\n<link rel=\"canonical\" href=\"https:\/\/lasentinelle.dz\/index.php\/2023\/05\/31\/le-president-de-la-republique-sentretient-par-telephone-avec-son-homologue-turc\/\" \/>\n<meta property=\"og:locale\" content=\"fr_FR\" \/>\n<meta property=\"og:type\" content=\"article\" \/>\n<meta property=\"og:title\" content=\"Le pr\u00e9sident de la R\u00e9publique s&rsquo;entretient par t\u00e9l\u00e9phone avec son homologue turc - La Sentinelle\" \/>\n<meta property=\"og:description\" content=\"Le pr\u00e9sident de la R\u00e9publique, M. Abdelmadjid Tebboune s&rsquo;est entretenu, hier, par t\u00e9l\u00e9phone avec son fr\u00e8re, le pr\u00e9sident de la\" \/>\n<meta property=\"og:url\" content=\"https:\/\/lasentinelle.dz\/index.php\/2023\/05\/31\/le-president-de-la-republique-sentretient-par-telephone-avec-son-homologue-turc\/\" \/>\n<meta property=\"og:site_name\" content=\"La Sentinelle\" \/>\n<meta property=\"article:publisher\" content=\"https:\/\/www.facebook.com\/La-Sentinelle-104059864394773\" \/>\n<meta property=\"article:published_time\" content=\"2023-05-31T21:05:00+00:00\" \/>\n<meta property=\"og:image\" content=\"https:\/\/lasentinelle.dz\/wp-content\/uploads\/2023\/05\/image_2023-05-31_213853510.png\" \/>\n\t<meta property=\"og:image:width\" content=\"800\" \/>\n\t<meta property=\"og:image:height\" content=\"448\" \/>\n\t<meta property=\"og:image:type\" content=\"image\/png\" \/>\n<meta name=\"author\" content=\"La Sentinelle\" \/>\n<meta name=\"twitter:card\" content=\"summary_large_image\" \/>\n<meta name=\"twitter:label1\" content=\"\u00c9crit par\" \/>\n\t<meta name=\"twitter:data1\" content=\"La Sentinelle\" \/>\n\t<meta name=\"twitter:label2\" content=\"Dur\u00e9e de lecture estim\u00e9e\" \/>\n\t<meta name=\"twitter:data2\" content=\"1 minute\" \/>\n<script type=\"application\/ld+json\" class=\"yoast-schema-graph\">{\"@context\":\"https:\\\/\\\/schema.org\",\"@graph\":[{\"@type\":\"Article\",\"@id\":\"https:\\\/\\\/lasentinelle.dz\\\/index.php\\\/2023\\\/05\\\/31\\\/le-president-de-la-republique-sentretient-par-telephone-avec-son-homologue-turc\\\/#article\",\"isPartOf\":{\"@id\":\"https:\\\/\\\/lasentinelle.dz\\\/index.php\\\/2023\\\/05\\\/31\\\/le-president-de-la-republique-sentretient-par-telephone-avec-son-homologue-turc\\\/\"},\"author\":{\"name\":\"La Sentinelle\",\"@id\":\"https:\\\/\\\/lasentinelle.dz\\\/#\\\/schema\\\/person\\\/d865044e22e70a75174ce8bcad3acfb3\"},\"headline\":\"Le pr\u00e9sident de la R\u00e9publique s&rsquo;entretient par t\u00e9l\u00e9phone avec son homologue turc\",\"datePublished\":\"2023-05-31T21:05:00+00:00\",\"mainEntityOfPage\":{\"@id\":\"https:\\\/\\\/lasentinelle.dz\\\/index.php\\\/2023\\\/05\\\/31\\\/le-president-de-la-republique-sentretient-par-telephone-avec-son-homologue-turc\\\/\"},\"wordCount\":221,\"commentCount\":0,\"publisher\":{\"@id\":\"https:\\\/\\\/lasentinelle.dz\\\/#organization\"},\"image\":{\"@id\":\"https:\\\/\\\/lasentinelle.dz\\\/index.php\\\/2023\\\/05\\\/31\\\/le-president-de-la-republique-sentretient-par-telephone-avec-son-homologue-turc\\\/#primaryimage\"},\"thumbnailUrl\":\"https:\\\/\\\/lasentinelle.dz\\\/wp-content\\\/uploads\\\/2023\\\/05\\\/image_2023-05-31_213853510.png\",\"articleSection\":[\"Actualit\u00e9\"],\"inLanguage\":\"fr-FR\",\"potentialAction\":[{\"@type\":\"CommentAction\",\"name\":\"Comment\",\"target\":[\"https:\\\/\\\/lasentinelle.dz\\\/index.php\\\/2023\\\/05\\\/31\\\/le-president-de-la-republique-sentretient-par-telephone-avec-son-homologue-turc\\\/#respond\"]}]},{\"@type\":\"WebPage\",\"@id\":\"https:\\\/\\\/lasentinelle.dz\\\/index.php\\\/2023\\\/05\\\/31\\\/le-president-de-la-republique-sentretient-par-telephone-avec-son-homologue-turc\\\/\",\"url\":\"https:\\\/\\\/lasentinelle.dz\\\/index.php\\\/2023\\\/05\\\/31\\\/le-president-de-la-republique-sentretient-par-telephone-avec-son-homologue-turc\\\/\",\"name\":\"Le pr\u00e9sident de la R\u00e9publique s&rsquo;entretient par t\u00e9l\u00e9phone avec son homologue turc - La Sentinelle\",\"isPartOf\":{\"@id\":\"https:\\\/\\\/lasentinelle.dz\\\/#website\"},\"primaryImageOfPage\":{\"@id\":\"https:\\\/\\\/lasentinelle.dz\\\/index.php\\\/2023\\\/05\\\/31\\\/le-president-de-la-republique-sentretient-par-telephone-avec-son-homologue-turc\\\/#primaryimage\"},\"image\":{\"@id\":\"https:\\\/\\\/lasentinelle.dz\\\/index.php\\\/2023\\\/05\\\/31\\\/le-president-de-la-republique-sentretient-par-telephone-avec-son-homologue-turc\\\/#primaryimage\"},\"thumbnailUrl\":\"https:\\\/\\\/lasentinelle.dz\\\/wp-content\\\/uploads\\\/2023\\\/05\\\/image_2023-05-31_213853510.png\",\"datePublished\":\"2023-05-31T21:05:00+00:00\",\"breadcrumb\":{\"@id\":\"https:\\\/\\\/lasentinelle.dz\\\/index.php\\\/2023\\\/05\\\/31\\\/le-president-de-la-republique-sentretient-par-telephone-avec-son-homologue-turc\\\/#breadcrumb\"},\"inLanguage\":\"fr-FR\",\"potentialAction\":[{\"@type\":\"ReadAction\",\"target\":[\"https:\\\/\\\/lasentinelle.dz\\\/index.php\\\/2023\\\/05\\\/31\\\/le-president-de-la-republique-sentretient-par-telephone-avec-son-homologue-turc\\\/\"]}]},{\"@type\":\"ImageObject\",\"inLanguage\":\"fr-FR\",\"@id\":\"https:\\\/\\\/lasentinelle.dz\\\/index.php\\\/2023\\\/05\\\/31\\\/le-president-de-la-republique-sentretient-par-telephone-avec-son-homologue-turc\\\/#primaryimage\",\"url\":\"https:\\\/\\\/lasentinelle.dz\\\/wp-content\\\/uploads\\\/2023\\\/05\\\/image_2023-05-31_213853510.png\",\"contentUrl\":\"https:\\\/\\\/lasentinelle.dz\\\/wp-content\\\/uploads\\\/2023\\\/05\\\/image_2023-05-31_213853510.png\",\"width\":800,\"height\":448},{\"@type\":\"BreadcrumbList\",\"@id\":\"https:\\\/\\\/lasentinelle.dz\\\/index.php\\\/2023\\\/05\\\/31\\\/le-president-de-la-republique-sentretient-par-telephone-avec-son-homologue-turc\\\/#breadcrumb\",\"itemListElement\":[{\"@type\":\"ListItem\",\"position\":1,\"name\":\"Accueil\",\"item\":\"https:\\\/\\\/lasentinelle.dz\\\/\"},{\"@type\":\"ListItem\",\"position\":2,\"name\":\"Le pr\u00e9sident de la R\u00e9publique s&rsquo;entretient par t\u00e9l\u00e9phone avec son homologue turc\"}]},{\"@type\":\"WebSite\",\"@id\":\"https:\\\/\\\/lasentinelle.dz\\\/#website\",\"url\":\"https:\\\/\\\/lasentinelle.dz\\\/\",\"name\":\"La Sentinelle\",\"description\":\"Quotidien national d&#039;information\",\"publisher\":{\"@id\":\"https:\\\/\\\/lasentinelle.dz\\\/#organization\"},\"potentialAction\":[{\"@type\":\"SearchAction\",\"target\":{\"@type\":\"EntryPoint\",\"urlTemplate\":\"https:\\\/\\\/lasentinelle.dz\\\/?s={search_term_string}\"},\"query-input\":{\"@type\":\"PropertyValueSpecification\",\"valueRequired\":true,\"valueName\":\"search_term_string\"}}],\"inLanguage\":\"fr-FR\"},{\"@type\":\"Organization\",\"@id\":\"https:\\\/\\\/lasentinelle.dz\\\/#organization\",\"name\":\"Quotidien La Sentinelle\",\"url\":\"https:\\\/\\\/lasentinelle.dz\\\/\",\"logo\":{\"@type\":\"ImageObject\",\"inLanguage\":\"fr-FR\",\"@id\":\"https:\\\/\\\/lasentinelle.dz\\\/#\\\/schema\\\/logo\\\/image\\\/\",\"url\":\"https:\\\/\\\/lasentinelle.dz\\\/wp-content\\\/uploads\\\/2021\\\/09\\\/logo-sentinelleSLOGAN-1.png\",\"contentUrl\":\"https:\\\/\\\/lasentinelle.dz\\\/wp-content\\\/uploads\\\/2021\\\/09\\\/logo-sentinelleSLOGAN-1.png\",\"width\":615,\"height\":142,\"caption\":\"Quotidien La Sentinelle\"},\"image\":{\"@id\":\"https:\\\/\\\/lasentinelle.dz\\\/#\\\/schema\\\/logo\\\/image\\\/\"},\"sameAs\":[\"https:\\\/\\\/www.facebook.com\\\/La-Sentinelle-104059864394773\"]},{\"@type\":\"Person\",\"@id\":\"https:\\\/\\\/lasentinelle.dz\\\/#\\\/schema\\\/person\\\/d865044e22e70a75174ce8bcad3acfb3\",\"name\":\"La Sentinelle\",\"image\":{\"@type\":\"ImageObject\",\"inLanguage\":\"fr-FR\",\"@id\":\"https:\\\/\\\/secure.gravatar.com\\\/avatar\\\/57de8e5d4b15d43fb361a71fbb36338450fe67865b528a43dd10ef7c51a20392?s=96&d=mm&r=g\",\"url\":\"https:\\\/\\\/secure.gravatar.com\\\/avatar\\\/57de8e5d4b15d43fb361a71fbb36338450fe67865b528a43dd10ef7c51a20392?s=96&d=mm&r=g\",\"contentUrl\":\"https:\\\/\\\/secure.gravatar.com\\\/avatar\\\/57de8e5d4b15d43fb361a71fbb36338450fe67865b528a43dd10ef7c51a20392?s=96&d=mm&r=g\",\"caption\":\"La Sentinelle\"},\"sameAs\":[\"http:\\\/\\\/www.lasentinelle.dz\"],\"url\":\"https:\\\/\\\/lasentinelle.dz\\\/author\\\/redaction\\\/\"}]}<\/script>\n<!-- \/ Yoast SEO plugin. -->","yoast_head_json":{"title":"Le pr\u00e9sident de la R\u00e9publique s&rsquo;entretient par t\u00e9l\u00e9phone avec son homologue turc - La Sentinelle","robots":{"index":"index","follow":"follow","max-snippet":"max-snippet:-1","max-image-preview":"max-image-preview:large","max-video-preview":"max-video-preview:-1"},"canonical":"https:\/\/lasentinelle.dz\/index.php\/2023\/05\/31\/le-president-de-la-republique-sentretient-par-telephone-avec-son-homologue-turc\/","og_locale":"fr_FR","og_type":"article","og_title":"Le pr\u00e9sident de la R\u00e9publique s&rsquo;entretient par t\u00e9l\u00e9phone avec son homologue turc - La Sentinelle","og_description":"Le pr\u00e9sident de la R\u00e9publique, M. Abdelmadjid Tebboune s&rsquo;est entretenu, hier, par t\u00e9l\u00e9phone avec son fr\u00e8re, le pr\u00e9sident de la","og_url":"https:\/\/lasentinelle.dz\/index.php\/2023\/05\/31\/le-president-de-la-republique-sentretient-par-telephone-avec-son-homologue-turc\/","og_site_name":"La Sentinelle","article_publisher":"https:\/\/www.facebook.com\/La-Sentinelle-104059864394773","article_published_time":"2023-05-31T21:05:00+00:00","og_image":[{"width":800,"height":448,"url":"https:\/\/lasentinelle.dz\/wp-content\/uploads\/2023\/05\/image_2023-05-31_213853510.png","type":"image\/png"}],"author":"La Sentinelle","twitter_card":"summary_large_image","twitter_misc":{"\u00c9crit par":"La Sentinelle","Dur\u00e9e de lecture estim\u00e9e":"1 minute"},"schema":{"@context":"https:\/\/schema.org","@graph":[{"@type":"Article","@id":"https:\/\/lasentinelle.dz\/index.php\/2023\/05\/31\/le-president-de-la-republique-sentretient-par-telephone-avec-son-homologue-turc\/#article","isPartOf":{"@id":"https:\/\/lasentinelle.dz\/index.php\/2023\/05\/31\/le-president-de-la-republique-sentretient-par-telephone-avec-son-homologue-turc\/"},"author":{"name":"La Sentinelle","@id":"https:\/\/lasentinelle.dz\/#\/schema\/person\/d865044e22e70a75174ce8bcad3acfb3"},"headline":"Le pr\u00e9sident de la R\u00e9publique s&rsquo;entretient par t\u00e9l\u00e9phone avec son homologue turc","datePublished":"2023-05-31T21:05:00+00:00","mainEntityOfPage":{"@id":"https:\/\/lasentinelle.dz\/index.php\/2023\/05\/31\/le-president-de-la-republique-sentretient-par-telephone-avec-son-homologue-turc\/"},"wordCount":221,"commentCount":0,"publisher":{"@id":"https:\/\/lasentinelle.dz\/#organization"},"image":{"@id":"https:\/\/lasentinelle.dz\/index.php\/2023\/05\/31\/le-president-de-la-republique-sentretient-par-telephone-avec-son-homologue-turc\/#primaryimage"},"thumbnailUrl":"https:\/\/lasentinelle.dz\/wp-content\/uploads\/2023\/05\/image_2023-05-31_213853510.png","articleSection":["Actualit\u00e9"],"inLanguage":"fr-FR","potentialAction":[{"@type":"CommentAction","name":"Comment","target":["https:\/\/lasentinelle.dz\/index.php\/2023\/05\/31\/le-president-de-la-republique-sentretient-par-telephone-avec-son-homologue-turc\/#respond"]}]},{"@type":"WebPage","@id":"https:\/\/lasentinelle.dz\/index.php\/2023\/05\/31\/le-president-de-la-republique-sentretient-par-telephone-avec-son-homologue-turc\/","url":"https:\/\/lasentinelle.dz\/index.php\/2023\/05\/31\/le-president-de-la-republique-sentretient-par-telephone-avec-son-homologue-turc\/","name":"Le pr\u00e9sident de la R\u00e9publique s&rsquo;entretient par t\u00e9l\u00e9phone avec son homologue turc - La Sentinelle","isPartOf":{"@id":"https:\/\/lasentinelle.dz\/#website"},"primaryImageOfPage":{"@id":"https:\/\/lasentinelle.dz\/index.php\/2023\/05\/31\/le-president-de-la-republique-sentretient-par-telephone-avec-son-homologue-turc\/#primaryimage"},"image":{"@id":"https:\/\/lasentinelle.dz\/index.php\/2023\/05\/31\/le-president-de-la-republique-sentretient-par-telephone-avec-son-homologue-turc\/#primaryimage"},"thumbnailUrl":"https:\/\/lasentinelle.dz\/wp-content\/uploads\/2023\/05\/image_2023-05-31_213853510.png","datePublished":"2023-05-31T21:05:00+00:00","breadcrumb":{"@id":"https:\/\/lasentinelle.dz\/index.php\/2023\/05\/31\/le-president-de-la-republique-sentretient-par-telephone-avec-son-homologue-turc\/#breadcrumb"},"inLanguage":"fr-FR","potentialAction":[{"@type":"ReadAction","target":["https:\/\/lasentinelle.dz\/index.php\/2023\/05\/31\/le-president-de-la-republique-sentretient-par-telephone-avec-son-homologue-turc\/"]}]},{"@type":"ImageObject","inLanguage":"fr-FR","@id":"https:\/\/lasentinelle.dz\/index.php\/2023\/05\/31\/le-president-de-la-republique-sentretient-par-telephone-avec-son-homologue-turc\/#primaryimage","url":"https:\/\/lasentinelle.dz\/wp-content\/uploads\/2023\/05\/image_2023-05-31_213853510.png","contentUrl":"https:\/\/lasentinelle.dz\/wp-content\/uploads\/2023\/05\/image_2023-05-31_213853510.png","width":800,"height":448},{"@type":"BreadcrumbList","@id":"https:\/\/lasentinelle.dz\/index.php\/2023\/05\/31\/le-president-de-la-republique-sentretient-par-telephone-avec-son-homologue-turc\/#breadcrumb","itemListElement":[{"@type":"ListItem","position":1,"name":"Accueil","item":"https:\/\/lasentinelle.dz\/"},{"@type":"ListItem","position":2,"name":"Le pr\u00e9sident de la R\u00e9publique s&rsquo;entretient par t\u00e9l\u00e9phone avec son homologue turc"}]},{"@type":"WebSite","@id":"https:\/\/lasentinelle.dz\/#website","url":"https:\/\/lasentinelle.dz\/","name":"La Sentinelle","description":"Quotidien national d&#039;information","publisher":{"@id":"https:\/\/lasentinelle.dz\/#organization"},"potentialAction":[{"@type":"SearchAction","target":{"@type":"EntryPoint","urlTemplate":"https:\/\/lasentinelle.dz\/?s={search_term_string}"},"query-input":{"@type":"PropertyValueSpecification","valueRequired":true,"valueName":"search_term_string"}}],"inLanguage":"fr-FR"},{"@type":"Organization","@id":"https:\/\/lasentinelle.dz\/#organization","name":"Quotidien La Sentinelle","url":"https:\/\/lasentinelle.dz\/","logo":{"@type":"ImageObject","inLanguage":"fr-FR","@id":"https:\/\/lasentinelle.dz\/#\/schema\/logo\/image\/","url":"https:\/\/lasentinelle.dz\/wp-content\/uploads\/2021\/09\/logo-sentinelleSLOGAN-1.png","contentUrl":"https:\/\/lasentinelle.dz\/wp-content\/uploads\/2021\/09\/logo-sentinelleSLOGAN-1.png","width":615,"height":142,"caption":"Quotidien La Sentinelle"},"image":{"@id":"https:\/\/lasentinelle.dz\/#\/schema\/logo\/image\/"},"sameAs":["https:\/\/www.facebook.com\/La-Sentinelle-104059864394773"]},{"@type":"Person","@id":"https:\/\/lasentinelle.dz\/#\/schema\/person\/d865044e22e70a75174ce8bcad3acfb3","name":"La Sentinelle","image":{"@type":"ImageObject","inLanguage":"fr-FR","@id":"https:\/\/secure.gravatar.com\/avatar\/57de8e5d4b15d43fb361a71fbb36338450fe67865b528a43dd10ef7c51a20392?s=96&d=mm&r=g","url":"https:\/\/secure.gravatar.com\/avatar\/57de8e5d4b15d43fb361a71fbb36338450fe67865b528a43dd10ef7c51a20392?s=96&d=mm&r=g","contentUrl":"https:\/\/secure.gravatar.com\/avatar\/57de8e5d4b15d43fb361a71fbb36338450fe67865b528a43dd10ef7c51a20392?s=96&d=mm&r=g","caption":"La Sentinelle"},"sameAs":["http:\/\/www.lasentinelle.dz"],"url":"https:\/\/lasentinelle.dz\/author\/redaction\/"}]}},"_links":{"self":[{"href":"https:\/\/lasentinelle.dz\/index.php\/wp-json\/wp\/v2\/posts\/42105","targetHints":{"allow":["GET"]}}],"collection":[{"href":"https:\/\/lasentinelle.dz\/index.php\/wp-json\/wp\/v2\/posts"}],"about":[{"href":"https:\/\/lasentinelle.dz\/index.php\/wp-json\/wp\/v2\/types\/post"}],"author":[{"embeddable":true,"href":"https:\/\/lasentinelle.dz\/index.php\/wp-json\/wp\/v2\/users\/3"}],"replies":[{"embeddable":true,"href":"https:\/\/lasentinelle.dz\/index.php\/wp-json\/wp\/v2\/comments?post=42105"}],"version-history":[{"count":1,"href":"https:\/\/lasentinelle.dz\/index.php\/wp-json\/wp\/v2\/posts\/42105\/revisions"}],"predecessor-version":[{"id":42119,"href":"https:\/\/lasentinelle.dz\/index.php\/wp-json\/wp\/v2\/posts\/42105\/revisions\/42119"}],"wp:featuredmedia":[{"embeddable":true,"href":"https:\/\/lasentinelle.dz\/index.php\/wp-json\/wp\/v2\/media\/42118"}],"wp:attachment":[{"href":"https:\/\/lasentinelle.dz\/index.php\/wp-json\/wp\/v2\/media?parent=42105"}],"wp:term":[{"taxonomy":"category","embeddable":true,"href":"https:\/\/lasentinelle.dz\/index.php\/wp-json\/wp\/v2\/categories?post=42105"},{"taxonomy":"post_tag","embeddable":true,"href":"https:\/\/lasentinelle.dz\/index.php\/wp-json\/wp\/v2\/tags?post=42105"}],"curies":[{"name":"wp","href":"https:\/\/api.w.org\/{rel}","templated":true}]}}