{"id":42140,"date":"2023-06-03T22:00:00","date_gmt":"2023-06-03T21:00:00","guid":{"rendered":"https:\/\/lasentinelle.dz\/?p=42140"},"modified":"2023-06-03T17:16:15","modified_gmt":"2023-06-03T16:16:15","slug":"turquie-erdogan-prete-serment-pour-un-nouveau-mandat","status":"publish","type":"post","link":"https:\/\/lasentinelle.dz\/index.php\/2023\/06\/03\/turquie-erdogan-prete-serment-pour-un-nouveau-mandat\/","title":{"rendered":"Turquie\u00a0: Erdogan pr\u00eate serment pour un nouveau mandat"},"content":{"rendered":"\n<p class=\"wp-block-paragraph\">Le pr\u00e9sident turc Recep Tayyip Erdogan a pr\u00eat\u00e9 serment hier pour un nouveau mandat pr\u00e9sidentiel de cinq ans, prolongeant de cinq ans son r\u00e8gne de 20 ans \u00e0 la t\u00eate d&rsquo;un pays divis\u00e9. \u00ab\u00a0En tant que pr\u00e9sident, je jure sur mon honneur et mon int\u00e9grit\u00e9 devant la grande nation turque et l&rsquo;histoire de sauvegarder l&rsquo;existence et l&rsquo;ind\u00e9pendance de l&rsquo;Etat (&#8230;) de respecter la constitution, l&rsquo;\u00e9tat de droit, la d\u00e9mocratie, les principes et les r\u00e9formes d&rsquo;Atat\u00fcrk ainsi que les principes de la r\u00e9publique la\u00efque\u00a0\u00bb, a-t-il d\u00e9clar\u00e9 lors d&rsquo;une c\u00e9r\u00e9monie au Parlement, retransmise en direct \u00e0 la t\u00e9l\u00e9vision. Mustafa Kemal Atat\u00fcrk est le p\u00e8re de la Turquie la\u00efque. Le pr\u00e9sident sortant a remport\u00e9 au second tour de l&rsquo;\u00e9lection pr\u00e9sidentielle du 28 mai 52,1% des suffrages exprim\u00e9s, contre 47,9% pour son rival Kemal Kili\u00e7daroglu, candidat d&rsquo;une alliance de partis d&rsquo;opposition.<\/p>\n\n\n\n<p class=\"wp-block-paragraph\">Apr\u00e8s sa prestation de serment au Parlement, une c\u00e9r\u00e9monie s\u2019est tenue au palais pr\u00e9sidentiel en pr\u00e9sence de hauts responsables de 78 pays et organisations internationales, dont le secr\u00e9taire g\u00e9n\u00e9ral de l&rsquo;Otan Jens Stoltenberg, le pr\u00e9sident v\u00e9n\u00e9zu\u00e9lien Nicolas Maduro, le Premier ministre hongrois Viktor Orban et le Premier ministre arm\u00e9nien Nikol Pashinyan, selon l&rsquo;agence de presse Anadolu.<\/p>\n\n\n\n<p class=\"wp-block-paragraph\">Recep Tayyip Erdogan devait ensuite annoncer la composition de son gouvernement o\u00f9 des changements au niveau \u00e9conomique sont attendus.<\/p>\n\n\n\n<p class=\"wp-block-paragraph\">R.I. avec agences<\/p>\n","protected":false},"excerpt":{"rendered":"<p>Le pr\u00e9sident turc Recep Tayyip Erdogan a pr\u00eat\u00e9 serment hier pour un nouveau mandat pr\u00e9sidentiel de cinq ans, prolongeant de<\/p>\n","protected":false},"author":3,"featured_media":42148,"comment_status":"open","ping_status":"closed","sticky":false,"template":"","format":"standard","meta":{"colormag_page_container_layout":"default_layout","colormag_page_sidebar_layout":"default_layout","om_disable_all_campaigns":false,"_monsterinsights_skip_tracking":false,"footnotes":"","_wpscppro_dont_share_socialmedia":false,"_wpscppro_custom_social_share_image":0,"_facebook_share_type":"","_twitter_share_type":"","_linkedin_share_type":"","_pinterest_share_type":"","_linkedin_share_type_page":"","_instagram_share_type":"","_medium_share_type":"","_threads_share_type":"","_google_business_share_type":"","_bluesky_share_type":"","_mastodon_share_type":"","_selected_social_profile":[],"_wpsp_enable_custom_social_template":false,"_wpsp_social_scheduling":{"enabled":false,"datetime":null,"platforms":[],"status":"template_only","dateOption":"today","timeOption":"now","customDays":"","customHours":"","customDate":"","customTime":"","schedulingType":"absolute"},"_wpsp_active_default_template":true},"categories":[37],"tags":[],"class_list":["post-42140","post","type-post","status-publish","format-standard","has-post-thumbnail","hentry","category-monde"],"aioseo_notices":[],"aioseo_head":"\n\t\t<!-- All in One SEO 5.0.0.1 - aioseo.com -->\n\t<meta name=\"description\" content=\"Le pr\u00e9sident turc Recep Tayyip Erdogan a pr\u00eat\u00e9 serment hier pour un nouveau mandat pr\u00e9sidentiel de cinq ans, prolongeant de cinq ans son r\u00e8gne de 20 ans \u00e0 la t\u00eate d&#039;un pays divis\u00e9. &quot;En tant que pr\u00e9sident, je jure sur mon honneur et mon int\u00e9grit\u00e9 devant la grande nation turque et l&#039;histoire de sauvegarder l&#039;existence\" \/>\n\t<meta name=\"robots\" content=\"max-image-preview:large\" \/>\n\t<meta name=\"author\" content=\"La Sentinelle\"\/>\n\t<link rel=\"canonical\" href=\"https:\/\/lasentinelle.dz\/index.php\/2023\/06\/03\/turquie-erdogan-prete-serment-pour-un-nouveau-mandat\/\" \/>\n\t<meta name=\"generator\" content=\"All in One SEO (AIOSEO) 5.0.0.1\" \/>\n\t\t<meta property=\"og:locale\" content=\"fr_FR\" \/>\n\t\t<meta property=\"og:site_name\" content=\"La Sentinelle - Quotidien national d&#039;information\" \/>\n\t\t<meta property=\"og:type\" content=\"article\" \/>\n\t\t<meta property=\"og:title\" content=\"Turquie : Erdogan pr\u00eate serment pour un nouveau mandat - La Sentinelle\" \/>\n\t\t<meta property=\"og:description\" content=\"Le pr\u00e9sident turc Recep Tayyip Erdogan a pr\u00eat\u00e9 serment hier pour un nouveau mandat pr\u00e9sidentiel de cinq ans, prolongeant de cinq ans son r\u00e8gne de 20 ans \u00e0 la t\u00eate d&#039;un pays divis\u00e9. &quot;En tant que pr\u00e9sident, je jure sur mon honneur et mon int\u00e9grit\u00e9 devant la grande nation turque et l&#039;histoire de sauvegarder l&#039;existence\" \/>\n\t\t<meta property=\"og:url\" content=\"https:\/\/lasentinelle.dz\/index.php\/2023\/06\/03\/turquie-erdogan-prete-serment-pour-un-nouveau-mandat\/\" \/>\n\t\t<meta property=\"og:image\" content=\"https:\/\/lasentinelle.dz\/wp-content\/uploads\/2021\/09\/cropped-la-sentinelle-earth-golden-anima-5.gif\" \/>\n\t\t<meta property=\"og:image:secure_url\" content=\"https:\/\/lasentinelle.dz\/wp-content\/uploads\/2021\/09\/cropped-la-sentinelle-earth-golden-anima-5.gif\" \/>\n\t\t<meta property=\"og:image:width\" content=\"450\" \/>\n\t\t<meta property=\"og:image:height\" content=\"213\" \/>\n\t\t<meta property=\"article:published_time\" content=\"2023-06-03T21:00:00+00:00\" \/>\n\t\t<meta property=\"article:modified_time\" content=\"2023-06-03T16:16:15+00:00\" \/>\n\t\t<meta property=\"article:publisher\" content=\"https:\/\/www.facebook.com\/azzedine.lasentinelle.1\" \/>\n\t\t<meta name=\"twitter:card\" content=\"summary_large_image\" \/>\n\t\t<meta name=\"twitter:title\" content=\"Turquie : Erdogan pr\u00eate serment pour un nouveau mandat - La Sentinelle\" \/>\n\t\t<meta name=\"twitter:description\" content=\"Le pr\u00e9sident turc Recep Tayyip Erdogan a pr\u00eat\u00e9 serment hier pour un nouveau mandat pr\u00e9sidentiel de cinq ans, prolongeant de cinq ans son r\u00e8gne de 20 ans \u00e0 la t\u00eate d&#039;un pays divis\u00e9. &quot;En tant que pr\u00e9sident, je jure sur mon honneur et mon int\u00e9grit\u00e9 devant la grande nation turque et l&#039;histoire de sauvegarder l&#039;existence\" \/>\n\t\t<meta name=\"twitter:image\" content=\"https:\/\/lasentinelle.dz\/wp-content\/uploads\/2021\/09\/cropped-la-sentinelle-earth-golden-anima-5.gif\" \/>\n\t\t<script type=\"application\/ld+json\" class=\"aioseo-schema\">\n\t\t\t{\"@context\":\"https:\\\/\\\/schema.org\",\"@graph\":[{\"@type\":\"BlogPosting\",\"@id\":\"https:\\\/\\\/lasentinelle.dz\\\/index.php\\\/2023\\\/06\\\/03\\\/turquie-erdogan-prete-serment-pour-un-nouveau-mandat\\\/#blogposting\",\"name\":\"Turquie : Erdogan pr\\u00eate serment pour un nouveau mandat - La Sentinelle\",\"headline\":\"Turquie\\u00a0: Erdogan pr\\u00eate serment pour un nouveau mandat\",\"author\":{\"@id\":\"https:\\\/\\\/lasentinelle.dz\\\/author\\\/redaction\\\/#author\"},\"publisher\":{\"@id\":\"https:\\\/\\\/lasentinelle.dz\\\/#organization\"},\"image\":{\"@type\":\"ImageObject\",\"url\":\"https:\\\/\\\/lasentinelle.dz\\\/wp-content\\\/uploads\\\/2023\\\/06\\\/image_2023-06-03_171600410.png\",\"width\":734,\"height\":534},\"datePublished\":\"2023-06-03T22:00:00+01:00\",\"dateModified\":\"2023-06-03T17:16:15+01:00\",\"inLanguage\":\"fr-FR\",\"mainEntityOfPage\":{\"@id\":\"https:\\\/\\\/lasentinelle.dz\\\/index.php\\\/2023\\\/06\\\/03\\\/turquie-erdogan-prete-serment-pour-un-nouveau-mandat\\\/#webpage\"},\"isPartOf\":{\"@id\":\"https:\\\/\\\/lasentinelle.dz\\\/index.php\\\/2023\\\/06\\\/03\\\/turquie-erdogan-prete-serment-pour-un-nouveau-mandat\\\/#webpage\"},\"articleSection\":\"Monde\"},{\"@type\":\"BreadcrumbList\",\"@id\":\"https:\\\/\\\/lasentinelle.dz\\\/index.php\\\/2023\\\/06\\\/03\\\/turquie-erdogan-prete-serment-pour-un-nouveau-mandat\\\/#breadcrumblist\",\"itemListElement\":[{\"@type\":\"ListItem\",\"@id\":\"https:\\\/\\\/lasentinelle.dz#listItem\",\"position\":1,\"name\":\"Home\",\"item\":\"https:\\\/\\\/lasentinelle.dz\",\"nextItem\":{\"@type\":\"ListItem\",\"@id\":\"https:\\\/\\\/lasentinelle.dz\\\/index.php\\\/category\\\/monde\\\/#listItem\",\"name\":\"Monde\"}},{\"@type\":\"ListItem\",\"@id\":\"https:\\\/\\\/lasentinelle.dz\\\/index.php\\\/category\\\/monde\\\/#listItem\",\"position\":2,\"name\":\"Monde\",\"item\":\"https:\\\/\\\/lasentinelle.dz\\\/index.php\\\/category\\\/monde\\\/\",\"nextItem\":{\"@type\":\"ListItem\",\"@id\":\"https:\\\/\\\/lasentinelle.dz\\\/index.php\\\/2023\\\/06\\\/03\\\/turquie-erdogan-prete-serment-pour-un-nouveau-mandat\\\/#listItem\",\"name\":\"Turquie\\u00a0: Erdogan pr\\u00eate serment pour un nouveau mandat\"},\"previousItem\":{\"@type\":\"ListItem\",\"@id\":\"https:\\\/\\\/lasentinelle.dz#listItem\",\"name\":\"Home\"}},{\"@type\":\"ListItem\",\"@id\":\"https:\\\/\\\/lasentinelle.dz\\\/index.php\\\/2023\\\/06\\\/03\\\/turquie-erdogan-prete-serment-pour-un-nouveau-mandat\\\/#listItem\",\"position\":3,\"name\":\"Turquie\\u00a0: Erdogan pr\\u00eate serment pour un nouveau mandat\",\"previousItem\":{\"@type\":\"ListItem\",\"@id\":\"https:\\\/\\\/lasentinelle.dz\\\/index.php\\\/category\\\/monde\\\/#listItem\",\"name\":\"Monde\"}}]},{\"@type\":\"Organization\",\"@id\":\"https:\\\/\\\/lasentinelle.dz\\\/#organization\",\"name\":\"La Sentinelle La Sentinelle\",\"description\":\"Quotidien national d'information\",\"url\":\"https:\\\/\\\/lasentinelle.dz\\\/\",\"logo\":{\"@type\":\"ImageObject\",\"url\":\"https:\\\/\\\/lasentinelle.dz\\\/wp-content\\\/uploads\\\/2021\\\/09\\\/cropped-la-sentinelle-earth-golden-anima-5.gif\",\"@id\":\"https:\\\/\\\/lasentinelle.dz\\\/index.php\\\/2023\\\/06\\\/03\\\/turquie-erdogan-prete-serment-pour-un-nouveau-mandat\\\/#organizationLogo\",\"width\":450,\"height\":213},\"image\":{\"@id\":\"https:\\\/\\\/lasentinelle.dz\\\/index.php\\\/2023\\\/06\\\/03\\\/turquie-erdogan-prete-serment-pour-un-nouveau-mandat\\\/#organizationLogo\"},\"sameAs\":[\"https:\\\/\\\/www.facebook.com\\\/azzedine.lasentinelle.1\"]},{\"@type\":\"Person\",\"@id\":\"https:\\\/\\\/lasentinelle.dz\\\/author\\\/redaction\\\/#author\",\"url\":\"https:\\\/\\\/lasentinelle.dz\\\/author\\\/redaction\\\/\",\"name\":\"La Sentinelle\",\"image\":{\"@type\":\"ImageObject\",\"@id\":\"https:\\\/\\\/lasentinelle.dz\\\/index.php\\\/2023\\\/06\\\/03\\\/turquie-erdogan-prete-serment-pour-un-nouveau-mandat\\\/#authorImage\",\"url\":\"https:\\\/\\\/secure.gravatar.com\\\/avatar\\\/57de8e5d4b15d43fb361a71fbb36338450fe67865b528a43dd10ef7c51a20392?s=96&d=mm&r=g\",\"width\":96,\"height\":96,\"caption\":\"La Sentinelle\"}},{\"@type\":\"WebPage\",\"@id\":\"https:\\\/\\\/lasentinelle.dz\\\/index.php\\\/2023\\\/06\\\/03\\\/turquie-erdogan-prete-serment-pour-un-nouveau-mandat\\\/#webpage\",\"url\":\"https:\\\/\\\/lasentinelle.dz\\\/index.php\\\/2023\\\/06\\\/03\\\/turquie-erdogan-prete-serment-pour-un-nouveau-mandat\\\/\",\"name\":\"Turquie : Erdogan pr\\u00eate serment pour un nouveau mandat - La Sentinelle\",\"description\":\"Le pr\\u00e9sident turc Recep Tayyip Erdogan a pr\\u00eat\\u00e9 serment hier pour un nouveau mandat pr\\u00e9sidentiel de cinq ans, prolongeant de cinq ans son r\\u00e8gne de 20 ans \\u00e0 la t\\u00eate d'un pays divis\\u00e9. \\\"En tant que pr\\u00e9sident, je jure sur mon honneur et mon int\\u00e9grit\\u00e9 devant la grande nation turque et l'histoire de sauvegarder l'existence\",\"inLanguage\":\"fr-FR\",\"isPartOf\":{\"@id\":\"https:\\\/\\\/lasentinelle.dz\\\/#website\"},\"breadcrumb\":{\"@id\":\"https:\\\/\\\/lasentinelle.dz\\\/index.php\\\/2023\\\/06\\\/03\\\/turquie-erdogan-prete-serment-pour-un-nouveau-mandat\\\/#breadcrumblist\"},\"author\":{\"@id\":\"https:\\\/\\\/lasentinelle.dz\\\/author\\\/redaction\\\/#author\"},\"creator\":{\"@id\":\"https:\\\/\\\/lasentinelle.dz\\\/author\\\/redaction\\\/#author\"},\"image\":{\"@type\":\"ImageObject\",\"url\":\"https:\\\/\\\/lasentinelle.dz\\\/wp-content\\\/uploads\\\/2023\\\/06\\\/image_2023-06-03_171600410.png\",\"@id\":\"https:\\\/\\\/lasentinelle.dz\\\/index.php\\\/2023\\\/06\\\/03\\\/turquie-erdogan-prete-serment-pour-un-nouveau-mandat\\\/#mainImage\",\"width\":734,\"height\":534},\"primaryImageOfPage\":{\"@id\":\"https:\\\/\\\/lasentinelle.dz\\\/index.php\\\/2023\\\/06\\\/03\\\/turquie-erdogan-prete-serment-pour-un-nouveau-mandat\\\/#mainImage\"},\"datePublished\":\"2023-06-03T22:00:00+01:00\",\"dateModified\":\"2023-06-03T17:16:15+01:00\"},{\"@type\":\"WebSite\",\"@id\":\"https:\\\/\\\/lasentinelle.dz\\\/#website\",\"url\":\"https:\\\/\\\/lasentinelle.dz\\\/\",\"name\":\"La Sentinelle\",\"description\":\"Quotidien national d'information\",\"inLanguage\":\"fr-FR\",\"publisher\":{\"@id\":\"https:\\\/\\\/lasentinelle.dz\\\/#organization\"}}]}\n\t\t<\/script>\n\t\t<!-- All in One SEO -->\n\n","aioseo_head_json":{"title":"Turquie : Erdogan pr\u00eate serment pour un nouveau mandat - La Sentinelle","description":"Le pr\u00e9sident turc Recep Tayyip Erdogan a pr\u00eat\u00e9 serment hier pour un nouveau mandat pr\u00e9sidentiel de cinq ans, prolongeant de cinq ans son r\u00e8gne de 20 ans \u00e0 la t\u00eate d'un pays divis\u00e9. \"En tant que pr\u00e9sident, je jure sur mon honneur et mon int\u00e9grit\u00e9 devant la grande nation turque et l'histoire de sauvegarder l'existence","canonical_url":"https:\/\/lasentinelle.dz\/index.php\/2023\/06\/03\/turquie-erdogan-prete-serment-pour-un-nouveau-mandat\/","robots":"max-image-preview:large","keywords":"","webmasterTools":{"miscellaneous":""},"schema":{"@context":"https:\/\/schema.org","@graph":[{"@type":"BlogPosting","@id":"https:\/\/lasentinelle.dz\/index.php\/2023\/06\/03\/turquie-erdogan-prete-serment-pour-un-nouveau-mandat\/#blogposting","name":"Turquie : Erdogan pr\u00eate serment pour un nouveau mandat - La Sentinelle","headline":"Turquie\u00a0: Erdogan pr\u00eate serment pour un nouveau mandat","author":{"@id":"https:\/\/lasentinelle.dz\/author\/redaction\/#author"},"publisher":{"@id":"https:\/\/lasentinelle.dz\/#organization"},"image":{"@type":"ImageObject","url":"https:\/\/lasentinelle.dz\/wp-content\/uploads\/2023\/06\/image_2023-06-03_171600410.png","width":734,"height":534},"datePublished":"2023-06-03T22:00:00+01:00","dateModified":"2023-06-03T17:16:15+01:00","inLanguage":"fr-FR","mainEntityOfPage":{"@id":"https:\/\/lasentinelle.dz\/index.php\/2023\/06\/03\/turquie-erdogan-prete-serment-pour-un-nouveau-mandat\/#webpage"},"isPartOf":{"@id":"https:\/\/lasentinelle.dz\/index.php\/2023\/06\/03\/turquie-erdogan-prete-serment-pour-un-nouveau-mandat\/#webpage"},"articleSection":"Monde"},{"@type":"BreadcrumbList","@id":"https:\/\/lasentinelle.dz\/index.php\/2023\/06\/03\/turquie-erdogan-prete-serment-pour-un-nouveau-mandat\/#breadcrumblist","itemListElement":[{"@type":"ListItem","@id":"https:\/\/lasentinelle.dz#listItem","position":1,"name":"Home","item":"https:\/\/lasentinelle.dz","nextItem":{"@type":"ListItem","@id":"https:\/\/lasentinelle.dz\/index.php\/category\/monde\/#listItem","name":"Monde"}},{"@type":"ListItem","@id":"https:\/\/lasentinelle.dz\/index.php\/category\/monde\/#listItem","position":2,"name":"Monde","item":"https:\/\/lasentinelle.dz\/index.php\/category\/monde\/","nextItem":{"@type":"ListItem","@id":"https:\/\/lasentinelle.dz\/index.php\/2023\/06\/03\/turquie-erdogan-prete-serment-pour-un-nouveau-mandat\/#listItem","name":"Turquie\u00a0: Erdogan pr\u00eate serment pour un nouveau mandat"},"previousItem":{"@type":"ListItem","@id":"https:\/\/lasentinelle.dz#listItem","name":"Home"}},{"@type":"ListItem","@id":"https:\/\/lasentinelle.dz\/index.php\/2023\/06\/03\/turquie-erdogan-prete-serment-pour-un-nouveau-mandat\/#listItem","position":3,"name":"Turquie\u00a0: Erdogan pr\u00eate serment pour un nouveau mandat","previousItem":{"@type":"ListItem","@id":"https:\/\/lasentinelle.dz\/index.php\/category\/monde\/#listItem","name":"Monde"}}]},{"@type":"Organization","@id":"https:\/\/lasentinelle.dz\/#organization","name":"La Sentinelle La Sentinelle","description":"Quotidien national d'information","url":"https:\/\/lasentinelle.dz\/","logo":{"@type":"ImageObject","url":"https:\/\/lasentinelle.dz\/wp-content\/uploads\/2021\/09\/cropped-la-sentinelle-earth-golden-anima-5.gif","@id":"https:\/\/lasentinelle.dz\/index.php\/2023\/06\/03\/turquie-erdogan-prete-serment-pour-un-nouveau-mandat\/#organizationLogo","width":450,"height":213},"image":{"@id":"https:\/\/lasentinelle.dz\/index.php\/2023\/06\/03\/turquie-erdogan-prete-serment-pour-un-nouveau-mandat\/#organizationLogo"},"sameAs":["https:\/\/www.facebook.com\/azzedine.lasentinelle.1"]},{"@type":"Person","@id":"https:\/\/lasentinelle.dz\/author\/redaction\/#author","url":"https:\/\/lasentinelle.dz\/author\/redaction\/","name":"La Sentinelle","image":{"@type":"ImageObject","@id":"https:\/\/lasentinelle.dz\/index.php\/2023\/06\/03\/turquie-erdogan-prete-serment-pour-un-nouveau-mandat\/#authorImage","url":"https:\/\/secure.gravatar.com\/avatar\/57de8e5d4b15d43fb361a71fbb36338450fe67865b528a43dd10ef7c51a20392?s=96&d=mm&r=g","width":96,"height":96,"caption":"La Sentinelle"}},{"@type":"WebPage","@id":"https:\/\/lasentinelle.dz\/index.php\/2023\/06\/03\/turquie-erdogan-prete-serment-pour-un-nouveau-mandat\/#webpage","url":"https:\/\/lasentinelle.dz\/index.php\/2023\/06\/03\/turquie-erdogan-prete-serment-pour-un-nouveau-mandat\/","name":"Turquie : Erdogan pr\u00eate serment pour un nouveau mandat - La Sentinelle","description":"Le pr\u00e9sident turc Recep Tayyip Erdogan a pr\u00eat\u00e9 serment hier pour un nouveau mandat pr\u00e9sidentiel de cinq ans, prolongeant de cinq ans son r\u00e8gne de 20 ans \u00e0 la t\u00eate d'un pays divis\u00e9. \"En tant que pr\u00e9sident, je jure sur mon honneur et mon int\u00e9grit\u00e9 devant la grande nation turque et l'histoire de sauvegarder l'existence","inLanguage":"fr-FR","isPartOf":{"@id":"https:\/\/lasentinelle.dz\/#website"},"breadcrumb":{"@id":"https:\/\/lasentinelle.dz\/index.php\/2023\/06\/03\/turquie-erdogan-prete-serment-pour-un-nouveau-mandat\/#breadcrumblist"},"author":{"@id":"https:\/\/lasentinelle.dz\/author\/redaction\/#author"},"creator":{"@id":"https:\/\/lasentinelle.dz\/author\/redaction\/#author"},"image":{"@type":"ImageObject","url":"https:\/\/lasentinelle.dz\/wp-content\/uploads\/2023\/06\/image_2023-06-03_171600410.png","@id":"https:\/\/lasentinelle.dz\/index.php\/2023\/06\/03\/turquie-erdogan-prete-serment-pour-un-nouveau-mandat\/#mainImage","width":734,"height":534},"primaryImageOfPage":{"@id":"https:\/\/lasentinelle.dz\/index.php\/2023\/06\/03\/turquie-erdogan-prete-serment-pour-un-nouveau-mandat\/#mainImage"},"datePublished":"2023-06-03T22:00:00+01:00","dateModified":"2023-06-03T17:16:15+01:00"},{"@type":"WebSite","@id":"https:\/\/lasentinelle.dz\/#website","url":"https:\/\/lasentinelle.dz\/","name":"La Sentinelle","description":"Quotidien national d'information","inLanguage":"fr-FR","publisher":{"@id":"https:\/\/lasentinelle.dz\/#organization"}}]},"og:locale":"fr_FR","og:site_name":"La Sentinelle - Quotidien national d'information","og:type":"article","og:title":"Turquie : Erdogan pr\u00eate serment pour un nouveau mandat - La Sentinelle","og:description":"Le pr\u00e9sident turc Recep Tayyip Erdogan a pr\u00eat\u00e9 serment hier pour un nouveau mandat pr\u00e9sidentiel de cinq ans, prolongeant de cinq ans son r\u00e8gne de 20 ans \u00e0 la t\u00eate d'un pays divis\u00e9. &quot;En tant que pr\u00e9sident, je jure sur mon honneur et mon int\u00e9grit\u00e9 devant la grande nation turque et l'histoire de sauvegarder l'existence","og:url":"https:\/\/lasentinelle.dz\/index.php\/2023\/06\/03\/turquie-erdogan-prete-serment-pour-un-nouveau-mandat\/","og:image":"https:\/\/lasentinelle.dz\/wp-content\/uploads\/2021\/09\/cropped-la-sentinelle-earth-golden-anima-5.gif","og:image:secure_url":"https:\/\/lasentinelle.dz\/wp-content\/uploads\/2021\/09\/cropped-la-sentinelle-earth-golden-anima-5.gif","og:image:width":450,"og:image:height":213,"article:published_time":"2023-06-03T21:00:00+00:00","article:modified_time":"2023-06-03T16:16:15+00:00","article:publisher":"https:\/\/www.facebook.com\/azzedine.lasentinelle.1","twitter:card":"summary_large_image","twitter:title":"Turquie : Erdogan pr\u00eate serment pour un nouveau mandat - La Sentinelle","twitter:description":"Le pr\u00e9sident turc Recep Tayyip Erdogan a pr\u00eat\u00e9 serment hier pour un nouveau mandat pr\u00e9sidentiel de cinq ans, prolongeant de cinq ans son r\u00e8gne de 20 ans \u00e0 la t\u00eate d'un pays divis\u00e9. &quot;En tant que pr\u00e9sident, je jure sur mon honneur et mon int\u00e9grit\u00e9 devant la grande nation turque et l'histoire de sauvegarder l'existence","twitter:image":"https:\/\/lasentinelle.dz\/wp-content\/uploads\/2021\/09\/cropped-la-sentinelle-earth-golden-anima-5.gif"},"aioseo_meta_data":{"post_id":"42140","title":null,"description":null,"keywords":null,"keyphrases":null,"primary_term":null,"canonical_url":null,"og_title":null,"og_description":null,"og_object_type":"default","og_image_type":"default","og_image_url":null,"og_image_width":null,"og_image_height":null,"og_image_custom_url":null,"og_image_custom_fields":null,"og_video":null,"og_custom_url":null,"og_article_section":null,"og_article_tags":null,"twitter_use_og":false,"twitter_card":"default","twitter_image_type":"default","twitter_image_url":null,"twitter_image_custom_url":null,"twitter_image_custom_fields":null,"twitter_title":null,"twitter_description":null,"schema":{"blockGraphs":[],"customGraphs":[],"default":{"data":{"Article":[],"Course":[],"Dataset":[],"FAQPage":[],"Movie":[],"Person":[],"Product":[],"ProductReview":[],"Car":[],"Recipe":[],"Service":[],"SoftwareApplication":[],"WebPage":[]},"graphName":"","isEnabled":true},"graphs":[]},"schema_type":"default","schema_type_options":null,"pillar_content":false,"robots_default":true,"robots_noindex":false,"robots_noarchive":false,"robots_nosnippet":false,"robots_nofollow":false,"robots_noimageindex":false,"robots_noodp":false,"robots_notranslate":false,"robots_max_snippet":null,"robots_max_videopreview":null,"robots_max_imagepreview":"large","priority":null,"frequency":null,"local_seo":null,"breadcrumb_settings":null,"limit_modified_date":false,"ai":null,"created":"2026-05-02 16:25:55","updated":"2026-05-02 16:25:55","focus_keyword":null,"additional_keywords":null,"truseo_locale":null,"seo_analyzer_scan_date":null},"aioseo_breadcrumb":"<div class=\"aioseo-breadcrumbs\"><span class=\"aioseo-breadcrumb\">\n\t\t\t<a href=\"https:\/\/lasentinelle.dz\" title=\"Home\">Home<\/a>\n\t\t<\/span><span class=\"aioseo-breadcrumb-separator\">&raquo;<\/span><span class=\"aioseo-breadcrumb\">\n\t\t\t<a href=\"https:\/\/lasentinelle.dz\/index.php\/category\/monde\/\" title=\"Monde\">Monde<\/a>\n\t\t<\/span><span class=\"aioseo-breadcrumb-separator\">&raquo;<\/span><span class=\"aioseo-breadcrumb\">\n\t\t\tTurquie : Erdogan pr\u00eate serment pour un nouveau mandat\n\t\t<\/span><\/div>","aioseo_breadcrumb_json":[{"label":"Home","link":"https:\/\/lasentinelle.dz"},{"label":"Monde","link":"https:\/\/lasentinelle.dz\/index.php\/category\/monde\/"},{"label":"Turquie\u00a0: Erdogan pr\u00eate serment pour un nouveau mandat","link":"https:\/\/lasentinelle.dz\/index.php\/2023\/06\/03\/turquie-erdogan-prete-serment-pour-un-nouveau-mandat\/"}],"yoast_head":"<!-- This site is optimized with the Yoast SEO plugin v28.3 - https:\/\/yoast.com\/product\/yoast-seo-wordpress\/ -->\n<title>Turquie\u00a0: Erdogan pr\u00eate serment pour un nouveau mandat - La Sentinelle<\/title>\n<meta name=\"robots\" content=\"index, follow, max-snippet:-1, max-image-preview:large, max-video-preview:-1\" \/>\n<link rel=\"canonical\" href=\"https:\/\/lasentinelle.dz\/index.php\/2023\/06\/03\/turquie-erdogan-prete-serment-pour-un-nouveau-mandat\/\" \/>\n<meta property=\"og:locale\" content=\"fr_FR\" \/>\n<meta property=\"og:type\" content=\"article\" \/>\n<meta property=\"og:title\" content=\"Turquie\u00a0: Erdogan pr\u00eate serment pour un nouveau mandat - La Sentinelle\" \/>\n<meta property=\"og:description\" content=\"Le pr\u00e9sident turc Recep Tayyip Erdogan a pr\u00eat\u00e9 serment hier pour un nouveau mandat pr\u00e9sidentiel de cinq ans, prolongeant de\" \/>\n<meta property=\"og:url\" content=\"https:\/\/lasentinelle.dz\/index.php\/2023\/06\/03\/turquie-erdogan-prete-serment-pour-un-nouveau-mandat\/\" \/>\n<meta property=\"og:site_name\" content=\"La Sentinelle\" \/>\n<meta property=\"article:publisher\" content=\"https:\/\/www.facebook.com\/La-Sentinelle-104059864394773\" \/>\n<meta property=\"article:published_time\" content=\"2023-06-03T21:00:00+00:00\" \/>\n<meta property=\"og:image\" content=\"https:\/\/lasentinelle.dz\/wp-content\/uploads\/2023\/06\/image_2023-06-03_171600410.png\" \/>\n\t<meta property=\"og:image:width\" content=\"734\" \/>\n\t<meta property=\"og:image:height\" content=\"534\" \/>\n\t<meta property=\"og:image:type\" content=\"image\/png\" \/>\n<meta name=\"author\" content=\"La Sentinelle\" \/>\n<meta name=\"twitter:card\" content=\"summary_large_image\" \/>\n<meta name=\"twitter:label1\" content=\"\u00c9crit par\" \/>\n\t<meta name=\"twitter:data1\" content=\"La Sentinelle\" \/>\n\t<meta name=\"twitter:label2\" content=\"Dur\u00e9e de lecture estim\u00e9e\" \/>\n\t<meta name=\"twitter:data2\" content=\"2 minutes\" \/>\n<script type=\"application\/ld+json\" class=\"yoast-schema-graph\">{\"@context\":\"https:\\\/\\\/schema.org\",\"@graph\":[{\"@type\":\"Article\",\"@id\":\"https:\\\/\\\/lasentinelle.dz\\\/index.php\\\/2023\\\/06\\\/03\\\/turquie-erdogan-prete-serment-pour-un-nouveau-mandat\\\/#article\",\"isPartOf\":{\"@id\":\"https:\\\/\\\/lasentinelle.dz\\\/index.php\\\/2023\\\/06\\\/03\\\/turquie-erdogan-prete-serment-pour-un-nouveau-mandat\\\/\"},\"author\":{\"name\":\"La Sentinelle\",\"@id\":\"https:\\\/\\\/lasentinelle.dz\\\/#\\\/schema\\\/person\\\/d865044e22e70a75174ce8bcad3acfb3\"},\"headline\":\"Turquie\u00a0: Erdogan pr\u00eate serment pour un nouveau mandat\",\"datePublished\":\"2023-06-03T21:00:00+00:00\",\"mainEntityOfPage\":{\"@id\":\"https:\\\/\\\/lasentinelle.dz\\\/index.php\\\/2023\\\/06\\\/03\\\/turquie-erdogan-prete-serment-pour-un-nouveau-mandat\\\/\"},\"wordCount\":269,\"commentCount\":0,\"publisher\":{\"@id\":\"https:\\\/\\\/lasentinelle.dz\\\/#organization\"},\"image\":{\"@id\":\"https:\\\/\\\/lasentinelle.dz\\\/index.php\\\/2023\\\/06\\\/03\\\/turquie-erdogan-prete-serment-pour-un-nouveau-mandat\\\/#primaryimage\"},\"thumbnailUrl\":\"https:\\\/\\\/lasentinelle.dz\\\/wp-content\\\/uploads\\\/2023\\\/06\\\/image_2023-06-03_171600410.png\",\"articleSection\":[\"Monde\"],\"inLanguage\":\"fr-FR\",\"potentialAction\":[{\"@type\":\"CommentAction\",\"name\":\"Comment\",\"target\":[\"https:\\\/\\\/lasentinelle.dz\\\/index.php\\\/2023\\\/06\\\/03\\\/turquie-erdogan-prete-serment-pour-un-nouveau-mandat\\\/#respond\"]}]},{\"@type\":\"WebPage\",\"@id\":\"https:\\\/\\\/lasentinelle.dz\\\/index.php\\\/2023\\\/06\\\/03\\\/turquie-erdogan-prete-serment-pour-un-nouveau-mandat\\\/\",\"url\":\"https:\\\/\\\/lasentinelle.dz\\\/index.php\\\/2023\\\/06\\\/03\\\/turquie-erdogan-prete-serment-pour-un-nouveau-mandat\\\/\",\"name\":\"Turquie\u00a0: Erdogan pr\u00eate serment pour un nouveau mandat - La Sentinelle\",\"isPartOf\":{\"@id\":\"https:\\\/\\\/lasentinelle.dz\\\/#website\"},\"primaryImageOfPage\":{\"@id\":\"https:\\\/\\\/lasentinelle.dz\\\/index.php\\\/2023\\\/06\\\/03\\\/turquie-erdogan-prete-serment-pour-un-nouveau-mandat\\\/#primaryimage\"},\"image\":{\"@id\":\"https:\\\/\\\/lasentinelle.dz\\\/index.php\\\/2023\\\/06\\\/03\\\/turquie-erdogan-prete-serment-pour-un-nouveau-mandat\\\/#primaryimage\"},\"thumbnailUrl\":\"https:\\\/\\\/lasentinelle.dz\\\/wp-content\\\/uploads\\\/2023\\\/06\\\/image_2023-06-03_171600410.png\",\"datePublished\":\"2023-06-03T21:00:00+00:00\",\"breadcrumb\":{\"@id\":\"https:\\\/\\\/lasentinelle.dz\\\/index.php\\\/2023\\\/06\\\/03\\\/turquie-erdogan-prete-serment-pour-un-nouveau-mandat\\\/#breadcrumb\"},\"inLanguage\":\"fr-FR\",\"potentialAction\":[{\"@type\":\"ReadAction\",\"target\":[\"https:\\\/\\\/lasentinelle.dz\\\/index.php\\\/2023\\\/06\\\/03\\\/turquie-erdogan-prete-serment-pour-un-nouveau-mandat\\\/\"]}]},{\"@type\":\"ImageObject\",\"inLanguage\":\"fr-FR\",\"@id\":\"https:\\\/\\\/lasentinelle.dz\\\/index.php\\\/2023\\\/06\\\/03\\\/turquie-erdogan-prete-serment-pour-un-nouveau-mandat\\\/#primaryimage\",\"url\":\"https:\\\/\\\/lasentinelle.dz\\\/wp-content\\\/uploads\\\/2023\\\/06\\\/image_2023-06-03_171600410.png\",\"contentUrl\":\"https:\\\/\\\/lasentinelle.dz\\\/wp-content\\\/uploads\\\/2023\\\/06\\\/image_2023-06-03_171600410.png\",\"width\":734,\"height\":534},{\"@type\":\"BreadcrumbList\",\"@id\":\"https:\\\/\\\/lasentinelle.dz\\\/index.php\\\/2023\\\/06\\\/03\\\/turquie-erdogan-prete-serment-pour-un-nouveau-mandat\\\/#breadcrumb\",\"itemListElement\":[{\"@type\":\"ListItem\",\"position\":1,\"name\":\"Accueil\",\"item\":\"https:\\\/\\\/lasentinelle.dz\\\/\"},{\"@type\":\"ListItem\",\"position\":2,\"name\":\"Turquie\u00a0: Erdogan pr\u00eate serment pour un nouveau mandat\"}]},{\"@type\":\"WebSite\",\"@id\":\"https:\\\/\\\/lasentinelle.dz\\\/#website\",\"url\":\"https:\\\/\\\/lasentinelle.dz\\\/\",\"name\":\"La Sentinelle\",\"description\":\"Quotidien national d&#039;information\",\"publisher\":{\"@id\":\"https:\\\/\\\/lasentinelle.dz\\\/#organization\"},\"potentialAction\":[{\"@type\":\"SearchAction\",\"target\":{\"@type\":\"EntryPoint\",\"urlTemplate\":\"https:\\\/\\\/lasentinelle.dz\\\/?s={search_term_string}\"},\"query-input\":{\"@type\":\"PropertyValueSpecification\",\"valueRequired\":true,\"valueName\":\"search_term_string\"}}],\"inLanguage\":\"fr-FR\"},{\"@type\":\"Organization\",\"@id\":\"https:\\\/\\\/lasentinelle.dz\\\/#organization\",\"name\":\"Quotidien La Sentinelle\",\"url\":\"https:\\\/\\\/lasentinelle.dz\\\/\",\"logo\":{\"@type\":\"ImageObject\",\"inLanguage\":\"fr-FR\",\"@id\":\"https:\\\/\\\/lasentinelle.dz\\\/#\\\/schema\\\/logo\\\/image\\\/\",\"url\":\"https:\\\/\\\/lasentinelle.dz\\\/wp-content\\\/uploads\\\/2021\\\/09\\\/logo-sentinelleSLOGAN-1.png\",\"contentUrl\":\"https:\\\/\\\/lasentinelle.dz\\\/wp-content\\\/uploads\\\/2021\\\/09\\\/logo-sentinelleSLOGAN-1.png\",\"width\":615,\"height\":142,\"caption\":\"Quotidien La Sentinelle\"},\"image\":{\"@id\":\"https:\\\/\\\/lasentinelle.dz\\\/#\\\/schema\\\/logo\\\/image\\\/\"},\"sameAs\":[\"https:\\\/\\\/www.facebook.com\\\/La-Sentinelle-104059864394773\"]},{\"@type\":\"Person\",\"@id\":\"https:\\\/\\\/lasentinelle.dz\\\/#\\\/schema\\\/person\\\/d865044e22e70a75174ce8bcad3acfb3\",\"name\":\"La Sentinelle\",\"image\":{\"@type\":\"ImageObject\",\"inLanguage\":\"fr-FR\",\"@id\":\"https:\\\/\\\/secure.gravatar.com\\\/avatar\\\/57de8e5d4b15d43fb361a71fbb36338450fe67865b528a43dd10ef7c51a20392?s=96&d=mm&r=g\",\"url\":\"https:\\\/\\\/secure.gravatar.com\\\/avatar\\\/57de8e5d4b15d43fb361a71fbb36338450fe67865b528a43dd10ef7c51a20392?s=96&d=mm&r=g\",\"contentUrl\":\"https:\\\/\\\/secure.gravatar.com\\\/avatar\\\/57de8e5d4b15d43fb361a71fbb36338450fe67865b528a43dd10ef7c51a20392?s=96&d=mm&r=g\",\"caption\":\"La Sentinelle\"},\"sameAs\":[\"http:\\\/\\\/www.lasentinelle.dz\"],\"url\":\"https:\\\/\\\/lasentinelle.dz\\\/author\\\/redaction\\\/\"}]}<\/script>\n<!-- \/ Yoast SEO plugin. -->","yoast_head_json":{"title":"Turquie\u00a0: Erdogan pr\u00eate serment pour un nouveau mandat - La Sentinelle","robots":{"index":"index","follow":"follow","max-snippet":"max-snippet:-1","max-image-preview":"max-image-preview:large","max-video-preview":"max-video-preview:-1"},"canonical":"https:\/\/lasentinelle.dz\/index.php\/2023\/06\/03\/turquie-erdogan-prete-serment-pour-un-nouveau-mandat\/","og_locale":"fr_FR","og_type":"article","og_title":"Turquie\u00a0: Erdogan pr\u00eate serment pour un nouveau mandat - La Sentinelle","og_description":"Le pr\u00e9sident turc Recep Tayyip Erdogan a pr\u00eat\u00e9 serment hier pour un nouveau mandat pr\u00e9sidentiel de cinq ans, prolongeant de","og_url":"https:\/\/lasentinelle.dz\/index.php\/2023\/06\/03\/turquie-erdogan-prete-serment-pour-un-nouveau-mandat\/","og_site_name":"La Sentinelle","article_publisher":"https:\/\/www.facebook.com\/La-Sentinelle-104059864394773","article_published_time":"2023-06-03T21:00:00+00:00","og_image":[{"width":734,"height":534,"url":"https:\/\/lasentinelle.dz\/wp-content\/uploads\/2023\/06\/image_2023-06-03_171600410.png","type":"image\/png"}],"author":"La Sentinelle","twitter_card":"summary_large_image","twitter_misc":{"\u00c9crit par":"La Sentinelle","Dur\u00e9e de lecture estim\u00e9e":"2 minutes"},"schema":{"@context":"https:\/\/schema.org","@graph":[{"@type":"Article","@id":"https:\/\/lasentinelle.dz\/index.php\/2023\/06\/03\/turquie-erdogan-prete-serment-pour-un-nouveau-mandat\/#article","isPartOf":{"@id":"https:\/\/lasentinelle.dz\/index.php\/2023\/06\/03\/turquie-erdogan-prete-serment-pour-un-nouveau-mandat\/"},"author":{"name":"La Sentinelle","@id":"https:\/\/lasentinelle.dz\/#\/schema\/person\/d865044e22e70a75174ce8bcad3acfb3"},"headline":"Turquie\u00a0: Erdogan pr\u00eate serment pour un nouveau mandat","datePublished":"2023-06-03T21:00:00+00:00","mainEntityOfPage":{"@id":"https:\/\/lasentinelle.dz\/index.php\/2023\/06\/03\/turquie-erdogan-prete-serment-pour-un-nouveau-mandat\/"},"wordCount":269,"commentCount":0,"publisher":{"@id":"https:\/\/lasentinelle.dz\/#organization"},"image":{"@id":"https:\/\/lasentinelle.dz\/index.php\/2023\/06\/03\/turquie-erdogan-prete-serment-pour-un-nouveau-mandat\/#primaryimage"},"thumbnailUrl":"https:\/\/lasentinelle.dz\/wp-content\/uploads\/2023\/06\/image_2023-06-03_171600410.png","articleSection":["Monde"],"inLanguage":"fr-FR","potentialAction":[{"@type":"CommentAction","name":"Comment","target":["https:\/\/lasentinelle.dz\/index.php\/2023\/06\/03\/turquie-erdogan-prete-serment-pour-un-nouveau-mandat\/#respond"]}]},{"@type":"WebPage","@id":"https:\/\/lasentinelle.dz\/index.php\/2023\/06\/03\/turquie-erdogan-prete-serment-pour-un-nouveau-mandat\/","url":"https:\/\/lasentinelle.dz\/index.php\/2023\/06\/03\/turquie-erdogan-prete-serment-pour-un-nouveau-mandat\/","name":"Turquie\u00a0: Erdogan pr\u00eate serment pour un nouveau mandat - La Sentinelle","isPartOf":{"@id":"https:\/\/lasentinelle.dz\/#website"},"primaryImageOfPage":{"@id":"https:\/\/lasentinelle.dz\/index.php\/2023\/06\/03\/turquie-erdogan-prete-serment-pour-un-nouveau-mandat\/#primaryimage"},"image":{"@id":"https:\/\/lasentinelle.dz\/index.php\/2023\/06\/03\/turquie-erdogan-prete-serment-pour-un-nouveau-mandat\/#primaryimage"},"thumbnailUrl":"https:\/\/lasentinelle.dz\/wp-content\/uploads\/2023\/06\/image_2023-06-03_171600410.png","datePublished":"2023-06-03T21:00:00+00:00","breadcrumb":{"@id":"https:\/\/lasentinelle.dz\/index.php\/2023\/06\/03\/turquie-erdogan-prete-serment-pour-un-nouveau-mandat\/#breadcrumb"},"inLanguage":"fr-FR","potentialAction":[{"@type":"ReadAction","target":["https:\/\/lasentinelle.dz\/index.php\/2023\/06\/03\/turquie-erdogan-prete-serment-pour-un-nouveau-mandat\/"]}]},{"@type":"ImageObject","inLanguage":"fr-FR","@id":"https:\/\/lasentinelle.dz\/index.php\/2023\/06\/03\/turquie-erdogan-prete-serment-pour-un-nouveau-mandat\/#primaryimage","url":"https:\/\/lasentinelle.dz\/wp-content\/uploads\/2023\/06\/image_2023-06-03_171600410.png","contentUrl":"https:\/\/lasentinelle.dz\/wp-content\/uploads\/2023\/06\/image_2023-06-03_171600410.png","width":734,"height":534},{"@type":"BreadcrumbList","@id":"https:\/\/lasentinelle.dz\/index.php\/2023\/06\/03\/turquie-erdogan-prete-serment-pour-un-nouveau-mandat\/#breadcrumb","itemListElement":[{"@type":"ListItem","position":1,"name":"Accueil","item":"https:\/\/lasentinelle.dz\/"},{"@type":"ListItem","position":2,"name":"Turquie\u00a0: Erdogan pr\u00eate serment pour un nouveau mandat"}]},{"@type":"WebSite","@id":"https:\/\/lasentinelle.dz\/#website","url":"https:\/\/lasentinelle.dz\/","name":"La Sentinelle","description":"Quotidien national d&#039;information","publisher":{"@id":"https:\/\/lasentinelle.dz\/#organization"},"potentialAction":[{"@type":"SearchAction","target":{"@type":"EntryPoint","urlTemplate":"https:\/\/lasentinelle.dz\/?s={search_term_string}"},"query-input":{"@type":"PropertyValueSpecification","valueRequired":true,"valueName":"search_term_string"}}],"inLanguage":"fr-FR"},{"@type":"Organization","@id":"https:\/\/lasentinelle.dz\/#organization","name":"Quotidien La Sentinelle","url":"https:\/\/lasentinelle.dz\/","logo":{"@type":"ImageObject","inLanguage":"fr-FR","@id":"https:\/\/lasentinelle.dz\/#\/schema\/logo\/image\/","url":"https:\/\/lasentinelle.dz\/wp-content\/uploads\/2021\/09\/logo-sentinelleSLOGAN-1.png","contentUrl":"https:\/\/lasentinelle.dz\/wp-content\/uploads\/2021\/09\/logo-sentinelleSLOGAN-1.png","width":615,"height":142,"caption":"Quotidien La Sentinelle"},"image":{"@id":"https:\/\/lasentinelle.dz\/#\/schema\/logo\/image\/"},"sameAs":["https:\/\/www.facebook.com\/La-Sentinelle-104059864394773"]},{"@type":"Person","@id":"https:\/\/lasentinelle.dz\/#\/schema\/person\/d865044e22e70a75174ce8bcad3acfb3","name":"La Sentinelle","image":{"@type":"ImageObject","inLanguage":"fr-FR","@id":"https:\/\/secure.gravatar.com\/avatar\/57de8e5d4b15d43fb361a71fbb36338450fe67865b528a43dd10ef7c51a20392?s=96&d=mm&r=g","url":"https:\/\/secure.gravatar.com\/avatar\/57de8e5d4b15d43fb361a71fbb36338450fe67865b528a43dd10ef7c51a20392?s=96&d=mm&r=g","contentUrl":"https:\/\/secure.gravatar.com\/avatar\/57de8e5d4b15d43fb361a71fbb36338450fe67865b528a43dd10ef7c51a20392?s=96&d=mm&r=g","caption":"La Sentinelle"},"sameAs":["http:\/\/www.lasentinelle.dz"],"url":"https:\/\/lasentinelle.dz\/author\/redaction\/"}]}},"_links":{"self":[{"href":"https:\/\/lasentinelle.dz\/index.php\/wp-json\/wp\/v2\/posts\/42140","targetHints":{"allow":["GET"]}}],"collection":[{"href":"https:\/\/lasentinelle.dz\/index.php\/wp-json\/wp\/v2\/posts"}],"about":[{"href":"https:\/\/lasentinelle.dz\/index.php\/wp-json\/wp\/v2\/types\/post"}],"author":[{"embeddable":true,"href":"https:\/\/lasentinelle.dz\/index.php\/wp-json\/wp\/v2\/users\/3"}],"replies":[{"embeddable":true,"href":"https:\/\/lasentinelle.dz\/index.php\/wp-json\/wp\/v2\/comments?post=42140"}],"version-history":[{"count":1,"href":"https:\/\/lasentinelle.dz\/index.php\/wp-json\/wp\/v2\/posts\/42140\/revisions"}],"predecessor-version":[{"id":42149,"href":"https:\/\/lasentinelle.dz\/index.php\/wp-json\/wp\/v2\/posts\/42140\/revisions\/42149"}],"wp:featuredmedia":[{"embeddable":true,"href":"https:\/\/lasentinelle.dz\/index.php\/wp-json\/wp\/v2\/media\/42148"}],"wp:attachment":[{"href":"https:\/\/lasentinelle.dz\/index.php\/wp-json\/wp\/v2\/media?parent=42140"}],"wp:term":[{"taxonomy":"category","embeddable":true,"href":"https:\/\/lasentinelle.dz\/index.php\/wp-json\/wp\/v2\/categories?post=42140"},{"taxonomy":"post_tag","embeddable":true,"href":"https:\/\/lasentinelle.dz\/index.php\/wp-json\/wp\/v2\/tags?post=42140"}],"curies":[{"name":"wp","href":"https:\/\/api.w.org\/{rel}","templated":true}]}}