{"id":42163,"date":"2023-06-03T22:05:00","date_gmt":"2023-06-03T21:05:00","guid":{"rendered":"https:\/\/lasentinelle.dz\/?p=42163"},"modified":"2023-06-03T19:01:54","modified_gmt":"2023-06-03T18:01:54","slug":"comportement-de-lespagne-envers-le-sahara-occidental-le-constat-sans-appel-dun-historien","status":"publish","type":"post","link":"https:\/\/lasentinelle.dz\/index.php\/2023\/06\/03\/comportement-de-lespagne-envers-le-sahara-occidental-le-constat-sans-appel-dun-historien\/","title":{"rendered":"Comportement de l\u2019Espagne envers le Sahara occidental\u00a0: Le constat sans appel d\u2019un historien"},"content":{"rendered":"\n<p>Le docteur en droit \u00e0 l\u2019universit\u00e9 Carlos III de Madrid et auteur de livres d\u2019histoire sur les colonies espagnoles, Javier Sanchez, a critiqu\u00e9 le comportement de l\u2019Espagne envers ses anciennes colonies en g\u00e9n\u00e9ral et le peuple sahraoui en particulier, en raison de son abandon du Sahara occidental. Dans un entretien accord\u00e9 au site espagnol \u00ab Diario de Sevilla \u00bb, le docteur en droit, historien et romancier a indiqu\u00e9 \u00ab qu\u2019au moment de l\u2019abandon du Sahara occidental, l\u2019Espagne s\u2019est mal comport\u00e9e avec le peuple sahraoui. Jusqu\u2019\u00e0 ce jour \u00bb. Selon l\u2019auteur du livre \u00ab Ne me laisse pas seul \u00bb qui raconte l\u2019abandon du Sahara occidental en 1975, parmi toutes les anciennes colonies espagnoles, citant entre autres Cuba et la Guin\u00e9e \u00e9quatoriale, le Sahara occidental-derni\u00e8re colonie en Afrique- est la \u00ab grande victime \u00bb car, dit-il, \u00ab nous avons livr\u00e9 les Sahraouis \u00e0 leur pire ennemi : le Maroc \u00bb. L\u2019avocat de l\u2019Assembl\u00e9e de Madrid, qui a pr\u00e9c\u00e9demment \u00e9crit sur Cuba (Contre les vagues) et la Guin\u00e9e \u00e9quatoriale (Vent de mars), a expliqu\u00e9 que les processus de d\u00e9colonisation dans les anciennes colonies espagnoles \u00ab ont \u00e9t\u00e9 mal conduits par des \u00e9lites politiques qui n\u2019ont jamais \u00e9t\u00e9 \u00e0 la hauteur et n\u2019ont servi que leurs int\u00e9r\u00eats de classe ou de parti \u00bb. Interrog\u00e9 en outre sur le revirement de Madrid concernant le Sahara occidental, Javier Sanchez a dit avoir \u00e9prouv\u00e9 \u00ab une honte \u00e9norme \u00bb. Et de poursuivre : \u00ab Instinctivement, une id\u00e9e m\u2019est venue \u00e0 l\u2019esprit : une autre trahison \u00bb. A propos du syst\u00e8me politique au Maroc, l\u2019expert, juriste et romancier a affirm\u00e9 que la structure constitutionnelle de ce pays \u00ab ne peut \u00eatre homologu\u00e9e avec une d\u00e9mocratie occidentale moderne \u00bb.<\/p>\n\n\n\n<p>APS<\/p>\n","protected":false},"excerpt":{"rendered":"<p>Le docteur en droit \u00e0 l\u2019universit\u00e9 Carlos III de Madrid et auteur de livres d\u2019histoire sur les colonies espagnoles, Javier<\/p>\n","protected":false},"author":3,"featured_media":42166,"comment_status":"open","ping_status":"closed","sticky":false,"template":"","format":"standard","meta":{"colormag_page_container_layout":"default_layout","colormag_page_sidebar_layout":"default_layout","om_disable_all_campaigns":false,"_monsterinsights_skip_tracking":false,"_monsterinsights_sitenote_active":false,"_monsterinsights_sitenote_note":"","_monsterinsights_sitenote_category":0,"footnotes":"","_wpscppro_dont_share_socialmedia":false,"_wpscppro_custom_social_share_image":0,"_facebook_share_type":"","_twitter_share_type":"","_linkedin_share_type":"","_pinterest_share_type":"","_linkedin_share_type_page":"","_instagram_share_type":"","_medium_share_type":"","_threads_share_type":"","_google_business_share_type":"","_selected_social_profile":[],"_wpsp_enable_custom_social_template":false,"_wpsp_social_scheduling":{"enabled":false,"datetime":null,"platforms":[],"status":"template_only","dateOption":"today","timeOption":"now","customDays":"","customHours":"","customDate":"","customTime":"","schedulingType":"absolute"},"_wpsp_active_default_template":true},"categories":[27],"tags":[],"class_list":["post-42163","post","type-post","status-publish","format-standard","has-post-thumbnail","hentry","category-actualite"],"aioseo_notices":[],"yoast_head":"<!-- This site is optimized with the Yoast SEO plugin v27.5 - https:\/\/yoast.com\/product\/yoast-seo-wordpress\/ -->\n<title>Comportement de l\u2019Espagne envers le Sahara occidental\u00a0: Le constat sans appel d\u2019un historien - La Sentinelle<\/title>\n<meta name=\"robots\" content=\"index, follow, max-snippet:-1, max-image-preview:large, max-video-preview:-1\" \/>\n<link rel=\"canonical\" href=\"https:\/\/lasentinelle.dz\/index.php\/2023\/06\/03\/comportement-de-lespagne-envers-le-sahara-occidental-le-constat-sans-appel-dun-historien\/\" \/>\n<meta property=\"og:locale\" content=\"fr_FR\" \/>\n<meta property=\"og:type\" content=\"article\" \/>\n<meta property=\"og:title\" content=\"Comportement de l\u2019Espagne envers le Sahara occidental\u00a0: Le constat sans appel d\u2019un historien - La Sentinelle\" \/>\n<meta property=\"og:description\" content=\"Le docteur en droit \u00e0 l\u2019universit\u00e9 Carlos III de Madrid et auteur de livres d\u2019histoire sur les colonies espagnoles, Javier\" \/>\n<meta property=\"og:url\" content=\"https:\/\/lasentinelle.dz\/index.php\/2023\/06\/03\/comportement-de-lespagne-envers-le-sahara-occidental-le-constat-sans-appel-dun-historien\/\" \/>\n<meta property=\"og:site_name\" content=\"La Sentinelle\" \/>\n<meta property=\"article:publisher\" content=\"https:\/\/www.facebook.com\/La-Sentinelle-104059864394773\" \/>\n<meta property=\"article:published_time\" content=\"2023-06-03T21:05:00+00:00\" \/>\n<meta property=\"og:image\" content=\"https:\/\/lasentinelle.dz\/wp-content\/uploads\/2023\/06\/image_2023-06-03_190136786.png\" \/>\n\t<meta property=\"og:image:width\" content=\"580\" \/>\n\t<meta property=\"og:image:height\" content=\"350\" \/>\n\t<meta property=\"og:image:type\" content=\"image\/png\" \/>\n<meta name=\"author\" content=\"La Sentinelle\" \/>\n<meta name=\"twitter:card\" content=\"summary_large_image\" \/>\n<meta name=\"twitter:label1\" content=\"\u00c9crit par\" \/>\n\t<meta name=\"twitter:data1\" content=\"La Sentinelle\" \/>\n\t<meta name=\"twitter:label2\" content=\"Dur\u00e9e de lecture estim\u00e9e\" \/>\n\t<meta name=\"twitter:data2\" content=\"2 minutes\" \/>\n<script type=\"application\/ld+json\" class=\"yoast-schema-graph\">{\"@context\":\"https:\\\/\\\/schema.org\",\"@graph\":[{\"@type\":\"Article\",\"@id\":\"https:\\\/\\\/lasentinelle.dz\\\/index.php\\\/2023\\\/06\\\/03\\\/comportement-de-lespagne-envers-le-sahara-occidental-le-constat-sans-appel-dun-historien\\\/#article\",\"isPartOf\":{\"@id\":\"https:\\\/\\\/lasentinelle.dz\\\/index.php\\\/2023\\\/06\\\/03\\\/comportement-de-lespagne-envers-le-sahara-occidental-le-constat-sans-appel-dun-historien\\\/\"},\"author\":{\"name\":\"La Sentinelle\",\"@id\":\"https:\\\/\\\/lasentinelle.dz\\\/#\\\/schema\\\/person\\\/d865044e22e70a75174ce8bcad3acfb3\"},\"headline\":\"Comportement de l\u2019Espagne envers le Sahara occidental\u00a0: Le constat sans appel d\u2019un historien\",\"datePublished\":\"2023-06-03T21:05:00+00:00\",\"mainEntityOfPage\":{\"@id\":\"https:\\\/\\\/lasentinelle.dz\\\/index.php\\\/2023\\\/06\\\/03\\\/comportement-de-lespagne-envers-le-sahara-occidental-le-constat-sans-appel-dun-historien\\\/\"},\"wordCount\":303,\"commentCount\":0,\"publisher\":{\"@id\":\"https:\\\/\\\/lasentinelle.dz\\\/#organization\"},\"image\":{\"@id\":\"https:\\\/\\\/lasentinelle.dz\\\/index.php\\\/2023\\\/06\\\/03\\\/comportement-de-lespagne-envers-le-sahara-occidental-le-constat-sans-appel-dun-historien\\\/#primaryimage\"},\"thumbnailUrl\":\"https:\\\/\\\/lasentinelle.dz\\\/wp-content\\\/uploads\\\/2023\\\/06\\\/image_2023-06-03_190136786.png\",\"articleSection\":[\"Actualit\u00e9\"],\"inLanguage\":\"fr-FR\",\"potentialAction\":[{\"@type\":\"CommentAction\",\"name\":\"Comment\",\"target\":[\"https:\\\/\\\/lasentinelle.dz\\\/index.php\\\/2023\\\/06\\\/03\\\/comportement-de-lespagne-envers-le-sahara-occidental-le-constat-sans-appel-dun-historien\\\/#respond\"]}]},{\"@type\":\"WebPage\",\"@id\":\"https:\\\/\\\/lasentinelle.dz\\\/index.php\\\/2023\\\/06\\\/03\\\/comportement-de-lespagne-envers-le-sahara-occidental-le-constat-sans-appel-dun-historien\\\/\",\"url\":\"https:\\\/\\\/lasentinelle.dz\\\/index.php\\\/2023\\\/06\\\/03\\\/comportement-de-lespagne-envers-le-sahara-occidental-le-constat-sans-appel-dun-historien\\\/\",\"name\":\"Comportement de l\u2019Espagne envers le Sahara occidental\u00a0: Le constat sans appel d\u2019un historien - La Sentinelle\",\"isPartOf\":{\"@id\":\"https:\\\/\\\/lasentinelle.dz\\\/#website\"},\"primaryImageOfPage\":{\"@id\":\"https:\\\/\\\/lasentinelle.dz\\\/index.php\\\/2023\\\/06\\\/03\\\/comportement-de-lespagne-envers-le-sahara-occidental-le-constat-sans-appel-dun-historien\\\/#primaryimage\"},\"image\":{\"@id\":\"https:\\\/\\\/lasentinelle.dz\\\/index.php\\\/2023\\\/06\\\/03\\\/comportement-de-lespagne-envers-le-sahara-occidental-le-constat-sans-appel-dun-historien\\\/#primaryimage\"},\"thumbnailUrl\":\"https:\\\/\\\/lasentinelle.dz\\\/wp-content\\\/uploads\\\/2023\\\/06\\\/image_2023-06-03_190136786.png\",\"datePublished\":\"2023-06-03T21:05:00+00:00\",\"breadcrumb\":{\"@id\":\"https:\\\/\\\/lasentinelle.dz\\\/index.php\\\/2023\\\/06\\\/03\\\/comportement-de-lespagne-envers-le-sahara-occidental-le-constat-sans-appel-dun-historien\\\/#breadcrumb\"},\"inLanguage\":\"fr-FR\",\"potentialAction\":[{\"@type\":\"ReadAction\",\"target\":[\"https:\\\/\\\/lasentinelle.dz\\\/index.php\\\/2023\\\/06\\\/03\\\/comportement-de-lespagne-envers-le-sahara-occidental-le-constat-sans-appel-dun-historien\\\/\"]}]},{\"@type\":\"ImageObject\",\"inLanguage\":\"fr-FR\",\"@id\":\"https:\\\/\\\/lasentinelle.dz\\\/index.php\\\/2023\\\/06\\\/03\\\/comportement-de-lespagne-envers-le-sahara-occidental-le-constat-sans-appel-dun-historien\\\/#primaryimage\",\"url\":\"https:\\\/\\\/lasentinelle.dz\\\/wp-content\\\/uploads\\\/2023\\\/06\\\/image_2023-06-03_190136786.png\",\"contentUrl\":\"https:\\\/\\\/lasentinelle.dz\\\/wp-content\\\/uploads\\\/2023\\\/06\\\/image_2023-06-03_190136786.png\",\"width\":580,\"height\":350},{\"@type\":\"BreadcrumbList\",\"@id\":\"https:\\\/\\\/lasentinelle.dz\\\/index.php\\\/2023\\\/06\\\/03\\\/comportement-de-lespagne-envers-le-sahara-occidental-le-constat-sans-appel-dun-historien\\\/#breadcrumb\",\"itemListElement\":[{\"@type\":\"ListItem\",\"position\":1,\"name\":\"Accueil\",\"item\":\"https:\\\/\\\/lasentinelle.dz\\\/\"},{\"@type\":\"ListItem\",\"position\":2,\"name\":\"Comportement de l\u2019Espagne envers le Sahara occidental\u00a0: Le constat sans appel d\u2019un historien\"}]},{\"@type\":\"WebSite\",\"@id\":\"https:\\\/\\\/lasentinelle.dz\\\/#website\",\"url\":\"https:\\\/\\\/lasentinelle.dz\\\/\",\"name\":\"La Sentinelle\",\"description\":\"Quotidien national d&#039;information\",\"publisher\":{\"@id\":\"https:\\\/\\\/lasentinelle.dz\\\/#organization\"},\"potentialAction\":[{\"@type\":\"SearchAction\",\"target\":{\"@type\":\"EntryPoint\",\"urlTemplate\":\"https:\\\/\\\/lasentinelle.dz\\\/?s={search_term_string}\"},\"query-input\":{\"@type\":\"PropertyValueSpecification\",\"valueRequired\":true,\"valueName\":\"search_term_string\"}}],\"inLanguage\":\"fr-FR\"},{\"@type\":\"Organization\",\"@id\":\"https:\\\/\\\/lasentinelle.dz\\\/#organization\",\"name\":\"Quotidien La Sentinelle\",\"url\":\"https:\\\/\\\/lasentinelle.dz\\\/\",\"logo\":{\"@type\":\"ImageObject\",\"inLanguage\":\"fr-FR\",\"@id\":\"https:\\\/\\\/lasentinelle.dz\\\/#\\\/schema\\\/logo\\\/image\\\/\",\"url\":\"https:\\\/\\\/lasentinelle.dz\\\/wp-content\\\/uploads\\\/2021\\\/09\\\/logo-sentinelleSLOGAN-1.png\",\"contentUrl\":\"https:\\\/\\\/lasentinelle.dz\\\/wp-content\\\/uploads\\\/2021\\\/09\\\/logo-sentinelleSLOGAN-1.png\",\"width\":615,\"height\":142,\"caption\":\"Quotidien La Sentinelle\"},\"image\":{\"@id\":\"https:\\\/\\\/lasentinelle.dz\\\/#\\\/schema\\\/logo\\\/image\\\/\"},\"sameAs\":[\"https:\\\/\\\/www.facebook.com\\\/La-Sentinelle-104059864394773\"]},{\"@type\":\"Person\",\"@id\":\"https:\\\/\\\/lasentinelle.dz\\\/#\\\/schema\\\/person\\\/d865044e22e70a75174ce8bcad3acfb3\",\"name\":\"La Sentinelle\",\"image\":{\"@type\":\"ImageObject\",\"inLanguage\":\"fr-FR\",\"@id\":\"https:\\\/\\\/secure.gravatar.com\\\/avatar\\\/57de8e5d4b15d43fb361a71fbb36338450fe67865b528a43dd10ef7c51a20392?s=96&d=mm&r=g\",\"url\":\"https:\\\/\\\/secure.gravatar.com\\\/avatar\\\/57de8e5d4b15d43fb361a71fbb36338450fe67865b528a43dd10ef7c51a20392?s=96&d=mm&r=g\",\"contentUrl\":\"https:\\\/\\\/secure.gravatar.com\\\/avatar\\\/57de8e5d4b15d43fb361a71fbb36338450fe67865b528a43dd10ef7c51a20392?s=96&d=mm&r=g\",\"caption\":\"La Sentinelle\"},\"sameAs\":[\"http:\\\/\\\/www.lasentinelle.dz\"],\"url\":\"https:\\\/\\\/lasentinelle.dz\\\/author\\\/redaction\\\/\"}]}<\/script>\n<!-- \/ Yoast SEO plugin. -->","yoast_head_json":{"title":"Comportement de l\u2019Espagne envers le Sahara occidental\u00a0: Le constat sans appel d\u2019un historien - La Sentinelle","robots":{"index":"index","follow":"follow","max-snippet":"max-snippet:-1","max-image-preview":"max-image-preview:large","max-video-preview":"max-video-preview:-1"},"canonical":"https:\/\/lasentinelle.dz\/index.php\/2023\/06\/03\/comportement-de-lespagne-envers-le-sahara-occidental-le-constat-sans-appel-dun-historien\/","og_locale":"fr_FR","og_type":"article","og_title":"Comportement de l\u2019Espagne envers le Sahara occidental\u00a0: Le constat sans appel d\u2019un historien - La Sentinelle","og_description":"Le docteur en droit \u00e0 l\u2019universit\u00e9 Carlos III de Madrid et auteur de livres d\u2019histoire sur les colonies espagnoles, Javier","og_url":"https:\/\/lasentinelle.dz\/index.php\/2023\/06\/03\/comportement-de-lespagne-envers-le-sahara-occidental-le-constat-sans-appel-dun-historien\/","og_site_name":"La Sentinelle","article_publisher":"https:\/\/www.facebook.com\/La-Sentinelle-104059864394773","article_published_time":"2023-06-03T21:05:00+00:00","og_image":[{"width":580,"height":350,"url":"https:\/\/lasentinelle.dz\/wp-content\/uploads\/2023\/06\/image_2023-06-03_190136786.png","type":"image\/png"}],"author":"La Sentinelle","twitter_card":"summary_large_image","twitter_misc":{"\u00c9crit par":"La Sentinelle","Dur\u00e9e de lecture estim\u00e9e":"2 minutes"},"schema":{"@context":"https:\/\/schema.org","@graph":[{"@type":"Article","@id":"https:\/\/lasentinelle.dz\/index.php\/2023\/06\/03\/comportement-de-lespagne-envers-le-sahara-occidental-le-constat-sans-appel-dun-historien\/#article","isPartOf":{"@id":"https:\/\/lasentinelle.dz\/index.php\/2023\/06\/03\/comportement-de-lespagne-envers-le-sahara-occidental-le-constat-sans-appel-dun-historien\/"},"author":{"name":"La Sentinelle","@id":"https:\/\/lasentinelle.dz\/#\/schema\/person\/d865044e22e70a75174ce8bcad3acfb3"},"headline":"Comportement de l\u2019Espagne envers le Sahara occidental\u00a0: Le constat sans appel d\u2019un historien","datePublished":"2023-06-03T21:05:00+00:00","mainEntityOfPage":{"@id":"https:\/\/lasentinelle.dz\/index.php\/2023\/06\/03\/comportement-de-lespagne-envers-le-sahara-occidental-le-constat-sans-appel-dun-historien\/"},"wordCount":303,"commentCount":0,"publisher":{"@id":"https:\/\/lasentinelle.dz\/#organization"},"image":{"@id":"https:\/\/lasentinelle.dz\/index.php\/2023\/06\/03\/comportement-de-lespagne-envers-le-sahara-occidental-le-constat-sans-appel-dun-historien\/#primaryimage"},"thumbnailUrl":"https:\/\/lasentinelle.dz\/wp-content\/uploads\/2023\/06\/image_2023-06-03_190136786.png","articleSection":["Actualit\u00e9"],"inLanguage":"fr-FR","potentialAction":[{"@type":"CommentAction","name":"Comment","target":["https:\/\/lasentinelle.dz\/index.php\/2023\/06\/03\/comportement-de-lespagne-envers-le-sahara-occidental-le-constat-sans-appel-dun-historien\/#respond"]}]},{"@type":"WebPage","@id":"https:\/\/lasentinelle.dz\/index.php\/2023\/06\/03\/comportement-de-lespagne-envers-le-sahara-occidental-le-constat-sans-appel-dun-historien\/","url":"https:\/\/lasentinelle.dz\/index.php\/2023\/06\/03\/comportement-de-lespagne-envers-le-sahara-occidental-le-constat-sans-appel-dun-historien\/","name":"Comportement de l\u2019Espagne envers le Sahara occidental\u00a0: Le constat sans appel d\u2019un historien - La Sentinelle","isPartOf":{"@id":"https:\/\/lasentinelle.dz\/#website"},"primaryImageOfPage":{"@id":"https:\/\/lasentinelle.dz\/index.php\/2023\/06\/03\/comportement-de-lespagne-envers-le-sahara-occidental-le-constat-sans-appel-dun-historien\/#primaryimage"},"image":{"@id":"https:\/\/lasentinelle.dz\/index.php\/2023\/06\/03\/comportement-de-lespagne-envers-le-sahara-occidental-le-constat-sans-appel-dun-historien\/#primaryimage"},"thumbnailUrl":"https:\/\/lasentinelle.dz\/wp-content\/uploads\/2023\/06\/image_2023-06-03_190136786.png","datePublished":"2023-06-03T21:05:00+00:00","breadcrumb":{"@id":"https:\/\/lasentinelle.dz\/index.php\/2023\/06\/03\/comportement-de-lespagne-envers-le-sahara-occidental-le-constat-sans-appel-dun-historien\/#breadcrumb"},"inLanguage":"fr-FR","potentialAction":[{"@type":"ReadAction","target":["https:\/\/lasentinelle.dz\/index.php\/2023\/06\/03\/comportement-de-lespagne-envers-le-sahara-occidental-le-constat-sans-appel-dun-historien\/"]}]},{"@type":"ImageObject","inLanguage":"fr-FR","@id":"https:\/\/lasentinelle.dz\/index.php\/2023\/06\/03\/comportement-de-lespagne-envers-le-sahara-occidental-le-constat-sans-appel-dun-historien\/#primaryimage","url":"https:\/\/lasentinelle.dz\/wp-content\/uploads\/2023\/06\/image_2023-06-03_190136786.png","contentUrl":"https:\/\/lasentinelle.dz\/wp-content\/uploads\/2023\/06\/image_2023-06-03_190136786.png","width":580,"height":350},{"@type":"BreadcrumbList","@id":"https:\/\/lasentinelle.dz\/index.php\/2023\/06\/03\/comportement-de-lespagne-envers-le-sahara-occidental-le-constat-sans-appel-dun-historien\/#breadcrumb","itemListElement":[{"@type":"ListItem","position":1,"name":"Accueil","item":"https:\/\/lasentinelle.dz\/"},{"@type":"ListItem","position":2,"name":"Comportement de l\u2019Espagne envers le Sahara occidental\u00a0: Le constat sans appel d\u2019un historien"}]},{"@type":"WebSite","@id":"https:\/\/lasentinelle.dz\/#website","url":"https:\/\/lasentinelle.dz\/","name":"La Sentinelle","description":"Quotidien national d&#039;information","publisher":{"@id":"https:\/\/lasentinelle.dz\/#organization"},"potentialAction":[{"@type":"SearchAction","target":{"@type":"EntryPoint","urlTemplate":"https:\/\/lasentinelle.dz\/?s={search_term_string}"},"query-input":{"@type":"PropertyValueSpecification","valueRequired":true,"valueName":"search_term_string"}}],"inLanguage":"fr-FR"},{"@type":"Organization","@id":"https:\/\/lasentinelle.dz\/#organization","name":"Quotidien La Sentinelle","url":"https:\/\/lasentinelle.dz\/","logo":{"@type":"ImageObject","inLanguage":"fr-FR","@id":"https:\/\/lasentinelle.dz\/#\/schema\/logo\/image\/","url":"https:\/\/lasentinelle.dz\/wp-content\/uploads\/2021\/09\/logo-sentinelleSLOGAN-1.png","contentUrl":"https:\/\/lasentinelle.dz\/wp-content\/uploads\/2021\/09\/logo-sentinelleSLOGAN-1.png","width":615,"height":142,"caption":"Quotidien La Sentinelle"},"image":{"@id":"https:\/\/lasentinelle.dz\/#\/schema\/logo\/image\/"},"sameAs":["https:\/\/www.facebook.com\/La-Sentinelle-104059864394773"]},{"@type":"Person","@id":"https:\/\/lasentinelle.dz\/#\/schema\/person\/d865044e22e70a75174ce8bcad3acfb3","name":"La Sentinelle","image":{"@type":"ImageObject","inLanguage":"fr-FR","@id":"https:\/\/secure.gravatar.com\/avatar\/57de8e5d4b15d43fb361a71fbb36338450fe67865b528a43dd10ef7c51a20392?s=96&d=mm&r=g","url":"https:\/\/secure.gravatar.com\/avatar\/57de8e5d4b15d43fb361a71fbb36338450fe67865b528a43dd10ef7c51a20392?s=96&d=mm&r=g","contentUrl":"https:\/\/secure.gravatar.com\/avatar\/57de8e5d4b15d43fb361a71fbb36338450fe67865b528a43dd10ef7c51a20392?s=96&d=mm&r=g","caption":"La Sentinelle"},"sameAs":["http:\/\/www.lasentinelle.dz"],"url":"https:\/\/lasentinelle.dz\/author\/redaction\/"}]}},"_links":{"self":[{"href":"https:\/\/lasentinelle.dz\/index.php\/wp-json\/wp\/v2\/posts\/42163","targetHints":{"allow":["GET"]}}],"collection":[{"href":"https:\/\/lasentinelle.dz\/index.php\/wp-json\/wp\/v2\/posts"}],"about":[{"href":"https:\/\/lasentinelle.dz\/index.php\/wp-json\/wp\/v2\/types\/post"}],"author":[{"embeddable":true,"href":"https:\/\/lasentinelle.dz\/index.php\/wp-json\/wp\/v2\/users\/3"}],"replies":[{"embeddable":true,"href":"https:\/\/lasentinelle.dz\/index.php\/wp-json\/wp\/v2\/comments?post=42163"}],"version-history":[{"count":1,"href":"https:\/\/lasentinelle.dz\/index.php\/wp-json\/wp\/v2\/posts\/42163\/revisions"}],"predecessor-version":[{"id":42169,"href":"https:\/\/lasentinelle.dz\/index.php\/wp-json\/wp\/v2\/posts\/42163\/revisions\/42169"}],"wp:featuredmedia":[{"embeddable":true,"href":"https:\/\/lasentinelle.dz\/index.php\/wp-json\/wp\/v2\/media\/42166"}],"wp:attachment":[{"href":"https:\/\/lasentinelle.dz\/index.php\/wp-json\/wp\/v2\/media?parent=42163"}],"wp:term":[{"taxonomy":"category","embeddable":true,"href":"https:\/\/lasentinelle.dz\/index.php\/wp-json\/wp\/v2\/categories?post=42163"},{"taxonomy":"post_tag","embeddable":true,"href":"https:\/\/lasentinelle.dz\/index.php\/wp-json\/wp\/v2\/tags?post=42163"}],"curies":[{"name":"wp","href":"https:\/\/api.w.org\/{rel}","templated":true}]}}