{"id":42202,"date":"2023-06-04T22:05:00","date_gmt":"2023-06-04T21:05:00","guid":{"rendered":"https:\/\/lasentinelle.dz\/?p=42202"},"modified":"2023-06-04T20:13:32","modified_gmt":"2023-06-04T19:13:32","slug":"palestine-occupee-112-palestiniens-abattus-en-cisjordanie-depuis-le-debut-de-lannee","status":"publish","type":"post","link":"https:\/\/lasentinelle.dz\/index.php\/2023\/06\/04\/palestine-occupee-112-palestiniens-abattus-en-cisjordanie-depuis-le-debut-de-lannee\/","title":{"rendered":"<strong>Palestine occup\u00e9e\u00a0: 112 Palestiniens abattus en Cisjordanie depuis le d\u00e9but de l\u2019ann\u00e9e<\/strong>"},"content":{"rendered":"\n<p>&nbsp;Un rapport publi\u00e9 vendredi par le Bureau des Nations Unies pour la coordination des affaires humanitaires (OCHA), a r\u00e9v\u00e9l\u00e9 qu\u2019un total de 112 Palestiniens ont \u00e9t\u00e9 tu\u00e9s par les forces d&rsquo;occupation sionistes en Cisjordanie, y compris El Qods-Est occup\u00e9e, depuis le d\u00e9but de l&rsquo;ann\u00e9e 2023. L\u2019OCHA a indiqu\u00e9 dans son rapport que les forces d&rsquo;occupation avaient tu\u00e9 112 Palestiniens et bless\u00e9 4 229 autres \u00e0 El Qods-Est&nbsp; et en Cisjordanie occup\u00e9es entre le 1<sup>er<\/sup> janvier &nbsp;et le &nbsp;29 mai&nbsp;? Des colons ont men\u00e9 409 attaques contre des Palestiniens, faisant cinq morts et 105 bless\u00e9s, selon le rapport.<\/p>\n\n\n\n<p>L\u2019occupation a \u00e9galement d\u00e9moli, confisqu\u00e9 ou contraint des personnes \u00e0 d\u00e9molir 43 structures \u00e0 El Qods-Est et dans la zone C de la Cisjordanie, dont 11 maisons, au cours des deux derni\u00e8res semaines de mai, sous l\u2019argument de l&rsquo;absence de permis de construire, qui sont presque impossible \u00e0 obtenir, selon le rapport bihebdomadaire sur la protection des civils publi\u00e9 par le Bureau des Nations unies pour la coordination des affaires humanitaires dans le territoire palestinien occup\u00e9.<\/p>\n\n\n\n<p>En cons\u00e9quence, 56 Palestiniens, dont 33 enfants, ont \u00e9t\u00e9 d\u00e9plac\u00e9s et les moyens de subsistance de plus de 200 autres ont \u00e9t\u00e9 affect\u00e9s. L&rsquo;une des structures touch\u00e9es a \u00e9t\u00e9 fournie par des donateurs dans le cadre de l&rsquo;aide humanitaire \u00e0 la communaut\u00e9 d&rsquo;\u00e9leveurs d&rsquo;Umm al Kheir \u00e0 H\u00e9bron, situ\u00e9e dans une zone d\u00e9sign\u00e9e par l\u2019occupation comme une \u00ab\u00a0zone de tir 917\u00a0\u00bb et d\u00e9clar\u00e9e ferm\u00e9e pour l&rsquo;entra\u00eenement militaire isra\u00e9lien, selon le rapport.<\/p>\n\n\n\n<p>Plus de 80 % des structures touch\u00e9es (35) se trouvaient dans la zone C. Les huit structures restantes ont \u00e9t\u00e9 d\u00e9molies \u00e0 El Qods-Est, dont deux structures r\u00e9sidentielles d\u00e9molies dans le quartier de Wadi Qaddoum \u00e0 Silwan, entra\u00eenant le d\u00e9placement de sept m\u00e9nages comprenant 39 personnes, dont 22 enfants. &nbsp;Depuis le d\u00e9but de 2023, 11 maisons et une structure agricole ont \u00e9t\u00e9 d\u00e9molies pour des motifs punitifs, contre 14 structures en 2022 et trois en 2021. Les d\u00e9molitions punitives sont une forme de punition collective et en tant que telles sont ill\u00e9gales en vertu du droit international, a d\u00e9clar\u00e9 l&rsquo;ONU.<\/p>\n\n\n\n<p>Notons que le minist\u00e8re palestinien des Affaires \u00e9trang\u00e8res a indiqu\u00e9 hier que la politique des deux poids deux mesures et l\u2019absence d\u2019une protection internationale pour le peuple palestiniens, encourage l\u2019entit\u00e9 sioniste \u00e0 commettre plus de violations et de crimes. Dans un communiqu\u00e9, relay\u00e9 par l\u2019agence de presse palestinienne, Wafa, la diplomatie palestinienne a affirm\u00e9 que le conseil de s\u00e9curit\u00e9 \u00ab n\u00e9glige ses responsabilit\u00e9s de prot\u00e9ger le peuple palestinien \u00bb, ce qui \u00ab encourage la<\/p>\n\n\n\n<p>loi de la jungle \u00bb. En outre, le minist\u00e8re a d\u00e9nonc\u00e9 les crimes des forces de l\u2019occupation et des milices des colons et leurs organisations terroristes contre le peuple palestinien, sa terre et ses biens, ainsi que les incursions, les<\/p>\n\n\n\n<p>arrestations, les fermetures des entr\u00e9es des villages et des villes palestiniennes, \u00ab sous de faux pr\u00e9textes \u00bb.<\/p>\n\n\n\n<p>R.I.<\/p>\n","protected":false},"excerpt":{"rendered":"<p>&nbsp;Un rapport publi\u00e9 vendredi par le Bureau des Nations Unies pour la coordination des affaires humanitaires (OCHA), a r\u00e9v\u00e9l\u00e9 qu\u2019un<\/p>\n","protected":false},"author":3,"featured_media":42208,"comment_status":"open","ping_status":"closed","sticky":false,"template":"","format":"standard","meta":{"colormag_page_container_layout":"default_layout","colormag_page_sidebar_layout":"default_layout","om_disable_all_campaigns":false,"_monsterinsights_skip_tracking":false,"_monsterinsights_sitenote_active":false,"_monsterinsights_sitenote_note":"","_monsterinsights_sitenote_category":0,"footnotes":"","_wpscppro_dont_share_socialmedia":false,"_wpscppro_custom_social_share_image":0,"_facebook_share_type":"","_twitter_share_type":"","_linkedin_share_type":"","_pinterest_share_type":"","_linkedin_share_type_page":"","_instagram_share_type":"","_medium_share_type":"","_threads_share_type":"","_google_business_share_type":"","_selected_social_profile":[],"_wpsp_enable_custom_social_template":false,"_wpsp_social_scheduling":{"enabled":false,"datetime":null,"platforms":[],"status":"template_only","dateOption":"today","timeOption":"now","customDays":"","customHours":"","customDate":"","customTime":"","schedulingType":"absolute"},"_wpsp_active_default_template":true},"categories":[37],"tags":[],"class_list":["post-42202","post","type-post","status-publish","format-standard","has-post-thumbnail","hentry","category-monde"],"aioseo_notices":[],"yoast_head":"<!-- This site is optimized with the Yoast SEO plugin v27.5 - https:\/\/yoast.com\/product\/yoast-seo-wordpress\/ -->\n<title>Palestine occup\u00e9e\u00a0: 112 Palestiniens abattus en Cisjordanie depuis le d\u00e9but de l\u2019ann\u00e9e - La Sentinelle<\/title>\n<meta name=\"robots\" content=\"index, follow, max-snippet:-1, max-image-preview:large, max-video-preview:-1\" \/>\n<link rel=\"canonical\" href=\"https:\/\/lasentinelle.dz\/index.php\/2023\/06\/04\/palestine-occupee-112-palestiniens-abattus-en-cisjordanie-depuis-le-debut-de-lannee\/\" \/>\n<meta property=\"og:locale\" content=\"fr_FR\" \/>\n<meta property=\"og:type\" content=\"article\" \/>\n<meta property=\"og:title\" content=\"Palestine occup\u00e9e\u00a0: 112 Palestiniens abattus en Cisjordanie depuis le d\u00e9but de l\u2019ann\u00e9e - La Sentinelle\" \/>\n<meta property=\"og:description\" content=\"&nbsp;Un rapport publi\u00e9 vendredi par le Bureau des Nations Unies pour la coordination des affaires humanitaires (OCHA), a r\u00e9v\u00e9l\u00e9 qu\u2019un\" \/>\n<meta property=\"og:url\" content=\"https:\/\/lasentinelle.dz\/index.php\/2023\/06\/04\/palestine-occupee-112-palestiniens-abattus-en-cisjordanie-depuis-le-debut-de-lannee\/\" \/>\n<meta property=\"og:site_name\" content=\"La Sentinelle\" \/>\n<meta property=\"article:publisher\" content=\"https:\/\/www.facebook.com\/La-Sentinelle-104059864394773\" \/>\n<meta property=\"article:published_time\" content=\"2023-06-04T21:05:00+00:00\" \/>\n<meta property=\"og:image\" content=\"https:\/\/lasentinelle.dz\/wp-content\/uploads\/2023\/06\/image_2023-06-04_155644174-1024x626.png\" \/>\n\t<meta property=\"og:image:width\" content=\"1024\" \/>\n\t<meta property=\"og:image:height\" content=\"626\" \/>\n\t<meta property=\"og:image:type\" content=\"image\/png\" \/>\n<meta name=\"author\" content=\"La Sentinelle\" \/>\n<meta name=\"twitter:card\" content=\"summary_large_image\" \/>\n<meta name=\"twitter:label1\" content=\"\u00c9crit par\" \/>\n\t<meta name=\"twitter:data1\" content=\"La Sentinelle\" \/>\n\t<meta name=\"twitter:label2\" content=\"Dur\u00e9e de lecture estim\u00e9e\" \/>\n\t<meta name=\"twitter:data2\" content=\"3 minutes\" \/>\n<script type=\"application\/ld+json\" class=\"yoast-schema-graph\">{\"@context\":\"https:\\\/\\\/schema.org\",\"@graph\":[{\"@type\":\"Article\",\"@id\":\"https:\\\/\\\/lasentinelle.dz\\\/index.php\\\/2023\\\/06\\\/04\\\/palestine-occupee-112-palestiniens-abattus-en-cisjordanie-depuis-le-debut-de-lannee\\\/#article\",\"isPartOf\":{\"@id\":\"https:\\\/\\\/lasentinelle.dz\\\/index.php\\\/2023\\\/06\\\/04\\\/palestine-occupee-112-palestiniens-abattus-en-cisjordanie-depuis-le-debut-de-lannee\\\/\"},\"author\":{\"name\":\"La Sentinelle\",\"@id\":\"https:\\\/\\\/lasentinelle.dz\\\/#\\\/schema\\\/person\\\/d865044e22e70a75174ce8bcad3acfb3\"},\"headline\":\"Palestine occup\u00e9e\u00a0: 112 Palestiniens abattus en Cisjordanie depuis le d\u00e9but de l\u2019ann\u00e9e\",\"datePublished\":\"2023-06-04T21:05:00+00:00\",\"mainEntityOfPage\":{\"@id\":\"https:\\\/\\\/lasentinelle.dz\\\/index.php\\\/2023\\\/06\\\/04\\\/palestine-occupee-112-palestiniens-abattus-en-cisjordanie-depuis-le-debut-de-lannee\\\/\"},\"wordCount\":526,\"commentCount\":0,\"publisher\":{\"@id\":\"https:\\\/\\\/lasentinelle.dz\\\/#organization\"},\"image\":{\"@id\":\"https:\\\/\\\/lasentinelle.dz\\\/index.php\\\/2023\\\/06\\\/04\\\/palestine-occupee-112-palestiniens-abattus-en-cisjordanie-depuis-le-debut-de-lannee\\\/#primaryimage\"},\"thumbnailUrl\":\"https:\\\/\\\/lasentinelle.dz\\\/wp-content\\\/uploads\\\/2023\\\/06\\\/image_2023-06-04_155644174.png\",\"articleSection\":[\"Monde\"],\"inLanguage\":\"fr-FR\",\"potentialAction\":[{\"@type\":\"CommentAction\",\"name\":\"Comment\",\"target\":[\"https:\\\/\\\/lasentinelle.dz\\\/index.php\\\/2023\\\/06\\\/04\\\/palestine-occupee-112-palestiniens-abattus-en-cisjordanie-depuis-le-debut-de-lannee\\\/#respond\"]}]},{\"@type\":\"WebPage\",\"@id\":\"https:\\\/\\\/lasentinelle.dz\\\/index.php\\\/2023\\\/06\\\/04\\\/palestine-occupee-112-palestiniens-abattus-en-cisjordanie-depuis-le-debut-de-lannee\\\/\",\"url\":\"https:\\\/\\\/lasentinelle.dz\\\/index.php\\\/2023\\\/06\\\/04\\\/palestine-occupee-112-palestiniens-abattus-en-cisjordanie-depuis-le-debut-de-lannee\\\/\",\"name\":\"Palestine occup\u00e9e\u00a0: 112 Palestiniens abattus en Cisjordanie depuis le d\u00e9but de l\u2019ann\u00e9e - La Sentinelle\",\"isPartOf\":{\"@id\":\"https:\\\/\\\/lasentinelle.dz\\\/#website\"},\"primaryImageOfPage\":{\"@id\":\"https:\\\/\\\/lasentinelle.dz\\\/index.php\\\/2023\\\/06\\\/04\\\/palestine-occupee-112-palestiniens-abattus-en-cisjordanie-depuis-le-debut-de-lannee\\\/#primaryimage\"},\"image\":{\"@id\":\"https:\\\/\\\/lasentinelle.dz\\\/index.php\\\/2023\\\/06\\\/04\\\/palestine-occupee-112-palestiniens-abattus-en-cisjordanie-depuis-le-debut-de-lannee\\\/#primaryimage\"},\"thumbnailUrl\":\"https:\\\/\\\/lasentinelle.dz\\\/wp-content\\\/uploads\\\/2023\\\/06\\\/image_2023-06-04_155644174.png\",\"datePublished\":\"2023-06-04T21:05:00+00:00\",\"breadcrumb\":{\"@id\":\"https:\\\/\\\/lasentinelle.dz\\\/index.php\\\/2023\\\/06\\\/04\\\/palestine-occupee-112-palestiniens-abattus-en-cisjordanie-depuis-le-debut-de-lannee\\\/#breadcrumb\"},\"inLanguage\":\"fr-FR\",\"potentialAction\":[{\"@type\":\"ReadAction\",\"target\":[\"https:\\\/\\\/lasentinelle.dz\\\/index.php\\\/2023\\\/06\\\/04\\\/palestine-occupee-112-palestiniens-abattus-en-cisjordanie-depuis-le-debut-de-lannee\\\/\"]}]},{\"@type\":\"ImageObject\",\"inLanguage\":\"fr-FR\",\"@id\":\"https:\\\/\\\/lasentinelle.dz\\\/index.php\\\/2023\\\/06\\\/04\\\/palestine-occupee-112-palestiniens-abattus-en-cisjordanie-depuis-le-debut-de-lannee\\\/#primaryimage\",\"url\":\"https:\\\/\\\/lasentinelle.dz\\\/wp-content\\\/uploads\\\/2023\\\/06\\\/image_2023-06-04_155644174.png\",\"contentUrl\":\"https:\\\/\\\/lasentinelle.dz\\\/wp-content\\\/uploads\\\/2023\\\/06\\\/image_2023-06-04_155644174.png\",\"width\":2440,\"height\":1492},{\"@type\":\"BreadcrumbList\",\"@id\":\"https:\\\/\\\/lasentinelle.dz\\\/index.php\\\/2023\\\/06\\\/04\\\/palestine-occupee-112-palestiniens-abattus-en-cisjordanie-depuis-le-debut-de-lannee\\\/#breadcrumb\",\"itemListElement\":[{\"@type\":\"ListItem\",\"position\":1,\"name\":\"Accueil\",\"item\":\"https:\\\/\\\/lasentinelle.dz\\\/\"},{\"@type\":\"ListItem\",\"position\":2,\"name\":\"Palestine occup\u00e9e\u00a0: 112 Palestiniens abattus en Cisjordanie depuis le d\u00e9but de l\u2019ann\u00e9e\"}]},{\"@type\":\"WebSite\",\"@id\":\"https:\\\/\\\/lasentinelle.dz\\\/#website\",\"url\":\"https:\\\/\\\/lasentinelle.dz\\\/\",\"name\":\"La Sentinelle\",\"description\":\"Quotidien national d&#039;information\",\"publisher\":{\"@id\":\"https:\\\/\\\/lasentinelle.dz\\\/#organization\"},\"potentialAction\":[{\"@type\":\"SearchAction\",\"target\":{\"@type\":\"EntryPoint\",\"urlTemplate\":\"https:\\\/\\\/lasentinelle.dz\\\/?s={search_term_string}\"},\"query-input\":{\"@type\":\"PropertyValueSpecification\",\"valueRequired\":true,\"valueName\":\"search_term_string\"}}],\"inLanguage\":\"fr-FR\"},{\"@type\":\"Organization\",\"@id\":\"https:\\\/\\\/lasentinelle.dz\\\/#organization\",\"name\":\"Quotidien La Sentinelle\",\"url\":\"https:\\\/\\\/lasentinelle.dz\\\/\",\"logo\":{\"@type\":\"ImageObject\",\"inLanguage\":\"fr-FR\",\"@id\":\"https:\\\/\\\/lasentinelle.dz\\\/#\\\/schema\\\/logo\\\/image\\\/\",\"url\":\"https:\\\/\\\/lasentinelle.dz\\\/wp-content\\\/uploads\\\/2021\\\/09\\\/logo-sentinelleSLOGAN-1.png\",\"contentUrl\":\"https:\\\/\\\/lasentinelle.dz\\\/wp-content\\\/uploads\\\/2021\\\/09\\\/logo-sentinelleSLOGAN-1.png\",\"width\":615,\"height\":142,\"caption\":\"Quotidien La Sentinelle\"},\"image\":{\"@id\":\"https:\\\/\\\/lasentinelle.dz\\\/#\\\/schema\\\/logo\\\/image\\\/\"},\"sameAs\":[\"https:\\\/\\\/www.facebook.com\\\/La-Sentinelle-104059864394773\"]},{\"@type\":\"Person\",\"@id\":\"https:\\\/\\\/lasentinelle.dz\\\/#\\\/schema\\\/person\\\/d865044e22e70a75174ce8bcad3acfb3\",\"name\":\"La Sentinelle\",\"image\":{\"@type\":\"ImageObject\",\"inLanguage\":\"fr-FR\",\"@id\":\"https:\\\/\\\/secure.gravatar.com\\\/avatar\\\/57de8e5d4b15d43fb361a71fbb36338450fe67865b528a43dd10ef7c51a20392?s=96&d=mm&r=g\",\"url\":\"https:\\\/\\\/secure.gravatar.com\\\/avatar\\\/57de8e5d4b15d43fb361a71fbb36338450fe67865b528a43dd10ef7c51a20392?s=96&d=mm&r=g\",\"contentUrl\":\"https:\\\/\\\/secure.gravatar.com\\\/avatar\\\/57de8e5d4b15d43fb361a71fbb36338450fe67865b528a43dd10ef7c51a20392?s=96&d=mm&r=g\",\"caption\":\"La Sentinelle\"},\"sameAs\":[\"http:\\\/\\\/www.lasentinelle.dz\"],\"url\":\"https:\\\/\\\/lasentinelle.dz\\\/author\\\/redaction\\\/\"}]}<\/script>\n<!-- \/ Yoast SEO plugin. -->","yoast_head_json":{"title":"Palestine occup\u00e9e\u00a0: 112 Palestiniens abattus en Cisjordanie depuis le d\u00e9but de l\u2019ann\u00e9e - La Sentinelle","robots":{"index":"index","follow":"follow","max-snippet":"max-snippet:-1","max-image-preview":"max-image-preview:large","max-video-preview":"max-video-preview:-1"},"canonical":"https:\/\/lasentinelle.dz\/index.php\/2023\/06\/04\/palestine-occupee-112-palestiniens-abattus-en-cisjordanie-depuis-le-debut-de-lannee\/","og_locale":"fr_FR","og_type":"article","og_title":"Palestine occup\u00e9e\u00a0: 112 Palestiniens abattus en Cisjordanie depuis le d\u00e9but de l\u2019ann\u00e9e - La Sentinelle","og_description":"&nbsp;Un rapport publi\u00e9 vendredi par le Bureau des Nations Unies pour la coordination des affaires humanitaires (OCHA), a r\u00e9v\u00e9l\u00e9 qu\u2019un","og_url":"https:\/\/lasentinelle.dz\/index.php\/2023\/06\/04\/palestine-occupee-112-palestiniens-abattus-en-cisjordanie-depuis-le-debut-de-lannee\/","og_site_name":"La Sentinelle","article_publisher":"https:\/\/www.facebook.com\/La-Sentinelle-104059864394773","article_published_time":"2023-06-04T21:05:00+00:00","og_image":[{"width":1024,"height":626,"url":"https:\/\/lasentinelle.dz\/wp-content\/uploads\/2023\/06\/image_2023-06-04_155644174-1024x626.png","type":"image\/png"}],"author":"La Sentinelle","twitter_card":"summary_large_image","twitter_misc":{"\u00c9crit par":"La Sentinelle","Dur\u00e9e de lecture estim\u00e9e":"3 minutes"},"schema":{"@context":"https:\/\/schema.org","@graph":[{"@type":"Article","@id":"https:\/\/lasentinelle.dz\/index.php\/2023\/06\/04\/palestine-occupee-112-palestiniens-abattus-en-cisjordanie-depuis-le-debut-de-lannee\/#article","isPartOf":{"@id":"https:\/\/lasentinelle.dz\/index.php\/2023\/06\/04\/palestine-occupee-112-palestiniens-abattus-en-cisjordanie-depuis-le-debut-de-lannee\/"},"author":{"name":"La Sentinelle","@id":"https:\/\/lasentinelle.dz\/#\/schema\/person\/d865044e22e70a75174ce8bcad3acfb3"},"headline":"Palestine occup\u00e9e\u00a0: 112 Palestiniens abattus en Cisjordanie depuis le d\u00e9but de l\u2019ann\u00e9e","datePublished":"2023-06-04T21:05:00+00:00","mainEntityOfPage":{"@id":"https:\/\/lasentinelle.dz\/index.php\/2023\/06\/04\/palestine-occupee-112-palestiniens-abattus-en-cisjordanie-depuis-le-debut-de-lannee\/"},"wordCount":526,"commentCount":0,"publisher":{"@id":"https:\/\/lasentinelle.dz\/#organization"},"image":{"@id":"https:\/\/lasentinelle.dz\/index.php\/2023\/06\/04\/palestine-occupee-112-palestiniens-abattus-en-cisjordanie-depuis-le-debut-de-lannee\/#primaryimage"},"thumbnailUrl":"https:\/\/lasentinelle.dz\/wp-content\/uploads\/2023\/06\/image_2023-06-04_155644174.png","articleSection":["Monde"],"inLanguage":"fr-FR","potentialAction":[{"@type":"CommentAction","name":"Comment","target":["https:\/\/lasentinelle.dz\/index.php\/2023\/06\/04\/palestine-occupee-112-palestiniens-abattus-en-cisjordanie-depuis-le-debut-de-lannee\/#respond"]}]},{"@type":"WebPage","@id":"https:\/\/lasentinelle.dz\/index.php\/2023\/06\/04\/palestine-occupee-112-palestiniens-abattus-en-cisjordanie-depuis-le-debut-de-lannee\/","url":"https:\/\/lasentinelle.dz\/index.php\/2023\/06\/04\/palestine-occupee-112-palestiniens-abattus-en-cisjordanie-depuis-le-debut-de-lannee\/","name":"Palestine occup\u00e9e\u00a0: 112 Palestiniens abattus en Cisjordanie depuis le d\u00e9but de l\u2019ann\u00e9e - La Sentinelle","isPartOf":{"@id":"https:\/\/lasentinelle.dz\/#website"},"primaryImageOfPage":{"@id":"https:\/\/lasentinelle.dz\/index.php\/2023\/06\/04\/palestine-occupee-112-palestiniens-abattus-en-cisjordanie-depuis-le-debut-de-lannee\/#primaryimage"},"image":{"@id":"https:\/\/lasentinelle.dz\/index.php\/2023\/06\/04\/palestine-occupee-112-palestiniens-abattus-en-cisjordanie-depuis-le-debut-de-lannee\/#primaryimage"},"thumbnailUrl":"https:\/\/lasentinelle.dz\/wp-content\/uploads\/2023\/06\/image_2023-06-04_155644174.png","datePublished":"2023-06-04T21:05:00+00:00","breadcrumb":{"@id":"https:\/\/lasentinelle.dz\/index.php\/2023\/06\/04\/palestine-occupee-112-palestiniens-abattus-en-cisjordanie-depuis-le-debut-de-lannee\/#breadcrumb"},"inLanguage":"fr-FR","potentialAction":[{"@type":"ReadAction","target":["https:\/\/lasentinelle.dz\/index.php\/2023\/06\/04\/palestine-occupee-112-palestiniens-abattus-en-cisjordanie-depuis-le-debut-de-lannee\/"]}]},{"@type":"ImageObject","inLanguage":"fr-FR","@id":"https:\/\/lasentinelle.dz\/index.php\/2023\/06\/04\/palestine-occupee-112-palestiniens-abattus-en-cisjordanie-depuis-le-debut-de-lannee\/#primaryimage","url":"https:\/\/lasentinelle.dz\/wp-content\/uploads\/2023\/06\/image_2023-06-04_155644174.png","contentUrl":"https:\/\/lasentinelle.dz\/wp-content\/uploads\/2023\/06\/image_2023-06-04_155644174.png","width":2440,"height":1492},{"@type":"BreadcrumbList","@id":"https:\/\/lasentinelle.dz\/index.php\/2023\/06\/04\/palestine-occupee-112-palestiniens-abattus-en-cisjordanie-depuis-le-debut-de-lannee\/#breadcrumb","itemListElement":[{"@type":"ListItem","position":1,"name":"Accueil","item":"https:\/\/lasentinelle.dz\/"},{"@type":"ListItem","position":2,"name":"Palestine occup\u00e9e\u00a0: 112 Palestiniens abattus en Cisjordanie depuis le d\u00e9but de l\u2019ann\u00e9e"}]},{"@type":"WebSite","@id":"https:\/\/lasentinelle.dz\/#website","url":"https:\/\/lasentinelle.dz\/","name":"La Sentinelle","description":"Quotidien national d&#039;information","publisher":{"@id":"https:\/\/lasentinelle.dz\/#organization"},"potentialAction":[{"@type":"SearchAction","target":{"@type":"EntryPoint","urlTemplate":"https:\/\/lasentinelle.dz\/?s={search_term_string}"},"query-input":{"@type":"PropertyValueSpecification","valueRequired":true,"valueName":"search_term_string"}}],"inLanguage":"fr-FR"},{"@type":"Organization","@id":"https:\/\/lasentinelle.dz\/#organization","name":"Quotidien La Sentinelle","url":"https:\/\/lasentinelle.dz\/","logo":{"@type":"ImageObject","inLanguage":"fr-FR","@id":"https:\/\/lasentinelle.dz\/#\/schema\/logo\/image\/","url":"https:\/\/lasentinelle.dz\/wp-content\/uploads\/2021\/09\/logo-sentinelleSLOGAN-1.png","contentUrl":"https:\/\/lasentinelle.dz\/wp-content\/uploads\/2021\/09\/logo-sentinelleSLOGAN-1.png","width":615,"height":142,"caption":"Quotidien La Sentinelle"},"image":{"@id":"https:\/\/lasentinelle.dz\/#\/schema\/logo\/image\/"},"sameAs":["https:\/\/www.facebook.com\/La-Sentinelle-104059864394773"]},{"@type":"Person","@id":"https:\/\/lasentinelle.dz\/#\/schema\/person\/d865044e22e70a75174ce8bcad3acfb3","name":"La Sentinelle","image":{"@type":"ImageObject","inLanguage":"fr-FR","@id":"https:\/\/secure.gravatar.com\/avatar\/57de8e5d4b15d43fb361a71fbb36338450fe67865b528a43dd10ef7c51a20392?s=96&d=mm&r=g","url":"https:\/\/secure.gravatar.com\/avatar\/57de8e5d4b15d43fb361a71fbb36338450fe67865b528a43dd10ef7c51a20392?s=96&d=mm&r=g","contentUrl":"https:\/\/secure.gravatar.com\/avatar\/57de8e5d4b15d43fb361a71fbb36338450fe67865b528a43dd10ef7c51a20392?s=96&d=mm&r=g","caption":"La Sentinelle"},"sameAs":["http:\/\/www.lasentinelle.dz"],"url":"https:\/\/lasentinelle.dz\/author\/redaction\/"}]}},"_links":{"self":[{"href":"https:\/\/lasentinelle.dz\/index.php\/wp-json\/wp\/v2\/posts\/42202","targetHints":{"allow":["GET"]}}],"collection":[{"href":"https:\/\/lasentinelle.dz\/index.php\/wp-json\/wp\/v2\/posts"}],"about":[{"href":"https:\/\/lasentinelle.dz\/index.php\/wp-json\/wp\/v2\/types\/post"}],"author":[{"embeddable":true,"href":"https:\/\/lasentinelle.dz\/index.php\/wp-json\/wp\/v2\/users\/3"}],"replies":[{"embeddable":true,"href":"https:\/\/lasentinelle.dz\/index.php\/wp-json\/wp\/v2\/comments?post=42202"}],"version-history":[{"count":1,"href":"https:\/\/lasentinelle.dz\/index.php\/wp-json\/wp\/v2\/posts\/42202\/revisions"}],"predecessor-version":[{"id":42209,"href":"https:\/\/lasentinelle.dz\/index.php\/wp-json\/wp\/v2\/posts\/42202\/revisions\/42209"}],"wp:featuredmedia":[{"embeddable":true,"href":"https:\/\/lasentinelle.dz\/index.php\/wp-json\/wp\/v2\/media\/42208"}],"wp:attachment":[{"href":"https:\/\/lasentinelle.dz\/index.php\/wp-json\/wp\/v2\/media?parent=42202"}],"wp:term":[{"taxonomy":"category","embeddable":true,"href":"https:\/\/lasentinelle.dz\/index.php\/wp-json\/wp\/v2\/categories?post=42202"},{"taxonomy":"post_tag","embeddable":true,"href":"https:\/\/lasentinelle.dz\/index.php\/wp-json\/wp\/v2\/tags?post=42202"}],"curies":[{"name":"wp","href":"https:\/\/api.w.org\/{rel}","templated":true}]}}