{"id":42216,"date":"2023-06-04T22:00:00","date_gmt":"2023-06-04T21:00:00","guid":{"rendered":"https:\/\/lasentinelle.dz\/?p=42216"},"modified":"2023-06-04T16:22:45","modified_gmt":"2023-06-04T15:22:45","slug":"il-quitte-le-real-de-madrid-au-bout-de-14-saisons-benzema-en-arabie-saoudite","status":"publish","type":"post","link":"https:\/\/lasentinelle.dz\/index.php\/2023\/06\/04\/il-quitte-le-real-de-madrid-au-bout-de-14-saisons-benzema-en-arabie-saoudite\/","title":{"rendered":"Il quitte le Real de Madrid au bout de 14 saisons\u00a0: Benzema en Arabie saoudite\u00a0!"},"content":{"rendered":"\n<p>L\u2019Arabie saoudite veut rehausser son championnat de football en attirant les gloires du football international aux portes de la retraite. Apr\u00e8s Cristiano Ronaldo, et en attendant de voir si son op\u00e9ration s\u00e9duction en vers Messi va aboutir, la Monarchie qui ambitionne d\u2019organiser un Mondial FIFA, a semble-t-il r\u00e9ussi \u00e0 attirer le Ballon d\u2019or 2022 et star du Real Madrid, Karim Benzema.<\/p>\n\n\n\n<p>Selon les m\u00e9dias sp\u00e9cialis\u00e9s, Karim Benzema a ainsi d\u00e9cid\u00e9, \u00e0 35 ans et apr\u00e8s \u00eatre entr\u00e9 dans l\u2019histoire du Real Madrid, de poursuivre sa carri\u00e8re en Arabie saoudite, qui lui offre le salaire mirobolant de 200 millions d&rsquo;euros. Le Real Madrid a annonc\u00e9 le d\u00e9part de son capitaine vedette, hier midi, \u00e0 quelques heures du dernier match de la saison. Arriv\u00e9 en 2009, il est le 2e meilleur buteur de l\u2019histoire de la Casa blanca derri\u00e8re Cristiano Ronaldo, avec 353 buts.<\/p>\n\n\n\n<p>Selon les m\u00eames m\u00e9dias, \u00ab KB9 \u00bb avait convenu de prolonger l\u2019aventure madril\u00e8ne pour une 15e saison, mais, en d\u00e9but de semaine, un repr\u00e9sentant du championnat saoudien lui a soumis une offre de 200 millions d\u2019euros pour deux saisons, avec une 3e ann\u00e9e en option, pour jouer avec l\u2019Ittihad de Djeddah, comme l\u2019indique Sport.es. L\u2019Arabie saoudite a rappelons fait signer Ronaldo avec Ennasr pour 400 millions d\u2019euros &nbsp;et propos\u00e9 1,2 milliard d\u2019euros \u00e0 Lionel Messi pour jouer avec le club saoudien de son choix.<\/p>\n\n\n\n<p>Selon les m\u00eames sources, Karim Benzema n\u2019a pas refus\u00e9 l\u2019offre XXL saoudienne. Au Real de Madrid, son dernier contrat lui offrait 13 millions d\u2019euros par an, soit un peu plus de 8 millions nets.<\/p>\n\n\n\n<p>Notons que le Real de Madrid a annonc\u00e9 le d\u00e9part de son capitaine dans un communiqu\u00e9.<\/p>\n\n\n\n<p>\u00ab\u00a0Le Real Madrid CF et notre capitaine Karim Benzema ont convenu de mettre fin \u00e0 sa brillante et inoubliable p\u00e9riode en tant que joueur de notre club\u00a0\u00bb, a \u00e9crit le Real dans un communiqu\u00e9. En 14 saisons dans la \u00ab\u00a0Maison Blanche\u00a0\u00bb, Karim Benzema laisse \u00e0 35 ans une marque ind\u00e9l\u00e9bile, avec 25 titres dont cinq Ligue des champions remport\u00e9s. Et sa derni\u00e8re saison en demi-teinte &#8211; \u00e9chec en demi-finale de C1 contre Manchester City, deuxi\u00e8me place actuellement en Liga &#8211; n&rsquo;aura pas eu le temps d&rsquo;effacer la trace laiss\u00e9e par \u00ab\u00a0KB9\u00a0\u00bb ces derniers mois, dans le sillage d&rsquo;une campagne europ\u00e9enne h\u00e9ro\u00efque l&rsquo;ann\u00e9e pass\u00e9e. Avec 15 buts marqu\u00e9s lors de cette \u00e9dition, il restera l&rsquo;homme du 14e titre des Madril\u00e8nes.<\/p>\n\n\n\n<p>Devenu capitaine, le N.9 a en effet clairement pris les commandes du jeu offensif du Real une fois CR7 parti, en 2018. Il est actuellement, derri\u00e8re son ancien co\u00e9quipier, le deuxi\u00e8me meilleur buteur de l&rsquo;histoire du club, avec 353 buts. \u00ab\u00a0La carri\u00e8re de Karim Benzema au Real Madrid a \u00e9t\u00e9 un exemple de comportement et de professionnalisme, et a repr\u00e9sent\u00e9 les valeurs de notre club. Karim Benzema a gagn\u00e9 le droit de d\u00e9cider de son avenir\u00a0\u00bb, explique le Real, laissant entendre que Benzema a d\u00e9cid\u00e9 lui-m\u00eame de ne pas prolonger son contrat. Le Real a annonc\u00e9 la tenue mardi 6 juin \u00e0 12h00 d&rsquo;un hommage \u00e0 son joueur, en pr\u00e9sence du pr\u00e9sident du club Florentino Perez.<\/p>\n\n\n\n<p>R.I.<\/p>\n","protected":false},"excerpt":{"rendered":"<p>L\u2019Arabie saoudite veut rehausser son championnat de football en attirant les gloires du football international aux portes de la retraite.<\/p>\n","protected":false},"author":3,"featured_media":42217,"comment_status":"open","ping_status":"closed","sticky":false,"template":"","format":"standard","meta":{"colormag_page_container_layout":"default_layout","colormag_page_sidebar_layout":"default_layout","om_disable_all_campaigns":false,"_monsterinsights_skip_tracking":false,"_monsterinsights_sitenote_active":false,"_monsterinsights_sitenote_note":"","_monsterinsights_sitenote_category":0,"footnotes":"","_wpscppro_dont_share_socialmedia":false,"_wpscppro_custom_social_share_image":0,"_facebook_share_type":"","_twitter_share_type":"","_linkedin_share_type":"","_pinterest_share_type":"","_linkedin_share_type_page":"","_instagram_share_type":"","_medium_share_type":"","_threads_share_type":"","_google_business_share_type":"","_selected_social_profile":[],"_wpsp_enable_custom_social_template":false,"_wpsp_social_scheduling":{"enabled":false,"datetime":null,"platforms":[],"status":"template_only","dateOption":"today","timeOption":"now","customDays":"","customHours":"","customDate":"","customTime":"","schedulingType":"absolute"},"_wpsp_active_default_template":true},"categories":[33],"tags":[],"class_list":["post-42216","post","type-post","status-publish","format-standard","has-post-thumbnail","hentry","category-sports"],"aioseo_notices":[],"yoast_head":"<!-- This site is optimized with the Yoast SEO plugin v27.5 - https:\/\/yoast.com\/product\/yoast-seo-wordpress\/ -->\n<title>Il quitte le Real de Madrid au bout de 14 saisons\u00a0: Benzema en Arabie saoudite\u00a0! - La Sentinelle<\/title>\n<meta name=\"robots\" content=\"index, follow, max-snippet:-1, max-image-preview:large, max-video-preview:-1\" \/>\n<link rel=\"canonical\" href=\"https:\/\/lasentinelle.dz\/index.php\/2023\/06\/04\/il-quitte-le-real-de-madrid-au-bout-de-14-saisons-benzema-en-arabie-saoudite\/\" \/>\n<meta property=\"og:locale\" content=\"fr_FR\" \/>\n<meta property=\"og:type\" content=\"article\" \/>\n<meta property=\"og:title\" content=\"Il quitte le Real de Madrid au bout de 14 saisons\u00a0: Benzema en Arabie saoudite\u00a0! - La Sentinelle\" \/>\n<meta property=\"og:description\" content=\"L\u2019Arabie saoudite veut rehausser son championnat de football en attirant les gloires du football international aux portes de la retraite.\" \/>\n<meta property=\"og:url\" content=\"https:\/\/lasentinelle.dz\/index.php\/2023\/06\/04\/il-quitte-le-real-de-madrid-au-bout-de-14-saisons-benzema-en-arabie-saoudite\/\" \/>\n<meta property=\"og:site_name\" content=\"La Sentinelle\" \/>\n<meta property=\"article:publisher\" content=\"https:\/\/www.facebook.com\/La-Sentinelle-104059864394773\" \/>\n<meta property=\"article:published_time\" content=\"2023-06-04T21:00:00+00:00\" \/>\n<meta property=\"og:image\" content=\"https:\/\/lasentinelle.dz\/wp-content\/uploads\/2023\/06\/image_2023-06-04_162231035.png\" \/>\n\t<meta property=\"og:image:width\" content=\"980\" \/>\n\t<meta property=\"og:image:height\" content=\"551\" \/>\n\t<meta property=\"og:image:type\" content=\"image\/png\" \/>\n<meta name=\"author\" content=\"La Sentinelle\" \/>\n<meta name=\"twitter:card\" content=\"summary_large_image\" \/>\n<meta name=\"twitter:label1\" content=\"\u00c9crit par\" \/>\n\t<meta name=\"twitter:data1\" content=\"La Sentinelle\" \/>\n\t<meta name=\"twitter:label2\" content=\"Dur\u00e9e de lecture estim\u00e9e\" \/>\n\t<meta name=\"twitter:data2\" content=\"3 minutes\" \/>\n<script type=\"application\/ld+json\" class=\"yoast-schema-graph\">{\"@context\":\"https:\\\/\\\/schema.org\",\"@graph\":[{\"@type\":\"Article\",\"@id\":\"https:\\\/\\\/lasentinelle.dz\\\/index.php\\\/2023\\\/06\\\/04\\\/il-quitte-le-real-de-madrid-au-bout-de-14-saisons-benzema-en-arabie-saoudite\\\/#article\",\"isPartOf\":{\"@id\":\"https:\\\/\\\/lasentinelle.dz\\\/index.php\\\/2023\\\/06\\\/04\\\/il-quitte-le-real-de-madrid-au-bout-de-14-saisons-benzema-en-arabie-saoudite\\\/\"},\"author\":{\"name\":\"La Sentinelle\",\"@id\":\"https:\\\/\\\/lasentinelle.dz\\\/#\\\/schema\\\/person\\\/d865044e22e70a75174ce8bcad3acfb3\"},\"headline\":\"Il quitte le Real de Madrid au bout de 14 saisons\u00a0: Benzema en Arabie saoudite\u00a0!\",\"datePublished\":\"2023-06-04T21:00:00+00:00\",\"mainEntityOfPage\":{\"@id\":\"https:\\\/\\\/lasentinelle.dz\\\/index.php\\\/2023\\\/06\\\/04\\\/il-quitte-le-real-de-madrid-au-bout-de-14-saisons-benzema-en-arabie-saoudite\\\/\"},\"wordCount\":569,\"commentCount\":0,\"publisher\":{\"@id\":\"https:\\\/\\\/lasentinelle.dz\\\/#organization\"},\"image\":{\"@id\":\"https:\\\/\\\/lasentinelle.dz\\\/index.php\\\/2023\\\/06\\\/04\\\/il-quitte-le-real-de-madrid-au-bout-de-14-saisons-benzema-en-arabie-saoudite\\\/#primaryimage\"},\"thumbnailUrl\":\"https:\\\/\\\/lasentinelle.dz\\\/wp-content\\\/uploads\\\/2023\\\/06\\\/image_2023-06-04_162231035.png\",\"articleSection\":[\"Sports\"],\"inLanguage\":\"fr-FR\",\"potentialAction\":[{\"@type\":\"CommentAction\",\"name\":\"Comment\",\"target\":[\"https:\\\/\\\/lasentinelle.dz\\\/index.php\\\/2023\\\/06\\\/04\\\/il-quitte-le-real-de-madrid-au-bout-de-14-saisons-benzema-en-arabie-saoudite\\\/#respond\"]}]},{\"@type\":\"WebPage\",\"@id\":\"https:\\\/\\\/lasentinelle.dz\\\/index.php\\\/2023\\\/06\\\/04\\\/il-quitte-le-real-de-madrid-au-bout-de-14-saisons-benzema-en-arabie-saoudite\\\/\",\"url\":\"https:\\\/\\\/lasentinelle.dz\\\/index.php\\\/2023\\\/06\\\/04\\\/il-quitte-le-real-de-madrid-au-bout-de-14-saisons-benzema-en-arabie-saoudite\\\/\",\"name\":\"Il quitte le Real de Madrid au bout de 14 saisons\u00a0: Benzema en Arabie saoudite\u00a0! - La Sentinelle\",\"isPartOf\":{\"@id\":\"https:\\\/\\\/lasentinelle.dz\\\/#website\"},\"primaryImageOfPage\":{\"@id\":\"https:\\\/\\\/lasentinelle.dz\\\/index.php\\\/2023\\\/06\\\/04\\\/il-quitte-le-real-de-madrid-au-bout-de-14-saisons-benzema-en-arabie-saoudite\\\/#primaryimage\"},\"image\":{\"@id\":\"https:\\\/\\\/lasentinelle.dz\\\/index.php\\\/2023\\\/06\\\/04\\\/il-quitte-le-real-de-madrid-au-bout-de-14-saisons-benzema-en-arabie-saoudite\\\/#primaryimage\"},\"thumbnailUrl\":\"https:\\\/\\\/lasentinelle.dz\\\/wp-content\\\/uploads\\\/2023\\\/06\\\/image_2023-06-04_162231035.png\",\"datePublished\":\"2023-06-04T21:00:00+00:00\",\"breadcrumb\":{\"@id\":\"https:\\\/\\\/lasentinelle.dz\\\/index.php\\\/2023\\\/06\\\/04\\\/il-quitte-le-real-de-madrid-au-bout-de-14-saisons-benzema-en-arabie-saoudite\\\/#breadcrumb\"},\"inLanguage\":\"fr-FR\",\"potentialAction\":[{\"@type\":\"ReadAction\",\"target\":[\"https:\\\/\\\/lasentinelle.dz\\\/index.php\\\/2023\\\/06\\\/04\\\/il-quitte-le-real-de-madrid-au-bout-de-14-saisons-benzema-en-arabie-saoudite\\\/\"]}]},{\"@type\":\"ImageObject\",\"inLanguage\":\"fr-FR\",\"@id\":\"https:\\\/\\\/lasentinelle.dz\\\/index.php\\\/2023\\\/06\\\/04\\\/il-quitte-le-real-de-madrid-au-bout-de-14-saisons-benzema-en-arabie-saoudite\\\/#primaryimage\",\"url\":\"https:\\\/\\\/lasentinelle.dz\\\/wp-content\\\/uploads\\\/2023\\\/06\\\/image_2023-06-04_162231035.png\",\"contentUrl\":\"https:\\\/\\\/lasentinelle.dz\\\/wp-content\\\/uploads\\\/2023\\\/06\\\/image_2023-06-04_162231035.png\",\"width\":980,\"height\":551},{\"@type\":\"BreadcrumbList\",\"@id\":\"https:\\\/\\\/lasentinelle.dz\\\/index.php\\\/2023\\\/06\\\/04\\\/il-quitte-le-real-de-madrid-au-bout-de-14-saisons-benzema-en-arabie-saoudite\\\/#breadcrumb\",\"itemListElement\":[{\"@type\":\"ListItem\",\"position\":1,\"name\":\"Accueil\",\"item\":\"https:\\\/\\\/lasentinelle.dz\\\/\"},{\"@type\":\"ListItem\",\"position\":2,\"name\":\"Il quitte le Real de Madrid au bout de 14 saisons\u00a0: Benzema en Arabie saoudite\u00a0!\"}]},{\"@type\":\"WebSite\",\"@id\":\"https:\\\/\\\/lasentinelle.dz\\\/#website\",\"url\":\"https:\\\/\\\/lasentinelle.dz\\\/\",\"name\":\"La Sentinelle\",\"description\":\"Quotidien national d&#039;information\",\"publisher\":{\"@id\":\"https:\\\/\\\/lasentinelle.dz\\\/#organization\"},\"potentialAction\":[{\"@type\":\"SearchAction\",\"target\":{\"@type\":\"EntryPoint\",\"urlTemplate\":\"https:\\\/\\\/lasentinelle.dz\\\/?s={search_term_string}\"},\"query-input\":{\"@type\":\"PropertyValueSpecification\",\"valueRequired\":true,\"valueName\":\"search_term_string\"}}],\"inLanguage\":\"fr-FR\"},{\"@type\":\"Organization\",\"@id\":\"https:\\\/\\\/lasentinelle.dz\\\/#organization\",\"name\":\"Quotidien La Sentinelle\",\"url\":\"https:\\\/\\\/lasentinelle.dz\\\/\",\"logo\":{\"@type\":\"ImageObject\",\"inLanguage\":\"fr-FR\",\"@id\":\"https:\\\/\\\/lasentinelle.dz\\\/#\\\/schema\\\/logo\\\/image\\\/\",\"url\":\"https:\\\/\\\/lasentinelle.dz\\\/wp-content\\\/uploads\\\/2021\\\/09\\\/logo-sentinelleSLOGAN-1.png\",\"contentUrl\":\"https:\\\/\\\/lasentinelle.dz\\\/wp-content\\\/uploads\\\/2021\\\/09\\\/logo-sentinelleSLOGAN-1.png\",\"width\":615,\"height\":142,\"caption\":\"Quotidien La Sentinelle\"},\"image\":{\"@id\":\"https:\\\/\\\/lasentinelle.dz\\\/#\\\/schema\\\/logo\\\/image\\\/\"},\"sameAs\":[\"https:\\\/\\\/www.facebook.com\\\/La-Sentinelle-104059864394773\"]},{\"@type\":\"Person\",\"@id\":\"https:\\\/\\\/lasentinelle.dz\\\/#\\\/schema\\\/person\\\/d865044e22e70a75174ce8bcad3acfb3\",\"name\":\"La Sentinelle\",\"image\":{\"@type\":\"ImageObject\",\"inLanguage\":\"fr-FR\",\"@id\":\"https:\\\/\\\/secure.gravatar.com\\\/avatar\\\/57de8e5d4b15d43fb361a71fbb36338450fe67865b528a43dd10ef7c51a20392?s=96&d=mm&r=g\",\"url\":\"https:\\\/\\\/secure.gravatar.com\\\/avatar\\\/57de8e5d4b15d43fb361a71fbb36338450fe67865b528a43dd10ef7c51a20392?s=96&d=mm&r=g\",\"contentUrl\":\"https:\\\/\\\/secure.gravatar.com\\\/avatar\\\/57de8e5d4b15d43fb361a71fbb36338450fe67865b528a43dd10ef7c51a20392?s=96&d=mm&r=g\",\"caption\":\"La Sentinelle\"},\"sameAs\":[\"http:\\\/\\\/www.lasentinelle.dz\"],\"url\":\"https:\\\/\\\/lasentinelle.dz\\\/author\\\/redaction\\\/\"}]}<\/script>\n<!-- \/ Yoast SEO plugin. -->","yoast_head_json":{"title":"Il quitte le Real de Madrid au bout de 14 saisons\u00a0: Benzema en Arabie saoudite\u00a0! - La Sentinelle","robots":{"index":"index","follow":"follow","max-snippet":"max-snippet:-1","max-image-preview":"max-image-preview:large","max-video-preview":"max-video-preview:-1"},"canonical":"https:\/\/lasentinelle.dz\/index.php\/2023\/06\/04\/il-quitte-le-real-de-madrid-au-bout-de-14-saisons-benzema-en-arabie-saoudite\/","og_locale":"fr_FR","og_type":"article","og_title":"Il quitte le Real de Madrid au bout de 14 saisons\u00a0: Benzema en Arabie saoudite\u00a0! - La Sentinelle","og_description":"L\u2019Arabie saoudite veut rehausser son championnat de football en attirant les gloires du football international aux portes de la retraite.","og_url":"https:\/\/lasentinelle.dz\/index.php\/2023\/06\/04\/il-quitte-le-real-de-madrid-au-bout-de-14-saisons-benzema-en-arabie-saoudite\/","og_site_name":"La Sentinelle","article_publisher":"https:\/\/www.facebook.com\/La-Sentinelle-104059864394773","article_published_time":"2023-06-04T21:00:00+00:00","og_image":[{"width":980,"height":551,"url":"https:\/\/lasentinelle.dz\/wp-content\/uploads\/2023\/06\/image_2023-06-04_162231035.png","type":"image\/png"}],"author":"La Sentinelle","twitter_card":"summary_large_image","twitter_misc":{"\u00c9crit par":"La Sentinelle","Dur\u00e9e de lecture estim\u00e9e":"3 minutes"},"schema":{"@context":"https:\/\/schema.org","@graph":[{"@type":"Article","@id":"https:\/\/lasentinelle.dz\/index.php\/2023\/06\/04\/il-quitte-le-real-de-madrid-au-bout-de-14-saisons-benzema-en-arabie-saoudite\/#article","isPartOf":{"@id":"https:\/\/lasentinelle.dz\/index.php\/2023\/06\/04\/il-quitte-le-real-de-madrid-au-bout-de-14-saisons-benzema-en-arabie-saoudite\/"},"author":{"name":"La Sentinelle","@id":"https:\/\/lasentinelle.dz\/#\/schema\/person\/d865044e22e70a75174ce8bcad3acfb3"},"headline":"Il quitte le Real de Madrid au bout de 14 saisons\u00a0: Benzema en Arabie saoudite\u00a0!","datePublished":"2023-06-04T21:00:00+00:00","mainEntityOfPage":{"@id":"https:\/\/lasentinelle.dz\/index.php\/2023\/06\/04\/il-quitte-le-real-de-madrid-au-bout-de-14-saisons-benzema-en-arabie-saoudite\/"},"wordCount":569,"commentCount":0,"publisher":{"@id":"https:\/\/lasentinelle.dz\/#organization"},"image":{"@id":"https:\/\/lasentinelle.dz\/index.php\/2023\/06\/04\/il-quitte-le-real-de-madrid-au-bout-de-14-saisons-benzema-en-arabie-saoudite\/#primaryimage"},"thumbnailUrl":"https:\/\/lasentinelle.dz\/wp-content\/uploads\/2023\/06\/image_2023-06-04_162231035.png","articleSection":["Sports"],"inLanguage":"fr-FR","potentialAction":[{"@type":"CommentAction","name":"Comment","target":["https:\/\/lasentinelle.dz\/index.php\/2023\/06\/04\/il-quitte-le-real-de-madrid-au-bout-de-14-saisons-benzema-en-arabie-saoudite\/#respond"]}]},{"@type":"WebPage","@id":"https:\/\/lasentinelle.dz\/index.php\/2023\/06\/04\/il-quitte-le-real-de-madrid-au-bout-de-14-saisons-benzema-en-arabie-saoudite\/","url":"https:\/\/lasentinelle.dz\/index.php\/2023\/06\/04\/il-quitte-le-real-de-madrid-au-bout-de-14-saisons-benzema-en-arabie-saoudite\/","name":"Il quitte le Real de Madrid au bout de 14 saisons\u00a0: Benzema en Arabie saoudite\u00a0! - La Sentinelle","isPartOf":{"@id":"https:\/\/lasentinelle.dz\/#website"},"primaryImageOfPage":{"@id":"https:\/\/lasentinelle.dz\/index.php\/2023\/06\/04\/il-quitte-le-real-de-madrid-au-bout-de-14-saisons-benzema-en-arabie-saoudite\/#primaryimage"},"image":{"@id":"https:\/\/lasentinelle.dz\/index.php\/2023\/06\/04\/il-quitte-le-real-de-madrid-au-bout-de-14-saisons-benzema-en-arabie-saoudite\/#primaryimage"},"thumbnailUrl":"https:\/\/lasentinelle.dz\/wp-content\/uploads\/2023\/06\/image_2023-06-04_162231035.png","datePublished":"2023-06-04T21:00:00+00:00","breadcrumb":{"@id":"https:\/\/lasentinelle.dz\/index.php\/2023\/06\/04\/il-quitte-le-real-de-madrid-au-bout-de-14-saisons-benzema-en-arabie-saoudite\/#breadcrumb"},"inLanguage":"fr-FR","potentialAction":[{"@type":"ReadAction","target":["https:\/\/lasentinelle.dz\/index.php\/2023\/06\/04\/il-quitte-le-real-de-madrid-au-bout-de-14-saisons-benzema-en-arabie-saoudite\/"]}]},{"@type":"ImageObject","inLanguage":"fr-FR","@id":"https:\/\/lasentinelle.dz\/index.php\/2023\/06\/04\/il-quitte-le-real-de-madrid-au-bout-de-14-saisons-benzema-en-arabie-saoudite\/#primaryimage","url":"https:\/\/lasentinelle.dz\/wp-content\/uploads\/2023\/06\/image_2023-06-04_162231035.png","contentUrl":"https:\/\/lasentinelle.dz\/wp-content\/uploads\/2023\/06\/image_2023-06-04_162231035.png","width":980,"height":551},{"@type":"BreadcrumbList","@id":"https:\/\/lasentinelle.dz\/index.php\/2023\/06\/04\/il-quitte-le-real-de-madrid-au-bout-de-14-saisons-benzema-en-arabie-saoudite\/#breadcrumb","itemListElement":[{"@type":"ListItem","position":1,"name":"Accueil","item":"https:\/\/lasentinelle.dz\/"},{"@type":"ListItem","position":2,"name":"Il quitte le Real de Madrid au bout de 14 saisons\u00a0: Benzema en Arabie saoudite\u00a0!"}]},{"@type":"WebSite","@id":"https:\/\/lasentinelle.dz\/#website","url":"https:\/\/lasentinelle.dz\/","name":"La Sentinelle","description":"Quotidien national d&#039;information","publisher":{"@id":"https:\/\/lasentinelle.dz\/#organization"},"potentialAction":[{"@type":"SearchAction","target":{"@type":"EntryPoint","urlTemplate":"https:\/\/lasentinelle.dz\/?s={search_term_string}"},"query-input":{"@type":"PropertyValueSpecification","valueRequired":true,"valueName":"search_term_string"}}],"inLanguage":"fr-FR"},{"@type":"Organization","@id":"https:\/\/lasentinelle.dz\/#organization","name":"Quotidien La Sentinelle","url":"https:\/\/lasentinelle.dz\/","logo":{"@type":"ImageObject","inLanguage":"fr-FR","@id":"https:\/\/lasentinelle.dz\/#\/schema\/logo\/image\/","url":"https:\/\/lasentinelle.dz\/wp-content\/uploads\/2021\/09\/logo-sentinelleSLOGAN-1.png","contentUrl":"https:\/\/lasentinelle.dz\/wp-content\/uploads\/2021\/09\/logo-sentinelleSLOGAN-1.png","width":615,"height":142,"caption":"Quotidien La Sentinelle"},"image":{"@id":"https:\/\/lasentinelle.dz\/#\/schema\/logo\/image\/"},"sameAs":["https:\/\/www.facebook.com\/La-Sentinelle-104059864394773"]},{"@type":"Person","@id":"https:\/\/lasentinelle.dz\/#\/schema\/person\/d865044e22e70a75174ce8bcad3acfb3","name":"La Sentinelle","image":{"@type":"ImageObject","inLanguage":"fr-FR","@id":"https:\/\/secure.gravatar.com\/avatar\/57de8e5d4b15d43fb361a71fbb36338450fe67865b528a43dd10ef7c51a20392?s=96&d=mm&r=g","url":"https:\/\/secure.gravatar.com\/avatar\/57de8e5d4b15d43fb361a71fbb36338450fe67865b528a43dd10ef7c51a20392?s=96&d=mm&r=g","contentUrl":"https:\/\/secure.gravatar.com\/avatar\/57de8e5d4b15d43fb361a71fbb36338450fe67865b528a43dd10ef7c51a20392?s=96&d=mm&r=g","caption":"La Sentinelle"},"sameAs":["http:\/\/www.lasentinelle.dz"],"url":"https:\/\/lasentinelle.dz\/author\/redaction\/"}]}},"_links":{"self":[{"href":"https:\/\/lasentinelle.dz\/index.php\/wp-json\/wp\/v2\/posts\/42216","targetHints":{"allow":["GET"]}}],"collection":[{"href":"https:\/\/lasentinelle.dz\/index.php\/wp-json\/wp\/v2\/posts"}],"about":[{"href":"https:\/\/lasentinelle.dz\/index.php\/wp-json\/wp\/v2\/types\/post"}],"author":[{"embeddable":true,"href":"https:\/\/lasentinelle.dz\/index.php\/wp-json\/wp\/v2\/users\/3"}],"replies":[{"embeddable":true,"href":"https:\/\/lasentinelle.dz\/index.php\/wp-json\/wp\/v2\/comments?post=42216"}],"version-history":[{"count":1,"href":"https:\/\/lasentinelle.dz\/index.php\/wp-json\/wp\/v2\/posts\/42216\/revisions"}],"predecessor-version":[{"id":42218,"href":"https:\/\/lasentinelle.dz\/index.php\/wp-json\/wp\/v2\/posts\/42216\/revisions\/42218"}],"wp:featuredmedia":[{"embeddable":true,"href":"https:\/\/lasentinelle.dz\/index.php\/wp-json\/wp\/v2\/media\/42217"}],"wp:attachment":[{"href":"https:\/\/lasentinelle.dz\/index.php\/wp-json\/wp\/v2\/media?parent=42216"}],"wp:term":[{"taxonomy":"category","embeddable":true,"href":"https:\/\/lasentinelle.dz\/index.php\/wp-json\/wp\/v2\/categories?post=42216"},{"taxonomy":"post_tag","embeddable":true,"href":"https:\/\/lasentinelle.dz\/index.php\/wp-json\/wp\/v2\/tags?post=42216"}],"curies":[{"name":"wp","href":"https:\/\/api.w.org\/{rel}","templated":true}]}}