{"id":42229,"date":"2023-06-04T22:05:00","date_gmt":"2023-06-04T21:05:00","guid":{"rendered":"https:\/\/lasentinelle.dz\/?p=42229"},"modified":"2023-06-04T17:58:03","modified_gmt":"2023-06-04T16:58:03","slug":"artisanat-une-carte-professionnelle-numerique-pour-plus-de-442-000-artisans","status":"publish","type":"post","link":"https:\/\/lasentinelle.dz\/index.php\/2023\/06\/04\/artisanat-une-carte-professionnelle-numerique-pour-plus-de-442-000-artisans\/","title":{"rendered":"Artisanat\u00a0: Une carte professionnelle num\u00e9rique pour plus de 442.000 artisans"},"content":{"rendered":"\n<p>Une carte professionnelle num\u00e9rique sera \u00abprochainement\u00bb d\u00e9livr\u00e9e \u00e0 plus de 442.000 artisans immatricul\u00e9s \u00e0 l\u2019\u00e9chelle nationale, en application des conclusions des rencontres r\u00e9gionales tenues l&rsquo;ann\u00e9e en cours, au titre des pr\u00e9paratifs de cette op\u00e9ration, a annonc\u00e9, dimanche \u00e0 Tipasa, le Directeur g\u00e9n\u00e9ral de l&rsquo;artisanat et des m\u00e9tiers au minist\u00e8re du Tourisme et de l&rsquo;Artisanat, Kamel Eddine Bouam. \u00abDes pr\u00e9paratifs sont en cours en vue du lancement, prochain, de l\u2019op\u00e9ration de d\u00e9livrance de cartes professionnelles num\u00e9riques au profit de plus de 442.000 artisans immatricul\u00e9s, dont plus de 137.000 activant dans l&rsquo;artisanat traditionnel\u00bb, a indiqu\u00e9 M. Bouam, dans une d\u00e9claration \u00e0 la presse en marge de la derni\u00e8re rencontre r\u00e9gionale qu&rsquo;il a supervis\u00e9e en sa qualit\u00e9 de repr\u00e9sentant du ministre de tutelle, au titre des pr\u00e9paratifs de cette op\u00e9ration, apr\u00e8s les r\u00e9unions de Mostaganem et Biskra. M. Bouam s&rsquo;est f\u00e9licit\u00e9 \u00e0 ce titre, que les \u00abefforts consentis durant toute une ann\u00e9e de travail dans le cadre de ce projet, inscrit au titre de la modernisation du secteur touristique, puissent aboutir \u00e0 la d\u00e9livrance d&rsquo;une carte artisanale num\u00e9rique\u00bb, qui int\u00e9grera pour la premi\u00e8re fois, le \u00abnum\u00e9ro d&rsquo;identification nationale (NIN), en plus de deux codes \u00e9lectroniques, le Code \u00e0 r\u00e9ponse rapide (QR-Code) et le Code barre\u00bb. Vantant les avantages de cette carte num\u00e9rique future, il a soulign\u00e9 qu\u2019elle va fournir des donn\u00e9es pr\u00e9cises, de nature \u00e0 permettre une meilleure identification des artisans, tout en facilitant leurs t\u00e2ches, notamment lors de leurs d\u00e9placements \u00e0 l&rsquo;int\u00e9rieur et \u00e0 l&rsquo;ext\u00e9rieur du pays. Cette carte sera, \u00e9galement, d\u2019une grande contribution dans l\u2019\u00e9radication de la bureaucratie, tout en fournissant des statistiques sur l\u2019activit\u00e9 des artisans. Elle constituera un trait d\u2019union entre l&rsquo;artisan et les services du minist\u00e8re de tutelle, car elle sera automatiquement reli\u00e9e au fichier national des artisans. Les directeurs des Chambres d&rsquo;artisanat et des m\u00e9tiers (CAM) des wilayas concern\u00e9es ont pris part \u00e0 cette journ\u00e9e de formation destin\u00e9e \u00e0 l\u2019explicitation des proc\u00e9dures d&rsquo;\u00e9laboration et de d\u00e9livrance de la carte professionnelle num\u00e9rique de l&rsquo;artisan, selon M. Bouam.<\/p>\n\n\n\n<p>APS<\/p>\n","protected":false},"excerpt":{"rendered":"<p>Une carte professionnelle num\u00e9rique sera \u00abprochainement\u00bb d\u00e9livr\u00e9e \u00e0 plus de 442.000 artisans immatricul\u00e9s \u00e0 l\u2019\u00e9chelle nationale, en application des conclusions<\/p>\n","protected":false},"author":3,"featured_media":42235,"comment_status":"open","ping_status":"closed","sticky":false,"template":"","format":"standard","meta":{"colormag_page_container_layout":"default_layout","colormag_page_sidebar_layout":"default_layout","om_disable_all_campaigns":false,"_monsterinsights_skip_tracking":false,"_monsterinsights_sitenote_active":false,"_monsterinsights_sitenote_note":"","_monsterinsights_sitenote_category":0,"footnotes":"","_wpscppro_dont_share_socialmedia":false,"_wpscppro_custom_social_share_image":0,"_facebook_share_type":"","_twitter_share_type":"","_linkedin_share_type":"","_pinterest_share_type":"","_linkedin_share_type_page":"","_instagram_share_type":"","_medium_share_type":"","_threads_share_type":"","_google_business_share_type":"","_selected_social_profile":[],"_wpsp_enable_custom_social_template":false,"_wpsp_social_scheduling":{"enabled":false,"datetime":null,"platforms":[],"status":"template_only","dateOption":"today","timeOption":"now","customDays":"","customHours":"","customDate":"","customTime":"","schedulingType":"absolute"},"_wpsp_active_default_template":true},"categories":[27],"tags":[],"class_list":["post-42229","post","type-post","status-publish","format-standard","has-post-thumbnail","hentry","category-actualite"],"aioseo_notices":[],"yoast_head":"<!-- This site is optimized with the Yoast SEO plugin v27.5 - https:\/\/yoast.com\/product\/yoast-seo-wordpress\/ -->\n<title>Artisanat\u00a0: Une carte professionnelle num\u00e9rique pour plus de 442.000 artisans - La Sentinelle<\/title>\n<meta name=\"robots\" content=\"index, follow, max-snippet:-1, max-image-preview:large, max-video-preview:-1\" \/>\n<link rel=\"canonical\" href=\"https:\/\/lasentinelle.dz\/index.php\/2023\/06\/04\/artisanat-une-carte-professionnelle-numerique-pour-plus-de-442-000-artisans\/\" \/>\n<meta property=\"og:locale\" content=\"fr_FR\" \/>\n<meta property=\"og:type\" content=\"article\" \/>\n<meta property=\"og:title\" content=\"Artisanat\u00a0: Une carte professionnelle num\u00e9rique pour plus de 442.000 artisans - La Sentinelle\" \/>\n<meta property=\"og:description\" content=\"Une carte professionnelle num\u00e9rique sera \u00abprochainement\u00bb d\u00e9livr\u00e9e \u00e0 plus de 442.000 artisans immatricul\u00e9s \u00e0 l\u2019\u00e9chelle nationale, en application des conclusions\" \/>\n<meta property=\"og:url\" content=\"https:\/\/lasentinelle.dz\/index.php\/2023\/06\/04\/artisanat-une-carte-professionnelle-numerique-pour-plus-de-442-000-artisans\/\" \/>\n<meta property=\"og:site_name\" content=\"La Sentinelle\" \/>\n<meta property=\"article:publisher\" content=\"https:\/\/www.facebook.com\/La-Sentinelle-104059864394773\" \/>\n<meta property=\"article:published_time\" content=\"2023-06-04T21:05:00+00:00\" \/>\n<meta property=\"og:image\" content=\"https:\/\/lasentinelle.dz\/wp-content\/uploads\/2023\/06\/image_2023-06-04_175744395.png\" \/>\n\t<meta property=\"og:image:width\" content=\"900\" \/>\n\t<meta property=\"og:image:height\" content=\"675\" \/>\n\t<meta property=\"og:image:type\" content=\"image\/png\" \/>\n<meta name=\"author\" content=\"La Sentinelle\" \/>\n<meta name=\"twitter:card\" content=\"summary_large_image\" \/>\n<meta name=\"twitter:label1\" content=\"\u00c9crit par\" \/>\n\t<meta name=\"twitter:data1\" content=\"La Sentinelle\" \/>\n\t<meta name=\"twitter:label2\" content=\"Dur\u00e9e de lecture estim\u00e9e\" \/>\n\t<meta name=\"twitter:data2\" content=\"2 minutes\" \/>\n<script type=\"application\/ld+json\" class=\"yoast-schema-graph\">{\"@context\":\"https:\\\/\\\/schema.org\",\"@graph\":[{\"@type\":\"Article\",\"@id\":\"https:\\\/\\\/lasentinelle.dz\\\/index.php\\\/2023\\\/06\\\/04\\\/artisanat-une-carte-professionnelle-numerique-pour-plus-de-442-000-artisans\\\/#article\",\"isPartOf\":{\"@id\":\"https:\\\/\\\/lasentinelle.dz\\\/index.php\\\/2023\\\/06\\\/04\\\/artisanat-une-carte-professionnelle-numerique-pour-plus-de-442-000-artisans\\\/\"},\"author\":{\"name\":\"La Sentinelle\",\"@id\":\"https:\\\/\\\/lasentinelle.dz\\\/#\\\/schema\\\/person\\\/d865044e22e70a75174ce8bcad3acfb3\"},\"headline\":\"Artisanat\u00a0: Une carte professionnelle num\u00e9rique pour plus de 442.000 artisans\",\"datePublished\":\"2023-06-04T21:05:00+00:00\",\"mainEntityOfPage\":{\"@id\":\"https:\\\/\\\/lasentinelle.dz\\\/index.php\\\/2023\\\/06\\\/04\\\/artisanat-une-carte-professionnelle-numerique-pour-plus-de-442-000-artisans\\\/\"},\"wordCount\":397,\"commentCount\":0,\"publisher\":{\"@id\":\"https:\\\/\\\/lasentinelle.dz\\\/#organization\"},\"image\":{\"@id\":\"https:\\\/\\\/lasentinelle.dz\\\/index.php\\\/2023\\\/06\\\/04\\\/artisanat-une-carte-professionnelle-numerique-pour-plus-de-442-000-artisans\\\/#primaryimage\"},\"thumbnailUrl\":\"https:\\\/\\\/lasentinelle.dz\\\/wp-content\\\/uploads\\\/2023\\\/06\\\/image_2023-06-04_175744395.png\",\"articleSection\":[\"Actualit\u00e9\"],\"inLanguage\":\"fr-FR\",\"potentialAction\":[{\"@type\":\"CommentAction\",\"name\":\"Comment\",\"target\":[\"https:\\\/\\\/lasentinelle.dz\\\/index.php\\\/2023\\\/06\\\/04\\\/artisanat-une-carte-professionnelle-numerique-pour-plus-de-442-000-artisans\\\/#respond\"]}]},{\"@type\":\"WebPage\",\"@id\":\"https:\\\/\\\/lasentinelle.dz\\\/index.php\\\/2023\\\/06\\\/04\\\/artisanat-une-carte-professionnelle-numerique-pour-plus-de-442-000-artisans\\\/\",\"url\":\"https:\\\/\\\/lasentinelle.dz\\\/index.php\\\/2023\\\/06\\\/04\\\/artisanat-une-carte-professionnelle-numerique-pour-plus-de-442-000-artisans\\\/\",\"name\":\"Artisanat\u00a0: Une carte professionnelle num\u00e9rique pour plus de 442.000 artisans - La Sentinelle\",\"isPartOf\":{\"@id\":\"https:\\\/\\\/lasentinelle.dz\\\/#website\"},\"primaryImageOfPage\":{\"@id\":\"https:\\\/\\\/lasentinelle.dz\\\/index.php\\\/2023\\\/06\\\/04\\\/artisanat-une-carte-professionnelle-numerique-pour-plus-de-442-000-artisans\\\/#primaryimage\"},\"image\":{\"@id\":\"https:\\\/\\\/lasentinelle.dz\\\/index.php\\\/2023\\\/06\\\/04\\\/artisanat-une-carte-professionnelle-numerique-pour-plus-de-442-000-artisans\\\/#primaryimage\"},\"thumbnailUrl\":\"https:\\\/\\\/lasentinelle.dz\\\/wp-content\\\/uploads\\\/2023\\\/06\\\/image_2023-06-04_175744395.png\",\"datePublished\":\"2023-06-04T21:05:00+00:00\",\"breadcrumb\":{\"@id\":\"https:\\\/\\\/lasentinelle.dz\\\/index.php\\\/2023\\\/06\\\/04\\\/artisanat-une-carte-professionnelle-numerique-pour-plus-de-442-000-artisans\\\/#breadcrumb\"},\"inLanguage\":\"fr-FR\",\"potentialAction\":[{\"@type\":\"ReadAction\",\"target\":[\"https:\\\/\\\/lasentinelle.dz\\\/index.php\\\/2023\\\/06\\\/04\\\/artisanat-une-carte-professionnelle-numerique-pour-plus-de-442-000-artisans\\\/\"]}]},{\"@type\":\"ImageObject\",\"inLanguage\":\"fr-FR\",\"@id\":\"https:\\\/\\\/lasentinelle.dz\\\/index.php\\\/2023\\\/06\\\/04\\\/artisanat-une-carte-professionnelle-numerique-pour-plus-de-442-000-artisans\\\/#primaryimage\",\"url\":\"https:\\\/\\\/lasentinelle.dz\\\/wp-content\\\/uploads\\\/2023\\\/06\\\/image_2023-06-04_175744395.png\",\"contentUrl\":\"https:\\\/\\\/lasentinelle.dz\\\/wp-content\\\/uploads\\\/2023\\\/06\\\/image_2023-06-04_175744395.png\",\"width\":900,\"height\":675},{\"@type\":\"BreadcrumbList\",\"@id\":\"https:\\\/\\\/lasentinelle.dz\\\/index.php\\\/2023\\\/06\\\/04\\\/artisanat-une-carte-professionnelle-numerique-pour-plus-de-442-000-artisans\\\/#breadcrumb\",\"itemListElement\":[{\"@type\":\"ListItem\",\"position\":1,\"name\":\"Accueil\",\"item\":\"https:\\\/\\\/lasentinelle.dz\\\/\"},{\"@type\":\"ListItem\",\"position\":2,\"name\":\"Artisanat\u00a0: Une carte professionnelle num\u00e9rique pour plus de 442.000 artisans\"}]},{\"@type\":\"WebSite\",\"@id\":\"https:\\\/\\\/lasentinelle.dz\\\/#website\",\"url\":\"https:\\\/\\\/lasentinelle.dz\\\/\",\"name\":\"La Sentinelle\",\"description\":\"Quotidien national d&#039;information\",\"publisher\":{\"@id\":\"https:\\\/\\\/lasentinelle.dz\\\/#organization\"},\"potentialAction\":[{\"@type\":\"SearchAction\",\"target\":{\"@type\":\"EntryPoint\",\"urlTemplate\":\"https:\\\/\\\/lasentinelle.dz\\\/?s={search_term_string}\"},\"query-input\":{\"@type\":\"PropertyValueSpecification\",\"valueRequired\":true,\"valueName\":\"search_term_string\"}}],\"inLanguage\":\"fr-FR\"},{\"@type\":\"Organization\",\"@id\":\"https:\\\/\\\/lasentinelle.dz\\\/#organization\",\"name\":\"Quotidien La Sentinelle\",\"url\":\"https:\\\/\\\/lasentinelle.dz\\\/\",\"logo\":{\"@type\":\"ImageObject\",\"inLanguage\":\"fr-FR\",\"@id\":\"https:\\\/\\\/lasentinelle.dz\\\/#\\\/schema\\\/logo\\\/image\\\/\",\"url\":\"https:\\\/\\\/lasentinelle.dz\\\/wp-content\\\/uploads\\\/2021\\\/09\\\/logo-sentinelleSLOGAN-1.png\",\"contentUrl\":\"https:\\\/\\\/lasentinelle.dz\\\/wp-content\\\/uploads\\\/2021\\\/09\\\/logo-sentinelleSLOGAN-1.png\",\"width\":615,\"height\":142,\"caption\":\"Quotidien La Sentinelle\"},\"image\":{\"@id\":\"https:\\\/\\\/lasentinelle.dz\\\/#\\\/schema\\\/logo\\\/image\\\/\"},\"sameAs\":[\"https:\\\/\\\/www.facebook.com\\\/La-Sentinelle-104059864394773\"]},{\"@type\":\"Person\",\"@id\":\"https:\\\/\\\/lasentinelle.dz\\\/#\\\/schema\\\/person\\\/d865044e22e70a75174ce8bcad3acfb3\",\"name\":\"La Sentinelle\",\"image\":{\"@type\":\"ImageObject\",\"inLanguage\":\"fr-FR\",\"@id\":\"https:\\\/\\\/secure.gravatar.com\\\/avatar\\\/57de8e5d4b15d43fb361a71fbb36338450fe67865b528a43dd10ef7c51a20392?s=96&d=mm&r=g\",\"url\":\"https:\\\/\\\/secure.gravatar.com\\\/avatar\\\/57de8e5d4b15d43fb361a71fbb36338450fe67865b528a43dd10ef7c51a20392?s=96&d=mm&r=g\",\"contentUrl\":\"https:\\\/\\\/secure.gravatar.com\\\/avatar\\\/57de8e5d4b15d43fb361a71fbb36338450fe67865b528a43dd10ef7c51a20392?s=96&d=mm&r=g\",\"caption\":\"La Sentinelle\"},\"sameAs\":[\"http:\\\/\\\/www.lasentinelle.dz\"],\"url\":\"https:\\\/\\\/lasentinelle.dz\\\/author\\\/redaction\\\/\"}]}<\/script>\n<!-- \/ Yoast SEO plugin. -->","yoast_head_json":{"title":"Artisanat\u00a0: Une carte professionnelle num\u00e9rique pour plus de 442.000 artisans - La Sentinelle","robots":{"index":"index","follow":"follow","max-snippet":"max-snippet:-1","max-image-preview":"max-image-preview:large","max-video-preview":"max-video-preview:-1"},"canonical":"https:\/\/lasentinelle.dz\/index.php\/2023\/06\/04\/artisanat-une-carte-professionnelle-numerique-pour-plus-de-442-000-artisans\/","og_locale":"fr_FR","og_type":"article","og_title":"Artisanat\u00a0: Une carte professionnelle num\u00e9rique pour plus de 442.000 artisans - La Sentinelle","og_description":"Une carte professionnelle num\u00e9rique sera \u00abprochainement\u00bb d\u00e9livr\u00e9e \u00e0 plus de 442.000 artisans immatricul\u00e9s \u00e0 l\u2019\u00e9chelle nationale, en application des conclusions","og_url":"https:\/\/lasentinelle.dz\/index.php\/2023\/06\/04\/artisanat-une-carte-professionnelle-numerique-pour-plus-de-442-000-artisans\/","og_site_name":"La Sentinelle","article_publisher":"https:\/\/www.facebook.com\/La-Sentinelle-104059864394773","article_published_time":"2023-06-04T21:05:00+00:00","og_image":[{"width":900,"height":675,"url":"https:\/\/lasentinelle.dz\/wp-content\/uploads\/2023\/06\/image_2023-06-04_175744395.png","type":"image\/png"}],"author":"La Sentinelle","twitter_card":"summary_large_image","twitter_misc":{"\u00c9crit par":"La Sentinelle","Dur\u00e9e de lecture estim\u00e9e":"2 minutes"},"schema":{"@context":"https:\/\/schema.org","@graph":[{"@type":"Article","@id":"https:\/\/lasentinelle.dz\/index.php\/2023\/06\/04\/artisanat-une-carte-professionnelle-numerique-pour-plus-de-442-000-artisans\/#article","isPartOf":{"@id":"https:\/\/lasentinelle.dz\/index.php\/2023\/06\/04\/artisanat-une-carte-professionnelle-numerique-pour-plus-de-442-000-artisans\/"},"author":{"name":"La Sentinelle","@id":"https:\/\/lasentinelle.dz\/#\/schema\/person\/d865044e22e70a75174ce8bcad3acfb3"},"headline":"Artisanat\u00a0: Une carte professionnelle num\u00e9rique pour plus de 442.000 artisans","datePublished":"2023-06-04T21:05:00+00:00","mainEntityOfPage":{"@id":"https:\/\/lasentinelle.dz\/index.php\/2023\/06\/04\/artisanat-une-carte-professionnelle-numerique-pour-plus-de-442-000-artisans\/"},"wordCount":397,"commentCount":0,"publisher":{"@id":"https:\/\/lasentinelle.dz\/#organization"},"image":{"@id":"https:\/\/lasentinelle.dz\/index.php\/2023\/06\/04\/artisanat-une-carte-professionnelle-numerique-pour-plus-de-442-000-artisans\/#primaryimage"},"thumbnailUrl":"https:\/\/lasentinelle.dz\/wp-content\/uploads\/2023\/06\/image_2023-06-04_175744395.png","articleSection":["Actualit\u00e9"],"inLanguage":"fr-FR","potentialAction":[{"@type":"CommentAction","name":"Comment","target":["https:\/\/lasentinelle.dz\/index.php\/2023\/06\/04\/artisanat-une-carte-professionnelle-numerique-pour-plus-de-442-000-artisans\/#respond"]}]},{"@type":"WebPage","@id":"https:\/\/lasentinelle.dz\/index.php\/2023\/06\/04\/artisanat-une-carte-professionnelle-numerique-pour-plus-de-442-000-artisans\/","url":"https:\/\/lasentinelle.dz\/index.php\/2023\/06\/04\/artisanat-une-carte-professionnelle-numerique-pour-plus-de-442-000-artisans\/","name":"Artisanat\u00a0: Une carte professionnelle num\u00e9rique pour plus de 442.000 artisans - La Sentinelle","isPartOf":{"@id":"https:\/\/lasentinelle.dz\/#website"},"primaryImageOfPage":{"@id":"https:\/\/lasentinelle.dz\/index.php\/2023\/06\/04\/artisanat-une-carte-professionnelle-numerique-pour-plus-de-442-000-artisans\/#primaryimage"},"image":{"@id":"https:\/\/lasentinelle.dz\/index.php\/2023\/06\/04\/artisanat-une-carte-professionnelle-numerique-pour-plus-de-442-000-artisans\/#primaryimage"},"thumbnailUrl":"https:\/\/lasentinelle.dz\/wp-content\/uploads\/2023\/06\/image_2023-06-04_175744395.png","datePublished":"2023-06-04T21:05:00+00:00","breadcrumb":{"@id":"https:\/\/lasentinelle.dz\/index.php\/2023\/06\/04\/artisanat-une-carte-professionnelle-numerique-pour-plus-de-442-000-artisans\/#breadcrumb"},"inLanguage":"fr-FR","potentialAction":[{"@type":"ReadAction","target":["https:\/\/lasentinelle.dz\/index.php\/2023\/06\/04\/artisanat-une-carte-professionnelle-numerique-pour-plus-de-442-000-artisans\/"]}]},{"@type":"ImageObject","inLanguage":"fr-FR","@id":"https:\/\/lasentinelle.dz\/index.php\/2023\/06\/04\/artisanat-une-carte-professionnelle-numerique-pour-plus-de-442-000-artisans\/#primaryimage","url":"https:\/\/lasentinelle.dz\/wp-content\/uploads\/2023\/06\/image_2023-06-04_175744395.png","contentUrl":"https:\/\/lasentinelle.dz\/wp-content\/uploads\/2023\/06\/image_2023-06-04_175744395.png","width":900,"height":675},{"@type":"BreadcrumbList","@id":"https:\/\/lasentinelle.dz\/index.php\/2023\/06\/04\/artisanat-une-carte-professionnelle-numerique-pour-plus-de-442-000-artisans\/#breadcrumb","itemListElement":[{"@type":"ListItem","position":1,"name":"Accueil","item":"https:\/\/lasentinelle.dz\/"},{"@type":"ListItem","position":2,"name":"Artisanat\u00a0: Une carte professionnelle num\u00e9rique pour plus de 442.000 artisans"}]},{"@type":"WebSite","@id":"https:\/\/lasentinelle.dz\/#website","url":"https:\/\/lasentinelle.dz\/","name":"La Sentinelle","description":"Quotidien national d&#039;information","publisher":{"@id":"https:\/\/lasentinelle.dz\/#organization"},"potentialAction":[{"@type":"SearchAction","target":{"@type":"EntryPoint","urlTemplate":"https:\/\/lasentinelle.dz\/?s={search_term_string}"},"query-input":{"@type":"PropertyValueSpecification","valueRequired":true,"valueName":"search_term_string"}}],"inLanguage":"fr-FR"},{"@type":"Organization","@id":"https:\/\/lasentinelle.dz\/#organization","name":"Quotidien La Sentinelle","url":"https:\/\/lasentinelle.dz\/","logo":{"@type":"ImageObject","inLanguage":"fr-FR","@id":"https:\/\/lasentinelle.dz\/#\/schema\/logo\/image\/","url":"https:\/\/lasentinelle.dz\/wp-content\/uploads\/2021\/09\/logo-sentinelleSLOGAN-1.png","contentUrl":"https:\/\/lasentinelle.dz\/wp-content\/uploads\/2021\/09\/logo-sentinelleSLOGAN-1.png","width":615,"height":142,"caption":"Quotidien La Sentinelle"},"image":{"@id":"https:\/\/lasentinelle.dz\/#\/schema\/logo\/image\/"},"sameAs":["https:\/\/www.facebook.com\/La-Sentinelle-104059864394773"]},{"@type":"Person","@id":"https:\/\/lasentinelle.dz\/#\/schema\/person\/d865044e22e70a75174ce8bcad3acfb3","name":"La Sentinelle","image":{"@type":"ImageObject","inLanguage":"fr-FR","@id":"https:\/\/secure.gravatar.com\/avatar\/57de8e5d4b15d43fb361a71fbb36338450fe67865b528a43dd10ef7c51a20392?s=96&d=mm&r=g","url":"https:\/\/secure.gravatar.com\/avatar\/57de8e5d4b15d43fb361a71fbb36338450fe67865b528a43dd10ef7c51a20392?s=96&d=mm&r=g","contentUrl":"https:\/\/secure.gravatar.com\/avatar\/57de8e5d4b15d43fb361a71fbb36338450fe67865b528a43dd10ef7c51a20392?s=96&d=mm&r=g","caption":"La Sentinelle"},"sameAs":["http:\/\/www.lasentinelle.dz"],"url":"https:\/\/lasentinelle.dz\/author\/redaction\/"}]}},"_links":{"self":[{"href":"https:\/\/lasentinelle.dz\/index.php\/wp-json\/wp\/v2\/posts\/42229","targetHints":{"allow":["GET"]}}],"collection":[{"href":"https:\/\/lasentinelle.dz\/index.php\/wp-json\/wp\/v2\/posts"}],"about":[{"href":"https:\/\/lasentinelle.dz\/index.php\/wp-json\/wp\/v2\/types\/post"}],"author":[{"embeddable":true,"href":"https:\/\/lasentinelle.dz\/index.php\/wp-json\/wp\/v2\/users\/3"}],"replies":[{"embeddable":true,"href":"https:\/\/lasentinelle.dz\/index.php\/wp-json\/wp\/v2\/comments?post=42229"}],"version-history":[{"count":1,"href":"https:\/\/lasentinelle.dz\/index.php\/wp-json\/wp\/v2\/posts\/42229\/revisions"}],"predecessor-version":[{"id":42236,"href":"https:\/\/lasentinelle.dz\/index.php\/wp-json\/wp\/v2\/posts\/42229\/revisions\/42236"}],"wp:featuredmedia":[{"embeddable":true,"href":"https:\/\/lasentinelle.dz\/index.php\/wp-json\/wp\/v2\/media\/42235"}],"wp:attachment":[{"href":"https:\/\/lasentinelle.dz\/index.php\/wp-json\/wp\/v2\/media?parent=42229"}],"wp:term":[{"taxonomy":"category","embeddable":true,"href":"https:\/\/lasentinelle.dz\/index.php\/wp-json\/wp\/v2\/categories?post=42229"},{"taxonomy":"post_tag","embeddable":true,"href":"https:\/\/lasentinelle.dz\/index.php\/wp-json\/wp\/v2\/tags?post=42229"}],"curies":[{"name":"wp","href":"https:\/\/api.w.org\/{rel}","templated":true}]}}