{"id":42247,"date":"2023-06-04T22:10:00","date_gmt":"2023-06-04T21:10:00","guid":{"rendered":"https:\/\/lasentinelle.dz\/?p=42247"},"modified":"2023-06-04T20:22:47","modified_gmt":"2023-06-04T19:22:47","slug":"lalliance-saccorde-a-prolonger-la-baisse-des-quotas-jusqua-la-fin-2024-lopep-arrache-un-accord-a-minima","status":"publish","type":"post","link":"https:\/\/lasentinelle.dz\/index.php\/2023\/06\/04\/lalliance-saccorde-a-prolonger-la-baisse-des-quotas-jusqua-la-fin-2024-lopep-arrache-un-accord-a-minima\/","title":{"rendered":"L\u2019alliance s\u2019accorde \u00e0 prolonger la baisse des quotas jusqu\u2019\u00e0 la fin 2024\u00a0: L\u2019Opep + arrache un accord \u00e0 minima"},"content":{"rendered":"\n<p>Les dissensions entre les membres de l\u2019Alliance autour des niveaux de r\u00e9f\u00e9rence pour op\u00e9rer des coupes de production de p\u00e9trole n\u2019ont pas permis hier \u00e0 l\u2019Opep+ de parvenir \u00e0 un accord sur la modification de l\u2019offre actuelle de brut sur le march\u00e9. Ils sont, cependant parvenus, en fin de journ\u00e9e, \u00e0 s\u2019accorder sur une extension des baisses actuelles de production jusqu\u2019\u00e0 la fin de 2024, avec une r\u00e9vision des objectifs de production \u00e0 la baisse d\u00e8s l\u2019ann\u00e9e prochaine, alors que l\u2019Arabie saoudite, plus grand producteur de l\u2019Opep, a d\u00e9cid\u00e9 d\u2019\u00e9largir sa coupe volontaire de production \u00e0 un millions de barils\/jour d\u00e8s le mois de juillet prochain.<\/p>\n\n\n\n<p>L\u2019Opep+ a confirm\u00e9, \u00e0 l\u2019issue de sa 35e r\u00e9union minist\u00e9rielle, la deuxi\u00e8me qui se tient en pr\u00e9sentielle depuis la pand\u00e9mie, le maintien des r\u00e9ductions actuelles de 2 millions de barils\/jour de la production sur toute l&rsquo;ann\u00e9e 2023 puis en 2024. L&rsquo;objectif de production des pays de l&rsquo;Opep + sur l&rsquo;ann\u00e9e 2024 est fix\u00e9 \u00e0 40,46 millions de barils par jour. En effet, l\u2019alliance a d\u00e9cid\u00e9 au bout de sept heures de discussions de r\u00e9duire les objectifs de production globale \u00e0 partir de 2024 de 1,4 million de barils suppl\u00e9mentaires par jour. La rencontre s\u2019annon\u00e7ait difficile bien avant qu\u2019elle ne commence, en raison des signaux contradictoires sur la politique que l\u2019alliance devait adopter. Alors que certains tablaient sur une r\u00e9duction suppl\u00e9mentaire de la production pouvant atteindre 1 million de barils\/jour, d\u2019autres avait anticip\u00e9 un maintien du statut quo. Mais les travaux de la r\u00e9union d\u2019hier semblent s\u2019\u00eatre surtout concentr\u00e9s sur le respect des objectifs de production et dans ce sillage la d\u00e9finition des niveaux de production sur la base desquels sont op\u00e9r\u00e9es les coupes. Une question qui suscite d\u2019ailleurs des diff\u00e9rends entre les membres de l\u2019Alliance et sur laquelle les \u00c9mirats arabes Unis interviennent \u00e0 chaque fois, pour augmenter ce niveau de r\u00e9f\u00e9rence au regard de ses capacit\u00e9s de production lesquels ont augment\u00e9. A contrario certains producteurs qui n\u2019arrivent pas \u00e0 respecter leurs quotas en raison de leurs faibles capacit\u00e9s de production, rejettent toute r\u00e9vision \u00e0 la baisse de ces niveaux de r\u00e9f\u00e9rence, r\u00e9vision qui se traduirait par une baisse r\u00e9elle de leur production. C\u2019est dans ce contexte que les \u00c9mirats arabes unis ont obtenu une augmentation de leur production.<\/p>\n\n\n\n<p>De son c\u00f4t\u00e9 l\u2019Arabie saoudite a annonc\u00e9 un \u00e9largissement de ses coupes volontaire de production. Elle ainsi d\u00e9cid\u00e9 d\u2019une r\u00e9duction suppl\u00e9mentaire de ses extractions de 500.000 barils\/ jour, ce qui porte le volume de brut que le principal producteur de l\u2019Opep retire du march\u00e9 volontairement et en dehors des quotas \u00e0 1 million de barils\/ jour et ce d\u00e8s le mois de juillet prochain.<\/p>\n\n\n\n<p><strong>L\u2019Alg\u00e9rie prolonge ses coupes volontaires jusqu\u2019\u00e0 fin 2024<\/strong><\/p>\n\n\n\n<p>L\u2019Alg\u00e9rie a \u00e9galement d\u00e9cid\u00e9 de contribuer \u00e0 l\u2019effort destin\u00e9 \u00e0 stabiliser le march\u00e9 p\u00e9trolier et a annonc\u00e9 qu\u2019elle prolongeait ses coupes volontaires de production jusqu\u2019\u00e0 d\u00e9cembre 2024. &nbsp;Selon un communiqu\u00e9 du minist\u00e8re de l\u2019\u00c9nergie et des Mines publi\u00e9 hier, \u00ab&nbsp;l&rsquo;Alg\u00e9rie prolongera sa r\u00e9duction volontaire de 48.000 barils de p\u00e9trole par jour jusqu&rsquo;\u00e0 fin d\u00e9cembre 2024, par mesure de pr\u00e9caution, en coordination avec les pays participant \u00e0 l&rsquo;accord Opep+, qui avaient pr\u00e9c\u00e9demment annonc\u00e9 des r\u00e9ductions volontaires en avril dernier&nbsp;\u00bb. \u00ab&nbsp;Cette r\u00e9duction volontaire se fera \u00e0 partir du niveau de production requis, comme convenu lors de la 35e r\u00e9union minist\u00e9rielle de l&rsquo;Opep+ du 4 juin 2023&nbsp;\u00bb, tenue en pr\u00e9sence du ministre de l&rsquo;Energie et des Mines, Mohamed Arkab, a-t-on pr\u00e9cis\u00e9 de m\u00eame source. A l&rsquo;issue des r\u00e9unions, M. Arkab a d\u00e9clar\u00e9 que \u00ab\u00a0les pays de l&rsquo;Opep+ sont particuli\u00e8rement attentifs \u00e0 l&rsquo;\u00e9volution des fondamentaux du march\u00e9 p\u00e9trolier international\u00a0\u00bb, selon la m\u00eame source. \u00ab\u00a0La conjoncture \u00e9conomique mondiale devrait croitre mod\u00e9r\u00e9ment jusqu&rsquo;\u00e0 la fin de l&rsquo;ann\u00e9e en raison d&rsquo;une croissance faible dans les pays industrialis\u00e9s, une inflation \u00e9lev\u00e9e et un rebond mod\u00e9r\u00e9 de la croissance \u00e9conomique dans les pays \u00e9mergents. L&rsquo;ensemble de ces facteurs agissent sur la demande mondiale de p\u00e9trole qui devrait rester relativement contenue au second semestre 2023 alors que le march\u00e9 p\u00e9trolier reste convenablement approvisionn\u00e9\u00a0\u00bb, souligne le ministre cit\u00e9 dans le communiqu\u00e9. \u00ab\u00a0Au terme de nos discussions, les pays de la D\u00e9claration de Coop\u00e9ration ont d\u00e9cid\u00e9 de maintenir les niveaux de production d\u00e9cid\u00e9s en octobre 2022 pour le reste de l&rsquo;ann\u00e9e en cours\u00a0\u00bb, a-t-il fait savoir.<\/p>\n\n\n\n<p><strong>Samira Ghrib<\/strong><\/p>\n","protected":false},"excerpt":{"rendered":"<p>Les dissensions entre les membres de l\u2019Alliance autour des niveaux de r\u00e9f\u00e9rence pour op\u00e9rer des coupes de production de p\u00e9trole<\/p>\n","protected":false},"author":3,"featured_media":42251,"comment_status":"open","ping_status":"closed","sticky":false,"template":"","format":"standard","meta":{"colormag_page_container_layout":"default_layout","colormag_page_sidebar_layout":"default_layout","om_disable_all_campaigns":false,"_monsterinsights_skip_tracking":false,"_monsterinsights_sitenote_active":false,"_monsterinsights_sitenote_note":"","_monsterinsights_sitenote_category":0,"footnotes":"","_wpscppro_dont_share_socialmedia":false,"_wpscppro_custom_social_share_image":0,"_facebook_share_type":"","_twitter_share_type":"","_linkedin_share_type":"","_pinterest_share_type":"","_linkedin_share_type_page":"","_instagram_share_type":"","_medium_share_type":"","_threads_share_type":"","_google_business_share_type":"","_selected_social_profile":[],"_wpsp_enable_custom_social_template":false,"_wpsp_social_scheduling":{"enabled":false,"datetime":null,"platforms":[],"status":"template_only","dateOption":"today","timeOption":"now","customDays":"","customHours":"","customDate":"","customTime":"","schedulingType":"absolute"},"_wpsp_active_default_template":true},"categories":[52,29],"tags":[],"class_list":["post-42247","post","type-post","status-publish","format-standard","has-post-thumbnail","hentry","category-a-la-une","category-economie"],"aioseo_notices":[],"yoast_head":"<!-- This site is optimized with the Yoast SEO plugin v27.5 - https:\/\/yoast.com\/product\/yoast-seo-wordpress\/ -->\n<title>L\u2019alliance s\u2019accorde \u00e0 prolonger la baisse des quotas jusqu\u2019\u00e0 la fin 2024\u00a0: L\u2019Opep + arrache un accord \u00e0 minima - La Sentinelle<\/title>\n<meta name=\"robots\" content=\"index, follow, max-snippet:-1, max-image-preview:large, max-video-preview:-1\" \/>\n<link rel=\"canonical\" href=\"https:\/\/lasentinelle.dz\/index.php\/2023\/06\/04\/lalliance-saccorde-a-prolonger-la-baisse-des-quotas-jusqua-la-fin-2024-lopep-arrache-un-accord-a-minima\/\" \/>\n<meta property=\"og:locale\" content=\"fr_FR\" \/>\n<meta property=\"og:type\" content=\"article\" \/>\n<meta property=\"og:title\" content=\"L\u2019alliance s\u2019accorde \u00e0 prolonger la baisse des quotas jusqu\u2019\u00e0 la fin 2024\u00a0: L\u2019Opep + arrache un accord \u00e0 minima - La Sentinelle\" \/>\n<meta property=\"og:description\" content=\"Les dissensions entre les membres de l\u2019Alliance autour des niveaux de r\u00e9f\u00e9rence pour op\u00e9rer des coupes de production de p\u00e9trole\" \/>\n<meta property=\"og:url\" content=\"https:\/\/lasentinelle.dz\/index.php\/2023\/06\/04\/lalliance-saccorde-a-prolonger-la-baisse-des-quotas-jusqua-la-fin-2024-lopep-arrache-un-accord-a-minima\/\" \/>\n<meta property=\"og:site_name\" content=\"La Sentinelle\" \/>\n<meta property=\"article:publisher\" content=\"https:\/\/www.facebook.com\/La-Sentinelle-104059864394773\" \/>\n<meta property=\"article:published_time\" content=\"2023-06-04T21:10:00+00:00\" \/>\n<meta property=\"og:image\" content=\"https:\/\/lasentinelle.dz\/wp-content\/uploads\/2023\/06\/Opep.png\" \/>\n\t<meta property=\"og:image:width\" content=\"1200\" \/>\n\t<meta property=\"og:image:height\" content=\"900\" \/>\n\t<meta property=\"og:image:type\" content=\"image\/png\" \/>\n<meta name=\"author\" content=\"La Sentinelle\" \/>\n<meta name=\"twitter:card\" content=\"summary_large_image\" \/>\n<meta name=\"twitter:label1\" content=\"\u00c9crit par\" \/>\n\t<meta name=\"twitter:data1\" content=\"La Sentinelle\" \/>\n\t<meta name=\"twitter:label2\" content=\"Dur\u00e9e de lecture estim\u00e9e\" \/>\n\t<meta name=\"twitter:data2\" content=\"4 minutes\" \/>\n<script type=\"application\/ld+json\" class=\"yoast-schema-graph\">{\"@context\":\"https:\\\/\\\/schema.org\",\"@graph\":[{\"@type\":\"Article\",\"@id\":\"https:\\\/\\\/lasentinelle.dz\\\/index.php\\\/2023\\\/06\\\/04\\\/lalliance-saccorde-a-prolonger-la-baisse-des-quotas-jusqua-la-fin-2024-lopep-arrache-un-accord-a-minima\\\/#article\",\"isPartOf\":{\"@id\":\"https:\\\/\\\/lasentinelle.dz\\\/index.php\\\/2023\\\/06\\\/04\\\/lalliance-saccorde-a-prolonger-la-baisse-des-quotas-jusqua-la-fin-2024-lopep-arrache-un-accord-a-minima\\\/\"},\"author\":{\"name\":\"La Sentinelle\",\"@id\":\"https:\\\/\\\/lasentinelle.dz\\\/#\\\/schema\\\/person\\\/d865044e22e70a75174ce8bcad3acfb3\"},\"headline\":\"L\u2019alliance s\u2019accorde \u00e0 prolonger la baisse des quotas jusqu\u2019\u00e0 la fin 2024\u00a0: L\u2019Opep + arrache un accord \u00e0 minima\",\"datePublished\":\"2023-06-04T21:10:00+00:00\",\"mainEntityOfPage\":{\"@id\":\"https:\\\/\\\/lasentinelle.dz\\\/index.php\\\/2023\\\/06\\\/04\\\/lalliance-saccorde-a-prolonger-la-baisse-des-quotas-jusqua-la-fin-2024-lopep-arrache-un-accord-a-minima\\\/\"},\"wordCount\":820,\"commentCount\":0,\"publisher\":{\"@id\":\"https:\\\/\\\/lasentinelle.dz\\\/#organization\"},\"image\":{\"@id\":\"https:\\\/\\\/lasentinelle.dz\\\/index.php\\\/2023\\\/06\\\/04\\\/lalliance-saccorde-a-prolonger-la-baisse-des-quotas-jusqua-la-fin-2024-lopep-arrache-un-accord-a-minima\\\/#primaryimage\"},\"thumbnailUrl\":\"https:\\\/\\\/lasentinelle.dz\\\/wp-content\\\/uploads\\\/2023\\\/06\\\/Opep.png\",\"articleSection\":[\"\u00c0 la Une\",\"\u00c9conomie\"],\"inLanguage\":\"fr-FR\",\"potentialAction\":[{\"@type\":\"CommentAction\",\"name\":\"Comment\",\"target\":[\"https:\\\/\\\/lasentinelle.dz\\\/index.php\\\/2023\\\/06\\\/04\\\/lalliance-saccorde-a-prolonger-la-baisse-des-quotas-jusqua-la-fin-2024-lopep-arrache-un-accord-a-minima\\\/#respond\"]}]},{\"@type\":\"WebPage\",\"@id\":\"https:\\\/\\\/lasentinelle.dz\\\/index.php\\\/2023\\\/06\\\/04\\\/lalliance-saccorde-a-prolonger-la-baisse-des-quotas-jusqua-la-fin-2024-lopep-arrache-un-accord-a-minima\\\/\",\"url\":\"https:\\\/\\\/lasentinelle.dz\\\/index.php\\\/2023\\\/06\\\/04\\\/lalliance-saccorde-a-prolonger-la-baisse-des-quotas-jusqua-la-fin-2024-lopep-arrache-un-accord-a-minima\\\/\",\"name\":\"L\u2019alliance s\u2019accorde \u00e0 prolonger la baisse des quotas jusqu\u2019\u00e0 la fin 2024\u00a0: L\u2019Opep + arrache un accord \u00e0 minima - La Sentinelle\",\"isPartOf\":{\"@id\":\"https:\\\/\\\/lasentinelle.dz\\\/#website\"},\"primaryImageOfPage\":{\"@id\":\"https:\\\/\\\/lasentinelle.dz\\\/index.php\\\/2023\\\/06\\\/04\\\/lalliance-saccorde-a-prolonger-la-baisse-des-quotas-jusqua-la-fin-2024-lopep-arrache-un-accord-a-minima\\\/#primaryimage\"},\"image\":{\"@id\":\"https:\\\/\\\/lasentinelle.dz\\\/index.php\\\/2023\\\/06\\\/04\\\/lalliance-saccorde-a-prolonger-la-baisse-des-quotas-jusqua-la-fin-2024-lopep-arrache-un-accord-a-minima\\\/#primaryimage\"},\"thumbnailUrl\":\"https:\\\/\\\/lasentinelle.dz\\\/wp-content\\\/uploads\\\/2023\\\/06\\\/Opep.png\",\"datePublished\":\"2023-06-04T21:10:00+00:00\",\"breadcrumb\":{\"@id\":\"https:\\\/\\\/lasentinelle.dz\\\/index.php\\\/2023\\\/06\\\/04\\\/lalliance-saccorde-a-prolonger-la-baisse-des-quotas-jusqua-la-fin-2024-lopep-arrache-un-accord-a-minima\\\/#breadcrumb\"},\"inLanguage\":\"fr-FR\",\"potentialAction\":[{\"@type\":\"ReadAction\",\"target\":[\"https:\\\/\\\/lasentinelle.dz\\\/index.php\\\/2023\\\/06\\\/04\\\/lalliance-saccorde-a-prolonger-la-baisse-des-quotas-jusqua-la-fin-2024-lopep-arrache-un-accord-a-minima\\\/\"]}]},{\"@type\":\"ImageObject\",\"inLanguage\":\"fr-FR\",\"@id\":\"https:\\\/\\\/lasentinelle.dz\\\/index.php\\\/2023\\\/06\\\/04\\\/lalliance-saccorde-a-prolonger-la-baisse-des-quotas-jusqua-la-fin-2024-lopep-arrache-un-accord-a-minima\\\/#primaryimage\",\"url\":\"https:\\\/\\\/lasentinelle.dz\\\/wp-content\\\/uploads\\\/2023\\\/06\\\/Opep.png\",\"contentUrl\":\"https:\\\/\\\/lasentinelle.dz\\\/wp-content\\\/uploads\\\/2023\\\/06\\\/Opep.png\",\"width\":1200,\"height\":900},{\"@type\":\"BreadcrumbList\",\"@id\":\"https:\\\/\\\/lasentinelle.dz\\\/index.php\\\/2023\\\/06\\\/04\\\/lalliance-saccorde-a-prolonger-la-baisse-des-quotas-jusqua-la-fin-2024-lopep-arrache-un-accord-a-minima\\\/#breadcrumb\",\"itemListElement\":[{\"@type\":\"ListItem\",\"position\":1,\"name\":\"Accueil\",\"item\":\"https:\\\/\\\/lasentinelle.dz\\\/\"},{\"@type\":\"ListItem\",\"position\":2,\"name\":\"L\u2019alliance s\u2019accorde \u00e0 prolonger la baisse des quotas jusqu\u2019\u00e0 la fin 2024\u00a0: L\u2019Opep + arrache un accord \u00e0 minima\"}]},{\"@type\":\"WebSite\",\"@id\":\"https:\\\/\\\/lasentinelle.dz\\\/#website\",\"url\":\"https:\\\/\\\/lasentinelle.dz\\\/\",\"name\":\"La Sentinelle\",\"description\":\"Quotidien national d&#039;information\",\"publisher\":{\"@id\":\"https:\\\/\\\/lasentinelle.dz\\\/#organization\"},\"potentialAction\":[{\"@type\":\"SearchAction\",\"target\":{\"@type\":\"EntryPoint\",\"urlTemplate\":\"https:\\\/\\\/lasentinelle.dz\\\/?s={search_term_string}\"},\"query-input\":{\"@type\":\"PropertyValueSpecification\",\"valueRequired\":true,\"valueName\":\"search_term_string\"}}],\"inLanguage\":\"fr-FR\"},{\"@type\":\"Organization\",\"@id\":\"https:\\\/\\\/lasentinelle.dz\\\/#organization\",\"name\":\"Quotidien La Sentinelle\",\"url\":\"https:\\\/\\\/lasentinelle.dz\\\/\",\"logo\":{\"@type\":\"ImageObject\",\"inLanguage\":\"fr-FR\",\"@id\":\"https:\\\/\\\/lasentinelle.dz\\\/#\\\/schema\\\/logo\\\/image\\\/\",\"url\":\"https:\\\/\\\/lasentinelle.dz\\\/wp-content\\\/uploads\\\/2021\\\/09\\\/logo-sentinelleSLOGAN-1.png\",\"contentUrl\":\"https:\\\/\\\/lasentinelle.dz\\\/wp-content\\\/uploads\\\/2021\\\/09\\\/logo-sentinelleSLOGAN-1.png\",\"width\":615,\"height\":142,\"caption\":\"Quotidien La Sentinelle\"},\"image\":{\"@id\":\"https:\\\/\\\/lasentinelle.dz\\\/#\\\/schema\\\/logo\\\/image\\\/\"},\"sameAs\":[\"https:\\\/\\\/www.facebook.com\\\/La-Sentinelle-104059864394773\"]},{\"@type\":\"Person\",\"@id\":\"https:\\\/\\\/lasentinelle.dz\\\/#\\\/schema\\\/person\\\/d865044e22e70a75174ce8bcad3acfb3\",\"name\":\"La Sentinelle\",\"image\":{\"@type\":\"ImageObject\",\"inLanguage\":\"fr-FR\",\"@id\":\"https:\\\/\\\/secure.gravatar.com\\\/avatar\\\/57de8e5d4b15d43fb361a71fbb36338450fe67865b528a43dd10ef7c51a20392?s=96&d=mm&r=g\",\"url\":\"https:\\\/\\\/secure.gravatar.com\\\/avatar\\\/57de8e5d4b15d43fb361a71fbb36338450fe67865b528a43dd10ef7c51a20392?s=96&d=mm&r=g\",\"contentUrl\":\"https:\\\/\\\/secure.gravatar.com\\\/avatar\\\/57de8e5d4b15d43fb361a71fbb36338450fe67865b528a43dd10ef7c51a20392?s=96&d=mm&r=g\",\"caption\":\"La Sentinelle\"},\"sameAs\":[\"http:\\\/\\\/www.lasentinelle.dz\"],\"url\":\"https:\\\/\\\/lasentinelle.dz\\\/author\\\/redaction\\\/\"}]}<\/script>\n<!-- \/ Yoast SEO plugin. -->","yoast_head_json":{"title":"L\u2019alliance s\u2019accorde \u00e0 prolonger la baisse des quotas jusqu\u2019\u00e0 la fin 2024\u00a0: L\u2019Opep + arrache un accord \u00e0 minima - La Sentinelle","robots":{"index":"index","follow":"follow","max-snippet":"max-snippet:-1","max-image-preview":"max-image-preview:large","max-video-preview":"max-video-preview:-1"},"canonical":"https:\/\/lasentinelle.dz\/index.php\/2023\/06\/04\/lalliance-saccorde-a-prolonger-la-baisse-des-quotas-jusqua-la-fin-2024-lopep-arrache-un-accord-a-minima\/","og_locale":"fr_FR","og_type":"article","og_title":"L\u2019alliance s\u2019accorde \u00e0 prolonger la baisse des quotas jusqu\u2019\u00e0 la fin 2024\u00a0: L\u2019Opep + arrache un accord \u00e0 minima - La Sentinelle","og_description":"Les dissensions entre les membres de l\u2019Alliance autour des niveaux de r\u00e9f\u00e9rence pour op\u00e9rer des coupes de production de p\u00e9trole","og_url":"https:\/\/lasentinelle.dz\/index.php\/2023\/06\/04\/lalliance-saccorde-a-prolonger-la-baisse-des-quotas-jusqua-la-fin-2024-lopep-arrache-un-accord-a-minima\/","og_site_name":"La Sentinelle","article_publisher":"https:\/\/www.facebook.com\/La-Sentinelle-104059864394773","article_published_time":"2023-06-04T21:10:00+00:00","og_image":[{"width":1200,"height":900,"url":"https:\/\/lasentinelle.dz\/wp-content\/uploads\/2023\/06\/Opep.png","type":"image\/png"}],"author":"La Sentinelle","twitter_card":"summary_large_image","twitter_misc":{"\u00c9crit par":"La Sentinelle","Dur\u00e9e de lecture estim\u00e9e":"4 minutes"},"schema":{"@context":"https:\/\/schema.org","@graph":[{"@type":"Article","@id":"https:\/\/lasentinelle.dz\/index.php\/2023\/06\/04\/lalliance-saccorde-a-prolonger-la-baisse-des-quotas-jusqua-la-fin-2024-lopep-arrache-un-accord-a-minima\/#article","isPartOf":{"@id":"https:\/\/lasentinelle.dz\/index.php\/2023\/06\/04\/lalliance-saccorde-a-prolonger-la-baisse-des-quotas-jusqua-la-fin-2024-lopep-arrache-un-accord-a-minima\/"},"author":{"name":"La Sentinelle","@id":"https:\/\/lasentinelle.dz\/#\/schema\/person\/d865044e22e70a75174ce8bcad3acfb3"},"headline":"L\u2019alliance s\u2019accorde \u00e0 prolonger la baisse des quotas jusqu\u2019\u00e0 la fin 2024\u00a0: L\u2019Opep + arrache un accord \u00e0 minima","datePublished":"2023-06-04T21:10:00+00:00","mainEntityOfPage":{"@id":"https:\/\/lasentinelle.dz\/index.php\/2023\/06\/04\/lalliance-saccorde-a-prolonger-la-baisse-des-quotas-jusqua-la-fin-2024-lopep-arrache-un-accord-a-minima\/"},"wordCount":820,"commentCount":0,"publisher":{"@id":"https:\/\/lasentinelle.dz\/#organization"},"image":{"@id":"https:\/\/lasentinelle.dz\/index.php\/2023\/06\/04\/lalliance-saccorde-a-prolonger-la-baisse-des-quotas-jusqua-la-fin-2024-lopep-arrache-un-accord-a-minima\/#primaryimage"},"thumbnailUrl":"https:\/\/lasentinelle.dz\/wp-content\/uploads\/2023\/06\/Opep.png","articleSection":["\u00c0 la Une","\u00c9conomie"],"inLanguage":"fr-FR","potentialAction":[{"@type":"CommentAction","name":"Comment","target":["https:\/\/lasentinelle.dz\/index.php\/2023\/06\/04\/lalliance-saccorde-a-prolonger-la-baisse-des-quotas-jusqua-la-fin-2024-lopep-arrache-un-accord-a-minima\/#respond"]}]},{"@type":"WebPage","@id":"https:\/\/lasentinelle.dz\/index.php\/2023\/06\/04\/lalliance-saccorde-a-prolonger-la-baisse-des-quotas-jusqua-la-fin-2024-lopep-arrache-un-accord-a-minima\/","url":"https:\/\/lasentinelle.dz\/index.php\/2023\/06\/04\/lalliance-saccorde-a-prolonger-la-baisse-des-quotas-jusqua-la-fin-2024-lopep-arrache-un-accord-a-minima\/","name":"L\u2019alliance s\u2019accorde \u00e0 prolonger la baisse des quotas jusqu\u2019\u00e0 la fin 2024\u00a0: L\u2019Opep + arrache un accord \u00e0 minima - La Sentinelle","isPartOf":{"@id":"https:\/\/lasentinelle.dz\/#website"},"primaryImageOfPage":{"@id":"https:\/\/lasentinelle.dz\/index.php\/2023\/06\/04\/lalliance-saccorde-a-prolonger-la-baisse-des-quotas-jusqua-la-fin-2024-lopep-arrache-un-accord-a-minima\/#primaryimage"},"image":{"@id":"https:\/\/lasentinelle.dz\/index.php\/2023\/06\/04\/lalliance-saccorde-a-prolonger-la-baisse-des-quotas-jusqua-la-fin-2024-lopep-arrache-un-accord-a-minima\/#primaryimage"},"thumbnailUrl":"https:\/\/lasentinelle.dz\/wp-content\/uploads\/2023\/06\/Opep.png","datePublished":"2023-06-04T21:10:00+00:00","breadcrumb":{"@id":"https:\/\/lasentinelle.dz\/index.php\/2023\/06\/04\/lalliance-saccorde-a-prolonger-la-baisse-des-quotas-jusqua-la-fin-2024-lopep-arrache-un-accord-a-minima\/#breadcrumb"},"inLanguage":"fr-FR","potentialAction":[{"@type":"ReadAction","target":["https:\/\/lasentinelle.dz\/index.php\/2023\/06\/04\/lalliance-saccorde-a-prolonger-la-baisse-des-quotas-jusqua-la-fin-2024-lopep-arrache-un-accord-a-minima\/"]}]},{"@type":"ImageObject","inLanguage":"fr-FR","@id":"https:\/\/lasentinelle.dz\/index.php\/2023\/06\/04\/lalliance-saccorde-a-prolonger-la-baisse-des-quotas-jusqua-la-fin-2024-lopep-arrache-un-accord-a-minima\/#primaryimage","url":"https:\/\/lasentinelle.dz\/wp-content\/uploads\/2023\/06\/Opep.png","contentUrl":"https:\/\/lasentinelle.dz\/wp-content\/uploads\/2023\/06\/Opep.png","width":1200,"height":900},{"@type":"BreadcrumbList","@id":"https:\/\/lasentinelle.dz\/index.php\/2023\/06\/04\/lalliance-saccorde-a-prolonger-la-baisse-des-quotas-jusqua-la-fin-2024-lopep-arrache-un-accord-a-minima\/#breadcrumb","itemListElement":[{"@type":"ListItem","position":1,"name":"Accueil","item":"https:\/\/lasentinelle.dz\/"},{"@type":"ListItem","position":2,"name":"L\u2019alliance s\u2019accorde \u00e0 prolonger la baisse des quotas jusqu\u2019\u00e0 la fin 2024\u00a0: L\u2019Opep + arrache un accord \u00e0 minima"}]},{"@type":"WebSite","@id":"https:\/\/lasentinelle.dz\/#website","url":"https:\/\/lasentinelle.dz\/","name":"La Sentinelle","description":"Quotidien national d&#039;information","publisher":{"@id":"https:\/\/lasentinelle.dz\/#organization"},"potentialAction":[{"@type":"SearchAction","target":{"@type":"EntryPoint","urlTemplate":"https:\/\/lasentinelle.dz\/?s={search_term_string}"},"query-input":{"@type":"PropertyValueSpecification","valueRequired":true,"valueName":"search_term_string"}}],"inLanguage":"fr-FR"},{"@type":"Organization","@id":"https:\/\/lasentinelle.dz\/#organization","name":"Quotidien La Sentinelle","url":"https:\/\/lasentinelle.dz\/","logo":{"@type":"ImageObject","inLanguage":"fr-FR","@id":"https:\/\/lasentinelle.dz\/#\/schema\/logo\/image\/","url":"https:\/\/lasentinelle.dz\/wp-content\/uploads\/2021\/09\/logo-sentinelleSLOGAN-1.png","contentUrl":"https:\/\/lasentinelle.dz\/wp-content\/uploads\/2021\/09\/logo-sentinelleSLOGAN-1.png","width":615,"height":142,"caption":"Quotidien La Sentinelle"},"image":{"@id":"https:\/\/lasentinelle.dz\/#\/schema\/logo\/image\/"},"sameAs":["https:\/\/www.facebook.com\/La-Sentinelle-104059864394773"]},{"@type":"Person","@id":"https:\/\/lasentinelle.dz\/#\/schema\/person\/d865044e22e70a75174ce8bcad3acfb3","name":"La Sentinelle","image":{"@type":"ImageObject","inLanguage":"fr-FR","@id":"https:\/\/secure.gravatar.com\/avatar\/57de8e5d4b15d43fb361a71fbb36338450fe67865b528a43dd10ef7c51a20392?s=96&d=mm&r=g","url":"https:\/\/secure.gravatar.com\/avatar\/57de8e5d4b15d43fb361a71fbb36338450fe67865b528a43dd10ef7c51a20392?s=96&d=mm&r=g","contentUrl":"https:\/\/secure.gravatar.com\/avatar\/57de8e5d4b15d43fb361a71fbb36338450fe67865b528a43dd10ef7c51a20392?s=96&d=mm&r=g","caption":"La Sentinelle"},"sameAs":["http:\/\/www.lasentinelle.dz"],"url":"https:\/\/lasentinelle.dz\/author\/redaction\/"}]}},"_links":{"self":[{"href":"https:\/\/lasentinelle.dz\/index.php\/wp-json\/wp\/v2\/posts\/42247","targetHints":{"allow":["GET"]}}],"collection":[{"href":"https:\/\/lasentinelle.dz\/index.php\/wp-json\/wp\/v2\/posts"}],"about":[{"href":"https:\/\/lasentinelle.dz\/index.php\/wp-json\/wp\/v2\/types\/post"}],"author":[{"embeddable":true,"href":"https:\/\/lasentinelle.dz\/index.php\/wp-json\/wp\/v2\/users\/3"}],"replies":[{"embeddable":true,"href":"https:\/\/lasentinelle.dz\/index.php\/wp-json\/wp\/v2\/comments?post=42247"}],"version-history":[{"count":1,"href":"https:\/\/lasentinelle.dz\/index.php\/wp-json\/wp\/v2\/posts\/42247\/revisions"}],"predecessor-version":[{"id":42252,"href":"https:\/\/lasentinelle.dz\/index.php\/wp-json\/wp\/v2\/posts\/42247\/revisions\/42252"}],"wp:featuredmedia":[{"embeddable":true,"href":"https:\/\/lasentinelle.dz\/index.php\/wp-json\/wp\/v2\/media\/42251"}],"wp:attachment":[{"href":"https:\/\/lasentinelle.dz\/index.php\/wp-json\/wp\/v2\/media?parent=42247"}],"wp:term":[{"taxonomy":"category","embeddable":true,"href":"https:\/\/lasentinelle.dz\/index.php\/wp-json\/wp\/v2\/categories?post=42247"},{"taxonomy":"post_tag","embeddable":true,"href":"https:\/\/lasentinelle.dz\/index.php\/wp-json\/wp\/v2\/tags?post=42247"}],"curies":[{"name":"wp","href":"https:\/\/api.w.org\/{rel}","templated":true}]}}