{"id":42267,"date":"2023-06-05T22:00:00","date_gmt":"2023-06-05T21:00:00","guid":{"rendered":"https:\/\/lasentinelle.dz\/?p=42267"},"modified":"2023-06-05T15:56:35","modified_gmt":"2023-06-05T14:56:35","slug":"presidentielle-au-liban-nabih-berry-convoque-le-parlement-le-14-juin","status":"publish","type":"post","link":"https:\/\/lasentinelle.dz\/index.php\/2023\/06\/05\/presidentielle-au-liban-nabih-berry-convoque-le-parlement-le-14-juin\/","title":{"rendered":"Pr\u00e9sidentielle au Liban\u00a0: Nabih Berry convoque le Parlement le 14 juin"},"content":{"rendered":"\n<p>Le pr\u00e9sident du Parlement libanais, Nabih Berry, a convoqu\u00e9 lundi les d\u00e9put\u00e9s \u00e0 une s\u00e9ance \u00e9lectorale, le 14 juin courant, pour \u00e9lire un nouveau pr\u00e9sident de la R\u00e9publique, alors que le Liban est en proie \u00e0 une double vacance du pouvoir ex\u00e9cutif depuis la fin du mandat de Michel Aoun, fin octobre 2022. Cette annonce intervient apr\u00e8s que le Courant patriotique libre (CPL,aouniste), ainsi que plusieurs partis et d\u00e9put\u00e9s de l\u2019opposition, ont officialis\u00e9 au cours du week-end leur soutien \u00e0 la candidature du chef du d\u00e9partement Moyen-Orient et Asie centrale du Fonds mon\u00e9taire international (FMI), Jihad Azour, \u00e0 la pr\u00e9sidentielle, face \u00e0 celle du chef du courant des Marada, Sleiman Frangi\u00e9, soutenu par le tandem chiite Hezbollah-Amal. Le d\u00e9put\u00e9 de Zghorta, Michel Moawad, soutenu jusque-l\u00e0 par une partie de l\u2019opposition, a annonc\u00e9 dimanche, lors d\u2019une conf\u00e9rence de presse, le retrait de sa candidature au profit de M. Azour. Prenant la parole \u00e0 la suite de cette annonce, le d\u00e9put\u00e9 des forces du changement, Marc Daou, a indiqu\u00e9 que \u00ab 32 d\u00e9put\u00e9s issus de diff\u00e9rents blocs \u00bb se sont entendus sur la candidature de M. Azour, \u00ab un candidat qui pourrait<\/p>\n\n\n\n<p>aider le Liban \u00e0 d\u00e9passer la crise \u00bb. Lors des onze s\u00e9ances parlementaires \u00e9lectorales organis\u00e9es entre septembre 2022 et janvier 2023, aucun candidat, officiel ou non, n\u2019a obtenu la majorit\u00e9 requise et, apr\u00e8s un premier tour de vote, la majorit\u00e9 des<\/p>\n\n\n\n<p>d\u00e9put\u00e9s se sont retir\u00e9s de l\u2019h\u00e9micycle, provoquant un d\u00e9faut de quorum. M. Berry estime que chaque nouvelle s\u00e9ance parlementaire constitue \u00ab un nouveau premier tour de vote \u00bb, au cours duquel une majorit\u00e9 des deux tiers des d\u00e9put\u00e9s (soit 86 voix) sont n\u00e9cessaires pour aboutir \u00e0 l\u2019\u00e9lection d\u2019un pr\u00e9sident. Au second tour, la majorit\u00e9 simple (65 votes) est requise.<\/p>\n\n\n\n<p>APS<\/p>\n","protected":false},"excerpt":{"rendered":"<p>Le pr\u00e9sident du Parlement libanais, Nabih Berry, a convoqu\u00e9 lundi les d\u00e9put\u00e9s \u00e0 une s\u00e9ance \u00e9lectorale, le 14 juin courant,<\/p>\n","protected":false},"author":3,"featured_media":42286,"comment_status":"open","ping_status":"closed","sticky":false,"template":"","format":"standard","meta":{"colormag_page_container_layout":"default_layout","colormag_page_sidebar_layout":"default_layout","om_disable_all_campaigns":false,"_monsterinsights_skip_tracking":false,"_monsterinsights_sitenote_active":false,"_monsterinsights_sitenote_note":"","_monsterinsights_sitenote_category":0,"footnotes":"","_wpscppro_dont_share_socialmedia":false,"_wpscppro_custom_social_share_image":0,"_facebook_share_type":"","_twitter_share_type":"","_linkedin_share_type":"","_pinterest_share_type":"","_linkedin_share_type_page":"","_instagram_share_type":"","_medium_share_type":"","_threads_share_type":"","_google_business_share_type":"","_selected_social_profile":[],"_wpsp_enable_custom_social_template":false,"_wpsp_social_scheduling":{"enabled":false,"datetime":null,"platforms":[],"status":"template_only","dateOption":"today","timeOption":"now","customDays":"","customHours":"","customDate":"","customTime":"","schedulingType":"absolute"},"_wpsp_active_default_template":true},"categories":[37],"tags":[],"class_list":["post-42267","post","type-post","status-publish","format-standard","has-post-thumbnail","hentry","category-monde"],"aioseo_notices":[],"yoast_head":"<!-- This site is optimized with the Yoast SEO plugin v27.5 - https:\/\/yoast.com\/product\/yoast-seo-wordpress\/ -->\n<title>Pr\u00e9sidentielle au Liban\u00a0: Nabih Berry convoque le Parlement le 14 juin - La Sentinelle<\/title>\n<meta name=\"robots\" content=\"index, follow, max-snippet:-1, max-image-preview:large, max-video-preview:-1\" \/>\n<link rel=\"canonical\" href=\"https:\/\/lasentinelle.dz\/index.php\/2023\/06\/05\/presidentielle-au-liban-nabih-berry-convoque-le-parlement-le-14-juin\/\" \/>\n<meta property=\"og:locale\" content=\"fr_FR\" \/>\n<meta property=\"og:type\" content=\"article\" \/>\n<meta property=\"og:title\" content=\"Pr\u00e9sidentielle au Liban\u00a0: Nabih Berry convoque le Parlement le 14 juin - La Sentinelle\" \/>\n<meta property=\"og:description\" content=\"Le pr\u00e9sident du Parlement libanais, Nabih Berry, a convoqu\u00e9 lundi les d\u00e9put\u00e9s \u00e0 une s\u00e9ance \u00e9lectorale, le 14 juin courant,\" \/>\n<meta property=\"og:url\" content=\"https:\/\/lasentinelle.dz\/index.php\/2023\/06\/05\/presidentielle-au-liban-nabih-berry-convoque-le-parlement-le-14-juin\/\" \/>\n<meta property=\"og:site_name\" content=\"La Sentinelle\" \/>\n<meta property=\"article:publisher\" content=\"https:\/\/www.facebook.com\/La-Sentinelle-104059864394773\" \/>\n<meta property=\"article:published_time\" content=\"2023-06-05T21:00:00+00:00\" \/>\n<meta property=\"og:image\" content=\"https:\/\/lasentinelle.dz\/wp-content\/uploads\/2023\/06\/image_2023-06-05_155548851.png\" \/>\n\t<meta property=\"og:image:width\" content=\"800\" \/>\n\t<meta property=\"og:image:height\" content=\"532\" \/>\n\t<meta property=\"og:image:type\" content=\"image\/png\" \/>\n<meta name=\"author\" content=\"La Sentinelle\" \/>\n<meta name=\"twitter:card\" content=\"summary_large_image\" \/>\n<meta name=\"twitter:label1\" content=\"\u00c9crit par\" \/>\n\t<meta name=\"twitter:data1\" content=\"La Sentinelle\" \/>\n\t<meta name=\"twitter:label2\" content=\"Dur\u00e9e de lecture estim\u00e9e\" \/>\n\t<meta name=\"twitter:data2\" content=\"2 minutes\" \/>\n<script type=\"application\/ld+json\" class=\"yoast-schema-graph\">{\"@context\":\"https:\\\/\\\/schema.org\",\"@graph\":[{\"@type\":\"Article\",\"@id\":\"https:\\\/\\\/lasentinelle.dz\\\/index.php\\\/2023\\\/06\\\/05\\\/presidentielle-au-liban-nabih-berry-convoque-le-parlement-le-14-juin\\\/#article\",\"isPartOf\":{\"@id\":\"https:\\\/\\\/lasentinelle.dz\\\/index.php\\\/2023\\\/06\\\/05\\\/presidentielle-au-liban-nabih-berry-convoque-le-parlement-le-14-juin\\\/\"},\"author\":{\"name\":\"La Sentinelle\",\"@id\":\"https:\\\/\\\/lasentinelle.dz\\\/#\\\/schema\\\/person\\\/d865044e22e70a75174ce8bcad3acfb3\"},\"headline\":\"Pr\u00e9sidentielle au Liban\u00a0: Nabih Berry convoque le Parlement le 14 juin\",\"datePublished\":\"2023-06-05T21:00:00+00:00\",\"mainEntityOfPage\":{\"@id\":\"https:\\\/\\\/lasentinelle.dz\\\/index.php\\\/2023\\\/06\\\/05\\\/presidentielle-au-liban-nabih-berry-convoque-le-parlement-le-14-juin\\\/\"},\"wordCount\":322,\"commentCount\":0,\"publisher\":{\"@id\":\"https:\\\/\\\/lasentinelle.dz\\\/#organization\"},\"image\":{\"@id\":\"https:\\\/\\\/lasentinelle.dz\\\/index.php\\\/2023\\\/06\\\/05\\\/presidentielle-au-liban-nabih-berry-convoque-le-parlement-le-14-juin\\\/#primaryimage\"},\"thumbnailUrl\":\"https:\\\/\\\/lasentinelle.dz\\\/wp-content\\\/uploads\\\/2023\\\/06\\\/image_2023-06-05_155548851.png\",\"articleSection\":[\"Monde\"],\"inLanguage\":\"fr-FR\",\"potentialAction\":[{\"@type\":\"CommentAction\",\"name\":\"Comment\",\"target\":[\"https:\\\/\\\/lasentinelle.dz\\\/index.php\\\/2023\\\/06\\\/05\\\/presidentielle-au-liban-nabih-berry-convoque-le-parlement-le-14-juin\\\/#respond\"]}]},{\"@type\":\"WebPage\",\"@id\":\"https:\\\/\\\/lasentinelle.dz\\\/index.php\\\/2023\\\/06\\\/05\\\/presidentielle-au-liban-nabih-berry-convoque-le-parlement-le-14-juin\\\/\",\"url\":\"https:\\\/\\\/lasentinelle.dz\\\/index.php\\\/2023\\\/06\\\/05\\\/presidentielle-au-liban-nabih-berry-convoque-le-parlement-le-14-juin\\\/\",\"name\":\"Pr\u00e9sidentielle au Liban\u00a0: Nabih Berry convoque le Parlement le 14 juin - La Sentinelle\",\"isPartOf\":{\"@id\":\"https:\\\/\\\/lasentinelle.dz\\\/#website\"},\"primaryImageOfPage\":{\"@id\":\"https:\\\/\\\/lasentinelle.dz\\\/index.php\\\/2023\\\/06\\\/05\\\/presidentielle-au-liban-nabih-berry-convoque-le-parlement-le-14-juin\\\/#primaryimage\"},\"image\":{\"@id\":\"https:\\\/\\\/lasentinelle.dz\\\/index.php\\\/2023\\\/06\\\/05\\\/presidentielle-au-liban-nabih-berry-convoque-le-parlement-le-14-juin\\\/#primaryimage\"},\"thumbnailUrl\":\"https:\\\/\\\/lasentinelle.dz\\\/wp-content\\\/uploads\\\/2023\\\/06\\\/image_2023-06-05_155548851.png\",\"datePublished\":\"2023-06-05T21:00:00+00:00\",\"breadcrumb\":{\"@id\":\"https:\\\/\\\/lasentinelle.dz\\\/index.php\\\/2023\\\/06\\\/05\\\/presidentielle-au-liban-nabih-berry-convoque-le-parlement-le-14-juin\\\/#breadcrumb\"},\"inLanguage\":\"fr-FR\",\"potentialAction\":[{\"@type\":\"ReadAction\",\"target\":[\"https:\\\/\\\/lasentinelle.dz\\\/index.php\\\/2023\\\/06\\\/05\\\/presidentielle-au-liban-nabih-berry-convoque-le-parlement-le-14-juin\\\/\"]}]},{\"@type\":\"ImageObject\",\"inLanguage\":\"fr-FR\",\"@id\":\"https:\\\/\\\/lasentinelle.dz\\\/index.php\\\/2023\\\/06\\\/05\\\/presidentielle-au-liban-nabih-berry-convoque-le-parlement-le-14-juin\\\/#primaryimage\",\"url\":\"https:\\\/\\\/lasentinelle.dz\\\/wp-content\\\/uploads\\\/2023\\\/06\\\/image_2023-06-05_155548851.png\",\"contentUrl\":\"https:\\\/\\\/lasentinelle.dz\\\/wp-content\\\/uploads\\\/2023\\\/06\\\/image_2023-06-05_155548851.png\",\"width\":800,\"height\":532},{\"@type\":\"BreadcrumbList\",\"@id\":\"https:\\\/\\\/lasentinelle.dz\\\/index.php\\\/2023\\\/06\\\/05\\\/presidentielle-au-liban-nabih-berry-convoque-le-parlement-le-14-juin\\\/#breadcrumb\",\"itemListElement\":[{\"@type\":\"ListItem\",\"position\":1,\"name\":\"Accueil\",\"item\":\"https:\\\/\\\/lasentinelle.dz\\\/\"},{\"@type\":\"ListItem\",\"position\":2,\"name\":\"Pr\u00e9sidentielle au Liban\u00a0: Nabih Berry convoque le Parlement le 14 juin\"}]},{\"@type\":\"WebSite\",\"@id\":\"https:\\\/\\\/lasentinelle.dz\\\/#website\",\"url\":\"https:\\\/\\\/lasentinelle.dz\\\/\",\"name\":\"La Sentinelle\",\"description\":\"Quotidien national d&#039;information\",\"publisher\":{\"@id\":\"https:\\\/\\\/lasentinelle.dz\\\/#organization\"},\"potentialAction\":[{\"@type\":\"SearchAction\",\"target\":{\"@type\":\"EntryPoint\",\"urlTemplate\":\"https:\\\/\\\/lasentinelle.dz\\\/?s={search_term_string}\"},\"query-input\":{\"@type\":\"PropertyValueSpecification\",\"valueRequired\":true,\"valueName\":\"search_term_string\"}}],\"inLanguage\":\"fr-FR\"},{\"@type\":\"Organization\",\"@id\":\"https:\\\/\\\/lasentinelle.dz\\\/#organization\",\"name\":\"Quotidien La Sentinelle\",\"url\":\"https:\\\/\\\/lasentinelle.dz\\\/\",\"logo\":{\"@type\":\"ImageObject\",\"inLanguage\":\"fr-FR\",\"@id\":\"https:\\\/\\\/lasentinelle.dz\\\/#\\\/schema\\\/logo\\\/image\\\/\",\"url\":\"https:\\\/\\\/lasentinelle.dz\\\/wp-content\\\/uploads\\\/2021\\\/09\\\/logo-sentinelleSLOGAN-1.png\",\"contentUrl\":\"https:\\\/\\\/lasentinelle.dz\\\/wp-content\\\/uploads\\\/2021\\\/09\\\/logo-sentinelleSLOGAN-1.png\",\"width\":615,\"height\":142,\"caption\":\"Quotidien La Sentinelle\"},\"image\":{\"@id\":\"https:\\\/\\\/lasentinelle.dz\\\/#\\\/schema\\\/logo\\\/image\\\/\"},\"sameAs\":[\"https:\\\/\\\/www.facebook.com\\\/La-Sentinelle-104059864394773\"]},{\"@type\":\"Person\",\"@id\":\"https:\\\/\\\/lasentinelle.dz\\\/#\\\/schema\\\/person\\\/d865044e22e70a75174ce8bcad3acfb3\",\"name\":\"La Sentinelle\",\"image\":{\"@type\":\"ImageObject\",\"inLanguage\":\"fr-FR\",\"@id\":\"https:\\\/\\\/secure.gravatar.com\\\/avatar\\\/57de8e5d4b15d43fb361a71fbb36338450fe67865b528a43dd10ef7c51a20392?s=96&d=mm&r=g\",\"url\":\"https:\\\/\\\/secure.gravatar.com\\\/avatar\\\/57de8e5d4b15d43fb361a71fbb36338450fe67865b528a43dd10ef7c51a20392?s=96&d=mm&r=g\",\"contentUrl\":\"https:\\\/\\\/secure.gravatar.com\\\/avatar\\\/57de8e5d4b15d43fb361a71fbb36338450fe67865b528a43dd10ef7c51a20392?s=96&d=mm&r=g\",\"caption\":\"La Sentinelle\"},\"sameAs\":[\"http:\\\/\\\/www.lasentinelle.dz\"],\"url\":\"https:\\\/\\\/lasentinelle.dz\\\/author\\\/redaction\\\/\"}]}<\/script>\n<!-- \/ Yoast SEO plugin. -->","yoast_head_json":{"title":"Pr\u00e9sidentielle au Liban\u00a0: Nabih Berry convoque le Parlement le 14 juin - La Sentinelle","robots":{"index":"index","follow":"follow","max-snippet":"max-snippet:-1","max-image-preview":"max-image-preview:large","max-video-preview":"max-video-preview:-1"},"canonical":"https:\/\/lasentinelle.dz\/index.php\/2023\/06\/05\/presidentielle-au-liban-nabih-berry-convoque-le-parlement-le-14-juin\/","og_locale":"fr_FR","og_type":"article","og_title":"Pr\u00e9sidentielle au Liban\u00a0: Nabih Berry convoque le Parlement le 14 juin - La Sentinelle","og_description":"Le pr\u00e9sident du Parlement libanais, Nabih Berry, a convoqu\u00e9 lundi les d\u00e9put\u00e9s \u00e0 une s\u00e9ance \u00e9lectorale, le 14 juin courant,","og_url":"https:\/\/lasentinelle.dz\/index.php\/2023\/06\/05\/presidentielle-au-liban-nabih-berry-convoque-le-parlement-le-14-juin\/","og_site_name":"La Sentinelle","article_publisher":"https:\/\/www.facebook.com\/La-Sentinelle-104059864394773","article_published_time":"2023-06-05T21:00:00+00:00","og_image":[{"width":800,"height":532,"url":"https:\/\/lasentinelle.dz\/wp-content\/uploads\/2023\/06\/image_2023-06-05_155548851.png","type":"image\/png"}],"author":"La Sentinelle","twitter_card":"summary_large_image","twitter_misc":{"\u00c9crit par":"La Sentinelle","Dur\u00e9e de lecture estim\u00e9e":"2 minutes"},"schema":{"@context":"https:\/\/schema.org","@graph":[{"@type":"Article","@id":"https:\/\/lasentinelle.dz\/index.php\/2023\/06\/05\/presidentielle-au-liban-nabih-berry-convoque-le-parlement-le-14-juin\/#article","isPartOf":{"@id":"https:\/\/lasentinelle.dz\/index.php\/2023\/06\/05\/presidentielle-au-liban-nabih-berry-convoque-le-parlement-le-14-juin\/"},"author":{"name":"La Sentinelle","@id":"https:\/\/lasentinelle.dz\/#\/schema\/person\/d865044e22e70a75174ce8bcad3acfb3"},"headline":"Pr\u00e9sidentielle au Liban\u00a0: Nabih Berry convoque le Parlement le 14 juin","datePublished":"2023-06-05T21:00:00+00:00","mainEntityOfPage":{"@id":"https:\/\/lasentinelle.dz\/index.php\/2023\/06\/05\/presidentielle-au-liban-nabih-berry-convoque-le-parlement-le-14-juin\/"},"wordCount":322,"commentCount":0,"publisher":{"@id":"https:\/\/lasentinelle.dz\/#organization"},"image":{"@id":"https:\/\/lasentinelle.dz\/index.php\/2023\/06\/05\/presidentielle-au-liban-nabih-berry-convoque-le-parlement-le-14-juin\/#primaryimage"},"thumbnailUrl":"https:\/\/lasentinelle.dz\/wp-content\/uploads\/2023\/06\/image_2023-06-05_155548851.png","articleSection":["Monde"],"inLanguage":"fr-FR","potentialAction":[{"@type":"CommentAction","name":"Comment","target":["https:\/\/lasentinelle.dz\/index.php\/2023\/06\/05\/presidentielle-au-liban-nabih-berry-convoque-le-parlement-le-14-juin\/#respond"]}]},{"@type":"WebPage","@id":"https:\/\/lasentinelle.dz\/index.php\/2023\/06\/05\/presidentielle-au-liban-nabih-berry-convoque-le-parlement-le-14-juin\/","url":"https:\/\/lasentinelle.dz\/index.php\/2023\/06\/05\/presidentielle-au-liban-nabih-berry-convoque-le-parlement-le-14-juin\/","name":"Pr\u00e9sidentielle au Liban\u00a0: Nabih Berry convoque le Parlement le 14 juin - La Sentinelle","isPartOf":{"@id":"https:\/\/lasentinelle.dz\/#website"},"primaryImageOfPage":{"@id":"https:\/\/lasentinelle.dz\/index.php\/2023\/06\/05\/presidentielle-au-liban-nabih-berry-convoque-le-parlement-le-14-juin\/#primaryimage"},"image":{"@id":"https:\/\/lasentinelle.dz\/index.php\/2023\/06\/05\/presidentielle-au-liban-nabih-berry-convoque-le-parlement-le-14-juin\/#primaryimage"},"thumbnailUrl":"https:\/\/lasentinelle.dz\/wp-content\/uploads\/2023\/06\/image_2023-06-05_155548851.png","datePublished":"2023-06-05T21:00:00+00:00","breadcrumb":{"@id":"https:\/\/lasentinelle.dz\/index.php\/2023\/06\/05\/presidentielle-au-liban-nabih-berry-convoque-le-parlement-le-14-juin\/#breadcrumb"},"inLanguage":"fr-FR","potentialAction":[{"@type":"ReadAction","target":["https:\/\/lasentinelle.dz\/index.php\/2023\/06\/05\/presidentielle-au-liban-nabih-berry-convoque-le-parlement-le-14-juin\/"]}]},{"@type":"ImageObject","inLanguage":"fr-FR","@id":"https:\/\/lasentinelle.dz\/index.php\/2023\/06\/05\/presidentielle-au-liban-nabih-berry-convoque-le-parlement-le-14-juin\/#primaryimage","url":"https:\/\/lasentinelle.dz\/wp-content\/uploads\/2023\/06\/image_2023-06-05_155548851.png","contentUrl":"https:\/\/lasentinelle.dz\/wp-content\/uploads\/2023\/06\/image_2023-06-05_155548851.png","width":800,"height":532},{"@type":"BreadcrumbList","@id":"https:\/\/lasentinelle.dz\/index.php\/2023\/06\/05\/presidentielle-au-liban-nabih-berry-convoque-le-parlement-le-14-juin\/#breadcrumb","itemListElement":[{"@type":"ListItem","position":1,"name":"Accueil","item":"https:\/\/lasentinelle.dz\/"},{"@type":"ListItem","position":2,"name":"Pr\u00e9sidentielle au Liban\u00a0: Nabih Berry convoque le Parlement le 14 juin"}]},{"@type":"WebSite","@id":"https:\/\/lasentinelle.dz\/#website","url":"https:\/\/lasentinelle.dz\/","name":"La Sentinelle","description":"Quotidien national d&#039;information","publisher":{"@id":"https:\/\/lasentinelle.dz\/#organization"},"potentialAction":[{"@type":"SearchAction","target":{"@type":"EntryPoint","urlTemplate":"https:\/\/lasentinelle.dz\/?s={search_term_string}"},"query-input":{"@type":"PropertyValueSpecification","valueRequired":true,"valueName":"search_term_string"}}],"inLanguage":"fr-FR"},{"@type":"Organization","@id":"https:\/\/lasentinelle.dz\/#organization","name":"Quotidien La Sentinelle","url":"https:\/\/lasentinelle.dz\/","logo":{"@type":"ImageObject","inLanguage":"fr-FR","@id":"https:\/\/lasentinelle.dz\/#\/schema\/logo\/image\/","url":"https:\/\/lasentinelle.dz\/wp-content\/uploads\/2021\/09\/logo-sentinelleSLOGAN-1.png","contentUrl":"https:\/\/lasentinelle.dz\/wp-content\/uploads\/2021\/09\/logo-sentinelleSLOGAN-1.png","width":615,"height":142,"caption":"Quotidien La Sentinelle"},"image":{"@id":"https:\/\/lasentinelle.dz\/#\/schema\/logo\/image\/"},"sameAs":["https:\/\/www.facebook.com\/La-Sentinelle-104059864394773"]},{"@type":"Person","@id":"https:\/\/lasentinelle.dz\/#\/schema\/person\/d865044e22e70a75174ce8bcad3acfb3","name":"La Sentinelle","image":{"@type":"ImageObject","inLanguage":"fr-FR","@id":"https:\/\/secure.gravatar.com\/avatar\/57de8e5d4b15d43fb361a71fbb36338450fe67865b528a43dd10ef7c51a20392?s=96&d=mm&r=g","url":"https:\/\/secure.gravatar.com\/avatar\/57de8e5d4b15d43fb361a71fbb36338450fe67865b528a43dd10ef7c51a20392?s=96&d=mm&r=g","contentUrl":"https:\/\/secure.gravatar.com\/avatar\/57de8e5d4b15d43fb361a71fbb36338450fe67865b528a43dd10ef7c51a20392?s=96&d=mm&r=g","caption":"La Sentinelle"},"sameAs":["http:\/\/www.lasentinelle.dz"],"url":"https:\/\/lasentinelle.dz\/author\/redaction\/"}]}},"_links":{"self":[{"href":"https:\/\/lasentinelle.dz\/index.php\/wp-json\/wp\/v2\/posts\/42267","targetHints":{"allow":["GET"]}}],"collection":[{"href":"https:\/\/lasentinelle.dz\/index.php\/wp-json\/wp\/v2\/posts"}],"about":[{"href":"https:\/\/lasentinelle.dz\/index.php\/wp-json\/wp\/v2\/types\/post"}],"author":[{"embeddable":true,"href":"https:\/\/lasentinelle.dz\/index.php\/wp-json\/wp\/v2\/users\/3"}],"replies":[{"embeddable":true,"href":"https:\/\/lasentinelle.dz\/index.php\/wp-json\/wp\/v2\/comments?post=42267"}],"version-history":[{"count":1,"href":"https:\/\/lasentinelle.dz\/index.php\/wp-json\/wp\/v2\/posts\/42267\/revisions"}],"predecessor-version":[{"id":42288,"href":"https:\/\/lasentinelle.dz\/index.php\/wp-json\/wp\/v2\/posts\/42267\/revisions\/42288"}],"wp:featuredmedia":[{"embeddable":true,"href":"https:\/\/lasentinelle.dz\/index.php\/wp-json\/wp\/v2\/media\/42286"}],"wp:attachment":[{"href":"https:\/\/lasentinelle.dz\/index.php\/wp-json\/wp\/v2\/media?parent=42267"}],"wp:term":[{"taxonomy":"category","embeddable":true,"href":"https:\/\/lasentinelle.dz\/index.php\/wp-json\/wp\/v2\/categories?post=42267"},{"taxonomy":"post_tag","embeddable":true,"href":"https:\/\/lasentinelle.dz\/index.php\/wp-json\/wp\/v2\/tags?post=42267"}],"curies":[{"name":"wp","href":"https:\/\/api.w.org\/{rel}","templated":true}]}}