{"id":42268,"date":"2023-06-05T22:00:00","date_gmt":"2023-06-05T21:00:00","guid":{"rendered":"https:\/\/lasentinelle.dz\/?p=42268"},"modified":"2023-06-05T15:56:41","modified_gmt":"2023-06-05T14:56:41","slug":"proche-orient-reouverture-mardi-de-lambassade-iranienne-en-arabie-saoudite","status":"publish","type":"post","link":"https:\/\/lasentinelle.dz\/index.php\/2023\/06\/05\/proche-orient-reouverture-mardi-de-lambassade-iranienne-en-arabie-saoudite\/","title":{"rendered":"Proche-Orient\u00a0: R\u00e9ouverture mardi de l&rsquo;ambassade iranienne en Arabie saoudite"},"content":{"rendered":"\n<p>L&rsquo;ambassade iranienne en Arabie saoudite va rouvrir ses portes aujourd\u2019hui, scellant le rapprochement entre les T\u00e9h\u00e9ran et Riyad apr\u00e8s plus de sept ans de rupture, selon plusieurs sources. T\u00e9h\u00e9ran et Riyad, poids lourds du Moyen-Orient, avaient rompu leur relations en 2016 apr\u00e8s l&rsquo;attaque de missions diplomatiques saoudiennes par des manifestants dans la R\u00e9publique islamique, \u00e0 la suite de l&rsquo;ex\u00e9cution par la monarchie du Golfe d&rsquo;un influent religieux chiite. \u00ab\u00a0Dans le cadre de l&rsquo;ach\u00e8vement du processus de mise en \u0153uvre des accords bilat\u00e9raux (&#8230;), l&rsquo;ambassade de la R\u00e9publique islamique d&rsquo;Iran \u00e0 Riyad, le Consulat g\u00e9n\u00e9ral \u00e0 Jeddah et le Bureau du repr\u00e9sentant de l&rsquo;Iran aupr\u00e8s de l&rsquo;Organisation de la coop\u00e9ration islamique seront officiellement rouverts mardi et mercredi\u00a0\u00bb, a confirm\u00e9 le porte-parole du minist\u00e8re iranien des Affaires \u00e9trang\u00e8res, Nasser Kanani, dans un communiqu\u00e9.<\/p>\n\n\n\n<p>\u00ab\u00a0La r\u00e9ouverture de l&rsquo;ambassade iranienne aura lieu mardi \u00e0 18H00 locale (15H00 GMT) en pr\u00e9sence du nouvel ambassadeur iranien\u00a0\u00bb, a affirm\u00e9 \u00e0 l&rsquo;AFP un diplomate bas\u00e9 \u00e0 Riyad, sous couvert d&rsquo;anonymat. Selon Iran Daily, le quotidien gouvernemental anglophone, le poste sera occup\u00e9 par le diplomate iranien de haut rang Alireza Enayati.<\/p>\n\n\n\n<p>Notons que l\u2019Iran et l\u2019Arabie saoudite Les deux puissances r\u00e9gionales ont conclu en mars un accord, par l&rsquo;entremise de la Chine, pr\u00e9voyant la r\u00e9ouverture de leurs ambassades respectives et la mise en \u0153uvre d&rsquo;accords de coop\u00e9ration \u00e9conomique et de s\u00e9curit\u00e9 sign\u00e9s il y a plus de 20 ans.<\/p>\n\n\n\n<p>Apr\u00e8s une rencontre historique de leurs ministres des Affaires \u00e9trang\u00e8res en avril \u00e0 P\u00e9kin, les deux pays ont envoy\u00e9 des d\u00e9l\u00e9gations \u00e0 Riyad et \u00e0 T\u00e9h\u00e9ran pour pr\u00e9parer la r\u00e9ouverture des missions diplomatiques. La r\u00e9conciliation devrait \u00eatre formellement scell\u00e9e \u00e0 l&rsquo;occasion d&rsquo;une prochaine visite du pr\u00e9sident iranien, Ebrahim Ra\u00efssi, \u00e0 Riyad. De son c\u00f4t\u00e9, T\u00e9h\u00e9ran dit avoir invit\u00e9 le roi Salmane d&rsquo;Arabie saoudite \u00e0 se rendre en Iran.<\/p>\n\n\n\n<p><strong>R.I. avec agences<\/strong><\/p>\n","protected":false},"excerpt":{"rendered":"<p>L&rsquo;ambassade iranienne en Arabie saoudite va rouvrir ses portes aujourd\u2019hui, scellant le rapprochement entre les T\u00e9h\u00e9ran et Riyad apr\u00e8s plus<\/p>\n","protected":false},"author":3,"featured_media":42287,"comment_status":"open","ping_status":"closed","sticky":false,"template":"","format":"standard","meta":{"colormag_page_container_layout":"default_layout","colormag_page_sidebar_layout":"default_layout","om_disable_all_campaigns":false,"_monsterinsights_skip_tracking":false,"_monsterinsights_sitenote_active":false,"_monsterinsights_sitenote_note":"","_monsterinsights_sitenote_category":0,"footnotes":"","_wpscppro_dont_share_socialmedia":false,"_wpscppro_custom_social_share_image":0,"_facebook_share_type":"","_twitter_share_type":"","_linkedin_share_type":"","_pinterest_share_type":"","_linkedin_share_type_page":"","_instagram_share_type":"","_medium_share_type":"","_threads_share_type":"","_google_business_share_type":"","_selected_social_profile":[],"_wpsp_enable_custom_social_template":false,"_wpsp_social_scheduling":{"enabled":false,"datetime":null,"platforms":[],"status":"template_only","dateOption":"today","timeOption":"now","customDays":"","customHours":"","customDate":"","customTime":"","schedulingType":"absolute"},"_wpsp_active_default_template":true},"categories":[37],"tags":[],"class_list":["post-42268","post","type-post","status-publish","format-standard","has-post-thumbnail","hentry","category-monde"],"aioseo_notices":[],"yoast_head":"<!-- This site is optimized with the Yoast SEO plugin v27.5 - https:\/\/yoast.com\/product\/yoast-seo-wordpress\/ -->\n<title>Proche-Orient\u00a0: R\u00e9ouverture mardi de l&rsquo;ambassade iranienne en Arabie saoudite - La Sentinelle<\/title>\n<meta name=\"robots\" content=\"index, follow, max-snippet:-1, max-image-preview:large, max-video-preview:-1\" \/>\n<link rel=\"canonical\" href=\"https:\/\/lasentinelle.dz\/index.php\/2023\/06\/05\/proche-orient-reouverture-mardi-de-lambassade-iranienne-en-arabie-saoudite\/\" \/>\n<meta property=\"og:locale\" content=\"fr_FR\" \/>\n<meta property=\"og:type\" content=\"article\" \/>\n<meta property=\"og:title\" content=\"Proche-Orient\u00a0: R\u00e9ouverture mardi de l&rsquo;ambassade iranienne en Arabie saoudite - La Sentinelle\" \/>\n<meta property=\"og:description\" content=\"L&rsquo;ambassade iranienne en Arabie saoudite va rouvrir ses portes aujourd\u2019hui, scellant le rapprochement entre les T\u00e9h\u00e9ran et Riyad apr\u00e8s plus\" \/>\n<meta property=\"og:url\" content=\"https:\/\/lasentinelle.dz\/index.php\/2023\/06\/05\/proche-orient-reouverture-mardi-de-lambassade-iranienne-en-arabie-saoudite\/\" \/>\n<meta property=\"og:site_name\" content=\"La Sentinelle\" \/>\n<meta property=\"article:publisher\" content=\"https:\/\/www.facebook.com\/La-Sentinelle-104059864394773\" \/>\n<meta property=\"article:published_time\" content=\"2023-06-05T21:00:00+00:00\" \/>\n<meta property=\"og:image\" content=\"https:\/\/lasentinelle.dz\/wp-content\/uploads\/2023\/06\/image_2023-06-05_155628741.png\" \/>\n\t<meta property=\"og:image:width\" content=\"294\" \/>\n\t<meta property=\"og:image:height\" content=\"171\" \/>\n\t<meta property=\"og:image:type\" content=\"image\/png\" \/>\n<meta name=\"author\" content=\"La Sentinelle\" \/>\n<meta name=\"twitter:card\" content=\"summary_large_image\" \/>\n<meta name=\"twitter:label1\" content=\"\u00c9crit par\" \/>\n\t<meta name=\"twitter:data1\" content=\"La Sentinelle\" \/>\n\t<meta name=\"twitter:label2\" content=\"Dur\u00e9e de lecture estim\u00e9e\" \/>\n\t<meta name=\"twitter:data2\" content=\"2 minutes\" \/>\n<script type=\"application\/ld+json\" class=\"yoast-schema-graph\">{\"@context\":\"https:\\\/\\\/schema.org\",\"@graph\":[{\"@type\":\"Article\",\"@id\":\"https:\\\/\\\/lasentinelle.dz\\\/index.php\\\/2023\\\/06\\\/05\\\/proche-orient-reouverture-mardi-de-lambassade-iranienne-en-arabie-saoudite\\\/#article\",\"isPartOf\":{\"@id\":\"https:\\\/\\\/lasentinelle.dz\\\/index.php\\\/2023\\\/06\\\/05\\\/proche-orient-reouverture-mardi-de-lambassade-iranienne-en-arabie-saoudite\\\/\"},\"author\":{\"name\":\"La Sentinelle\",\"@id\":\"https:\\\/\\\/lasentinelle.dz\\\/#\\\/schema\\\/person\\\/d865044e22e70a75174ce8bcad3acfb3\"},\"headline\":\"Proche-Orient\u00a0: R\u00e9ouverture mardi de l&rsquo;ambassade iranienne en Arabie saoudite\",\"datePublished\":\"2023-06-05T21:00:00+00:00\",\"mainEntityOfPage\":{\"@id\":\"https:\\\/\\\/lasentinelle.dz\\\/index.php\\\/2023\\\/06\\\/05\\\/proche-orient-reouverture-mardi-de-lambassade-iranienne-en-arabie-saoudite\\\/\"},\"wordCount\":361,\"commentCount\":0,\"publisher\":{\"@id\":\"https:\\\/\\\/lasentinelle.dz\\\/#organization\"},\"image\":{\"@id\":\"https:\\\/\\\/lasentinelle.dz\\\/index.php\\\/2023\\\/06\\\/05\\\/proche-orient-reouverture-mardi-de-lambassade-iranienne-en-arabie-saoudite\\\/#primaryimage\"},\"thumbnailUrl\":\"https:\\\/\\\/lasentinelle.dz\\\/wp-content\\\/uploads\\\/2023\\\/06\\\/image_2023-06-05_155628741.png\",\"articleSection\":[\"Monde\"],\"inLanguage\":\"fr-FR\",\"potentialAction\":[{\"@type\":\"CommentAction\",\"name\":\"Comment\",\"target\":[\"https:\\\/\\\/lasentinelle.dz\\\/index.php\\\/2023\\\/06\\\/05\\\/proche-orient-reouverture-mardi-de-lambassade-iranienne-en-arabie-saoudite\\\/#respond\"]}]},{\"@type\":\"WebPage\",\"@id\":\"https:\\\/\\\/lasentinelle.dz\\\/index.php\\\/2023\\\/06\\\/05\\\/proche-orient-reouverture-mardi-de-lambassade-iranienne-en-arabie-saoudite\\\/\",\"url\":\"https:\\\/\\\/lasentinelle.dz\\\/index.php\\\/2023\\\/06\\\/05\\\/proche-orient-reouverture-mardi-de-lambassade-iranienne-en-arabie-saoudite\\\/\",\"name\":\"Proche-Orient\u00a0: R\u00e9ouverture mardi de l&rsquo;ambassade iranienne en Arabie saoudite - La Sentinelle\",\"isPartOf\":{\"@id\":\"https:\\\/\\\/lasentinelle.dz\\\/#website\"},\"primaryImageOfPage\":{\"@id\":\"https:\\\/\\\/lasentinelle.dz\\\/index.php\\\/2023\\\/06\\\/05\\\/proche-orient-reouverture-mardi-de-lambassade-iranienne-en-arabie-saoudite\\\/#primaryimage\"},\"image\":{\"@id\":\"https:\\\/\\\/lasentinelle.dz\\\/index.php\\\/2023\\\/06\\\/05\\\/proche-orient-reouverture-mardi-de-lambassade-iranienne-en-arabie-saoudite\\\/#primaryimage\"},\"thumbnailUrl\":\"https:\\\/\\\/lasentinelle.dz\\\/wp-content\\\/uploads\\\/2023\\\/06\\\/image_2023-06-05_155628741.png\",\"datePublished\":\"2023-06-05T21:00:00+00:00\",\"breadcrumb\":{\"@id\":\"https:\\\/\\\/lasentinelle.dz\\\/index.php\\\/2023\\\/06\\\/05\\\/proche-orient-reouverture-mardi-de-lambassade-iranienne-en-arabie-saoudite\\\/#breadcrumb\"},\"inLanguage\":\"fr-FR\",\"potentialAction\":[{\"@type\":\"ReadAction\",\"target\":[\"https:\\\/\\\/lasentinelle.dz\\\/index.php\\\/2023\\\/06\\\/05\\\/proche-orient-reouverture-mardi-de-lambassade-iranienne-en-arabie-saoudite\\\/\"]}]},{\"@type\":\"ImageObject\",\"inLanguage\":\"fr-FR\",\"@id\":\"https:\\\/\\\/lasentinelle.dz\\\/index.php\\\/2023\\\/06\\\/05\\\/proche-orient-reouverture-mardi-de-lambassade-iranienne-en-arabie-saoudite\\\/#primaryimage\",\"url\":\"https:\\\/\\\/lasentinelle.dz\\\/wp-content\\\/uploads\\\/2023\\\/06\\\/image_2023-06-05_155628741.png\",\"contentUrl\":\"https:\\\/\\\/lasentinelle.dz\\\/wp-content\\\/uploads\\\/2023\\\/06\\\/image_2023-06-05_155628741.png\",\"width\":294,\"height\":171},{\"@type\":\"BreadcrumbList\",\"@id\":\"https:\\\/\\\/lasentinelle.dz\\\/index.php\\\/2023\\\/06\\\/05\\\/proche-orient-reouverture-mardi-de-lambassade-iranienne-en-arabie-saoudite\\\/#breadcrumb\",\"itemListElement\":[{\"@type\":\"ListItem\",\"position\":1,\"name\":\"Accueil\",\"item\":\"https:\\\/\\\/lasentinelle.dz\\\/\"},{\"@type\":\"ListItem\",\"position\":2,\"name\":\"Proche-Orient\u00a0: R\u00e9ouverture mardi de l&rsquo;ambassade iranienne en Arabie saoudite\"}]},{\"@type\":\"WebSite\",\"@id\":\"https:\\\/\\\/lasentinelle.dz\\\/#website\",\"url\":\"https:\\\/\\\/lasentinelle.dz\\\/\",\"name\":\"La Sentinelle\",\"description\":\"Quotidien national d&#039;information\",\"publisher\":{\"@id\":\"https:\\\/\\\/lasentinelle.dz\\\/#organization\"},\"potentialAction\":[{\"@type\":\"SearchAction\",\"target\":{\"@type\":\"EntryPoint\",\"urlTemplate\":\"https:\\\/\\\/lasentinelle.dz\\\/?s={search_term_string}\"},\"query-input\":{\"@type\":\"PropertyValueSpecification\",\"valueRequired\":true,\"valueName\":\"search_term_string\"}}],\"inLanguage\":\"fr-FR\"},{\"@type\":\"Organization\",\"@id\":\"https:\\\/\\\/lasentinelle.dz\\\/#organization\",\"name\":\"Quotidien La Sentinelle\",\"url\":\"https:\\\/\\\/lasentinelle.dz\\\/\",\"logo\":{\"@type\":\"ImageObject\",\"inLanguage\":\"fr-FR\",\"@id\":\"https:\\\/\\\/lasentinelle.dz\\\/#\\\/schema\\\/logo\\\/image\\\/\",\"url\":\"https:\\\/\\\/lasentinelle.dz\\\/wp-content\\\/uploads\\\/2021\\\/09\\\/logo-sentinelleSLOGAN-1.png\",\"contentUrl\":\"https:\\\/\\\/lasentinelle.dz\\\/wp-content\\\/uploads\\\/2021\\\/09\\\/logo-sentinelleSLOGAN-1.png\",\"width\":615,\"height\":142,\"caption\":\"Quotidien La Sentinelle\"},\"image\":{\"@id\":\"https:\\\/\\\/lasentinelle.dz\\\/#\\\/schema\\\/logo\\\/image\\\/\"},\"sameAs\":[\"https:\\\/\\\/www.facebook.com\\\/La-Sentinelle-104059864394773\"]},{\"@type\":\"Person\",\"@id\":\"https:\\\/\\\/lasentinelle.dz\\\/#\\\/schema\\\/person\\\/d865044e22e70a75174ce8bcad3acfb3\",\"name\":\"La Sentinelle\",\"image\":{\"@type\":\"ImageObject\",\"inLanguage\":\"fr-FR\",\"@id\":\"https:\\\/\\\/secure.gravatar.com\\\/avatar\\\/57de8e5d4b15d43fb361a71fbb36338450fe67865b528a43dd10ef7c51a20392?s=96&d=mm&r=g\",\"url\":\"https:\\\/\\\/secure.gravatar.com\\\/avatar\\\/57de8e5d4b15d43fb361a71fbb36338450fe67865b528a43dd10ef7c51a20392?s=96&d=mm&r=g\",\"contentUrl\":\"https:\\\/\\\/secure.gravatar.com\\\/avatar\\\/57de8e5d4b15d43fb361a71fbb36338450fe67865b528a43dd10ef7c51a20392?s=96&d=mm&r=g\",\"caption\":\"La Sentinelle\"},\"sameAs\":[\"http:\\\/\\\/www.lasentinelle.dz\"],\"url\":\"https:\\\/\\\/lasentinelle.dz\\\/author\\\/redaction\\\/\"}]}<\/script>\n<!-- \/ Yoast SEO plugin. -->","yoast_head_json":{"title":"Proche-Orient\u00a0: R\u00e9ouverture mardi de l&rsquo;ambassade iranienne en Arabie saoudite - La Sentinelle","robots":{"index":"index","follow":"follow","max-snippet":"max-snippet:-1","max-image-preview":"max-image-preview:large","max-video-preview":"max-video-preview:-1"},"canonical":"https:\/\/lasentinelle.dz\/index.php\/2023\/06\/05\/proche-orient-reouverture-mardi-de-lambassade-iranienne-en-arabie-saoudite\/","og_locale":"fr_FR","og_type":"article","og_title":"Proche-Orient\u00a0: R\u00e9ouverture mardi de l&rsquo;ambassade iranienne en Arabie saoudite - La Sentinelle","og_description":"L&rsquo;ambassade iranienne en Arabie saoudite va rouvrir ses portes aujourd\u2019hui, scellant le rapprochement entre les T\u00e9h\u00e9ran et Riyad apr\u00e8s plus","og_url":"https:\/\/lasentinelle.dz\/index.php\/2023\/06\/05\/proche-orient-reouverture-mardi-de-lambassade-iranienne-en-arabie-saoudite\/","og_site_name":"La Sentinelle","article_publisher":"https:\/\/www.facebook.com\/La-Sentinelle-104059864394773","article_published_time":"2023-06-05T21:00:00+00:00","og_image":[{"width":294,"height":171,"url":"https:\/\/lasentinelle.dz\/wp-content\/uploads\/2023\/06\/image_2023-06-05_155628741.png","type":"image\/png"}],"author":"La Sentinelle","twitter_card":"summary_large_image","twitter_misc":{"\u00c9crit par":"La Sentinelle","Dur\u00e9e de lecture estim\u00e9e":"2 minutes"},"schema":{"@context":"https:\/\/schema.org","@graph":[{"@type":"Article","@id":"https:\/\/lasentinelle.dz\/index.php\/2023\/06\/05\/proche-orient-reouverture-mardi-de-lambassade-iranienne-en-arabie-saoudite\/#article","isPartOf":{"@id":"https:\/\/lasentinelle.dz\/index.php\/2023\/06\/05\/proche-orient-reouverture-mardi-de-lambassade-iranienne-en-arabie-saoudite\/"},"author":{"name":"La Sentinelle","@id":"https:\/\/lasentinelle.dz\/#\/schema\/person\/d865044e22e70a75174ce8bcad3acfb3"},"headline":"Proche-Orient\u00a0: R\u00e9ouverture mardi de l&rsquo;ambassade iranienne en Arabie saoudite","datePublished":"2023-06-05T21:00:00+00:00","mainEntityOfPage":{"@id":"https:\/\/lasentinelle.dz\/index.php\/2023\/06\/05\/proche-orient-reouverture-mardi-de-lambassade-iranienne-en-arabie-saoudite\/"},"wordCount":361,"commentCount":0,"publisher":{"@id":"https:\/\/lasentinelle.dz\/#organization"},"image":{"@id":"https:\/\/lasentinelle.dz\/index.php\/2023\/06\/05\/proche-orient-reouverture-mardi-de-lambassade-iranienne-en-arabie-saoudite\/#primaryimage"},"thumbnailUrl":"https:\/\/lasentinelle.dz\/wp-content\/uploads\/2023\/06\/image_2023-06-05_155628741.png","articleSection":["Monde"],"inLanguage":"fr-FR","potentialAction":[{"@type":"CommentAction","name":"Comment","target":["https:\/\/lasentinelle.dz\/index.php\/2023\/06\/05\/proche-orient-reouverture-mardi-de-lambassade-iranienne-en-arabie-saoudite\/#respond"]}]},{"@type":"WebPage","@id":"https:\/\/lasentinelle.dz\/index.php\/2023\/06\/05\/proche-orient-reouverture-mardi-de-lambassade-iranienne-en-arabie-saoudite\/","url":"https:\/\/lasentinelle.dz\/index.php\/2023\/06\/05\/proche-orient-reouverture-mardi-de-lambassade-iranienne-en-arabie-saoudite\/","name":"Proche-Orient\u00a0: R\u00e9ouverture mardi de l&rsquo;ambassade iranienne en Arabie saoudite - La Sentinelle","isPartOf":{"@id":"https:\/\/lasentinelle.dz\/#website"},"primaryImageOfPage":{"@id":"https:\/\/lasentinelle.dz\/index.php\/2023\/06\/05\/proche-orient-reouverture-mardi-de-lambassade-iranienne-en-arabie-saoudite\/#primaryimage"},"image":{"@id":"https:\/\/lasentinelle.dz\/index.php\/2023\/06\/05\/proche-orient-reouverture-mardi-de-lambassade-iranienne-en-arabie-saoudite\/#primaryimage"},"thumbnailUrl":"https:\/\/lasentinelle.dz\/wp-content\/uploads\/2023\/06\/image_2023-06-05_155628741.png","datePublished":"2023-06-05T21:00:00+00:00","breadcrumb":{"@id":"https:\/\/lasentinelle.dz\/index.php\/2023\/06\/05\/proche-orient-reouverture-mardi-de-lambassade-iranienne-en-arabie-saoudite\/#breadcrumb"},"inLanguage":"fr-FR","potentialAction":[{"@type":"ReadAction","target":["https:\/\/lasentinelle.dz\/index.php\/2023\/06\/05\/proche-orient-reouverture-mardi-de-lambassade-iranienne-en-arabie-saoudite\/"]}]},{"@type":"ImageObject","inLanguage":"fr-FR","@id":"https:\/\/lasentinelle.dz\/index.php\/2023\/06\/05\/proche-orient-reouverture-mardi-de-lambassade-iranienne-en-arabie-saoudite\/#primaryimage","url":"https:\/\/lasentinelle.dz\/wp-content\/uploads\/2023\/06\/image_2023-06-05_155628741.png","contentUrl":"https:\/\/lasentinelle.dz\/wp-content\/uploads\/2023\/06\/image_2023-06-05_155628741.png","width":294,"height":171},{"@type":"BreadcrumbList","@id":"https:\/\/lasentinelle.dz\/index.php\/2023\/06\/05\/proche-orient-reouverture-mardi-de-lambassade-iranienne-en-arabie-saoudite\/#breadcrumb","itemListElement":[{"@type":"ListItem","position":1,"name":"Accueil","item":"https:\/\/lasentinelle.dz\/"},{"@type":"ListItem","position":2,"name":"Proche-Orient\u00a0: R\u00e9ouverture mardi de l&rsquo;ambassade iranienne en Arabie saoudite"}]},{"@type":"WebSite","@id":"https:\/\/lasentinelle.dz\/#website","url":"https:\/\/lasentinelle.dz\/","name":"La Sentinelle","description":"Quotidien national d&#039;information","publisher":{"@id":"https:\/\/lasentinelle.dz\/#organization"},"potentialAction":[{"@type":"SearchAction","target":{"@type":"EntryPoint","urlTemplate":"https:\/\/lasentinelle.dz\/?s={search_term_string}"},"query-input":{"@type":"PropertyValueSpecification","valueRequired":true,"valueName":"search_term_string"}}],"inLanguage":"fr-FR"},{"@type":"Organization","@id":"https:\/\/lasentinelle.dz\/#organization","name":"Quotidien La Sentinelle","url":"https:\/\/lasentinelle.dz\/","logo":{"@type":"ImageObject","inLanguage":"fr-FR","@id":"https:\/\/lasentinelle.dz\/#\/schema\/logo\/image\/","url":"https:\/\/lasentinelle.dz\/wp-content\/uploads\/2021\/09\/logo-sentinelleSLOGAN-1.png","contentUrl":"https:\/\/lasentinelle.dz\/wp-content\/uploads\/2021\/09\/logo-sentinelleSLOGAN-1.png","width":615,"height":142,"caption":"Quotidien La Sentinelle"},"image":{"@id":"https:\/\/lasentinelle.dz\/#\/schema\/logo\/image\/"},"sameAs":["https:\/\/www.facebook.com\/La-Sentinelle-104059864394773"]},{"@type":"Person","@id":"https:\/\/lasentinelle.dz\/#\/schema\/person\/d865044e22e70a75174ce8bcad3acfb3","name":"La Sentinelle","image":{"@type":"ImageObject","inLanguage":"fr-FR","@id":"https:\/\/secure.gravatar.com\/avatar\/57de8e5d4b15d43fb361a71fbb36338450fe67865b528a43dd10ef7c51a20392?s=96&d=mm&r=g","url":"https:\/\/secure.gravatar.com\/avatar\/57de8e5d4b15d43fb361a71fbb36338450fe67865b528a43dd10ef7c51a20392?s=96&d=mm&r=g","contentUrl":"https:\/\/secure.gravatar.com\/avatar\/57de8e5d4b15d43fb361a71fbb36338450fe67865b528a43dd10ef7c51a20392?s=96&d=mm&r=g","caption":"La Sentinelle"},"sameAs":["http:\/\/www.lasentinelle.dz"],"url":"https:\/\/lasentinelle.dz\/author\/redaction\/"}]}},"_links":{"self":[{"href":"https:\/\/lasentinelle.dz\/index.php\/wp-json\/wp\/v2\/posts\/42268","targetHints":{"allow":["GET"]}}],"collection":[{"href":"https:\/\/lasentinelle.dz\/index.php\/wp-json\/wp\/v2\/posts"}],"about":[{"href":"https:\/\/lasentinelle.dz\/index.php\/wp-json\/wp\/v2\/types\/post"}],"author":[{"embeddable":true,"href":"https:\/\/lasentinelle.dz\/index.php\/wp-json\/wp\/v2\/users\/3"}],"replies":[{"embeddable":true,"href":"https:\/\/lasentinelle.dz\/index.php\/wp-json\/wp\/v2\/comments?post=42268"}],"version-history":[{"count":1,"href":"https:\/\/lasentinelle.dz\/index.php\/wp-json\/wp\/v2\/posts\/42268\/revisions"}],"predecessor-version":[{"id":42289,"href":"https:\/\/lasentinelle.dz\/index.php\/wp-json\/wp\/v2\/posts\/42268\/revisions\/42289"}],"wp:featuredmedia":[{"embeddable":true,"href":"https:\/\/lasentinelle.dz\/index.php\/wp-json\/wp\/v2\/media\/42287"}],"wp:attachment":[{"href":"https:\/\/lasentinelle.dz\/index.php\/wp-json\/wp\/v2\/media?parent=42268"}],"wp:term":[{"taxonomy":"category","embeddable":true,"href":"https:\/\/lasentinelle.dz\/index.php\/wp-json\/wp\/v2\/categories?post=42268"},{"taxonomy":"post_tag","embeddable":true,"href":"https:\/\/lasentinelle.dz\/index.php\/wp-json\/wp\/v2\/tags?post=42268"}],"curies":[{"name":"wp","href":"https:\/\/api.w.org\/{rel}","templated":true}]}}