{"id":42278,"date":"2023-06-05T22:08:00","date_gmt":"2023-06-05T21:08:00","guid":{"rendered":"https:\/\/lasentinelle.dz\/?p=42278"},"modified":"2023-06-05T20:35:30","modified_gmt":"2023-06-05T19:35:30","slug":"56e-anniversaire-de-la-naksa-appel-a-lunite-du-peuple-palestinien-face-a-loccupant-sioniste","status":"publish","type":"post","link":"https:\/\/lasentinelle.dz\/index.php\/2023\/06\/05\/56e-anniversaire-de-la-naksa-appel-a-lunite-du-peuple-palestinien-face-a-loccupant-sioniste\/","title":{"rendered":"56e anniversaire de la Naksa\u00a0: Appel \u00e0 l\u2019unit\u00e9 du peuple palestinien face \u00e0 l&rsquo;occupant sioniste"},"content":{"rendered":"\n<p>Les Palestiniens ont comm\u00e9mor\u00e9, hier, le 56e anniversaire de la \u00ab\u00a0Naksa\u00a0\u00bb (Guerre des Six jours) dans un contexte de poursuite de l&rsquo;escalade des violences des forces d&rsquo;occupation et colons \u00e0 l&rsquo;encontre du peuple palestinien, outre les larges campagnes d&rsquo;arrestations arbitraires, de d\u00e9molition de biens et de spoliation des terres palestiniennes.<\/p>\n\n\n\n<p>Dans ce contexte, le Mouvement de lib\u00e9ration nationale palestinien, Fatah, a appel\u00e9 le peuple palestinien \u00e0 l'\u00a0\u00bbunit\u00e9\u00a0\u00bb et \u00e0 \u00ab\u00a0la coh\u00e9sion\u00a0\u00bb face \u00e0 l&rsquo;occupation sioniste. Le Fatah a, dans un communiqu\u00e9, appel\u00e9 \u00ab&nbsp;les masses dans les pays arabes \u00e0 poursuivre leur soutien \u00e0 la lutte in\u00e9branlable du peuple palestinien pour la d\u00e9fense de la nation, de ses sacralit\u00e9s et de sa dignit\u00e9, et pour un avenir libre et prosp\u00e8re&nbsp;\u00bb, soulignant que \u00ab\u00a0la Palestine restera le c\u0153ur et la conscience de la nation arabe\u00a0\u00bb. Le mouvement a saisi l&rsquo;occasion pour rappeler que toutes les formes de juda\u00efsation, de colonisation et de modification des caract\u00e9ristiques g\u00e9ographiques et historiques de la Palestine \u00ab\u00a0sont des actes ill\u00e9gaux\u00a0\u00bb auxquels les Palestiniens feront face jusqu&rsquo;\u00e0 la fin de l&rsquo;occupation sioniste. Le Fatah a soulign\u00e9 dans ce contexte, que \u00ab\u00a0le droit international et la Charte des Nations unies donnent au peuple palestinien le droit de r\u00e9sister \u00e0 l&rsquo;arm\u00e9e d&rsquo;occupation, aux colonies et \u00e0 toutes les politiques d&rsquo;expansion et de juda\u00efsation\u00a0\u00bb.<\/p>\n\n\n\n<p>Depuis le d\u00e9but de l&rsquo;ann\u00e9e en cours, jusqu&rsquo;au 29 mai dernier, 112 Palestiniens ont \u00e9t\u00e9 tu\u00e9s par l&rsquo;arm\u00e9e sioniste et 4.229 autres bless\u00e9s en Cisjordanie occup\u00e9e, y compris \u00e0 El-Qods occup\u00e9e, selon un rapport du&nbsp; Bureau de la coordination des affaires humanitaires des Nations unies (OCHA), sur la protection des civils, publi\u00e9 vendredi. Les colons extr\u00e9mistes ont, eux, men\u00e9 409 attaques contre les Palestiniens, faisant cinq morts et 105 bless\u00e9s, selon le document onusien, tandis que plus de 43 structures, dont 11 maisons, ont \u00e9t\u00e9 d\u00e9molies. Lors des travaux de sa 119e session ordinaire, tenue \u00e0 Tunis hier, le Conseil ex\u00e9cutif de l&rsquo;Organisation arabe pour l&rsquo;\u00e9ducation, la culture et les sciences (ALECSO), a exprim\u00e9 sa solidarit\u00e9 et son soutien avec le peuple palestinien, appelant, entre autres, \u00e0 adopter et lancer le projet \u00ab\u00a0R\u00e9cup\u00e9rer le patrimoine palestinien d\u00e9plac\u00e9\u00a0\u00bb qui devrait \u00eatre inscrit sur la Liste du patrimoine mondial de l&rsquo;Organisation des Nations unies pour l&rsquo;\u00e9ducation, la science et la culture (UNESCO), avec le soutien des pays arabes. L&rsquo;ALESCO a, d&rsquo;autre part, exhort\u00e9 les Etats membres \u00e0 \u0153uvrer pour soulever les probl\u00e8mes des droits de l&rsquo;Homme en Palestine. La comm\u00e9moration de la \u00ab\u00a0Naksa\u00a0\u00bb co\u00efncide avec la tenue d&rsquo;un \u00e9v\u00e9nement dans l&rsquo;\u00e9difice du Parlement canadien, intitul\u00e9 : \u00ab\u00a0Assumer la responsabilit\u00e9 : la responsabilit\u00e9 du Canada envers la Palestine en vertu du droit international\u00a0\u00bb. Il a \u00e9t\u00e9 organis\u00e9 par la Commission g\u00e9n\u00e9rale palestinienne et l&rsquo;Organisation du droit pour la Palestine, en coop\u00e9ration avec des membres du Parlement canadien.<\/p>\n\n\n\n<p>La Guerre des Six jours avait eu lieu du 5 au 10 juin 1967 entre l&rsquo;entit\u00e9 sioniste d&rsquo;une part et l\u2019Egypte, la Syrie et la Jordanie d&rsquo;autre part. Elle avait permis aux sionistes d&rsquo;occuper du reste des territoires palestiniens, y compris la bande de Ghaza, la Cisjordanie, dont El-Qods Al-Ch\u00e9rif (5.878 km\u00b2), les hauteurs du Golan de Syrie et le Sina\u00ef (Egypte). De plus, la force occupante avait pill\u00e9 une grande partie de la richesse de la Cisjordanie occup\u00e9e, &#8211; le c\u0153ur g\u00e9ographique de la Palestine historique- et entam\u00e9 la juda\u00efsation d&rsquo;El-Qods de mani\u00e8re planifi\u00e9e et syst\u00e9matique, s&#8217;emparant ainsi de vastes zones. En cons\u00e9quence, l\u2019entit\u00e9 sioniste avait expuls\u00e9 de force quelque 300.000 Palestiniens de leurs maisons, ainsi que des milliers de Syriens, et a lanc\u00e9 des plans expansionnistes (nouvelles unit\u00e9s coloniales, spoliations des terres palestiniennes &#8230;), -qui se poursuivent en parall\u00e8le \u00e0 ce jour- pi\u00e9tinant toutes les r\u00e9solutions des Nations unies. La guerre avait entra\u00een\u00e9 la mort de 15.000 \u00e0 25.000 personnes parmi les Arabes. (APS)<\/p>\n\n\n\n<p>R.I.<\/p>\n","protected":false},"excerpt":{"rendered":"<p>Les Palestiniens ont comm\u00e9mor\u00e9, hier, le 56e anniversaire de la \u00ab\u00a0Naksa\u00a0\u00bb (Guerre des Six jours) dans un contexte de poursuite<\/p>\n","protected":false},"author":3,"featured_media":42279,"comment_status":"open","ping_status":"closed","sticky":false,"template":"","format":"standard","meta":{"colormag_page_container_layout":"default_layout","colormag_page_sidebar_layout":"default_layout","om_disable_all_campaigns":false,"_monsterinsights_skip_tracking":false,"_monsterinsights_sitenote_active":false,"_monsterinsights_sitenote_note":"","_monsterinsights_sitenote_category":0,"footnotes":"","_wpscppro_dont_share_socialmedia":false,"_wpscppro_custom_social_share_image":0,"_facebook_share_type":"","_twitter_share_type":"","_linkedin_share_type":"","_pinterest_share_type":"","_linkedin_share_type_page":"","_instagram_share_type":"","_medium_share_type":"","_threads_share_type":"","_google_business_share_type":"","_selected_social_profile":[],"_wpsp_enable_custom_social_template":false,"_wpsp_social_scheduling":{"enabled":false,"datetime":null,"platforms":[],"status":"template_only","dateOption":"today","timeOption":"now","customDays":"","customHours":"","customDate":"","customTime":"","schedulingType":"absolute"},"_wpsp_active_default_template":true},"categories":[52,37],"tags":[],"class_list":["post-42278","post","type-post","status-publish","format-standard","has-post-thumbnail","hentry","category-a-la-une","category-monde"],"aioseo_notices":[],"yoast_head":"<!-- This site is optimized with the Yoast SEO plugin v27.5 - https:\/\/yoast.com\/product\/yoast-seo-wordpress\/ -->\n<title>56e anniversaire de la Naksa\u00a0: Appel \u00e0 l\u2019unit\u00e9 du peuple palestinien face \u00e0 l&rsquo;occupant sioniste - La Sentinelle<\/title>\n<meta name=\"robots\" content=\"index, follow, max-snippet:-1, max-image-preview:large, max-video-preview:-1\" \/>\n<link rel=\"canonical\" href=\"https:\/\/lasentinelle.dz\/index.php\/2023\/06\/05\/56e-anniversaire-de-la-naksa-appel-a-lunite-du-peuple-palestinien-face-a-loccupant-sioniste\/\" \/>\n<meta property=\"og:locale\" content=\"fr_FR\" \/>\n<meta property=\"og:type\" content=\"article\" \/>\n<meta property=\"og:title\" content=\"56e anniversaire de la Naksa\u00a0: Appel \u00e0 l\u2019unit\u00e9 du peuple palestinien face \u00e0 l&rsquo;occupant sioniste - La Sentinelle\" \/>\n<meta property=\"og:description\" content=\"Les Palestiniens ont comm\u00e9mor\u00e9, hier, le 56e anniversaire de la \u00ab\u00a0Naksa\u00a0\u00bb (Guerre des Six jours) dans un contexte de poursuite\" \/>\n<meta property=\"og:url\" content=\"https:\/\/lasentinelle.dz\/index.php\/2023\/06\/05\/56e-anniversaire-de-la-naksa-appel-a-lunite-du-peuple-palestinien-face-a-loccupant-sioniste\/\" \/>\n<meta property=\"og:site_name\" content=\"La Sentinelle\" \/>\n<meta property=\"article:publisher\" content=\"https:\/\/www.facebook.com\/La-Sentinelle-104059864394773\" \/>\n<meta property=\"article:published_time\" content=\"2023-06-05T21:08:00+00:00\" \/>\n<meta property=\"og:image\" content=\"https:\/\/lasentinelle.dz\/wp-content\/uploads\/2023\/06\/qqqq.png\" \/>\n\t<meta property=\"og:image:width\" content=\"1600\" \/>\n\t<meta property=\"og:image:height\" content=\"900\" \/>\n\t<meta property=\"og:image:type\" content=\"image\/png\" \/>\n<meta name=\"author\" content=\"La Sentinelle\" \/>\n<meta name=\"twitter:card\" content=\"summary_large_image\" \/>\n<meta name=\"twitter:label1\" content=\"\u00c9crit par\" \/>\n\t<meta name=\"twitter:data1\" content=\"La Sentinelle\" \/>\n\t<meta name=\"twitter:label2\" content=\"Dur\u00e9e de lecture estim\u00e9e\" \/>\n\t<meta name=\"twitter:data2\" content=\"4 minutes\" \/>\n<script type=\"application\/ld+json\" class=\"yoast-schema-graph\">{\"@context\":\"https:\\\/\\\/schema.org\",\"@graph\":[{\"@type\":\"Article\",\"@id\":\"https:\\\/\\\/lasentinelle.dz\\\/index.php\\\/2023\\\/06\\\/05\\\/56e-anniversaire-de-la-naksa-appel-a-lunite-du-peuple-palestinien-face-a-loccupant-sioniste\\\/#article\",\"isPartOf\":{\"@id\":\"https:\\\/\\\/lasentinelle.dz\\\/index.php\\\/2023\\\/06\\\/05\\\/56e-anniversaire-de-la-naksa-appel-a-lunite-du-peuple-palestinien-face-a-loccupant-sioniste\\\/\"},\"author\":{\"name\":\"La Sentinelle\",\"@id\":\"https:\\\/\\\/lasentinelle.dz\\\/#\\\/schema\\\/person\\\/d865044e22e70a75174ce8bcad3acfb3\"},\"headline\":\"56e anniversaire de la Naksa\u00a0: Appel \u00e0 l\u2019unit\u00e9 du peuple palestinien face \u00e0 l&rsquo;occupant sioniste\",\"datePublished\":\"2023-06-05T21:08:00+00:00\",\"mainEntityOfPage\":{\"@id\":\"https:\\\/\\\/lasentinelle.dz\\\/index.php\\\/2023\\\/06\\\/05\\\/56e-anniversaire-de-la-naksa-appel-a-lunite-du-peuple-palestinien-face-a-loccupant-sioniste\\\/\"},\"wordCount\":696,\"commentCount\":0,\"publisher\":{\"@id\":\"https:\\\/\\\/lasentinelle.dz\\\/#organization\"},\"image\":{\"@id\":\"https:\\\/\\\/lasentinelle.dz\\\/index.php\\\/2023\\\/06\\\/05\\\/56e-anniversaire-de-la-naksa-appel-a-lunite-du-peuple-palestinien-face-a-loccupant-sioniste\\\/#primaryimage\"},\"thumbnailUrl\":\"https:\\\/\\\/lasentinelle.dz\\\/wp-content\\\/uploads\\\/2023\\\/06\\\/qqqq.png\",\"articleSection\":[\"\u00c0 la Une\",\"Monde\"],\"inLanguage\":\"fr-FR\",\"potentialAction\":[{\"@type\":\"CommentAction\",\"name\":\"Comment\",\"target\":[\"https:\\\/\\\/lasentinelle.dz\\\/index.php\\\/2023\\\/06\\\/05\\\/56e-anniversaire-de-la-naksa-appel-a-lunite-du-peuple-palestinien-face-a-loccupant-sioniste\\\/#respond\"]}]},{\"@type\":\"WebPage\",\"@id\":\"https:\\\/\\\/lasentinelle.dz\\\/index.php\\\/2023\\\/06\\\/05\\\/56e-anniversaire-de-la-naksa-appel-a-lunite-du-peuple-palestinien-face-a-loccupant-sioniste\\\/\",\"url\":\"https:\\\/\\\/lasentinelle.dz\\\/index.php\\\/2023\\\/06\\\/05\\\/56e-anniversaire-de-la-naksa-appel-a-lunite-du-peuple-palestinien-face-a-loccupant-sioniste\\\/\",\"name\":\"56e anniversaire de la Naksa\u00a0: Appel \u00e0 l\u2019unit\u00e9 du peuple palestinien face \u00e0 l&rsquo;occupant sioniste - La Sentinelle\",\"isPartOf\":{\"@id\":\"https:\\\/\\\/lasentinelle.dz\\\/#website\"},\"primaryImageOfPage\":{\"@id\":\"https:\\\/\\\/lasentinelle.dz\\\/index.php\\\/2023\\\/06\\\/05\\\/56e-anniversaire-de-la-naksa-appel-a-lunite-du-peuple-palestinien-face-a-loccupant-sioniste\\\/#primaryimage\"},\"image\":{\"@id\":\"https:\\\/\\\/lasentinelle.dz\\\/index.php\\\/2023\\\/06\\\/05\\\/56e-anniversaire-de-la-naksa-appel-a-lunite-du-peuple-palestinien-face-a-loccupant-sioniste\\\/#primaryimage\"},\"thumbnailUrl\":\"https:\\\/\\\/lasentinelle.dz\\\/wp-content\\\/uploads\\\/2023\\\/06\\\/qqqq.png\",\"datePublished\":\"2023-06-05T21:08:00+00:00\",\"breadcrumb\":{\"@id\":\"https:\\\/\\\/lasentinelle.dz\\\/index.php\\\/2023\\\/06\\\/05\\\/56e-anniversaire-de-la-naksa-appel-a-lunite-du-peuple-palestinien-face-a-loccupant-sioniste\\\/#breadcrumb\"},\"inLanguage\":\"fr-FR\",\"potentialAction\":[{\"@type\":\"ReadAction\",\"target\":[\"https:\\\/\\\/lasentinelle.dz\\\/index.php\\\/2023\\\/06\\\/05\\\/56e-anniversaire-de-la-naksa-appel-a-lunite-du-peuple-palestinien-face-a-loccupant-sioniste\\\/\"]}]},{\"@type\":\"ImageObject\",\"inLanguage\":\"fr-FR\",\"@id\":\"https:\\\/\\\/lasentinelle.dz\\\/index.php\\\/2023\\\/06\\\/05\\\/56e-anniversaire-de-la-naksa-appel-a-lunite-du-peuple-palestinien-face-a-loccupant-sioniste\\\/#primaryimage\",\"url\":\"https:\\\/\\\/lasentinelle.dz\\\/wp-content\\\/uploads\\\/2023\\\/06\\\/qqqq.png\",\"contentUrl\":\"https:\\\/\\\/lasentinelle.dz\\\/wp-content\\\/uploads\\\/2023\\\/06\\\/qqqq.png\",\"width\":1600,\"height\":900},{\"@type\":\"BreadcrumbList\",\"@id\":\"https:\\\/\\\/lasentinelle.dz\\\/index.php\\\/2023\\\/06\\\/05\\\/56e-anniversaire-de-la-naksa-appel-a-lunite-du-peuple-palestinien-face-a-loccupant-sioniste\\\/#breadcrumb\",\"itemListElement\":[{\"@type\":\"ListItem\",\"position\":1,\"name\":\"Accueil\",\"item\":\"https:\\\/\\\/lasentinelle.dz\\\/\"},{\"@type\":\"ListItem\",\"position\":2,\"name\":\"56e anniversaire de la Naksa\u00a0: Appel \u00e0 l\u2019unit\u00e9 du peuple palestinien face \u00e0 l&rsquo;occupant sioniste\"}]},{\"@type\":\"WebSite\",\"@id\":\"https:\\\/\\\/lasentinelle.dz\\\/#website\",\"url\":\"https:\\\/\\\/lasentinelle.dz\\\/\",\"name\":\"La Sentinelle\",\"description\":\"Quotidien national d&#039;information\",\"publisher\":{\"@id\":\"https:\\\/\\\/lasentinelle.dz\\\/#organization\"},\"potentialAction\":[{\"@type\":\"SearchAction\",\"target\":{\"@type\":\"EntryPoint\",\"urlTemplate\":\"https:\\\/\\\/lasentinelle.dz\\\/?s={search_term_string}\"},\"query-input\":{\"@type\":\"PropertyValueSpecification\",\"valueRequired\":true,\"valueName\":\"search_term_string\"}}],\"inLanguage\":\"fr-FR\"},{\"@type\":\"Organization\",\"@id\":\"https:\\\/\\\/lasentinelle.dz\\\/#organization\",\"name\":\"Quotidien La Sentinelle\",\"url\":\"https:\\\/\\\/lasentinelle.dz\\\/\",\"logo\":{\"@type\":\"ImageObject\",\"inLanguage\":\"fr-FR\",\"@id\":\"https:\\\/\\\/lasentinelle.dz\\\/#\\\/schema\\\/logo\\\/image\\\/\",\"url\":\"https:\\\/\\\/lasentinelle.dz\\\/wp-content\\\/uploads\\\/2021\\\/09\\\/logo-sentinelleSLOGAN-1.png\",\"contentUrl\":\"https:\\\/\\\/lasentinelle.dz\\\/wp-content\\\/uploads\\\/2021\\\/09\\\/logo-sentinelleSLOGAN-1.png\",\"width\":615,\"height\":142,\"caption\":\"Quotidien La Sentinelle\"},\"image\":{\"@id\":\"https:\\\/\\\/lasentinelle.dz\\\/#\\\/schema\\\/logo\\\/image\\\/\"},\"sameAs\":[\"https:\\\/\\\/www.facebook.com\\\/La-Sentinelle-104059864394773\"]},{\"@type\":\"Person\",\"@id\":\"https:\\\/\\\/lasentinelle.dz\\\/#\\\/schema\\\/person\\\/d865044e22e70a75174ce8bcad3acfb3\",\"name\":\"La Sentinelle\",\"image\":{\"@type\":\"ImageObject\",\"inLanguage\":\"fr-FR\",\"@id\":\"https:\\\/\\\/secure.gravatar.com\\\/avatar\\\/57de8e5d4b15d43fb361a71fbb36338450fe67865b528a43dd10ef7c51a20392?s=96&d=mm&r=g\",\"url\":\"https:\\\/\\\/secure.gravatar.com\\\/avatar\\\/57de8e5d4b15d43fb361a71fbb36338450fe67865b528a43dd10ef7c51a20392?s=96&d=mm&r=g\",\"contentUrl\":\"https:\\\/\\\/secure.gravatar.com\\\/avatar\\\/57de8e5d4b15d43fb361a71fbb36338450fe67865b528a43dd10ef7c51a20392?s=96&d=mm&r=g\",\"caption\":\"La Sentinelle\"},\"sameAs\":[\"http:\\\/\\\/www.lasentinelle.dz\"],\"url\":\"https:\\\/\\\/lasentinelle.dz\\\/author\\\/redaction\\\/\"}]}<\/script>\n<!-- \/ Yoast SEO plugin. -->","yoast_head_json":{"title":"56e anniversaire de la Naksa\u00a0: Appel \u00e0 l\u2019unit\u00e9 du peuple palestinien face \u00e0 l&rsquo;occupant sioniste - La Sentinelle","robots":{"index":"index","follow":"follow","max-snippet":"max-snippet:-1","max-image-preview":"max-image-preview:large","max-video-preview":"max-video-preview:-1"},"canonical":"https:\/\/lasentinelle.dz\/index.php\/2023\/06\/05\/56e-anniversaire-de-la-naksa-appel-a-lunite-du-peuple-palestinien-face-a-loccupant-sioniste\/","og_locale":"fr_FR","og_type":"article","og_title":"56e anniversaire de la Naksa\u00a0: Appel \u00e0 l\u2019unit\u00e9 du peuple palestinien face \u00e0 l&rsquo;occupant sioniste - La Sentinelle","og_description":"Les Palestiniens ont comm\u00e9mor\u00e9, hier, le 56e anniversaire de la \u00ab\u00a0Naksa\u00a0\u00bb (Guerre des Six jours) dans un contexte de poursuite","og_url":"https:\/\/lasentinelle.dz\/index.php\/2023\/06\/05\/56e-anniversaire-de-la-naksa-appel-a-lunite-du-peuple-palestinien-face-a-loccupant-sioniste\/","og_site_name":"La Sentinelle","article_publisher":"https:\/\/www.facebook.com\/La-Sentinelle-104059864394773","article_published_time":"2023-06-05T21:08:00+00:00","og_image":[{"width":1600,"height":900,"url":"https:\/\/lasentinelle.dz\/wp-content\/uploads\/2023\/06\/qqqq.png","type":"image\/png"}],"author":"La Sentinelle","twitter_card":"summary_large_image","twitter_misc":{"\u00c9crit par":"La Sentinelle","Dur\u00e9e de lecture estim\u00e9e":"4 minutes"},"schema":{"@context":"https:\/\/schema.org","@graph":[{"@type":"Article","@id":"https:\/\/lasentinelle.dz\/index.php\/2023\/06\/05\/56e-anniversaire-de-la-naksa-appel-a-lunite-du-peuple-palestinien-face-a-loccupant-sioniste\/#article","isPartOf":{"@id":"https:\/\/lasentinelle.dz\/index.php\/2023\/06\/05\/56e-anniversaire-de-la-naksa-appel-a-lunite-du-peuple-palestinien-face-a-loccupant-sioniste\/"},"author":{"name":"La Sentinelle","@id":"https:\/\/lasentinelle.dz\/#\/schema\/person\/d865044e22e70a75174ce8bcad3acfb3"},"headline":"56e anniversaire de la Naksa\u00a0: Appel \u00e0 l\u2019unit\u00e9 du peuple palestinien face \u00e0 l&rsquo;occupant sioniste","datePublished":"2023-06-05T21:08:00+00:00","mainEntityOfPage":{"@id":"https:\/\/lasentinelle.dz\/index.php\/2023\/06\/05\/56e-anniversaire-de-la-naksa-appel-a-lunite-du-peuple-palestinien-face-a-loccupant-sioniste\/"},"wordCount":696,"commentCount":0,"publisher":{"@id":"https:\/\/lasentinelle.dz\/#organization"},"image":{"@id":"https:\/\/lasentinelle.dz\/index.php\/2023\/06\/05\/56e-anniversaire-de-la-naksa-appel-a-lunite-du-peuple-palestinien-face-a-loccupant-sioniste\/#primaryimage"},"thumbnailUrl":"https:\/\/lasentinelle.dz\/wp-content\/uploads\/2023\/06\/qqqq.png","articleSection":["\u00c0 la Une","Monde"],"inLanguage":"fr-FR","potentialAction":[{"@type":"CommentAction","name":"Comment","target":["https:\/\/lasentinelle.dz\/index.php\/2023\/06\/05\/56e-anniversaire-de-la-naksa-appel-a-lunite-du-peuple-palestinien-face-a-loccupant-sioniste\/#respond"]}]},{"@type":"WebPage","@id":"https:\/\/lasentinelle.dz\/index.php\/2023\/06\/05\/56e-anniversaire-de-la-naksa-appel-a-lunite-du-peuple-palestinien-face-a-loccupant-sioniste\/","url":"https:\/\/lasentinelle.dz\/index.php\/2023\/06\/05\/56e-anniversaire-de-la-naksa-appel-a-lunite-du-peuple-palestinien-face-a-loccupant-sioniste\/","name":"56e anniversaire de la Naksa\u00a0: Appel \u00e0 l\u2019unit\u00e9 du peuple palestinien face \u00e0 l&rsquo;occupant sioniste - La Sentinelle","isPartOf":{"@id":"https:\/\/lasentinelle.dz\/#website"},"primaryImageOfPage":{"@id":"https:\/\/lasentinelle.dz\/index.php\/2023\/06\/05\/56e-anniversaire-de-la-naksa-appel-a-lunite-du-peuple-palestinien-face-a-loccupant-sioniste\/#primaryimage"},"image":{"@id":"https:\/\/lasentinelle.dz\/index.php\/2023\/06\/05\/56e-anniversaire-de-la-naksa-appel-a-lunite-du-peuple-palestinien-face-a-loccupant-sioniste\/#primaryimage"},"thumbnailUrl":"https:\/\/lasentinelle.dz\/wp-content\/uploads\/2023\/06\/qqqq.png","datePublished":"2023-06-05T21:08:00+00:00","breadcrumb":{"@id":"https:\/\/lasentinelle.dz\/index.php\/2023\/06\/05\/56e-anniversaire-de-la-naksa-appel-a-lunite-du-peuple-palestinien-face-a-loccupant-sioniste\/#breadcrumb"},"inLanguage":"fr-FR","potentialAction":[{"@type":"ReadAction","target":["https:\/\/lasentinelle.dz\/index.php\/2023\/06\/05\/56e-anniversaire-de-la-naksa-appel-a-lunite-du-peuple-palestinien-face-a-loccupant-sioniste\/"]}]},{"@type":"ImageObject","inLanguage":"fr-FR","@id":"https:\/\/lasentinelle.dz\/index.php\/2023\/06\/05\/56e-anniversaire-de-la-naksa-appel-a-lunite-du-peuple-palestinien-face-a-loccupant-sioniste\/#primaryimage","url":"https:\/\/lasentinelle.dz\/wp-content\/uploads\/2023\/06\/qqqq.png","contentUrl":"https:\/\/lasentinelle.dz\/wp-content\/uploads\/2023\/06\/qqqq.png","width":1600,"height":900},{"@type":"BreadcrumbList","@id":"https:\/\/lasentinelle.dz\/index.php\/2023\/06\/05\/56e-anniversaire-de-la-naksa-appel-a-lunite-du-peuple-palestinien-face-a-loccupant-sioniste\/#breadcrumb","itemListElement":[{"@type":"ListItem","position":1,"name":"Accueil","item":"https:\/\/lasentinelle.dz\/"},{"@type":"ListItem","position":2,"name":"56e anniversaire de la Naksa\u00a0: Appel \u00e0 l\u2019unit\u00e9 du peuple palestinien face \u00e0 l&rsquo;occupant sioniste"}]},{"@type":"WebSite","@id":"https:\/\/lasentinelle.dz\/#website","url":"https:\/\/lasentinelle.dz\/","name":"La Sentinelle","description":"Quotidien national d&#039;information","publisher":{"@id":"https:\/\/lasentinelle.dz\/#organization"},"potentialAction":[{"@type":"SearchAction","target":{"@type":"EntryPoint","urlTemplate":"https:\/\/lasentinelle.dz\/?s={search_term_string}"},"query-input":{"@type":"PropertyValueSpecification","valueRequired":true,"valueName":"search_term_string"}}],"inLanguage":"fr-FR"},{"@type":"Organization","@id":"https:\/\/lasentinelle.dz\/#organization","name":"Quotidien La Sentinelle","url":"https:\/\/lasentinelle.dz\/","logo":{"@type":"ImageObject","inLanguage":"fr-FR","@id":"https:\/\/lasentinelle.dz\/#\/schema\/logo\/image\/","url":"https:\/\/lasentinelle.dz\/wp-content\/uploads\/2021\/09\/logo-sentinelleSLOGAN-1.png","contentUrl":"https:\/\/lasentinelle.dz\/wp-content\/uploads\/2021\/09\/logo-sentinelleSLOGAN-1.png","width":615,"height":142,"caption":"Quotidien La Sentinelle"},"image":{"@id":"https:\/\/lasentinelle.dz\/#\/schema\/logo\/image\/"},"sameAs":["https:\/\/www.facebook.com\/La-Sentinelle-104059864394773"]},{"@type":"Person","@id":"https:\/\/lasentinelle.dz\/#\/schema\/person\/d865044e22e70a75174ce8bcad3acfb3","name":"La Sentinelle","image":{"@type":"ImageObject","inLanguage":"fr-FR","@id":"https:\/\/secure.gravatar.com\/avatar\/57de8e5d4b15d43fb361a71fbb36338450fe67865b528a43dd10ef7c51a20392?s=96&d=mm&r=g","url":"https:\/\/secure.gravatar.com\/avatar\/57de8e5d4b15d43fb361a71fbb36338450fe67865b528a43dd10ef7c51a20392?s=96&d=mm&r=g","contentUrl":"https:\/\/secure.gravatar.com\/avatar\/57de8e5d4b15d43fb361a71fbb36338450fe67865b528a43dd10ef7c51a20392?s=96&d=mm&r=g","caption":"La Sentinelle"},"sameAs":["http:\/\/www.lasentinelle.dz"],"url":"https:\/\/lasentinelle.dz\/author\/redaction\/"}]}},"_links":{"self":[{"href":"https:\/\/lasentinelle.dz\/index.php\/wp-json\/wp\/v2\/posts\/42278","targetHints":{"allow":["GET"]}}],"collection":[{"href":"https:\/\/lasentinelle.dz\/index.php\/wp-json\/wp\/v2\/posts"}],"about":[{"href":"https:\/\/lasentinelle.dz\/index.php\/wp-json\/wp\/v2\/types\/post"}],"author":[{"embeddable":true,"href":"https:\/\/lasentinelle.dz\/index.php\/wp-json\/wp\/v2\/users\/3"}],"replies":[{"embeddable":true,"href":"https:\/\/lasentinelle.dz\/index.php\/wp-json\/wp\/v2\/comments?post=42278"}],"version-history":[{"count":2,"href":"https:\/\/lasentinelle.dz\/index.php\/wp-json\/wp\/v2\/posts\/42278\/revisions"}],"predecessor-version":[{"id":42333,"href":"https:\/\/lasentinelle.dz\/index.php\/wp-json\/wp\/v2\/posts\/42278\/revisions\/42333"}],"wp:featuredmedia":[{"embeddable":true,"href":"https:\/\/lasentinelle.dz\/index.php\/wp-json\/wp\/v2\/media\/42279"}],"wp:attachment":[{"href":"https:\/\/lasentinelle.dz\/index.php\/wp-json\/wp\/v2\/media?parent=42278"}],"wp:term":[{"taxonomy":"category","embeddable":true,"href":"https:\/\/lasentinelle.dz\/index.php\/wp-json\/wp\/v2\/categories?post=42278"},{"taxonomy":"post_tag","embeddable":true,"href":"https:\/\/lasentinelle.dz\/index.php\/wp-json\/wp\/v2\/tags?post=42278"}],"curies":[{"name":"wp","href":"https:\/\/api.w.org\/{rel}","templated":true}]}}