{"id":42296,"date":"2023-06-05T22:08:00","date_gmt":"2023-06-05T21:08:00","guid":{"rendered":"https:\/\/lasentinelle.dz\/?p=42296"},"modified":"2023-06-05T20:35:24","modified_gmt":"2023-06-05T19:35:24","slug":"ligue-1-mobilis-de-belles-affiches-en-perspective","status":"publish","type":"post","link":"https:\/\/lasentinelle.dz\/index.php\/2023\/06\/05\/ligue-1-mobilis-de-belles-affiches-en-perspective\/","title":{"rendered":"Ligue 1 Mobilis\u00a0: De belles affiches en perspective"},"content":{"rendered":"\n<p>La 25 journ\u00e9e de la Ligue 1 Mobilis qui se tient aujourd\u2019hui promet du beau football avec de belles affiches. Alors que le triple champion en titre et leader du classement se d\u00e9place chez le nouveau promu aura \u00e0 c\u0153ur de creuser l\u2019\u00e9cart avec son dauphin, le clasico entre une vigoureuse \u00e9quipe du MCA, actuellement troisi\u00e8me au classement et la JSK qui revient \u00e0 la vie apr\u00e8s une saison chaotique sera un match \u00e0 enjeux.<\/p>\n\n\n\n<p>Le clasico entre la JSK et le MCA, sera jou\u00e9 \u00e0 \u00a0\u00bbfond la caisse\u00a0\u00bb par les deux \u00a0\u00bbteams\u00a0\u00bb, en qu\u00eate de points autant pour le maintien en ligue 1 pour l&rsquo;\u00e9quipe du Djurdjura et le podium pour les Verts et Rouge. Les autres matchs de la journ\u00e9e sont tout aussi int\u00e9ressants, en particulier dans la lutte pour le maintien. Le Mouloudia d&rsquo;Alger (3e, 39 points) fera un p\u00e9rilleux d\u00e9placement dans la ville des Gen\u00eats o\u00f9 la JSK (13e, 28 pts) l&rsquo;attendra de pied ferme pour tenter de glaner les trois points du succ\u00e8s pour sortir d\u00e9finitivement de la zone rouge et confirmer son maintien en ligue 1. Un match qui se jouera avec beaucoup de pression, devant une galerie qui va supporter \u00e0 fond son \u00e9quipe face aux Alg\u00e9rois, qui devront bien n\u00e9gocier cette sortie pour se maintenir sur le podium. Pour les Canaris, chaque match sera d\u00e9terminant pour s\u2019\u00e9loigner de la zone de rel\u00e9gation dont elle vient tout juste de sortir. L\u2019\u00e9quipe qui retrouve de la vigueur depuis le retour de Youcef Bouzidi \u00e0 la barre technique doit absolument confirmer son sursaut.<\/p>\n\n\n\n<p>Pour sa part, l&rsquo;\u00e9tonnante formation du Mouloudia d&rsquo;El Bayadh (4e, 36 pts) recevra le leader du championnat, le Chabab de Belouizdad, alors que dans l&rsquo;autre match de la 25eme journ\u00e9e de la Ligue 1 Mobilis, le Le CRB (51 pts), qui se d\u00e9placera du c\u00f4t\u00e9 des Hauts plateaux, sera l&rsquo;h\u00f4te d&rsquo;une \u00e9quipe du MC El Bayadh (36 pts, 4e) qui aura \u00e0 coeur d&rsquo;\u00e9pingler le leader et de l&rsquo;inscrire \u00e0 son tableau de chasse. Du beau football en perspective entre ces deux \u00e9quipes qui nous ont habitu\u00e9s au fair-play, mais cela ne veut pas dire que cette rencontre sera un simple \u00e9change d&rsquo;amabilit\u00e9s. Le CRB ne doit pas tomber \u00e0 El Bayadh, car le championnat n&rsquo;est pas, math\u00e9matiquement boucl\u00e9, et des surprises peuvent surgir encore. D&rsquo;autant que le CSC (2e, 43 pts), est \u00e0 l&rsquo;affut et guette le moindre faux pas du leader. En recevant la fragile \u00e9quipe de Larbaa (12\u00e9, 29 pts), les Sanafirs, tr\u00e8s r\u00e9guliers depuis la phase retour, ne devraient pas trop s&rsquo;\u00e9chiner \u00e0 la t\u00e2che pour r\u00e9colter une bonne moisson de trois points, qui les rapprocheraient du Chabab dans le cas d&rsquo;un revers des alg\u00e9rois \u00e0 El Bayadh.<\/p>\n\n\n\n<p>Pour sa part, L&rsquo;USM Alger tout aur\u00e9ol\u00e9e de sa premi\u00e8re \u00e9toile africaine, aura \u00e0 c\u0153ur de grimper dans le classement. Le club de Soustara qui se trouve dans le ventre du classement (10\u00e9, 32 pts), n\u2019a pas totalement abandonn\u00e9 l\u2019id\u00e9e de retrouver le podium, d\u2019autant plus qu\u2019il reste encore 5 journ\u00e9es de championnat et qu\u2019il compte trois matchs en retard. Reste \u00e0 savoir sir les Rouge et Noir r\u00e9sisteront au rythme infernal impos\u00e9 par le calendrier.<\/p>\n\n\n\n<p>Aujourd\u2019hui l\u2019USMA recevra les Unionistes de Biskra dans un match que les gars des Zibans vont jouer pleinement, histoire de repartir du stade du 5 juillet, 72 heures apr\u00e8s avoir abrit\u00e9 le sacre historique des Rouge et Noir, avec une belle victoire de prestige. A coeur vaillant rien n&rsquo;est impossible.&nbsp;&nbsp;&nbsp;&nbsp;&nbsp;<\/p>\n\n\n\n<p>Dans le \u00a0\u00bbmano \u00e0 mano\u00a0\u00bb des mal class\u00e9s, avec sur la t\u00eate le couperet de la rel\u00e9gation, les matchs ASO Chlef- NC Magra et Paradou AC-MC Oran seront un supplice pour les gars de M&rsquo;sila et de Hydra (Alger). Le NC Magra (14e, 27 pts), dans la position d&rsquo;un potentiel rel\u00e9gable, devra se m\u00e9fier des Ch\u00e9lifois (7\u00e9, 33 pts), qui ont le vent en poupe ces derniers temps, et qui joueront la finale de la Coupe d&rsquo;Alg\u00e9rie contre l&rsquo;actuel leader du championnat. Invaincus depuis plusieurs matchs, l&rsquo;ASO ne devrait pas trop se formaliser pour empocher les trois points de la victoire, sauf retournement de situation et, surtout, un rebond des gars de Magra qui n&rsquo;iront pas jouer au stade Mohamed Boumezrag en victimes expiatoires. M\u00eame sc\u00e9nario \u00e0 Dar El Beida (Alger) pour les gars du Paradou (15\u00e9, 25 pts) devant le MC Oran (7e, 33 pts) : les banlieusards doivent battre les Oranais pour rester dans la course au maintien, et esp\u00e9rer encore vivre apr\u00e8s cette confrontation face \u00e0 l&rsquo;\u00e9quipe d&rsquo;El Bahia en qu\u00eate de sensations fortes pour terminer une saison tout juste moyenne.<\/p>\n\n\n\n<p>Les matchs USM Khenchela- JS Saoura et HB Chleghoum Laid- ES S\u00e9tif seront par ailleurs anecdotiques pour les \u00e9quipes qui re\u00e7oivent, alors que les gars de l&rsquo;Entente de S\u00e9tif (4e, 36 pts) jouent encore le podium et que ceux de B\u00e9char veulent terminer la saison dans le haut du classement, apr\u00e8s avoir rat\u00e9 la finale de la coupe d&rsquo;Alg\u00e9rie. Un bon point \u00e0 relever pour cette journ\u00e9e : elle ne sera tronqu\u00e9e d&rsquo;aucune rencontre.<\/p>\n\n\n\n<p>R.S.<\/p>\n","protected":false},"excerpt":{"rendered":"<p>La 25 journ\u00e9e de la Ligue 1 Mobilis qui se tient aujourd\u2019hui promet du beau football avec de belles affiches.<\/p>\n","protected":false},"author":3,"featured_media":42305,"comment_status":"open","ping_status":"closed","sticky":false,"template":"","format":"standard","meta":{"colormag_page_container_layout":"default_layout","colormag_page_sidebar_layout":"default_layout","om_disable_all_campaigns":false,"_monsterinsights_skip_tracking":false,"_monsterinsights_sitenote_active":false,"_monsterinsights_sitenote_note":"","_monsterinsights_sitenote_category":0,"footnotes":"","_wpscppro_dont_share_socialmedia":false,"_wpscppro_custom_social_share_image":0,"_facebook_share_type":"","_twitter_share_type":"","_linkedin_share_type":"","_pinterest_share_type":"","_linkedin_share_type_page":"","_instagram_share_type":"","_medium_share_type":"","_threads_share_type":"","_google_business_share_type":"","_selected_social_profile":[],"_wpsp_enable_custom_social_template":false,"_wpsp_social_scheduling":{"enabled":false,"datetime":null,"platforms":[],"status":"template_only","dateOption":"today","timeOption":"now","customDays":"","customHours":"","customDate":"","customTime":"","schedulingType":"absolute"},"_wpsp_active_default_template":true},"categories":[52,33],"tags":[],"class_list":["post-42296","post","type-post","status-publish","format-standard","has-post-thumbnail","hentry","category-a-la-une","category-sports"],"aioseo_notices":[],"yoast_head":"<!-- This site is optimized with the Yoast SEO plugin v27.5 - https:\/\/yoast.com\/product\/yoast-seo-wordpress\/ -->\n<title>Ligue 1 Mobilis\u00a0: De belles affiches en perspective - La Sentinelle<\/title>\n<meta name=\"robots\" content=\"index, follow, max-snippet:-1, max-image-preview:large, max-video-preview:-1\" \/>\n<link rel=\"canonical\" href=\"https:\/\/lasentinelle.dz\/index.php\/2023\/06\/05\/ligue-1-mobilis-de-belles-affiches-en-perspective\/\" \/>\n<meta property=\"og:locale\" content=\"fr_FR\" \/>\n<meta property=\"og:type\" content=\"article\" \/>\n<meta property=\"og:title\" content=\"Ligue 1 Mobilis\u00a0: De belles affiches en perspective - La Sentinelle\" \/>\n<meta property=\"og:description\" content=\"La 25 journ\u00e9e de la Ligue 1 Mobilis qui se tient aujourd\u2019hui promet du beau football avec de belles affiches.\" \/>\n<meta property=\"og:url\" content=\"https:\/\/lasentinelle.dz\/index.php\/2023\/06\/05\/ligue-1-mobilis-de-belles-affiches-en-perspective\/\" \/>\n<meta property=\"og:site_name\" content=\"La Sentinelle\" \/>\n<meta property=\"article:publisher\" content=\"https:\/\/www.facebook.com\/La-Sentinelle-104059864394773\" \/>\n<meta property=\"article:published_time\" content=\"2023-06-05T21:08:00+00:00\" \/>\n<meta property=\"og:image\" content=\"https:\/\/lasentinelle.dz\/wp-content\/uploads\/2023\/06\/lige-1024x683.png\" \/>\n\t<meta property=\"og:image:width\" content=\"1024\" \/>\n\t<meta property=\"og:image:height\" content=\"683\" \/>\n\t<meta property=\"og:image:type\" content=\"image\/png\" \/>\n<meta name=\"author\" content=\"La Sentinelle\" \/>\n<meta name=\"twitter:card\" content=\"summary_large_image\" \/>\n<meta name=\"twitter:label1\" content=\"\u00c9crit par\" \/>\n\t<meta name=\"twitter:data1\" content=\"La Sentinelle\" \/>\n\t<meta name=\"twitter:label2\" content=\"Dur\u00e9e de lecture estim\u00e9e\" \/>\n\t<meta name=\"twitter:data2\" content=\"5 minutes\" \/>\n<script type=\"application\/ld+json\" class=\"yoast-schema-graph\">{\"@context\":\"https:\\\/\\\/schema.org\",\"@graph\":[{\"@type\":\"Article\",\"@id\":\"https:\\\/\\\/lasentinelle.dz\\\/index.php\\\/2023\\\/06\\\/05\\\/ligue-1-mobilis-de-belles-affiches-en-perspective\\\/#article\",\"isPartOf\":{\"@id\":\"https:\\\/\\\/lasentinelle.dz\\\/index.php\\\/2023\\\/06\\\/05\\\/ligue-1-mobilis-de-belles-affiches-en-perspective\\\/\"},\"author\":{\"name\":\"La Sentinelle\",\"@id\":\"https:\\\/\\\/lasentinelle.dz\\\/#\\\/schema\\\/person\\\/d865044e22e70a75174ce8bcad3acfb3\"},\"headline\":\"Ligue 1 Mobilis\u00a0: De belles affiches en perspective\",\"datePublished\":\"2023-06-05T21:08:00+00:00\",\"mainEntityOfPage\":{\"@id\":\"https:\\\/\\\/lasentinelle.dz\\\/index.php\\\/2023\\\/06\\\/05\\\/ligue-1-mobilis-de-belles-affiches-en-perspective\\\/\"},\"wordCount\":900,\"commentCount\":0,\"publisher\":{\"@id\":\"https:\\\/\\\/lasentinelle.dz\\\/#organization\"},\"image\":{\"@id\":\"https:\\\/\\\/lasentinelle.dz\\\/index.php\\\/2023\\\/06\\\/05\\\/ligue-1-mobilis-de-belles-affiches-en-perspective\\\/#primaryimage\"},\"thumbnailUrl\":\"https:\\\/\\\/lasentinelle.dz\\\/wp-content\\\/uploads\\\/2023\\\/06\\\/lige.png\",\"articleSection\":[\"\u00c0 la Une\",\"Sports\"],\"inLanguage\":\"fr-FR\",\"potentialAction\":[{\"@type\":\"CommentAction\",\"name\":\"Comment\",\"target\":[\"https:\\\/\\\/lasentinelle.dz\\\/index.php\\\/2023\\\/06\\\/05\\\/ligue-1-mobilis-de-belles-affiches-en-perspective\\\/#respond\"]}]},{\"@type\":\"WebPage\",\"@id\":\"https:\\\/\\\/lasentinelle.dz\\\/index.php\\\/2023\\\/06\\\/05\\\/ligue-1-mobilis-de-belles-affiches-en-perspective\\\/\",\"url\":\"https:\\\/\\\/lasentinelle.dz\\\/index.php\\\/2023\\\/06\\\/05\\\/ligue-1-mobilis-de-belles-affiches-en-perspective\\\/\",\"name\":\"Ligue 1 Mobilis\u00a0: De belles affiches en perspective - La Sentinelle\",\"isPartOf\":{\"@id\":\"https:\\\/\\\/lasentinelle.dz\\\/#website\"},\"primaryImageOfPage\":{\"@id\":\"https:\\\/\\\/lasentinelle.dz\\\/index.php\\\/2023\\\/06\\\/05\\\/ligue-1-mobilis-de-belles-affiches-en-perspective\\\/#primaryimage\"},\"image\":{\"@id\":\"https:\\\/\\\/lasentinelle.dz\\\/index.php\\\/2023\\\/06\\\/05\\\/ligue-1-mobilis-de-belles-affiches-en-perspective\\\/#primaryimage\"},\"thumbnailUrl\":\"https:\\\/\\\/lasentinelle.dz\\\/wp-content\\\/uploads\\\/2023\\\/06\\\/lige.png\",\"datePublished\":\"2023-06-05T21:08:00+00:00\",\"breadcrumb\":{\"@id\":\"https:\\\/\\\/lasentinelle.dz\\\/index.php\\\/2023\\\/06\\\/05\\\/ligue-1-mobilis-de-belles-affiches-en-perspective\\\/#breadcrumb\"},\"inLanguage\":\"fr-FR\",\"potentialAction\":[{\"@type\":\"ReadAction\",\"target\":[\"https:\\\/\\\/lasentinelle.dz\\\/index.php\\\/2023\\\/06\\\/05\\\/ligue-1-mobilis-de-belles-affiches-en-perspective\\\/\"]}]},{\"@type\":\"ImageObject\",\"inLanguage\":\"fr-FR\",\"@id\":\"https:\\\/\\\/lasentinelle.dz\\\/index.php\\\/2023\\\/06\\\/05\\\/ligue-1-mobilis-de-belles-affiches-en-perspective\\\/#primaryimage\",\"url\":\"https:\\\/\\\/lasentinelle.dz\\\/wp-content\\\/uploads\\\/2023\\\/06\\\/lige.png\",\"contentUrl\":\"https:\\\/\\\/lasentinelle.dz\\\/wp-content\\\/uploads\\\/2023\\\/06\\\/lige.png\",\"width\":1349,\"height\":900},{\"@type\":\"BreadcrumbList\",\"@id\":\"https:\\\/\\\/lasentinelle.dz\\\/index.php\\\/2023\\\/06\\\/05\\\/ligue-1-mobilis-de-belles-affiches-en-perspective\\\/#breadcrumb\",\"itemListElement\":[{\"@type\":\"ListItem\",\"position\":1,\"name\":\"Accueil\",\"item\":\"https:\\\/\\\/lasentinelle.dz\\\/\"},{\"@type\":\"ListItem\",\"position\":2,\"name\":\"Ligue 1 Mobilis\u00a0: De belles affiches en perspective\"}]},{\"@type\":\"WebSite\",\"@id\":\"https:\\\/\\\/lasentinelle.dz\\\/#website\",\"url\":\"https:\\\/\\\/lasentinelle.dz\\\/\",\"name\":\"La Sentinelle\",\"description\":\"Quotidien national d&#039;information\",\"publisher\":{\"@id\":\"https:\\\/\\\/lasentinelle.dz\\\/#organization\"},\"potentialAction\":[{\"@type\":\"SearchAction\",\"target\":{\"@type\":\"EntryPoint\",\"urlTemplate\":\"https:\\\/\\\/lasentinelle.dz\\\/?s={search_term_string}\"},\"query-input\":{\"@type\":\"PropertyValueSpecification\",\"valueRequired\":true,\"valueName\":\"search_term_string\"}}],\"inLanguage\":\"fr-FR\"},{\"@type\":\"Organization\",\"@id\":\"https:\\\/\\\/lasentinelle.dz\\\/#organization\",\"name\":\"Quotidien La Sentinelle\",\"url\":\"https:\\\/\\\/lasentinelle.dz\\\/\",\"logo\":{\"@type\":\"ImageObject\",\"inLanguage\":\"fr-FR\",\"@id\":\"https:\\\/\\\/lasentinelle.dz\\\/#\\\/schema\\\/logo\\\/image\\\/\",\"url\":\"https:\\\/\\\/lasentinelle.dz\\\/wp-content\\\/uploads\\\/2021\\\/09\\\/logo-sentinelleSLOGAN-1.png\",\"contentUrl\":\"https:\\\/\\\/lasentinelle.dz\\\/wp-content\\\/uploads\\\/2021\\\/09\\\/logo-sentinelleSLOGAN-1.png\",\"width\":615,\"height\":142,\"caption\":\"Quotidien La Sentinelle\"},\"image\":{\"@id\":\"https:\\\/\\\/lasentinelle.dz\\\/#\\\/schema\\\/logo\\\/image\\\/\"},\"sameAs\":[\"https:\\\/\\\/www.facebook.com\\\/La-Sentinelle-104059864394773\"]},{\"@type\":\"Person\",\"@id\":\"https:\\\/\\\/lasentinelle.dz\\\/#\\\/schema\\\/person\\\/d865044e22e70a75174ce8bcad3acfb3\",\"name\":\"La Sentinelle\",\"image\":{\"@type\":\"ImageObject\",\"inLanguage\":\"fr-FR\",\"@id\":\"https:\\\/\\\/secure.gravatar.com\\\/avatar\\\/57de8e5d4b15d43fb361a71fbb36338450fe67865b528a43dd10ef7c51a20392?s=96&d=mm&r=g\",\"url\":\"https:\\\/\\\/secure.gravatar.com\\\/avatar\\\/57de8e5d4b15d43fb361a71fbb36338450fe67865b528a43dd10ef7c51a20392?s=96&d=mm&r=g\",\"contentUrl\":\"https:\\\/\\\/secure.gravatar.com\\\/avatar\\\/57de8e5d4b15d43fb361a71fbb36338450fe67865b528a43dd10ef7c51a20392?s=96&d=mm&r=g\",\"caption\":\"La Sentinelle\"},\"sameAs\":[\"http:\\\/\\\/www.lasentinelle.dz\"],\"url\":\"https:\\\/\\\/lasentinelle.dz\\\/author\\\/redaction\\\/\"}]}<\/script>\n<!-- \/ Yoast SEO plugin. -->","yoast_head_json":{"title":"Ligue 1 Mobilis\u00a0: De belles affiches en perspective - La Sentinelle","robots":{"index":"index","follow":"follow","max-snippet":"max-snippet:-1","max-image-preview":"max-image-preview:large","max-video-preview":"max-video-preview:-1"},"canonical":"https:\/\/lasentinelle.dz\/index.php\/2023\/06\/05\/ligue-1-mobilis-de-belles-affiches-en-perspective\/","og_locale":"fr_FR","og_type":"article","og_title":"Ligue 1 Mobilis\u00a0: De belles affiches en perspective - La Sentinelle","og_description":"La 25 journ\u00e9e de la Ligue 1 Mobilis qui se tient aujourd\u2019hui promet du beau football avec de belles affiches.","og_url":"https:\/\/lasentinelle.dz\/index.php\/2023\/06\/05\/ligue-1-mobilis-de-belles-affiches-en-perspective\/","og_site_name":"La Sentinelle","article_publisher":"https:\/\/www.facebook.com\/La-Sentinelle-104059864394773","article_published_time":"2023-06-05T21:08:00+00:00","og_image":[{"width":1024,"height":683,"url":"https:\/\/lasentinelle.dz\/wp-content\/uploads\/2023\/06\/lige-1024x683.png","type":"image\/png"}],"author":"La Sentinelle","twitter_card":"summary_large_image","twitter_misc":{"\u00c9crit par":"La Sentinelle","Dur\u00e9e de lecture estim\u00e9e":"5 minutes"},"schema":{"@context":"https:\/\/schema.org","@graph":[{"@type":"Article","@id":"https:\/\/lasentinelle.dz\/index.php\/2023\/06\/05\/ligue-1-mobilis-de-belles-affiches-en-perspective\/#article","isPartOf":{"@id":"https:\/\/lasentinelle.dz\/index.php\/2023\/06\/05\/ligue-1-mobilis-de-belles-affiches-en-perspective\/"},"author":{"name":"La Sentinelle","@id":"https:\/\/lasentinelle.dz\/#\/schema\/person\/d865044e22e70a75174ce8bcad3acfb3"},"headline":"Ligue 1 Mobilis\u00a0: De belles affiches en perspective","datePublished":"2023-06-05T21:08:00+00:00","mainEntityOfPage":{"@id":"https:\/\/lasentinelle.dz\/index.php\/2023\/06\/05\/ligue-1-mobilis-de-belles-affiches-en-perspective\/"},"wordCount":900,"commentCount":0,"publisher":{"@id":"https:\/\/lasentinelle.dz\/#organization"},"image":{"@id":"https:\/\/lasentinelle.dz\/index.php\/2023\/06\/05\/ligue-1-mobilis-de-belles-affiches-en-perspective\/#primaryimage"},"thumbnailUrl":"https:\/\/lasentinelle.dz\/wp-content\/uploads\/2023\/06\/lige.png","articleSection":["\u00c0 la Une","Sports"],"inLanguage":"fr-FR","potentialAction":[{"@type":"CommentAction","name":"Comment","target":["https:\/\/lasentinelle.dz\/index.php\/2023\/06\/05\/ligue-1-mobilis-de-belles-affiches-en-perspective\/#respond"]}]},{"@type":"WebPage","@id":"https:\/\/lasentinelle.dz\/index.php\/2023\/06\/05\/ligue-1-mobilis-de-belles-affiches-en-perspective\/","url":"https:\/\/lasentinelle.dz\/index.php\/2023\/06\/05\/ligue-1-mobilis-de-belles-affiches-en-perspective\/","name":"Ligue 1 Mobilis\u00a0: De belles affiches en perspective - La Sentinelle","isPartOf":{"@id":"https:\/\/lasentinelle.dz\/#website"},"primaryImageOfPage":{"@id":"https:\/\/lasentinelle.dz\/index.php\/2023\/06\/05\/ligue-1-mobilis-de-belles-affiches-en-perspective\/#primaryimage"},"image":{"@id":"https:\/\/lasentinelle.dz\/index.php\/2023\/06\/05\/ligue-1-mobilis-de-belles-affiches-en-perspective\/#primaryimage"},"thumbnailUrl":"https:\/\/lasentinelle.dz\/wp-content\/uploads\/2023\/06\/lige.png","datePublished":"2023-06-05T21:08:00+00:00","breadcrumb":{"@id":"https:\/\/lasentinelle.dz\/index.php\/2023\/06\/05\/ligue-1-mobilis-de-belles-affiches-en-perspective\/#breadcrumb"},"inLanguage":"fr-FR","potentialAction":[{"@type":"ReadAction","target":["https:\/\/lasentinelle.dz\/index.php\/2023\/06\/05\/ligue-1-mobilis-de-belles-affiches-en-perspective\/"]}]},{"@type":"ImageObject","inLanguage":"fr-FR","@id":"https:\/\/lasentinelle.dz\/index.php\/2023\/06\/05\/ligue-1-mobilis-de-belles-affiches-en-perspective\/#primaryimage","url":"https:\/\/lasentinelle.dz\/wp-content\/uploads\/2023\/06\/lige.png","contentUrl":"https:\/\/lasentinelle.dz\/wp-content\/uploads\/2023\/06\/lige.png","width":1349,"height":900},{"@type":"BreadcrumbList","@id":"https:\/\/lasentinelle.dz\/index.php\/2023\/06\/05\/ligue-1-mobilis-de-belles-affiches-en-perspective\/#breadcrumb","itemListElement":[{"@type":"ListItem","position":1,"name":"Accueil","item":"https:\/\/lasentinelle.dz\/"},{"@type":"ListItem","position":2,"name":"Ligue 1 Mobilis\u00a0: De belles affiches en perspective"}]},{"@type":"WebSite","@id":"https:\/\/lasentinelle.dz\/#website","url":"https:\/\/lasentinelle.dz\/","name":"La Sentinelle","description":"Quotidien national d&#039;information","publisher":{"@id":"https:\/\/lasentinelle.dz\/#organization"},"potentialAction":[{"@type":"SearchAction","target":{"@type":"EntryPoint","urlTemplate":"https:\/\/lasentinelle.dz\/?s={search_term_string}"},"query-input":{"@type":"PropertyValueSpecification","valueRequired":true,"valueName":"search_term_string"}}],"inLanguage":"fr-FR"},{"@type":"Organization","@id":"https:\/\/lasentinelle.dz\/#organization","name":"Quotidien La Sentinelle","url":"https:\/\/lasentinelle.dz\/","logo":{"@type":"ImageObject","inLanguage":"fr-FR","@id":"https:\/\/lasentinelle.dz\/#\/schema\/logo\/image\/","url":"https:\/\/lasentinelle.dz\/wp-content\/uploads\/2021\/09\/logo-sentinelleSLOGAN-1.png","contentUrl":"https:\/\/lasentinelle.dz\/wp-content\/uploads\/2021\/09\/logo-sentinelleSLOGAN-1.png","width":615,"height":142,"caption":"Quotidien La Sentinelle"},"image":{"@id":"https:\/\/lasentinelle.dz\/#\/schema\/logo\/image\/"},"sameAs":["https:\/\/www.facebook.com\/La-Sentinelle-104059864394773"]},{"@type":"Person","@id":"https:\/\/lasentinelle.dz\/#\/schema\/person\/d865044e22e70a75174ce8bcad3acfb3","name":"La Sentinelle","image":{"@type":"ImageObject","inLanguage":"fr-FR","@id":"https:\/\/secure.gravatar.com\/avatar\/57de8e5d4b15d43fb361a71fbb36338450fe67865b528a43dd10ef7c51a20392?s=96&d=mm&r=g","url":"https:\/\/secure.gravatar.com\/avatar\/57de8e5d4b15d43fb361a71fbb36338450fe67865b528a43dd10ef7c51a20392?s=96&d=mm&r=g","contentUrl":"https:\/\/secure.gravatar.com\/avatar\/57de8e5d4b15d43fb361a71fbb36338450fe67865b528a43dd10ef7c51a20392?s=96&d=mm&r=g","caption":"La Sentinelle"},"sameAs":["http:\/\/www.lasentinelle.dz"],"url":"https:\/\/lasentinelle.dz\/author\/redaction\/"}]}},"_links":{"self":[{"href":"https:\/\/lasentinelle.dz\/index.php\/wp-json\/wp\/v2\/posts\/42296","targetHints":{"allow":["GET"]}}],"collection":[{"href":"https:\/\/lasentinelle.dz\/index.php\/wp-json\/wp\/v2\/posts"}],"about":[{"href":"https:\/\/lasentinelle.dz\/index.php\/wp-json\/wp\/v2\/types\/post"}],"author":[{"embeddable":true,"href":"https:\/\/lasentinelle.dz\/index.php\/wp-json\/wp\/v2\/users\/3"}],"replies":[{"embeddable":true,"href":"https:\/\/lasentinelle.dz\/index.php\/wp-json\/wp\/v2\/comments?post=42296"}],"version-history":[{"count":2,"href":"https:\/\/lasentinelle.dz\/index.php\/wp-json\/wp\/v2\/posts\/42296\/revisions"}],"predecessor-version":[{"id":42332,"href":"https:\/\/lasentinelle.dz\/index.php\/wp-json\/wp\/v2\/posts\/42296\/revisions\/42332"}],"wp:featuredmedia":[{"embeddable":true,"href":"https:\/\/lasentinelle.dz\/index.php\/wp-json\/wp\/v2\/media\/42305"}],"wp:attachment":[{"href":"https:\/\/lasentinelle.dz\/index.php\/wp-json\/wp\/v2\/media?parent=42296"}],"wp:term":[{"taxonomy":"category","embeddable":true,"href":"https:\/\/lasentinelle.dz\/index.php\/wp-json\/wp\/v2\/categories?post=42296"},{"taxonomy":"post_tag","embeddable":true,"href":"https:\/\/lasentinelle.dz\/index.php\/wp-json\/wp\/v2\/tags?post=42296"}],"curies":[{"name":"wp","href":"https:\/\/api.w.org\/{rel}","templated":true}]}}