{"id":42465,"date":"2023-06-07T22:05:00","date_gmt":"2023-06-07T21:05:00","guid":{"rendered":"https:\/\/lasentinelle.dz\/?p=42465"},"modified":"2023-06-07T18:43:45","modified_gmt":"2023-06-07T17:43:45","slug":"industrie-pharmaceutique-196-unites-mettent-le-cap-sur-lafrique","status":"publish","type":"post","link":"https:\/\/lasentinelle.dz\/index.php\/2023\/06\/07\/industrie-pharmaceutique-196-unites-mettent-le-cap-sur-lafrique\/","title":{"rendered":"Industrie pharmaceutique\u00a0: 196 unit\u00e9s mettent le cap sur l\u2019Afrique"},"content":{"rendered":"\n<p>Ali Aoun a appel\u00e9, \u00e0 partir de Dakar lors de sa participation \u00e0 la 22eme \u00e9dition du forum pharmaceutique international, le FPI au S\u00e9n\u00e9gal, \u00e0 l&rsquo;imp\u00e9rative promotion de partenariat africains fructueux \u00e0 travers l&rsquo;implication des op\u00e9rateurs \u00e9conomiques. Selon un communiqu\u00e9, le ministre de l\u2019Industrie et de la Production pharmaceutique, Ali Aoun,<\/p>\n\n\n\n<p>a affirm\u00e9 que son d\u00e9partement minist\u00e9riel \u00ab \u0153uvre \u00e0 l&rsquo;\u00e9tablissement d&rsquo;un partenariat exceptionnel, global et ouvert sur le continent africain, \u00e0 travers lequel elle tend \u00e0 cr\u00e9er l&rsquo;investissement, \u00e0 d\u00e9velopper les capacit\u00e9s de production et \u00e0 pr\u00e9server les postes d&#8217;emploi \u00bb. Compte tenu du caract\u00e8re strat\u00e9gique, le secteur de la production pharmaceutique \u0153uvre \u00e0 \u00ab \u00e9tablir un partenariat africain fructueux bas\u00e9 essentiellement sur la coop\u00e9ration technique et \u00e9conomique \u00e0 travers l&rsquo;implication des diff\u00e9rents op\u00e9rateurs pharmaceutiques \u00bb, a-t-il ajout\u00e9. Aoun fera \u00e9tat de \u00ab pr\u00e8s de 196 unit\u00e9s de production pharmaceutique, et aspire \u00e0 cr\u00e9er davantage de d\u00e9veloppement et d&rsquo;expansion dans le cadre de l&rsquo;int\u00e9gration sous r\u00e9gionale et continentale \u00bb. Le ministre a appel\u00e9 \u00e0 \u00ab l&rsquo;adoption d&rsquo;une approche consensuelle et continentale entre les diff\u00e9rents pays africains permettant de d\u00e9velopper l&rsquo;industrie pharmaceutique dans le continent, et ce, \u00e0 travers l&rsquo;adoption de plusieurs d\u00e9marches, \u00e0 l&rsquo;instar de la cr\u00e9ation de p\u00f4les industriels r\u00e9gionaux sp\u00e9cialis\u00e9s en fonction de la gamme des produits en vue d&rsquo;am\u00e9liorer l&rsquo;exploitation du tissu industriel africain \u00bb. Il s&rsquo;agit \u00e9galement, explique le ministre, du \u00ab d\u00e9veloppement commun des m\u00e9dicaments entre les diff\u00e9rents producteurs, particuli\u00e8rement les m\u00e9dicaments destin\u00e9s au traitement des maladies qui touchent le continent, en accordant la priorit\u00e9 \u00e0 la production africaine afin de couvrir les besoins des march\u00e9s pharmaceutiques africains \u00bb.<\/p>\n\n\n\n<p><strong>Chokri Hafed<\/strong><\/p>\n","protected":false},"excerpt":{"rendered":"<p>Ali Aoun a appel\u00e9, \u00e0 partir de Dakar lors de sa participation \u00e0 la 22eme \u00e9dition du forum pharmaceutique international,<\/p>\n","protected":false},"author":3,"featured_media":42480,"comment_status":"open","ping_status":"closed","sticky":false,"template":"","format":"standard","meta":{"colormag_page_container_layout":"default_layout","colormag_page_sidebar_layout":"default_layout","om_disable_all_campaigns":false,"_monsterinsights_skip_tracking":false,"_monsterinsights_sitenote_active":false,"_monsterinsights_sitenote_note":"","_monsterinsights_sitenote_category":0,"footnotes":"","_wpscppro_dont_share_socialmedia":false,"_wpscppro_custom_social_share_image":0,"_facebook_share_type":"","_twitter_share_type":"","_linkedin_share_type":"","_pinterest_share_type":"","_linkedin_share_type_page":"","_instagram_share_type":"","_medium_share_type":"","_threads_share_type":"","_google_business_share_type":"","_selected_social_profile":[],"_wpsp_enable_custom_social_template":false,"_wpsp_social_scheduling":{"enabled":false,"datetime":null,"platforms":[],"status":"template_only","dateOption":"today","timeOption":"now","customDays":"","customHours":"","customDate":"","customTime":"","schedulingType":"absolute"},"_wpsp_active_default_template":true},"categories":[29],"tags":[],"class_list":["post-42465","post","type-post","status-publish","format-standard","has-post-thumbnail","hentry","category-economie"],"aioseo_notices":[],"yoast_head":"<!-- This site is optimized with the Yoast SEO plugin v27.5 - https:\/\/yoast.com\/product\/yoast-seo-wordpress\/ -->\n<title>Industrie pharmaceutique\u00a0: 196 unit\u00e9s mettent le cap sur l\u2019Afrique - La Sentinelle<\/title>\n<meta name=\"robots\" content=\"index, follow, max-snippet:-1, max-image-preview:large, max-video-preview:-1\" \/>\n<link rel=\"canonical\" href=\"https:\/\/lasentinelle.dz\/index.php\/2023\/06\/07\/industrie-pharmaceutique-196-unites-mettent-le-cap-sur-lafrique\/\" \/>\n<meta property=\"og:locale\" content=\"fr_FR\" \/>\n<meta property=\"og:type\" content=\"article\" \/>\n<meta property=\"og:title\" content=\"Industrie pharmaceutique\u00a0: 196 unit\u00e9s mettent le cap sur l\u2019Afrique - La Sentinelle\" \/>\n<meta property=\"og:description\" content=\"Ali Aoun a appel\u00e9, \u00e0 partir de Dakar lors de sa participation \u00e0 la 22eme \u00e9dition du forum pharmaceutique international,\" \/>\n<meta property=\"og:url\" content=\"https:\/\/lasentinelle.dz\/index.php\/2023\/06\/07\/industrie-pharmaceutique-196-unites-mettent-le-cap-sur-lafrique\/\" \/>\n<meta property=\"og:site_name\" content=\"La Sentinelle\" \/>\n<meta property=\"article:publisher\" content=\"https:\/\/www.facebook.com\/La-Sentinelle-104059864394773\" \/>\n<meta property=\"article:published_time\" content=\"2023-06-07T21:05:00+00:00\" \/>\n<meta property=\"og:image\" content=\"https:\/\/lasentinelle.dz\/wp-content\/uploads\/2023\/06\/sww.png\" \/>\n\t<meta property=\"og:image:width\" content=\"1466\" \/>\n\t<meta property=\"og:image:height\" content=\"900\" \/>\n\t<meta property=\"og:image:type\" content=\"image\/png\" \/>\n<meta name=\"author\" content=\"La Sentinelle\" \/>\n<meta name=\"twitter:card\" content=\"summary_large_image\" \/>\n<meta name=\"twitter:label1\" content=\"\u00c9crit par\" \/>\n\t<meta name=\"twitter:data1\" content=\"La Sentinelle\" \/>\n\t<meta name=\"twitter:label2\" content=\"Dur\u00e9e de lecture estim\u00e9e\" \/>\n\t<meta name=\"twitter:data2\" content=\"2 minutes\" \/>\n<script type=\"application\/ld+json\" class=\"yoast-schema-graph\">{\"@context\":\"https:\\\/\\\/schema.org\",\"@graph\":[{\"@type\":\"Article\",\"@id\":\"https:\\\/\\\/lasentinelle.dz\\\/index.php\\\/2023\\\/06\\\/07\\\/industrie-pharmaceutique-196-unites-mettent-le-cap-sur-lafrique\\\/#article\",\"isPartOf\":{\"@id\":\"https:\\\/\\\/lasentinelle.dz\\\/index.php\\\/2023\\\/06\\\/07\\\/industrie-pharmaceutique-196-unites-mettent-le-cap-sur-lafrique\\\/\"},\"author\":{\"name\":\"La Sentinelle\",\"@id\":\"https:\\\/\\\/lasentinelle.dz\\\/#\\\/schema\\\/person\\\/d865044e22e70a75174ce8bcad3acfb3\"},\"headline\":\"Industrie pharmaceutique\u00a0: 196 unit\u00e9s mettent le cap sur l\u2019Afrique\",\"datePublished\":\"2023-06-07T21:05:00+00:00\",\"mainEntityOfPage\":{\"@id\":\"https:\\\/\\\/lasentinelle.dz\\\/index.php\\\/2023\\\/06\\\/07\\\/industrie-pharmaceutique-196-unites-mettent-le-cap-sur-lafrique\\\/\"},\"wordCount\":305,\"commentCount\":0,\"publisher\":{\"@id\":\"https:\\\/\\\/lasentinelle.dz\\\/#organization\"},\"image\":{\"@id\":\"https:\\\/\\\/lasentinelle.dz\\\/index.php\\\/2023\\\/06\\\/07\\\/industrie-pharmaceutique-196-unites-mettent-le-cap-sur-lafrique\\\/#primaryimage\"},\"thumbnailUrl\":\"https:\\\/\\\/lasentinelle.dz\\\/wp-content\\\/uploads\\\/2023\\\/06\\\/sww.png\",\"articleSection\":[\"\u00c9conomie\"],\"inLanguage\":\"fr-FR\",\"potentialAction\":[{\"@type\":\"CommentAction\",\"name\":\"Comment\",\"target\":[\"https:\\\/\\\/lasentinelle.dz\\\/index.php\\\/2023\\\/06\\\/07\\\/industrie-pharmaceutique-196-unites-mettent-le-cap-sur-lafrique\\\/#respond\"]}]},{\"@type\":\"WebPage\",\"@id\":\"https:\\\/\\\/lasentinelle.dz\\\/index.php\\\/2023\\\/06\\\/07\\\/industrie-pharmaceutique-196-unites-mettent-le-cap-sur-lafrique\\\/\",\"url\":\"https:\\\/\\\/lasentinelle.dz\\\/index.php\\\/2023\\\/06\\\/07\\\/industrie-pharmaceutique-196-unites-mettent-le-cap-sur-lafrique\\\/\",\"name\":\"Industrie pharmaceutique\u00a0: 196 unit\u00e9s mettent le cap sur l\u2019Afrique - La Sentinelle\",\"isPartOf\":{\"@id\":\"https:\\\/\\\/lasentinelle.dz\\\/#website\"},\"primaryImageOfPage\":{\"@id\":\"https:\\\/\\\/lasentinelle.dz\\\/index.php\\\/2023\\\/06\\\/07\\\/industrie-pharmaceutique-196-unites-mettent-le-cap-sur-lafrique\\\/#primaryimage\"},\"image\":{\"@id\":\"https:\\\/\\\/lasentinelle.dz\\\/index.php\\\/2023\\\/06\\\/07\\\/industrie-pharmaceutique-196-unites-mettent-le-cap-sur-lafrique\\\/#primaryimage\"},\"thumbnailUrl\":\"https:\\\/\\\/lasentinelle.dz\\\/wp-content\\\/uploads\\\/2023\\\/06\\\/sww.png\",\"datePublished\":\"2023-06-07T21:05:00+00:00\",\"breadcrumb\":{\"@id\":\"https:\\\/\\\/lasentinelle.dz\\\/index.php\\\/2023\\\/06\\\/07\\\/industrie-pharmaceutique-196-unites-mettent-le-cap-sur-lafrique\\\/#breadcrumb\"},\"inLanguage\":\"fr-FR\",\"potentialAction\":[{\"@type\":\"ReadAction\",\"target\":[\"https:\\\/\\\/lasentinelle.dz\\\/index.php\\\/2023\\\/06\\\/07\\\/industrie-pharmaceutique-196-unites-mettent-le-cap-sur-lafrique\\\/\"]}]},{\"@type\":\"ImageObject\",\"inLanguage\":\"fr-FR\",\"@id\":\"https:\\\/\\\/lasentinelle.dz\\\/index.php\\\/2023\\\/06\\\/07\\\/industrie-pharmaceutique-196-unites-mettent-le-cap-sur-lafrique\\\/#primaryimage\",\"url\":\"https:\\\/\\\/lasentinelle.dz\\\/wp-content\\\/uploads\\\/2023\\\/06\\\/sww.png\",\"contentUrl\":\"https:\\\/\\\/lasentinelle.dz\\\/wp-content\\\/uploads\\\/2023\\\/06\\\/sww.png\",\"width\":1466,\"height\":900},{\"@type\":\"BreadcrumbList\",\"@id\":\"https:\\\/\\\/lasentinelle.dz\\\/index.php\\\/2023\\\/06\\\/07\\\/industrie-pharmaceutique-196-unites-mettent-le-cap-sur-lafrique\\\/#breadcrumb\",\"itemListElement\":[{\"@type\":\"ListItem\",\"position\":1,\"name\":\"Accueil\",\"item\":\"https:\\\/\\\/lasentinelle.dz\\\/\"},{\"@type\":\"ListItem\",\"position\":2,\"name\":\"Industrie pharmaceutique\u00a0: 196 unit\u00e9s mettent le cap sur l\u2019Afrique\"}]},{\"@type\":\"WebSite\",\"@id\":\"https:\\\/\\\/lasentinelle.dz\\\/#website\",\"url\":\"https:\\\/\\\/lasentinelle.dz\\\/\",\"name\":\"La Sentinelle\",\"description\":\"Quotidien national d&#039;information\",\"publisher\":{\"@id\":\"https:\\\/\\\/lasentinelle.dz\\\/#organization\"},\"potentialAction\":[{\"@type\":\"SearchAction\",\"target\":{\"@type\":\"EntryPoint\",\"urlTemplate\":\"https:\\\/\\\/lasentinelle.dz\\\/?s={search_term_string}\"},\"query-input\":{\"@type\":\"PropertyValueSpecification\",\"valueRequired\":true,\"valueName\":\"search_term_string\"}}],\"inLanguage\":\"fr-FR\"},{\"@type\":\"Organization\",\"@id\":\"https:\\\/\\\/lasentinelle.dz\\\/#organization\",\"name\":\"Quotidien La Sentinelle\",\"url\":\"https:\\\/\\\/lasentinelle.dz\\\/\",\"logo\":{\"@type\":\"ImageObject\",\"inLanguage\":\"fr-FR\",\"@id\":\"https:\\\/\\\/lasentinelle.dz\\\/#\\\/schema\\\/logo\\\/image\\\/\",\"url\":\"https:\\\/\\\/lasentinelle.dz\\\/wp-content\\\/uploads\\\/2021\\\/09\\\/logo-sentinelleSLOGAN-1.png\",\"contentUrl\":\"https:\\\/\\\/lasentinelle.dz\\\/wp-content\\\/uploads\\\/2021\\\/09\\\/logo-sentinelleSLOGAN-1.png\",\"width\":615,\"height\":142,\"caption\":\"Quotidien La Sentinelle\"},\"image\":{\"@id\":\"https:\\\/\\\/lasentinelle.dz\\\/#\\\/schema\\\/logo\\\/image\\\/\"},\"sameAs\":[\"https:\\\/\\\/www.facebook.com\\\/La-Sentinelle-104059864394773\"]},{\"@type\":\"Person\",\"@id\":\"https:\\\/\\\/lasentinelle.dz\\\/#\\\/schema\\\/person\\\/d865044e22e70a75174ce8bcad3acfb3\",\"name\":\"La Sentinelle\",\"image\":{\"@type\":\"ImageObject\",\"inLanguage\":\"fr-FR\",\"@id\":\"https:\\\/\\\/secure.gravatar.com\\\/avatar\\\/57de8e5d4b15d43fb361a71fbb36338450fe67865b528a43dd10ef7c51a20392?s=96&d=mm&r=g\",\"url\":\"https:\\\/\\\/secure.gravatar.com\\\/avatar\\\/57de8e5d4b15d43fb361a71fbb36338450fe67865b528a43dd10ef7c51a20392?s=96&d=mm&r=g\",\"contentUrl\":\"https:\\\/\\\/secure.gravatar.com\\\/avatar\\\/57de8e5d4b15d43fb361a71fbb36338450fe67865b528a43dd10ef7c51a20392?s=96&d=mm&r=g\",\"caption\":\"La Sentinelle\"},\"sameAs\":[\"http:\\\/\\\/www.lasentinelle.dz\"],\"url\":\"https:\\\/\\\/lasentinelle.dz\\\/author\\\/redaction\\\/\"}]}<\/script>\n<!-- \/ Yoast SEO plugin. -->","yoast_head_json":{"title":"Industrie pharmaceutique\u00a0: 196 unit\u00e9s mettent le cap sur l\u2019Afrique - La Sentinelle","robots":{"index":"index","follow":"follow","max-snippet":"max-snippet:-1","max-image-preview":"max-image-preview:large","max-video-preview":"max-video-preview:-1"},"canonical":"https:\/\/lasentinelle.dz\/index.php\/2023\/06\/07\/industrie-pharmaceutique-196-unites-mettent-le-cap-sur-lafrique\/","og_locale":"fr_FR","og_type":"article","og_title":"Industrie pharmaceutique\u00a0: 196 unit\u00e9s mettent le cap sur l\u2019Afrique - La Sentinelle","og_description":"Ali Aoun a appel\u00e9, \u00e0 partir de Dakar lors de sa participation \u00e0 la 22eme \u00e9dition du forum pharmaceutique international,","og_url":"https:\/\/lasentinelle.dz\/index.php\/2023\/06\/07\/industrie-pharmaceutique-196-unites-mettent-le-cap-sur-lafrique\/","og_site_name":"La Sentinelle","article_publisher":"https:\/\/www.facebook.com\/La-Sentinelle-104059864394773","article_published_time":"2023-06-07T21:05:00+00:00","og_image":[{"width":1466,"height":900,"url":"https:\/\/lasentinelle.dz\/wp-content\/uploads\/2023\/06\/sww.png","type":"image\/png"}],"author":"La Sentinelle","twitter_card":"summary_large_image","twitter_misc":{"\u00c9crit par":"La Sentinelle","Dur\u00e9e de lecture estim\u00e9e":"2 minutes"},"schema":{"@context":"https:\/\/schema.org","@graph":[{"@type":"Article","@id":"https:\/\/lasentinelle.dz\/index.php\/2023\/06\/07\/industrie-pharmaceutique-196-unites-mettent-le-cap-sur-lafrique\/#article","isPartOf":{"@id":"https:\/\/lasentinelle.dz\/index.php\/2023\/06\/07\/industrie-pharmaceutique-196-unites-mettent-le-cap-sur-lafrique\/"},"author":{"name":"La Sentinelle","@id":"https:\/\/lasentinelle.dz\/#\/schema\/person\/d865044e22e70a75174ce8bcad3acfb3"},"headline":"Industrie pharmaceutique\u00a0: 196 unit\u00e9s mettent le cap sur l\u2019Afrique","datePublished":"2023-06-07T21:05:00+00:00","mainEntityOfPage":{"@id":"https:\/\/lasentinelle.dz\/index.php\/2023\/06\/07\/industrie-pharmaceutique-196-unites-mettent-le-cap-sur-lafrique\/"},"wordCount":305,"commentCount":0,"publisher":{"@id":"https:\/\/lasentinelle.dz\/#organization"},"image":{"@id":"https:\/\/lasentinelle.dz\/index.php\/2023\/06\/07\/industrie-pharmaceutique-196-unites-mettent-le-cap-sur-lafrique\/#primaryimage"},"thumbnailUrl":"https:\/\/lasentinelle.dz\/wp-content\/uploads\/2023\/06\/sww.png","articleSection":["\u00c9conomie"],"inLanguage":"fr-FR","potentialAction":[{"@type":"CommentAction","name":"Comment","target":["https:\/\/lasentinelle.dz\/index.php\/2023\/06\/07\/industrie-pharmaceutique-196-unites-mettent-le-cap-sur-lafrique\/#respond"]}]},{"@type":"WebPage","@id":"https:\/\/lasentinelle.dz\/index.php\/2023\/06\/07\/industrie-pharmaceutique-196-unites-mettent-le-cap-sur-lafrique\/","url":"https:\/\/lasentinelle.dz\/index.php\/2023\/06\/07\/industrie-pharmaceutique-196-unites-mettent-le-cap-sur-lafrique\/","name":"Industrie pharmaceutique\u00a0: 196 unit\u00e9s mettent le cap sur l\u2019Afrique - La Sentinelle","isPartOf":{"@id":"https:\/\/lasentinelle.dz\/#website"},"primaryImageOfPage":{"@id":"https:\/\/lasentinelle.dz\/index.php\/2023\/06\/07\/industrie-pharmaceutique-196-unites-mettent-le-cap-sur-lafrique\/#primaryimage"},"image":{"@id":"https:\/\/lasentinelle.dz\/index.php\/2023\/06\/07\/industrie-pharmaceutique-196-unites-mettent-le-cap-sur-lafrique\/#primaryimage"},"thumbnailUrl":"https:\/\/lasentinelle.dz\/wp-content\/uploads\/2023\/06\/sww.png","datePublished":"2023-06-07T21:05:00+00:00","breadcrumb":{"@id":"https:\/\/lasentinelle.dz\/index.php\/2023\/06\/07\/industrie-pharmaceutique-196-unites-mettent-le-cap-sur-lafrique\/#breadcrumb"},"inLanguage":"fr-FR","potentialAction":[{"@type":"ReadAction","target":["https:\/\/lasentinelle.dz\/index.php\/2023\/06\/07\/industrie-pharmaceutique-196-unites-mettent-le-cap-sur-lafrique\/"]}]},{"@type":"ImageObject","inLanguage":"fr-FR","@id":"https:\/\/lasentinelle.dz\/index.php\/2023\/06\/07\/industrie-pharmaceutique-196-unites-mettent-le-cap-sur-lafrique\/#primaryimage","url":"https:\/\/lasentinelle.dz\/wp-content\/uploads\/2023\/06\/sww.png","contentUrl":"https:\/\/lasentinelle.dz\/wp-content\/uploads\/2023\/06\/sww.png","width":1466,"height":900},{"@type":"BreadcrumbList","@id":"https:\/\/lasentinelle.dz\/index.php\/2023\/06\/07\/industrie-pharmaceutique-196-unites-mettent-le-cap-sur-lafrique\/#breadcrumb","itemListElement":[{"@type":"ListItem","position":1,"name":"Accueil","item":"https:\/\/lasentinelle.dz\/"},{"@type":"ListItem","position":2,"name":"Industrie pharmaceutique\u00a0: 196 unit\u00e9s mettent le cap sur l\u2019Afrique"}]},{"@type":"WebSite","@id":"https:\/\/lasentinelle.dz\/#website","url":"https:\/\/lasentinelle.dz\/","name":"La Sentinelle","description":"Quotidien national d&#039;information","publisher":{"@id":"https:\/\/lasentinelle.dz\/#organization"},"potentialAction":[{"@type":"SearchAction","target":{"@type":"EntryPoint","urlTemplate":"https:\/\/lasentinelle.dz\/?s={search_term_string}"},"query-input":{"@type":"PropertyValueSpecification","valueRequired":true,"valueName":"search_term_string"}}],"inLanguage":"fr-FR"},{"@type":"Organization","@id":"https:\/\/lasentinelle.dz\/#organization","name":"Quotidien La Sentinelle","url":"https:\/\/lasentinelle.dz\/","logo":{"@type":"ImageObject","inLanguage":"fr-FR","@id":"https:\/\/lasentinelle.dz\/#\/schema\/logo\/image\/","url":"https:\/\/lasentinelle.dz\/wp-content\/uploads\/2021\/09\/logo-sentinelleSLOGAN-1.png","contentUrl":"https:\/\/lasentinelle.dz\/wp-content\/uploads\/2021\/09\/logo-sentinelleSLOGAN-1.png","width":615,"height":142,"caption":"Quotidien La Sentinelle"},"image":{"@id":"https:\/\/lasentinelle.dz\/#\/schema\/logo\/image\/"},"sameAs":["https:\/\/www.facebook.com\/La-Sentinelle-104059864394773"]},{"@type":"Person","@id":"https:\/\/lasentinelle.dz\/#\/schema\/person\/d865044e22e70a75174ce8bcad3acfb3","name":"La Sentinelle","image":{"@type":"ImageObject","inLanguage":"fr-FR","@id":"https:\/\/secure.gravatar.com\/avatar\/57de8e5d4b15d43fb361a71fbb36338450fe67865b528a43dd10ef7c51a20392?s=96&d=mm&r=g","url":"https:\/\/secure.gravatar.com\/avatar\/57de8e5d4b15d43fb361a71fbb36338450fe67865b528a43dd10ef7c51a20392?s=96&d=mm&r=g","contentUrl":"https:\/\/secure.gravatar.com\/avatar\/57de8e5d4b15d43fb361a71fbb36338450fe67865b528a43dd10ef7c51a20392?s=96&d=mm&r=g","caption":"La Sentinelle"},"sameAs":["http:\/\/www.lasentinelle.dz"],"url":"https:\/\/lasentinelle.dz\/author\/redaction\/"}]}},"_links":{"self":[{"href":"https:\/\/lasentinelle.dz\/index.php\/wp-json\/wp\/v2\/posts\/42465","targetHints":{"allow":["GET"]}}],"collection":[{"href":"https:\/\/lasentinelle.dz\/index.php\/wp-json\/wp\/v2\/posts"}],"about":[{"href":"https:\/\/lasentinelle.dz\/index.php\/wp-json\/wp\/v2\/types\/post"}],"author":[{"embeddable":true,"href":"https:\/\/lasentinelle.dz\/index.php\/wp-json\/wp\/v2\/users\/3"}],"replies":[{"embeddable":true,"href":"https:\/\/lasentinelle.dz\/index.php\/wp-json\/wp\/v2\/comments?post=42465"}],"version-history":[{"count":1,"href":"https:\/\/lasentinelle.dz\/index.php\/wp-json\/wp\/v2\/posts\/42465\/revisions"}],"predecessor-version":[{"id":42482,"href":"https:\/\/lasentinelle.dz\/index.php\/wp-json\/wp\/v2\/posts\/42465\/revisions\/42482"}],"wp:featuredmedia":[{"embeddable":true,"href":"https:\/\/lasentinelle.dz\/index.php\/wp-json\/wp\/v2\/media\/42480"}],"wp:attachment":[{"href":"https:\/\/lasentinelle.dz\/index.php\/wp-json\/wp\/v2\/media?parent=42465"}],"wp:term":[{"taxonomy":"category","embeddable":true,"href":"https:\/\/lasentinelle.dz\/index.php\/wp-json\/wp\/v2\/categories?post=42465"},{"taxonomy":"post_tag","embeddable":true,"href":"https:\/\/lasentinelle.dz\/index.php\/wp-json\/wp\/v2\/tags?post=42465"}],"curies":[{"name":"wp","href":"https:\/\/api.w.org\/{rel}","templated":true}]}}