{"id":42483,"date":"2023-06-07T22:15:00","date_gmt":"2023-06-07T21:15:00","guid":{"rendered":"https:\/\/lasentinelle.dz\/?p=42483"},"modified":"2023-06-07T19:59:27","modified_gmt":"2023-06-07T18:59:27","slug":"le-president-de-la-republique-adresse-une-lettre-au-secretaire-general-de-lonu-les-priorites-du-mandat-au-conseil-de-securite-affichees","status":"publish","type":"post","link":"https:\/\/lasentinelle.dz\/index.php\/2023\/06\/07\/le-president-de-la-republique-adresse-une-lettre-au-secretaire-general-de-lonu-les-priorites-du-mandat-au-conseil-de-securite-affichees\/","title":{"rendered":"Le pr\u00e9sident de la R\u00e9publique adresse une lettre au Secr\u00e9taire g\u00e9n\u00e9ral de l\u2019ONU\u00a0: Les priorit\u00e9s du mandat au Conseil de s\u00e9curit\u00e9 affich\u00e9es"},"content":{"rendered":"\n<p>Le pr\u00e9sident de la R\u00e9publique, Abdelmadjid Tebboune, a d\u00e9fini hier les priorit\u00e9s que seront celles de l\u2019Alg\u00e9rie au cours de son mandat au Conseil de s\u00e9curit\u00e9 de l\u2019ONU pour la p\u00e9riode 2024-2025. Un mandat qui sera consacr\u00e9 au renforcement multilat\u00e9ralisme et au respect du droit international, notamment le droit des peuples \u00e0 l\u2019autod\u00e9termination.<\/p>\n\n\n\n<p>Acteur majeur dans le traitement de nombreuses questions li\u00e9es \u00e0 la paix et la s\u00e9curit\u00e9, que ce soit dans les domaines de la lutte contre le terrorisme ou le traitement des crises et conflits, l\u2019Alg\u00e9rie entent \u0153uvrer au cours de son mandat \u00e0 poursuivre ces efforts dans ce cadre et s\u2019imposer en tant que porte-voix des peuples dont la cause a \u00e9t\u00e9 ignor\u00e9e jusqu\u2019\u00e0 pr\u00e9sent. Une responsabilit\u00e9 dont le Pr\u00e9sident Tebboune a pleinement conscience et qu\u2019il a d\u2019ailleurs soulign\u00e9 dans une missive qu\u2019il a adress\u00e9e au Secr\u00e9taire g\u00e9n\u00e9ral de l\u2019Organisation des Nations unies, Antonio Guterres, hier au lendemain de l\u2019\u00e9lection de l\u2019Alg\u00e9rie en tant que membre non permanent du Conseil de s\u00e9curit\u00e9.&nbsp; Le pr\u00e9sident de la R\u00e9publique a indiqu\u00e9 que l\u2019\u00e9lection de l\u2019Alg\u00e9rie comme membre non permanent au sein du Conseil de s\u00e9curit\u00e9 lui offre une nouvelle opportunit\u00e9, apr\u00e8s avoir assum\u00e9 avec succ\u00e8s la pr\u00e9sidence de la Ligue arabe, pour r\u00e9affirmer les principes et valeurs fondamentaux de sa politique \u00e9trang\u00e8re, et partager sa vision sur les questions inscrite \u00e0 l\u2019ordre du jour du Conseil de s\u00e9curit\u00e9, et ce en s\u2019appuyant sur son grand h\u00e9ritage historique. Il a d\u00e9clar\u00e9 que \u00ab cette \u00e9lection au sein de l\u2019organe principal de l\u2019ONU conf\u00e8re \u00e0 notre pays une responsabilit\u00e9 particuli\u00e8re, consistant \u00e0 participer au processus de prise de d\u00e9cisions au niveau international dans le but de renforcer la paix et la s\u00e9curit\u00e9 internationales. \u00bb Et de poursuivre que \u00ab l\u2019Alg\u00e9rie a toujours r\u00e9affirm\u00e9 son engagement envers les valeurs du travail multilat\u00e9ral et plac\u00e9 le respect des r\u00e8gles et principes des Nations unies et du droit international au c\u0153ur de sa vision, notamment le droit des peuples \u00e0 l\u2019autod\u00e9termination. \u00bb<\/p>\n\n\n\n<p>Il est clair que l\u2019Alg\u00e9rie fid\u00e8le \u00e0 ses engagements et ses positions s\u2019affairera au cours de son mandat \u00e0 d\u00e9fendre les causes qui constituent des pr\u00e9occupations majeures pour l\u2019Afrique et le Monde arabe. La r\u00e9solution du conflit au Sahara occidental dans le cadre de r\u00e9solutions onusiennes assises sur le droit \u00e0 l\u2019autod\u00e9termination pour le peuple sahraoui s\u2019impose de mani\u00e8re naturelle, d\u2019autant plus que la situation au Sahara occidental, derni\u00e8re colonie en Afrique, s\u2019oppose au parach\u00e8vement du processus de d\u00e9colonisation sur le continent. L\u2019autre dossier qui s\u2019impose est bien entendu la question palestinienne. L\u2019Alg\u00e9rie qui soutient de mani\u00e8re active la campagne lanc\u00e9e pour l\u2019obtention par la Palestine du statut de membre \u00e0 part enti\u00e8re de l\u2019ONU, continuera \u00e0 coup s\u00fbr \u00e0 d\u00e9ployer des efforts en faveur d\u2019une solution juste au conflit en Palestine. L\u2019Alg\u00e9rie qui a d\u2019ailleurs pr\u00e9sid\u00e9 le Sommet de la Ligue arabe a d\u2019ailleurs entrepris un processus qui a remis la question palestinienne au c\u0153ur des pr\u00e9occupations au sein de la Ligue arabe, en sus des efforts entrepris pour la relance de l\u2019initiative arabe de paix et la r\u00e9conciliation interpalestinienne. Enfin, et fid\u00e8le \u00e0 ses engagements en faveur d\u2019un multilat\u00e9ralisme plus efficace et plus \u00e9gal, et en faveur d\u2019un r\u00f4le plus important du Sud, l\u2019Alg\u00e9rie travaillera, \u00e0 coup s\u00fbr, de concert avec les structures de l\u2019ONU dans la r\u00e9forme du multilat\u00e9ralisme et la r\u00e9forme du Conseil de s\u00e9curit\u00e9. L\u2019Alg\u00e9rie a d\u2019ailleurs plaid\u00e9 \u00e0 plusieurs reprises en faveur de l\u2019obtention par l\u2019Afrique d\u2019un si\u00e8ge permanent au Conseil de s\u00e9curit\u00e9.<\/p>\n\n\n\n<p><strong>Lyes Saidi<\/strong><\/p>\n","protected":false},"excerpt":{"rendered":"<p>Le pr\u00e9sident de la R\u00e9publique, Abdelmadjid Tebboune, a d\u00e9fini hier les priorit\u00e9s que seront celles de l\u2019Alg\u00e9rie au cours de<\/p>\n","protected":false},"author":3,"featured_media":40641,"comment_status":"open","ping_status":"closed","sticky":false,"template":"","format":"standard","meta":{"colormag_page_container_layout":"default_layout","colormag_page_sidebar_layout":"default_layout","om_disable_all_campaigns":false,"_monsterinsights_skip_tracking":false,"_monsterinsights_sitenote_active":false,"_monsterinsights_sitenote_note":"","_monsterinsights_sitenote_category":0,"footnotes":"","_wpscppro_dont_share_socialmedia":false,"_wpscppro_custom_social_share_image":0,"_facebook_share_type":"","_twitter_share_type":"","_linkedin_share_type":"","_pinterest_share_type":"","_linkedin_share_type_page":"","_instagram_share_type":"","_medium_share_type":"","_threads_share_type":"","_google_business_share_type":"","_selected_social_profile":[],"_wpsp_enable_custom_social_template":false,"_wpsp_social_scheduling":{"enabled":false,"datetime":null,"platforms":[],"status":"template_only","dateOption":"today","timeOption":"now","customDays":"","customHours":"","customDate":"","customTime":"","schedulingType":"absolute"},"_wpsp_active_default_template":true},"categories":[52,27],"tags":[],"class_list":["post-42483","post","type-post","status-publish","format-standard","has-post-thumbnail","hentry","category-a-la-une","category-actualite"],"aioseo_notices":[],"yoast_head":"<!-- This site is optimized with the Yoast SEO plugin v27.5 - https:\/\/yoast.com\/product\/yoast-seo-wordpress\/ -->\n<title>Le pr\u00e9sident de la R\u00e9publique adresse une lettre au Secr\u00e9taire g\u00e9n\u00e9ral de l\u2019ONU\u00a0: Les priorit\u00e9s du mandat au Conseil de s\u00e9curit\u00e9 affich\u00e9es - La Sentinelle<\/title>\n<meta name=\"robots\" content=\"index, follow, max-snippet:-1, max-image-preview:large, max-video-preview:-1\" \/>\n<link rel=\"canonical\" href=\"https:\/\/lasentinelle.dz\/index.php\/2023\/06\/07\/le-president-de-la-republique-adresse-une-lettre-au-secretaire-general-de-lonu-les-priorites-du-mandat-au-conseil-de-securite-affichees\/\" \/>\n<meta property=\"og:locale\" content=\"fr_FR\" \/>\n<meta property=\"og:type\" content=\"article\" \/>\n<meta property=\"og:title\" content=\"Le pr\u00e9sident de la R\u00e9publique adresse une lettre au Secr\u00e9taire g\u00e9n\u00e9ral de l\u2019ONU\u00a0: Les priorit\u00e9s du mandat au Conseil de s\u00e9curit\u00e9 affich\u00e9es - La Sentinelle\" \/>\n<meta property=\"og:description\" content=\"Le pr\u00e9sident de la R\u00e9publique, Abdelmadjid Tebboune, a d\u00e9fini hier les priorit\u00e9s que seront celles de l\u2019Alg\u00e9rie au cours de\" \/>\n<meta property=\"og:url\" content=\"https:\/\/lasentinelle.dz\/index.php\/2023\/06\/07\/le-president-de-la-republique-adresse-une-lettre-au-secretaire-general-de-lonu-les-priorites-du-mandat-au-conseil-de-securite-affichees\/\" \/>\n<meta property=\"og:site_name\" content=\"La Sentinelle\" \/>\n<meta property=\"article:publisher\" content=\"https:\/\/www.facebook.com\/La-Sentinelle-104059864394773\" \/>\n<meta property=\"article:published_time\" content=\"2023-06-07T21:15:00+00:00\" \/>\n<meta property=\"og:image\" content=\"https:\/\/lasentinelle.dz\/wp-content\/uploads\/2023\/05\/tebboune-s.png\" \/>\n\t<meta property=\"og:image:width\" content=\"1200\" \/>\n\t<meta property=\"og:image:height\" content=\"900\" \/>\n\t<meta property=\"og:image:type\" content=\"image\/png\" \/>\n<meta name=\"author\" content=\"La Sentinelle\" \/>\n<meta name=\"twitter:card\" content=\"summary_large_image\" \/>\n<meta name=\"twitter:label1\" content=\"\u00c9crit par\" \/>\n\t<meta name=\"twitter:data1\" content=\"La Sentinelle\" \/>\n\t<meta name=\"twitter:label2\" content=\"Dur\u00e9e de lecture estim\u00e9e\" \/>\n\t<meta name=\"twitter:data2\" content=\"3 minutes\" \/>\n<script type=\"application\/ld+json\" class=\"yoast-schema-graph\">{\"@context\":\"https:\\\/\\\/schema.org\",\"@graph\":[{\"@type\":\"Article\",\"@id\":\"https:\\\/\\\/lasentinelle.dz\\\/index.php\\\/2023\\\/06\\\/07\\\/le-president-de-la-republique-adresse-une-lettre-au-secretaire-general-de-lonu-les-priorites-du-mandat-au-conseil-de-securite-affichees\\\/#article\",\"isPartOf\":{\"@id\":\"https:\\\/\\\/lasentinelle.dz\\\/index.php\\\/2023\\\/06\\\/07\\\/le-president-de-la-republique-adresse-une-lettre-au-secretaire-general-de-lonu-les-priorites-du-mandat-au-conseil-de-securite-affichees\\\/\"},\"author\":{\"name\":\"La Sentinelle\",\"@id\":\"https:\\\/\\\/lasentinelle.dz\\\/#\\\/schema\\\/person\\\/d865044e22e70a75174ce8bcad3acfb3\"},\"headline\":\"Le pr\u00e9sident de la R\u00e9publique adresse une lettre au Secr\u00e9taire g\u00e9n\u00e9ral de l\u2019ONU\u00a0: Les priorit\u00e9s du mandat au Conseil de s\u00e9curit\u00e9 affich\u00e9es\",\"datePublished\":\"2023-06-07T21:15:00+00:00\",\"mainEntityOfPage\":{\"@id\":\"https:\\\/\\\/lasentinelle.dz\\\/index.php\\\/2023\\\/06\\\/07\\\/le-president-de-la-republique-adresse-une-lettre-au-secretaire-general-de-lonu-les-priorites-du-mandat-au-conseil-de-securite-affichees\\\/\"},\"wordCount\":713,\"commentCount\":0,\"publisher\":{\"@id\":\"https:\\\/\\\/lasentinelle.dz\\\/#organization\"},\"image\":{\"@id\":\"https:\\\/\\\/lasentinelle.dz\\\/index.php\\\/2023\\\/06\\\/07\\\/le-president-de-la-republique-adresse-une-lettre-au-secretaire-general-de-lonu-les-priorites-du-mandat-au-conseil-de-securite-affichees\\\/#primaryimage\"},\"thumbnailUrl\":\"https:\\\/\\\/lasentinelle.dz\\\/wp-content\\\/uploads\\\/2023\\\/05\\\/tebboune-s.png\",\"articleSection\":[\"\u00c0 la Une\",\"Actualit\u00e9\"],\"inLanguage\":\"fr-FR\",\"potentialAction\":[{\"@type\":\"CommentAction\",\"name\":\"Comment\",\"target\":[\"https:\\\/\\\/lasentinelle.dz\\\/index.php\\\/2023\\\/06\\\/07\\\/le-president-de-la-republique-adresse-une-lettre-au-secretaire-general-de-lonu-les-priorites-du-mandat-au-conseil-de-securite-affichees\\\/#respond\"]}]},{\"@type\":\"WebPage\",\"@id\":\"https:\\\/\\\/lasentinelle.dz\\\/index.php\\\/2023\\\/06\\\/07\\\/le-president-de-la-republique-adresse-une-lettre-au-secretaire-general-de-lonu-les-priorites-du-mandat-au-conseil-de-securite-affichees\\\/\",\"url\":\"https:\\\/\\\/lasentinelle.dz\\\/index.php\\\/2023\\\/06\\\/07\\\/le-president-de-la-republique-adresse-une-lettre-au-secretaire-general-de-lonu-les-priorites-du-mandat-au-conseil-de-securite-affichees\\\/\",\"name\":\"Le pr\u00e9sident de la R\u00e9publique adresse une lettre au Secr\u00e9taire g\u00e9n\u00e9ral de l\u2019ONU\u00a0: Les priorit\u00e9s du mandat au Conseil de s\u00e9curit\u00e9 affich\u00e9es - La Sentinelle\",\"isPartOf\":{\"@id\":\"https:\\\/\\\/lasentinelle.dz\\\/#website\"},\"primaryImageOfPage\":{\"@id\":\"https:\\\/\\\/lasentinelle.dz\\\/index.php\\\/2023\\\/06\\\/07\\\/le-president-de-la-republique-adresse-une-lettre-au-secretaire-general-de-lonu-les-priorites-du-mandat-au-conseil-de-securite-affichees\\\/#primaryimage\"},\"image\":{\"@id\":\"https:\\\/\\\/lasentinelle.dz\\\/index.php\\\/2023\\\/06\\\/07\\\/le-president-de-la-republique-adresse-une-lettre-au-secretaire-general-de-lonu-les-priorites-du-mandat-au-conseil-de-securite-affichees\\\/#primaryimage\"},\"thumbnailUrl\":\"https:\\\/\\\/lasentinelle.dz\\\/wp-content\\\/uploads\\\/2023\\\/05\\\/tebboune-s.png\",\"datePublished\":\"2023-06-07T21:15:00+00:00\",\"breadcrumb\":{\"@id\":\"https:\\\/\\\/lasentinelle.dz\\\/index.php\\\/2023\\\/06\\\/07\\\/le-president-de-la-republique-adresse-une-lettre-au-secretaire-general-de-lonu-les-priorites-du-mandat-au-conseil-de-securite-affichees\\\/#breadcrumb\"},\"inLanguage\":\"fr-FR\",\"potentialAction\":[{\"@type\":\"ReadAction\",\"target\":[\"https:\\\/\\\/lasentinelle.dz\\\/index.php\\\/2023\\\/06\\\/07\\\/le-president-de-la-republique-adresse-une-lettre-au-secretaire-general-de-lonu-les-priorites-du-mandat-au-conseil-de-securite-affichees\\\/\"]}]},{\"@type\":\"ImageObject\",\"inLanguage\":\"fr-FR\",\"@id\":\"https:\\\/\\\/lasentinelle.dz\\\/index.php\\\/2023\\\/06\\\/07\\\/le-president-de-la-republique-adresse-une-lettre-au-secretaire-general-de-lonu-les-priorites-du-mandat-au-conseil-de-securite-affichees\\\/#primaryimage\",\"url\":\"https:\\\/\\\/lasentinelle.dz\\\/wp-content\\\/uploads\\\/2023\\\/05\\\/tebboune-s.png\",\"contentUrl\":\"https:\\\/\\\/lasentinelle.dz\\\/wp-content\\\/uploads\\\/2023\\\/05\\\/tebboune-s.png\",\"width\":1200,\"height\":900},{\"@type\":\"BreadcrumbList\",\"@id\":\"https:\\\/\\\/lasentinelle.dz\\\/index.php\\\/2023\\\/06\\\/07\\\/le-president-de-la-republique-adresse-une-lettre-au-secretaire-general-de-lonu-les-priorites-du-mandat-au-conseil-de-securite-affichees\\\/#breadcrumb\",\"itemListElement\":[{\"@type\":\"ListItem\",\"position\":1,\"name\":\"Accueil\",\"item\":\"https:\\\/\\\/lasentinelle.dz\\\/\"},{\"@type\":\"ListItem\",\"position\":2,\"name\":\"Le pr\u00e9sident de la R\u00e9publique adresse une lettre au Secr\u00e9taire g\u00e9n\u00e9ral de l\u2019ONU\u00a0: Les priorit\u00e9s du mandat au Conseil de s\u00e9curit\u00e9 affich\u00e9es\"}]},{\"@type\":\"WebSite\",\"@id\":\"https:\\\/\\\/lasentinelle.dz\\\/#website\",\"url\":\"https:\\\/\\\/lasentinelle.dz\\\/\",\"name\":\"La Sentinelle\",\"description\":\"Quotidien national d&#039;information\",\"publisher\":{\"@id\":\"https:\\\/\\\/lasentinelle.dz\\\/#organization\"},\"potentialAction\":[{\"@type\":\"SearchAction\",\"target\":{\"@type\":\"EntryPoint\",\"urlTemplate\":\"https:\\\/\\\/lasentinelle.dz\\\/?s={search_term_string}\"},\"query-input\":{\"@type\":\"PropertyValueSpecification\",\"valueRequired\":true,\"valueName\":\"search_term_string\"}}],\"inLanguage\":\"fr-FR\"},{\"@type\":\"Organization\",\"@id\":\"https:\\\/\\\/lasentinelle.dz\\\/#organization\",\"name\":\"Quotidien La Sentinelle\",\"url\":\"https:\\\/\\\/lasentinelle.dz\\\/\",\"logo\":{\"@type\":\"ImageObject\",\"inLanguage\":\"fr-FR\",\"@id\":\"https:\\\/\\\/lasentinelle.dz\\\/#\\\/schema\\\/logo\\\/image\\\/\",\"url\":\"https:\\\/\\\/lasentinelle.dz\\\/wp-content\\\/uploads\\\/2021\\\/09\\\/logo-sentinelleSLOGAN-1.png\",\"contentUrl\":\"https:\\\/\\\/lasentinelle.dz\\\/wp-content\\\/uploads\\\/2021\\\/09\\\/logo-sentinelleSLOGAN-1.png\",\"width\":615,\"height\":142,\"caption\":\"Quotidien La Sentinelle\"},\"image\":{\"@id\":\"https:\\\/\\\/lasentinelle.dz\\\/#\\\/schema\\\/logo\\\/image\\\/\"},\"sameAs\":[\"https:\\\/\\\/www.facebook.com\\\/La-Sentinelle-104059864394773\"]},{\"@type\":\"Person\",\"@id\":\"https:\\\/\\\/lasentinelle.dz\\\/#\\\/schema\\\/person\\\/d865044e22e70a75174ce8bcad3acfb3\",\"name\":\"La Sentinelle\",\"image\":{\"@type\":\"ImageObject\",\"inLanguage\":\"fr-FR\",\"@id\":\"https:\\\/\\\/secure.gravatar.com\\\/avatar\\\/57de8e5d4b15d43fb361a71fbb36338450fe67865b528a43dd10ef7c51a20392?s=96&d=mm&r=g\",\"url\":\"https:\\\/\\\/secure.gravatar.com\\\/avatar\\\/57de8e5d4b15d43fb361a71fbb36338450fe67865b528a43dd10ef7c51a20392?s=96&d=mm&r=g\",\"contentUrl\":\"https:\\\/\\\/secure.gravatar.com\\\/avatar\\\/57de8e5d4b15d43fb361a71fbb36338450fe67865b528a43dd10ef7c51a20392?s=96&d=mm&r=g\",\"caption\":\"La Sentinelle\"},\"sameAs\":[\"http:\\\/\\\/www.lasentinelle.dz\"],\"url\":\"https:\\\/\\\/lasentinelle.dz\\\/author\\\/redaction\\\/\"}]}<\/script>\n<!-- \/ Yoast SEO plugin. -->","yoast_head_json":{"title":"Le pr\u00e9sident de la R\u00e9publique adresse une lettre au Secr\u00e9taire g\u00e9n\u00e9ral de l\u2019ONU\u00a0: Les priorit\u00e9s du mandat au Conseil de s\u00e9curit\u00e9 affich\u00e9es - La Sentinelle","robots":{"index":"index","follow":"follow","max-snippet":"max-snippet:-1","max-image-preview":"max-image-preview:large","max-video-preview":"max-video-preview:-1"},"canonical":"https:\/\/lasentinelle.dz\/index.php\/2023\/06\/07\/le-president-de-la-republique-adresse-une-lettre-au-secretaire-general-de-lonu-les-priorites-du-mandat-au-conseil-de-securite-affichees\/","og_locale":"fr_FR","og_type":"article","og_title":"Le pr\u00e9sident de la R\u00e9publique adresse une lettre au Secr\u00e9taire g\u00e9n\u00e9ral de l\u2019ONU\u00a0: Les priorit\u00e9s du mandat au Conseil de s\u00e9curit\u00e9 affich\u00e9es - La Sentinelle","og_description":"Le pr\u00e9sident de la R\u00e9publique, Abdelmadjid Tebboune, a d\u00e9fini hier les priorit\u00e9s que seront celles de l\u2019Alg\u00e9rie au cours de","og_url":"https:\/\/lasentinelle.dz\/index.php\/2023\/06\/07\/le-president-de-la-republique-adresse-une-lettre-au-secretaire-general-de-lonu-les-priorites-du-mandat-au-conseil-de-securite-affichees\/","og_site_name":"La Sentinelle","article_publisher":"https:\/\/www.facebook.com\/La-Sentinelle-104059864394773","article_published_time":"2023-06-07T21:15:00+00:00","og_image":[{"width":1200,"height":900,"url":"https:\/\/lasentinelle.dz\/wp-content\/uploads\/2023\/05\/tebboune-s.png","type":"image\/png"}],"author":"La Sentinelle","twitter_card":"summary_large_image","twitter_misc":{"\u00c9crit par":"La Sentinelle","Dur\u00e9e de lecture estim\u00e9e":"3 minutes"},"schema":{"@context":"https:\/\/schema.org","@graph":[{"@type":"Article","@id":"https:\/\/lasentinelle.dz\/index.php\/2023\/06\/07\/le-president-de-la-republique-adresse-une-lettre-au-secretaire-general-de-lonu-les-priorites-du-mandat-au-conseil-de-securite-affichees\/#article","isPartOf":{"@id":"https:\/\/lasentinelle.dz\/index.php\/2023\/06\/07\/le-president-de-la-republique-adresse-une-lettre-au-secretaire-general-de-lonu-les-priorites-du-mandat-au-conseil-de-securite-affichees\/"},"author":{"name":"La Sentinelle","@id":"https:\/\/lasentinelle.dz\/#\/schema\/person\/d865044e22e70a75174ce8bcad3acfb3"},"headline":"Le pr\u00e9sident de la R\u00e9publique adresse une lettre au Secr\u00e9taire g\u00e9n\u00e9ral de l\u2019ONU\u00a0: Les priorit\u00e9s du mandat au Conseil de s\u00e9curit\u00e9 affich\u00e9es","datePublished":"2023-06-07T21:15:00+00:00","mainEntityOfPage":{"@id":"https:\/\/lasentinelle.dz\/index.php\/2023\/06\/07\/le-president-de-la-republique-adresse-une-lettre-au-secretaire-general-de-lonu-les-priorites-du-mandat-au-conseil-de-securite-affichees\/"},"wordCount":713,"commentCount":0,"publisher":{"@id":"https:\/\/lasentinelle.dz\/#organization"},"image":{"@id":"https:\/\/lasentinelle.dz\/index.php\/2023\/06\/07\/le-president-de-la-republique-adresse-une-lettre-au-secretaire-general-de-lonu-les-priorites-du-mandat-au-conseil-de-securite-affichees\/#primaryimage"},"thumbnailUrl":"https:\/\/lasentinelle.dz\/wp-content\/uploads\/2023\/05\/tebboune-s.png","articleSection":["\u00c0 la Une","Actualit\u00e9"],"inLanguage":"fr-FR","potentialAction":[{"@type":"CommentAction","name":"Comment","target":["https:\/\/lasentinelle.dz\/index.php\/2023\/06\/07\/le-president-de-la-republique-adresse-une-lettre-au-secretaire-general-de-lonu-les-priorites-du-mandat-au-conseil-de-securite-affichees\/#respond"]}]},{"@type":"WebPage","@id":"https:\/\/lasentinelle.dz\/index.php\/2023\/06\/07\/le-president-de-la-republique-adresse-une-lettre-au-secretaire-general-de-lonu-les-priorites-du-mandat-au-conseil-de-securite-affichees\/","url":"https:\/\/lasentinelle.dz\/index.php\/2023\/06\/07\/le-president-de-la-republique-adresse-une-lettre-au-secretaire-general-de-lonu-les-priorites-du-mandat-au-conseil-de-securite-affichees\/","name":"Le pr\u00e9sident de la R\u00e9publique adresse une lettre au Secr\u00e9taire g\u00e9n\u00e9ral de l\u2019ONU\u00a0: Les priorit\u00e9s du mandat au Conseil de s\u00e9curit\u00e9 affich\u00e9es - La Sentinelle","isPartOf":{"@id":"https:\/\/lasentinelle.dz\/#website"},"primaryImageOfPage":{"@id":"https:\/\/lasentinelle.dz\/index.php\/2023\/06\/07\/le-president-de-la-republique-adresse-une-lettre-au-secretaire-general-de-lonu-les-priorites-du-mandat-au-conseil-de-securite-affichees\/#primaryimage"},"image":{"@id":"https:\/\/lasentinelle.dz\/index.php\/2023\/06\/07\/le-president-de-la-republique-adresse-une-lettre-au-secretaire-general-de-lonu-les-priorites-du-mandat-au-conseil-de-securite-affichees\/#primaryimage"},"thumbnailUrl":"https:\/\/lasentinelle.dz\/wp-content\/uploads\/2023\/05\/tebboune-s.png","datePublished":"2023-06-07T21:15:00+00:00","breadcrumb":{"@id":"https:\/\/lasentinelle.dz\/index.php\/2023\/06\/07\/le-president-de-la-republique-adresse-une-lettre-au-secretaire-general-de-lonu-les-priorites-du-mandat-au-conseil-de-securite-affichees\/#breadcrumb"},"inLanguage":"fr-FR","potentialAction":[{"@type":"ReadAction","target":["https:\/\/lasentinelle.dz\/index.php\/2023\/06\/07\/le-president-de-la-republique-adresse-une-lettre-au-secretaire-general-de-lonu-les-priorites-du-mandat-au-conseil-de-securite-affichees\/"]}]},{"@type":"ImageObject","inLanguage":"fr-FR","@id":"https:\/\/lasentinelle.dz\/index.php\/2023\/06\/07\/le-president-de-la-republique-adresse-une-lettre-au-secretaire-general-de-lonu-les-priorites-du-mandat-au-conseil-de-securite-affichees\/#primaryimage","url":"https:\/\/lasentinelle.dz\/wp-content\/uploads\/2023\/05\/tebboune-s.png","contentUrl":"https:\/\/lasentinelle.dz\/wp-content\/uploads\/2023\/05\/tebboune-s.png","width":1200,"height":900},{"@type":"BreadcrumbList","@id":"https:\/\/lasentinelle.dz\/index.php\/2023\/06\/07\/le-president-de-la-republique-adresse-une-lettre-au-secretaire-general-de-lonu-les-priorites-du-mandat-au-conseil-de-securite-affichees\/#breadcrumb","itemListElement":[{"@type":"ListItem","position":1,"name":"Accueil","item":"https:\/\/lasentinelle.dz\/"},{"@type":"ListItem","position":2,"name":"Le pr\u00e9sident de la R\u00e9publique adresse une lettre au Secr\u00e9taire g\u00e9n\u00e9ral de l\u2019ONU\u00a0: Les priorit\u00e9s du mandat au Conseil de s\u00e9curit\u00e9 affich\u00e9es"}]},{"@type":"WebSite","@id":"https:\/\/lasentinelle.dz\/#website","url":"https:\/\/lasentinelle.dz\/","name":"La Sentinelle","description":"Quotidien national d&#039;information","publisher":{"@id":"https:\/\/lasentinelle.dz\/#organization"},"potentialAction":[{"@type":"SearchAction","target":{"@type":"EntryPoint","urlTemplate":"https:\/\/lasentinelle.dz\/?s={search_term_string}"},"query-input":{"@type":"PropertyValueSpecification","valueRequired":true,"valueName":"search_term_string"}}],"inLanguage":"fr-FR"},{"@type":"Organization","@id":"https:\/\/lasentinelle.dz\/#organization","name":"Quotidien La Sentinelle","url":"https:\/\/lasentinelle.dz\/","logo":{"@type":"ImageObject","inLanguage":"fr-FR","@id":"https:\/\/lasentinelle.dz\/#\/schema\/logo\/image\/","url":"https:\/\/lasentinelle.dz\/wp-content\/uploads\/2021\/09\/logo-sentinelleSLOGAN-1.png","contentUrl":"https:\/\/lasentinelle.dz\/wp-content\/uploads\/2021\/09\/logo-sentinelleSLOGAN-1.png","width":615,"height":142,"caption":"Quotidien La Sentinelle"},"image":{"@id":"https:\/\/lasentinelle.dz\/#\/schema\/logo\/image\/"},"sameAs":["https:\/\/www.facebook.com\/La-Sentinelle-104059864394773"]},{"@type":"Person","@id":"https:\/\/lasentinelle.dz\/#\/schema\/person\/d865044e22e70a75174ce8bcad3acfb3","name":"La Sentinelle","image":{"@type":"ImageObject","inLanguage":"fr-FR","@id":"https:\/\/secure.gravatar.com\/avatar\/57de8e5d4b15d43fb361a71fbb36338450fe67865b528a43dd10ef7c51a20392?s=96&d=mm&r=g","url":"https:\/\/secure.gravatar.com\/avatar\/57de8e5d4b15d43fb361a71fbb36338450fe67865b528a43dd10ef7c51a20392?s=96&d=mm&r=g","contentUrl":"https:\/\/secure.gravatar.com\/avatar\/57de8e5d4b15d43fb361a71fbb36338450fe67865b528a43dd10ef7c51a20392?s=96&d=mm&r=g","caption":"La Sentinelle"},"sameAs":["http:\/\/www.lasentinelle.dz"],"url":"https:\/\/lasentinelle.dz\/author\/redaction\/"}]}},"_links":{"self":[{"href":"https:\/\/lasentinelle.dz\/index.php\/wp-json\/wp\/v2\/posts\/42483","targetHints":{"allow":["GET"]}}],"collection":[{"href":"https:\/\/lasentinelle.dz\/index.php\/wp-json\/wp\/v2\/posts"}],"about":[{"href":"https:\/\/lasentinelle.dz\/index.php\/wp-json\/wp\/v2\/types\/post"}],"author":[{"embeddable":true,"href":"https:\/\/lasentinelle.dz\/index.php\/wp-json\/wp\/v2\/users\/3"}],"replies":[{"embeddable":true,"href":"https:\/\/lasentinelle.dz\/index.php\/wp-json\/wp\/v2\/comments?post=42483"}],"version-history":[{"count":2,"href":"https:\/\/lasentinelle.dz\/index.php\/wp-json\/wp\/v2\/posts\/42483\/revisions"}],"predecessor-version":[{"id":42507,"href":"https:\/\/lasentinelle.dz\/index.php\/wp-json\/wp\/v2\/posts\/42483\/revisions\/42507"}],"wp:featuredmedia":[{"embeddable":true,"href":"https:\/\/lasentinelle.dz\/index.php\/wp-json\/wp\/v2\/media\/40641"}],"wp:attachment":[{"href":"https:\/\/lasentinelle.dz\/index.php\/wp-json\/wp\/v2\/media?parent=42483"}],"wp:term":[{"taxonomy":"category","embeddable":true,"href":"https:\/\/lasentinelle.dz\/index.php\/wp-json\/wp\/v2\/categories?post=42483"},{"taxonomy":"post_tag","embeddable":true,"href":"https:\/\/lasentinelle.dz\/index.php\/wp-json\/wp\/v2\/tags?post=42483"}],"curies":[{"name":"wp","href":"https:\/\/api.w.org\/{rel}","templated":true}]}}