{"id":42484,"date":"2023-06-07T22:05:00","date_gmt":"2023-06-07T21:05:00","guid":{"rendered":"https:\/\/lasentinelle.dz\/?p=42484"},"modified":"2023-06-07T19:17:25","modified_gmt":"2023-06-07T18:17:25","slug":"riadh-sidaoui-directeur-du-centre-arabe-des-etudes-politiques-et-sociales-de-geneve-lalgerie-simpose-en-tant-que-porte-parole-des-pays-marginalises","status":"publish","type":"post","link":"https:\/\/lasentinelle.dz\/index.php\/2023\/06\/07\/riadh-sidaoui-directeur-du-centre-arabe-des-etudes-politiques-et-sociales-de-geneve-lalgerie-simpose-en-tant-que-porte-parole-des-pays-marginalises\/","title":{"rendered":"Riadh Sidaoui, Directeur du Centre arabe des \u00e9tudes politiques et sociales de Gen\u00e8ve\u00a0: \u00ab\u00a0L\u2019Alg\u00e9rie s\u2019impose en tant que porte-parole des pays marginalis\u00e9s\u00a0\u00bb"},"content":{"rendered":"\n<p>Le Directeur du Centre arabe des \u00e9tudes politiques et sociales de Gen\u00e8ve, Riadh Sidaoui, s&rsquo;attend \u00e0 ce que l&rsquo;Alg\u00e9rie soit \u00ab le porte-parole du Monde arabe, du continent africain et de tous les pays du tiers monde qui ont souvent \u00e9t\u00e9 marginalis\u00e9s par le Conseil de s\u00e9curit\u00e9 \u00bb. R\u00e9agissant \u00e0 l\u2019\u00e9lection de l\u2019Alg\u00e9rie par l&rsquo;Assembl\u00e9e g\u00e9n\u00e9rale des Nations unies en tant que membre non permanent au Conseil de s\u00e9curit\u00e9 pour la p\u00e9riode 2024\/2025,&nbsp; a d\u00e9clar\u00e9 \u00e0 l&rsquo;Agence alg\u00e9rienne de presse, APS,&nbsp; que cela refl\u00e9tait le poids de l\u2019Alg\u00e9rie \u00ab sur la sc\u00e8ne internationale \u00bb ajoutant que \u00ab cette \u00e9lection avec une majorit\u00e9 \u00e9crasante d\u00e9note d&rsquo;un consensus de la communaut\u00e9 internationale (et) refl\u00e8te le poids de l&rsquo;Alg\u00e9rie sur la sc\u00e8ne internationale notamment africaine, dans le monde arabe et \u00e0 l&rsquo;\u00e9chelle du tiers monde \u00bb. Riadh Sidaoui estime que l&rsquo;Alg\u00e9rie est confort\u00e9e par son \u00ab capital symbolique \u00bb depuis sa r\u00e9volution jusqu&rsquo;\u00e0 nos jours et est consid\u00e9r\u00e9e comme \u00ab un pays s\u00e9rieux qui a toujours d\u00e9fendu et continue de d\u00e9fendre les causes nobles, comme le droit des peuples \u00e0 l&rsquo;autod\u00e9termination \u00bb. Proche de l\u2019Alg\u00e9rie qu\u2019il d\u00e9fend lors de ses \u00e9missions \u00ab youtube \u00bb et fervent d\u00e9fenseur de la cause palestinienne et sahraouie, le directeur du Centre arabe des \u00e9tudes politiques et sociales bas\u00e9 \u00e0 Gen\u00e8ve, en Suisse, s&rsquo;attend \u00e0 ce que l&rsquo;Alg\u00e9rie soit \u00ab le porte-parole du Monde arabe, du continent africain et de tous les pays du tiers monde qui ont souvent \u00e9t\u00e9 marginalis\u00e9s par le Conseil de s\u00e9curit\u00e9 \u00bb. Sidaoui a soulign\u00e9&nbsp; \u00e0 cet effet que \u00ab l&rsquo;\u00e9lection de l&rsquo;Alg\u00e9rie au Conseil de s\u00e9curit\u00e9 en tant que membre non permanent va redonner de la visibilit\u00e9 aux causes palestinienne et sahraouie. \u00ab Comme lors du sommet arabe tenu \u00e0 Alger en novembre 2022, la cause palestinienne va \u00eatre \u00e0 la une du Conseil de s\u00e9curit\u00e9 \u00bb, a estim\u00e9 l&rsquo;expert, relevant que l&rsquo;Alg\u00e9rie va certainement rappeler \u00e0 la communaut\u00e9 internationale que les Palestiniens sont toujours victimes de l&rsquo;entit\u00e9 sioniste et qu&rsquo;il faudra discuter de ce qui se passe dans ce pays pour ne pas marginaliser sa noble cause. Sidaoui a mis l&rsquo;accent, en outre, sur le fait que \u00ab l&rsquo;Alg\u00e9rie (ait) toujours d\u00e9fendu la l\u00e9gitimit\u00e9 internationale \u00bb et qu&rsquo;elle allait sans doute rappeler \u00e0 la communaut\u00e9 internationale que le Maroc n&rsquo;a pas respect\u00e9 les r\u00e9solutions du Conseil de s\u00e9curit\u00e9 concernant la question sahraouie. Pour rappel, l&rsquo;Alg\u00e9rie, le Guyana, la R\u00e9publique de Cor\u00e9e, la Sierra Leone et la Slov\u00e9nie rejoindront le premier organe de maintien de la paix et de la s\u00e9curit\u00e9 internationales \u00e0 partir de janvier, pour une p\u00e9riode de deux ans, rapporte le site officiel de l&rsquo;ONU. Ils faisaient partie des six pays en lice pour les cinq si\u00e8ges non permanents du Conseil. Le vote a eu lieu au scrutin secret et les candidats devaient obtenir une majorit\u00e9 des deux tiers, soit 128 voix. Au total, les pays membres ont vot\u00e9 pour pourvoir trois si\u00e8ges au Conseil de s\u00e9curit\u00e9 attribu\u00e9s aux groupes Afrique et Asie-Pacifique, un pour l&rsquo;Europe de l&rsquo;Est et un autre pour l&rsquo;Am\u00e9rique latine et les Cara\u00efbes. Le Conseil de s\u00e9curit\u00e9 est compos\u00e9 de 15 pays, dont cinq &#8211; la Chine, la France, la Russie, le Royaume-Uni et les Etats-Unis &#8211; sont des membres permanents, jouissant du droit de veto sur toute r\u00e9solution ou d\u00e9cision. Les 10 membres non permanents sont \u00e9lus par l&rsquo;Assembl\u00e9e g\u00e9n\u00e9rale qui comprend les 193 Etats membres de l&rsquo;ONU, et conform\u00e9ment \u00e0 la r\u00e9partition g\u00e9ographique par r\u00e9gion. A noter qu&rsquo;il s&rsquo;agit de la quatri\u00e8me fois de son histoire que l&rsquo;Alg\u00e9rie occupe un si\u00e8ge non permanent au Conseil de s\u00e9curit\u00e9, apr\u00e8s les mandats de 1968-1969, 1988-1989 et 2004-2005.<\/p>\n\n\n\n<p>R.N.<\/p>\n","protected":false},"excerpt":{"rendered":"<p>Le Directeur du Centre arabe des \u00e9tudes politiques et sociales de Gen\u00e8ve, Riadh Sidaoui, s&rsquo;attend \u00e0 ce que l&rsquo;Alg\u00e9rie soit<\/p>\n","protected":false},"author":2,"featured_media":42488,"comment_status":"open","ping_status":"closed","sticky":false,"template":"","format":"standard","meta":{"colormag_page_container_layout":"default_layout","colormag_page_sidebar_layout":"default_layout","om_disable_all_campaigns":false,"_monsterinsights_skip_tracking":false,"_monsterinsights_sitenote_active":false,"_monsterinsights_sitenote_note":"","_monsterinsights_sitenote_category":0,"footnotes":"","_wpscppro_dont_share_socialmedia":false,"_wpscppro_custom_social_share_image":0,"_facebook_share_type":"","_twitter_share_type":"","_linkedin_share_type":"","_pinterest_share_type":"","_linkedin_share_type_page":"","_instagram_share_type":"","_medium_share_type":"","_threads_share_type":"","_google_business_share_type":"","_selected_social_profile":[],"_wpsp_enable_custom_social_template":false,"_wpsp_social_scheduling":{"enabled":false,"datetime":null,"platforms":[],"status":"template_only","dateOption":"today","timeOption":"now","customDays":"","customHours":"","customDate":"","customTime":"","schedulingType":"absolute"},"_wpsp_active_default_template":true},"categories":[27],"tags":[],"class_list":["post-42484","post","type-post","status-publish","format-standard","has-post-thumbnail","hentry","category-actualite"],"aioseo_notices":[],"yoast_head":"<!-- This site is optimized with the Yoast SEO plugin v27.5 - https:\/\/yoast.com\/product\/yoast-seo-wordpress\/ -->\n<title>Riadh Sidaoui, Directeur du Centre arabe des \u00e9tudes politiques et sociales de Gen\u00e8ve\u00a0: \u00ab\u00a0L\u2019Alg\u00e9rie s\u2019impose en tant que porte-parole des pays marginalis\u00e9s\u00a0\u00bb - La Sentinelle<\/title>\n<meta name=\"robots\" content=\"index, follow, max-snippet:-1, max-image-preview:large, max-video-preview:-1\" \/>\n<link rel=\"canonical\" href=\"https:\/\/lasentinelle.dz\/index.php\/2023\/06\/07\/riadh-sidaoui-directeur-du-centre-arabe-des-etudes-politiques-et-sociales-de-geneve-lalgerie-simpose-en-tant-que-porte-parole-des-pays-marginalises\/\" \/>\n<meta property=\"og:locale\" content=\"fr_FR\" \/>\n<meta property=\"og:type\" content=\"article\" \/>\n<meta property=\"og:title\" content=\"Riadh Sidaoui, Directeur du Centre arabe des \u00e9tudes politiques et sociales de Gen\u00e8ve\u00a0: \u00ab\u00a0L\u2019Alg\u00e9rie s\u2019impose en tant que porte-parole des pays marginalis\u00e9s\u00a0\u00bb - La Sentinelle\" \/>\n<meta property=\"og:description\" content=\"Le Directeur du Centre arabe des \u00e9tudes politiques et sociales de Gen\u00e8ve, Riadh Sidaoui, s&rsquo;attend \u00e0 ce que l&rsquo;Alg\u00e9rie soit\" \/>\n<meta property=\"og:url\" content=\"https:\/\/lasentinelle.dz\/index.php\/2023\/06\/07\/riadh-sidaoui-directeur-du-centre-arabe-des-etudes-politiques-et-sociales-de-geneve-lalgerie-simpose-en-tant-que-porte-parole-des-pays-marginalises\/\" \/>\n<meta property=\"og:site_name\" content=\"La Sentinelle\" \/>\n<meta property=\"article:publisher\" content=\"https:\/\/www.facebook.com\/La-Sentinelle-104059864394773\" \/>\n<meta property=\"article:published_time\" content=\"2023-06-07T21:05:00+00:00\" \/>\n<meta property=\"og:image\" content=\"https:\/\/lasentinelle.dz\/wp-content\/uploads\/2023\/06\/sidaoui2.png\" \/>\n\t<meta property=\"og:image:width\" content=\"1559\" \/>\n\t<meta property=\"og:image:height\" content=\"900\" \/>\n\t<meta property=\"og:image:type\" content=\"image\/png\" \/>\n<meta name=\"author\" content=\"Azzedine Belferag\" \/>\n<meta name=\"twitter:card\" content=\"summary_large_image\" \/>\n<meta name=\"twitter:label1\" content=\"\u00c9crit par\" \/>\n\t<meta name=\"twitter:data1\" content=\"Azzedine Belferag\" \/>\n\t<meta name=\"twitter:label2\" content=\"Dur\u00e9e de lecture estim\u00e9e\" \/>\n\t<meta name=\"twitter:data2\" content=\"3 minutes\" \/>\n<script type=\"application\/ld+json\" class=\"yoast-schema-graph\">{\"@context\":\"https:\\\/\\\/schema.org\",\"@graph\":[{\"@type\":\"Article\",\"@id\":\"https:\\\/\\\/lasentinelle.dz\\\/index.php\\\/2023\\\/06\\\/07\\\/riadh-sidaoui-directeur-du-centre-arabe-des-etudes-politiques-et-sociales-de-geneve-lalgerie-simpose-en-tant-que-porte-parole-des-pays-marginalises\\\/#article\",\"isPartOf\":{\"@id\":\"https:\\\/\\\/lasentinelle.dz\\\/index.php\\\/2023\\\/06\\\/07\\\/riadh-sidaoui-directeur-du-centre-arabe-des-etudes-politiques-et-sociales-de-geneve-lalgerie-simpose-en-tant-que-porte-parole-des-pays-marginalises\\\/\"},\"author\":{\"name\":\"Azzedine Belferag\",\"@id\":\"https:\\\/\\\/lasentinelle.dz\\\/#\\\/schema\\\/person\\\/e22c868643946ece5f328ac9d185b29f\"},\"headline\":\"Riadh Sidaoui, Directeur du Centre arabe des \u00e9tudes politiques et sociales de Gen\u00e8ve\u00a0: \u00ab\u00a0L\u2019Alg\u00e9rie s\u2019impose en tant que porte-parole des pays marginalis\u00e9s\u00a0\u00bb\",\"datePublished\":\"2023-06-07T21:05:00+00:00\",\"mainEntityOfPage\":{\"@id\":\"https:\\\/\\\/lasentinelle.dz\\\/index.php\\\/2023\\\/06\\\/07\\\/riadh-sidaoui-directeur-du-centre-arabe-des-etudes-politiques-et-sociales-de-geneve-lalgerie-simpose-en-tant-que-porte-parole-des-pays-marginalises\\\/\"},\"wordCount\":703,\"commentCount\":0,\"publisher\":{\"@id\":\"https:\\\/\\\/lasentinelle.dz\\\/#organization\"},\"image\":{\"@id\":\"https:\\\/\\\/lasentinelle.dz\\\/index.php\\\/2023\\\/06\\\/07\\\/riadh-sidaoui-directeur-du-centre-arabe-des-etudes-politiques-et-sociales-de-geneve-lalgerie-simpose-en-tant-que-porte-parole-des-pays-marginalises\\\/#primaryimage\"},\"thumbnailUrl\":\"https:\\\/\\\/lasentinelle.dz\\\/wp-content\\\/uploads\\\/2023\\\/06\\\/sidaoui2.png\",\"articleSection\":[\"Actualit\u00e9\"],\"inLanguage\":\"fr-FR\",\"potentialAction\":[{\"@type\":\"CommentAction\",\"name\":\"Comment\",\"target\":[\"https:\\\/\\\/lasentinelle.dz\\\/index.php\\\/2023\\\/06\\\/07\\\/riadh-sidaoui-directeur-du-centre-arabe-des-etudes-politiques-et-sociales-de-geneve-lalgerie-simpose-en-tant-que-porte-parole-des-pays-marginalises\\\/#respond\"]}]},{\"@type\":\"WebPage\",\"@id\":\"https:\\\/\\\/lasentinelle.dz\\\/index.php\\\/2023\\\/06\\\/07\\\/riadh-sidaoui-directeur-du-centre-arabe-des-etudes-politiques-et-sociales-de-geneve-lalgerie-simpose-en-tant-que-porte-parole-des-pays-marginalises\\\/\",\"url\":\"https:\\\/\\\/lasentinelle.dz\\\/index.php\\\/2023\\\/06\\\/07\\\/riadh-sidaoui-directeur-du-centre-arabe-des-etudes-politiques-et-sociales-de-geneve-lalgerie-simpose-en-tant-que-porte-parole-des-pays-marginalises\\\/\",\"name\":\"Riadh Sidaoui, Directeur du Centre arabe des \u00e9tudes politiques et sociales de Gen\u00e8ve\u00a0: \u00ab\u00a0L\u2019Alg\u00e9rie s\u2019impose en tant que porte-parole des pays marginalis\u00e9s\u00a0\u00bb - La Sentinelle\",\"isPartOf\":{\"@id\":\"https:\\\/\\\/lasentinelle.dz\\\/#website\"},\"primaryImageOfPage\":{\"@id\":\"https:\\\/\\\/lasentinelle.dz\\\/index.php\\\/2023\\\/06\\\/07\\\/riadh-sidaoui-directeur-du-centre-arabe-des-etudes-politiques-et-sociales-de-geneve-lalgerie-simpose-en-tant-que-porte-parole-des-pays-marginalises\\\/#primaryimage\"},\"image\":{\"@id\":\"https:\\\/\\\/lasentinelle.dz\\\/index.php\\\/2023\\\/06\\\/07\\\/riadh-sidaoui-directeur-du-centre-arabe-des-etudes-politiques-et-sociales-de-geneve-lalgerie-simpose-en-tant-que-porte-parole-des-pays-marginalises\\\/#primaryimage\"},\"thumbnailUrl\":\"https:\\\/\\\/lasentinelle.dz\\\/wp-content\\\/uploads\\\/2023\\\/06\\\/sidaoui2.png\",\"datePublished\":\"2023-06-07T21:05:00+00:00\",\"breadcrumb\":{\"@id\":\"https:\\\/\\\/lasentinelle.dz\\\/index.php\\\/2023\\\/06\\\/07\\\/riadh-sidaoui-directeur-du-centre-arabe-des-etudes-politiques-et-sociales-de-geneve-lalgerie-simpose-en-tant-que-porte-parole-des-pays-marginalises\\\/#breadcrumb\"},\"inLanguage\":\"fr-FR\",\"potentialAction\":[{\"@type\":\"ReadAction\",\"target\":[\"https:\\\/\\\/lasentinelle.dz\\\/index.php\\\/2023\\\/06\\\/07\\\/riadh-sidaoui-directeur-du-centre-arabe-des-etudes-politiques-et-sociales-de-geneve-lalgerie-simpose-en-tant-que-porte-parole-des-pays-marginalises\\\/\"]}]},{\"@type\":\"ImageObject\",\"inLanguage\":\"fr-FR\",\"@id\":\"https:\\\/\\\/lasentinelle.dz\\\/index.php\\\/2023\\\/06\\\/07\\\/riadh-sidaoui-directeur-du-centre-arabe-des-etudes-politiques-et-sociales-de-geneve-lalgerie-simpose-en-tant-que-porte-parole-des-pays-marginalises\\\/#primaryimage\",\"url\":\"https:\\\/\\\/lasentinelle.dz\\\/wp-content\\\/uploads\\\/2023\\\/06\\\/sidaoui2.png\",\"contentUrl\":\"https:\\\/\\\/lasentinelle.dz\\\/wp-content\\\/uploads\\\/2023\\\/06\\\/sidaoui2.png\",\"width\":1559,\"height\":900},{\"@type\":\"BreadcrumbList\",\"@id\":\"https:\\\/\\\/lasentinelle.dz\\\/index.php\\\/2023\\\/06\\\/07\\\/riadh-sidaoui-directeur-du-centre-arabe-des-etudes-politiques-et-sociales-de-geneve-lalgerie-simpose-en-tant-que-porte-parole-des-pays-marginalises\\\/#breadcrumb\",\"itemListElement\":[{\"@type\":\"ListItem\",\"position\":1,\"name\":\"Accueil\",\"item\":\"https:\\\/\\\/lasentinelle.dz\\\/\"},{\"@type\":\"ListItem\",\"position\":2,\"name\":\"Riadh Sidaoui, Directeur du Centre arabe des \u00e9tudes politiques et sociales de Gen\u00e8ve\u00a0: \u00ab\u00a0L\u2019Alg\u00e9rie s\u2019impose en tant que porte-parole des pays marginalis\u00e9s\u00a0\u00bb\"}]},{\"@type\":\"WebSite\",\"@id\":\"https:\\\/\\\/lasentinelle.dz\\\/#website\",\"url\":\"https:\\\/\\\/lasentinelle.dz\\\/\",\"name\":\"La Sentinelle\",\"description\":\"Quotidien national d&#039;information\",\"publisher\":{\"@id\":\"https:\\\/\\\/lasentinelle.dz\\\/#organization\"},\"potentialAction\":[{\"@type\":\"SearchAction\",\"target\":{\"@type\":\"EntryPoint\",\"urlTemplate\":\"https:\\\/\\\/lasentinelle.dz\\\/?s={search_term_string}\"},\"query-input\":{\"@type\":\"PropertyValueSpecification\",\"valueRequired\":true,\"valueName\":\"search_term_string\"}}],\"inLanguage\":\"fr-FR\"},{\"@type\":\"Organization\",\"@id\":\"https:\\\/\\\/lasentinelle.dz\\\/#organization\",\"name\":\"Quotidien La Sentinelle\",\"url\":\"https:\\\/\\\/lasentinelle.dz\\\/\",\"logo\":{\"@type\":\"ImageObject\",\"inLanguage\":\"fr-FR\",\"@id\":\"https:\\\/\\\/lasentinelle.dz\\\/#\\\/schema\\\/logo\\\/image\\\/\",\"url\":\"https:\\\/\\\/lasentinelle.dz\\\/wp-content\\\/uploads\\\/2021\\\/09\\\/logo-sentinelleSLOGAN-1.png\",\"contentUrl\":\"https:\\\/\\\/lasentinelle.dz\\\/wp-content\\\/uploads\\\/2021\\\/09\\\/logo-sentinelleSLOGAN-1.png\",\"width\":615,\"height\":142,\"caption\":\"Quotidien La Sentinelle\"},\"image\":{\"@id\":\"https:\\\/\\\/lasentinelle.dz\\\/#\\\/schema\\\/logo\\\/image\\\/\"},\"sameAs\":[\"https:\\\/\\\/www.facebook.com\\\/La-Sentinelle-104059864394773\"]},{\"@type\":\"Person\",\"@id\":\"https:\\\/\\\/lasentinelle.dz\\\/#\\\/schema\\\/person\\\/e22c868643946ece5f328ac9d185b29f\",\"name\":\"Azzedine Belferag\",\"image\":{\"@type\":\"ImageObject\",\"inLanguage\":\"fr-FR\",\"@id\":\"https:\\\/\\\/secure.gravatar.com\\\/avatar\\\/767ecc3bfcf23cd6d0dae1705f124feb13a88fded1daa56498e4fb3aa3fc36a1?s=96&d=mm&r=g\",\"url\":\"https:\\\/\\\/secure.gravatar.com\\\/avatar\\\/767ecc3bfcf23cd6d0dae1705f124feb13a88fded1daa56498e4fb3aa3fc36a1?s=96&d=mm&r=g\",\"contentUrl\":\"https:\\\/\\\/secure.gravatar.com\\\/avatar\\\/767ecc3bfcf23cd6d0dae1705f124feb13a88fded1daa56498e4fb3aa3fc36a1?s=96&d=mm&r=g\",\"caption\":\"Azzedine Belferag\"},\"sameAs\":[\"http:\\\/\\\/www.lasentinelle.dz\"],\"url\":\"https:\\\/\\\/lasentinelle.dz\\\/author\\\/belferag\\\/\"}]}<\/script>\n<!-- \/ Yoast SEO plugin. -->","yoast_head_json":{"title":"Riadh Sidaoui, Directeur du Centre arabe des \u00e9tudes politiques et sociales de Gen\u00e8ve\u00a0: \u00ab\u00a0L\u2019Alg\u00e9rie s\u2019impose en tant que porte-parole des pays marginalis\u00e9s\u00a0\u00bb - La Sentinelle","robots":{"index":"index","follow":"follow","max-snippet":"max-snippet:-1","max-image-preview":"max-image-preview:large","max-video-preview":"max-video-preview:-1"},"canonical":"https:\/\/lasentinelle.dz\/index.php\/2023\/06\/07\/riadh-sidaoui-directeur-du-centre-arabe-des-etudes-politiques-et-sociales-de-geneve-lalgerie-simpose-en-tant-que-porte-parole-des-pays-marginalises\/","og_locale":"fr_FR","og_type":"article","og_title":"Riadh Sidaoui, Directeur du Centre arabe des \u00e9tudes politiques et sociales de Gen\u00e8ve\u00a0: \u00ab\u00a0L\u2019Alg\u00e9rie s\u2019impose en tant que porte-parole des pays marginalis\u00e9s\u00a0\u00bb - La Sentinelle","og_description":"Le Directeur du Centre arabe des \u00e9tudes politiques et sociales de Gen\u00e8ve, Riadh Sidaoui, s&rsquo;attend \u00e0 ce que l&rsquo;Alg\u00e9rie soit","og_url":"https:\/\/lasentinelle.dz\/index.php\/2023\/06\/07\/riadh-sidaoui-directeur-du-centre-arabe-des-etudes-politiques-et-sociales-de-geneve-lalgerie-simpose-en-tant-que-porte-parole-des-pays-marginalises\/","og_site_name":"La Sentinelle","article_publisher":"https:\/\/www.facebook.com\/La-Sentinelle-104059864394773","article_published_time":"2023-06-07T21:05:00+00:00","og_image":[{"width":1559,"height":900,"url":"https:\/\/lasentinelle.dz\/wp-content\/uploads\/2023\/06\/sidaoui2.png","type":"image\/png"}],"author":"Azzedine Belferag","twitter_card":"summary_large_image","twitter_misc":{"\u00c9crit par":"Azzedine Belferag","Dur\u00e9e de lecture estim\u00e9e":"3 minutes"},"schema":{"@context":"https:\/\/schema.org","@graph":[{"@type":"Article","@id":"https:\/\/lasentinelle.dz\/index.php\/2023\/06\/07\/riadh-sidaoui-directeur-du-centre-arabe-des-etudes-politiques-et-sociales-de-geneve-lalgerie-simpose-en-tant-que-porte-parole-des-pays-marginalises\/#article","isPartOf":{"@id":"https:\/\/lasentinelle.dz\/index.php\/2023\/06\/07\/riadh-sidaoui-directeur-du-centre-arabe-des-etudes-politiques-et-sociales-de-geneve-lalgerie-simpose-en-tant-que-porte-parole-des-pays-marginalises\/"},"author":{"name":"Azzedine Belferag","@id":"https:\/\/lasentinelle.dz\/#\/schema\/person\/e22c868643946ece5f328ac9d185b29f"},"headline":"Riadh Sidaoui, Directeur du Centre arabe des \u00e9tudes politiques et sociales de Gen\u00e8ve\u00a0: \u00ab\u00a0L\u2019Alg\u00e9rie s\u2019impose en tant que porte-parole des pays marginalis\u00e9s\u00a0\u00bb","datePublished":"2023-06-07T21:05:00+00:00","mainEntityOfPage":{"@id":"https:\/\/lasentinelle.dz\/index.php\/2023\/06\/07\/riadh-sidaoui-directeur-du-centre-arabe-des-etudes-politiques-et-sociales-de-geneve-lalgerie-simpose-en-tant-que-porte-parole-des-pays-marginalises\/"},"wordCount":703,"commentCount":0,"publisher":{"@id":"https:\/\/lasentinelle.dz\/#organization"},"image":{"@id":"https:\/\/lasentinelle.dz\/index.php\/2023\/06\/07\/riadh-sidaoui-directeur-du-centre-arabe-des-etudes-politiques-et-sociales-de-geneve-lalgerie-simpose-en-tant-que-porte-parole-des-pays-marginalises\/#primaryimage"},"thumbnailUrl":"https:\/\/lasentinelle.dz\/wp-content\/uploads\/2023\/06\/sidaoui2.png","articleSection":["Actualit\u00e9"],"inLanguage":"fr-FR","potentialAction":[{"@type":"CommentAction","name":"Comment","target":["https:\/\/lasentinelle.dz\/index.php\/2023\/06\/07\/riadh-sidaoui-directeur-du-centre-arabe-des-etudes-politiques-et-sociales-de-geneve-lalgerie-simpose-en-tant-que-porte-parole-des-pays-marginalises\/#respond"]}]},{"@type":"WebPage","@id":"https:\/\/lasentinelle.dz\/index.php\/2023\/06\/07\/riadh-sidaoui-directeur-du-centre-arabe-des-etudes-politiques-et-sociales-de-geneve-lalgerie-simpose-en-tant-que-porte-parole-des-pays-marginalises\/","url":"https:\/\/lasentinelle.dz\/index.php\/2023\/06\/07\/riadh-sidaoui-directeur-du-centre-arabe-des-etudes-politiques-et-sociales-de-geneve-lalgerie-simpose-en-tant-que-porte-parole-des-pays-marginalises\/","name":"Riadh Sidaoui, Directeur du Centre arabe des \u00e9tudes politiques et sociales de Gen\u00e8ve\u00a0: \u00ab\u00a0L\u2019Alg\u00e9rie s\u2019impose en tant que porte-parole des pays marginalis\u00e9s\u00a0\u00bb - La Sentinelle","isPartOf":{"@id":"https:\/\/lasentinelle.dz\/#website"},"primaryImageOfPage":{"@id":"https:\/\/lasentinelle.dz\/index.php\/2023\/06\/07\/riadh-sidaoui-directeur-du-centre-arabe-des-etudes-politiques-et-sociales-de-geneve-lalgerie-simpose-en-tant-que-porte-parole-des-pays-marginalises\/#primaryimage"},"image":{"@id":"https:\/\/lasentinelle.dz\/index.php\/2023\/06\/07\/riadh-sidaoui-directeur-du-centre-arabe-des-etudes-politiques-et-sociales-de-geneve-lalgerie-simpose-en-tant-que-porte-parole-des-pays-marginalises\/#primaryimage"},"thumbnailUrl":"https:\/\/lasentinelle.dz\/wp-content\/uploads\/2023\/06\/sidaoui2.png","datePublished":"2023-06-07T21:05:00+00:00","breadcrumb":{"@id":"https:\/\/lasentinelle.dz\/index.php\/2023\/06\/07\/riadh-sidaoui-directeur-du-centre-arabe-des-etudes-politiques-et-sociales-de-geneve-lalgerie-simpose-en-tant-que-porte-parole-des-pays-marginalises\/#breadcrumb"},"inLanguage":"fr-FR","potentialAction":[{"@type":"ReadAction","target":["https:\/\/lasentinelle.dz\/index.php\/2023\/06\/07\/riadh-sidaoui-directeur-du-centre-arabe-des-etudes-politiques-et-sociales-de-geneve-lalgerie-simpose-en-tant-que-porte-parole-des-pays-marginalises\/"]}]},{"@type":"ImageObject","inLanguage":"fr-FR","@id":"https:\/\/lasentinelle.dz\/index.php\/2023\/06\/07\/riadh-sidaoui-directeur-du-centre-arabe-des-etudes-politiques-et-sociales-de-geneve-lalgerie-simpose-en-tant-que-porte-parole-des-pays-marginalises\/#primaryimage","url":"https:\/\/lasentinelle.dz\/wp-content\/uploads\/2023\/06\/sidaoui2.png","contentUrl":"https:\/\/lasentinelle.dz\/wp-content\/uploads\/2023\/06\/sidaoui2.png","width":1559,"height":900},{"@type":"BreadcrumbList","@id":"https:\/\/lasentinelle.dz\/index.php\/2023\/06\/07\/riadh-sidaoui-directeur-du-centre-arabe-des-etudes-politiques-et-sociales-de-geneve-lalgerie-simpose-en-tant-que-porte-parole-des-pays-marginalises\/#breadcrumb","itemListElement":[{"@type":"ListItem","position":1,"name":"Accueil","item":"https:\/\/lasentinelle.dz\/"},{"@type":"ListItem","position":2,"name":"Riadh Sidaoui, Directeur du Centre arabe des \u00e9tudes politiques et sociales de Gen\u00e8ve\u00a0: \u00ab\u00a0L\u2019Alg\u00e9rie s\u2019impose en tant que porte-parole des pays marginalis\u00e9s\u00a0\u00bb"}]},{"@type":"WebSite","@id":"https:\/\/lasentinelle.dz\/#website","url":"https:\/\/lasentinelle.dz\/","name":"La Sentinelle","description":"Quotidien national d&#039;information","publisher":{"@id":"https:\/\/lasentinelle.dz\/#organization"},"potentialAction":[{"@type":"SearchAction","target":{"@type":"EntryPoint","urlTemplate":"https:\/\/lasentinelle.dz\/?s={search_term_string}"},"query-input":{"@type":"PropertyValueSpecification","valueRequired":true,"valueName":"search_term_string"}}],"inLanguage":"fr-FR"},{"@type":"Organization","@id":"https:\/\/lasentinelle.dz\/#organization","name":"Quotidien La Sentinelle","url":"https:\/\/lasentinelle.dz\/","logo":{"@type":"ImageObject","inLanguage":"fr-FR","@id":"https:\/\/lasentinelle.dz\/#\/schema\/logo\/image\/","url":"https:\/\/lasentinelle.dz\/wp-content\/uploads\/2021\/09\/logo-sentinelleSLOGAN-1.png","contentUrl":"https:\/\/lasentinelle.dz\/wp-content\/uploads\/2021\/09\/logo-sentinelleSLOGAN-1.png","width":615,"height":142,"caption":"Quotidien La Sentinelle"},"image":{"@id":"https:\/\/lasentinelle.dz\/#\/schema\/logo\/image\/"},"sameAs":["https:\/\/www.facebook.com\/La-Sentinelle-104059864394773"]},{"@type":"Person","@id":"https:\/\/lasentinelle.dz\/#\/schema\/person\/e22c868643946ece5f328ac9d185b29f","name":"Azzedine Belferag","image":{"@type":"ImageObject","inLanguage":"fr-FR","@id":"https:\/\/secure.gravatar.com\/avatar\/767ecc3bfcf23cd6d0dae1705f124feb13a88fded1daa56498e4fb3aa3fc36a1?s=96&d=mm&r=g","url":"https:\/\/secure.gravatar.com\/avatar\/767ecc3bfcf23cd6d0dae1705f124feb13a88fded1daa56498e4fb3aa3fc36a1?s=96&d=mm&r=g","contentUrl":"https:\/\/secure.gravatar.com\/avatar\/767ecc3bfcf23cd6d0dae1705f124feb13a88fded1daa56498e4fb3aa3fc36a1?s=96&d=mm&r=g","caption":"Azzedine Belferag"},"sameAs":["http:\/\/www.lasentinelle.dz"],"url":"https:\/\/lasentinelle.dz\/author\/belferag\/"}]}},"_links":{"self":[{"href":"https:\/\/lasentinelle.dz\/index.php\/wp-json\/wp\/v2\/posts\/42484","targetHints":{"allow":["GET"]}}],"collection":[{"href":"https:\/\/lasentinelle.dz\/index.php\/wp-json\/wp\/v2\/posts"}],"about":[{"href":"https:\/\/lasentinelle.dz\/index.php\/wp-json\/wp\/v2\/types\/post"}],"author":[{"embeddable":true,"href":"https:\/\/lasentinelle.dz\/index.php\/wp-json\/wp\/v2\/users\/2"}],"replies":[{"embeddable":true,"href":"https:\/\/lasentinelle.dz\/index.php\/wp-json\/wp\/v2\/comments?post=42484"}],"version-history":[{"count":1,"href":"https:\/\/lasentinelle.dz\/index.php\/wp-json\/wp\/v2\/posts\/42484\/revisions"}],"predecessor-version":[{"id":42489,"href":"https:\/\/lasentinelle.dz\/index.php\/wp-json\/wp\/v2\/posts\/42484\/revisions\/42489"}],"wp:featuredmedia":[{"embeddable":true,"href":"https:\/\/lasentinelle.dz\/index.php\/wp-json\/wp\/v2\/media\/42488"}],"wp:attachment":[{"href":"https:\/\/lasentinelle.dz\/index.php\/wp-json\/wp\/v2\/media?parent=42484"}],"wp:term":[{"taxonomy":"category","embeddable":true,"href":"https:\/\/lasentinelle.dz\/index.php\/wp-json\/wp\/v2\/categories?post=42484"},{"taxonomy":"post_tag","embeddable":true,"href":"https:\/\/lasentinelle.dz\/index.php\/wp-json\/wp\/v2\/tags?post=42484"}],"curies":[{"name":"wp","href":"https:\/\/api.w.org\/{rel}","templated":true}]}}