{"id":42485,"date":"2023-06-07T22:05:00","date_gmt":"2023-06-07T21:05:00","guid":{"rendered":"https:\/\/lasentinelle.dz\/?p=42485"},"modified":"2023-06-07T19:17:41","modified_gmt":"2023-06-07T18:17:41","slug":"de-nombreuses-reactions-a-lelection-de-lalgerie-au-conseil-de-securite-de-lonu-lalgerie-un-allie-de-taille-du-multilateralisme","status":"publish","type":"post","link":"https:\/\/lasentinelle.dz\/index.php\/2023\/06\/07\/de-nombreuses-reactions-a-lelection-de-lalgerie-au-conseil-de-securite-de-lonu-lalgerie-un-allie-de-taille-du-multilateralisme\/","title":{"rendered":"De nombreuses r\u00e9actions \u00e0 l\u2019\u00e9lection de l\u2019Alg\u00e9rie au Conseil de s\u00e9curit\u00e9 de l\u2019ONU\u00a0: L\u2019Alg\u00e9rie, un \u00ab\u00a0alli\u00e9 de taille\u00a0\u00bb du multilat\u00e9ralisme"},"content":{"rendered":"\n<p>L\u2019obtention par l\u2019Alg\u00e9rie d\u2019un si\u00e8ge non-permanent au Conseil de s\u00e9curit\u00e9 de l\u2019ONU \u00e0 l\u2019issue de son \u00e9lection mardi par l\u2019Assembl\u00e9e g\u00e9n\u00e9rale a suscit\u00e9 de nombreuses r\u00e9actions, tant au niveau national qu\u2019international. Une \u00e9lection qui confirme d\u2019ailleurs le r\u00f4le majeur jou\u00e9e par l\u2019Alg\u00e9rie sur la sc\u00e8ne internationale et le cr\u00e9dit dont elle b\u00e9n\u00e9ficie gr\u00e2ce \u00e0 des positions fermes et constantes aux c\u00f4t\u00e9s des causes justes, du respect du droit international et du multilat\u00e9ralisme. Dans ce sens, le diplomate argentin, Alejandro Alvarez, Coordonnateur r\u00e9sident des Nations-unies en Alg\u00e9rie, a adress\u00e9 ses \u00ab&nbsp;f\u00e9licitations \u00e0 l\u2019Alg\u00e9rie pour son \u00e9lection en tant que membre du Conseil de s\u00e9curit\u00e9 des Nations unies pour la p\u00e9riode 2024-2025&nbsp;\u00bb. \u00ab&nbsp;Le multilat\u00e9ralisme gagne un alli\u00e9 de taille \u00bb, a-t-il soulign\u00e9.<\/p>\n\n\n\n<p>R\u00e9agissant \u00e0 cette \u00e9lection, le pr\u00e9sident du Parlement arabe, Adel Benabderrahmane Al-Assoumi, a f\u00e9licit\u00e9 le Pr\u00e9sident, le Gouvernement, le peuple et le Parlement alg\u00e9riens estimant que son \u00e9lection constitue un \u00ab apport qualitatif \u00e0 la diplomatie arabe et une cons\u00e9cration de la place de l&rsquo;Alg\u00e9rie au niveau international \u00bb.<\/p>\n\n\n\n<p>\u00ab Cette \u00e9lection refl\u00e8te la place de l&rsquo;Alg\u00e9rie au niveau arabe et international \u00bb, conclut Al-Assoumi qui a estim\u00e9 que \u00ab cette victoire est m\u00e9rit\u00e9e \u00bb. Le diplomate s&rsquo;est dit confiant que \u00ab l&rsquo;Alg\u00e9rie sera une voix forte pour soutenir toutes les causes arabes au Conseil de s\u00e9curit\u00e9 \u00bb exprimant par la m\u00eame occasion la reconnaissance du Parlement arabe aux efforts inlassables de l&rsquo;Alg\u00e9rie sous la direction du pr\u00e9sident de la R\u00e9publique, M. Abdelmadjid Tebboune, pour d\u00e9fendre les causes arabes et prot\u00e9ger les int\u00e9r\u00eats des peuples arabes.<\/p>\n\n\n\n<p>Pour sa part, le Pr\u00e9sident de l&rsquo;Etat de Palestine, Mahmoud Abbas a f\u00e9licit\u00e9 le pr\u00e9sident de la R\u00e9publique, M. Abdelmadjid Tebboune pour cette \u00e9lection estimant qu\u2019elle est \u00ab\u00a0amplement m\u00e9rit\u00e9e\u00a0\u00bb, d'\u00a0\u00bbexploit historique qui confirme son poids \u00e0 l&rsquo;international et sa direction judicieuse\u00a0\u00bb. Dans un message adress\u00e9 \u00e0 son fr\u00e8re M. Abdelmadjid Tebboune, le Pr\u00e9sident Abbas a fait part de ses \u00ab\u00a0plus vives f\u00e9licitations suite \u00e0 l&rsquo;\u00e9lection, avec une \u00e9crasante majorit\u00e9 des voix, de l&rsquo;Alg\u00e9rie, pays fr\u00e8re, membre du Conseil de s\u00e9curit\u00e9 des Nations Unies pour un mandat de deux ans \u00e0 compter du 1er janvier 2024\u00a0\u00bb. \u00ab\u00a0Amplement m\u00e9rit\u00e9e, cette \u00e9lection, un nouvel exploit historique dans votre parcours riche en r\u00e9alisations, confirme le poids de l&rsquo;Alg\u00e9rie \u00e0 l&rsquo;international et sa direction judicieuse\u00a0\u00bb, ajoute le Pr\u00e9sident palestinien. C&rsquo;est \u00e9galement une confirmation, poursuit M. Abbas, du r\u00f4le cardinal du pr\u00e9sident de la R\u00e9publique, M. Abdelmadjid Tebboune \u00e0 travers sa politique ext\u00e9rieure \u00ab\u00a0qui jouit de l&rsquo;estime et de la consid\u00e9ration des Etats du monde, au regard de sa grande importance dans le renforcement de la paix et la s\u00e9curit\u00e9 internationales, en sus de votre r\u00f4le important aux niveaux national, arabe et r\u00e9gional\u00a0\u00bb, conclut le Pr\u00e9sident palestinien.<\/p>\n\n\n\n<p>Notons que plusieurs partis politiques et organisations nationales ont salu\u00e9, hier, l&rsquo;\u00e9lection de l&rsquo;Alg\u00e9rie en tant que membre non permanent au Conseil de s\u00e9curit\u00e9 de l&rsquo;ONU,. Dans ce cadre, le parti du Front de lib\u00e9ration nationale (FLN) a salu\u00e9 cette grande r\u00e9ussite qui traduit, selon lui, \u00ab\u00a0la reconnaissance du r\u00f4le pivot de l&rsquo;Alg\u00e9rie sur les plans r\u00e9gional et international, et le respect et l&rsquo;estime dont jouit le pr\u00e9sident de la R\u00e9publique aupr\u00e8s de la communaut\u00e9 internationale\u00a0\u00bb. De son c\u00f4t\u00e9, le Rassemblement national d\u00e9mocratique (RND) s&rsquo;est f\u00e9licit\u00e9 de cette victoire diplomatique qui, dira-t-il, \u00ab\u00a0profite \u00e0 l&rsquo;Afrique et au monde arabo-musulman en mati\u00e8re de d\u00e9fense des questions et des pr\u00e9occupations de la r\u00e9gion, en focalisant les efforts internationaux sur le renforcement de la coop\u00e9ration, la diffusion de la paix et de la s\u00e9curit\u00e9, et la poursuite de la lutte contre le terrorisme\u00a0\u00bb. La m\u00eame formation politique a appel\u00e9, \u00e0 ce propos, l&rsquo;ensemble des forces politiques et communautaires du pays \u00e0 \u00ab\u00a0s&rsquo;unir autour des institutions de l&rsquo;Etat et des orientations de leur politique \u00e9trang\u00e8re, afin de pr\u00e9server les acquis diplomatiques et faire entendre la voix de l&rsquo;Alg\u00e9rie dans les fora internationaux\u00a0\u00bb. Pour sa part, le Mouvement El-Bina a estim\u00e9 que cette importante r\u00e9alisation \u00ab\u00a0renforce le bilan diplomatique de l&rsquo;Alg\u00e9rie et pr\u00e9pare le terrain \u00e0 d&rsquo;autres r\u00e9ussites au niveaux r\u00e9gional et international, \u00e0 m\u00eame de consacrer son droit de jouer des r\u00f4les plus importants sur le nouvel \u00e9chiquier international\u00a0\u00bb.<\/p>\n\n\n\n<p>De son c\u00f4t\u00e9, le Mouvement de la Soci\u00e9t\u00e9 pour la Paix (MSP), s&rsquo;est f\u00e9licit\u00e9 de cette r\u00e9alisation qui \u00ab\u00a0renforce la position de la diplomatie alg\u00e9rienne au niveau r\u00e9gional et international, et affirme son r\u00f4le dans le monde arabo-musulman et en Afrique\u00a0\u00bb. Le MSP a consid\u00e9r\u00e9 l&rsquo;\u00e9lection de l&rsquo;Alg\u00e9rie comme membre non permanent au Conseil de S\u00e9curit\u00e9 pour un mandat de deux ans \u00ab\u00a0une importante occasion pour la diplomatie alg\u00e9rienne de d\u00e9fendre les causes justes dans le monde, en t\u00eate desquelles la cause palestinienne et sahraoui, et continuer \u00e0 \u0153uvrer pour \u00e9tablir la paix et la s\u00e9curit\u00e9\u00a0\u00bb. De son c\u00f4t\u00e9, le Mouvement Ennahda a \u00ab\u00a0favorablement accueilli cet exploit historique qui met en avant la place de l&rsquo;Alg\u00e9rie aux plans r\u00e9gional et international\u00a0\u00bb, consid\u00e9rant que cette \u00e9lection s&rsquo;inscrivait dans \u00ab\u00a0la continuit\u00e9 de son r\u00f4le dans l&rsquo;instauration de la paix et de la s\u00e9curit\u00e9 dans le monde et son soutien aux causes justes, notamment la fin de l&rsquo;occupation de la Palestine et la d\u00e9colonisation au Sahara Occidental\u00a0\u00bb. L&rsquo;Alg\u00e9rie a \u00e9t\u00e9 \u00e9lue mardi \u00e0 New York par l&rsquo;Assembl\u00e9e g\u00e9n\u00e9rale de l&rsquo;ONU, pour la quatri\u00e8me fois de son histoire, comme membre non permanent au Conseil de s\u00e9curit\u00e9 pour la p\u00e9riode 2024-2025. Elle entamera son mandat le 1er janvier 2024 et exercera ses fonctions jusqu&rsquo;au 31 d\u00e9cembre 2025. L&rsquo;Alg\u00e9rie a occup\u00e9 un si\u00e8ge non permanent au Conseil de s\u00e9curit\u00e9, pour les mandats de 1968-1969, 1988-1989 et 2004-2005.<\/p>\n\n\n\n<p><strong>Chokri Hafed<\/strong><\/p>\n","protected":false},"excerpt":{"rendered":"<p>L\u2019obtention par l\u2019Alg\u00e9rie d\u2019un si\u00e8ge non-permanent au Conseil de s\u00e9curit\u00e9 de l\u2019ONU \u00e0 l\u2019issue de son \u00e9lection mardi par l\u2019Assembl\u00e9e<\/p>\n","protected":false},"author":3,"featured_media":42418,"comment_status":"open","ping_status":"closed","sticky":false,"template":"","format":"standard","meta":{"colormag_page_container_layout":"default_layout","colormag_page_sidebar_layout":"default_layout","om_disable_all_campaigns":false,"_monsterinsights_skip_tracking":false,"_monsterinsights_sitenote_active":false,"_monsterinsights_sitenote_note":"","_monsterinsights_sitenote_category":0,"footnotes":"","_wpscppro_dont_share_socialmedia":false,"_wpscppro_custom_social_share_image":0,"_facebook_share_type":"","_twitter_share_type":"","_linkedin_share_type":"","_pinterest_share_type":"","_linkedin_share_type_page":"","_instagram_share_type":"","_medium_share_type":"","_threads_share_type":"","_google_business_share_type":"","_selected_social_profile":[],"_wpsp_enable_custom_social_template":false,"_wpsp_social_scheduling":{"enabled":false,"datetime":null,"platforms":[],"status":"template_only","dateOption":"today","timeOption":"now","customDays":"","customHours":"","customDate":"","customTime":"","schedulingType":"absolute"},"_wpsp_active_default_template":true},"categories":[27],"tags":[],"class_list":["post-42485","post","type-post","status-publish","format-standard","has-post-thumbnail","hentry","category-actualite"],"aioseo_notices":[],"yoast_head":"<!-- This site is optimized with the Yoast SEO plugin v27.5 - https:\/\/yoast.com\/product\/yoast-seo-wordpress\/ -->\n<title>De nombreuses r\u00e9actions \u00e0 l\u2019\u00e9lection de l\u2019Alg\u00e9rie au Conseil de s\u00e9curit\u00e9 de l\u2019ONU\u00a0: L\u2019Alg\u00e9rie, un \u00ab\u00a0alli\u00e9 de taille\u00a0\u00bb du multilat\u00e9ralisme - La Sentinelle<\/title>\n<meta name=\"robots\" content=\"index, follow, max-snippet:-1, max-image-preview:large, max-video-preview:-1\" \/>\n<link rel=\"canonical\" href=\"https:\/\/lasentinelle.dz\/index.php\/2023\/06\/07\/de-nombreuses-reactions-a-lelection-de-lalgerie-au-conseil-de-securite-de-lonu-lalgerie-un-allie-de-taille-du-multilateralisme\/\" \/>\n<meta property=\"og:locale\" content=\"fr_FR\" \/>\n<meta property=\"og:type\" content=\"article\" \/>\n<meta property=\"og:title\" content=\"De nombreuses r\u00e9actions \u00e0 l\u2019\u00e9lection de l\u2019Alg\u00e9rie au Conseil de s\u00e9curit\u00e9 de l\u2019ONU\u00a0: L\u2019Alg\u00e9rie, un \u00ab\u00a0alli\u00e9 de taille\u00a0\u00bb du multilat\u00e9ralisme - La Sentinelle\" \/>\n<meta property=\"og:description\" content=\"L\u2019obtention par l\u2019Alg\u00e9rie d\u2019un si\u00e8ge non-permanent au Conseil de s\u00e9curit\u00e9 de l\u2019ONU \u00e0 l\u2019issue de son \u00e9lection mardi par l\u2019Assembl\u00e9e\" \/>\n<meta property=\"og:url\" content=\"https:\/\/lasentinelle.dz\/index.php\/2023\/06\/07\/de-nombreuses-reactions-a-lelection-de-lalgerie-au-conseil-de-securite-de-lonu-lalgerie-un-allie-de-taille-du-multilateralisme\/\" \/>\n<meta property=\"og:site_name\" content=\"La Sentinelle\" \/>\n<meta property=\"article:publisher\" content=\"https:\/\/www.facebook.com\/La-Sentinelle-104059864394773\" \/>\n<meta property=\"article:published_time\" content=\"2023-06-07T21:05:00+00:00\" \/>\n<meta property=\"og:image\" content=\"https:\/\/lasentinelle.dz\/wp-content\/uploads\/2023\/06\/nsie.png\" \/>\n\t<meta property=\"og:image:width\" content=\"1427\" \/>\n\t<meta property=\"og:image:height\" content=\"900\" \/>\n\t<meta property=\"og:image:type\" content=\"image\/png\" \/>\n<meta name=\"author\" content=\"La Sentinelle\" \/>\n<meta name=\"twitter:card\" content=\"summary_large_image\" \/>\n<meta name=\"twitter:label1\" content=\"\u00c9crit par\" \/>\n\t<meta name=\"twitter:data1\" content=\"La Sentinelle\" \/>\n\t<meta name=\"twitter:label2\" content=\"Dur\u00e9e de lecture estim\u00e9e\" \/>\n\t<meta name=\"twitter:data2\" content=\"5 minutes\" \/>\n<script type=\"application\/ld+json\" class=\"yoast-schema-graph\">{\"@context\":\"https:\\\/\\\/schema.org\",\"@graph\":[{\"@type\":\"Article\",\"@id\":\"https:\\\/\\\/lasentinelle.dz\\\/index.php\\\/2023\\\/06\\\/07\\\/de-nombreuses-reactions-a-lelection-de-lalgerie-au-conseil-de-securite-de-lonu-lalgerie-un-allie-de-taille-du-multilateralisme\\\/#article\",\"isPartOf\":{\"@id\":\"https:\\\/\\\/lasentinelle.dz\\\/index.php\\\/2023\\\/06\\\/07\\\/de-nombreuses-reactions-a-lelection-de-lalgerie-au-conseil-de-securite-de-lonu-lalgerie-un-allie-de-taille-du-multilateralisme\\\/\"},\"author\":{\"name\":\"La Sentinelle\",\"@id\":\"https:\\\/\\\/lasentinelle.dz\\\/#\\\/schema\\\/person\\\/d865044e22e70a75174ce8bcad3acfb3\"},\"headline\":\"De nombreuses r\u00e9actions \u00e0 l\u2019\u00e9lection de l\u2019Alg\u00e9rie au Conseil de s\u00e9curit\u00e9 de l\u2019ONU\u00a0: L\u2019Alg\u00e9rie, un \u00ab\u00a0alli\u00e9 de taille\u00a0\u00bb du multilat\u00e9ralisme\",\"datePublished\":\"2023-06-07T21:05:00+00:00\",\"mainEntityOfPage\":{\"@id\":\"https:\\\/\\\/lasentinelle.dz\\\/index.php\\\/2023\\\/06\\\/07\\\/de-nombreuses-reactions-a-lelection-de-lalgerie-au-conseil-de-securite-de-lonu-lalgerie-un-allie-de-taille-du-multilateralisme\\\/\"},\"wordCount\":1099,\"commentCount\":0,\"publisher\":{\"@id\":\"https:\\\/\\\/lasentinelle.dz\\\/#organization\"},\"image\":{\"@id\":\"https:\\\/\\\/lasentinelle.dz\\\/index.php\\\/2023\\\/06\\\/07\\\/de-nombreuses-reactions-a-lelection-de-lalgerie-au-conseil-de-securite-de-lonu-lalgerie-un-allie-de-taille-du-multilateralisme\\\/#primaryimage\"},\"thumbnailUrl\":\"https:\\\/\\\/lasentinelle.dz\\\/wp-content\\\/uploads\\\/2023\\\/06\\\/nsie.png\",\"articleSection\":[\"Actualit\u00e9\"],\"inLanguage\":\"fr-FR\",\"potentialAction\":[{\"@type\":\"CommentAction\",\"name\":\"Comment\",\"target\":[\"https:\\\/\\\/lasentinelle.dz\\\/index.php\\\/2023\\\/06\\\/07\\\/de-nombreuses-reactions-a-lelection-de-lalgerie-au-conseil-de-securite-de-lonu-lalgerie-un-allie-de-taille-du-multilateralisme\\\/#respond\"]}]},{\"@type\":\"WebPage\",\"@id\":\"https:\\\/\\\/lasentinelle.dz\\\/index.php\\\/2023\\\/06\\\/07\\\/de-nombreuses-reactions-a-lelection-de-lalgerie-au-conseil-de-securite-de-lonu-lalgerie-un-allie-de-taille-du-multilateralisme\\\/\",\"url\":\"https:\\\/\\\/lasentinelle.dz\\\/index.php\\\/2023\\\/06\\\/07\\\/de-nombreuses-reactions-a-lelection-de-lalgerie-au-conseil-de-securite-de-lonu-lalgerie-un-allie-de-taille-du-multilateralisme\\\/\",\"name\":\"De nombreuses r\u00e9actions \u00e0 l\u2019\u00e9lection de l\u2019Alg\u00e9rie au Conseil de s\u00e9curit\u00e9 de l\u2019ONU\u00a0: L\u2019Alg\u00e9rie, un \u00ab\u00a0alli\u00e9 de taille\u00a0\u00bb du multilat\u00e9ralisme - La Sentinelle\",\"isPartOf\":{\"@id\":\"https:\\\/\\\/lasentinelle.dz\\\/#website\"},\"primaryImageOfPage\":{\"@id\":\"https:\\\/\\\/lasentinelle.dz\\\/index.php\\\/2023\\\/06\\\/07\\\/de-nombreuses-reactions-a-lelection-de-lalgerie-au-conseil-de-securite-de-lonu-lalgerie-un-allie-de-taille-du-multilateralisme\\\/#primaryimage\"},\"image\":{\"@id\":\"https:\\\/\\\/lasentinelle.dz\\\/index.php\\\/2023\\\/06\\\/07\\\/de-nombreuses-reactions-a-lelection-de-lalgerie-au-conseil-de-securite-de-lonu-lalgerie-un-allie-de-taille-du-multilateralisme\\\/#primaryimage\"},\"thumbnailUrl\":\"https:\\\/\\\/lasentinelle.dz\\\/wp-content\\\/uploads\\\/2023\\\/06\\\/nsie.png\",\"datePublished\":\"2023-06-07T21:05:00+00:00\",\"breadcrumb\":{\"@id\":\"https:\\\/\\\/lasentinelle.dz\\\/index.php\\\/2023\\\/06\\\/07\\\/de-nombreuses-reactions-a-lelection-de-lalgerie-au-conseil-de-securite-de-lonu-lalgerie-un-allie-de-taille-du-multilateralisme\\\/#breadcrumb\"},\"inLanguage\":\"fr-FR\",\"potentialAction\":[{\"@type\":\"ReadAction\",\"target\":[\"https:\\\/\\\/lasentinelle.dz\\\/index.php\\\/2023\\\/06\\\/07\\\/de-nombreuses-reactions-a-lelection-de-lalgerie-au-conseil-de-securite-de-lonu-lalgerie-un-allie-de-taille-du-multilateralisme\\\/\"]}]},{\"@type\":\"ImageObject\",\"inLanguage\":\"fr-FR\",\"@id\":\"https:\\\/\\\/lasentinelle.dz\\\/index.php\\\/2023\\\/06\\\/07\\\/de-nombreuses-reactions-a-lelection-de-lalgerie-au-conseil-de-securite-de-lonu-lalgerie-un-allie-de-taille-du-multilateralisme\\\/#primaryimage\",\"url\":\"https:\\\/\\\/lasentinelle.dz\\\/wp-content\\\/uploads\\\/2023\\\/06\\\/nsie.png\",\"contentUrl\":\"https:\\\/\\\/lasentinelle.dz\\\/wp-content\\\/uploads\\\/2023\\\/06\\\/nsie.png\",\"width\":1427,\"height\":900},{\"@type\":\"BreadcrumbList\",\"@id\":\"https:\\\/\\\/lasentinelle.dz\\\/index.php\\\/2023\\\/06\\\/07\\\/de-nombreuses-reactions-a-lelection-de-lalgerie-au-conseil-de-securite-de-lonu-lalgerie-un-allie-de-taille-du-multilateralisme\\\/#breadcrumb\",\"itemListElement\":[{\"@type\":\"ListItem\",\"position\":1,\"name\":\"Accueil\",\"item\":\"https:\\\/\\\/lasentinelle.dz\\\/\"},{\"@type\":\"ListItem\",\"position\":2,\"name\":\"De nombreuses r\u00e9actions \u00e0 l\u2019\u00e9lection de l\u2019Alg\u00e9rie au Conseil de s\u00e9curit\u00e9 de l\u2019ONU\u00a0: L\u2019Alg\u00e9rie, un \u00ab\u00a0alli\u00e9 de taille\u00a0\u00bb du multilat\u00e9ralisme\"}]},{\"@type\":\"WebSite\",\"@id\":\"https:\\\/\\\/lasentinelle.dz\\\/#website\",\"url\":\"https:\\\/\\\/lasentinelle.dz\\\/\",\"name\":\"La Sentinelle\",\"description\":\"Quotidien national d&#039;information\",\"publisher\":{\"@id\":\"https:\\\/\\\/lasentinelle.dz\\\/#organization\"},\"potentialAction\":[{\"@type\":\"SearchAction\",\"target\":{\"@type\":\"EntryPoint\",\"urlTemplate\":\"https:\\\/\\\/lasentinelle.dz\\\/?s={search_term_string}\"},\"query-input\":{\"@type\":\"PropertyValueSpecification\",\"valueRequired\":true,\"valueName\":\"search_term_string\"}}],\"inLanguage\":\"fr-FR\"},{\"@type\":\"Organization\",\"@id\":\"https:\\\/\\\/lasentinelle.dz\\\/#organization\",\"name\":\"Quotidien La Sentinelle\",\"url\":\"https:\\\/\\\/lasentinelle.dz\\\/\",\"logo\":{\"@type\":\"ImageObject\",\"inLanguage\":\"fr-FR\",\"@id\":\"https:\\\/\\\/lasentinelle.dz\\\/#\\\/schema\\\/logo\\\/image\\\/\",\"url\":\"https:\\\/\\\/lasentinelle.dz\\\/wp-content\\\/uploads\\\/2021\\\/09\\\/logo-sentinelleSLOGAN-1.png\",\"contentUrl\":\"https:\\\/\\\/lasentinelle.dz\\\/wp-content\\\/uploads\\\/2021\\\/09\\\/logo-sentinelleSLOGAN-1.png\",\"width\":615,\"height\":142,\"caption\":\"Quotidien La Sentinelle\"},\"image\":{\"@id\":\"https:\\\/\\\/lasentinelle.dz\\\/#\\\/schema\\\/logo\\\/image\\\/\"},\"sameAs\":[\"https:\\\/\\\/www.facebook.com\\\/La-Sentinelle-104059864394773\"]},{\"@type\":\"Person\",\"@id\":\"https:\\\/\\\/lasentinelle.dz\\\/#\\\/schema\\\/person\\\/d865044e22e70a75174ce8bcad3acfb3\",\"name\":\"La Sentinelle\",\"image\":{\"@type\":\"ImageObject\",\"inLanguage\":\"fr-FR\",\"@id\":\"https:\\\/\\\/secure.gravatar.com\\\/avatar\\\/57de8e5d4b15d43fb361a71fbb36338450fe67865b528a43dd10ef7c51a20392?s=96&d=mm&r=g\",\"url\":\"https:\\\/\\\/secure.gravatar.com\\\/avatar\\\/57de8e5d4b15d43fb361a71fbb36338450fe67865b528a43dd10ef7c51a20392?s=96&d=mm&r=g\",\"contentUrl\":\"https:\\\/\\\/secure.gravatar.com\\\/avatar\\\/57de8e5d4b15d43fb361a71fbb36338450fe67865b528a43dd10ef7c51a20392?s=96&d=mm&r=g\",\"caption\":\"La Sentinelle\"},\"sameAs\":[\"http:\\\/\\\/www.lasentinelle.dz\"],\"url\":\"https:\\\/\\\/lasentinelle.dz\\\/author\\\/redaction\\\/\"}]}<\/script>\n<!-- \/ Yoast SEO plugin. -->","yoast_head_json":{"title":"De nombreuses r\u00e9actions \u00e0 l\u2019\u00e9lection de l\u2019Alg\u00e9rie au Conseil de s\u00e9curit\u00e9 de l\u2019ONU\u00a0: L\u2019Alg\u00e9rie, un \u00ab\u00a0alli\u00e9 de taille\u00a0\u00bb du multilat\u00e9ralisme - La Sentinelle","robots":{"index":"index","follow":"follow","max-snippet":"max-snippet:-1","max-image-preview":"max-image-preview:large","max-video-preview":"max-video-preview:-1"},"canonical":"https:\/\/lasentinelle.dz\/index.php\/2023\/06\/07\/de-nombreuses-reactions-a-lelection-de-lalgerie-au-conseil-de-securite-de-lonu-lalgerie-un-allie-de-taille-du-multilateralisme\/","og_locale":"fr_FR","og_type":"article","og_title":"De nombreuses r\u00e9actions \u00e0 l\u2019\u00e9lection de l\u2019Alg\u00e9rie au Conseil de s\u00e9curit\u00e9 de l\u2019ONU\u00a0: L\u2019Alg\u00e9rie, un \u00ab\u00a0alli\u00e9 de taille\u00a0\u00bb du multilat\u00e9ralisme - La Sentinelle","og_description":"L\u2019obtention par l\u2019Alg\u00e9rie d\u2019un si\u00e8ge non-permanent au Conseil de s\u00e9curit\u00e9 de l\u2019ONU \u00e0 l\u2019issue de son \u00e9lection mardi par l\u2019Assembl\u00e9e","og_url":"https:\/\/lasentinelle.dz\/index.php\/2023\/06\/07\/de-nombreuses-reactions-a-lelection-de-lalgerie-au-conseil-de-securite-de-lonu-lalgerie-un-allie-de-taille-du-multilateralisme\/","og_site_name":"La Sentinelle","article_publisher":"https:\/\/www.facebook.com\/La-Sentinelle-104059864394773","article_published_time":"2023-06-07T21:05:00+00:00","og_image":[{"width":1427,"height":900,"url":"https:\/\/lasentinelle.dz\/wp-content\/uploads\/2023\/06\/nsie.png","type":"image\/png"}],"author":"La Sentinelle","twitter_card":"summary_large_image","twitter_misc":{"\u00c9crit par":"La Sentinelle","Dur\u00e9e de lecture estim\u00e9e":"5 minutes"},"schema":{"@context":"https:\/\/schema.org","@graph":[{"@type":"Article","@id":"https:\/\/lasentinelle.dz\/index.php\/2023\/06\/07\/de-nombreuses-reactions-a-lelection-de-lalgerie-au-conseil-de-securite-de-lonu-lalgerie-un-allie-de-taille-du-multilateralisme\/#article","isPartOf":{"@id":"https:\/\/lasentinelle.dz\/index.php\/2023\/06\/07\/de-nombreuses-reactions-a-lelection-de-lalgerie-au-conseil-de-securite-de-lonu-lalgerie-un-allie-de-taille-du-multilateralisme\/"},"author":{"name":"La Sentinelle","@id":"https:\/\/lasentinelle.dz\/#\/schema\/person\/d865044e22e70a75174ce8bcad3acfb3"},"headline":"De nombreuses r\u00e9actions \u00e0 l\u2019\u00e9lection de l\u2019Alg\u00e9rie au Conseil de s\u00e9curit\u00e9 de l\u2019ONU\u00a0: L\u2019Alg\u00e9rie, un \u00ab\u00a0alli\u00e9 de taille\u00a0\u00bb du multilat\u00e9ralisme","datePublished":"2023-06-07T21:05:00+00:00","mainEntityOfPage":{"@id":"https:\/\/lasentinelle.dz\/index.php\/2023\/06\/07\/de-nombreuses-reactions-a-lelection-de-lalgerie-au-conseil-de-securite-de-lonu-lalgerie-un-allie-de-taille-du-multilateralisme\/"},"wordCount":1099,"commentCount":0,"publisher":{"@id":"https:\/\/lasentinelle.dz\/#organization"},"image":{"@id":"https:\/\/lasentinelle.dz\/index.php\/2023\/06\/07\/de-nombreuses-reactions-a-lelection-de-lalgerie-au-conseil-de-securite-de-lonu-lalgerie-un-allie-de-taille-du-multilateralisme\/#primaryimage"},"thumbnailUrl":"https:\/\/lasentinelle.dz\/wp-content\/uploads\/2023\/06\/nsie.png","articleSection":["Actualit\u00e9"],"inLanguage":"fr-FR","potentialAction":[{"@type":"CommentAction","name":"Comment","target":["https:\/\/lasentinelle.dz\/index.php\/2023\/06\/07\/de-nombreuses-reactions-a-lelection-de-lalgerie-au-conseil-de-securite-de-lonu-lalgerie-un-allie-de-taille-du-multilateralisme\/#respond"]}]},{"@type":"WebPage","@id":"https:\/\/lasentinelle.dz\/index.php\/2023\/06\/07\/de-nombreuses-reactions-a-lelection-de-lalgerie-au-conseil-de-securite-de-lonu-lalgerie-un-allie-de-taille-du-multilateralisme\/","url":"https:\/\/lasentinelle.dz\/index.php\/2023\/06\/07\/de-nombreuses-reactions-a-lelection-de-lalgerie-au-conseil-de-securite-de-lonu-lalgerie-un-allie-de-taille-du-multilateralisme\/","name":"De nombreuses r\u00e9actions \u00e0 l\u2019\u00e9lection de l\u2019Alg\u00e9rie au Conseil de s\u00e9curit\u00e9 de l\u2019ONU\u00a0: L\u2019Alg\u00e9rie, un \u00ab\u00a0alli\u00e9 de taille\u00a0\u00bb du multilat\u00e9ralisme - La Sentinelle","isPartOf":{"@id":"https:\/\/lasentinelle.dz\/#website"},"primaryImageOfPage":{"@id":"https:\/\/lasentinelle.dz\/index.php\/2023\/06\/07\/de-nombreuses-reactions-a-lelection-de-lalgerie-au-conseil-de-securite-de-lonu-lalgerie-un-allie-de-taille-du-multilateralisme\/#primaryimage"},"image":{"@id":"https:\/\/lasentinelle.dz\/index.php\/2023\/06\/07\/de-nombreuses-reactions-a-lelection-de-lalgerie-au-conseil-de-securite-de-lonu-lalgerie-un-allie-de-taille-du-multilateralisme\/#primaryimage"},"thumbnailUrl":"https:\/\/lasentinelle.dz\/wp-content\/uploads\/2023\/06\/nsie.png","datePublished":"2023-06-07T21:05:00+00:00","breadcrumb":{"@id":"https:\/\/lasentinelle.dz\/index.php\/2023\/06\/07\/de-nombreuses-reactions-a-lelection-de-lalgerie-au-conseil-de-securite-de-lonu-lalgerie-un-allie-de-taille-du-multilateralisme\/#breadcrumb"},"inLanguage":"fr-FR","potentialAction":[{"@type":"ReadAction","target":["https:\/\/lasentinelle.dz\/index.php\/2023\/06\/07\/de-nombreuses-reactions-a-lelection-de-lalgerie-au-conseil-de-securite-de-lonu-lalgerie-un-allie-de-taille-du-multilateralisme\/"]}]},{"@type":"ImageObject","inLanguage":"fr-FR","@id":"https:\/\/lasentinelle.dz\/index.php\/2023\/06\/07\/de-nombreuses-reactions-a-lelection-de-lalgerie-au-conseil-de-securite-de-lonu-lalgerie-un-allie-de-taille-du-multilateralisme\/#primaryimage","url":"https:\/\/lasentinelle.dz\/wp-content\/uploads\/2023\/06\/nsie.png","contentUrl":"https:\/\/lasentinelle.dz\/wp-content\/uploads\/2023\/06\/nsie.png","width":1427,"height":900},{"@type":"BreadcrumbList","@id":"https:\/\/lasentinelle.dz\/index.php\/2023\/06\/07\/de-nombreuses-reactions-a-lelection-de-lalgerie-au-conseil-de-securite-de-lonu-lalgerie-un-allie-de-taille-du-multilateralisme\/#breadcrumb","itemListElement":[{"@type":"ListItem","position":1,"name":"Accueil","item":"https:\/\/lasentinelle.dz\/"},{"@type":"ListItem","position":2,"name":"De nombreuses r\u00e9actions \u00e0 l\u2019\u00e9lection de l\u2019Alg\u00e9rie au Conseil de s\u00e9curit\u00e9 de l\u2019ONU\u00a0: L\u2019Alg\u00e9rie, un \u00ab\u00a0alli\u00e9 de taille\u00a0\u00bb du multilat\u00e9ralisme"}]},{"@type":"WebSite","@id":"https:\/\/lasentinelle.dz\/#website","url":"https:\/\/lasentinelle.dz\/","name":"La Sentinelle","description":"Quotidien national d&#039;information","publisher":{"@id":"https:\/\/lasentinelle.dz\/#organization"},"potentialAction":[{"@type":"SearchAction","target":{"@type":"EntryPoint","urlTemplate":"https:\/\/lasentinelle.dz\/?s={search_term_string}"},"query-input":{"@type":"PropertyValueSpecification","valueRequired":true,"valueName":"search_term_string"}}],"inLanguage":"fr-FR"},{"@type":"Organization","@id":"https:\/\/lasentinelle.dz\/#organization","name":"Quotidien La Sentinelle","url":"https:\/\/lasentinelle.dz\/","logo":{"@type":"ImageObject","inLanguage":"fr-FR","@id":"https:\/\/lasentinelle.dz\/#\/schema\/logo\/image\/","url":"https:\/\/lasentinelle.dz\/wp-content\/uploads\/2021\/09\/logo-sentinelleSLOGAN-1.png","contentUrl":"https:\/\/lasentinelle.dz\/wp-content\/uploads\/2021\/09\/logo-sentinelleSLOGAN-1.png","width":615,"height":142,"caption":"Quotidien La Sentinelle"},"image":{"@id":"https:\/\/lasentinelle.dz\/#\/schema\/logo\/image\/"},"sameAs":["https:\/\/www.facebook.com\/La-Sentinelle-104059864394773"]},{"@type":"Person","@id":"https:\/\/lasentinelle.dz\/#\/schema\/person\/d865044e22e70a75174ce8bcad3acfb3","name":"La Sentinelle","image":{"@type":"ImageObject","inLanguage":"fr-FR","@id":"https:\/\/secure.gravatar.com\/avatar\/57de8e5d4b15d43fb361a71fbb36338450fe67865b528a43dd10ef7c51a20392?s=96&d=mm&r=g","url":"https:\/\/secure.gravatar.com\/avatar\/57de8e5d4b15d43fb361a71fbb36338450fe67865b528a43dd10ef7c51a20392?s=96&d=mm&r=g","contentUrl":"https:\/\/secure.gravatar.com\/avatar\/57de8e5d4b15d43fb361a71fbb36338450fe67865b528a43dd10ef7c51a20392?s=96&d=mm&r=g","caption":"La Sentinelle"},"sameAs":["http:\/\/www.lasentinelle.dz"],"url":"https:\/\/lasentinelle.dz\/author\/redaction\/"}]}},"_links":{"self":[{"href":"https:\/\/lasentinelle.dz\/index.php\/wp-json\/wp\/v2\/posts\/42485","targetHints":{"allow":["GET"]}}],"collection":[{"href":"https:\/\/lasentinelle.dz\/index.php\/wp-json\/wp\/v2\/posts"}],"about":[{"href":"https:\/\/lasentinelle.dz\/index.php\/wp-json\/wp\/v2\/types\/post"}],"author":[{"embeddable":true,"href":"https:\/\/lasentinelle.dz\/index.php\/wp-json\/wp\/v2\/users\/3"}],"replies":[{"embeddable":true,"href":"https:\/\/lasentinelle.dz\/index.php\/wp-json\/wp\/v2\/comments?post=42485"}],"version-history":[{"count":1,"href":"https:\/\/lasentinelle.dz\/index.php\/wp-json\/wp\/v2\/posts\/42485\/revisions"}],"predecessor-version":[{"id":42490,"href":"https:\/\/lasentinelle.dz\/index.php\/wp-json\/wp\/v2\/posts\/42485\/revisions\/42490"}],"wp:featuredmedia":[{"embeddable":true,"href":"https:\/\/lasentinelle.dz\/index.php\/wp-json\/wp\/v2\/media\/42418"}],"wp:attachment":[{"href":"https:\/\/lasentinelle.dz\/index.php\/wp-json\/wp\/v2\/media?parent=42485"}],"wp:term":[{"taxonomy":"category","embeddable":true,"href":"https:\/\/lasentinelle.dz\/index.php\/wp-json\/wp\/v2\/categories?post=42485"},{"taxonomy":"post_tag","embeddable":true,"href":"https:\/\/lasentinelle.dz\/index.php\/wp-json\/wp\/v2\/tags?post=42485"}],"curies":[{"name":"wp","href":"https:\/\/api.w.org\/{rel}","templated":true}]}}