{"id":42559,"date":"2023-06-10T22:39:11","date_gmt":"2023-06-10T21:39:11","guid":{"rendered":"https:\/\/lasentinelle.dz\/?p=42559"},"modified":"2023-06-10T22:39:14","modified_gmt":"2023-06-10T21:39:14","slug":"lalgerie-au-coeur-de-la-transition-energetique","status":"publish","type":"post","link":"https:\/\/lasentinelle.dz\/index.php\/2023\/06\/10\/lalgerie-au-coeur-de-la-transition-energetique\/","title":{"rendered":"L\u2019Alg\u00e9rie au c\u0153ur de la transition \u00e9nerg\u00e9tique"},"content":{"rendered":"\n<p><strong>Un gazoduc pour transporter l\u2019hydrog\u00e8ne vert vers l\u2019Europe<\/strong><\/p>\n\n\n\n<p>L\u2019Alg\u00e9rie est en passe de s\u2019imposer comme l\u2019un des acteurs majeurs de la transition \u00e9nerg\u00e9tique sur le march\u00e9 europ\u00e9en. Gr\u00e2ce \u00e0 son r\u00e9servoir in\u00e9gal\u00e9 en mati\u00e8re d\u2019\u00e9nergie renouvelable et une orientation des politiques de transition vers le d\u00e9veloppement de l\u2019hydrog\u00e8ne vert, l\u2019Alg\u00e9rie est susceptible de devenir le principal fournisseur de cette \u00e9nergie du futur. Une \u00e9nergie qui sera achemin\u00e9e vers le c\u0153ur de l\u2019Europe, \u00e0 travers l\u2019Italie.<\/p>\n\n\n\n<p>Le rapprochement entre l\u2019Alg\u00e9rie et l\u2019Italie permettra \u00e0 cette derni\u00e8re de devenir un hub \u00e9nerg\u00e9tique europ\u00e9en. Et cela ne concerne pas seulement le gaz, mais aussi et surtout l\u2019hydrog\u00e8ne vert. C\u2019est dans ce contexte qu\u2019un accord tripartite entre l\u2019Italie, l\u2019Autriche et l\u2019Allemagne concernant va permettre la r\u00e9alisation d\u2019un pipeline pour le transport d\u2019hydrog\u00e8ne vert, \u00e0 partir d\u2019Afrique du Nord, autrement dit d\u2019Alg\u00e9rie, vers le c\u0153ur de l\u2019Europe. Le projet d\u00e9nomm\u00e9 SoutH2 Corridor commence d\u2019ailleurs \u00e0 prendre forme et b\u00e9n\u00e9ficie d\u2019un soutien politique au plus haut niveau, d\u2019autant plus qu\u2019il s\u2019inscrit dans le cadre du plan Mattei promu par la pr\u00e9sidente du Conseil des ministres italien, Giorgia Meloni. Le projet a d\u2019ailleurs \u00e9t\u00e9 au c\u0153ur d\u2019entretiens, jeudi, entre la dirigeante italienne et le chancelier allemand Olaf Scholz. \u00ab\u00a0Sur le plan \u00e9nerg\u00e9tique, nous sommes d&rsquo;accord sur l&rsquo;importance d&rsquo;assurer la diversification de nos sources d&rsquo;approvisionnement et de travailler sur la connexion des infrastructures, en particulier en M\u00e9diterran\u00e9e\u00a0\u00bb, a d\u00e9clar\u00e9 Meloni \u00e0 l\u2019occasion. Le gazoduc doit permettre de transporter 4 millions de tonnes par an d&rsquo;hydrog\u00e8ne vert sur 3.300 Km entre l\u2019Afrique du Nord et l\u2019Europe centrale. Il est d\u2019ailleurs consid\u00e9r\u00e9 comme un projet strat\u00e9gique en cours d\u2019examen par l\u2019Union europ\u00e9enne. Au mois de mai dernier, l&rsquo;Italie, l&rsquo;Allemagne et l&rsquo;Autriche ont sign\u00e9 une lettre de soutien pour le d\u00e9veloppement de ce projet men\u00e9 par quatre grands op\u00e9rateurs europ\u00e9ens de r\u00e9seaux de transport : Snam (SRG.MI), Trans Austria Gasleitung, Gas Connect Austria et Bayernets en Allemagne. Sea Corridor, une coentreprise entre Snam et le groupe \u00e9nerg\u00e9tique italien Eni (ENI.MI) qui \u00e9galement partie du consortium charg\u00e9 de construire l&rsquo;infrastructure, appel\u00e9e SoutH2 Corridor.<\/p>\n\n\n\n<p>Eni a d\u2019ailleurs sign\u00e9 avec la Sonatrach au mois de janvier dernier un protocole d\u2019accord portant sur l\u2019examen de la pose d&rsquo;un nouveau gazoduc pour transporter du gaz naturel et alternativement de l&rsquo;hydrog\u00e8ne et de l&rsquo;ammoniac bleu et vert. L\u2019Alg\u00e9rie et l\u2019Italie sont \u00e9galement reli\u00e9es par un gazoduc d\u2019une capacit\u00e9 de transport de 30 milliards de m3\/ an.<\/p>\n\n\n\n<p>Il est clair que le nouveau pipe prendra son origine en Alg\u00e9rie. Les partenaires du projet soulignent que l\u2019initiative se concentre sur l\u2019utilisation d\u2019infrastructures existantes r\u00e9am\u00e9nag\u00e9es (environ 70% pr\u00e9vus) pour le transport de l\u2019hydrog\u00e8ne, avec l\u2019ajout de nouvelles infrastructures d\u00e9di\u00e9es si n\u00e9cessaire.<\/p>\n\n\n\n<p>Ce projet rev\u00eat une grande importance dans la transition \u00e9nerg\u00e9tique en favorisant l\u2019utilisation de l\u2019hydrog\u00e8ne renouvelable comme alternative aux \u00e9nergies fossiles. L\u2019hydrog\u00e8ne est consid\u00e9r\u00e9 comme une source d\u2019\u00e9nergie propre et durable, et ce gazoduc facilitera son acheminement depuis l\u2019Alg\u00e9rie vers l\u2019Europe, o\u00f9 la demande d\u2019hydrog\u00e8ne est en croissance constante. L\u2019Alg\u00e9rie mise d\u2019ailleurs sur un vaste plan de d\u00e9veloppement de l\u2019hydrog\u00e8ne pour s\u2019imposer rapidement comme principal acteur du march\u00e9.&nbsp; En mars dernier, le minist\u00e8re de l\u2019Energie et des Mines avait annonc\u00e9 une feuille de route pour le d\u00e9veloppement de l\u2019hydrog\u00e8ne. Selon la m\u00eame source, cette feuille de route vise \u00e0 faire de l\u2019Alg\u00e9rie un pays pionnier au niveau r\u00e9gional et international dans la production et la commercialisation de cette nouvelle \u00e9nergie. Le d\u00e9partement de l\u2019Energie avait pr\u00e9cis\u00e9 que \u00ab l\u2019Alg\u00e9rie entend tirer profit de ses capacit\u00e9s techniques et de ses avantages concurrentiels pour produire et exporter entre 30 et 40 milliards kilowatts d\u2019hydrog\u00e8ne gazeux, liqu\u00e9fi\u00e9s et d\u00e9riv\u00e9s, et \u00e0 approvisionner le march\u00e9 europ\u00e9en \u00e0 pr\u00e8s de 10 % de ses besoins d\u2019ici 2040 \u00e0 des prix de vente tr\u00e8s concurrentiels \u00bb.<\/p>\n\n\n\n<p>Au-del\u00e0 des opportunit\u00e9s qui s\u2019ouvrent en Europe gr\u00e2ce \u00e0 la r\u00e9alisation de ces nouvelles infrastructures, l\u2019Alg\u00e9rie brasse large et mise aussi sur le d\u00e9veloppement du GNL vert. Sonatrach pr\u00e9voit d\u2019ailleurs de mobiliser un investissement d\u2019un milliard de dollars dans cet objectif dans le cadre de son plan de d\u00e9veloppement \u00e0 moyen terme.<\/p>\n\n\n\n<p><strong>Samira Ghrib<\/strong><\/p>\n","protected":false},"excerpt":{"rendered":"<p>Un gazoduc pour transporter l\u2019hydrog\u00e8ne vert vers l\u2019Europe L\u2019Alg\u00e9rie est en passe de s\u2019imposer comme l\u2019un des acteurs majeurs de<\/p>\n","protected":false},"author":3,"featured_media":42560,"comment_status":"open","ping_status":"closed","sticky":false,"template":"","format":"standard","meta":{"colormag_page_container_layout":"default_layout","colormag_page_sidebar_layout":"default_layout","om_disable_all_campaigns":false,"_monsterinsights_skip_tracking":false,"_monsterinsights_sitenote_active":false,"_monsterinsights_sitenote_note":"","_monsterinsights_sitenote_category":0,"footnotes":"","_wpscppro_dont_share_socialmedia":false,"_wpscppro_custom_social_share_image":0,"_facebook_share_type":"","_twitter_share_type":"","_linkedin_share_type":"","_pinterest_share_type":"","_linkedin_share_type_page":"","_instagram_share_type":"","_medium_share_type":"","_threads_share_type":"","_google_business_share_type":"","_selected_social_profile":[],"_wpsp_enable_custom_social_template":false,"_wpsp_social_scheduling":{"enabled":false,"datetime":null,"platforms":[],"status":"template_only","dateOption":"today","timeOption":"now","customDays":"","customHours":"","customDate":"","customTime":"","schedulingType":"absolute"},"_wpsp_active_default_template":true},"categories":[52,29],"tags":[],"class_list":["post-42559","post","type-post","status-publish","format-standard","has-post-thumbnail","hentry","category-a-la-une","category-economie"],"aioseo_notices":[],"yoast_head":"<!-- This site is optimized with the Yoast SEO plugin v27.5 - https:\/\/yoast.com\/product\/yoast-seo-wordpress\/ -->\n<title>L\u2019Alg\u00e9rie au c\u0153ur de la transition \u00e9nerg\u00e9tique - La Sentinelle<\/title>\n<meta name=\"robots\" content=\"index, follow, max-snippet:-1, max-image-preview:large, max-video-preview:-1\" \/>\n<link rel=\"canonical\" href=\"https:\/\/lasentinelle.dz\/index.php\/2023\/06\/10\/lalgerie-au-coeur-de-la-transition-energetique\/\" \/>\n<meta property=\"og:locale\" content=\"fr_FR\" \/>\n<meta property=\"og:type\" content=\"article\" \/>\n<meta property=\"og:title\" content=\"L\u2019Alg\u00e9rie au c\u0153ur de la transition \u00e9nerg\u00e9tique - La Sentinelle\" \/>\n<meta property=\"og:description\" content=\"Un gazoduc pour transporter l\u2019hydrog\u00e8ne vert vers l\u2019Europe L\u2019Alg\u00e9rie est en passe de s\u2019imposer comme l\u2019un des acteurs majeurs de\" \/>\n<meta property=\"og:url\" content=\"https:\/\/lasentinelle.dz\/index.php\/2023\/06\/10\/lalgerie-au-coeur-de-la-transition-energetique\/\" \/>\n<meta property=\"og:site_name\" content=\"La Sentinelle\" \/>\n<meta property=\"article:publisher\" content=\"https:\/\/www.facebook.com\/La-Sentinelle-104059864394773\" \/>\n<meta property=\"article:published_time\" content=\"2023-06-10T21:39:11+00:00\" \/>\n<meta property=\"article:modified_time\" content=\"2023-06-10T21:39:14+00:00\" \/>\n<meta property=\"og:image\" content=\"https:\/\/lasentinelle.dz\/wp-content\/uploads\/2023\/06\/hydrogene.jpeg\" \/>\n\t<meta property=\"og:image:width\" content=\"700\" \/>\n\t<meta property=\"og:image:height\" content=\"392\" \/>\n\t<meta property=\"og:image:type\" content=\"image\/jpeg\" \/>\n<meta name=\"author\" content=\"La Sentinelle\" \/>\n<meta name=\"twitter:card\" content=\"summary_large_image\" \/>\n<meta name=\"twitter:label1\" content=\"\u00c9crit par\" \/>\n\t<meta name=\"twitter:data1\" content=\"La Sentinelle\" \/>\n\t<meta name=\"twitter:label2\" content=\"Dur\u00e9e de lecture estim\u00e9e\" \/>\n\t<meta name=\"twitter:data2\" content=\"4 minutes\" \/>\n<script type=\"application\/ld+json\" class=\"yoast-schema-graph\">{\"@context\":\"https:\\\/\\\/schema.org\",\"@graph\":[{\"@type\":\"Article\",\"@id\":\"https:\\\/\\\/lasentinelle.dz\\\/index.php\\\/2023\\\/06\\\/10\\\/lalgerie-au-coeur-de-la-transition-energetique\\\/#article\",\"isPartOf\":{\"@id\":\"https:\\\/\\\/lasentinelle.dz\\\/index.php\\\/2023\\\/06\\\/10\\\/lalgerie-au-coeur-de-la-transition-energetique\\\/\"},\"author\":{\"name\":\"La Sentinelle\",\"@id\":\"https:\\\/\\\/lasentinelle.dz\\\/#\\\/schema\\\/person\\\/d865044e22e70a75174ce8bcad3acfb3\"},\"headline\":\"L\u2019Alg\u00e9rie au c\u0153ur de la transition \u00e9nerg\u00e9tique\",\"datePublished\":\"2023-06-10T21:39:11+00:00\",\"dateModified\":\"2023-06-10T21:39:14+00:00\",\"mainEntityOfPage\":{\"@id\":\"https:\\\/\\\/lasentinelle.dz\\\/index.php\\\/2023\\\/06\\\/10\\\/lalgerie-au-coeur-de-la-transition-energetique\\\/\"},\"wordCount\":834,\"commentCount\":0,\"publisher\":{\"@id\":\"https:\\\/\\\/lasentinelle.dz\\\/#organization\"},\"image\":{\"@id\":\"https:\\\/\\\/lasentinelle.dz\\\/index.php\\\/2023\\\/06\\\/10\\\/lalgerie-au-coeur-de-la-transition-energetique\\\/#primaryimage\"},\"thumbnailUrl\":\"https:\\\/\\\/lasentinelle.dz\\\/wp-content\\\/uploads\\\/2023\\\/06\\\/hydrogene.jpeg\",\"articleSection\":[\"\u00c0 la Une\",\"\u00c9conomie\"],\"inLanguage\":\"fr-FR\",\"potentialAction\":[{\"@type\":\"CommentAction\",\"name\":\"Comment\",\"target\":[\"https:\\\/\\\/lasentinelle.dz\\\/index.php\\\/2023\\\/06\\\/10\\\/lalgerie-au-coeur-de-la-transition-energetique\\\/#respond\"]}]},{\"@type\":\"WebPage\",\"@id\":\"https:\\\/\\\/lasentinelle.dz\\\/index.php\\\/2023\\\/06\\\/10\\\/lalgerie-au-coeur-de-la-transition-energetique\\\/\",\"url\":\"https:\\\/\\\/lasentinelle.dz\\\/index.php\\\/2023\\\/06\\\/10\\\/lalgerie-au-coeur-de-la-transition-energetique\\\/\",\"name\":\"L\u2019Alg\u00e9rie au c\u0153ur de la transition \u00e9nerg\u00e9tique - La Sentinelle\",\"isPartOf\":{\"@id\":\"https:\\\/\\\/lasentinelle.dz\\\/#website\"},\"primaryImageOfPage\":{\"@id\":\"https:\\\/\\\/lasentinelle.dz\\\/index.php\\\/2023\\\/06\\\/10\\\/lalgerie-au-coeur-de-la-transition-energetique\\\/#primaryimage\"},\"image\":{\"@id\":\"https:\\\/\\\/lasentinelle.dz\\\/index.php\\\/2023\\\/06\\\/10\\\/lalgerie-au-coeur-de-la-transition-energetique\\\/#primaryimage\"},\"thumbnailUrl\":\"https:\\\/\\\/lasentinelle.dz\\\/wp-content\\\/uploads\\\/2023\\\/06\\\/hydrogene.jpeg\",\"datePublished\":\"2023-06-10T21:39:11+00:00\",\"dateModified\":\"2023-06-10T21:39:14+00:00\",\"breadcrumb\":{\"@id\":\"https:\\\/\\\/lasentinelle.dz\\\/index.php\\\/2023\\\/06\\\/10\\\/lalgerie-au-coeur-de-la-transition-energetique\\\/#breadcrumb\"},\"inLanguage\":\"fr-FR\",\"potentialAction\":[{\"@type\":\"ReadAction\",\"target\":[\"https:\\\/\\\/lasentinelle.dz\\\/index.php\\\/2023\\\/06\\\/10\\\/lalgerie-au-coeur-de-la-transition-energetique\\\/\"]}]},{\"@type\":\"ImageObject\",\"inLanguage\":\"fr-FR\",\"@id\":\"https:\\\/\\\/lasentinelle.dz\\\/index.php\\\/2023\\\/06\\\/10\\\/lalgerie-au-coeur-de-la-transition-energetique\\\/#primaryimage\",\"url\":\"https:\\\/\\\/lasentinelle.dz\\\/wp-content\\\/uploads\\\/2023\\\/06\\\/hydrogene.jpeg\",\"contentUrl\":\"https:\\\/\\\/lasentinelle.dz\\\/wp-content\\\/uploads\\\/2023\\\/06\\\/hydrogene.jpeg\",\"width\":700,\"height\":392},{\"@type\":\"BreadcrumbList\",\"@id\":\"https:\\\/\\\/lasentinelle.dz\\\/index.php\\\/2023\\\/06\\\/10\\\/lalgerie-au-coeur-de-la-transition-energetique\\\/#breadcrumb\",\"itemListElement\":[{\"@type\":\"ListItem\",\"position\":1,\"name\":\"Accueil\",\"item\":\"https:\\\/\\\/lasentinelle.dz\\\/\"},{\"@type\":\"ListItem\",\"position\":2,\"name\":\"L\u2019Alg\u00e9rie au c\u0153ur de la transition \u00e9nerg\u00e9tique\"}]},{\"@type\":\"WebSite\",\"@id\":\"https:\\\/\\\/lasentinelle.dz\\\/#website\",\"url\":\"https:\\\/\\\/lasentinelle.dz\\\/\",\"name\":\"La Sentinelle\",\"description\":\"Quotidien national d&#039;information\",\"publisher\":{\"@id\":\"https:\\\/\\\/lasentinelle.dz\\\/#organization\"},\"potentialAction\":[{\"@type\":\"SearchAction\",\"target\":{\"@type\":\"EntryPoint\",\"urlTemplate\":\"https:\\\/\\\/lasentinelle.dz\\\/?s={search_term_string}\"},\"query-input\":{\"@type\":\"PropertyValueSpecification\",\"valueRequired\":true,\"valueName\":\"search_term_string\"}}],\"inLanguage\":\"fr-FR\"},{\"@type\":\"Organization\",\"@id\":\"https:\\\/\\\/lasentinelle.dz\\\/#organization\",\"name\":\"Quotidien La Sentinelle\",\"url\":\"https:\\\/\\\/lasentinelle.dz\\\/\",\"logo\":{\"@type\":\"ImageObject\",\"inLanguage\":\"fr-FR\",\"@id\":\"https:\\\/\\\/lasentinelle.dz\\\/#\\\/schema\\\/logo\\\/image\\\/\",\"url\":\"https:\\\/\\\/lasentinelle.dz\\\/wp-content\\\/uploads\\\/2021\\\/09\\\/logo-sentinelleSLOGAN-1.png\",\"contentUrl\":\"https:\\\/\\\/lasentinelle.dz\\\/wp-content\\\/uploads\\\/2021\\\/09\\\/logo-sentinelleSLOGAN-1.png\",\"width\":615,\"height\":142,\"caption\":\"Quotidien La Sentinelle\"},\"image\":{\"@id\":\"https:\\\/\\\/lasentinelle.dz\\\/#\\\/schema\\\/logo\\\/image\\\/\"},\"sameAs\":[\"https:\\\/\\\/www.facebook.com\\\/La-Sentinelle-104059864394773\"]},{\"@type\":\"Person\",\"@id\":\"https:\\\/\\\/lasentinelle.dz\\\/#\\\/schema\\\/person\\\/d865044e22e70a75174ce8bcad3acfb3\",\"name\":\"La Sentinelle\",\"image\":{\"@type\":\"ImageObject\",\"inLanguage\":\"fr-FR\",\"@id\":\"https:\\\/\\\/secure.gravatar.com\\\/avatar\\\/57de8e5d4b15d43fb361a71fbb36338450fe67865b528a43dd10ef7c51a20392?s=96&d=mm&r=g\",\"url\":\"https:\\\/\\\/secure.gravatar.com\\\/avatar\\\/57de8e5d4b15d43fb361a71fbb36338450fe67865b528a43dd10ef7c51a20392?s=96&d=mm&r=g\",\"contentUrl\":\"https:\\\/\\\/secure.gravatar.com\\\/avatar\\\/57de8e5d4b15d43fb361a71fbb36338450fe67865b528a43dd10ef7c51a20392?s=96&d=mm&r=g\",\"caption\":\"La Sentinelle\"},\"sameAs\":[\"http:\\\/\\\/www.lasentinelle.dz\"],\"url\":\"https:\\\/\\\/lasentinelle.dz\\\/author\\\/redaction\\\/\"}]}<\/script>\n<!-- \/ Yoast SEO plugin. -->","yoast_head_json":{"title":"L\u2019Alg\u00e9rie au c\u0153ur de la transition \u00e9nerg\u00e9tique - La Sentinelle","robots":{"index":"index","follow":"follow","max-snippet":"max-snippet:-1","max-image-preview":"max-image-preview:large","max-video-preview":"max-video-preview:-1"},"canonical":"https:\/\/lasentinelle.dz\/index.php\/2023\/06\/10\/lalgerie-au-coeur-de-la-transition-energetique\/","og_locale":"fr_FR","og_type":"article","og_title":"L\u2019Alg\u00e9rie au c\u0153ur de la transition \u00e9nerg\u00e9tique - La Sentinelle","og_description":"Un gazoduc pour transporter l\u2019hydrog\u00e8ne vert vers l\u2019Europe L\u2019Alg\u00e9rie est en passe de s\u2019imposer comme l\u2019un des acteurs majeurs de","og_url":"https:\/\/lasentinelle.dz\/index.php\/2023\/06\/10\/lalgerie-au-coeur-de-la-transition-energetique\/","og_site_name":"La Sentinelle","article_publisher":"https:\/\/www.facebook.com\/La-Sentinelle-104059864394773","article_published_time":"2023-06-10T21:39:11+00:00","article_modified_time":"2023-06-10T21:39:14+00:00","og_image":[{"width":700,"height":392,"url":"https:\/\/lasentinelle.dz\/wp-content\/uploads\/2023\/06\/hydrogene.jpeg","type":"image\/jpeg"}],"author":"La Sentinelle","twitter_card":"summary_large_image","twitter_misc":{"\u00c9crit par":"La Sentinelle","Dur\u00e9e de lecture estim\u00e9e":"4 minutes"},"schema":{"@context":"https:\/\/schema.org","@graph":[{"@type":"Article","@id":"https:\/\/lasentinelle.dz\/index.php\/2023\/06\/10\/lalgerie-au-coeur-de-la-transition-energetique\/#article","isPartOf":{"@id":"https:\/\/lasentinelle.dz\/index.php\/2023\/06\/10\/lalgerie-au-coeur-de-la-transition-energetique\/"},"author":{"name":"La Sentinelle","@id":"https:\/\/lasentinelle.dz\/#\/schema\/person\/d865044e22e70a75174ce8bcad3acfb3"},"headline":"L\u2019Alg\u00e9rie au c\u0153ur de la transition \u00e9nerg\u00e9tique","datePublished":"2023-06-10T21:39:11+00:00","dateModified":"2023-06-10T21:39:14+00:00","mainEntityOfPage":{"@id":"https:\/\/lasentinelle.dz\/index.php\/2023\/06\/10\/lalgerie-au-coeur-de-la-transition-energetique\/"},"wordCount":834,"commentCount":0,"publisher":{"@id":"https:\/\/lasentinelle.dz\/#organization"},"image":{"@id":"https:\/\/lasentinelle.dz\/index.php\/2023\/06\/10\/lalgerie-au-coeur-de-la-transition-energetique\/#primaryimage"},"thumbnailUrl":"https:\/\/lasentinelle.dz\/wp-content\/uploads\/2023\/06\/hydrogene.jpeg","articleSection":["\u00c0 la Une","\u00c9conomie"],"inLanguage":"fr-FR","potentialAction":[{"@type":"CommentAction","name":"Comment","target":["https:\/\/lasentinelle.dz\/index.php\/2023\/06\/10\/lalgerie-au-coeur-de-la-transition-energetique\/#respond"]}]},{"@type":"WebPage","@id":"https:\/\/lasentinelle.dz\/index.php\/2023\/06\/10\/lalgerie-au-coeur-de-la-transition-energetique\/","url":"https:\/\/lasentinelle.dz\/index.php\/2023\/06\/10\/lalgerie-au-coeur-de-la-transition-energetique\/","name":"L\u2019Alg\u00e9rie au c\u0153ur de la transition \u00e9nerg\u00e9tique - La Sentinelle","isPartOf":{"@id":"https:\/\/lasentinelle.dz\/#website"},"primaryImageOfPage":{"@id":"https:\/\/lasentinelle.dz\/index.php\/2023\/06\/10\/lalgerie-au-coeur-de-la-transition-energetique\/#primaryimage"},"image":{"@id":"https:\/\/lasentinelle.dz\/index.php\/2023\/06\/10\/lalgerie-au-coeur-de-la-transition-energetique\/#primaryimage"},"thumbnailUrl":"https:\/\/lasentinelle.dz\/wp-content\/uploads\/2023\/06\/hydrogene.jpeg","datePublished":"2023-06-10T21:39:11+00:00","dateModified":"2023-06-10T21:39:14+00:00","breadcrumb":{"@id":"https:\/\/lasentinelle.dz\/index.php\/2023\/06\/10\/lalgerie-au-coeur-de-la-transition-energetique\/#breadcrumb"},"inLanguage":"fr-FR","potentialAction":[{"@type":"ReadAction","target":["https:\/\/lasentinelle.dz\/index.php\/2023\/06\/10\/lalgerie-au-coeur-de-la-transition-energetique\/"]}]},{"@type":"ImageObject","inLanguage":"fr-FR","@id":"https:\/\/lasentinelle.dz\/index.php\/2023\/06\/10\/lalgerie-au-coeur-de-la-transition-energetique\/#primaryimage","url":"https:\/\/lasentinelle.dz\/wp-content\/uploads\/2023\/06\/hydrogene.jpeg","contentUrl":"https:\/\/lasentinelle.dz\/wp-content\/uploads\/2023\/06\/hydrogene.jpeg","width":700,"height":392},{"@type":"BreadcrumbList","@id":"https:\/\/lasentinelle.dz\/index.php\/2023\/06\/10\/lalgerie-au-coeur-de-la-transition-energetique\/#breadcrumb","itemListElement":[{"@type":"ListItem","position":1,"name":"Accueil","item":"https:\/\/lasentinelle.dz\/"},{"@type":"ListItem","position":2,"name":"L\u2019Alg\u00e9rie au c\u0153ur de la transition \u00e9nerg\u00e9tique"}]},{"@type":"WebSite","@id":"https:\/\/lasentinelle.dz\/#website","url":"https:\/\/lasentinelle.dz\/","name":"La Sentinelle","description":"Quotidien national d&#039;information","publisher":{"@id":"https:\/\/lasentinelle.dz\/#organization"},"potentialAction":[{"@type":"SearchAction","target":{"@type":"EntryPoint","urlTemplate":"https:\/\/lasentinelle.dz\/?s={search_term_string}"},"query-input":{"@type":"PropertyValueSpecification","valueRequired":true,"valueName":"search_term_string"}}],"inLanguage":"fr-FR"},{"@type":"Organization","@id":"https:\/\/lasentinelle.dz\/#organization","name":"Quotidien La Sentinelle","url":"https:\/\/lasentinelle.dz\/","logo":{"@type":"ImageObject","inLanguage":"fr-FR","@id":"https:\/\/lasentinelle.dz\/#\/schema\/logo\/image\/","url":"https:\/\/lasentinelle.dz\/wp-content\/uploads\/2021\/09\/logo-sentinelleSLOGAN-1.png","contentUrl":"https:\/\/lasentinelle.dz\/wp-content\/uploads\/2021\/09\/logo-sentinelleSLOGAN-1.png","width":615,"height":142,"caption":"Quotidien La Sentinelle"},"image":{"@id":"https:\/\/lasentinelle.dz\/#\/schema\/logo\/image\/"},"sameAs":["https:\/\/www.facebook.com\/La-Sentinelle-104059864394773"]},{"@type":"Person","@id":"https:\/\/lasentinelle.dz\/#\/schema\/person\/d865044e22e70a75174ce8bcad3acfb3","name":"La Sentinelle","image":{"@type":"ImageObject","inLanguage":"fr-FR","@id":"https:\/\/secure.gravatar.com\/avatar\/57de8e5d4b15d43fb361a71fbb36338450fe67865b528a43dd10ef7c51a20392?s=96&d=mm&r=g","url":"https:\/\/secure.gravatar.com\/avatar\/57de8e5d4b15d43fb361a71fbb36338450fe67865b528a43dd10ef7c51a20392?s=96&d=mm&r=g","contentUrl":"https:\/\/secure.gravatar.com\/avatar\/57de8e5d4b15d43fb361a71fbb36338450fe67865b528a43dd10ef7c51a20392?s=96&d=mm&r=g","caption":"La Sentinelle"},"sameAs":["http:\/\/www.lasentinelle.dz"],"url":"https:\/\/lasentinelle.dz\/author\/redaction\/"}]}},"_links":{"self":[{"href":"https:\/\/lasentinelle.dz\/index.php\/wp-json\/wp\/v2\/posts\/42559","targetHints":{"allow":["GET"]}}],"collection":[{"href":"https:\/\/lasentinelle.dz\/index.php\/wp-json\/wp\/v2\/posts"}],"about":[{"href":"https:\/\/lasentinelle.dz\/index.php\/wp-json\/wp\/v2\/types\/post"}],"author":[{"embeddable":true,"href":"https:\/\/lasentinelle.dz\/index.php\/wp-json\/wp\/v2\/users\/3"}],"replies":[{"embeddable":true,"href":"https:\/\/lasentinelle.dz\/index.php\/wp-json\/wp\/v2\/comments?post=42559"}],"version-history":[{"count":1,"href":"https:\/\/lasentinelle.dz\/index.php\/wp-json\/wp\/v2\/posts\/42559\/revisions"}],"predecessor-version":[{"id":42561,"href":"https:\/\/lasentinelle.dz\/index.php\/wp-json\/wp\/v2\/posts\/42559\/revisions\/42561"}],"wp:featuredmedia":[{"embeddable":true,"href":"https:\/\/lasentinelle.dz\/index.php\/wp-json\/wp\/v2\/media\/42560"}],"wp:attachment":[{"href":"https:\/\/lasentinelle.dz\/index.php\/wp-json\/wp\/v2\/media?parent=42559"}],"wp:term":[{"taxonomy":"category","embeddable":true,"href":"https:\/\/lasentinelle.dz\/index.php\/wp-json\/wp\/v2\/categories?post=42559"},{"taxonomy":"post_tag","embeddable":true,"href":"https:\/\/lasentinelle.dz\/index.php\/wp-json\/wp\/v2\/tags?post=42559"}],"curies":[{"name":"wp","href":"https:\/\/api.w.org\/{rel}","templated":true}]}}