{"id":42588,"date":"2023-06-11T22:33:59","date_gmt":"2023-06-11T21:33:59","guid":{"rendered":"https:\/\/lasentinelle.dz\/?p=42588"},"modified":"2023-06-11T22:34:00","modified_gmt":"2023-06-11T21:34:00","slug":"170-contrats-conclus-entre-producteurs-et-transformateurs-a-guelma","status":"publish","type":"post","link":"https:\/\/lasentinelle.dz\/index.php\/2023\/06\/11\/170-contrats-conclus-entre-producteurs-et-transformateurs-a-guelma\/","title":{"rendered":"170 contrats conclus entre producteurs et transformateurs \u00e0 Guelma"},"content":{"rendered":"\n<p>En d\u00e9pit des faibles pr\u00e9cipitations pluviom\u00e9triques, la wilaya de Guelma reste la premi\u00e8re wilaya productrice de la tomate industrielle.<\/p>\n\n\n\n<p>En effet, selon la Direction des services Agricoles (DSA ) de la wilaya de Guelma, les fellahs ont , au titre de la saison agricole 2022-2023, exploit\u00e9 1.467 hectares sur les 1.894 programm\u00e9s, destin\u00e9s \u00e0 la culture de la tomate industrielle. Toutefois, les m\u00eames services ont soulign\u00e9 qu\u2019\u00e0 la faveur des derni\u00e8res pr\u00e9cipitations pluviales, l\u2019op\u00e9ration de repiquage se poursuit dans les communes d\u2019Ain-Larbi et Ain-Makhlouf o\u00f9 une production de 1.373.600 quintaux de tomate industrielle est attendue. Il est pr\u00e9cis\u00e9 par ailleurs, que 170 contrats ont \u00e9t\u00e9 conclus entre les professionnels de la fili\u00e8re et les trois transformateurs op\u00e9rant au niveau de la wilaya de Guelma. Le d\u00e9ficit de la pluviom\u00e9trie enregistr\u00e9 ces derni\u00e8res ann\u00e9es et la baisse sensible des r\u00e9serves d\u2019eau destin\u00e9es \u00e0 l\u2019irrigation agricole, ont eu un impact sur les superficies \u00e0 cultiver qui ont r\u00e9gress\u00e9, sachant que dans un proche pass\u00e9, la fili\u00e8re industrielle produisait 3.500.000 quintaux de tomate industrielle. Toutefois, malgr\u00e9 ce handicap majeur occasionn\u00e9 par les conditions climatiques d\u00e9favorables, la wilaya de Guelma s\u2019\u00e9chine \u00e0 exploiter tous les moyens existants, notamment les mesures d\u2019incitation des fellahs et leur accompagnement, l\u2019augmentation du capital agraire et le renforcement d\u2019autres moyens d\u2019irrigation, surtout le goutte \u00e0 goutte afin de pr\u00e9server son statut de p\u00f4le r\u00e9gional de la fili\u00e8re de la tomate industrielle consid\u00e9r\u00e9e comme culture prioritaire apr\u00e8s celle des c\u00e9r\u00e9ales.<\/p>\n\n\n\n<p><strong>Sofia Chahine<\/strong><\/p>\n","protected":false},"excerpt":{"rendered":"<p>En d\u00e9pit des faibles pr\u00e9cipitations pluviom\u00e9triques, la wilaya de Guelma reste la premi\u00e8re wilaya productrice de la tomate industrielle. En<\/p>\n","protected":false},"author":3,"featured_media":24842,"comment_status":"open","ping_status":"closed","sticky":false,"template":"","format":"standard","meta":{"colormag_page_container_layout":"default_layout","colormag_page_sidebar_layout":"default_layout","om_disable_all_campaigns":false,"_monsterinsights_skip_tracking":false,"_monsterinsights_sitenote_active":false,"_monsterinsights_sitenote_note":"","_monsterinsights_sitenote_category":0,"footnotes":"","_wpscppro_dont_share_socialmedia":false,"_wpscppro_custom_social_share_image":0,"_facebook_share_type":"","_twitter_share_type":"","_linkedin_share_type":"","_pinterest_share_type":"","_linkedin_share_type_page":"","_instagram_share_type":"","_medium_share_type":"","_threads_share_type":"","_google_business_share_type":"","_selected_social_profile":[],"_wpsp_enable_custom_social_template":false,"_wpsp_social_scheduling":{"enabled":false,"datetime":null,"platforms":[],"status":"template_only","dateOption":"today","timeOption":"now","customDays":"","customHours":"","customDate":"","customTime":"","schedulingType":"absolute"},"_wpsp_active_default_template":true},"categories":[31],"tags":[],"class_list":["post-42588","post","type-post","status-publish","format-standard","has-post-thumbnail","hentry","category-regions"],"aioseo_notices":[],"yoast_head":"<!-- This site is optimized with the Yoast SEO plugin v27.5 - https:\/\/yoast.com\/product\/yoast-seo-wordpress\/ -->\n<title>170 contrats conclus entre producteurs et transformateurs \u00e0 Guelma - La Sentinelle<\/title>\n<meta name=\"robots\" content=\"index, follow, max-snippet:-1, max-image-preview:large, max-video-preview:-1\" \/>\n<link rel=\"canonical\" href=\"https:\/\/lasentinelle.dz\/index.php\/2023\/06\/11\/170-contrats-conclus-entre-producteurs-et-transformateurs-a-guelma\/\" \/>\n<meta property=\"og:locale\" content=\"fr_FR\" \/>\n<meta property=\"og:type\" content=\"article\" \/>\n<meta property=\"og:title\" content=\"170 contrats conclus entre producteurs et transformateurs \u00e0 Guelma - La Sentinelle\" \/>\n<meta property=\"og:description\" content=\"En d\u00e9pit des faibles pr\u00e9cipitations pluviom\u00e9triques, la wilaya de Guelma reste la premi\u00e8re wilaya productrice de la tomate industrielle. En\" \/>\n<meta property=\"og:url\" content=\"https:\/\/lasentinelle.dz\/index.php\/2023\/06\/11\/170-contrats-conclus-entre-producteurs-et-transformateurs-a-guelma\/\" \/>\n<meta property=\"og:site_name\" content=\"La Sentinelle\" \/>\n<meta property=\"article:publisher\" content=\"https:\/\/www.facebook.com\/La-Sentinelle-104059864394773\" \/>\n<meta property=\"article:published_time\" content=\"2023-06-11T21:33:59+00:00\" \/>\n<meta property=\"article:modified_time\" content=\"2023-06-11T21:34:00+00:00\" \/>\n<meta property=\"og:image\" content=\"https:\/\/lasentinelle.dz\/wp-content\/uploads\/2022\/07\/Tomate-industrielle-1024x680.png\" \/>\n\t<meta property=\"og:image:width\" content=\"1024\" \/>\n\t<meta property=\"og:image:height\" content=\"680\" \/>\n\t<meta property=\"og:image:type\" content=\"image\/png\" \/>\n<meta name=\"author\" content=\"La Sentinelle\" \/>\n<meta name=\"twitter:card\" content=\"summary_large_image\" \/>\n<meta name=\"twitter:label1\" content=\"\u00c9crit par\" \/>\n\t<meta name=\"twitter:data1\" content=\"La Sentinelle\" \/>\n\t<meta name=\"twitter:label2\" content=\"Dur\u00e9e de lecture estim\u00e9e\" \/>\n\t<meta name=\"twitter:data2\" content=\"2 minutes\" \/>\n<script type=\"application\/ld+json\" class=\"yoast-schema-graph\">{\"@context\":\"https:\\\/\\\/schema.org\",\"@graph\":[{\"@type\":\"Article\",\"@id\":\"https:\\\/\\\/lasentinelle.dz\\\/index.php\\\/2023\\\/06\\\/11\\\/170-contrats-conclus-entre-producteurs-et-transformateurs-a-guelma\\\/#article\",\"isPartOf\":{\"@id\":\"https:\\\/\\\/lasentinelle.dz\\\/index.php\\\/2023\\\/06\\\/11\\\/170-contrats-conclus-entre-producteurs-et-transformateurs-a-guelma\\\/\"},\"author\":{\"name\":\"La Sentinelle\",\"@id\":\"https:\\\/\\\/lasentinelle.dz\\\/#\\\/schema\\\/person\\\/d865044e22e70a75174ce8bcad3acfb3\"},\"headline\":\"170 contrats conclus entre producteurs et transformateurs \u00e0 Guelma\",\"datePublished\":\"2023-06-11T21:33:59+00:00\",\"dateModified\":\"2023-06-11T21:34:00+00:00\",\"mainEntityOfPage\":{\"@id\":\"https:\\\/\\\/lasentinelle.dz\\\/index.php\\\/2023\\\/06\\\/11\\\/170-contrats-conclus-entre-producteurs-et-transformateurs-a-guelma\\\/\"},\"wordCount\":277,\"commentCount\":0,\"publisher\":{\"@id\":\"https:\\\/\\\/lasentinelle.dz\\\/#organization\"},\"image\":{\"@id\":\"https:\\\/\\\/lasentinelle.dz\\\/index.php\\\/2023\\\/06\\\/11\\\/170-contrats-conclus-entre-producteurs-et-transformateurs-a-guelma\\\/#primaryimage\"},\"thumbnailUrl\":\"https:\\\/\\\/lasentinelle.dz\\\/wp-content\\\/uploads\\\/2022\\\/07\\\/Tomate-industrielle.png\",\"articleSection\":[\"R\u00e9gions\"],\"inLanguage\":\"fr-FR\",\"potentialAction\":[{\"@type\":\"CommentAction\",\"name\":\"Comment\",\"target\":[\"https:\\\/\\\/lasentinelle.dz\\\/index.php\\\/2023\\\/06\\\/11\\\/170-contrats-conclus-entre-producteurs-et-transformateurs-a-guelma\\\/#respond\"]}]},{\"@type\":\"WebPage\",\"@id\":\"https:\\\/\\\/lasentinelle.dz\\\/index.php\\\/2023\\\/06\\\/11\\\/170-contrats-conclus-entre-producteurs-et-transformateurs-a-guelma\\\/\",\"url\":\"https:\\\/\\\/lasentinelle.dz\\\/index.php\\\/2023\\\/06\\\/11\\\/170-contrats-conclus-entre-producteurs-et-transformateurs-a-guelma\\\/\",\"name\":\"170 contrats conclus entre producteurs et transformateurs \u00e0 Guelma - La Sentinelle\",\"isPartOf\":{\"@id\":\"https:\\\/\\\/lasentinelle.dz\\\/#website\"},\"primaryImageOfPage\":{\"@id\":\"https:\\\/\\\/lasentinelle.dz\\\/index.php\\\/2023\\\/06\\\/11\\\/170-contrats-conclus-entre-producteurs-et-transformateurs-a-guelma\\\/#primaryimage\"},\"image\":{\"@id\":\"https:\\\/\\\/lasentinelle.dz\\\/index.php\\\/2023\\\/06\\\/11\\\/170-contrats-conclus-entre-producteurs-et-transformateurs-a-guelma\\\/#primaryimage\"},\"thumbnailUrl\":\"https:\\\/\\\/lasentinelle.dz\\\/wp-content\\\/uploads\\\/2022\\\/07\\\/Tomate-industrielle.png\",\"datePublished\":\"2023-06-11T21:33:59+00:00\",\"dateModified\":\"2023-06-11T21:34:00+00:00\",\"breadcrumb\":{\"@id\":\"https:\\\/\\\/lasentinelle.dz\\\/index.php\\\/2023\\\/06\\\/11\\\/170-contrats-conclus-entre-producteurs-et-transformateurs-a-guelma\\\/#breadcrumb\"},\"inLanguage\":\"fr-FR\",\"potentialAction\":[{\"@type\":\"ReadAction\",\"target\":[\"https:\\\/\\\/lasentinelle.dz\\\/index.php\\\/2023\\\/06\\\/11\\\/170-contrats-conclus-entre-producteurs-et-transformateurs-a-guelma\\\/\"]}]},{\"@type\":\"ImageObject\",\"inLanguage\":\"fr-FR\",\"@id\":\"https:\\\/\\\/lasentinelle.dz\\\/index.php\\\/2023\\\/06\\\/11\\\/170-contrats-conclus-entre-producteurs-et-transformateurs-a-guelma\\\/#primaryimage\",\"url\":\"https:\\\/\\\/lasentinelle.dz\\\/wp-content\\\/uploads\\\/2022\\\/07\\\/Tomate-industrielle.png\",\"contentUrl\":\"https:\\\/\\\/lasentinelle.dz\\\/wp-content\\\/uploads\\\/2022\\\/07\\\/Tomate-industrielle.png\",\"width\":1356,\"height\":900},{\"@type\":\"BreadcrumbList\",\"@id\":\"https:\\\/\\\/lasentinelle.dz\\\/index.php\\\/2023\\\/06\\\/11\\\/170-contrats-conclus-entre-producteurs-et-transformateurs-a-guelma\\\/#breadcrumb\",\"itemListElement\":[{\"@type\":\"ListItem\",\"position\":1,\"name\":\"Accueil\",\"item\":\"https:\\\/\\\/lasentinelle.dz\\\/\"},{\"@type\":\"ListItem\",\"position\":2,\"name\":\"170 contrats conclus entre producteurs et transformateurs \u00e0 Guelma\"}]},{\"@type\":\"WebSite\",\"@id\":\"https:\\\/\\\/lasentinelle.dz\\\/#website\",\"url\":\"https:\\\/\\\/lasentinelle.dz\\\/\",\"name\":\"La Sentinelle\",\"description\":\"Quotidien national d&#039;information\",\"publisher\":{\"@id\":\"https:\\\/\\\/lasentinelle.dz\\\/#organization\"},\"potentialAction\":[{\"@type\":\"SearchAction\",\"target\":{\"@type\":\"EntryPoint\",\"urlTemplate\":\"https:\\\/\\\/lasentinelle.dz\\\/?s={search_term_string}\"},\"query-input\":{\"@type\":\"PropertyValueSpecification\",\"valueRequired\":true,\"valueName\":\"search_term_string\"}}],\"inLanguage\":\"fr-FR\"},{\"@type\":\"Organization\",\"@id\":\"https:\\\/\\\/lasentinelle.dz\\\/#organization\",\"name\":\"Quotidien La Sentinelle\",\"url\":\"https:\\\/\\\/lasentinelle.dz\\\/\",\"logo\":{\"@type\":\"ImageObject\",\"inLanguage\":\"fr-FR\",\"@id\":\"https:\\\/\\\/lasentinelle.dz\\\/#\\\/schema\\\/logo\\\/image\\\/\",\"url\":\"https:\\\/\\\/lasentinelle.dz\\\/wp-content\\\/uploads\\\/2021\\\/09\\\/logo-sentinelleSLOGAN-1.png\",\"contentUrl\":\"https:\\\/\\\/lasentinelle.dz\\\/wp-content\\\/uploads\\\/2021\\\/09\\\/logo-sentinelleSLOGAN-1.png\",\"width\":615,\"height\":142,\"caption\":\"Quotidien La Sentinelle\"},\"image\":{\"@id\":\"https:\\\/\\\/lasentinelle.dz\\\/#\\\/schema\\\/logo\\\/image\\\/\"},\"sameAs\":[\"https:\\\/\\\/www.facebook.com\\\/La-Sentinelle-104059864394773\"]},{\"@type\":\"Person\",\"@id\":\"https:\\\/\\\/lasentinelle.dz\\\/#\\\/schema\\\/person\\\/d865044e22e70a75174ce8bcad3acfb3\",\"name\":\"La Sentinelle\",\"image\":{\"@type\":\"ImageObject\",\"inLanguage\":\"fr-FR\",\"@id\":\"https:\\\/\\\/secure.gravatar.com\\\/avatar\\\/57de8e5d4b15d43fb361a71fbb36338450fe67865b528a43dd10ef7c51a20392?s=96&d=mm&r=g\",\"url\":\"https:\\\/\\\/secure.gravatar.com\\\/avatar\\\/57de8e5d4b15d43fb361a71fbb36338450fe67865b528a43dd10ef7c51a20392?s=96&d=mm&r=g\",\"contentUrl\":\"https:\\\/\\\/secure.gravatar.com\\\/avatar\\\/57de8e5d4b15d43fb361a71fbb36338450fe67865b528a43dd10ef7c51a20392?s=96&d=mm&r=g\",\"caption\":\"La Sentinelle\"},\"sameAs\":[\"http:\\\/\\\/www.lasentinelle.dz\"],\"url\":\"https:\\\/\\\/lasentinelle.dz\\\/author\\\/redaction\\\/\"}]}<\/script>\n<!-- \/ Yoast SEO plugin. -->","yoast_head_json":{"title":"170 contrats conclus entre producteurs et transformateurs \u00e0 Guelma - La Sentinelle","robots":{"index":"index","follow":"follow","max-snippet":"max-snippet:-1","max-image-preview":"max-image-preview:large","max-video-preview":"max-video-preview:-1"},"canonical":"https:\/\/lasentinelle.dz\/index.php\/2023\/06\/11\/170-contrats-conclus-entre-producteurs-et-transformateurs-a-guelma\/","og_locale":"fr_FR","og_type":"article","og_title":"170 contrats conclus entre producteurs et transformateurs \u00e0 Guelma - La Sentinelle","og_description":"En d\u00e9pit des faibles pr\u00e9cipitations pluviom\u00e9triques, la wilaya de Guelma reste la premi\u00e8re wilaya productrice de la tomate industrielle. En","og_url":"https:\/\/lasentinelle.dz\/index.php\/2023\/06\/11\/170-contrats-conclus-entre-producteurs-et-transformateurs-a-guelma\/","og_site_name":"La Sentinelle","article_publisher":"https:\/\/www.facebook.com\/La-Sentinelle-104059864394773","article_published_time":"2023-06-11T21:33:59+00:00","article_modified_time":"2023-06-11T21:34:00+00:00","og_image":[{"width":1024,"height":680,"url":"https:\/\/lasentinelle.dz\/wp-content\/uploads\/2022\/07\/Tomate-industrielle-1024x680.png","type":"image\/png"}],"author":"La Sentinelle","twitter_card":"summary_large_image","twitter_misc":{"\u00c9crit par":"La Sentinelle","Dur\u00e9e de lecture estim\u00e9e":"2 minutes"},"schema":{"@context":"https:\/\/schema.org","@graph":[{"@type":"Article","@id":"https:\/\/lasentinelle.dz\/index.php\/2023\/06\/11\/170-contrats-conclus-entre-producteurs-et-transformateurs-a-guelma\/#article","isPartOf":{"@id":"https:\/\/lasentinelle.dz\/index.php\/2023\/06\/11\/170-contrats-conclus-entre-producteurs-et-transformateurs-a-guelma\/"},"author":{"name":"La Sentinelle","@id":"https:\/\/lasentinelle.dz\/#\/schema\/person\/d865044e22e70a75174ce8bcad3acfb3"},"headline":"170 contrats conclus entre producteurs et transformateurs \u00e0 Guelma","datePublished":"2023-06-11T21:33:59+00:00","dateModified":"2023-06-11T21:34:00+00:00","mainEntityOfPage":{"@id":"https:\/\/lasentinelle.dz\/index.php\/2023\/06\/11\/170-contrats-conclus-entre-producteurs-et-transformateurs-a-guelma\/"},"wordCount":277,"commentCount":0,"publisher":{"@id":"https:\/\/lasentinelle.dz\/#organization"},"image":{"@id":"https:\/\/lasentinelle.dz\/index.php\/2023\/06\/11\/170-contrats-conclus-entre-producteurs-et-transformateurs-a-guelma\/#primaryimage"},"thumbnailUrl":"https:\/\/lasentinelle.dz\/wp-content\/uploads\/2022\/07\/Tomate-industrielle.png","articleSection":["R\u00e9gions"],"inLanguage":"fr-FR","potentialAction":[{"@type":"CommentAction","name":"Comment","target":["https:\/\/lasentinelle.dz\/index.php\/2023\/06\/11\/170-contrats-conclus-entre-producteurs-et-transformateurs-a-guelma\/#respond"]}]},{"@type":"WebPage","@id":"https:\/\/lasentinelle.dz\/index.php\/2023\/06\/11\/170-contrats-conclus-entre-producteurs-et-transformateurs-a-guelma\/","url":"https:\/\/lasentinelle.dz\/index.php\/2023\/06\/11\/170-contrats-conclus-entre-producteurs-et-transformateurs-a-guelma\/","name":"170 contrats conclus entre producteurs et transformateurs \u00e0 Guelma - La Sentinelle","isPartOf":{"@id":"https:\/\/lasentinelle.dz\/#website"},"primaryImageOfPage":{"@id":"https:\/\/lasentinelle.dz\/index.php\/2023\/06\/11\/170-contrats-conclus-entre-producteurs-et-transformateurs-a-guelma\/#primaryimage"},"image":{"@id":"https:\/\/lasentinelle.dz\/index.php\/2023\/06\/11\/170-contrats-conclus-entre-producteurs-et-transformateurs-a-guelma\/#primaryimage"},"thumbnailUrl":"https:\/\/lasentinelle.dz\/wp-content\/uploads\/2022\/07\/Tomate-industrielle.png","datePublished":"2023-06-11T21:33:59+00:00","dateModified":"2023-06-11T21:34:00+00:00","breadcrumb":{"@id":"https:\/\/lasentinelle.dz\/index.php\/2023\/06\/11\/170-contrats-conclus-entre-producteurs-et-transformateurs-a-guelma\/#breadcrumb"},"inLanguage":"fr-FR","potentialAction":[{"@type":"ReadAction","target":["https:\/\/lasentinelle.dz\/index.php\/2023\/06\/11\/170-contrats-conclus-entre-producteurs-et-transformateurs-a-guelma\/"]}]},{"@type":"ImageObject","inLanguage":"fr-FR","@id":"https:\/\/lasentinelle.dz\/index.php\/2023\/06\/11\/170-contrats-conclus-entre-producteurs-et-transformateurs-a-guelma\/#primaryimage","url":"https:\/\/lasentinelle.dz\/wp-content\/uploads\/2022\/07\/Tomate-industrielle.png","contentUrl":"https:\/\/lasentinelle.dz\/wp-content\/uploads\/2022\/07\/Tomate-industrielle.png","width":1356,"height":900},{"@type":"BreadcrumbList","@id":"https:\/\/lasentinelle.dz\/index.php\/2023\/06\/11\/170-contrats-conclus-entre-producteurs-et-transformateurs-a-guelma\/#breadcrumb","itemListElement":[{"@type":"ListItem","position":1,"name":"Accueil","item":"https:\/\/lasentinelle.dz\/"},{"@type":"ListItem","position":2,"name":"170 contrats conclus entre producteurs et transformateurs \u00e0 Guelma"}]},{"@type":"WebSite","@id":"https:\/\/lasentinelle.dz\/#website","url":"https:\/\/lasentinelle.dz\/","name":"La Sentinelle","description":"Quotidien national d&#039;information","publisher":{"@id":"https:\/\/lasentinelle.dz\/#organization"},"potentialAction":[{"@type":"SearchAction","target":{"@type":"EntryPoint","urlTemplate":"https:\/\/lasentinelle.dz\/?s={search_term_string}"},"query-input":{"@type":"PropertyValueSpecification","valueRequired":true,"valueName":"search_term_string"}}],"inLanguage":"fr-FR"},{"@type":"Organization","@id":"https:\/\/lasentinelle.dz\/#organization","name":"Quotidien La Sentinelle","url":"https:\/\/lasentinelle.dz\/","logo":{"@type":"ImageObject","inLanguage":"fr-FR","@id":"https:\/\/lasentinelle.dz\/#\/schema\/logo\/image\/","url":"https:\/\/lasentinelle.dz\/wp-content\/uploads\/2021\/09\/logo-sentinelleSLOGAN-1.png","contentUrl":"https:\/\/lasentinelle.dz\/wp-content\/uploads\/2021\/09\/logo-sentinelleSLOGAN-1.png","width":615,"height":142,"caption":"Quotidien La Sentinelle"},"image":{"@id":"https:\/\/lasentinelle.dz\/#\/schema\/logo\/image\/"},"sameAs":["https:\/\/www.facebook.com\/La-Sentinelle-104059864394773"]},{"@type":"Person","@id":"https:\/\/lasentinelle.dz\/#\/schema\/person\/d865044e22e70a75174ce8bcad3acfb3","name":"La Sentinelle","image":{"@type":"ImageObject","inLanguage":"fr-FR","@id":"https:\/\/secure.gravatar.com\/avatar\/57de8e5d4b15d43fb361a71fbb36338450fe67865b528a43dd10ef7c51a20392?s=96&d=mm&r=g","url":"https:\/\/secure.gravatar.com\/avatar\/57de8e5d4b15d43fb361a71fbb36338450fe67865b528a43dd10ef7c51a20392?s=96&d=mm&r=g","contentUrl":"https:\/\/secure.gravatar.com\/avatar\/57de8e5d4b15d43fb361a71fbb36338450fe67865b528a43dd10ef7c51a20392?s=96&d=mm&r=g","caption":"La Sentinelle"},"sameAs":["http:\/\/www.lasentinelle.dz"],"url":"https:\/\/lasentinelle.dz\/author\/redaction\/"}]}},"_links":{"self":[{"href":"https:\/\/lasentinelle.dz\/index.php\/wp-json\/wp\/v2\/posts\/42588","targetHints":{"allow":["GET"]}}],"collection":[{"href":"https:\/\/lasentinelle.dz\/index.php\/wp-json\/wp\/v2\/posts"}],"about":[{"href":"https:\/\/lasentinelle.dz\/index.php\/wp-json\/wp\/v2\/types\/post"}],"author":[{"embeddable":true,"href":"https:\/\/lasentinelle.dz\/index.php\/wp-json\/wp\/v2\/users\/3"}],"replies":[{"embeddable":true,"href":"https:\/\/lasentinelle.dz\/index.php\/wp-json\/wp\/v2\/comments?post=42588"}],"version-history":[{"count":1,"href":"https:\/\/lasentinelle.dz\/index.php\/wp-json\/wp\/v2\/posts\/42588\/revisions"}],"predecessor-version":[{"id":42589,"href":"https:\/\/lasentinelle.dz\/index.php\/wp-json\/wp\/v2\/posts\/42588\/revisions\/42589"}],"wp:featuredmedia":[{"embeddable":true,"href":"https:\/\/lasentinelle.dz\/index.php\/wp-json\/wp\/v2\/media\/24842"}],"wp:attachment":[{"href":"https:\/\/lasentinelle.dz\/index.php\/wp-json\/wp\/v2\/media?parent=42588"}],"wp:term":[{"taxonomy":"category","embeddable":true,"href":"https:\/\/lasentinelle.dz\/index.php\/wp-json\/wp\/v2\/categories?post=42588"},{"taxonomy":"post_tag","embeddable":true,"href":"https:\/\/lasentinelle.dz\/index.php\/wp-json\/wp\/v2\/tags?post=42588"}],"curies":[{"name":"wp","href":"https:\/\/api.w.org\/{rel}","templated":true}]}}