{"id":42599,"date":"2023-06-11T22:42:57","date_gmt":"2023-06-11T21:42:57","guid":{"rendered":"https:\/\/lasentinelle.dz\/?p=42599"},"modified":"2023-06-11T22:42:59","modified_gmt":"2023-06-11T21:42:59","slug":"alimentation-en-eau-potable-vers-linstallation-de-compteurs-intelligents","status":"publish","type":"post","link":"https:\/\/lasentinelle.dz\/index.php\/2023\/06\/11\/alimentation-en-eau-potable-vers-linstallation-de-compteurs-intelligents\/","title":{"rendered":"Alimentation en eau potable : Vers l\u2019installation de compteurs intelligents"},"content":{"rendered":"\n<p><\/p>\n\n\n\n<p>La Soci\u00e9t\u00e9 des eaux et de l&rsquo;assainissement d&rsquo;Alger (SEAAL) et l\u2019Alg\u00e9rienne des eaux ont sign\u00e9, samedi, sous la pr\u00e9sidence du ministre de l\u2019Hydraulique Taha Derbal, deux m\u00e9morandums d&rsquo;entente, l\u2019un avec l&rsquo;entreprise \u00ab SENSUS \u00bb sp\u00e9cialis\u00e9e dans la fabrication des compteurs intelligents, et le second avec le groupe Cosider. Le premier m\u00e9morandum d\u2019entente porte sur l&rsquo;installation des compteurs d&rsquo;eau intelligents, et le lancement de la toute premi\u00e8re formation sp\u00e9cialis\u00e9e dans le dessalement d&rsquo;eau de mer.<\/p>\n\n\n\n<p>Le second m\u00e9morandum a \u00e9t\u00e9 sign\u00e9 entre l&rsquo;ADE, le groupe COSIDER repr\u00e9sent\u00e9 par son PDG Hamid Khemliche et SEAAL avec la direction de la formation et de l&rsquo;enseignement professionnels (DFP) d&rsquo;Alger repr\u00e9sent\u00e9e par M. Abdelkader Touil, concernant le lancement de la \u00ab premi\u00e8re \u00bb formation sp\u00e9cialis\u00e9e dans le dessalement d&rsquo;eau de mer.<\/p>\n\n\n\n<p>L&rsquo;accord li\u00e9 aux compteurs vise \u00e0 \u00ab fournir des compteurs intelligents fabriqu\u00e9s localement pour contribuer \u00e0 la num\u00e9risation de l&rsquo;op\u00e9ration de pr\u00e9l\u00e8vement des volumes d&rsquo;eau consomm\u00e9s avec la possibilit\u00e9 de les relever \u00e0 distance \u00e0 m\u00eame d&rsquo;\u00e9viter les d\u00e9placements des agents et le d\u00e9sagr\u00e9ment aux clients dans le cadre de la concr\u00e9tisation du principe de confiance r\u00e9ciproque entre l&rsquo;administration et le citoyen \u00bb, dira Tahar Derbal \u00e0 cette occasion.&nbsp; Le ministre pr\u00e9cisera que l&rsquo;impact commercial de cette op\u00e9ration permettra de recouvrer de mani\u00e8re \u00ab exacte et juste \u00bb les redevances de consommation d&rsquo;eau et de renoncer d\u00e9finitivement au paiement forfaitaire des factures.<\/p>\n\n\n\n<p>S\u2019agissant de l&rsquo;accord de la formation, le ministre a indiqu\u00e9 que la formation dans les m\u00e9tiers de dessalement d&rsquo;eau vient \u00ab accompagner les grands investissements lanc\u00e9s par l&rsquo;Etat en mati\u00e8re de r\u00e9alisation des stations de dessalement d&rsquo;eau en tant que choix alternatif aux ressources hydriques conventionnelles impact\u00e9es par le ph\u00e9nom\u00e8ne des changements climatiques \u00bb. Cet accord garantira la formation de techniciens et de techniciens sup\u00e9rieurs dans le domaine de dessalement d&rsquo;eau. Derbal rappellera les instructions du pr\u00e9sident de la R\u00e9publique visant \u00e0 \u00ab accompagner les programmes nationaux de r\u00e9alisation des stations de dessalement d&rsquo;eau de mer par la cr\u00e9ation de nouvelles branches et de sp\u00e9cialit\u00e9s dans ce domaine au niveau des universit\u00e9s et des instituts ainsi que des centres de formation professionnelle pour exploiter ces projets importants avec des comp\u00e9tences alg\u00e9riennes en mesure de maitriser tous les d\u00e9veloppements et des technologies modernes \u00bb. Lors de cette rencontre, le ministre de l&rsquo;Hydraulique a supervis\u00e9 le coup d&rsquo;envoi d&rsquo;une nouvelle plateforme num\u00e9rique pour renforcer les services de la \u00ab SEAAL \u00bb et qui intervient dans le cadre d&rsquo;un nouveau mod\u00e8le \u00e9conomique s&rsquo;appuyant sur la diversification des sources de revenus de la soci\u00e9t\u00e9 \u00e0 travers le d\u00e9veloppement du chiffre d&rsquo;affaires et des services.<\/p>\n\n\n\n<p><strong>Un programme sp\u00e9cial pour l\u2019A\u00efd<\/strong><\/p>\n\n\n\n<p>Le ministre de l&rsquo;Hydraulique a \u00e9galement insist\u00e9 sur \u00ab la n\u00e9cessit\u00e9 de la mobilisation g\u00e9n\u00e9rale du personnel du secteur de l&rsquo;Hydraulique, et de prendre toutes les mesures \u00e0 m\u00eame de garantir une alimentation en eau potable en quantit\u00e9 et en qualit\u00e9 requises, pour permettre aux citoyens de f\u00eater l&rsquo;A\u00efd El-Adha dans de bonnes conditions \u00bb.<\/p>\n\n\n\n<p>Le Directeur g\u00e9n\u00e9ral de la SEAAL, Ilyes Mihoubi, fera \u00e9tat de \u00ab l&rsquo;\u00e9laboration d&rsquo;un programme sp\u00e9cial pour alimenter les habitants&nbsp; d&rsquo;Alger et de Tipaza en eau potable, durant l&rsquo;A\u00efd El-Adha. Des quantit\u00e9s additionnelles seront produites et distribu\u00e9es pour assurer la disponibilit\u00e9 de cette ressource vitale \u00bb. Le DG de la SEAAL&nbsp; qui a indiqu\u00e9 que la soci\u00e9t\u00e9 enregistre \u00ab un pic de consommation \u00bb la matin\u00e9e du premier jour de A\u00efd El-Adha seulement, a pr\u00e9vu \u00ab un programme sp\u00e9cial pour augmenter la production de 800.000 m3\/jour, \u00e0 1,1 million de m3\/jour \u00bb.&nbsp; Pour \u00e9viter le gaspillage, Mihoubi appelle les citoyens \u00e0 adopter \u00ab un comportement exemplaire, \u00e0 \u00e9viter le gaspillage, et de consommer cette ressource rationnellement, pour permettre \u00e0 tout le monde d&rsquo;en b\u00e9n\u00e9ficier en cette journ\u00e9e sacr\u00e9e \u00bb.<\/p>\n\n\n\n<p><strong>Samir Benisid<\/strong><\/p>\n","protected":false},"excerpt":{"rendered":"<p>La Soci\u00e9t\u00e9 des eaux et de l&rsquo;assainissement d&rsquo;Alger (SEAAL) et l\u2019Alg\u00e9rienne des eaux ont sign\u00e9, samedi, sous la pr\u00e9sidence du<\/p>\n","protected":false},"author":3,"featured_media":42600,"comment_status":"open","ping_status":"closed","sticky":false,"template":"","format":"standard","meta":{"colormag_page_container_layout":"default_layout","colormag_page_sidebar_layout":"default_layout","om_disable_all_campaigns":false,"_monsterinsights_skip_tracking":false,"_monsterinsights_sitenote_active":false,"_monsterinsights_sitenote_note":"","_monsterinsights_sitenote_category":0,"footnotes":"","_wpscppro_dont_share_socialmedia":false,"_wpscppro_custom_social_share_image":0,"_facebook_share_type":"","_twitter_share_type":"","_linkedin_share_type":"","_pinterest_share_type":"","_linkedin_share_type_page":"","_instagram_share_type":"","_medium_share_type":"","_threads_share_type":"","_google_business_share_type":"","_selected_social_profile":[],"_wpsp_enable_custom_social_template":false,"_wpsp_social_scheduling":{"enabled":false,"datetime":null,"platforms":[],"status":"template_only","dateOption":"today","timeOption":"now","customDays":"","customHours":"","customDate":"","customTime":"","schedulingType":"absolute"},"_wpsp_active_default_template":true},"categories":[27],"tags":[],"class_list":["post-42599","post","type-post","status-publish","format-standard","has-post-thumbnail","hentry","category-actualite"],"aioseo_notices":[],"yoast_head":"<!-- This site is optimized with the Yoast SEO plugin v27.5 - https:\/\/yoast.com\/product\/yoast-seo-wordpress\/ -->\n<title>Alimentation en eau potable : Vers l\u2019installation de compteurs intelligents - La Sentinelle<\/title>\n<meta name=\"robots\" content=\"index, follow, max-snippet:-1, max-image-preview:large, max-video-preview:-1\" \/>\n<link rel=\"canonical\" href=\"https:\/\/lasentinelle.dz\/index.php\/2023\/06\/11\/alimentation-en-eau-potable-vers-linstallation-de-compteurs-intelligents\/\" \/>\n<meta property=\"og:locale\" content=\"fr_FR\" \/>\n<meta property=\"og:type\" content=\"article\" \/>\n<meta property=\"og:title\" content=\"Alimentation en eau potable : Vers l\u2019installation de compteurs intelligents - La Sentinelle\" \/>\n<meta property=\"og:description\" content=\"La Soci\u00e9t\u00e9 des eaux et de l&rsquo;assainissement d&rsquo;Alger (SEAAL) et l\u2019Alg\u00e9rienne des eaux ont sign\u00e9, samedi, sous la pr\u00e9sidence du\" \/>\n<meta property=\"og:url\" content=\"https:\/\/lasentinelle.dz\/index.php\/2023\/06\/11\/alimentation-en-eau-potable-vers-linstallation-de-compteurs-intelligents\/\" \/>\n<meta property=\"og:site_name\" content=\"La Sentinelle\" \/>\n<meta property=\"article:publisher\" content=\"https:\/\/www.facebook.com\/La-Sentinelle-104059864394773\" \/>\n<meta property=\"article:published_time\" content=\"2023-06-11T21:42:57+00:00\" \/>\n<meta property=\"article:modified_time\" content=\"2023-06-11T21:42:59+00:00\" \/>\n<meta property=\"og:image\" content=\"https:\/\/lasentinelle.dz\/wp-content\/uploads\/2023\/06\/compteur.jpeg\" \/>\n\t<meta property=\"og:image:width\" content=\"1280\" \/>\n\t<meta property=\"og:image:height\" content=\"853\" \/>\n\t<meta property=\"og:image:type\" content=\"image\/jpeg\" \/>\n<meta name=\"author\" content=\"La Sentinelle\" \/>\n<meta name=\"twitter:card\" content=\"summary_large_image\" \/>\n<meta name=\"twitter:label1\" content=\"\u00c9crit par\" \/>\n\t<meta name=\"twitter:data1\" content=\"La Sentinelle\" \/>\n\t<meta name=\"twitter:label2\" content=\"Dur\u00e9e de lecture estim\u00e9e\" \/>\n\t<meta name=\"twitter:data2\" content=\"4 minutes\" \/>\n<script type=\"application\/ld+json\" class=\"yoast-schema-graph\">{\"@context\":\"https:\\\/\\\/schema.org\",\"@graph\":[{\"@type\":\"Article\",\"@id\":\"https:\\\/\\\/lasentinelle.dz\\\/index.php\\\/2023\\\/06\\\/11\\\/alimentation-en-eau-potable-vers-linstallation-de-compteurs-intelligents\\\/#article\",\"isPartOf\":{\"@id\":\"https:\\\/\\\/lasentinelle.dz\\\/index.php\\\/2023\\\/06\\\/11\\\/alimentation-en-eau-potable-vers-linstallation-de-compteurs-intelligents\\\/\"},\"author\":{\"name\":\"La Sentinelle\",\"@id\":\"https:\\\/\\\/lasentinelle.dz\\\/#\\\/schema\\\/person\\\/d865044e22e70a75174ce8bcad3acfb3\"},\"headline\":\"Alimentation en eau potable : Vers l\u2019installation de compteurs intelligents\",\"datePublished\":\"2023-06-11T21:42:57+00:00\",\"dateModified\":\"2023-06-11T21:42:59+00:00\",\"mainEntityOfPage\":{\"@id\":\"https:\\\/\\\/lasentinelle.dz\\\/index.php\\\/2023\\\/06\\\/11\\\/alimentation-en-eau-potable-vers-linstallation-de-compteurs-intelligents\\\/\"},\"wordCount\":719,\"commentCount\":0,\"publisher\":{\"@id\":\"https:\\\/\\\/lasentinelle.dz\\\/#organization\"},\"image\":{\"@id\":\"https:\\\/\\\/lasentinelle.dz\\\/index.php\\\/2023\\\/06\\\/11\\\/alimentation-en-eau-potable-vers-linstallation-de-compteurs-intelligents\\\/#primaryimage\"},\"thumbnailUrl\":\"https:\\\/\\\/lasentinelle.dz\\\/wp-content\\\/uploads\\\/2023\\\/06\\\/compteur.jpeg\",\"articleSection\":[\"Actualit\u00e9\"],\"inLanguage\":\"fr-FR\",\"potentialAction\":[{\"@type\":\"CommentAction\",\"name\":\"Comment\",\"target\":[\"https:\\\/\\\/lasentinelle.dz\\\/index.php\\\/2023\\\/06\\\/11\\\/alimentation-en-eau-potable-vers-linstallation-de-compteurs-intelligents\\\/#respond\"]}]},{\"@type\":\"WebPage\",\"@id\":\"https:\\\/\\\/lasentinelle.dz\\\/index.php\\\/2023\\\/06\\\/11\\\/alimentation-en-eau-potable-vers-linstallation-de-compteurs-intelligents\\\/\",\"url\":\"https:\\\/\\\/lasentinelle.dz\\\/index.php\\\/2023\\\/06\\\/11\\\/alimentation-en-eau-potable-vers-linstallation-de-compteurs-intelligents\\\/\",\"name\":\"Alimentation en eau potable : Vers l\u2019installation de compteurs intelligents - La Sentinelle\",\"isPartOf\":{\"@id\":\"https:\\\/\\\/lasentinelle.dz\\\/#website\"},\"primaryImageOfPage\":{\"@id\":\"https:\\\/\\\/lasentinelle.dz\\\/index.php\\\/2023\\\/06\\\/11\\\/alimentation-en-eau-potable-vers-linstallation-de-compteurs-intelligents\\\/#primaryimage\"},\"image\":{\"@id\":\"https:\\\/\\\/lasentinelle.dz\\\/index.php\\\/2023\\\/06\\\/11\\\/alimentation-en-eau-potable-vers-linstallation-de-compteurs-intelligents\\\/#primaryimage\"},\"thumbnailUrl\":\"https:\\\/\\\/lasentinelle.dz\\\/wp-content\\\/uploads\\\/2023\\\/06\\\/compteur.jpeg\",\"datePublished\":\"2023-06-11T21:42:57+00:00\",\"dateModified\":\"2023-06-11T21:42:59+00:00\",\"breadcrumb\":{\"@id\":\"https:\\\/\\\/lasentinelle.dz\\\/index.php\\\/2023\\\/06\\\/11\\\/alimentation-en-eau-potable-vers-linstallation-de-compteurs-intelligents\\\/#breadcrumb\"},\"inLanguage\":\"fr-FR\",\"potentialAction\":[{\"@type\":\"ReadAction\",\"target\":[\"https:\\\/\\\/lasentinelle.dz\\\/index.php\\\/2023\\\/06\\\/11\\\/alimentation-en-eau-potable-vers-linstallation-de-compteurs-intelligents\\\/\"]}]},{\"@type\":\"ImageObject\",\"inLanguage\":\"fr-FR\",\"@id\":\"https:\\\/\\\/lasentinelle.dz\\\/index.php\\\/2023\\\/06\\\/11\\\/alimentation-en-eau-potable-vers-linstallation-de-compteurs-intelligents\\\/#primaryimage\",\"url\":\"https:\\\/\\\/lasentinelle.dz\\\/wp-content\\\/uploads\\\/2023\\\/06\\\/compteur.jpeg\",\"contentUrl\":\"https:\\\/\\\/lasentinelle.dz\\\/wp-content\\\/uploads\\\/2023\\\/06\\\/compteur.jpeg\",\"width\":1280,\"height\":853},{\"@type\":\"BreadcrumbList\",\"@id\":\"https:\\\/\\\/lasentinelle.dz\\\/index.php\\\/2023\\\/06\\\/11\\\/alimentation-en-eau-potable-vers-linstallation-de-compteurs-intelligents\\\/#breadcrumb\",\"itemListElement\":[{\"@type\":\"ListItem\",\"position\":1,\"name\":\"Accueil\",\"item\":\"https:\\\/\\\/lasentinelle.dz\\\/\"},{\"@type\":\"ListItem\",\"position\":2,\"name\":\"Alimentation en eau potable : Vers l\u2019installation de compteurs intelligents\"}]},{\"@type\":\"WebSite\",\"@id\":\"https:\\\/\\\/lasentinelle.dz\\\/#website\",\"url\":\"https:\\\/\\\/lasentinelle.dz\\\/\",\"name\":\"La Sentinelle\",\"description\":\"Quotidien national d&#039;information\",\"publisher\":{\"@id\":\"https:\\\/\\\/lasentinelle.dz\\\/#organization\"},\"potentialAction\":[{\"@type\":\"SearchAction\",\"target\":{\"@type\":\"EntryPoint\",\"urlTemplate\":\"https:\\\/\\\/lasentinelle.dz\\\/?s={search_term_string}\"},\"query-input\":{\"@type\":\"PropertyValueSpecification\",\"valueRequired\":true,\"valueName\":\"search_term_string\"}}],\"inLanguage\":\"fr-FR\"},{\"@type\":\"Organization\",\"@id\":\"https:\\\/\\\/lasentinelle.dz\\\/#organization\",\"name\":\"Quotidien La Sentinelle\",\"url\":\"https:\\\/\\\/lasentinelle.dz\\\/\",\"logo\":{\"@type\":\"ImageObject\",\"inLanguage\":\"fr-FR\",\"@id\":\"https:\\\/\\\/lasentinelle.dz\\\/#\\\/schema\\\/logo\\\/image\\\/\",\"url\":\"https:\\\/\\\/lasentinelle.dz\\\/wp-content\\\/uploads\\\/2021\\\/09\\\/logo-sentinelleSLOGAN-1.png\",\"contentUrl\":\"https:\\\/\\\/lasentinelle.dz\\\/wp-content\\\/uploads\\\/2021\\\/09\\\/logo-sentinelleSLOGAN-1.png\",\"width\":615,\"height\":142,\"caption\":\"Quotidien La Sentinelle\"},\"image\":{\"@id\":\"https:\\\/\\\/lasentinelle.dz\\\/#\\\/schema\\\/logo\\\/image\\\/\"},\"sameAs\":[\"https:\\\/\\\/www.facebook.com\\\/La-Sentinelle-104059864394773\"]},{\"@type\":\"Person\",\"@id\":\"https:\\\/\\\/lasentinelle.dz\\\/#\\\/schema\\\/person\\\/d865044e22e70a75174ce8bcad3acfb3\",\"name\":\"La Sentinelle\",\"image\":{\"@type\":\"ImageObject\",\"inLanguage\":\"fr-FR\",\"@id\":\"https:\\\/\\\/secure.gravatar.com\\\/avatar\\\/57de8e5d4b15d43fb361a71fbb36338450fe67865b528a43dd10ef7c51a20392?s=96&d=mm&r=g\",\"url\":\"https:\\\/\\\/secure.gravatar.com\\\/avatar\\\/57de8e5d4b15d43fb361a71fbb36338450fe67865b528a43dd10ef7c51a20392?s=96&d=mm&r=g\",\"contentUrl\":\"https:\\\/\\\/secure.gravatar.com\\\/avatar\\\/57de8e5d4b15d43fb361a71fbb36338450fe67865b528a43dd10ef7c51a20392?s=96&d=mm&r=g\",\"caption\":\"La Sentinelle\"},\"sameAs\":[\"http:\\\/\\\/www.lasentinelle.dz\"],\"url\":\"https:\\\/\\\/lasentinelle.dz\\\/author\\\/redaction\\\/\"}]}<\/script>\n<!-- \/ Yoast SEO plugin. -->","yoast_head_json":{"title":"Alimentation en eau potable : Vers l\u2019installation de compteurs intelligents - La Sentinelle","robots":{"index":"index","follow":"follow","max-snippet":"max-snippet:-1","max-image-preview":"max-image-preview:large","max-video-preview":"max-video-preview:-1"},"canonical":"https:\/\/lasentinelle.dz\/index.php\/2023\/06\/11\/alimentation-en-eau-potable-vers-linstallation-de-compteurs-intelligents\/","og_locale":"fr_FR","og_type":"article","og_title":"Alimentation en eau potable : Vers l\u2019installation de compteurs intelligents - La Sentinelle","og_description":"La Soci\u00e9t\u00e9 des eaux et de l&rsquo;assainissement d&rsquo;Alger (SEAAL) et l\u2019Alg\u00e9rienne des eaux ont sign\u00e9, samedi, sous la pr\u00e9sidence du","og_url":"https:\/\/lasentinelle.dz\/index.php\/2023\/06\/11\/alimentation-en-eau-potable-vers-linstallation-de-compteurs-intelligents\/","og_site_name":"La Sentinelle","article_publisher":"https:\/\/www.facebook.com\/La-Sentinelle-104059864394773","article_published_time":"2023-06-11T21:42:57+00:00","article_modified_time":"2023-06-11T21:42:59+00:00","og_image":[{"width":1280,"height":853,"url":"https:\/\/lasentinelle.dz\/wp-content\/uploads\/2023\/06\/compteur.jpeg","type":"image\/jpeg"}],"author":"La Sentinelle","twitter_card":"summary_large_image","twitter_misc":{"\u00c9crit par":"La Sentinelle","Dur\u00e9e de lecture estim\u00e9e":"4 minutes"},"schema":{"@context":"https:\/\/schema.org","@graph":[{"@type":"Article","@id":"https:\/\/lasentinelle.dz\/index.php\/2023\/06\/11\/alimentation-en-eau-potable-vers-linstallation-de-compteurs-intelligents\/#article","isPartOf":{"@id":"https:\/\/lasentinelle.dz\/index.php\/2023\/06\/11\/alimentation-en-eau-potable-vers-linstallation-de-compteurs-intelligents\/"},"author":{"name":"La Sentinelle","@id":"https:\/\/lasentinelle.dz\/#\/schema\/person\/d865044e22e70a75174ce8bcad3acfb3"},"headline":"Alimentation en eau potable : Vers l\u2019installation de compteurs intelligents","datePublished":"2023-06-11T21:42:57+00:00","dateModified":"2023-06-11T21:42:59+00:00","mainEntityOfPage":{"@id":"https:\/\/lasentinelle.dz\/index.php\/2023\/06\/11\/alimentation-en-eau-potable-vers-linstallation-de-compteurs-intelligents\/"},"wordCount":719,"commentCount":0,"publisher":{"@id":"https:\/\/lasentinelle.dz\/#organization"},"image":{"@id":"https:\/\/lasentinelle.dz\/index.php\/2023\/06\/11\/alimentation-en-eau-potable-vers-linstallation-de-compteurs-intelligents\/#primaryimage"},"thumbnailUrl":"https:\/\/lasentinelle.dz\/wp-content\/uploads\/2023\/06\/compteur.jpeg","articleSection":["Actualit\u00e9"],"inLanguage":"fr-FR","potentialAction":[{"@type":"CommentAction","name":"Comment","target":["https:\/\/lasentinelle.dz\/index.php\/2023\/06\/11\/alimentation-en-eau-potable-vers-linstallation-de-compteurs-intelligents\/#respond"]}]},{"@type":"WebPage","@id":"https:\/\/lasentinelle.dz\/index.php\/2023\/06\/11\/alimentation-en-eau-potable-vers-linstallation-de-compteurs-intelligents\/","url":"https:\/\/lasentinelle.dz\/index.php\/2023\/06\/11\/alimentation-en-eau-potable-vers-linstallation-de-compteurs-intelligents\/","name":"Alimentation en eau potable : Vers l\u2019installation de compteurs intelligents - La Sentinelle","isPartOf":{"@id":"https:\/\/lasentinelle.dz\/#website"},"primaryImageOfPage":{"@id":"https:\/\/lasentinelle.dz\/index.php\/2023\/06\/11\/alimentation-en-eau-potable-vers-linstallation-de-compteurs-intelligents\/#primaryimage"},"image":{"@id":"https:\/\/lasentinelle.dz\/index.php\/2023\/06\/11\/alimentation-en-eau-potable-vers-linstallation-de-compteurs-intelligents\/#primaryimage"},"thumbnailUrl":"https:\/\/lasentinelle.dz\/wp-content\/uploads\/2023\/06\/compteur.jpeg","datePublished":"2023-06-11T21:42:57+00:00","dateModified":"2023-06-11T21:42:59+00:00","breadcrumb":{"@id":"https:\/\/lasentinelle.dz\/index.php\/2023\/06\/11\/alimentation-en-eau-potable-vers-linstallation-de-compteurs-intelligents\/#breadcrumb"},"inLanguage":"fr-FR","potentialAction":[{"@type":"ReadAction","target":["https:\/\/lasentinelle.dz\/index.php\/2023\/06\/11\/alimentation-en-eau-potable-vers-linstallation-de-compteurs-intelligents\/"]}]},{"@type":"ImageObject","inLanguage":"fr-FR","@id":"https:\/\/lasentinelle.dz\/index.php\/2023\/06\/11\/alimentation-en-eau-potable-vers-linstallation-de-compteurs-intelligents\/#primaryimage","url":"https:\/\/lasentinelle.dz\/wp-content\/uploads\/2023\/06\/compteur.jpeg","contentUrl":"https:\/\/lasentinelle.dz\/wp-content\/uploads\/2023\/06\/compteur.jpeg","width":1280,"height":853},{"@type":"BreadcrumbList","@id":"https:\/\/lasentinelle.dz\/index.php\/2023\/06\/11\/alimentation-en-eau-potable-vers-linstallation-de-compteurs-intelligents\/#breadcrumb","itemListElement":[{"@type":"ListItem","position":1,"name":"Accueil","item":"https:\/\/lasentinelle.dz\/"},{"@type":"ListItem","position":2,"name":"Alimentation en eau potable : Vers l\u2019installation de compteurs intelligents"}]},{"@type":"WebSite","@id":"https:\/\/lasentinelle.dz\/#website","url":"https:\/\/lasentinelle.dz\/","name":"La Sentinelle","description":"Quotidien national d&#039;information","publisher":{"@id":"https:\/\/lasentinelle.dz\/#organization"},"potentialAction":[{"@type":"SearchAction","target":{"@type":"EntryPoint","urlTemplate":"https:\/\/lasentinelle.dz\/?s={search_term_string}"},"query-input":{"@type":"PropertyValueSpecification","valueRequired":true,"valueName":"search_term_string"}}],"inLanguage":"fr-FR"},{"@type":"Organization","@id":"https:\/\/lasentinelle.dz\/#organization","name":"Quotidien La Sentinelle","url":"https:\/\/lasentinelle.dz\/","logo":{"@type":"ImageObject","inLanguage":"fr-FR","@id":"https:\/\/lasentinelle.dz\/#\/schema\/logo\/image\/","url":"https:\/\/lasentinelle.dz\/wp-content\/uploads\/2021\/09\/logo-sentinelleSLOGAN-1.png","contentUrl":"https:\/\/lasentinelle.dz\/wp-content\/uploads\/2021\/09\/logo-sentinelleSLOGAN-1.png","width":615,"height":142,"caption":"Quotidien La Sentinelle"},"image":{"@id":"https:\/\/lasentinelle.dz\/#\/schema\/logo\/image\/"},"sameAs":["https:\/\/www.facebook.com\/La-Sentinelle-104059864394773"]},{"@type":"Person","@id":"https:\/\/lasentinelle.dz\/#\/schema\/person\/d865044e22e70a75174ce8bcad3acfb3","name":"La Sentinelle","image":{"@type":"ImageObject","inLanguage":"fr-FR","@id":"https:\/\/secure.gravatar.com\/avatar\/57de8e5d4b15d43fb361a71fbb36338450fe67865b528a43dd10ef7c51a20392?s=96&d=mm&r=g","url":"https:\/\/secure.gravatar.com\/avatar\/57de8e5d4b15d43fb361a71fbb36338450fe67865b528a43dd10ef7c51a20392?s=96&d=mm&r=g","contentUrl":"https:\/\/secure.gravatar.com\/avatar\/57de8e5d4b15d43fb361a71fbb36338450fe67865b528a43dd10ef7c51a20392?s=96&d=mm&r=g","caption":"La Sentinelle"},"sameAs":["http:\/\/www.lasentinelle.dz"],"url":"https:\/\/lasentinelle.dz\/author\/redaction\/"}]}},"_links":{"self":[{"href":"https:\/\/lasentinelle.dz\/index.php\/wp-json\/wp\/v2\/posts\/42599","targetHints":{"allow":["GET"]}}],"collection":[{"href":"https:\/\/lasentinelle.dz\/index.php\/wp-json\/wp\/v2\/posts"}],"about":[{"href":"https:\/\/lasentinelle.dz\/index.php\/wp-json\/wp\/v2\/types\/post"}],"author":[{"embeddable":true,"href":"https:\/\/lasentinelle.dz\/index.php\/wp-json\/wp\/v2\/users\/3"}],"replies":[{"embeddable":true,"href":"https:\/\/lasentinelle.dz\/index.php\/wp-json\/wp\/v2\/comments?post=42599"}],"version-history":[{"count":1,"href":"https:\/\/lasentinelle.dz\/index.php\/wp-json\/wp\/v2\/posts\/42599\/revisions"}],"predecessor-version":[{"id":42601,"href":"https:\/\/lasentinelle.dz\/index.php\/wp-json\/wp\/v2\/posts\/42599\/revisions\/42601"}],"wp:featuredmedia":[{"embeddable":true,"href":"https:\/\/lasentinelle.dz\/index.php\/wp-json\/wp\/v2\/media\/42600"}],"wp:attachment":[{"href":"https:\/\/lasentinelle.dz\/index.php\/wp-json\/wp\/v2\/media?parent=42599"}],"wp:term":[{"taxonomy":"category","embeddable":true,"href":"https:\/\/lasentinelle.dz\/index.php\/wp-json\/wp\/v2\/categories?post=42599"},{"taxonomy":"post_tag","embeddable":true,"href":"https:\/\/lasentinelle.dz\/index.php\/wp-json\/wp\/v2\/tags?post=42599"}],"curies":[{"name":"wp","href":"https:\/\/api.w.org\/{rel}","templated":true}]}}