{"id":42663,"date":"2023-06-13T20:28:12","date_gmt":"2023-06-13T19:28:12","guid":{"rendered":"https:\/\/lasentinelle.dz\/?p=42663"},"modified":"2023-06-13T20:28:14","modified_gmt":"2023-06-13T19:28:14","slug":"lex-president-de-lusm-annaba-condamne-a-4-ans-de-prison","status":"publish","type":"post","link":"https:\/\/lasentinelle.dz\/index.php\/2023\/06\/13\/lex-president-de-lusm-annaba-condamne-a-4-ans-de-prison\/","title":{"rendered":"L\u2019ex-pr\u00e9sident de l\u2019USM Annaba condamn\u00e9 \u00e0 4 ans de prison"},"content":{"rendered":"\n<p><\/p>\n\n\n\n<p>La Cour d\u2019Annaba a condamn\u00e9 en troisi\u00e8me instance, le d\u00e9sormais ex-pr\u00e9sident de l\u2019USM Annaba, \u00e0 4 ann\u00e9es de prison, assortie d\u2019une mise sous mandat de d\u00e9p\u00f4t \u00e0 l\u2019audience. Le mis en cause, qui n\u2019\u00e9tait pas pr\u00e9sent lors du verdict, serait actuellement en fuite \u00e0 l\u2019\u00e9tranger. Pour rappel, l\u2019affaire remonte \u00e0 l\u2019ann\u00e9e 2019, lorsque L\u2019ex-pr\u00e9sident de l\u2019USM Annaba avait \u00e9t\u00e9 condamn\u00e9, par le tribunal d\u2019Annaba \u00e0 18 mois de prison, dont six fermes. Le pr\u00e9venu \u00e9tait poursuivi notamment pour d\u00e9nonciation calomnieuse. Lors du premier proc\u00e8s, le repr\u00e9sentant du minist\u00e8re public avait requis, rappelons-le, 7 ann\u00e9es de prison ferme assortie d\u2019une amende. Il avait \u00e9t\u00e9, cependant, acquitt\u00e9 quelques mois plus tard par la Cour de justice d\u2019Annaba. Mais le procureur de la R\u00e9publique avait fait appel. Il est \u00e0 noter que l\u2019ex-pr\u00e9sident de l\u2019USM Annaba avait \u00e9t\u00e9 plac\u00e9 en d\u00e9tention provisoire, en juin 2019, par le juge d\u2019instruction pr\u00e8s le tribunal d\u2019Annaba, quelques semaines apr\u00e8s avoir fait des d\u00e9clarations fracassantes sur la corruption qui gangr\u00e8ne le football national et \u00e9galement concernant l\u2019achat de matchs de football, rapport\u00e9 par de nombreux m\u00e9dias. A rappeler que lors d\u2019une \u00e9mission TV, le m\u00eame responsable avait reconnu avoir d\u00e9bours\u00e9 sept milliards de centimes pour faire acc\u00e9der son club en Ligue 2, entre autres d\u00e9clarations qui ont provoqu\u00e9 un v\u00e9ritable s\u00e9isme au sein de la sph\u00e8re sportive \u00e0 Annaba.<\/p>\n\n\n\n<p><strong>Sofia Chahine<\/strong><strong><\/strong><\/p>\n","protected":false},"excerpt":{"rendered":"<p>La Cour d\u2019Annaba a condamn\u00e9 en troisi\u00e8me instance, le d\u00e9sormais ex-pr\u00e9sident de l\u2019USM Annaba, \u00e0 4 ann\u00e9es de prison, assortie<\/p>\n","protected":false},"author":3,"featured_media":41837,"comment_status":"open","ping_status":"closed","sticky":false,"template":"","format":"standard","meta":{"colormag_page_container_layout":"default_layout","colormag_page_sidebar_layout":"default_layout","om_disable_all_campaigns":false,"_monsterinsights_skip_tracking":false,"_monsterinsights_sitenote_active":false,"_monsterinsights_sitenote_note":"","_monsterinsights_sitenote_category":0,"footnotes":"","_wpscppro_dont_share_socialmedia":false,"_wpscppro_custom_social_share_image":0,"_facebook_share_type":"","_twitter_share_type":"","_linkedin_share_type":"","_pinterest_share_type":"","_linkedin_share_type_page":"","_instagram_share_type":"","_medium_share_type":"","_threads_share_type":"","_google_business_share_type":"","_selected_social_profile":[],"_wpsp_enable_custom_social_template":false,"_wpsp_social_scheduling":{"enabled":false,"datetime":null,"platforms":[],"status":"template_only","dateOption":"today","timeOption":"now","customDays":"","customHours":"","customDate":"","customTime":"","schedulingType":"absolute"},"_wpsp_active_default_template":true},"categories":[33],"tags":[],"class_list":["post-42663","post","type-post","status-publish","format-standard","has-post-thumbnail","hentry","category-sports"],"aioseo_notices":[],"yoast_head":"<!-- This site is optimized with the Yoast SEO plugin v27.5 - https:\/\/yoast.com\/product\/yoast-seo-wordpress\/ -->\n<title>L\u2019ex-pr\u00e9sident de l\u2019USM Annaba condamn\u00e9 \u00e0 4 ans de prison - La Sentinelle<\/title>\n<meta name=\"robots\" content=\"index, follow, max-snippet:-1, max-image-preview:large, max-video-preview:-1\" \/>\n<link rel=\"canonical\" href=\"https:\/\/lasentinelle.dz\/index.php\/2023\/06\/13\/lex-president-de-lusm-annaba-condamne-a-4-ans-de-prison\/\" \/>\n<meta property=\"og:locale\" content=\"fr_FR\" \/>\n<meta property=\"og:type\" content=\"article\" \/>\n<meta property=\"og:title\" content=\"L\u2019ex-pr\u00e9sident de l\u2019USM Annaba condamn\u00e9 \u00e0 4 ans de prison - La Sentinelle\" \/>\n<meta property=\"og:description\" content=\"La Cour d\u2019Annaba a condamn\u00e9 en troisi\u00e8me instance, le d\u00e9sormais ex-pr\u00e9sident de l\u2019USM Annaba, \u00e0 4 ann\u00e9es de prison, assortie\" \/>\n<meta property=\"og:url\" content=\"https:\/\/lasentinelle.dz\/index.php\/2023\/06\/13\/lex-president-de-lusm-annaba-condamne-a-4-ans-de-prison\/\" \/>\n<meta property=\"og:site_name\" content=\"La Sentinelle\" \/>\n<meta property=\"article:publisher\" content=\"https:\/\/www.facebook.com\/La-Sentinelle-104059864394773\" \/>\n<meta property=\"article:published_time\" content=\"2023-06-13T19:28:12+00:00\" \/>\n<meta property=\"article:modified_time\" content=\"2023-06-13T19:28:14+00:00\" \/>\n<meta property=\"og:image\" content=\"https:\/\/lasentinelle.dz\/wp-content\/uploads\/2023\/05\/Justice.png\" \/>\n\t<meta property=\"og:image:width\" content=\"1579\" \/>\n\t<meta property=\"og:image:height\" content=\"900\" \/>\n\t<meta property=\"og:image:type\" content=\"image\/png\" \/>\n<meta name=\"author\" content=\"La Sentinelle\" \/>\n<meta name=\"twitter:card\" content=\"summary_large_image\" \/>\n<meta name=\"twitter:label1\" content=\"\u00c9crit par\" \/>\n\t<meta name=\"twitter:data1\" content=\"La Sentinelle\" \/>\n\t<meta name=\"twitter:label2\" content=\"Dur\u00e9e de lecture estim\u00e9e\" \/>\n\t<meta name=\"twitter:data2\" content=\"2 minutes\" \/>\n<script type=\"application\/ld+json\" class=\"yoast-schema-graph\">{\"@context\":\"https:\\\/\\\/schema.org\",\"@graph\":[{\"@type\":\"Article\",\"@id\":\"https:\\\/\\\/lasentinelle.dz\\\/index.php\\\/2023\\\/06\\\/13\\\/lex-president-de-lusm-annaba-condamne-a-4-ans-de-prison\\\/#article\",\"isPartOf\":{\"@id\":\"https:\\\/\\\/lasentinelle.dz\\\/index.php\\\/2023\\\/06\\\/13\\\/lex-president-de-lusm-annaba-condamne-a-4-ans-de-prison\\\/\"},\"author\":{\"name\":\"La Sentinelle\",\"@id\":\"https:\\\/\\\/lasentinelle.dz\\\/#\\\/schema\\\/person\\\/d865044e22e70a75174ce8bcad3acfb3\"},\"headline\":\"L\u2019ex-pr\u00e9sident de l\u2019USM Annaba condamn\u00e9 \u00e0 4 ans de prison\",\"datePublished\":\"2023-06-13T19:28:12+00:00\",\"dateModified\":\"2023-06-13T19:28:14+00:00\",\"mainEntityOfPage\":{\"@id\":\"https:\\\/\\\/lasentinelle.dz\\\/index.php\\\/2023\\\/06\\\/13\\\/lex-president-de-lusm-annaba-condamne-a-4-ans-de-prison\\\/\"},\"wordCount\":271,\"commentCount\":0,\"publisher\":{\"@id\":\"https:\\\/\\\/lasentinelle.dz\\\/#organization\"},\"image\":{\"@id\":\"https:\\\/\\\/lasentinelle.dz\\\/index.php\\\/2023\\\/06\\\/13\\\/lex-president-de-lusm-annaba-condamne-a-4-ans-de-prison\\\/#primaryimage\"},\"thumbnailUrl\":\"https:\\\/\\\/lasentinelle.dz\\\/wp-content\\\/uploads\\\/2023\\\/05\\\/Justice.png\",\"articleSection\":[\"Sports\"],\"inLanguage\":\"fr-FR\",\"potentialAction\":[{\"@type\":\"CommentAction\",\"name\":\"Comment\",\"target\":[\"https:\\\/\\\/lasentinelle.dz\\\/index.php\\\/2023\\\/06\\\/13\\\/lex-president-de-lusm-annaba-condamne-a-4-ans-de-prison\\\/#respond\"]}]},{\"@type\":\"WebPage\",\"@id\":\"https:\\\/\\\/lasentinelle.dz\\\/index.php\\\/2023\\\/06\\\/13\\\/lex-president-de-lusm-annaba-condamne-a-4-ans-de-prison\\\/\",\"url\":\"https:\\\/\\\/lasentinelle.dz\\\/index.php\\\/2023\\\/06\\\/13\\\/lex-president-de-lusm-annaba-condamne-a-4-ans-de-prison\\\/\",\"name\":\"L\u2019ex-pr\u00e9sident de l\u2019USM Annaba condamn\u00e9 \u00e0 4 ans de prison - La Sentinelle\",\"isPartOf\":{\"@id\":\"https:\\\/\\\/lasentinelle.dz\\\/#website\"},\"primaryImageOfPage\":{\"@id\":\"https:\\\/\\\/lasentinelle.dz\\\/index.php\\\/2023\\\/06\\\/13\\\/lex-president-de-lusm-annaba-condamne-a-4-ans-de-prison\\\/#primaryimage\"},\"image\":{\"@id\":\"https:\\\/\\\/lasentinelle.dz\\\/index.php\\\/2023\\\/06\\\/13\\\/lex-president-de-lusm-annaba-condamne-a-4-ans-de-prison\\\/#primaryimage\"},\"thumbnailUrl\":\"https:\\\/\\\/lasentinelle.dz\\\/wp-content\\\/uploads\\\/2023\\\/05\\\/Justice.png\",\"datePublished\":\"2023-06-13T19:28:12+00:00\",\"dateModified\":\"2023-06-13T19:28:14+00:00\",\"breadcrumb\":{\"@id\":\"https:\\\/\\\/lasentinelle.dz\\\/index.php\\\/2023\\\/06\\\/13\\\/lex-president-de-lusm-annaba-condamne-a-4-ans-de-prison\\\/#breadcrumb\"},\"inLanguage\":\"fr-FR\",\"potentialAction\":[{\"@type\":\"ReadAction\",\"target\":[\"https:\\\/\\\/lasentinelle.dz\\\/index.php\\\/2023\\\/06\\\/13\\\/lex-president-de-lusm-annaba-condamne-a-4-ans-de-prison\\\/\"]}]},{\"@type\":\"ImageObject\",\"inLanguage\":\"fr-FR\",\"@id\":\"https:\\\/\\\/lasentinelle.dz\\\/index.php\\\/2023\\\/06\\\/13\\\/lex-president-de-lusm-annaba-condamne-a-4-ans-de-prison\\\/#primaryimage\",\"url\":\"https:\\\/\\\/lasentinelle.dz\\\/wp-content\\\/uploads\\\/2023\\\/05\\\/Justice.png\",\"contentUrl\":\"https:\\\/\\\/lasentinelle.dz\\\/wp-content\\\/uploads\\\/2023\\\/05\\\/Justice.png\",\"width\":1579,\"height\":900},{\"@type\":\"BreadcrumbList\",\"@id\":\"https:\\\/\\\/lasentinelle.dz\\\/index.php\\\/2023\\\/06\\\/13\\\/lex-president-de-lusm-annaba-condamne-a-4-ans-de-prison\\\/#breadcrumb\",\"itemListElement\":[{\"@type\":\"ListItem\",\"position\":1,\"name\":\"Accueil\",\"item\":\"https:\\\/\\\/lasentinelle.dz\\\/\"},{\"@type\":\"ListItem\",\"position\":2,\"name\":\"L\u2019ex-pr\u00e9sident de l\u2019USM Annaba condamn\u00e9 \u00e0 4 ans de prison\"}]},{\"@type\":\"WebSite\",\"@id\":\"https:\\\/\\\/lasentinelle.dz\\\/#website\",\"url\":\"https:\\\/\\\/lasentinelle.dz\\\/\",\"name\":\"La Sentinelle\",\"description\":\"Quotidien national d&#039;information\",\"publisher\":{\"@id\":\"https:\\\/\\\/lasentinelle.dz\\\/#organization\"},\"potentialAction\":[{\"@type\":\"SearchAction\",\"target\":{\"@type\":\"EntryPoint\",\"urlTemplate\":\"https:\\\/\\\/lasentinelle.dz\\\/?s={search_term_string}\"},\"query-input\":{\"@type\":\"PropertyValueSpecification\",\"valueRequired\":true,\"valueName\":\"search_term_string\"}}],\"inLanguage\":\"fr-FR\"},{\"@type\":\"Organization\",\"@id\":\"https:\\\/\\\/lasentinelle.dz\\\/#organization\",\"name\":\"Quotidien La Sentinelle\",\"url\":\"https:\\\/\\\/lasentinelle.dz\\\/\",\"logo\":{\"@type\":\"ImageObject\",\"inLanguage\":\"fr-FR\",\"@id\":\"https:\\\/\\\/lasentinelle.dz\\\/#\\\/schema\\\/logo\\\/image\\\/\",\"url\":\"https:\\\/\\\/lasentinelle.dz\\\/wp-content\\\/uploads\\\/2021\\\/09\\\/logo-sentinelleSLOGAN-1.png\",\"contentUrl\":\"https:\\\/\\\/lasentinelle.dz\\\/wp-content\\\/uploads\\\/2021\\\/09\\\/logo-sentinelleSLOGAN-1.png\",\"width\":615,\"height\":142,\"caption\":\"Quotidien La Sentinelle\"},\"image\":{\"@id\":\"https:\\\/\\\/lasentinelle.dz\\\/#\\\/schema\\\/logo\\\/image\\\/\"},\"sameAs\":[\"https:\\\/\\\/www.facebook.com\\\/La-Sentinelle-104059864394773\"]},{\"@type\":\"Person\",\"@id\":\"https:\\\/\\\/lasentinelle.dz\\\/#\\\/schema\\\/person\\\/d865044e22e70a75174ce8bcad3acfb3\",\"name\":\"La Sentinelle\",\"image\":{\"@type\":\"ImageObject\",\"inLanguage\":\"fr-FR\",\"@id\":\"https:\\\/\\\/secure.gravatar.com\\\/avatar\\\/57de8e5d4b15d43fb361a71fbb36338450fe67865b528a43dd10ef7c51a20392?s=96&d=mm&r=g\",\"url\":\"https:\\\/\\\/secure.gravatar.com\\\/avatar\\\/57de8e5d4b15d43fb361a71fbb36338450fe67865b528a43dd10ef7c51a20392?s=96&d=mm&r=g\",\"contentUrl\":\"https:\\\/\\\/secure.gravatar.com\\\/avatar\\\/57de8e5d4b15d43fb361a71fbb36338450fe67865b528a43dd10ef7c51a20392?s=96&d=mm&r=g\",\"caption\":\"La Sentinelle\"},\"sameAs\":[\"http:\\\/\\\/www.lasentinelle.dz\"],\"url\":\"https:\\\/\\\/lasentinelle.dz\\\/author\\\/redaction\\\/\"}]}<\/script>\n<!-- \/ Yoast SEO plugin. -->","yoast_head_json":{"title":"L\u2019ex-pr\u00e9sident de l\u2019USM Annaba condamn\u00e9 \u00e0 4 ans de prison - La Sentinelle","robots":{"index":"index","follow":"follow","max-snippet":"max-snippet:-1","max-image-preview":"max-image-preview:large","max-video-preview":"max-video-preview:-1"},"canonical":"https:\/\/lasentinelle.dz\/index.php\/2023\/06\/13\/lex-president-de-lusm-annaba-condamne-a-4-ans-de-prison\/","og_locale":"fr_FR","og_type":"article","og_title":"L\u2019ex-pr\u00e9sident de l\u2019USM Annaba condamn\u00e9 \u00e0 4 ans de prison - La Sentinelle","og_description":"La Cour d\u2019Annaba a condamn\u00e9 en troisi\u00e8me instance, le d\u00e9sormais ex-pr\u00e9sident de l\u2019USM Annaba, \u00e0 4 ann\u00e9es de prison, assortie","og_url":"https:\/\/lasentinelle.dz\/index.php\/2023\/06\/13\/lex-president-de-lusm-annaba-condamne-a-4-ans-de-prison\/","og_site_name":"La Sentinelle","article_publisher":"https:\/\/www.facebook.com\/La-Sentinelle-104059864394773","article_published_time":"2023-06-13T19:28:12+00:00","article_modified_time":"2023-06-13T19:28:14+00:00","og_image":[{"width":1579,"height":900,"url":"https:\/\/lasentinelle.dz\/wp-content\/uploads\/2023\/05\/Justice.png","type":"image\/png"}],"author":"La Sentinelle","twitter_card":"summary_large_image","twitter_misc":{"\u00c9crit par":"La Sentinelle","Dur\u00e9e de lecture estim\u00e9e":"2 minutes"},"schema":{"@context":"https:\/\/schema.org","@graph":[{"@type":"Article","@id":"https:\/\/lasentinelle.dz\/index.php\/2023\/06\/13\/lex-president-de-lusm-annaba-condamne-a-4-ans-de-prison\/#article","isPartOf":{"@id":"https:\/\/lasentinelle.dz\/index.php\/2023\/06\/13\/lex-president-de-lusm-annaba-condamne-a-4-ans-de-prison\/"},"author":{"name":"La Sentinelle","@id":"https:\/\/lasentinelle.dz\/#\/schema\/person\/d865044e22e70a75174ce8bcad3acfb3"},"headline":"L\u2019ex-pr\u00e9sident de l\u2019USM Annaba condamn\u00e9 \u00e0 4 ans de prison","datePublished":"2023-06-13T19:28:12+00:00","dateModified":"2023-06-13T19:28:14+00:00","mainEntityOfPage":{"@id":"https:\/\/lasentinelle.dz\/index.php\/2023\/06\/13\/lex-president-de-lusm-annaba-condamne-a-4-ans-de-prison\/"},"wordCount":271,"commentCount":0,"publisher":{"@id":"https:\/\/lasentinelle.dz\/#organization"},"image":{"@id":"https:\/\/lasentinelle.dz\/index.php\/2023\/06\/13\/lex-president-de-lusm-annaba-condamne-a-4-ans-de-prison\/#primaryimage"},"thumbnailUrl":"https:\/\/lasentinelle.dz\/wp-content\/uploads\/2023\/05\/Justice.png","articleSection":["Sports"],"inLanguage":"fr-FR","potentialAction":[{"@type":"CommentAction","name":"Comment","target":["https:\/\/lasentinelle.dz\/index.php\/2023\/06\/13\/lex-president-de-lusm-annaba-condamne-a-4-ans-de-prison\/#respond"]}]},{"@type":"WebPage","@id":"https:\/\/lasentinelle.dz\/index.php\/2023\/06\/13\/lex-president-de-lusm-annaba-condamne-a-4-ans-de-prison\/","url":"https:\/\/lasentinelle.dz\/index.php\/2023\/06\/13\/lex-president-de-lusm-annaba-condamne-a-4-ans-de-prison\/","name":"L\u2019ex-pr\u00e9sident de l\u2019USM Annaba condamn\u00e9 \u00e0 4 ans de prison - La Sentinelle","isPartOf":{"@id":"https:\/\/lasentinelle.dz\/#website"},"primaryImageOfPage":{"@id":"https:\/\/lasentinelle.dz\/index.php\/2023\/06\/13\/lex-president-de-lusm-annaba-condamne-a-4-ans-de-prison\/#primaryimage"},"image":{"@id":"https:\/\/lasentinelle.dz\/index.php\/2023\/06\/13\/lex-president-de-lusm-annaba-condamne-a-4-ans-de-prison\/#primaryimage"},"thumbnailUrl":"https:\/\/lasentinelle.dz\/wp-content\/uploads\/2023\/05\/Justice.png","datePublished":"2023-06-13T19:28:12+00:00","dateModified":"2023-06-13T19:28:14+00:00","breadcrumb":{"@id":"https:\/\/lasentinelle.dz\/index.php\/2023\/06\/13\/lex-president-de-lusm-annaba-condamne-a-4-ans-de-prison\/#breadcrumb"},"inLanguage":"fr-FR","potentialAction":[{"@type":"ReadAction","target":["https:\/\/lasentinelle.dz\/index.php\/2023\/06\/13\/lex-president-de-lusm-annaba-condamne-a-4-ans-de-prison\/"]}]},{"@type":"ImageObject","inLanguage":"fr-FR","@id":"https:\/\/lasentinelle.dz\/index.php\/2023\/06\/13\/lex-president-de-lusm-annaba-condamne-a-4-ans-de-prison\/#primaryimage","url":"https:\/\/lasentinelle.dz\/wp-content\/uploads\/2023\/05\/Justice.png","contentUrl":"https:\/\/lasentinelle.dz\/wp-content\/uploads\/2023\/05\/Justice.png","width":1579,"height":900},{"@type":"BreadcrumbList","@id":"https:\/\/lasentinelle.dz\/index.php\/2023\/06\/13\/lex-president-de-lusm-annaba-condamne-a-4-ans-de-prison\/#breadcrumb","itemListElement":[{"@type":"ListItem","position":1,"name":"Accueil","item":"https:\/\/lasentinelle.dz\/"},{"@type":"ListItem","position":2,"name":"L\u2019ex-pr\u00e9sident de l\u2019USM Annaba condamn\u00e9 \u00e0 4 ans de prison"}]},{"@type":"WebSite","@id":"https:\/\/lasentinelle.dz\/#website","url":"https:\/\/lasentinelle.dz\/","name":"La Sentinelle","description":"Quotidien national d&#039;information","publisher":{"@id":"https:\/\/lasentinelle.dz\/#organization"},"potentialAction":[{"@type":"SearchAction","target":{"@type":"EntryPoint","urlTemplate":"https:\/\/lasentinelle.dz\/?s={search_term_string}"},"query-input":{"@type":"PropertyValueSpecification","valueRequired":true,"valueName":"search_term_string"}}],"inLanguage":"fr-FR"},{"@type":"Organization","@id":"https:\/\/lasentinelle.dz\/#organization","name":"Quotidien La Sentinelle","url":"https:\/\/lasentinelle.dz\/","logo":{"@type":"ImageObject","inLanguage":"fr-FR","@id":"https:\/\/lasentinelle.dz\/#\/schema\/logo\/image\/","url":"https:\/\/lasentinelle.dz\/wp-content\/uploads\/2021\/09\/logo-sentinelleSLOGAN-1.png","contentUrl":"https:\/\/lasentinelle.dz\/wp-content\/uploads\/2021\/09\/logo-sentinelleSLOGAN-1.png","width":615,"height":142,"caption":"Quotidien La Sentinelle"},"image":{"@id":"https:\/\/lasentinelle.dz\/#\/schema\/logo\/image\/"},"sameAs":["https:\/\/www.facebook.com\/La-Sentinelle-104059864394773"]},{"@type":"Person","@id":"https:\/\/lasentinelle.dz\/#\/schema\/person\/d865044e22e70a75174ce8bcad3acfb3","name":"La Sentinelle","image":{"@type":"ImageObject","inLanguage":"fr-FR","@id":"https:\/\/secure.gravatar.com\/avatar\/57de8e5d4b15d43fb361a71fbb36338450fe67865b528a43dd10ef7c51a20392?s=96&d=mm&r=g","url":"https:\/\/secure.gravatar.com\/avatar\/57de8e5d4b15d43fb361a71fbb36338450fe67865b528a43dd10ef7c51a20392?s=96&d=mm&r=g","contentUrl":"https:\/\/secure.gravatar.com\/avatar\/57de8e5d4b15d43fb361a71fbb36338450fe67865b528a43dd10ef7c51a20392?s=96&d=mm&r=g","caption":"La Sentinelle"},"sameAs":["http:\/\/www.lasentinelle.dz"],"url":"https:\/\/lasentinelle.dz\/author\/redaction\/"}]}},"_links":{"self":[{"href":"https:\/\/lasentinelle.dz\/index.php\/wp-json\/wp\/v2\/posts\/42663","targetHints":{"allow":["GET"]}}],"collection":[{"href":"https:\/\/lasentinelle.dz\/index.php\/wp-json\/wp\/v2\/posts"}],"about":[{"href":"https:\/\/lasentinelle.dz\/index.php\/wp-json\/wp\/v2\/types\/post"}],"author":[{"embeddable":true,"href":"https:\/\/lasentinelle.dz\/index.php\/wp-json\/wp\/v2\/users\/3"}],"replies":[{"embeddable":true,"href":"https:\/\/lasentinelle.dz\/index.php\/wp-json\/wp\/v2\/comments?post=42663"}],"version-history":[{"count":1,"href":"https:\/\/lasentinelle.dz\/index.php\/wp-json\/wp\/v2\/posts\/42663\/revisions"}],"predecessor-version":[{"id":42664,"href":"https:\/\/lasentinelle.dz\/index.php\/wp-json\/wp\/v2\/posts\/42663\/revisions\/42664"}],"wp:featuredmedia":[{"embeddable":true,"href":"https:\/\/lasentinelle.dz\/index.php\/wp-json\/wp\/v2\/media\/41837"}],"wp:attachment":[{"href":"https:\/\/lasentinelle.dz\/index.php\/wp-json\/wp\/v2\/media?parent=42663"}],"wp:term":[{"taxonomy":"category","embeddable":true,"href":"https:\/\/lasentinelle.dz\/index.php\/wp-json\/wp\/v2\/categories?post=42663"},{"taxonomy":"post_tag","embeddable":true,"href":"https:\/\/lasentinelle.dz\/index.php\/wp-json\/wp\/v2\/tags?post=42663"}],"curies":[{"name":"wp","href":"https:\/\/api.w.org\/{rel}","templated":true}]}}