{"id":42675,"date":"2023-06-13T21:58:00","date_gmt":"2023-06-13T20:58:00","guid":{"rendered":"https:\/\/lasentinelle.dz\/?p=42675"},"modified":"2023-06-13T21:58:01","modified_gmt":"2023-06-13T20:58:01","slug":"salon-national-de-la-production-a-annaba-la-filiere-tomate-a-lhonneur","status":"publish","type":"post","link":"https:\/\/lasentinelle.dz\/index.php\/2023\/06\/13\/salon-national-de-la-production-a-annaba-la-filiere-tomate-a-lhonneur\/","title":{"rendered":"Salon national de la production \u00e0 Annaba : La fili\u00e8re tomate \u00e0 l\u2019honneur"},"content":{"rendered":"\n<p><\/p>\n\n\n\n<p>Le salon national de la production s\u2019est ouvert dimanche au palais de la culture et des arts Mohamed Boudiaf d\u2019Annaba. D\u00e9di\u00e9 \u00e0 la production nationale, cette \u00e9dition a plac\u00e9 la tomate \u00e0 la place d\u2019honneur, au vu de son importance capitale pour l\u2019\u00e9conomie nationale.<\/p>\n\n\n\n<p>Organis\u00e9 conjointement par la Chambre de commerce et d\u2019industrie et la direction du commerce et de la promotion des exportations, l&rsquo;\u00e9v\u00e9nement a enregistr\u00e9 la participation de 26 exposants parmi les repr\u00e9sentants du secteur agroalimentaire, des conserveries alimentaires, de l\u2019industrie ainsi que des start-ups. Tous ces partenaires dans la promotion de l\u2019\u00e9conomie nationale se sont r\u00e9unis pendant deux jours en ateliers de formation sur la fili\u00e8re strat\u00e9gique qu\u2019est la tomate. Le premier atelier de formation a \u00e9t\u00e9 consacr\u00e9 aux techniques de s\u00e9chage de la tomate. Quant au second atelier, il a eu trait au syst\u00e8me d\u2019analyse des risques et de ma\u00eetrise des points critiques. Des experts nationaux et internationaux et des chercheurs universitaires sp\u00e9cialis\u00e9s ont dirig\u00e9 ces ateliers de formation. Des professionnels de la fili\u00e8re de la tomate ont \u00e9galement apport\u00e9 leur exp\u00e9rience dans le domaine. Le salon a \u00e9t\u00e9 une opportunit\u00e9 pour les producteurs et les transformateurs de trouver des r\u00e9ponses aux interrogations en rapport avec la fili\u00e8re de la tomate. Mais le premier objectif de cet \u00e9v\u00e9nement vise principalement les industries de l\u2019agroalimentaire, entre autres les fili\u00e8res de conserverie, de la transformation des fruits, l\u00e9gumes et produits alimentaires, ainsi que les artisans de la conservation, les agriculteurs, chercheurs et \u00e9tudiants. Un panel de concern\u00e9s par cette fili\u00e8re en plein essor depuis les derni\u00e8res ann\u00e9es. Un d\u00e9veloppement marqu\u00e9 par la contribution de toutes les parties prenantes, pour promouvoir cette fili\u00e8re susceptible d\u2019apporter une plus value \u00e0 la production de la tomate, dans sa culture, sa transformation et surtout dans sa promotion en tant que produit national capable d\u2019investir le march\u00e9 africain et international avec un label \u2018\u2019made in Algeria\u2019\u2019. Une labellisation qui traduit la qualit\u00e9 du produit national.<\/p>\n\n\n\n<p>Pour rappel, le coup d\u2019envoi de cette \u00e9dition du salon national de la production a \u00e9t\u00e9 donn\u00e9 par le wali d\u2019Annaba et les autorit\u00e9s locales. Le premier responsable de la wilaya d\u2019Annaba a appel\u00e9 \u00e0 plus d\u2019initiatives devant promouvoir le production nationale.<\/p>\n\n\n\n<p><strong>Sofia Chahine<\/strong><\/p>\n","protected":false},"excerpt":{"rendered":"<p>Le salon national de la production s\u2019est ouvert dimanche au palais de la culture et des arts Mohamed Boudiaf d\u2019Annaba.<\/p>\n","protected":false},"author":3,"featured_media":42676,"comment_status":"open","ping_status":"closed","sticky":false,"template":"","format":"standard","meta":{"colormag_page_container_layout":"default_layout","colormag_page_sidebar_layout":"default_layout","om_disable_all_campaigns":false,"_monsterinsights_skip_tracking":false,"_monsterinsights_sitenote_active":false,"_monsterinsights_sitenote_note":"","_monsterinsights_sitenote_category":0,"footnotes":"","_wpscppro_dont_share_socialmedia":false,"_wpscppro_custom_social_share_image":0,"_facebook_share_type":"","_twitter_share_type":"","_linkedin_share_type":"","_pinterest_share_type":"","_linkedin_share_type_page":"","_instagram_share_type":"","_medium_share_type":"","_threads_share_type":"","_google_business_share_type":"","_selected_social_profile":[],"_wpsp_enable_custom_social_template":false,"_wpsp_social_scheduling":{"enabled":false,"datetime":null,"platforms":[],"status":"template_only","dateOption":"today","timeOption":"now","customDays":"","customHours":"","customDate":"","customTime":"","schedulingType":"absolute"},"_wpsp_active_default_template":true},"categories":[31],"tags":[],"class_list":["post-42675","post","type-post","status-publish","format-standard","has-post-thumbnail","hentry","category-regions"],"aioseo_notices":[],"yoast_head":"<!-- This site is optimized with the Yoast SEO plugin v27.4 - https:\/\/yoast.com\/product\/yoast-seo-wordpress\/ -->\n<title>Salon national de la production \u00e0 Annaba : La fili\u00e8re tomate \u00e0 l\u2019honneur - La Sentinelle<\/title>\n<meta name=\"robots\" content=\"index, follow, max-snippet:-1, max-image-preview:large, max-video-preview:-1\" \/>\n<link rel=\"canonical\" href=\"https:\/\/lasentinelle.dz\/index.php\/2023\/06\/13\/salon-national-de-la-production-a-annaba-la-filiere-tomate-a-lhonneur\/\" \/>\n<meta property=\"og:locale\" content=\"fr_FR\" \/>\n<meta property=\"og:type\" content=\"article\" \/>\n<meta property=\"og:title\" content=\"Salon national de la production \u00e0 Annaba : La fili\u00e8re tomate \u00e0 l\u2019honneur - La Sentinelle\" \/>\n<meta property=\"og:description\" content=\"Le salon national de la production s\u2019est ouvert dimanche au palais de la culture et des arts Mohamed Boudiaf d\u2019Annaba.\" \/>\n<meta property=\"og:url\" content=\"https:\/\/lasentinelle.dz\/index.php\/2023\/06\/13\/salon-national-de-la-production-a-annaba-la-filiere-tomate-a-lhonneur\/\" \/>\n<meta property=\"og:site_name\" content=\"La Sentinelle\" \/>\n<meta property=\"article:publisher\" content=\"https:\/\/www.facebook.com\/La-Sentinelle-104059864394773\" \/>\n<meta property=\"article:published_time\" content=\"2023-06-13T20:58:00+00:00\" \/>\n<meta property=\"article:modified_time\" content=\"2023-06-13T20:58:01+00:00\" \/>\n<meta property=\"og:image\" content=\"https:\/\/lasentinelle.dz\/wp-content\/uploads\/2023\/06\/tomate-industrielle.jpeg\" \/>\n\t<meta property=\"og:image:width\" content=\"580\" \/>\n\t<meta property=\"og:image:height\" content=\"350\" \/>\n\t<meta property=\"og:image:type\" content=\"image\/jpeg\" \/>\n<meta name=\"author\" content=\"La Sentinelle\" \/>\n<meta name=\"twitter:card\" content=\"summary_large_image\" \/>\n<meta name=\"twitter:label1\" content=\"\u00c9crit par\" \/>\n\t<meta name=\"twitter:data1\" content=\"La Sentinelle\" \/>\n\t<meta name=\"twitter:label2\" content=\"Dur\u00e9e de lecture estim\u00e9e\" \/>\n\t<meta name=\"twitter:data2\" content=\"2 minutes\" \/>\n<script type=\"application\/ld+json\" class=\"yoast-schema-graph\">{\"@context\":\"https:\\\/\\\/schema.org\",\"@graph\":[{\"@type\":\"Article\",\"@id\":\"https:\\\/\\\/lasentinelle.dz\\\/index.php\\\/2023\\\/06\\\/13\\\/salon-national-de-la-production-a-annaba-la-filiere-tomate-a-lhonneur\\\/#article\",\"isPartOf\":{\"@id\":\"https:\\\/\\\/lasentinelle.dz\\\/index.php\\\/2023\\\/06\\\/13\\\/salon-national-de-la-production-a-annaba-la-filiere-tomate-a-lhonneur\\\/\"},\"author\":{\"name\":\"La Sentinelle\",\"@id\":\"https:\\\/\\\/lasentinelle.dz\\\/#\\\/schema\\\/person\\\/d865044e22e70a75174ce8bcad3acfb3\"},\"headline\":\"Salon national de la production \u00e0 Annaba : La fili\u00e8re tomate \u00e0 l\u2019honneur\",\"datePublished\":\"2023-06-13T20:58:00+00:00\",\"dateModified\":\"2023-06-13T20:58:01+00:00\",\"mainEntityOfPage\":{\"@id\":\"https:\\\/\\\/lasentinelle.dz\\\/index.php\\\/2023\\\/06\\\/13\\\/salon-national-de-la-production-a-annaba-la-filiere-tomate-a-lhonneur\\\/\"},\"wordCount\":415,\"commentCount\":0,\"publisher\":{\"@id\":\"https:\\\/\\\/lasentinelle.dz\\\/#organization\"},\"image\":{\"@id\":\"https:\\\/\\\/lasentinelle.dz\\\/index.php\\\/2023\\\/06\\\/13\\\/salon-national-de-la-production-a-annaba-la-filiere-tomate-a-lhonneur\\\/#primaryimage\"},\"thumbnailUrl\":\"https:\\\/\\\/lasentinelle.dz\\\/wp-content\\\/uploads\\\/2023\\\/06\\\/tomate-industrielle.jpeg\",\"articleSection\":[\"R\u00e9gions\"],\"inLanguage\":\"fr-FR\",\"potentialAction\":[{\"@type\":\"CommentAction\",\"name\":\"Comment\",\"target\":[\"https:\\\/\\\/lasentinelle.dz\\\/index.php\\\/2023\\\/06\\\/13\\\/salon-national-de-la-production-a-annaba-la-filiere-tomate-a-lhonneur\\\/#respond\"]}]},{\"@type\":\"WebPage\",\"@id\":\"https:\\\/\\\/lasentinelle.dz\\\/index.php\\\/2023\\\/06\\\/13\\\/salon-national-de-la-production-a-annaba-la-filiere-tomate-a-lhonneur\\\/\",\"url\":\"https:\\\/\\\/lasentinelle.dz\\\/index.php\\\/2023\\\/06\\\/13\\\/salon-national-de-la-production-a-annaba-la-filiere-tomate-a-lhonneur\\\/\",\"name\":\"Salon national de la production \u00e0 Annaba : La fili\u00e8re tomate \u00e0 l\u2019honneur - La Sentinelle\",\"isPartOf\":{\"@id\":\"https:\\\/\\\/lasentinelle.dz\\\/#website\"},\"primaryImageOfPage\":{\"@id\":\"https:\\\/\\\/lasentinelle.dz\\\/index.php\\\/2023\\\/06\\\/13\\\/salon-national-de-la-production-a-annaba-la-filiere-tomate-a-lhonneur\\\/#primaryimage\"},\"image\":{\"@id\":\"https:\\\/\\\/lasentinelle.dz\\\/index.php\\\/2023\\\/06\\\/13\\\/salon-national-de-la-production-a-annaba-la-filiere-tomate-a-lhonneur\\\/#primaryimage\"},\"thumbnailUrl\":\"https:\\\/\\\/lasentinelle.dz\\\/wp-content\\\/uploads\\\/2023\\\/06\\\/tomate-industrielle.jpeg\",\"datePublished\":\"2023-06-13T20:58:00+00:00\",\"dateModified\":\"2023-06-13T20:58:01+00:00\",\"breadcrumb\":{\"@id\":\"https:\\\/\\\/lasentinelle.dz\\\/index.php\\\/2023\\\/06\\\/13\\\/salon-national-de-la-production-a-annaba-la-filiere-tomate-a-lhonneur\\\/#breadcrumb\"},\"inLanguage\":\"fr-FR\",\"potentialAction\":[{\"@type\":\"ReadAction\",\"target\":[\"https:\\\/\\\/lasentinelle.dz\\\/index.php\\\/2023\\\/06\\\/13\\\/salon-national-de-la-production-a-annaba-la-filiere-tomate-a-lhonneur\\\/\"]}]},{\"@type\":\"ImageObject\",\"inLanguage\":\"fr-FR\",\"@id\":\"https:\\\/\\\/lasentinelle.dz\\\/index.php\\\/2023\\\/06\\\/13\\\/salon-national-de-la-production-a-annaba-la-filiere-tomate-a-lhonneur\\\/#primaryimage\",\"url\":\"https:\\\/\\\/lasentinelle.dz\\\/wp-content\\\/uploads\\\/2023\\\/06\\\/tomate-industrielle.jpeg\",\"contentUrl\":\"https:\\\/\\\/lasentinelle.dz\\\/wp-content\\\/uploads\\\/2023\\\/06\\\/tomate-industrielle.jpeg\",\"width\":580,\"height\":350},{\"@type\":\"BreadcrumbList\",\"@id\":\"https:\\\/\\\/lasentinelle.dz\\\/index.php\\\/2023\\\/06\\\/13\\\/salon-national-de-la-production-a-annaba-la-filiere-tomate-a-lhonneur\\\/#breadcrumb\",\"itemListElement\":[{\"@type\":\"ListItem\",\"position\":1,\"name\":\"Accueil\",\"item\":\"https:\\\/\\\/lasentinelle.dz\\\/\"},{\"@type\":\"ListItem\",\"position\":2,\"name\":\"Salon national de la production \u00e0 Annaba : La fili\u00e8re tomate \u00e0 l\u2019honneur\"}]},{\"@type\":\"WebSite\",\"@id\":\"https:\\\/\\\/lasentinelle.dz\\\/#website\",\"url\":\"https:\\\/\\\/lasentinelle.dz\\\/\",\"name\":\"La Sentinelle\",\"description\":\"Quotidien national d&#039;information\",\"publisher\":{\"@id\":\"https:\\\/\\\/lasentinelle.dz\\\/#organization\"},\"potentialAction\":[{\"@type\":\"SearchAction\",\"target\":{\"@type\":\"EntryPoint\",\"urlTemplate\":\"https:\\\/\\\/lasentinelle.dz\\\/?s={search_term_string}\"},\"query-input\":{\"@type\":\"PropertyValueSpecification\",\"valueRequired\":true,\"valueName\":\"search_term_string\"}}],\"inLanguage\":\"fr-FR\"},{\"@type\":\"Organization\",\"@id\":\"https:\\\/\\\/lasentinelle.dz\\\/#organization\",\"name\":\"Quotidien La Sentinelle\",\"url\":\"https:\\\/\\\/lasentinelle.dz\\\/\",\"logo\":{\"@type\":\"ImageObject\",\"inLanguage\":\"fr-FR\",\"@id\":\"https:\\\/\\\/lasentinelle.dz\\\/#\\\/schema\\\/logo\\\/image\\\/\",\"url\":\"https:\\\/\\\/lasentinelle.dz\\\/wp-content\\\/uploads\\\/2021\\\/09\\\/logo-sentinelleSLOGAN-1.png\",\"contentUrl\":\"https:\\\/\\\/lasentinelle.dz\\\/wp-content\\\/uploads\\\/2021\\\/09\\\/logo-sentinelleSLOGAN-1.png\",\"width\":615,\"height\":142,\"caption\":\"Quotidien La Sentinelle\"},\"image\":{\"@id\":\"https:\\\/\\\/lasentinelle.dz\\\/#\\\/schema\\\/logo\\\/image\\\/\"},\"sameAs\":[\"https:\\\/\\\/www.facebook.com\\\/La-Sentinelle-104059864394773\"]},{\"@type\":\"Person\",\"@id\":\"https:\\\/\\\/lasentinelle.dz\\\/#\\\/schema\\\/person\\\/d865044e22e70a75174ce8bcad3acfb3\",\"name\":\"La Sentinelle\",\"image\":{\"@type\":\"ImageObject\",\"inLanguage\":\"fr-FR\",\"@id\":\"https:\\\/\\\/secure.gravatar.com\\\/avatar\\\/57de8e5d4b15d43fb361a71fbb36338450fe67865b528a43dd10ef7c51a20392?s=96&d=mm&r=g\",\"url\":\"https:\\\/\\\/secure.gravatar.com\\\/avatar\\\/57de8e5d4b15d43fb361a71fbb36338450fe67865b528a43dd10ef7c51a20392?s=96&d=mm&r=g\",\"contentUrl\":\"https:\\\/\\\/secure.gravatar.com\\\/avatar\\\/57de8e5d4b15d43fb361a71fbb36338450fe67865b528a43dd10ef7c51a20392?s=96&d=mm&r=g\",\"caption\":\"La Sentinelle\"},\"sameAs\":[\"http:\\\/\\\/www.lasentinelle.dz\"],\"url\":\"https:\\\/\\\/lasentinelle.dz\\\/author\\\/redaction\\\/\"}]}<\/script>\n<!-- \/ Yoast SEO plugin. -->","yoast_head_json":{"title":"Salon national de la production \u00e0 Annaba : La fili\u00e8re tomate \u00e0 l\u2019honneur - La Sentinelle","robots":{"index":"index","follow":"follow","max-snippet":"max-snippet:-1","max-image-preview":"max-image-preview:large","max-video-preview":"max-video-preview:-1"},"canonical":"https:\/\/lasentinelle.dz\/index.php\/2023\/06\/13\/salon-national-de-la-production-a-annaba-la-filiere-tomate-a-lhonneur\/","og_locale":"fr_FR","og_type":"article","og_title":"Salon national de la production \u00e0 Annaba : La fili\u00e8re tomate \u00e0 l\u2019honneur - La Sentinelle","og_description":"Le salon national de la production s\u2019est ouvert dimanche au palais de la culture et des arts Mohamed Boudiaf d\u2019Annaba.","og_url":"https:\/\/lasentinelle.dz\/index.php\/2023\/06\/13\/salon-national-de-la-production-a-annaba-la-filiere-tomate-a-lhonneur\/","og_site_name":"La Sentinelle","article_publisher":"https:\/\/www.facebook.com\/La-Sentinelle-104059864394773","article_published_time":"2023-06-13T20:58:00+00:00","article_modified_time":"2023-06-13T20:58:01+00:00","og_image":[{"width":580,"height":350,"url":"https:\/\/lasentinelle.dz\/wp-content\/uploads\/2023\/06\/tomate-industrielle.jpeg","type":"image\/jpeg"}],"author":"La Sentinelle","twitter_card":"summary_large_image","twitter_misc":{"\u00c9crit par":"La Sentinelle","Dur\u00e9e de lecture estim\u00e9e":"2 minutes"},"schema":{"@context":"https:\/\/schema.org","@graph":[{"@type":"Article","@id":"https:\/\/lasentinelle.dz\/index.php\/2023\/06\/13\/salon-national-de-la-production-a-annaba-la-filiere-tomate-a-lhonneur\/#article","isPartOf":{"@id":"https:\/\/lasentinelle.dz\/index.php\/2023\/06\/13\/salon-national-de-la-production-a-annaba-la-filiere-tomate-a-lhonneur\/"},"author":{"name":"La Sentinelle","@id":"https:\/\/lasentinelle.dz\/#\/schema\/person\/d865044e22e70a75174ce8bcad3acfb3"},"headline":"Salon national de la production \u00e0 Annaba : La fili\u00e8re tomate \u00e0 l\u2019honneur","datePublished":"2023-06-13T20:58:00+00:00","dateModified":"2023-06-13T20:58:01+00:00","mainEntityOfPage":{"@id":"https:\/\/lasentinelle.dz\/index.php\/2023\/06\/13\/salon-national-de-la-production-a-annaba-la-filiere-tomate-a-lhonneur\/"},"wordCount":415,"commentCount":0,"publisher":{"@id":"https:\/\/lasentinelle.dz\/#organization"},"image":{"@id":"https:\/\/lasentinelle.dz\/index.php\/2023\/06\/13\/salon-national-de-la-production-a-annaba-la-filiere-tomate-a-lhonneur\/#primaryimage"},"thumbnailUrl":"https:\/\/lasentinelle.dz\/wp-content\/uploads\/2023\/06\/tomate-industrielle.jpeg","articleSection":["R\u00e9gions"],"inLanguage":"fr-FR","potentialAction":[{"@type":"CommentAction","name":"Comment","target":["https:\/\/lasentinelle.dz\/index.php\/2023\/06\/13\/salon-national-de-la-production-a-annaba-la-filiere-tomate-a-lhonneur\/#respond"]}]},{"@type":"WebPage","@id":"https:\/\/lasentinelle.dz\/index.php\/2023\/06\/13\/salon-national-de-la-production-a-annaba-la-filiere-tomate-a-lhonneur\/","url":"https:\/\/lasentinelle.dz\/index.php\/2023\/06\/13\/salon-national-de-la-production-a-annaba-la-filiere-tomate-a-lhonneur\/","name":"Salon national de la production \u00e0 Annaba : La fili\u00e8re tomate \u00e0 l\u2019honneur - La Sentinelle","isPartOf":{"@id":"https:\/\/lasentinelle.dz\/#website"},"primaryImageOfPage":{"@id":"https:\/\/lasentinelle.dz\/index.php\/2023\/06\/13\/salon-national-de-la-production-a-annaba-la-filiere-tomate-a-lhonneur\/#primaryimage"},"image":{"@id":"https:\/\/lasentinelle.dz\/index.php\/2023\/06\/13\/salon-national-de-la-production-a-annaba-la-filiere-tomate-a-lhonneur\/#primaryimage"},"thumbnailUrl":"https:\/\/lasentinelle.dz\/wp-content\/uploads\/2023\/06\/tomate-industrielle.jpeg","datePublished":"2023-06-13T20:58:00+00:00","dateModified":"2023-06-13T20:58:01+00:00","breadcrumb":{"@id":"https:\/\/lasentinelle.dz\/index.php\/2023\/06\/13\/salon-national-de-la-production-a-annaba-la-filiere-tomate-a-lhonneur\/#breadcrumb"},"inLanguage":"fr-FR","potentialAction":[{"@type":"ReadAction","target":["https:\/\/lasentinelle.dz\/index.php\/2023\/06\/13\/salon-national-de-la-production-a-annaba-la-filiere-tomate-a-lhonneur\/"]}]},{"@type":"ImageObject","inLanguage":"fr-FR","@id":"https:\/\/lasentinelle.dz\/index.php\/2023\/06\/13\/salon-national-de-la-production-a-annaba-la-filiere-tomate-a-lhonneur\/#primaryimage","url":"https:\/\/lasentinelle.dz\/wp-content\/uploads\/2023\/06\/tomate-industrielle.jpeg","contentUrl":"https:\/\/lasentinelle.dz\/wp-content\/uploads\/2023\/06\/tomate-industrielle.jpeg","width":580,"height":350},{"@type":"BreadcrumbList","@id":"https:\/\/lasentinelle.dz\/index.php\/2023\/06\/13\/salon-national-de-la-production-a-annaba-la-filiere-tomate-a-lhonneur\/#breadcrumb","itemListElement":[{"@type":"ListItem","position":1,"name":"Accueil","item":"https:\/\/lasentinelle.dz\/"},{"@type":"ListItem","position":2,"name":"Salon national de la production \u00e0 Annaba : La fili\u00e8re tomate \u00e0 l\u2019honneur"}]},{"@type":"WebSite","@id":"https:\/\/lasentinelle.dz\/#website","url":"https:\/\/lasentinelle.dz\/","name":"La Sentinelle","description":"Quotidien national d&#039;information","publisher":{"@id":"https:\/\/lasentinelle.dz\/#organization"},"potentialAction":[{"@type":"SearchAction","target":{"@type":"EntryPoint","urlTemplate":"https:\/\/lasentinelle.dz\/?s={search_term_string}"},"query-input":{"@type":"PropertyValueSpecification","valueRequired":true,"valueName":"search_term_string"}}],"inLanguage":"fr-FR"},{"@type":"Organization","@id":"https:\/\/lasentinelle.dz\/#organization","name":"Quotidien La Sentinelle","url":"https:\/\/lasentinelle.dz\/","logo":{"@type":"ImageObject","inLanguage":"fr-FR","@id":"https:\/\/lasentinelle.dz\/#\/schema\/logo\/image\/","url":"https:\/\/lasentinelle.dz\/wp-content\/uploads\/2021\/09\/logo-sentinelleSLOGAN-1.png","contentUrl":"https:\/\/lasentinelle.dz\/wp-content\/uploads\/2021\/09\/logo-sentinelleSLOGAN-1.png","width":615,"height":142,"caption":"Quotidien La Sentinelle"},"image":{"@id":"https:\/\/lasentinelle.dz\/#\/schema\/logo\/image\/"},"sameAs":["https:\/\/www.facebook.com\/La-Sentinelle-104059864394773"]},{"@type":"Person","@id":"https:\/\/lasentinelle.dz\/#\/schema\/person\/d865044e22e70a75174ce8bcad3acfb3","name":"La Sentinelle","image":{"@type":"ImageObject","inLanguage":"fr-FR","@id":"https:\/\/secure.gravatar.com\/avatar\/57de8e5d4b15d43fb361a71fbb36338450fe67865b528a43dd10ef7c51a20392?s=96&d=mm&r=g","url":"https:\/\/secure.gravatar.com\/avatar\/57de8e5d4b15d43fb361a71fbb36338450fe67865b528a43dd10ef7c51a20392?s=96&d=mm&r=g","contentUrl":"https:\/\/secure.gravatar.com\/avatar\/57de8e5d4b15d43fb361a71fbb36338450fe67865b528a43dd10ef7c51a20392?s=96&d=mm&r=g","caption":"La Sentinelle"},"sameAs":["http:\/\/www.lasentinelle.dz"],"url":"https:\/\/lasentinelle.dz\/author\/redaction\/"}]}},"_links":{"self":[{"href":"https:\/\/lasentinelle.dz\/index.php\/wp-json\/wp\/v2\/posts\/42675","targetHints":{"allow":["GET"]}}],"collection":[{"href":"https:\/\/lasentinelle.dz\/index.php\/wp-json\/wp\/v2\/posts"}],"about":[{"href":"https:\/\/lasentinelle.dz\/index.php\/wp-json\/wp\/v2\/types\/post"}],"author":[{"embeddable":true,"href":"https:\/\/lasentinelle.dz\/index.php\/wp-json\/wp\/v2\/users\/3"}],"replies":[{"embeddable":true,"href":"https:\/\/lasentinelle.dz\/index.php\/wp-json\/wp\/v2\/comments?post=42675"}],"version-history":[{"count":1,"href":"https:\/\/lasentinelle.dz\/index.php\/wp-json\/wp\/v2\/posts\/42675\/revisions"}],"predecessor-version":[{"id":42677,"href":"https:\/\/lasentinelle.dz\/index.php\/wp-json\/wp\/v2\/posts\/42675\/revisions\/42677"}],"wp:featuredmedia":[{"embeddable":true,"href":"https:\/\/lasentinelle.dz\/index.php\/wp-json\/wp\/v2\/media\/42676"}],"wp:attachment":[{"href":"https:\/\/lasentinelle.dz\/index.php\/wp-json\/wp\/v2\/media?parent=42675"}],"wp:term":[{"taxonomy":"category","embeddable":true,"href":"https:\/\/lasentinelle.dz\/index.php\/wp-json\/wp\/v2\/categories?post=42675"},{"taxonomy":"post_tag","embeddable":true,"href":"https:\/\/lasentinelle.dz\/index.php\/wp-json\/wp\/v2\/tags?post=42675"}],"curies":[{"name":"wp","href":"https:\/\/api.w.org\/{rel}","templated":true}]}}