{"id":42698,"date":"2023-06-14T22:15:20","date_gmt":"2023-06-14T21:15:20","guid":{"rendered":"https:\/\/lasentinelle.dz\/?p=42698"},"modified":"2023-06-14T22:15:26","modified_gmt":"2023-06-14T21:15:26","slug":"deces-de-cheikh-mohamed-tahar-ait-aldjet-un-phare-de-lerudition-seteint","status":"publish","type":"post","link":"https:\/\/lasentinelle.dz\/index.php\/2023\/06\/14\/deces-de-cheikh-mohamed-tahar-ait-aldjet-un-phare-de-lerudition-seteint\/","title":{"rendered":"D\u00e9c\u00e8s de Cheikh Mohamed Tahar A\u00eft Aldjet : Un phare de l\u2019\u00e9rudition s\u2019\u00e9teint"},"content":{"rendered":"\n<p><\/p>\n\n\n\n<p>L&rsquo;\u00e9minent \u00e9rudit Cheikh Mohamed Tahar A\u00eft Aldjet est d\u00e9c\u00e9d\u00e9 dans la nuit de mardi \u00e0 mercredi \u00e0 Alger, \u00e0 l&rsquo;\u00e2ge de 106 ans.<\/p>\n\n\n\n<p>Le d\u00e9funt a \u00e9t\u00e9 inhum\u00e9 hier apr\u00e8s-midi au cimeti\u00e8re \u00ab\u00a0Aissat Idir\u00a0\u00bb \u00e0 Beni Messous (Alger), en pr\u00e9sence d&rsquo;une foule nombreuse de citoyens venus de diff\u00e9rentes r\u00e9gions du pays et de plusieurs hauts responsables de l\u2019\u00c9tat. Le d\u00e9funt \u00e9tait l&rsquo;un des oul\u00e9mas ayant vou\u00e9 leurs vie au service de l&rsquo;Islam, un savant qui avait contribu\u00e9 \u00e0 l&rsquo;ancrage, dans notre pays, d&rsquo;un r\u00e9f\u00e9rent religieux bas\u00e9 sur la tol\u00e9rance et la mod\u00e9ration. N\u00e9 en 1917 au village de Tamokra \u00e0 Akbou (B\u00e9jaia), le d\u00e9funt a vou\u00e9 sa vie enti\u00e8re au savoir. Il a appris&nbsp; le Coran \u00e0 la Zaou\u00efa de son grand p\u00e8re Cheikh Sidi Yahia El-A\u00efdli o\u00f9 il a re\u00e7u les premiers enseignements en litt\u00e9rature et langue arabe avant de rejoindre la zaou\u00efa de Cheikh Belhamlaoui \u00e0 Oued El Athmania pr\u00e8s de Constantine, o\u00f9 il a \u00e9tudi\u00e9 les sciences de la Chariaa et les sciences humaines. Le regrett\u00e9 a \u00e9galement particip\u00e9 \u00e0 la guerre de lib\u00e9ration aux c\u00f4t\u00e9s des \u00e9tudiants de la zaou\u00efa de Sidi Yahia El-A\u00efdli qui ont rejoint les rangs de la R\u00e9volution apr\u00e8s le bombardement de leur zaou\u00efa en 1956. Fin 1957, Cheikh Mohamed Tahar A\u00eft Aldjet est all\u00e9 en Tunisie \u00e0 la demande du Colonel Amirouche avant de se rendre \u00e0 Tripoli en Libye o\u00f9 il a \u00e9t\u00e9 d\u00e9sign\u00e9 membre du bureau du Front de lib\u00e9ration nationale (FLN). Apr\u00e8s l&rsquo;ind\u00e9pendance, le d\u00e9funt regagne le pays et sera nomm\u00e9 comme enseignant aux Lyc\u00e9es de la capitale Okba Ben Nafaa et Amara Rachid (Ben Aknoun) jusqu&rsquo;\u00e0 sa retraite en 1978. A la demande du minist\u00e8re des Affaires religieuses, le regrett\u00e9 \u00e0 repris son r\u00f4le de pr\u00e9dicateur, en donnant des&nbsp; conf\u00e9rences (dourouss) et des conseils religieux, en plus du pr\u00eache du vendredi dans les mosqu\u00e9es d&rsquo;El Ghazali (Hydra) et Dar al-Arqam. A\u00eft Aldjet, qui a form\u00e9 de nombreuses comp\u00e9tences, devenues des r\u00e9f\u00e9rences intellectuelles et religieuses en Alg\u00e9rie, a laiss\u00e9 un legs riche d&rsquo;ouvrages, dont un ouvrage regroupant ses m\u00e9moires, et relatant l&rsquo;histoire de l&rsquo;Alg\u00e9rie outre un enregistrement sonore o\u00f9 il explique la lettre d&rsquo;Ibn Abi Zeid El Kairaouani et des textes choisis de la s\u00e9rie \u00ab\u00a0El-Mouatae\u00a0\u00bb. Dans une oraison fun\u00e8bre, M. Belmahdi a affirm\u00e9 que \u00ab\u00a0l&rsquo;Alg\u00e9rie vient de perdre en la personne du Cheikh Mohamed Tahar A\u00eft Aldjet, un \u00e9rudit hors pair et un des savants de l&rsquo;Alg\u00e9rie et son moudjahid, un homme dont le savoir et les actions doivent \u00eatre m\u00e9dit\u00e9s par les g\u00e9n\u00e9rations montantes\u00a0\u00bb. Le d\u00e9funt a contribu\u00e9 \u00e0 la lutte de lib\u00e9ration durant la colonisation et au combat d&rsquo;\u00e9dification apr\u00e8s l&rsquo;ind\u00e9pendance. \u00ab\u00a0Il a pris les armes aux c\u00f4t\u00e9s du colonel Amirouche durant la glorieuse guerre de lib\u00e9ration et a port\u00e9 apr\u00e8s l&rsquo;ind\u00e9pendance la banni\u00e8re du grand djihad, au service de la R\u00e9volution et du Savoir\u00a0\u00bb, a soulign\u00e9 le ministre. M.Belmahdi a mis en avant la consid\u00e9ration et le respect dont jouissait le d\u00e9funt aupr\u00e8s des oul\u00e9mas du monde.<\/p>\n\n\n\n<p>Notons que l&rsquo;enterrement de l\u2019\u00e9rudit s&rsquo;est d\u00e9roul\u00e9 en pr\u00e9sence du Premier ministre, A\u00efmene Benabderrahmane, du Conseiller du pr\u00e9sident de la R\u00e9publique charg\u00e9 des Affaires juridiques et judiciaires, Boualem Boualem et des membres du gouvernement. Le Secr\u00e9taire g\u00e9n\u00e9ral du minist\u00e8re de la D\u00e9fense nationale, le recteur de Djama\u00e2 El Djaza\u00efr, Mohamed Maamoune Al Kacimi Al Hoceini, de hauts cadres de l&rsquo;Etat, et les disciples du d\u00e9funt et ses compagnons d&rsquo;armes ainsi que des imams et des pr\u00eacheurs ont, \u00e9galement, assist\u00e9 aux obs\u00e8ques.<\/p>\n\n\n\n<p><strong>Chokri Hafed<\/strong><\/p>\n","protected":false},"excerpt":{"rendered":"<p>L&rsquo;\u00e9minent \u00e9rudit Cheikh Mohamed Tahar A\u00eft Aldjet est d\u00e9c\u00e9d\u00e9 dans la nuit de mardi \u00e0 mercredi \u00e0 Alger, \u00e0 l&rsquo;\u00e2ge<\/p>\n","protected":false},"author":3,"featured_media":42699,"comment_status":"open","ping_status":"closed","sticky":false,"template":"","format":"standard","meta":{"colormag_page_container_layout":"default_layout","colormag_page_sidebar_layout":"default_layout","om_disable_all_campaigns":false,"_monsterinsights_skip_tracking":false,"_monsterinsights_sitenote_active":false,"_monsterinsights_sitenote_note":"","_monsterinsights_sitenote_category":0,"footnotes":"","_wpscppro_dont_share_socialmedia":false,"_wpscppro_custom_social_share_image":0,"_facebook_share_type":"","_twitter_share_type":"","_linkedin_share_type":"","_pinterest_share_type":"","_linkedin_share_type_page":"","_instagram_share_type":"","_medium_share_type":"","_threads_share_type":"","_google_business_share_type":"","_selected_social_profile":[],"_wpsp_enable_custom_social_template":false,"_wpsp_social_scheduling":{"enabled":false,"datetime":null,"platforms":[],"status":"template_only","dateOption":"today","timeOption":"now","customDays":"","customHours":"","customDate":"","customTime":"","schedulingType":"absolute"},"_wpsp_active_default_template":true},"categories":[52,27],"tags":[],"class_list":["post-42698","post","type-post","status-publish","format-standard","has-post-thumbnail","hentry","category-a-la-une","category-actualite"],"aioseo_notices":[],"yoast_head":"<!-- This site is optimized with the Yoast SEO plugin v27.5 - https:\/\/yoast.com\/product\/yoast-seo-wordpress\/ -->\n<title>D\u00e9c\u00e8s de Cheikh Mohamed Tahar A\u00eft Aldjet : Un phare de l\u2019\u00e9rudition s\u2019\u00e9teint - La Sentinelle<\/title>\n<meta name=\"robots\" content=\"index, follow, max-snippet:-1, max-image-preview:large, max-video-preview:-1\" \/>\n<link rel=\"canonical\" href=\"https:\/\/lasentinelle.dz\/index.php\/2023\/06\/14\/deces-de-cheikh-mohamed-tahar-ait-aldjet-un-phare-de-lerudition-seteint\/\" \/>\n<meta property=\"og:locale\" content=\"fr_FR\" \/>\n<meta property=\"og:type\" content=\"article\" \/>\n<meta property=\"og:title\" content=\"D\u00e9c\u00e8s de Cheikh Mohamed Tahar A\u00eft Aldjet : Un phare de l\u2019\u00e9rudition s\u2019\u00e9teint - La Sentinelle\" \/>\n<meta property=\"og:description\" content=\"L&rsquo;\u00e9minent \u00e9rudit Cheikh Mohamed Tahar A\u00eft Aldjet est d\u00e9c\u00e9d\u00e9 dans la nuit de mardi \u00e0 mercredi \u00e0 Alger, \u00e0 l&rsquo;\u00e2ge\" \/>\n<meta property=\"og:url\" content=\"https:\/\/lasentinelle.dz\/index.php\/2023\/06\/14\/deces-de-cheikh-mohamed-tahar-ait-aldjet-un-phare-de-lerudition-seteint\/\" \/>\n<meta property=\"og:site_name\" content=\"La Sentinelle\" \/>\n<meta property=\"article:publisher\" content=\"https:\/\/www.facebook.com\/La-Sentinelle-104059864394773\" \/>\n<meta property=\"article:published_time\" content=\"2023-06-14T21:15:20+00:00\" \/>\n<meta property=\"article:modified_time\" content=\"2023-06-14T21:15:26+00:00\" \/>\n<meta property=\"og:image\" content=\"https:\/\/lasentinelle.dz\/wp-content\/uploads\/2023\/06\/ait-aldjet.jpeg\" \/>\n\t<meta property=\"og:image:width\" content=\"718\" \/>\n\t<meta property=\"og:image:height\" content=\"420\" \/>\n\t<meta property=\"og:image:type\" content=\"image\/jpeg\" \/>\n<meta name=\"author\" content=\"La Sentinelle\" \/>\n<meta name=\"twitter:card\" content=\"summary_large_image\" \/>\n<meta name=\"twitter:label1\" content=\"\u00c9crit par\" \/>\n\t<meta name=\"twitter:data1\" content=\"La Sentinelle\" \/>\n\t<meta name=\"twitter:label2\" content=\"Dur\u00e9e de lecture estim\u00e9e\" \/>\n\t<meta name=\"twitter:data2\" content=\"3 minutes\" \/>\n<script type=\"application\/ld+json\" class=\"yoast-schema-graph\">{\"@context\":\"https:\\\/\\\/schema.org\",\"@graph\":[{\"@type\":\"Article\",\"@id\":\"https:\\\/\\\/lasentinelle.dz\\\/index.php\\\/2023\\\/06\\\/14\\\/deces-de-cheikh-mohamed-tahar-ait-aldjet-un-phare-de-lerudition-seteint\\\/#article\",\"isPartOf\":{\"@id\":\"https:\\\/\\\/lasentinelle.dz\\\/index.php\\\/2023\\\/06\\\/14\\\/deces-de-cheikh-mohamed-tahar-ait-aldjet-un-phare-de-lerudition-seteint\\\/\"},\"author\":{\"name\":\"La Sentinelle\",\"@id\":\"https:\\\/\\\/lasentinelle.dz\\\/#\\\/schema\\\/person\\\/d865044e22e70a75174ce8bcad3acfb3\"},\"headline\":\"D\u00e9c\u00e8s de Cheikh Mohamed Tahar A\u00eft Aldjet : Un phare de l\u2019\u00e9rudition s\u2019\u00e9teint\",\"datePublished\":\"2023-06-14T21:15:20+00:00\",\"dateModified\":\"2023-06-14T21:15:26+00:00\",\"mainEntityOfPage\":{\"@id\":\"https:\\\/\\\/lasentinelle.dz\\\/index.php\\\/2023\\\/06\\\/14\\\/deces-de-cheikh-mohamed-tahar-ait-aldjet-un-phare-de-lerudition-seteint\\\/\"},\"wordCount\":693,\"commentCount\":0,\"publisher\":{\"@id\":\"https:\\\/\\\/lasentinelle.dz\\\/#organization\"},\"image\":{\"@id\":\"https:\\\/\\\/lasentinelle.dz\\\/index.php\\\/2023\\\/06\\\/14\\\/deces-de-cheikh-mohamed-tahar-ait-aldjet-un-phare-de-lerudition-seteint\\\/#primaryimage\"},\"thumbnailUrl\":\"https:\\\/\\\/lasentinelle.dz\\\/wp-content\\\/uploads\\\/2023\\\/06\\\/ait-aldjet.jpeg\",\"articleSection\":[\"\u00c0 la Une\",\"Actualit\u00e9\"],\"inLanguage\":\"fr-FR\",\"potentialAction\":[{\"@type\":\"CommentAction\",\"name\":\"Comment\",\"target\":[\"https:\\\/\\\/lasentinelle.dz\\\/index.php\\\/2023\\\/06\\\/14\\\/deces-de-cheikh-mohamed-tahar-ait-aldjet-un-phare-de-lerudition-seteint\\\/#respond\"]}]},{\"@type\":\"WebPage\",\"@id\":\"https:\\\/\\\/lasentinelle.dz\\\/index.php\\\/2023\\\/06\\\/14\\\/deces-de-cheikh-mohamed-tahar-ait-aldjet-un-phare-de-lerudition-seteint\\\/\",\"url\":\"https:\\\/\\\/lasentinelle.dz\\\/index.php\\\/2023\\\/06\\\/14\\\/deces-de-cheikh-mohamed-tahar-ait-aldjet-un-phare-de-lerudition-seteint\\\/\",\"name\":\"D\u00e9c\u00e8s de Cheikh Mohamed Tahar A\u00eft Aldjet : Un phare de l\u2019\u00e9rudition s\u2019\u00e9teint - La Sentinelle\",\"isPartOf\":{\"@id\":\"https:\\\/\\\/lasentinelle.dz\\\/#website\"},\"primaryImageOfPage\":{\"@id\":\"https:\\\/\\\/lasentinelle.dz\\\/index.php\\\/2023\\\/06\\\/14\\\/deces-de-cheikh-mohamed-tahar-ait-aldjet-un-phare-de-lerudition-seteint\\\/#primaryimage\"},\"image\":{\"@id\":\"https:\\\/\\\/lasentinelle.dz\\\/index.php\\\/2023\\\/06\\\/14\\\/deces-de-cheikh-mohamed-tahar-ait-aldjet-un-phare-de-lerudition-seteint\\\/#primaryimage\"},\"thumbnailUrl\":\"https:\\\/\\\/lasentinelle.dz\\\/wp-content\\\/uploads\\\/2023\\\/06\\\/ait-aldjet.jpeg\",\"datePublished\":\"2023-06-14T21:15:20+00:00\",\"dateModified\":\"2023-06-14T21:15:26+00:00\",\"breadcrumb\":{\"@id\":\"https:\\\/\\\/lasentinelle.dz\\\/index.php\\\/2023\\\/06\\\/14\\\/deces-de-cheikh-mohamed-tahar-ait-aldjet-un-phare-de-lerudition-seteint\\\/#breadcrumb\"},\"inLanguage\":\"fr-FR\",\"potentialAction\":[{\"@type\":\"ReadAction\",\"target\":[\"https:\\\/\\\/lasentinelle.dz\\\/index.php\\\/2023\\\/06\\\/14\\\/deces-de-cheikh-mohamed-tahar-ait-aldjet-un-phare-de-lerudition-seteint\\\/\"]}]},{\"@type\":\"ImageObject\",\"inLanguage\":\"fr-FR\",\"@id\":\"https:\\\/\\\/lasentinelle.dz\\\/index.php\\\/2023\\\/06\\\/14\\\/deces-de-cheikh-mohamed-tahar-ait-aldjet-un-phare-de-lerudition-seteint\\\/#primaryimage\",\"url\":\"https:\\\/\\\/lasentinelle.dz\\\/wp-content\\\/uploads\\\/2023\\\/06\\\/ait-aldjet.jpeg\",\"contentUrl\":\"https:\\\/\\\/lasentinelle.dz\\\/wp-content\\\/uploads\\\/2023\\\/06\\\/ait-aldjet.jpeg\",\"width\":718,\"height\":420},{\"@type\":\"BreadcrumbList\",\"@id\":\"https:\\\/\\\/lasentinelle.dz\\\/index.php\\\/2023\\\/06\\\/14\\\/deces-de-cheikh-mohamed-tahar-ait-aldjet-un-phare-de-lerudition-seteint\\\/#breadcrumb\",\"itemListElement\":[{\"@type\":\"ListItem\",\"position\":1,\"name\":\"Accueil\",\"item\":\"https:\\\/\\\/lasentinelle.dz\\\/\"},{\"@type\":\"ListItem\",\"position\":2,\"name\":\"D\u00e9c\u00e8s de Cheikh Mohamed Tahar A\u00eft Aldjet : Un phare de l\u2019\u00e9rudition s\u2019\u00e9teint\"}]},{\"@type\":\"WebSite\",\"@id\":\"https:\\\/\\\/lasentinelle.dz\\\/#website\",\"url\":\"https:\\\/\\\/lasentinelle.dz\\\/\",\"name\":\"La Sentinelle\",\"description\":\"Quotidien national d&#039;information\",\"publisher\":{\"@id\":\"https:\\\/\\\/lasentinelle.dz\\\/#organization\"},\"potentialAction\":[{\"@type\":\"SearchAction\",\"target\":{\"@type\":\"EntryPoint\",\"urlTemplate\":\"https:\\\/\\\/lasentinelle.dz\\\/?s={search_term_string}\"},\"query-input\":{\"@type\":\"PropertyValueSpecification\",\"valueRequired\":true,\"valueName\":\"search_term_string\"}}],\"inLanguage\":\"fr-FR\"},{\"@type\":\"Organization\",\"@id\":\"https:\\\/\\\/lasentinelle.dz\\\/#organization\",\"name\":\"Quotidien La Sentinelle\",\"url\":\"https:\\\/\\\/lasentinelle.dz\\\/\",\"logo\":{\"@type\":\"ImageObject\",\"inLanguage\":\"fr-FR\",\"@id\":\"https:\\\/\\\/lasentinelle.dz\\\/#\\\/schema\\\/logo\\\/image\\\/\",\"url\":\"https:\\\/\\\/lasentinelle.dz\\\/wp-content\\\/uploads\\\/2021\\\/09\\\/logo-sentinelleSLOGAN-1.png\",\"contentUrl\":\"https:\\\/\\\/lasentinelle.dz\\\/wp-content\\\/uploads\\\/2021\\\/09\\\/logo-sentinelleSLOGAN-1.png\",\"width\":615,\"height\":142,\"caption\":\"Quotidien La Sentinelle\"},\"image\":{\"@id\":\"https:\\\/\\\/lasentinelle.dz\\\/#\\\/schema\\\/logo\\\/image\\\/\"},\"sameAs\":[\"https:\\\/\\\/www.facebook.com\\\/La-Sentinelle-104059864394773\"]},{\"@type\":\"Person\",\"@id\":\"https:\\\/\\\/lasentinelle.dz\\\/#\\\/schema\\\/person\\\/d865044e22e70a75174ce8bcad3acfb3\",\"name\":\"La Sentinelle\",\"image\":{\"@type\":\"ImageObject\",\"inLanguage\":\"fr-FR\",\"@id\":\"https:\\\/\\\/secure.gravatar.com\\\/avatar\\\/57de8e5d4b15d43fb361a71fbb36338450fe67865b528a43dd10ef7c51a20392?s=96&d=mm&r=g\",\"url\":\"https:\\\/\\\/secure.gravatar.com\\\/avatar\\\/57de8e5d4b15d43fb361a71fbb36338450fe67865b528a43dd10ef7c51a20392?s=96&d=mm&r=g\",\"contentUrl\":\"https:\\\/\\\/secure.gravatar.com\\\/avatar\\\/57de8e5d4b15d43fb361a71fbb36338450fe67865b528a43dd10ef7c51a20392?s=96&d=mm&r=g\",\"caption\":\"La Sentinelle\"},\"sameAs\":[\"http:\\\/\\\/www.lasentinelle.dz\"],\"url\":\"https:\\\/\\\/lasentinelle.dz\\\/author\\\/redaction\\\/\"}]}<\/script>\n<!-- \/ Yoast SEO plugin. -->","yoast_head_json":{"title":"D\u00e9c\u00e8s de Cheikh Mohamed Tahar A\u00eft Aldjet : Un phare de l\u2019\u00e9rudition s\u2019\u00e9teint - La Sentinelle","robots":{"index":"index","follow":"follow","max-snippet":"max-snippet:-1","max-image-preview":"max-image-preview:large","max-video-preview":"max-video-preview:-1"},"canonical":"https:\/\/lasentinelle.dz\/index.php\/2023\/06\/14\/deces-de-cheikh-mohamed-tahar-ait-aldjet-un-phare-de-lerudition-seteint\/","og_locale":"fr_FR","og_type":"article","og_title":"D\u00e9c\u00e8s de Cheikh Mohamed Tahar A\u00eft Aldjet : Un phare de l\u2019\u00e9rudition s\u2019\u00e9teint - La Sentinelle","og_description":"L&rsquo;\u00e9minent \u00e9rudit Cheikh Mohamed Tahar A\u00eft Aldjet est d\u00e9c\u00e9d\u00e9 dans la nuit de mardi \u00e0 mercredi \u00e0 Alger, \u00e0 l&rsquo;\u00e2ge","og_url":"https:\/\/lasentinelle.dz\/index.php\/2023\/06\/14\/deces-de-cheikh-mohamed-tahar-ait-aldjet-un-phare-de-lerudition-seteint\/","og_site_name":"La Sentinelle","article_publisher":"https:\/\/www.facebook.com\/La-Sentinelle-104059864394773","article_published_time":"2023-06-14T21:15:20+00:00","article_modified_time":"2023-06-14T21:15:26+00:00","og_image":[{"width":718,"height":420,"url":"https:\/\/lasentinelle.dz\/wp-content\/uploads\/2023\/06\/ait-aldjet.jpeg","type":"image\/jpeg"}],"author":"La Sentinelle","twitter_card":"summary_large_image","twitter_misc":{"\u00c9crit par":"La Sentinelle","Dur\u00e9e de lecture estim\u00e9e":"3 minutes"},"schema":{"@context":"https:\/\/schema.org","@graph":[{"@type":"Article","@id":"https:\/\/lasentinelle.dz\/index.php\/2023\/06\/14\/deces-de-cheikh-mohamed-tahar-ait-aldjet-un-phare-de-lerudition-seteint\/#article","isPartOf":{"@id":"https:\/\/lasentinelle.dz\/index.php\/2023\/06\/14\/deces-de-cheikh-mohamed-tahar-ait-aldjet-un-phare-de-lerudition-seteint\/"},"author":{"name":"La Sentinelle","@id":"https:\/\/lasentinelle.dz\/#\/schema\/person\/d865044e22e70a75174ce8bcad3acfb3"},"headline":"D\u00e9c\u00e8s de Cheikh Mohamed Tahar A\u00eft Aldjet : Un phare de l\u2019\u00e9rudition s\u2019\u00e9teint","datePublished":"2023-06-14T21:15:20+00:00","dateModified":"2023-06-14T21:15:26+00:00","mainEntityOfPage":{"@id":"https:\/\/lasentinelle.dz\/index.php\/2023\/06\/14\/deces-de-cheikh-mohamed-tahar-ait-aldjet-un-phare-de-lerudition-seteint\/"},"wordCount":693,"commentCount":0,"publisher":{"@id":"https:\/\/lasentinelle.dz\/#organization"},"image":{"@id":"https:\/\/lasentinelle.dz\/index.php\/2023\/06\/14\/deces-de-cheikh-mohamed-tahar-ait-aldjet-un-phare-de-lerudition-seteint\/#primaryimage"},"thumbnailUrl":"https:\/\/lasentinelle.dz\/wp-content\/uploads\/2023\/06\/ait-aldjet.jpeg","articleSection":["\u00c0 la Une","Actualit\u00e9"],"inLanguage":"fr-FR","potentialAction":[{"@type":"CommentAction","name":"Comment","target":["https:\/\/lasentinelle.dz\/index.php\/2023\/06\/14\/deces-de-cheikh-mohamed-tahar-ait-aldjet-un-phare-de-lerudition-seteint\/#respond"]}]},{"@type":"WebPage","@id":"https:\/\/lasentinelle.dz\/index.php\/2023\/06\/14\/deces-de-cheikh-mohamed-tahar-ait-aldjet-un-phare-de-lerudition-seteint\/","url":"https:\/\/lasentinelle.dz\/index.php\/2023\/06\/14\/deces-de-cheikh-mohamed-tahar-ait-aldjet-un-phare-de-lerudition-seteint\/","name":"D\u00e9c\u00e8s de Cheikh Mohamed Tahar A\u00eft Aldjet : Un phare de l\u2019\u00e9rudition s\u2019\u00e9teint - La Sentinelle","isPartOf":{"@id":"https:\/\/lasentinelle.dz\/#website"},"primaryImageOfPage":{"@id":"https:\/\/lasentinelle.dz\/index.php\/2023\/06\/14\/deces-de-cheikh-mohamed-tahar-ait-aldjet-un-phare-de-lerudition-seteint\/#primaryimage"},"image":{"@id":"https:\/\/lasentinelle.dz\/index.php\/2023\/06\/14\/deces-de-cheikh-mohamed-tahar-ait-aldjet-un-phare-de-lerudition-seteint\/#primaryimage"},"thumbnailUrl":"https:\/\/lasentinelle.dz\/wp-content\/uploads\/2023\/06\/ait-aldjet.jpeg","datePublished":"2023-06-14T21:15:20+00:00","dateModified":"2023-06-14T21:15:26+00:00","breadcrumb":{"@id":"https:\/\/lasentinelle.dz\/index.php\/2023\/06\/14\/deces-de-cheikh-mohamed-tahar-ait-aldjet-un-phare-de-lerudition-seteint\/#breadcrumb"},"inLanguage":"fr-FR","potentialAction":[{"@type":"ReadAction","target":["https:\/\/lasentinelle.dz\/index.php\/2023\/06\/14\/deces-de-cheikh-mohamed-tahar-ait-aldjet-un-phare-de-lerudition-seteint\/"]}]},{"@type":"ImageObject","inLanguage":"fr-FR","@id":"https:\/\/lasentinelle.dz\/index.php\/2023\/06\/14\/deces-de-cheikh-mohamed-tahar-ait-aldjet-un-phare-de-lerudition-seteint\/#primaryimage","url":"https:\/\/lasentinelle.dz\/wp-content\/uploads\/2023\/06\/ait-aldjet.jpeg","contentUrl":"https:\/\/lasentinelle.dz\/wp-content\/uploads\/2023\/06\/ait-aldjet.jpeg","width":718,"height":420},{"@type":"BreadcrumbList","@id":"https:\/\/lasentinelle.dz\/index.php\/2023\/06\/14\/deces-de-cheikh-mohamed-tahar-ait-aldjet-un-phare-de-lerudition-seteint\/#breadcrumb","itemListElement":[{"@type":"ListItem","position":1,"name":"Accueil","item":"https:\/\/lasentinelle.dz\/"},{"@type":"ListItem","position":2,"name":"D\u00e9c\u00e8s de Cheikh Mohamed Tahar A\u00eft Aldjet : Un phare de l\u2019\u00e9rudition s\u2019\u00e9teint"}]},{"@type":"WebSite","@id":"https:\/\/lasentinelle.dz\/#website","url":"https:\/\/lasentinelle.dz\/","name":"La Sentinelle","description":"Quotidien national d&#039;information","publisher":{"@id":"https:\/\/lasentinelle.dz\/#organization"},"potentialAction":[{"@type":"SearchAction","target":{"@type":"EntryPoint","urlTemplate":"https:\/\/lasentinelle.dz\/?s={search_term_string}"},"query-input":{"@type":"PropertyValueSpecification","valueRequired":true,"valueName":"search_term_string"}}],"inLanguage":"fr-FR"},{"@type":"Organization","@id":"https:\/\/lasentinelle.dz\/#organization","name":"Quotidien La Sentinelle","url":"https:\/\/lasentinelle.dz\/","logo":{"@type":"ImageObject","inLanguage":"fr-FR","@id":"https:\/\/lasentinelle.dz\/#\/schema\/logo\/image\/","url":"https:\/\/lasentinelle.dz\/wp-content\/uploads\/2021\/09\/logo-sentinelleSLOGAN-1.png","contentUrl":"https:\/\/lasentinelle.dz\/wp-content\/uploads\/2021\/09\/logo-sentinelleSLOGAN-1.png","width":615,"height":142,"caption":"Quotidien La Sentinelle"},"image":{"@id":"https:\/\/lasentinelle.dz\/#\/schema\/logo\/image\/"},"sameAs":["https:\/\/www.facebook.com\/La-Sentinelle-104059864394773"]},{"@type":"Person","@id":"https:\/\/lasentinelle.dz\/#\/schema\/person\/d865044e22e70a75174ce8bcad3acfb3","name":"La Sentinelle","image":{"@type":"ImageObject","inLanguage":"fr-FR","@id":"https:\/\/secure.gravatar.com\/avatar\/57de8e5d4b15d43fb361a71fbb36338450fe67865b528a43dd10ef7c51a20392?s=96&d=mm&r=g","url":"https:\/\/secure.gravatar.com\/avatar\/57de8e5d4b15d43fb361a71fbb36338450fe67865b528a43dd10ef7c51a20392?s=96&d=mm&r=g","contentUrl":"https:\/\/secure.gravatar.com\/avatar\/57de8e5d4b15d43fb361a71fbb36338450fe67865b528a43dd10ef7c51a20392?s=96&d=mm&r=g","caption":"La Sentinelle"},"sameAs":["http:\/\/www.lasentinelle.dz"],"url":"https:\/\/lasentinelle.dz\/author\/redaction\/"}]}},"_links":{"self":[{"href":"https:\/\/lasentinelle.dz\/index.php\/wp-json\/wp\/v2\/posts\/42698","targetHints":{"allow":["GET"]}}],"collection":[{"href":"https:\/\/lasentinelle.dz\/index.php\/wp-json\/wp\/v2\/posts"}],"about":[{"href":"https:\/\/lasentinelle.dz\/index.php\/wp-json\/wp\/v2\/types\/post"}],"author":[{"embeddable":true,"href":"https:\/\/lasentinelle.dz\/index.php\/wp-json\/wp\/v2\/users\/3"}],"replies":[{"embeddable":true,"href":"https:\/\/lasentinelle.dz\/index.php\/wp-json\/wp\/v2\/comments?post=42698"}],"version-history":[{"count":1,"href":"https:\/\/lasentinelle.dz\/index.php\/wp-json\/wp\/v2\/posts\/42698\/revisions"}],"predecessor-version":[{"id":42700,"href":"https:\/\/lasentinelle.dz\/index.php\/wp-json\/wp\/v2\/posts\/42698\/revisions\/42700"}],"wp:featuredmedia":[{"embeddable":true,"href":"https:\/\/lasentinelle.dz\/index.php\/wp-json\/wp\/v2\/media\/42699"}],"wp:attachment":[{"href":"https:\/\/lasentinelle.dz\/index.php\/wp-json\/wp\/v2\/media?parent=42698"}],"wp:term":[{"taxonomy":"category","embeddable":true,"href":"https:\/\/lasentinelle.dz\/index.php\/wp-json\/wp\/v2\/categories?post=42698"},{"taxonomy":"post_tag","embeddable":true,"href":"https:\/\/lasentinelle.dz\/index.php\/wp-json\/wp\/v2\/tags?post=42698"}],"curies":[{"name":"wp","href":"https:\/\/api.w.org\/{rel}","templated":true}]}}