{"id":42752,"date":"2023-06-14T23:21:38","date_gmt":"2023-06-14T22:21:38","guid":{"rendered":"https:\/\/lasentinelle.dz\/?p=42752"},"modified":"2023-06-14T23:21:38","modified_gmt":"2023-06-14T22:21:38","slug":"le-president-tebboune-en-russie-pour-renforcer-la-cooperation-priorite-a-leconomie","status":"publish","type":"post","link":"https:\/\/lasentinelle.dz\/index.php\/2023\/06\/14\/le-president-tebboune-en-russie-pour-renforcer-la-cooperation-priorite-a-leconomie\/","title":{"rendered":"Le Pr\u00e9sident Tebboune en Russie pour renforcer la coop\u00e9ration : Priorit\u00e9 \u00e0 l\u2019\u00e9conomie"},"content":{"rendered":"\n<p><\/p>\n\n\n\n<p><\/p>\n\n\n\n<p>La visite d\u2019\u00c9tat du pr\u00e9sident de la R\u00e9publique, Abdelmadjid Tebboune, en Russie intervient \u00e0 un moment charni\u00e8re. Si les la situation g\u00e9opolitique actuel impose un contexte particulier, la volont\u00e9 affich\u00e9e par les deux pays d\u2019\u00e9largir leur partenariat strat\u00e9gique est pr\u00e9sid\u00e9e par des enjeux \u00e9conomiques certains, \u00e0 la veille de la tenue du Sommet Russie-Afrique pr\u00e9vu au mois de juillet, en sus de s\u2019inscrire dans le sillage d\u2019une coop\u00e9ration politique historique. Une coop\u00e9ration appel\u00e9e \u00e0 s\u2019intensifier alors que l\u2019Alg\u00e9rie vient d\u2019\u00eatre \u00e9lue au Conseil de s\u00e9curit\u00e9 de l\u2019ONU et qu\u2019elle a introduit une demande d\u2019adh\u00e9sion aux BRICS.<\/p>\n\n\n\n<p>L\u2019Alg\u00e9rie entend s\u2019imposer ainsi en tant que partenaire principal de la Russie en Afrique. L\u2019Alg\u00e9rie qui se red\u00e9ploie sur le continent que ce soit sur le plan diplomatique ou \u00e9conomique, offre ainsi d\u2019importantes potentialit\u00e9s qu\u2019elle entend valoriser pour garantir son d\u00e9collage \u00e9conomique. Et si l\u2019Alg\u00e9rie ambitionne de faire partie int\u00e9grante du groupe des \u00e9conomies \u00e9mergentes (BRICS), elle est consciente des enjeux \u00e9conomiques induits par une telle adh\u00e9sion. C\u2019est ainsi que les plus hautes autorit\u00e9s de l\u2019\u00c9tat cherche \u00e0 multiplier le PIB et booster la croissance en diversifiant son \u00e9conomie et en d\u00e9veloppant l\u2019investissement. Un chantier qui offre de nombreuses opportunit\u00e9s, notamment pour les entreprises russes qui disposent d\u2019expertise et qui peuvent la partager avec l\u2019Alg\u00e9rie au regard de l\u2019exp\u00e9rience acquise au travers de la coop\u00e9ration historique entre les deux pays. Des entreprises qui peuvent b\u00e9n\u00e9ficier ainsi d\u2019un v\u00e9ritable relais de croissance, dans un contexte g\u00e9opolitique particulier, en Alg\u00e9rie et plus largement en Afrique.<\/p>\n\n\n\n<p>C\u2019est dans ce contexte que le pr\u00e9sident de la R\u00e9publique, Abdelmadjid Tebboune a tenu \u00e0 mettre en avant toutes les potentialit\u00e9s qu\u2019offre l\u2019Alg\u00e9rie aux investisseurs russes, hier \u00e0 l\u2019ouverture du Forum \u00e9conomique alg\u00e9ro-russe. Il est vrai que le Pr\u00e9sident Tebboune s\u2019est d\u00e9plac\u00e9 \u00e0 Moscou en compagnie d\u2019une importante d\u00e9l\u00e9gation d\u2019hommes d\u2019affairs alg\u00e9riens, reflet de la dimension \u00e9conomique de sa visite en Russie. &nbsp;<\/p>\n\n\n\n<p><strong>1.450 projets industriels en cours de r\u00e9alisation<\/strong><\/p>\n\n\n\n<p>Ainsi, le Chef de l\u2019\u00c9tat a d\u00e9clar\u00e9: \u00ab\u00a0l&rsquo;Alg\u00e9rie connait aujourd&rsquo;hui une renaissance \u00e9conomique engag\u00e9e \u00e0 une vitesse sup\u00e9rieure afin de rattraper le temps perdu et les opportunit\u00e9s d&rsquo;investissement avec nos amis, avec l&rsquo;Afrique et la r\u00e9gion de la M\u00e9diterran\u00e9e\u00a0\u00bb, soulignant l&rsquo;existence de \u00ab\u00a01.450 projets industriels en cours de r\u00e9alisation\u00a0\u00bb. L&rsquo;Alg\u00e9rie entend, \u00e0 travers sa nouvelle politique, \u00ab\u00a0s&rsquo;affranchir de la d\u00e9pendance aux hydrocarbures, un secteur dont les revenus seront exploit\u00e9s aux seules fins de d\u00e9veloppement\u00a0\u00bb, a-t-il ajout\u00e9, rappelant que ce processus, lanc\u00e9 en 2021, a \u00e9t\u00e9 appuy\u00e9 par sa d\u00e9cision de porter les exportations alg\u00e9riennes \u00e0 7 milliards USD. Commentant ces r\u00e9sultats, il a indiqu\u00e9 que \u00ab\u00a0ce chiffre, \u00e0 priori d\u00e9risoire, est pourtant un miracle dans la mesure o\u00f9 ces recettes n&rsquo;ont jamais d\u00e9pass\u00e9 pendant 30 ou 40 ans, les 1,7 ou 1,8 milliard USD\u00a0\u00bb. Et de rappeler, dans ce cadre, que les exportations alg\u00e9riennes hors hydrocarbures \u00ab\u00a0ont atteint en 2022 pr\u00e8s de 7 milliards USD et nous aspirons \u00e0 atteindre, cette ann\u00e9e, 13 milliards de dollars, pour marquer ainsi la relance effective du d\u00e9veloppement\u00a0\u00bb notamment \u00e0 travers les secteurs de l&rsquo;industrie agroalimentaire, les start-up et les produits agricoles. Pour atteindre ces objectifs, le pr\u00e9sident de la R\u00e9publique a affirm\u00e9 que l&rsquo;Alg\u00e9rie \u00ab\u00a0a cr\u00e9\u00e9 une agence de promotion de l&rsquo;investissement pour accompagner les op\u00e9rateurs \u00e9conomiques alg\u00e9riens et \u00e9trangers d\u00e9sirant lancer leurs projets d&rsquo;investissement\u00a0\u00bb, ajoutant qu&rsquo;elle a men\u00e9 \u00ab\u00a0des op\u00e9rations pour assainir et habiliter le foncier industriel, r\u00e9unir les facteurs susceptibles d&rsquo;attirer les investisseurs et les hommes d&rsquo;affaires vers les zones industrielles et les zones d&rsquo;activit\u00e9 des micro-entreprises, dans le respect des crit\u00e8res de concurrence et de transparence et en offrant toutes les garanties\u00a0\u00bb n\u00e9cessaires. Il a \u00e9galement mis en avant \u00ab\u00a0les efforts colossaux d\u00e9ploy\u00e9s en mati\u00e8re de lutte contre la bureaucratie, \u00e0 travers la lib\u00e9ration de l&rsquo;investissement des entraves administratives\u00a0\u00bb.<\/p>\n\n\n\n<p>&nbsp;Soulignant l&rsquo;importance d&rsquo;ouvrir des banques priv\u00e9es en Alg\u00e9rie, le Pr\u00e9sident Tebboune a formul\u00e9 le souhait de voir \u00ab\u00a0le secteur priv\u00e9 national, \u00e9tranger, et de Russie, pays fr\u00e8re, ouvrir des banques afin de favoriser la r\u00e9alisation de transactions saines entre op\u00e9rateurs priv\u00e9s, loin de toute d\u00e9rive\u00a0\u00bb. \u00ab\u00a0Il est paradoxal de voir aujourd&rsquo;hui en Alg\u00e9rie, 85% du capital national d\u00e9tenu par le secteur priv\u00e9\u00a0\u00bb, a-t-il relev\u00e9, regrettant par la m\u00eame occasion le taux \u00e9lev\u00e9 d&rsquo;argent public, 92%, en circulation dans la sph\u00e8re \u00e9conomique et commerciale. \u00ab\u00a0Vous \u00eates devant de r\u00e9elles opportunit\u00e9s pour explorer les possibilit\u00e9s d&rsquo;int\u00e9gration \u00e9conomique dans de nombreux domaines\u00a0\u00bb, a lanc\u00e9 le Pr\u00e9sident Tebboune \u00e0 l&rsquo;adresse des participants au Forum, soulignant que l&rsquo;Alg\u00e9rie \u00ab\u00a0s&rsquo;appr\u00eate, dans les ann\u00e9es \u00e0 venir, \u00e0 mettre en \u0153uvre un plan d&rsquo;investissement dans les domaines de l&rsquo;\u00e9nergie, des infrastructures de base, de l&rsquo;agriculture, des produits pharmaceutiques, de l&rsquo;agroalimentaire et des industries de transformation\u00a0\u00bb.<\/p>\n\n\n\n<p>Evoquant la coop\u00e9ration alg\u00e9ro-russe, le pr\u00e9sident de la R\u00e9publique a soulign\u00e9 que les amis en Russie \u00ab\u00a0ont conscience des moyens importants de coop\u00e9ration disponibles dans les domaines du transfert technologique, du tourisme, de l&rsquo;agriculture et des sciences\u00a0\u00bb.<\/p>\n\n\n\n<p>\u00ab\u00a0L&rsquo;approfondissement des relations entre l&rsquo;Alg\u00e9rie et la Russie sera renforc\u00e9 par des \u00e9tapes suppl\u00e9mentaires \u00e0 travers la signature d&rsquo;un certain nombre d&rsquo;accords et de m\u00e9morandums d\u2019entente au cours de cette visite\u00a0\u00bb, a not\u00e9 Abdelmadjid Tebboune. Notons que 70 op\u00e9rateurs \u00e9conomiques alg\u00e9riens et 200 hommes d&rsquo;affaires russes ont pris part \u00e0 ce forum.<\/p>\n\n\n\n<p><strong>Lyes Saidi<\/strong><\/p>\n\n\n\n<p><strong>Encadr\u00e9<\/strong><\/p>\n\n\n\n<p><strong>Tebboune rencontre des repr\u00e9sentants de la communaut\u00e9 nationale r\u00e9sidant en Russie<\/strong><\/p>\n\n\n\n<p><strong>Vers l\u2019ouverture d\u2019un centre culturel alg\u00e9rien en Russie<\/strong><\/p>\n\n\n\n<p>Le Pr\u00e9sident de la R\u00e9publique, Abdelmadjid Tebboune, s&rsquo;est entretenu hier \u00e0 Moscou avec des repr\u00e9sentants de la communaut\u00e9 nationale r\u00e9sidant en Russie, o\u00f9 il a entendu leurs pr\u00e9occupations et leurs aspirations. Dans ce contexte, le pr\u00e9sident de la R\u00e9publique a charg\u00e9 le ministre des Affaires \u00e9trang\u00e8res et de la Communaut\u00e9 nationale \u00e0 l&rsquo;\u00e9tranger d&rsquo;ouvrir un centre culturel alg\u00e9rien en Russie, \u00ab\u00a0en r\u00e9ponse aux aspirations de la communaut\u00e9 alg\u00e9rienne de ce pays\u00a0\u00bb.<\/p>\n\n\n\n<p><strong>R.N.<\/strong><\/p>\n","protected":false},"excerpt":{"rendered":"<p>La visite d\u2019\u00c9tat du pr\u00e9sident de la R\u00e9publique, Abdelmadjid Tebboune, en Russie intervient \u00e0 un moment charni\u00e8re. Si les la<\/p>\n","protected":false},"author":3,"featured_media":42753,"comment_status":"open","ping_status":"closed","sticky":false,"template":"","format":"standard","meta":{"colormag_page_container_layout":"default_layout","colormag_page_sidebar_layout":"default_layout","om_disable_all_campaigns":false,"_monsterinsights_skip_tracking":false,"_monsterinsights_sitenote_active":false,"_monsterinsights_sitenote_note":"","_monsterinsights_sitenote_category":0,"footnotes":"","_wpscppro_dont_share_socialmedia":false,"_wpscppro_custom_social_share_image":0,"_facebook_share_type":"","_twitter_share_type":"","_linkedin_share_type":"","_pinterest_share_type":"","_linkedin_share_type_page":"","_instagram_share_type":"","_medium_share_type":"","_threads_share_type":"","_google_business_share_type":"","_selected_social_profile":[],"_wpsp_enable_custom_social_template":false,"_wpsp_social_scheduling":{"enabled":false,"datetime":null,"platforms":[],"status":"template_only","dateOption":"today","timeOption":"now","customDays":"","customHours":"","customDate":"","customTime":"","schedulingType":"absolute"},"_wpsp_active_default_template":true},"categories":[52,27],"tags":[],"class_list":["post-42752","post","type-post","status-publish","format-standard","has-post-thumbnail","hentry","category-a-la-une","category-actualite"],"aioseo_notices":[],"yoast_head":"<!-- This site is optimized with the Yoast SEO plugin v27.5 - https:\/\/yoast.com\/product\/yoast-seo-wordpress\/ -->\n<title>Le Pr\u00e9sident Tebboune en Russie pour renforcer la coop\u00e9ration : Priorit\u00e9 \u00e0 l\u2019\u00e9conomie - La Sentinelle<\/title>\n<meta name=\"robots\" content=\"index, follow, max-snippet:-1, max-image-preview:large, max-video-preview:-1\" \/>\n<link rel=\"canonical\" href=\"https:\/\/lasentinelle.dz\/index.php\/2023\/06\/14\/le-president-tebboune-en-russie-pour-renforcer-la-cooperation-priorite-a-leconomie\/\" \/>\n<meta property=\"og:locale\" content=\"fr_FR\" \/>\n<meta property=\"og:type\" content=\"article\" \/>\n<meta property=\"og:title\" content=\"Le Pr\u00e9sident Tebboune en Russie pour renforcer la coop\u00e9ration : Priorit\u00e9 \u00e0 l\u2019\u00e9conomie - La Sentinelle\" \/>\n<meta property=\"og:description\" content=\"La visite d\u2019\u00c9tat du pr\u00e9sident de la R\u00e9publique, Abdelmadjid Tebboune, en Russie intervient \u00e0 un moment charni\u00e8re. Si les la\" \/>\n<meta property=\"og:url\" content=\"https:\/\/lasentinelle.dz\/index.php\/2023\/06\/14\/le-president-tebboune-en-russie-pour-renforcer-la-cooperation-priorite-a-leconomie\/\" \/>\n<meta property=\"og:site_name\" content=\"La Sentinelle\" \/>\n<meta property=\"article:publisher\" content=\"https:\/\/www.facebook.com\/La-Sentinelle-104059864394773\" \/>\n<meta property=\"article:published_time\" content=\"2023-06-14T22:21:38+00:00\" \/>\n<meta property=\"og:image\" content=\"https:\/\/lasentinelle.dz\/wp-content\/uploads\/2023\/06\/tebboune-moscou.jpeg\" \/>\n\t<meta property=\"og:image:width\" content=\"2048\" \/>\n\t<meta property=\"og:image:height\" content=\"1364\" \/>\n\t<meta property=\"og:image:type\" content=\"image\/jpeg\" \/>\n<meta name=\"author\" content=\"La Sentinelle\" \/>\n<meta name=\"twitter:card\" content=\"summary_large_image\" \/>\n<meta name=\"twitter:label1\" content=\"\u00c9crit par\" \/>\n\t<meta name=\"twitter:data1\" content=\"La Sentinelle\" \/>\n\t<meta name=\"twitter:label2\" content=\"Dur\u00e9e de lecture estim\u00e9e\" \/>\n\t<meta name=\"twitter:data2\" content=\"5 minutes\" \/>\n<script type=\"application\/ld+json\" class=\"yoast-schema-graph\">{\"@context\":\"https:\\\/\\\/schema.org\",\"@graph\":[{\"@type\":\"Article\",\"@id\":\"https:\\\/\\\/lasentinelle.dz\\\/index.php\\\/2023\\\/06\\\/14\\\/le-president-tebboune-en-russie-pour-renforcer-la-cooperation-priorite-a-leconomie\\\/#article\",\"isPartOf\":{\"@id\":\"https:\\\/\\\/lasentinelle.dz\\\/index.php\\\/2023\\\/06\\\/14\\\/le-president-tebboune-en-russie-pour-renforcer-la-cooperation-priorite-a-leconomie\\\/\"},\"author\":{\"name\":\"La Sentinelle\",\"@id\":\"https:\\\/\\\/lasentinelle.dz\\\/#\\\/schema\\\/person\\\/d865044e22e70a75174ce8bcad3acfb3\"},\"headline\":\"Le Pr\u00e9sident Tebboune en Russie pour renforcer la coop\u00e9ration : Priorit\u00e9 \u00e0 l\u2019\u00e9conomie\",\"datePublished\":\"2023-06-14T22:21:38+00:00\",\"mainEntityOfPage\":{\"@id\":\"https:\\\/\\\/lasentinelle.dz\\\/index.php\\\/2023\\\/06\\\/14\\\/le-president-tebboune-en-russie-pour-renforcer-la-cooperation-priorite-a-leconomie\\\/\"},\"wordCount\":1126,\"commentCount\":0,\"publisher\":{\"@id\":\"https:\\\/\\\/lasentinelle.dz\\\/#organization\"},\"image\":{\"@id\":\"https:\\\/\\\/lasentinelle.dz\\\/index.php\\\/2023\\\/06\\\/14\\\/le-president-tebboune-en-russie-pour-renforcer-la-cooperation-priorite-a-leconomie\\\/#primaryimage\"},\"thumbnailUrl\":\"https:\\\/\\\/lasentinelle.dz\\\/wp-content\\\/uploads\\\/2023\\\/06\\\/tebboune-moscou.jpeg\",\"articleSection\":[\"\u00c0 la Une\",\"Actualit\u00e9\"],\"inLanguage\":\"fr-FR\",\"potentialAction\":[{\"@type\":\"CommentAction\",\"name\":\"Comment\",\"target\":[\"https:\\\/\\\/lasentinelle.dz\\\/index.php\\\/2023\\\/06\\\/14\\\/le-president-tebboune-en-russie-pour-renforcer-la-cooperation-priorite-a-leconomie\\\/#respond\"]}]},{\"@type\":\"WebPage\",\"@id\":\"https:\\\/\\\/lasentinelle.dz\\\/index.php\\\/2023\\\/06\\\/14\\\/le-president-tebboune-en-russie-pour-renforcer-la-cooperation-priorite-a-leconomie\\\/\",\"url\":\"https:\\\/\\\/lasentinelle.dz\\\/index.php\\\/2023\\\/06\\\/14\\\/le-president-tebboune-en-russie-pour-renforcer-la-cooperation-priorite-a-leconomie\\\/\",\"name\":\"Le Pr\u00e9sident Tebboune en Russie pour renforcer la coop\u00e9ration : Priorit\u00e9 \u00e0 l\u2019\u00e9conomie - La Sentinelle\",\"isPartOf\":{\"@id\":\"https:\\\/\\\/lasentinelle.dz\\\/#website\"},\"primaryImageOfPage\":{\"@id\":\"https:\\\/\\\/lasentinelle.dz\\\/index.php\\\/2023\\\/06\\\/14\\\/le-president-tebboune-en-russie-pour-renforcer-la-cooperation-priorite-a-leconomie\\\/#primaryimage\"},\"image\":{\"@id\":\"https:\\\/\\\/lasentinelle.dz\\\/index.php\\\/2023\\\/06\\\/14\\\/le-president-tebboune-en-russie-pour-renforcer-la-cooperation-priorite-a-leconomie\\\/#primaryimage\"},\"thumbnailUrl\":\"https:\\\/\\\/lasentinelle.dz\\\/wp-content\\\/uploads\\\/2023\\\/06\\\/tebboune-moscou.jpeg\",\"datePublished\":\"2023-06-14T22:21:38+00:00\",\"breadcrumb\":{\"@id\":\"https:\\\/\\\/lasentinelle.dz\\\/index.php\\\/2023\\\/06\\\/14\\\/le-president-tebboune-en-russie-pour-renforcer-la-cooperation-priorite-a-leconomie\\\/#breadcrumb\"},\"inLanguage\":\"fr-FR\",\"potentialAction\":[{\"@type\":\"ReadAction\",\"target\":[\"https:\\\/\\\/lasentinelle.dz\\\/index.php\\\/2023\\\/06\\\/14\\\/le-president-tebboune-en-russie-pour-renforcer-la-cooperation-priorite-a-leconomie\\\/\"]}]},{\"@type\":\"ImageObject\",\"inLanguage\":\"fr-FR\",\"@id\":\"https:\\\/\\\/lasentinelle.dz\\\/index.php\\\/2023\\\/06\\\/14\\\/le-president-tebboune-en-russie-pour-renforcer-la-cooperation-priorite-a-leconomie\\\/#primaryimage\",\"url\":\"https:\\\/\\\/lasentinelle.dz\\\/wp-content\\\/uploads\\\/2023\\\/06\\\/tebboune-moscou.jpeg\",\"contentUrl\":\"https:\\\/\\\/lasentinelle.dz\\\/wp-content\\\/uploads\\\/2023\\\/06\\\/tebboune-moscou.jpeg\",\"width\":2048,\"height\":1364},{\"@type\":\"BreadcrumbList\",\"@id\":\"https:\\\/\\\/lasentinelle.dz\\\/index.php\\\/2023\\\/06\\\/14\\\/le-president-tebboune-en-russie-pour-renforcer-la-cooperation-priorite-a-leconomie\\\/#breadcrumb\",\"itemListElement\":[{\"@type\":\"ListItem\",\"position\":1,\"name\":\"Accueil\",\"item\":\"https:\\\/\\\/lasentinelle.dz\\\/\"},{\"@type\":\"ListItem\",\"position\":2,\"name\":\"Le Pr\u00e9sident Tebboune en Russie pour renforcer la coop\u00e9ration : Priorit\u00e9 \u00e0 l\u2019\u00e9conomie\"}]},{\"@type\":\"WebSite\",\"@id\":\"https:\\\/\\\/lasentinelle.dz\\\/#website\",\"url\":\"https:\\\/\\\/lasentinelle.dz\\\/\",\"name\":\"La Sentinelle\",\"description\":\"Quotidien national d&#039;information\",\"publisher\":{\"@id\":\"https:\\\/\\\/lasentinelle.dz\\\/#organization\"},\"potentialAction\":[{\"@type\":\"SearchAction\",\"target\":{\"@type\":\"EntryPoint\",\"urlTemplate\":\"https:\\\/\\\/lasentinelle.dz\\\/?s={search_term_string}\"},\"query-input\":{\"@type\":\"PropertyValueSpecification\",\"valueRequired\":true,\"valueName\":\"search_term_string\"}}],\"inLanguage\":\"fr-FR\"},{\"@type\":\"Organization\",\"@id\":\"https:\\\/\\\/lasentinelle.dz\\\/#organization\",\"name\":\"Quotidien La Sentinelle\",\"url\":\"https:\\\/\\\/lasentinelle.dz\\\/\",\"logo\":{\"@type\":\"ImageObject\",\"inLanguage\":\"fr-FR\",\"@id\":\"https:\\\/\\\/lasentinelle.dz\\\/#\\\/schema\\\/logo\\\/image\\\/\",\"url\":\"https:\\\/\\\/lasentinelle.dz\\\/wp-content\\\/uploads\\\/2021\\\/09\\\/logo-sentinelleSLOGAN-1.png\",\"contentUrl\":\"https:\\\/\\\/lasentinelle.dz\\\/wp-content\\\/uploads\\\/2021\\\/09\\\/logo-sentinelleSLOGAN-1.png\",\"width\":615,\"height\":142,\"caption\":\"Quotidien La Sentinelle\"},\"image\":{\"@id\":\"https:\\\/\\\/lasentinelle.dz\\\/#\\\/schema\\\/logo\\\/image\\\/\"},\"sameAs\":[\"https:\\\/\\\/www.facebook.com\\\/La-Sentinelle-104059864394773\"]},{\"@type\":\"Person\",\"@id\":\"https:\\\/\\\/lasentinelle.dz\\\/#\\\/schema\\\/person\\\/d865044e22e70a75174ce8bcad3acfb3\",\"name\":\"La Sentinelle\",\"image\":{\"@type\":\"ImageObject\",\"inLanguage\":\"fr-FR\",\"@id\":\"https:\\\/\\\/secure.gravatar.com\\\/avatar\\\/57de8e5d4b15d43fb361a71fbb36338450fe67865b528a43dd10ef7c51a20392?s=96&d=mm&r=g\",\"url\":\"https:\\\/\\\/secure.gravatar.com\\\/avatar\\\/57de8e5d4b15d43fb361a71fbb36338450fe67865b528a43dd10ef7c51a20392?s=96&d=mm&r=g\",\"contentUrl\":\"https:\\\/\\\/secure.gravatar.com\\\/avatar\\\/57de8e5d4b15d43fb361a71fbb36338450fe67865b528a43dd10ef7c51a20392?s=96&d=mm&r=g\",\"caption\":\"La Sentinelle\"},\"sameAs\":[\"http:\\\/\\\/www.lasentinelle.dz\"],\"url\":\"https:\\\/\\\/lasentinelle.dz\\\/author\\\/redaction\\\/\"}]}<\/script>\n<!-- \/ Yoast SEO plugin. -->","yoast_head_json":{"title":"Le Pr\u00e9sident Tebboune en Russie pour renforcer la coop\u00e9ration : Priorit\u00e9 \u00e0 l\u2019\u00e9conomie - La Sentinelle","robots":{"index":"index","follow":"follow","max-snippet":"max-snippet:-1","max-image-preview":"max-image-preview:large","max-video-preview":"max-video-preview:-1"},"canonical":"https:\/\/lasentinelle.dz\/index.php\/2023\/06\/14\/le-president-tebboune-en-russie-pour-renforcer-la-cooperation-priorite-a-leconomie\/","og_locale":"fr_FR","og_type":"article","og_title":"Le Pr\u00e9sident Tebboune en Russie pour renforcer la coop\u00e9ration : Priorit\u00e9 \u00e0 l\u2019\u00e9conomie - La Sentinelle","og_description":"La visite d\u2019\u00c9tat du pr\u00e9sident de la R\u00e9publique, Abdelmadjid Tebboune, en Russie intervient \u00e0 un moment charni\u00e8re. Si les la","og_url":"https:\/\/lasentinelle.dz\/index.php\/2023\/06\/14\/le-president-tebboune-en-russie-pour-renforcer-la-cooperation-priorite-a-leconomie\/","og_site_name":"La Sentinelle","article_publisher":"https:\/\/www.facebook.com\/La-Sentinelle-104059864394773","article_published_time":"2023-06-14T22:21:38+00:00","og_image":[{"width":2048,"height":1364,"url":"https:\/\/lasentinelle.dz\/wp-content\/uploads\/2023\/06\/tebboune-moscou.jpeg","type":"image\/jpeg"}],"author":"La Sentinelle","twitter_card":"summary_large_image","twitter_misc":{"\u00c9crit par":"La Sentinelle","Dur\u00e9e de lecture estim\u00e9e":"5 minutes"},"schema":{"@context":"https:\/\/schema.org","@graph":[{"@type":"Article","@id":"https:\/\/lasentinelle.dz\/index.php\/2023\/06\/14\/le-president-tebboune-en-russie-pour-renforcer-la-cooperation-priorite-a-leconomie\/#article","isPartOf":{"@id":"https:\/\/lasentinelle.dz\/index.php\/2023\/06\/14\/le-president-tebboune-en-russie-pour-renforcer-la-cooperation-priorite-a-leconomie\/"},"author":{"name":"La Sentinelle","@id":"https:\/\/lasentinelle.dz\/#\/schema\/person\/d865044e22e70a75174ce8bcad3acfb3"},"headline":"Le Pr\u00e9sident Tebboune en Russie pour renforcer la coop\u00e9ration : Priorit\u00e9 \u00e0 l\u2019\u00e9conomie","datePublished":"2023-06-14T22:21:38+00:00","mainEntityOfPage":{"@id":"https:\/\/lasentinelle.dz\/index.php\/2023\/06\/14\/le-president-tebboune-en-russie-pour-renforcer-la-cooperation-priorite-a-leconomie\/"},"wordCount":1126,"commentCount":0,"publisher":{"@id":"https:\/\/lasentinelle.dz\/#organization"},"image":{"@id":"https:\/\/lasentinelle.dz\/index.php\/2023\/06\/14\/le-president-tebboune-en-russie-pour-renforcer-la-cooperation-priorite-a-leconomie\/#primaryimage"},"thumbnailUrl":"https:\/\/lasentinelle.dz\/wp-content\/uploads\/2023\/06\/tebboune-moscou.jpeg","articleSection":["\u00c0 la Une","Actualit\u00e9"],"inLanguage":"fr-FR","potentialAction":[{"@type":"CommentAction","name":"Comment","target":["https:\/\/lasentinelle.dz\/index.php\/2023\/06\/14\/le-president-tebboune-en-russie-pour-renforcer-la-cooperation-priorite-a-leconomie\/#respond"]}]},{"@type":"WebPage","@id":"https:\/\/lasentinelle.dz\/index.php\/2023\/06\/14\/le-president-tebboune-en-russie-pour-renforcer-la-cooperation-priorite-a-leconomie\/","url":"https:\/\/lasentinelle.dz\/index.php\/2023\/06\/14\/le-president-tebboune-en-russie-pour-renforcer-la-cooperation-priorite-a-leconomie\/","name":"Le Pr\u00e9sident Tebboune en Russie pour renforcer la coop\u00e9ration : Priorit\u00e9 \u00e0 l\u2019\u00e9conomie - La Sentinelle","isPartOf":{"@id":"https:\/\/lasentinelle.dz\/#website"},"primaryImageOfPage":{"@id":"https:\/\/lasentinelle.dz\/index.php\/2023\/06\/14\/le-president-tebboune-en-russie-pour-renforcer-la-cooperation-priorite-a-leconomie\/#primaryimage"},"image":{"@id":"https:\/\/lasentinelle.dz\/index.php\/2023\/06\/14\/le-president-tebboune-en-russie-pour-renforcer-la-cooperation-priorite-a-leconomie\/#primaryimage"},"thumbnailUrl":"https:\/\/lasentinelle.dz\/wp-content\/uploads\/2023\/06\/tebboune-moscou.jpeg","datePublished":"2023-06-14T22:21:38+00:00","breadcrumb":{"@id":"https:\/\/lasentinelle.dz\/index.php\/2023\/06\/14\/le-president-tebboune-en-russie-pour-renforcer-la-cooperation-priorite-a-leconomie\/#breadcrumb"},"inLanguage":"fr-FR","potentialAction":[{"@type":"ReadAction","target":["https:\/\/lasentinelle.dz\/index.php\/2023\/06\/14\/le-president-tebboune-en-russie-pour-renforcer-la-cooperation-priorite-a-leconomie\/"]}]},{"@type":"ImageObject","inLanguage":"fr-FR","@id":"https:\/\/lasentinelle.dz\/index.php\/2023\/06\/14\/le-president-tebboune-en-russie-pour-renforcer-la-cooperation-priorite-a-leconomie\/#primaryimage","url":"https:\/\/lasentinelle.dz\/wp-content\/uploads\/2023\/06\/tebboune-moscou.jpeg","contentUrl":"https:\/\/lasentinelle.dz\/wp-content\/uploads\/2023\/06\/tebboune-moscou.jpeg","width":2048,"height":1364},{"@type":"BreadcrumbList","@id":"https:\/\/lasentinelle.dz\/index.php\/2023\/06\/14\/le-president-tebboune-en-russie-pour-renforcer-la-cooperation-priorite-a-leconomie\/#breadcrumb","itemListElement":[{"@type":"ListItem","position":1,"name":"Accueil","item":"https:\/\/lasentinelle.dz\/"},{"@type":"ListItem","position":2,"name":"Le Pr\u00e9sident Tebboune en Russie pour renforcer la coop\u00e9ration : Priorit\u00e9 \u00e0 l\u2019\u00e9conomie"}]},{"@type":"WebSite","@id":"https:\/\/lasentinelle.dz\/#website","url":"https:\/\/lasentinelle.dz\/","name":"La Sentinelle","description":"Quotidien national d&#039;information","publisher":{"@id":"https:\/\/lasentinelle.dz\/#organization"},"potentialAction":[{"@type":"SearchAction","target":{"@type":"EntryPoint","urlTemplate":"https:\/\/lasentinelle.dz\/?s={search_term_string}"},"query-input":{"@type":"PropertyValueSpecification","valueRequired":true,"valueName":"search_term_string"}}],"inLanguage":"fr-FR"},{"@type":"Organization","@id":"https:\/\/lasentinelle.dz\/#organization","name":"Quotidien La Sentinelle","url":"https:\/\/lasentinelle.dz\/","logo":{"@type":"ImageObject","inLanguage":"fr-FR","@id":"https:\/\/lasentinelle.dz\/#\/schema\/logo\/image\/","url":"https:\/\/lasentinelle.dz\/wp-content\/uploads\/2021\/09\/logo-sentinelleSLOGAN-1.png","contentUrl":"https:\/\/lasentinelle.dz\/wp-content\/uploads\/2021\/09\/logo-sentinelleSLOGAN-1.png","width":615,"height":142,"caption":"Quotidien La Sentinelle"},"image":{"@id":"https:\/\/lasentinelle.dz\/#\/schema\/logo\/image\/"},"sameAs":["https:\/\/www.facebook.com\/La-Sentinelle-104059864394773"]},{"@type":"Person","@id":"https:\/\/lasentinelle.dz\/#\/schema\/person\/d865044e22e70a75174ce8bcad3acfb3","name":"La Sentinelle","image":{"@type":"ImageObject","inLanguage":"fr-FR","@id":"https:\/\/secure.gravatar.com\/avatar\/57de8e5d4b15d43fb361a71fbb36338450fe67865b528a43dd10ef7c51a20392?s=96&d=mm&r=g","url":"https:\/\/secure.gravatar.com\/avatar\/57de8e5d4b15d43fb361a71fbb36338450fe67865b528a43dd10ef7c51a20392?s=96&d=mm&r=g","contentUrl":"https:\/\/secure.gravatar.com\/avatar\/57de8e5d4b15d43fb361a71fbb36338450fe67865b528a43dd10ef7c51a20392?s=96&d=mm&r=g","caption":"La Sentinelle"},"sameAs":["http:\/\/www.lasentinelle.dz"],"url":"https:\/\/lasentinelle.dz\/author\/redaction\/"}]}},"_links":{"self":[{"href":"https:\/\/lasentinelle.dz\/index.php\/wp-json\/wp\/v2\/posts\/42752","targetHints":{"allow":["GET"]}}],"collection":[{"href":"https:\/\/lasentinelle.dz\/index.php\/wp-json\/wp\/v2\/posts"}],"about":[{"href":"https:\/\/lasentinelle.dz\/index.php\/wp-json\/wp\/v2\/types\/post"}],"author":[{"embeddable":true,"href":"https:\/\/lasentinelle.dz\/index.php\/wp-json\/wp\/v2\/users\/3"}],"replies":[{"embeddable":true,"href":"https:\/\/lasentinelle.dz\/index.php\/wp-json\/wp\/v2\/comments?post=42752"}],"version-history":[{"count":1,"href":"https:\/\/lasentinelle.dz\/index.php\/wp-json\/wp\/v2\/posts\/42752\/revisions"}],"predecessor-version":[{"id":42754,"href":"https:\/\/lasentinelle.dz\/index.php\/wp-json\/wp\/v2\/posts\/42752\/revisions\/42754"}],"wp:featuredmedia":[{"embeddable":true,"href":"https:\/\/lasentinelle.dz\/index.php\/wp-json\/wp\/v2\/media\/42753"}],"wp:attachment":[{"href":"https:\/\/lasentinelle.dz\/index.php\/wp-json\/wp\/v2\/media?parent=42752"}],"wp:term":[{"taxonomy":"category","embeddable":true,"href":"https:\/\/lasentinelle.dz\/index.php\/wp-json\/wp\/v2\/categories?post=42752"},{"taxonomy":"post_tag","embeddable":true,"href":"https:\/\/lasentinelle.dz\/index.php\/wp-json\/wp\/v2\/tags?post=42752"}],"curies":[{"name":"wp","href":"https:\/\/api.w.org\/{rel}","templated":true}]}}