{"id":42761,"date":"2023-06-17T22:17:52","date_gmt":"2023-06-17T21:17:52","guid":{"rendered":"https:\/\/lasentinelle.dz\/?p=42761"},"modified":"2023-06-17T22:17:52","modified_gmt":"2023-06-17T21:17:52","slug":"envoi-de-f16-en-ukraine-lavrov-notre-reponse-sera-militaire-et-technique","status":"publish","type":"post","link":"https:\/\/lasentinelle.dz\/index.php\/2023\/06\/17\/envoi-de-f16-en-ukraine-lavrov-notre-reponse-sera-militaire-et-technique\/","title":{"rendered":"Envoi de F16 en Ukraine\/ Lavrov: \u00ab\u00a0Notre r\u00e9ponse sera militaire et technique\u00a0\u00bb"},"content":{"rendered":"\n<p><\/p>\n\n\n\n<p><\/p>\n\n\n\n<p>Si la Russie voit des avions F-16 dans le ciel ukrainien, sa r\u00e9ponse sera militaire et technique, a d\u00e9clar\u00e9 vendredi e le ministre russe des Affaires \u00e9trang\u00e8res Sergue\u00ef Lavrov dans une interview \u00e0 la cha\u00eene de t\u00e9l\u00e9vision RT en marge du Forum \u00e9conomique international de Saint-P\u00e9tersbourg (SPIEF).<\/p>\n\n\n\n<p>\u00ab\u00a0La r\u00e9ponse incombe aux militaires, ils savent ce qu&rsquo;il faut faire. Les F-16 sont une \u0153uvre militaire et technique, dont si nous voyons que ces avions survolent l&rsquo;Ukraine et qu&rsquo;ils pr\u00e9sentent une menace pour nous, il y aura bien s\u00fbr une r\u00e9ponse militaire et technique\u00a0\u00bb, a indiqu\u00e9 le chef de la diplomatie russe. Selon lui, la Russie a exprim\u00e9 son indignation aux \u00c9tats-Unis dans le cadre du groupe d&rsquo;experts des cinq puissances nucl\u00e9aires membres du Conseil de s\u00e9curit\u00e9 de l&rsquo;Onu, face aux projets de livrer \u00e0 Kiev des F-16 capables de porter des armes nucl\u00e9aires. \u00ab\u00a0Les Am\u00e9ricains ont essay\u00e9 de nier et de dire: &lsquo;Pensez-vous vraiment que nous allons donner \u00e0 l&rsquo;Ukraine des avions qui transporteront des armes nucl\u00e9aires?&rsquo; Nous leur avons r\u00e9pondu que nous n&rsquo;y pensions m\u00eame pas. Nos syst\u00e8mes, qui surveilleront ces avions, ne seront pas en mesure de distinguer un avion qui n&rsquo;est pas \u00e9quip\u00e9 d&rsquo;armes nucl\u00e9aires d&rsquo;un avion qui en transporte\u00a0\u00bb, a pr\u00e9cis\u00e9 M.Lavrov. Sur le plan diplomatique, le pr\u00e9sident ukrainien Volodymyr Zelensky affich\u00e9 son refus face aux efforts de m\u00e9diation de la d\u00e9l\u00e9gation africaine men\u00e9e par le pr\u00e9sident sud-africain Cyril Ramaphosa. Apr\u00e8s s\u2019\u00eatre vu proposer \u00ab une d\u00e9sescalade des deux c\u00f4t\u00e9s \u00bb par la mission de paix africaine, le chef d\u2019\u00c9tat ukrainien a tout bonnement refus\u00e9 cette offre de m\u00e9diation africaine. \u00ab Permettre une n\u00e9gociation avec la Russie maintenant, quand l\u2019occupant est sur notre terre, signifie geler la guerre, geler la douleur et la souffrance \u00bb, a tranch\u00e9 Volodymyr Zelensky, sans concession lors d\u2019une conf\u00e9rence de presse conjointe avec les dirigeants d\u2019Afrique o\u00f9 le pr\u00e9sident d\u2019Afrique du Sud a quand m\u00eame fait \u00e9tat de \u00ab discussions constructives \u00bb.<\/p>\n\n\n\n<p>R.I.<\/p>\n","protected":false},"excerpt":{"rendered":"<p>Si la Russie voit des avions F-16 dans le ciel ukrainien, sa r\u00e9ponse sera militaire et technique, a d\u00e9clar\u00e9 vendredi<\/p>\n","protected":false},"author":3,"featured_media":24468,"comment_status":"open","ping_status":"closed","sticky":false,"template":"","format":"standard","meta":{"colormag_page_container_layout":"default_layout","colormag_page_sidebar_layout":"default_layout","om_disable_all_campaigns":false,"_monsterinsights_skip_tracking":false,"_monsterinsights_sitenote_active":false,"_monsterinsights_sitenote_note":"","_monsterinsights_sitenote_category":0,"footnotes":"","_wpscppro_dont_share_socialmedia":false,"_wpscppro_custom_social_share_image":0,"_facebook_share_type":"","_twitter_share_type":"","_linkedin_share_type":"","_pinterest_share_type":"","_linkedin_share_type_page":"","_instagram_share_type":"","_medium_share_type":"","_threads_share_type":"","_google_business_share_type":"","_selected_social_profile":[],"_wpsp_enable_custom_social_template":false,"_wpsp_social_scheduling":{"enabled":false,"datetime":null,"platforms":[],"status":"template_only","dateOption":"today","timeOption":"now","customDays":"","customHours":"","customDate":"","customTime":"","schedulingType":"absolute"},"_wpsp_active_default_template":true},"categories":[37],"tags":[],"class_list":["post-42761","post","type-post","status-publish","format-standard","has-post-thumbnail","hentry","category-monde"],"aioseo_notices":[],"yoast_head":"<!-- This site is optimized with the Yoast SEO plugin v27.5 - https:\/\/yoast.com\/product\/yoast-seo-wordpress\/ -->\n<title>Envoi de F16 en Ukraine\/ Lavrov: \u00ab\u00a0Notre r\u00e9ponse sera militaire et technique\u00a0\u00bb - La Sentinelle<\/title>\n<meta name=\"robots\" content=\"index, follow, max-snippet:-1, max-image-preview:large, max-video-preview:-1\" \/>\n<link rel=\"canonical\" href=\"https:\/\/lasentinelle.dz\/index.php\/2023\/06\/17\/envoi-de-f16-en-ukraine-lavrov-notre-reponse-sera-militaire-et-technique\/\" \/>\n<meta property=\"og:locale\" content=\"fr_FR\" \/>\n<meta property=\"og:type\" content=\"article\" \/>\n<meta property=\"og:title\" content=\"Envoi de F16 en Ukraine\/ Lavrov: \u00ab\u00a0Notre r\u00e9ponse sera militaire et technique\u00a0\u00bb - La Sentinelle\" \/>\n<meta property=\"og:description\" content=\"Si la Russie voit des avions F-16 dans le ciel ukrainien, sa r\u00e9ponse sera militaire et technique, a d\u00e9clar\u00e9 vendredi\" \/>\n<meta property=\"og:url\" content=\"https:\/\/lasentinelle.dz\/index.php\/2023\/06\/17\/envoi-de-f16-en-ukraine-lavrov-notre-reponse-sera-militaire-et-technique\/\" \/>\n<meta property=\"og:site_name\" content=\"La Sentinelle\" \/>\n<meta property=\"article:publisher\" content=\"https:\/\/www.facebook.com\/La-Sentinelle-104059864394773\" \/>\n<meta property=\"article:published_time\" content=\"2023-06-17T21:17:52+00:00\" \/>\n<meta property=\"og:image\" content=\"https:\/\/lasentinelle.dz\/wp-content\/uploads\/2022\/07\/lavrov.png\" \/>\n\t<meta property=\"og:image:width\" content=\"1311\" \/>\n\t<meta property=\"og:image:height\" content=\"900\" \/>\n\t<meta property=\"og:image:type\" content=\"image\/png\" \/>\n<meta name=\"author\" content=\"La Sentinelle\" \/>\n<meta name=\"twitter:card\" content=\"summary_large_image\" \/>\n<meta name=\"twitter:label1\" content=\"\u00c9crit par\" \/>\n\t<meta name=\"twitter:data1\" content=\"La Sentinelle\" \/>\n\t<meta name=\"twitter:label2\" content=\"Dur\u00e9e de lecture estim\u00e9e\" \/>\n\t<meta name=\"twitter:data2\" content=\"2 minutes\" \/>\n<script type=\"application\/ld+json\" class=\"yoast-schema-graph\">{\"@context\":\"https:\\\/\\\/schema.org\",\"@graph\":[{\"@type\":\"Article\",\"@id\":\"https:\\\/\\\/lasentinelle.dz\\\/index.php\\\/2023\\\/06\\\/17\\\/envoi-de-f16-en-ukraine-lavrov-notre-reponse-sera-militaire-et-technique\\\/#article\",\"isPartOf\":{\"@id\":\"https:\\\/\\\/lasentinelle.dz\\\/index.php\\\/2023\\\/06\\\/17\\\/envoi-de-f16-en-ukraine-lavrov-notre-reponse-sera-militaire-et-technique\\\/\"},\"author\":{\"name\":\"La Sentinelle\",\"@id\":\"https:\\\/\\\/lasentinelle.dz\\\/#\\\/schema\\\/person\\\/d865044e22e70a75174ce8bcad3acfb3\"},\"headline\":\"Envoi de F16 en Ukraine\\\/ Lavrov: \u00ab\u00a0Notre r\u00e9ponse sera militaire et technique\u00a0\u00bb\",\"datePublished\":\"2023-06-17T21:17:52+00:00\",\"mainEntityOfPage\":{\"@id\":\"https:\\\/\\\/lasentinelle.dz\\\/index.php\\\/2023\\\/06\\\/17\\\/envoi-de-f16-en-ukraine-lavrov-notre-reponse-sera-militaire-et-technique\\\/\"},\"wordCount\":379,\"commentCount\":0,\"publisher\":{\"@id\":\"https:\\\/\\\/lasentinelle.dz\\\/#organization\"},\"image\":{\"@id\":\"https:\\\/\\\/lasentinelle.dz\\\/index.php\\\/2023\\\/06\\\/17\\\/envoi-de-f16-en-ukraine-lavrov-notre-reponse-sera-militaire-et-technique\\\/#primaryimage\"},\"thumbnailUrl\":\"https:\\\/\\\/lasentinelle.dz\\\/wp-content\\\/uploads\\\/2022\\\/07\\\/lavrov.png\",\"articleSection\":[\"Monde\"],\"inLanguage\":\"fr-FR\",\"potentialAction\":[{\"@type\":\"CommentAction\",\"name\":\"Comment\",\"target\":[\"https:\\\/\\\/lasentinelle.dz\\\/index.php\\\/2023\\\/06\\\/17\\\/envoi-de-f16-en-ukraine-lavrov-notre-reponse-sera-militaire-et-technique\\\/#respond\"]}]},{\"@type\":\"WebPage\",\"@id\":\"https:\\\/\\\/lasentinelle.dz\\\/index.php\\\/2023\\\/06\\\/17\\\/envoi-de-f16-en-ukraine-lavrov-notre-reponse-sera-militaire-et-technique\\\/\",\"url\":\"https:\\\/\\\/lasentinelle.dz\\\/index.php\\\/2023\\\/06\\\/17\\\/envoi-de-f16-en-ukraine-lavrov-notre-reponse-sera-militaire-et-technique\\\/\",\"name\":\"Envoi de F16 en Ukraine\\\/ Lavrov: \u00ab\u00a0Notre r\u00e9ponse sera militaire et technique\u00a0\u00bb - La Sentinelle\",\"isPartOf\":{\"@id\":\"https:\\\/\\\/lasentinelle.dz\\\/#website\"},\"primaryImageOfPage\":{\"@id\":\"https:\\\/\\\/lasentinelle.dz\\\/index.php\\\/2023\\\/06\\\/17\\\/envoi-de-f16-en-ukraine-lavrov-notre-reponse-sera-militaire-et-technique\\\/#primaryimage\"},\"image\":{\"@id\":\"https:\\\/\\\/lasentinelle.dz\\\/index.php\\\/2023\\\/06\\\/17\\\/envoi-de-f16-en-ukraine-lavrov-notre-reponse-sera-militaire-et-technique\\\/#primaryimage\"},\"thumbnailUrl\":\"https:\\\/\\\/lasentinelle.dz\\\/wp-content\\\/uploads\\\/2022\\\/07\\\/lavrov.png\",\"datePublished\":\"2023-06-17T21:17:52+00:00\",\"breadcrumb\":{\"@id\":\"https:\\\/\\\/lasentinelle.dz\\\/index.php\\\/2023\\\/06\\\/17\\\/envoi-de-f16-en-ukraine-lavrov-notre-reponse-sera-militaire-et-technique\\\/#breadcrumb\"},\"inLanguage\":\"fr-FR\",\"potentialAction\":[{\"@type\":\"ReadAction\",\"target\":[\"https:\\\/\\\/lasentinelle.dz\\\/index.php\\\/2023\\\/06\\\/17\\\/envoi-de-f16-en-ukraine-lavrov-notre-reponse-sera-militaire-et-technique\\\/\"]}]},{\"@type\":\"ImageObject\",\"inLanguage\":\"fr-FR\",\"@id\":\"https:\\\/\\\/lasentinelle.dz\\\/index.php\\\/2023\\\/06\\\/17\\\/envoi-de-f16-en-ukraine-lavrov-notre-reponse-sera-militaire-et-technique\\\/#primaryimage\",\"url\":\"https:\\\/\\\/lasentinelle.dz\\\/wp-content\\\/uploads\\\/2022\\\/07\\\/lavrov.png\",\"contentUrl\":\"https:\\\/\\\/lasentinelle.dz\\\/wp-content\\\/uploads\\\/2022\\\/07\\\/lavrov.png\",\"width\":1311,\"height\":900},{\"@type\":\"BreadcrumbList\",\"@id\":\"https:\\\/\\\/lasentinelle.dz\\\/index.php\\\/2023\\\/06\\\/17\\\/envoi-de-f16-en-ukraine-lavrov-notre-reponse-sera-militaire-et-technique\\\/#breadcrumb\",\"itemListElement\":[{\"@type\":\"ListItem\",\"position\":1,\"name\":\"Accueil\",\"item\":\"https:\\\/\\\/lasentinelle.dz\\\/\"},{\"@type\":\"ListItem\",\"position\":2,\"name\":\"Envoi de F16 en Ukraine\\\/ Lavrov: \u00ab\u00a0Notre r\u00e9ponse sera militaire et technique\u00a0\u00bb\"}]},{\"@type\":\"WebSite\",\"@id\":\"https:\\\/\\\/lasentinelle.dz\\\/#website\",\"url\":\"https:\\\/\\\/lasentinelle.dz\\\/\",\"name\":\"La Sentinelle\",\"description\":\"Quotidien national d&#039;information\",\"publisher\":{\"@id\":\"https:\\\/\\\/lasentinelle.dz\\\/#organization\"},\"potentialAction\":[{\"@type\":\"SearchAction\",\"target\":{\"@type\":\"EntryPoint\",\"urlTemplate\":\"https:\\\/\\\/lasentinelle.dz\\\/?s={search_term_string}\"},\"query-input\":{\"@type\":\"PropertyValueSpecification\",\"valueRequired\":true,\"valueName\":\"search_term_string\"}}],\"inLanguage\":\"fr-FR\"},{\"@type\":\"Organization\",\"@id\":\"https:\\\/\\\/lasentinelle.dz\\\/#organization\",\"name\":\"Quotidien La Sentinelle\",\"url\":\"https:\\\/\\\/lasentinelle.dz\\\/\",\"logo\":{\"@type\":\"ImageObject\",\"inLanguage\":\"fr-FR\",\"@id\":\"https:\\\/\\\/lasentinelle.dz\\\/#\\\/schema\\\/logo\\\/image\\\/\",\"url\":\"https:\\\/\\\/lasentinelle.dz\\\/wp-content\\\/uploads\\\/2021\\\/09\\\/logo-sentinelleSLOGAN-1.png\",\"contentUrl\":\"https:\\\/\\\/lasentinelle.dz\\\/wp-content\\\/uploads\\\/2021\\\/09\\\/logo-sentinelleSLOGAN-1.png\",\"width\":615,\"height\":142,\"caption\":\"Quotidien La Sentinelle\"},\"image\":{\"@id\":\"https:\\\/\\\/lasentinelle.dz\\\/#\\\/schema\\\/logo\\\/image\\\/\"},\"sameAs\":[\"https:\\\/\\\/www.facebook.com\\\/La-Sentinelle-104059864394773\"]},{\"@type\":\"Person\",\"@id\":\"https:\\\/\\\/lasentinelle.dz\\\/#\\\/schema\\\/person\\\/d865044e22e70a75174ce8bcad3acfb3\",\"name\":\"La Sentinelle\",\"image\":{\"@type\":\"ImageObject\",\"inLanguage\":\"fr-FR\",\"@id\":\"https:\\\/\\\/secure.gravatar.com\\\/avatar\\\/57de8e5d4b15d43fb361a71fbb36338450fe67865b528a43dd10ef7c51a20392?s=96&d=mm&r=g\",\"url\":\"https:\\\/\\\/secure.gravatar.com\\\/avatar\\\/57de8e5d4b15d43fb361a71fbb36338450fe67865b528a43dd10ef7c51a20392?s=96&d=mm&r=g\",\"contentUrl\":\"https:\\\/\\\/secure.gravatar.com\\\/avatar\\\/57de8e5d4b15d43fb361a71fbb36338450fe67865b528a43dd10ef7c51a20392?s=96&d=mm&r=g\",\"caption\":\"La Sentinelle\"},\"sameAs\":[\"http:\\\/\\\/www.lasentinelle.dz\"],\"url\":\"https:\\\/\\\/lasentinelle.dz\\\/author\\\/redaction\\\/\"}]}<\/script>\n<!-- \/ Yoast SEO plugin. -->","yoast_head_json":{"title":"Envoi de F16 en Ukraine\/ Lavrov: \u00ab\u00a0Notre r\u00e9ponse sera militaire et technique\u00a0\u00bb - La Sentinelle","robots":{"index":"index","follow":"follow","max-snippet":"max-snippet:-1","max-image-preview":"max-image-preview:large","max-video-preview":"max-video-preview:-1"},"canonical":"https:\/\/lasentinelle.dz\/index.php\/2023\/06\/17\/envoi-de-f16-en-ukraine-lavrov-notre-reponse-sera-militaire-et-technique\/","og_locale":"fr_FR","og_type":"article","og_title":"Envoi de F16 en Ukraine\/ Lavrov: \u00ab\u00a0Notre r\u00e9ponse sera militaire et technique\u00a0\u00bb - La Sentinelle","og_description":"Si la Russie voit des avions F-16 dans le ciel ukrainien, sa r\u00e9ponse sera militaire et technique, a d\u00e9clar\u00e9 vendredi","og_url":"https:\/\/lasentinelle.dz\/index.php\/2023\/06\/17\/envoi-de-f16-en-ukraine-lavrov-notre-reponse-sera-militaire-et-technique\/","og_site_name":"La Sentinelle","article_publisher":"https:\/\/www.facebook.com\/La-Sentinelle-104059864394773","article_published_time":"2023-06-17T21:17:52+00:00","og_image":[{"width":1311,"height":900,"url":"https:\/\/lasentinelle.dz\/wp-content\/uploads\/2022\/07\/lavrov.png","type":"image\/png"}],"author":"La Sentinelle","twitter_card":"summary_large_image","twitter_misc":{"\u00c9crit par":"La Sentinelle","Dur\u00e9e de lecture estim\u00e9e":"2 minutes"},"schema":{"@context":"https:\/\/schema.org","@graph":[{"@type":"Article","@id":"https:\/\/lasentinelle.dz\/index.php\/2023\/06\/17\/envoi-de-f16-en-ukraine-lavrov-notre-reponse-sera-militaire-et-technique\/#article","isPartOf":{"@id":"https:\/\/lasentinelle.dz\/index.php\/2023\/06\/17\/envoi-de-f16-en-ukraine-lavrov-notre-reponse-sera-militaire-et-technique\/"},"author":{"name":"La Sentinelle","@id":"https:\/\/lasentinelle.dz\/#\/schema\/person\/d865044e22e70a75174ce8bcad3acfb3"},"headline":"Envoi de F16 en Ukraine\/ Lavrov: \u00ab\u00a0Notre r\u00e9ponse sera militaire et technique\u00a0\u00bb","datePublished":"2023-06-17T21:17:52+00:00","mainEntityOfPage":{"@id":"https:\/\/lasentinelle.dz\/index.php\/2023\/06\/17\/envoi-de-f16-en-ukraine-lavrov-notre-reponse-sera-militaire-et-technique\/"},"wordCount":379,"commentCount":0,"publisher":{"@id":"https:\/\/lasentinelle.dz\/#organization"},"image":{"@id":"https:\/\/lasentinelle.dz\/index.php\/2023\/06\/17\/envoi-de-f16-en-ukraine-lavrov-notre-reponse-sera-militaire-et-technique\/#primaryimage"},"thumbnailUrl":"https:\/\/lasentinelle.dz\/wp-content\/uploads\/2022\/07\/lavrov.png","articleSection":["Monde"],"inLanguage":"fr-FR","potentialAction":[{"@type":"CommentAction","name":"Comment","target":["https:\/\/lasentinelle.dz\/index.php\/2023\/06\/17\/envoi-de-f16-en-ukraine-lavrov-notre-reponse-sera-militaire-et-technique\/#respond"]}]},{"@type":"WebPage","@id":"https:\/\/lasentinelle.dz\/index.php\/2023\/06\/17\/envoi-de-f16-en-ukraine-lavrov-notre-reponse-sera-militaire-et-technique\/","url":"https:\/\/lasentinelle.dz\/index.php\/2023\/06\/17\/envoi-de-f16-en-ukraine-lavrov-notre-reponse-sera-militaire-et-technique\/","name":"Envoi de F16 en Ukraine\/ Lavrov: \u00ab\u00a0Notre r\u00e9ponse sera militaire et technique\u00a0\u00bb - La Sentinelle","isPartOf":{"@id":"https:\/\/lasentinelle.dz\/#website"},"primaryImageOfPage":{"@id":"https:\/\/lasentinelle.dz\/index.php\/2023\/06\/17\/envoi-de-f16-en-ukraine-lavrov-notre-reponse-sera-militaire-et-technique\/#primaryimage"},"image":{"@id":"https:\/\/lasentinelle.dz\/index.php\/2023\/06\/17\/envoi-de-f16-en-ukraine-lavrov-notre-reponse-sera-militaire-et-technique\/#primaryimage"},"thumbnailUrl":"https:\/\/lasentinelle.dz\/wp-content\/uploads\/2022\/07\/lavrov.png","datePublished":"2023-06-17T21:17:52+00:00","breadcrumb":{"@id":"https:\/\/lasentinelle.dz\/index.php\/2023\/06\/17\/envoi-de-f16-en-ukraine-lavrov-notre-reponse-sera-militaire-et-technique\/#breadcrumb"},"inLanguage":"fr-FR","potentialAction":[{"@type":"ReadAction","target":["https:\/\/lasentinelle.dz\/index.php\/2023\/06\/17\/envoi-de-f16-en-ukraine-lavrov-notre-reponse-sera-militaire-et-technique\/"]}]},{"@type":"ImageObject","inLanguage":"fr-FR","@id":"https:\/\/lasentinelle.dz\/index.php\/2023\/06\/17\/envoi-de-f16-en-ukraine-lavrov-notre-reponse-sera-militaire-et-technique\/#primaryimage","url":"https:\/\/lasentinelle.dz\/wp-content\/uploads\/2022\/07\/lavrov.png","contentUrl":"https:\/\/lasentinelle.dz\/wp-content\/uploads\/2022\/07\/lavrov.png","width":1311,"height":900},{"@type":"BreadcrumbList","@id":"https:\/\/lasentinelle.dz\/index.php\/2023\/06\/17\/envoi-de-f16-en-ukraine-lavrov-notre-reponse-sera-militaire-et-technique\/#breadcrumb","itemListElement":[{"@type":"ListItem","position":1,"name":"Accueil","item":"https:\/\/lasentinelle.dz\/"},{"@type":"ListItem","position":2,"name":"Envoi de F16 en Ukraine\/ Lavrov: \u00ab\u00a0Notre r\u00e9ponse sera militaire et technique\u00a0\u00bb"}]},{"@type":"WebSite","@id":"https:\/\/lasentinelle.dz\/#website","url":"https:\/\/lasentinelle.dz\/","name":"La Sentinelle","description":"Quotidien national d&#039;information","publisher":{"@id":"https:\/\/lasentinelle.dz\/#organization"},"potentialAction":[{"@type":"SearchAction","target":{"@type":"EntryPoint","urlTemplate":"https:\/\/lasentinelle.dz\/?s={search_term_string}"},"query-input":{"@type":"PropertyValueSpecification","valueRequired":true,"valueName":"search_term_string"}}],"inLanguage":"fr-FR"},{"@type":"Organization","@id":"https:\/\/lasentinelle.dz\/#organization","name":"Quotidien La Sentinelle","url":"https:\/\/lasentinelle.dz\/","logo":{"@type":"ImageObject","inLanguage":"fr-FR","@id":"https:\/\/lasentinelle.dz\/#\/schema\/logo\/image\/","url":"https:\/\/lasentinelle.dz\/wp-content\/uploads\/2021\/09\/logo-sentinelleSLOGAN-1.png","contentUrl":"https:\/\/lasentinelle.dz\/wp-content\/uploads\/2021\/09\/logo-sentinelleSLOGAN-1.png","width":615,"height":142,"caption":"Quotidien La Sentinelle"},"image":{"@id":"https:\/\/lasentinelle.dz\/#\/schema\/logo\/image\/"},"sameAs":["https:\/\/www.facebook.com\/La-Sentinelle-104059864394773"]},{"@type":"Person","@id":"https:\/\/lasentinelle.dz\/#\/schema\/person\/d865044e22e70a75174ce8bcad3acfb3","name":"La Sentinelle","image":{"@type":"ImageObject","inLanguage":"fr-FR","@id":"https:\/\/secure.gravatar.com\/avatar\/57de8e5d4b15d43fb361a71fbb36338450fe67865b528a43dd10ef7c51a20392?s=96&d=mm&r=g","url":"https:\/\/secure.gravatar.com\/avatar\/57de8e5d4b15d43fb361a71fbb36338450fe67865b528a43dd10ef7c51a20392?s=96&d=mm&r=g","contentUrl":"https:\/\/secure.gravatar.com\/avatar\/57de8e5d4b15d43fb361a71fbb36338450fe67865b528a43dd10ef7c51a20392?s=96&d=mm&r=g","caption":"La Sentinelle"},"sameAs":["http:\/\/www.lasentinelle.dz"],"url":"https:\/\/lasentinelle.dz\/author\/redaction\/"}]}},"_links":{"self":[{"href":"https:\/\/lasentinelle.dz\/index.php\/wp-json\/wp\/v2\/posts\/42761","targetHints":{"allow":["GET"]}}],"collection":[{"href":"https:\/\/lasentinelle.dz\/index.php\/wp-json\/wp\/v2\/posts"}],"about":[{"href":"https:\/\/lasentinelle.dz\/index.php\/wp-json\/wp\/v2\/types\/post"}],"author":[{"embeddable":true,"href":"https:\/\/lasentinelle.dz\/index.php\/wp-json\/wp\/v2\/users\/3"}],"replies":[{"embeddable":true,"href":"https:\/\/lasentinelle.dz\/index.php\/wp-json\/wp\/v2\/comments?post=42761"}],"version-history":[{"count":1,"href":"https:\/\/lasentinelle.dz\/index.php\/wp-json\/wp\/v2\/posts\/42761\/revisions"}],"predecessor-version":[{"id":42762,"href":"https:\/\/lasentinelle.dz\/index.php\/wp-json\/wp\/v2\/posts\/42761\/revisions\/42762"}],"wp:featuredmedia":[{"embeddable":true,"href":"https:\/\/lasentinelle.dz\/index.php\/wp-json\/wp\/v2\/media\/24468"}],"wp:attachment":[{"href":"https:\/\/lasentinelle.dz\/index.php\/wp-json\/wp\/v2\/media?parent=42761"}],"wp:term":[{"taxonomy":"category","embeddable":true,"href":"https:\/\/lasentinelle.dz\/index.php\/wp-json\/wp\/v2\/categories?post=42761"},{"taxonomy":"post_tag","embeddable":true,"href":"https:\/\/lasentinelle.dz\/index.php\/wp-json\/wp\/v2\/tags?post=42761"}],"curies":[{"name":"wp","href":"https:\/\/api.w.org\/{rel}","templated":true}]}}