{"id":42772,"date":"2023-06-17T22:27:07","date_gmt":"2023-06-17T21:27:07","guid":{"rendered":"https:\/\/lasentinelle.dz\/?p=42772"},"modified":"2023-06-17T22:27:07","modified_gmt":"2023-06-17T21:27:07","slug":"annaba-une-commission-denquete-a-lapc-del-eulma","status":"publish","type":"post","link":"https:\/\/lasentinelle.dz\/index.php\/2023\/06\/17\/annaba-une-commission-denquete-a-lapc-del-eulma\/","title":{"rendered":"Annaba: Une commission d\u2019enqu\u00eate \u00e0 l\u2019APC d\u2019El-Eulma"},"content":{"rendered":"\n<p><\/p>\n\n\n\n<p><\/p>\n\n\n\n<p>Le wali n&rsquo;\u00e9carte pas le recours \u00e0 la justice apr\u00e8s que des travaux de bitumage de certaines voies aient \u00e9t\u00e9 effectu\u00e9s dans l\u2019APC d\u2019El-Eulma sans que des avaloirs pour l\u2019\u00e9vacuation des eaux de pluie aient \u00e9t\u00e9 pr\u00e9vus.<\/p>\n\n\n\n<p>Le P\/APC de la commune d\u2019El Eulma, le chef de da\u00efra et le responsable de la direction des travaux publics ont subi une avalanche de critiques par le wali d\u2019Annaba. La r\u00e9union ordinaire de l\u2019APC d\u2019El Eulma, \u00e0 laquelle a assist\u00e9 le chef de l\u2019ex\u00e9cutif, Djamel Eddine Berrimi, a \u00e9t\u00e9 consacr\u00e9e au projet de bitumage de la route principale du quartier des 194 logements \u00e0 El Eulma. Ce projet valid\u00e9 par tous les responsables de la commune ainsi que par la direction des Travaux publics, a \u00e9t\u00e9 men\u00e9 sans l\u2019installation pr\u00e9alable d\u2019avaloirs. Ce processus, qui rel\u00e8ve initialement de l\u2019\u00e9tude technique cens\u00e9e donner le feu vert pour le lancement des travaux, a, \u00e0 priori, \u00e9t\u00e9 occult\u00e9 par tous ces responsables charg\u00e9s de ce projet. Face \u00e0 cet \u00ab oubli \u00bb flagrant, les travaux de bitumage qui ont \u00e9t\u00e9 finalis\u00e9s et qui ont co\u00fbt\u00e9 des centaines de millions au Tr\u00e9sor public, sont compromis, d\u2019autant plus que la saison des pluies n\u2019a pas encore touch\u00e9 \u00e0 sa fin. Un scandale qui a \u00e9t\u00e9 mis \u00e0 nu par un s\u00e9nateur, lors de la derni\u00e8re session de l\u2019APW. Selon le s\u00e9nateur les autorit\u00e9s locales, c&rsquo;est-\u00e0-dire l\u2019APC et la direction des travaux publics \u00e9taient au courant du scandale, ce qui a \u00e9t\u00e9 confirm\u00e9 par le chef de da\u00efra d\u2019Ain El Berda, qui a mis en cause le P\/APC d\u2019El Eulma. D\u2019ailleurs, les deux parties se renvoient chacun, comme il peut, la balle incombant la responsabilit\u00e9 de cette bavure technique \u00e0 la direction des Travaux publics. Celle-ci, par d\u00e9finition, est plus apte \u00e0 anticiper et \u00e0 pr\u00e9d\u00e9finir les d\u00e9tails d\u2019ordre technique lors du lancement du projet. Celui-ci a, d\u2019ailleurs, contraint le maire d\u2019El Eulma \u00e0 faire un choix entre deux solutions, soit \u00e9liminer les contraintes entravant le processus d\u2019installation des avaloires d&rsquo;\u00e9vacuation des eaux, soit de les ignorer et proc\u00e9der au bitumage sans les avaloirs d\u2019\u00e9vacuation. Ainsi, face \u00e0 ce laxisme, l\u2019indiff\u00e9rence et l\u2019irresponsabilit\u00e9, de ce panel de responsable, le wali a d\u00e9cid\u00e9 d&rsquo;envoyer une commission enqu\u00eater afin de lui \u00e9tablir un rapport sur cette affaire. La col\u00e8re du wali ne s\u2019est pas limit\u00e9e \u00e0 l\u2019envoi d\u2019une commission d\u2019enqu\u00eate mais bien au-del\u00e0. Il a promis de prendre les mesures qui s\u2019imposent aussi bien contre le chef de da\u00efra, que le maire mais \u00e9galement contre la direction des travaux publics. Cette derni\u00e8re qui, selon le premier responsable de la wilaya, subira la grande responsabilit\u00e9, puisqu\u2019elle lanc\u00e9 le projet du bitumage tout en n\u00e9gligeant les canaux d\u2019\u00e9vacuation des eaux pluviales. Sans m\u00e2cher ses mots, le wali d\u2019Annaba a estim\u00e9 qu\u2019il s\u2019agit l\u00e0 d\u2019une erreur impardonnable et que tous les responsables, dans cette affaire, seront traduits en justice.<\/p>\n\n\n\n<p><strong>Sofia Chahine<\/strong><\/p>\n","protected":false},"excerpt":{"rendered":"<p>Le wali n&rsquo;\u00e9carte pas le recours \u00e0 la justice apr\u00e8s que des travaux de bitumage de certaines voies aient \u00e9t\u00e9<\/p>\n","protected":false},"author":3,"featured_media":42773,"comment_status":"open","ping_status":"closed","sticky":false,"template":"","format":"standard","meta":{"colormag_page_container_layout":"default_layout","colormag_page_sidebar_layout":"default_layout","om_disable_all_campaigns":false,"_monsterinsights_skip_tracking":false,"_monsterinsights_sitenote_active":false,"_monsterinsights_sitenote_note":"","_monsterinsights_sitenote_category":0,"footnotes":"","_wpscppro_dont_share_socialmedia":false,"_wpscppro_custom_social_share_image":0,"_facebook_share_type":"","_twitter_share_type":"","_linkedin_share_type":"","_pinterest_share_type":"","_linkedin_share_type_page":"","_instagram_share_type":"","_medium_share_type":"","_threads_share_type":"","_google_business_share_type":"","_selected_social_profile":[],"_wpsp_enable_custom_social_template":false,"_wpsp_social_scheduling":{"enabled":false,"datetime":null,"platforms":[],"status":"template_only","dateOption":"today","timeOption":"now","customDays":"","customHours":"","customDate":"","customTime":"","schedulingType":"absolute"},"_wpsp_active_default_template":true},"categories":[31],"tags":[],"class_list":["post-42772","post","type-post","status-publish","format-standard","has-post-thumbnail","hentry","category-regions"],"aioseo_notices":[],"yoast_head":"<!-- This site is optimized with the Yoast SEO plugin v27.5 - https:\/\/yoast.com\/product\/yoast-seo-wordpress\/ -->\n<title>Annaba: Une commission d\u2019enqu\u00eate \u00e0 l\u2019APC d\u2019El-Eulma - La Sentinelle<\/title>\n<meta name=\"robots\" content=\"index, follow, max-snippet:-1, max-image-preview:large, max-video-preview:-1\" \/>\n<link rel=\"canonical\" href=\"https:\/\/lasentinelle.dz\/index.php\/2023\/06\/17\/annaba-une-commission-denquete-a-lapc-del-eulma\/\" \/>\n<meta property=\"og:locale\" content=\"fr_FR\" \/>\n<meta property=\"og:type\" content=\"article\" \/>\n<meta property=\"og:title\" content=\"Annaba: Une commission d\u2019enqu\u00eate \u00e0 l\u2019APC d\u2019El-Eulma - La Sentinelle\" \/>\n<meta property=\"og:description\" content=\"Le wali n&rsquo;\u00e9carte pas le recours \u00e0 la justice apr\u00e8s que des travaux de bitumage de certaines voies aient \u00e9t\u00e9\" \/>\n<meta property=\"og:url\" content=\"https:\/\/lasentinelle.dz\/index.php\/2023\/06\/17\/annaba-une-commission-denquete-a-lapc-del-eulma\/\" \/>\n<meta property=\"og:site_name\" content=\"La Sentinelle\" \/>\n<meta property=\"article:publisher\" content=\"https:\/\/www.facebook.com\/La-Sentinelle-104059864394773\" \/>\n<meta property=\"article:published_time\" content=\"2023-06-17T21:27:07+00:00\" \/>\n<meta property=\"og:image\" content=\"https:\/\/lasentinelle.dz\/wp-content\/uploads\/2023\/06\/Bitumage.jpeg\" \/>\n\t<meta property=\"og:image:width\" content=\"1500\" \/>\n\t<meta property=\"og:image:height\" content=\"1000\" \/>\n\t<meta property=\"og:image:type\" content=\"image\/jpeg\" \/>\n<meta name=\"author\" content=\"La Sentinelle\" \/>\n<meta name=\"twitter:card\" content=\"summary_large_image\" \/>\n<meta name=\"twitter:label1\" content=\"\u00c9crit par\" \/>\n\t<meta name=\"twitter:data1\" content=\"La Sentinelle\" \/>\n\t<meta name=\"twitter:label2\" content=\"Dur\u00e9e de lecture estim\u00e9e\" \/>\n\t<meta name=\"twitter:data2\" content=\"3 minutes\" \/>\n<script type=\"application\/ld+json\" class=\"yoast-schema-graph\">{\"@context\":\"https:\\\/\\\/schema.org\",\"@graph\":[{\"@type\":\"Article\",\"@id\":\"https:\\\/\\\/lasentinelle.dz\\\/index.php\\\/2023\\\/06\\\/17\\\/annaba-une-commission-denquete-a-lapc-del-eulma\\\/#article\",\"isPartOf\":{\"@id\":\"https:\\\/\\\/lasentinelle.dz\\\/index.php\\\/2023\\\/06\\\/17\\\/annaba-une-commission-denquete-a-lapc-del-eulma\\\/\"},\"author\":{\"name\":\"La Sentinelle\",\"@id\":\"https:\\\/\\\/lasentinelle.dz\\\/#\\\/schema\\\/person\\\/d865044e22e70a75174ce8bcad3acfb3\"},\"headline\":\"Annaba: Une commission d\u2019enqu\u00eate \u00e0 l\u2019APC d\u2019El-Eulma\",\"datePublished\":\"2023-06-17T21:27:07+00:00\",\"mainEntityOfPage\":{\"@id\":\"https:\\\/\\\/lasentinelle.dz\\\/index.php\\\/2023\\\/06\\\/17\\\/annaba-une-commission-denquete-a-lapc-del-eulma\\\/\"},\"wordCount\":548,\"commentCount\":0,\"publisher\":{\"@id\":\"https:\\\/\\\/lasentinelle.dz\\\/#organization\"},\"image\":{\"@id\":\"https:\\\/\\\/lasentinelle.dz\\\/index.php\\\/2023\\\/06\\\/17\\\/annaba-une-commission-denquete-a-lapc-del-eulma\\\/#primaryimage\"},\"thumbnailUrl\":\"https:\\\/\\\/lasentinelle.dz\\\/wp-content\\\/uploads\\\/2023\\\/06\\\/Bitumage.jpeg\",\"articleSection\":[\"R\u00e9gions\"],\"inLanguage\":\"fr-FR\",\"potentialAction\":[{\"@type\":\"CommentAction\",\"name\":\"Comment\",\"target\":[\"https:\\\/\\\/lasentinelle.dz\\\/index.php\\\/2023\\\/06\\\/17\\\/annaba-une-commission-denquete-a-lapc-del-eulma\\\/#respond\"]}]},{\"@type\":\"WebPage\",\"@id\":\"https:\\\/\\\/lasentinelle.dz\\\/index.php\\\/2023\\\/06\\\/17\\\/annaba-une-commission-denquete-a-lapc-del-eulma\\\/\",\"url\":\"https:\\\/\\\/lasentinelle.dz\\\/index.php\\\/2023\\\/06\\\/17\\\/annaba-une-commission-denquete-a-lapc-del-eulma\\\/\",\"name\":\"Annaba: Une commission d\u2019enqu\u00eate \u00e0 l\u2019APC d\u2019El-Eulma - La Sentinelle\",\"isPartOf\":{\"@id\":\"https:\\\/\\\/lasentinelle.dz\\\/#website\"},\"primaryImageOfPage\":{\"@id\":\"https:\\\/\\\/lasentinelle.dz\\\/index.php\\\/2023\\\/06\\\/17\\\/annaba-une-commission-denquete-a-lapc-del-eulma\\\/#primaryimage\"},\"image\":{\"@id\":\"https:\\\/\\\/lasentinelle.dz\\\/index.php\\\/2023\\\/06\\\/17\\\/annaba-une-commission-denquete-a-lapc-del-eulma\\\/#primaryimage\"},\"thumbnailUrl\":\"https:\\\/\\\/lasentinelle.dz\\\/wp-content\\\/uploads\\\/2023\\\/06\\\/Bitumage.jpeg\",\"datePublished\":\"2023-06-17T21:27:07+00:00\",\"breadcrumb\":{\"@id\":\"https:\\\/\\\/lasentinelle.dz\\\/index.php\\\/2023\\\/06\\\/17\\\/annaba-une-commission-denquete-a-lapc-del-eulma\\\/#breadcrumb\"},\"inLanguage\":\"fr-FR\",\"potentialAction\":[{\"@type\":\"ReadAction\",\"target\":[\"https:\\\/\\\/lasentinelle.dz\\\/index.php\\\/2023\\\/06\\\/17\\\/annaba-une-commission-denquete-a-lapc-del-eulma\\\/\"]}]},{\"@type\":\"ImageObject\",\"inLanguage\":\"fr-FR\",\"@id\":\"https:\\\/\\\/lasentinelle.dz\\\/index.php\\\/2023\\\/06\\\/17\\\/annaba-une-commission-denquete-a-lapc-del-eulma\\\/#primaryimage\",\"url\":\"https:\\\/\\\/lasentinelle.dz\\\/wp-content\\\/uploads\\\/2023\\\/06\\\/Bitumage.jpeg\",\"contentUrl\":\"https:\\\/\\\/lasentinelle.dz\\\/wp-content\\\/uploads\\\/2023\\\/06\\\/Bitumage.jpeg\",\"width\":1500,\"height\":1000},{\"@type\":\"BreadcrumbList\",\"@id\":\"https:\\\/\\\/lasentinelle.dz\\\/index.php\\\/2023\\\/06\\\/17\\\/annaba-une-commission-denquete-a-lapc-del-eulma\\\/#breadcrumb\",\"itemListElement\":[{\"@type\":\"ListItem\",\"position\":1,\"name\":\"Accueil\",\"item\":\"https:\\\/\\\/lasentinelle.dz\\\/\"},{\"@type\":\"ListItem\",\"position\":2,\"name\":\"Annaba: Une commission d\u2019enqu\u00eate \u00e0 l\u2019APC d\u2019El-Eulma\"}]},{\"@type\":\"WebSite\",\"@id\":\"https:\\\/\\\/lasentinelle.dz\\\/#website\",\"url\":\"https:\\\/\\\/lasentinelle.dz\\\/\",\"name\":\"La Sentinelle\",\"description\":\"Quotidien national d&#039;information\",\"publisher\":{\"@id\":\"https:\\\/\\\/lasentinelle.dz\\\/#organization\"},\"potentialAction\":[{\"@type\":\"SearchAction\",\"target\":{\"@type\":\"EntryPoint\",\"urlTemplate\":\"https:\\\/\\\/lasentinelle.dz\\\/?s={search_term_string}\"},\"query-input\":{\"@type\":\"PropertyValueSpecification\",\"valueRequired\":true,\"valueName\":\"search_term_string\"}}],\"inLanguage\":\"fr-FR\"},{\"@type\":\"Organization\",\"@id\":\"https:\\\/\\\/lasentinelle.dz\\\/#organization\",\"name\":\"Quotidien La Sentinelle\",\"url\":\"https:\\\/\\\/lasentinelle.dz\\\/\",\"logo\":{\"@type\":\"ImageObject\",\"inLanguage\":\"fr-FR\",\"@id\":\"https:\\\/\\\/lasentinelle.dz\\\/#\\\/schema\\\/logo\\\/image\\\/\",\"url\":\"https:\\\/\\\/lasentinelle.dz\\\/wp-content\\\/uploads\\\/2021\\\/09\\\/logo-sentinelleSLOGAN-1.png\",\"contentUrl\":\"https:\\\/\\\/lasentinelle.dz\\\/wp-content\\\/uploads\\\/2021\\\/09\\\/logo-sentinelleSLOGAN-1.png\",\"width\":615,\"height\":142,\"caption\":\"Quotidien La Sentinelle\"},\"image\":{\"@id\":\"https:\\\/\\\/lasentinelle.dz\\\/#\\\/schema\\\/logo\\\/image\\\/\"},\"sameAs\":[\"https:\\\/\\\/www.facebook.com\\\/La-Sentinelle-104059864394773\"]},{\"@type\":\"Person\",\"@id\":\"https:\\\/\\\/lasentinelle.dz\\\/#\\\/schema\\\/person\\\/d865044e22e70a75174ce8bcad3acfb3\",\"name\":\"La Sentinelle\",\"image\":{\"@type\":\"ImageObject\",\"inLanguage\":\"fr-FR\",\"@id\":\"https:\\\/\\\/secure.gravatar.com\\\/avatar\\\/57de8e5d4b15d43fb361a71fbb36338450fe67865b528a43dd10ef7c51a20392?s=96&d=mm&r=g\",\"url\":\"https:\\\/\\\/secure.gravatar.com\\\/avatar\\\/57de8e5d4b15d43fb361a71fbb36338450fe67865b528a43dd10ef7c51a20392?s=96&d=mm&r=g\",\"contentUrl\":\"https:\\\/\\\/secure.gravatar.com\\\/avatar\\\/57de8e5d4b15d43fb361a71fbb36338450fe67865b528a43dd10ef7c51a20392?s=96&d=mm&r=g\",\"caption\":\"La Sentinelle\"},\"sameAs\":[\"http:\\\/\\\/www.lasentinelle.dz\"],\"url\":\"https:\\\/\\\/lasentinelle.dz\\\/author\\\/redaction\\\/\"}]}<\/script>\n<!-- \/ Yoast SEO plugin. -->","yoast_head_json":{"title":"Annaba: Une commission d\u2019enqu\u00eate \u00e0 l\u2019APC d\u2019El-Eulma - La Sentinelle","robots":{"index":"index","follow":"follow","max-snippet":"max-snippet:-1","max-image-preview":"max-image-preview:large","max-video-preview":"max-video-preview:-1"},"canonical":"https:\/\/lasentinelle.dz\/index.php\/2023\/06\/17\/annaba-une-commission-denquete-a-lapc-del-eulma\/","og_locale":"fr_FR","og_type":"article","og_title":"Annaba: Une commission d\u2019enqu\u00eate \u00e0 l\u2019APC d\u2019El-Eulma - La Sentinelle","og_description":"Le wali n&rsquo;\u00e9carte pas le recours \u00e0 la justice apr\u00e8s que des travaux de bitumage de certaines voies aient \u00e9t\u00e9","og_url":"https:\/\/lasentinelle.dz\/index.php\/2023\/06\/17\/annaba-une-commission-denquete-a-lapc-del-eulma\/","og_site_name":"La Sentinelle","article_publisher":"https:\/\/www.facebook.com\/La-Sentinelle-104059864394773","article_published_time":"2023-06-17T21:27:07+00:00","og_image":[{"width":1500,"height":1000,"url":"https:\/\/lasentinelle.dz\/wp-content\/uploads\/2023\/06\/Bitumage.jpeg","type":"image\/jpeg"}],"author":"La Sentinelle","twitter_card":"summary_large_image","twitter_misc":{"\u00c9crit par":"La Sentinelle","Dur\u00e9e de lecture estim\u00e9e":"3 minutes"},"schema":{"@context":"https:\/\/schema.org","@graph":[{"@type":"Article","@id":"https:\/\/lasentinelle.dz\/index.php\/2023\/06\/17\/annaba-une-commission-denquete-a-lapc-del-eulma\/#article","isPartOf":{"@id":"https:\/\/lasentinelle.dz\/index.php\/2023\/06\/17\/annaba-une-commission-denquete-a-lapc-del-eulma\/"},"author":{"name":"La Sentinelle","@id":"https:\/\/lasentinelle.dz\/#\/schema\/person\/d865044e22e70a75174ce8bcad3acfb3"},"headline":"Annaba: Une commission d\u2019enqu\u00eate \u00e0 l\u2019APC d\u2019El-Eulma","datePublished":"2023-06-17T21:27:07+00:00","mainEntityOfPage":{"@id":"https:\/\/lasentinelle.dz\/index.php\/2023\/06\/17\/annaba-une-commission-denquete-a-lapc-del-eulma\/"},"wordCount":548,"commentCount":0,"publisher":{"@id":"https:\/\/lasentinelle.dz\/#organization"},"image":{"@id":"https:\/\/lasentinelle.dz\/index.php\/2023\/06\/17\/annaba-une-commission-denquete-a-lapc-del-eulma\/#primaryimage"},"thumbnailUrl":"https:\/\/lasentinelle.dz\/wp-content\/uploads\/2023\/06\/Bitumage.jpeg","articleSection":["R\u00e9gions"],"inLanguage":"fr-FR","potentialAction":[{"@type":"CommentAction","name":"Comment","target":["https:\/\/lasentinelle.dz\/index.php\/2023\/06\/17\/annaba-une-commission-denquete-a-lapc-del-eulma\/#respond"]}]},{"@type":"WebPage","@id":"https:\/\/lasentinelle.dz\/index.php\/2023\/06\/17\/annaba-une-commission-denquete-a-lapc-del-eulma\/","url":"https:\/\/lasentinelle.dz\/index.php\/2023\/06\/17\/annaba-une-commission-denquete-a-lapc-del-eulma\/","name":"Annaba: Une commission d\u2019enqu\u00eate \u00e0 l\u2019APC d\u2019El-Eulma - La Sentinelle","isPartOf":{"@id":"https:\/\/lasentinelle.dz\/#website"},"primaryImageOfPage":{"@id":"https:\/\/lasentinelle.dz\/index.php\/2023\/06\/17\/annaba-une-commission-denquete-a-lapc-del-eulma\/#primaryimage"},"image":{"@id":"https:\/\/lasentinelle.dz\/index.php\/2023\/06\/17\/annaba-une-commission-denquete-a-lapc-del-eulma\/#primaryimage"},"thumbnailUrl":"https:\/\/lasentinelle.dz\/wp-content\/uploads\/2023\/06\/Bitumage.jpeg","datePublished":"2023-06-17T21:27:07+00:00","breadcrumb":{"@id":"https:\/\/lasentinelle.dz\/index.php\/2023\/06\/17\/annaba-une-commission-denquete-a-lapc-del-eulma\/#breadcrumb"},"inLanguage":"fr-FR","potentialAction":[{"@type":"ReadAction","target":["https:\/\/lasentinelle.dz\/index.php\/2023\/06\/17\/annaba-une-commission-denquete-a-lapc-del-eulma\/"]}]},{"@type":"ImageObject","inLanguage":"fr-FR","@id":"https:\/\/lasentinelle.dz\/index.php\/2023\/06\/17\/annaba-une-commission-denquete-a-lapc-del-eulma\/#primaryimage","url":"https:\/\/lasentinelle.dz\/wp-content\/uploads\/2023\/06\/Bitumage.jpeg","contentUrl":"https:\/\/lasentinelle.dz\/wp-content\/uploads\/2023\/06\/Bitumage.jpeg","width":1500,"height":1000},{"@type":"BreadcrumbList","@id":"https:\/\/lasentinelle.dz\/index.php\/2023\/06\/17\/annaba-une-commission-denquete-a-lapc-del-eulma\/#breadcrumb","itemListElement":[{"@type":"ListItem","position":1,"name":"Accueil","item":"https:\/\/lasentinelle.dz\/"},{"@type":"ListItem","position":2,"name":"Annaba: Une commission d\u2019enqu\u00eate \u00e0 l\u2019APC d\u2019El-Eulma"}]},{"@type":"WebSite","@id":"https:\/\/lasentinelle.dz\/#website","url":"https:\/\/lasentinelle.dz\/","name":"La Sentinelle","description":"Quotidien national d&#039;information","publisher":{"@id":"https:\/\/lasentinelle.dz\/#organization"},"potentialAction":[{"@type":"SearchAction","target":{"@type":"EntryPoint","urlTemplate":"https:\/\/lasentinelle.dz\/?s={search_term_string}"},"query-input":{"@type":"PropertyValueSpecification","valueRequired":true,"valueName":"search_term_string"}}],"inLanguage":"fr-FR"},{"@type":"Organization","@id":"https:\/\/lasentinelle.dz\/#organization","name":"Quotidien La Sentinelle","url":"https:\/\/lasentinelle.dz\/","logo":{"@type":"ImageObject","inLanguage":"fr-FR","@id":"https:\/\/lasentinelle.dz\/#\/schema\/logo\/image\/","url":"https:\/\/lasentinelle.dz\/wp-content\/uploads\/2021\/09\/logo-sentinelleSLOGAN-1.png","contentUrl":"https:\/\/lasentinelle.dz\/wp-content\/uploads\/2021\/09\/logo-sentinelleSLOGAN-1.png","width":615,"height":142,"caption":"Quotidien La Sentinelle"},"image":{"@id":"https:\/\/lasentinelle.dz\/#\/schema\/logo\/image\/"},"sameAs":["https:\/\/www.facebook.com\/La-Sentinelle-104059864394773"]},{"@type":"Person","@id":"https:\/\/lasentinelle.dz\/#\/schema\/person\/d865044e22e70a75174ce8bcad3acfb3","name":"La Sentinelle","image":{"@type":"ImageObject","inLanguage":"fr-FR","@id":"https:\/\/secure.gravatar.com\/avatar\/57de8e5d4b15d43fb361a71fbb36338450fe67865b528a43dd10ef7c51a20392?s=96&d=mm&r=g","url":"https:\/\/secure.gravatar.com\/avatar\/57de8e5d4b15d43fb361a71fbb36338450fe67865b528a43dd10ef7c51a20392?s=96&d=mm&r=g","contentUrl":"https:\/\/secure.gravatar.com\/avatar\/57de8e5d4b15d43fb361a71fbb36338450fe67865b528a43dd10ef7c51a20392?s=96&d=mm&r=g","caption":"La Sentinelle"},"sameAs":["http:\/\/www.lasentinelle.dz"],"url":"https:\/\/lasentinelle.dz\/author\/redaction\/"}]}},"_links":{"self":[{"href":"https:\/\/lasentinelle.dz\/index.php\/wp-json\/wp\/v2\/posts\/42772","targetHints":{"allow":["GET"]}}],"collection":[{"href":"https:\/\/lasentinelle.dz\/index.php\/wp-json\/wp\/v2\/posts"}],"about":[{"href":"https:\/\/lasentinelle.dz\/index.php\/wp-json\/wp\/v2\/types\/post"}],"author":[{"embeddable":true,"href":"https:\/\/lasentinelle.dz\/index.php\/wp-json\/wp\/v2\/users\/3"}],"replies":[{"embeddable":true,"href":"https:\/\/lasentinelle.dz\/index.php\/wp-json\/wp\/v2\/comments?post=42772"}],"version-history":[{"count":1,"href":"https:\/\/lasentinelle.dz\/index.php\/wp-json\/wp\/v2\/posts\/42772\/revisions"}],"predecessor-version":[{"id":42774,"href":"https:\/\/lasentinelle.dz\/index.php\/wp-json\/wp\/v2\/posts\/42772\/revisions\/42774"}],"wp:featuredmedia":[{"embeddable":true,"href":"https:\/\/lasentinelle.dz\/index.php\/wp-json\/wp\/v2\/media\/42773"}],"wp:attachment":[{"href":"https:\/\/lasentinelle.dz\/index.php\/wp-json\/wp\/v2\/media?parent=42772"}],"wp:term":[{"taxonomy":"category","embeddable":true,"href":"https:\/\/lasentinelle.dz\/index.php\/wp-json\/wp\/v2\/categories?post=42772"},{"taxonomy":"post_tag","embeddable":true,"href":"https:\/\/lasentinelle.dz\/index.php\/wp-json\/wp\/v2\/tags?post=42772"}],"curies":[{"name":"wp","href":"https:\/\/api.w.org\/{rel}","templated":true}]}}