{"id":42783,"date":"2023-06-17T22:33:23","date_gmt":"2023-06-17T21:33:23","guid":{"rendered":"https:\/\/lasentinelle.dz\/?p=42783"},"modified":"2023-06-17T22:33:27","modified_gmt":"2023-06-17T21:33:27","slug":"visite-du-chef-de-letat-major-de-lanp-en-1re-region-militaire","status":"publish","type":"post","link":"https:\/\/lasentinelle.dz\/index.php\/2023\/06\/17\/visite-du-chef-de-letat-major-de-lanp-en-1re-region-militaire\/","title":{"rendered":"Visite du Chef de l\u2019Etat-major de l\u2019ANP en 1re R\u00e9gion militaire"},"content":{"rendered":"\n<p><strong>L\u2019appel \u00e0 la mobilisation et \u00e0 l\u2019unit\u00e9<\/strong><\/p>\n\n\n\n<p>Le Chef d&rsquo;Etat-major de l&rsquo;Arm\u00e9e nationale populaire, le G\u00e9n\u00e9ral d&rsquo;Arm\u00e9e Sa\u00efd Chanegriha, qui a entam\u00e9, vendredi, une visite de travail et d&rsquo;inspection en 1\u00e8re R\u00e9gion militaire \u00e0 Blida, a, lors de sa rencontre avec les cadres et les personnels de la 1\u00e8re R\u00e9gion militaire, prononc\u00e9 une allocution d&rsquo;orientation, diffus\u00e9e par visioconf\u00e9rence \u00e0 travers l&rsquo;ensemble des unit\u00e9s de la R\u00e9gion. Sa\u00efd Chanegriha a soulign\u00e9 que \u00ab le processus de construction de l&rsquo;Etat national, avec ses diff\u00e9rentes institutions, a atteint aujourd&rsquo;hui des phases avanc\u00e9es, gr\u00e2ce aux efforts sinc\u00e8res consentis par les enfants de cette ch\u00e8re partie, \u00e0 leur t\u00eate Monsieur le Pr\u00e9sident de la R\u00e9publique, Chef supr\u00eame des Forces arm\u00e9es, ministre de la D\u00e9fense nationale, Abdelmadjid Tebboune, qui poursuit avec une grande d\u00e9termination, l&rsquo;ambitieux processus de r\u00e9forme globale, engag\u00e9 ces derni\u00e8res ann\u00e9es. Bas\u00e9 essentiellement sur l&rsquo;exploitation intelligente de toutes nos potentialit\u00e9s, ce processus vise \u00e0 construire la soci\u00e9t\u00e9 alg\u00e9rienne moderne et \u00e0 investir dans tous les cr\u00e9neaux, \u00e0 m\u00eame de renforcer la puissance et l&rsquo;immunit\u00e9 du pays \u00bb. \u00ab L&rsquo;enjeu, aujourd&rsquo;hui, est de faire adh\u00e9rer les Alg\u00e9riens \u00e0 tout ce qui les rassemble, notamment l&rsquo;histoire et le destin communs, et qu&rsquo;ils veillent au renforcement des liens d&rsquo;unit\u00e9, de fraternit\u00e9 et de solidarit\u00e9 entre eux \u00bb, a ajout\u00e9 Chanegriha. Le&nbsp; Chef d&rsquo;Etat-major de l&rsquo;ANP soulignera que \u00ab le peuple a triomph\u00e9 de tous les desseins qui visaient sa d\u00e9stabilisation \u00e0 travers l&rsquo;histoire, par ce qu&rsquo;il est rest\u00e9 attach\u00e9 \u00e0 son unit\u00e9 et \u00e0 son identit\u00e9 nationales \u00bb. \u00ab La lecture de l&rsquo;histoire ancienne et moderne de l&rsquo;Alg\u00e9rie et le passage en revue des \u00e9tapes franchies par la glorieuse R\u00e9volution de lib\u00e9ration, depuis son d\u00e9clenchement, apr\u00e8s les r\u00e9sistances populaires successives, confirment que les Alg\u00e9riens, forts de leur coh\u00e9sion sociale et de leurs constantes identitaires, n&rsquo;ont pas d\u00e9vi\u00e9 du cours de leur histoire. Bien au contraire, ils ont r\u00e9alis\u00e9 les plus grandes victoires et men\u00e9 une r\u00e9volution unique en son genre, qui a contribu\u00e9 \u00e0 la lib\u00e9ration de nombreux peuples \u00e0 travers le monde \u00bb, a-t-il relev\u00e9. \u00ab Notre vaillant peuple a triomph\u00e9 de tous les desseins qui cherchaient \u00e0 le d\u00e9stabiliser \u00e0 travers l&rsquo;histoire, gr\u00e2ce \u00e0 son attachement ind\u00e9fectible \u00e0 son unit\u00e9 et son identit\u00e9, qui lui a donn\u00e9 la d\u00e9termination et la force de r\u00e9sister \u00e0 tous les modes sournois adopt\u00e9s qui avaient pour objectif de porter le coup fatal \u00e0 son r\u00e9f\u00e9rentiel, profond\u00e9ment enracin\u00e9 dans l&rsquo;histoire \u00bb, avait ajout\u00e9 le G\u00e9n\u00e9ral d&rsquo;Arm\u00e9e qui a mis l&rsquo;accent \u00ab sur la n\u00e9cessit\u00e9 de faire preuve davantage de veille, de conscience et d&rsquo;anticipation, pour renforcer la stabilit\u00e9 de l&rsquo;Etat et r\u00e9unir les exigences de la puissance nationale, dans toutes ses dimensions \u00bb. \u00ab Pour continuer sur la m\u00eame voie de nos valeureux pr\u00e9d\u00e9cesseurs, artisans des r\u00e9sistances populaires et de la glorieuse R\u00e9volution de lib\u00e9ration, et poursuivre le parcours des valeureux hommes patriotiques, qui ont pr\u00e9serv\u00e9 les fondements de l&rsquo;Etat national et le r\u00e9gime r\u00e9publicain du p\u00e9ril du terrorisme barbare, nous sommes aujourd&rsquo;hui plus que jamais appel\u00e9s \u00e0 nous attacher \u00e0 notre identit\u00e9, \u00e0 notre unit\u00e9 et \u00e0 nos valeurs nationales et r\u00e9publicaines, \u00e0 prendre conscience des complots et des desseins qui se trament contre notre pays, \u00e0 nous hisser \u00e0 la hauteur de notre brillante Histoire combattante, et \u00e0 \u00eatre pr\u00eats \u00e0 relever les d\u00e9fis pr\u00e9sents et futurs \u00bb, a affirm\u00e9 le chef d&rsquo;Etat-major de l&rsquo;ANP. Apr\u00e8s avoir suivi les interventions des cadres de la R\u00e9gion, et donn\u00e9 une s\u00e9rie d&rsquo;orientations et de recommandations portant notamment sur la n\u00e9cessit\u00e9 de poursuivre les efforts de pr\u00e9paration au combat en vue d&rsquo;accroitre la disponibilit\u00e9 op\u00e9rationnelle des unit\u00e9s de la 1\u00e8re R\u00e9gion militaire aux niveaux les plus \u00e9lev\u00e9s, le G\u00e9n\u00e9ral d&rsquo;Arm\u00e9e, Sa\u00efd Chanegriha a conclut qu\u2019 \u00ab en effet, nous vivons aujourd&rsquo;hui dans un monde sans merci pour les faibles, o\u00f9 il n&rsquo;y a de place que pour les plus forts et les plus m\u00e9ritoires, ce qui exige de notre part de faire preuve davantage de veille, de conscience et d&rsquo;approches anticipatives, visant \u00e0 renforcer la stabilit\u00e9 de l&rsquo;Etat, \u00e0 r\u00e9unir les exigences de la puissance nationale, dans toutes ses dimensions, et \u00e0 concr\u00e9tiser le projet du renouveau national escompt\u00e9 \u00bb.<\/p>\n\n\n\n<p>Notons qu\u2019au deuxi\u00e8me jour de sa visite en 1\u00e8re R\u00e9gion Militaire, le Chef d\u2019Etat-Major de l\u2019ANP a effectu\u00e9, hier une visite de travail et d\u2019inspection aux unit\u00e9s de la 12\u00e8me Division d\u2019Infanterie M\u00e9canis\u00e9e, o\u00f9 il s\u2019est enquis du niveau d\u2019ex\u00e9cution du programme de pr\u00e9paration au combat de cette unit\u00e9 majeure et des conditions de travail et de vie des personnels exer\u00e7ant au niveau des unit\u00e9s implant\u00e9es dans cette r\u00e9gion.&nbsp; &nbsp;Il a \u00e9galement visit\u00e9 deux unit\u00e9s de la garnison de Djelfa, o\u00f9 il a inaugur\u00e9 leurs nouveaux si\u00e8ges, visit\u00e9 leurs services et infrastructures et re\u00e7u des explications exhaustives s\u2019y rapportant. A cette occasion, le G\u00e9n\u00e9ral d\u2019Arm\u00e9e a mis l\u2019accent sur la n\u00e9cessit\u00e9 de poursuivre les efforts en vue d\u2019am\u00e9liorer les conditions de travail des personnels, notamment en \u0153uvrant \u00e0 \u00eatre \u00e0 leur \u00e9coute en permanence et \u00e0 \u00e9tablir un climat de contact direct. Par ailleurs, il a exhort\u00e9 l\u2019ensemble \u00e0 veiller \u00e0 la pr\u00e9servation des infrastructures et des mat\u00e9riels en dotation et \u00e0 leur maintenance p\u00e9riodique afin qu\u2019ils soient aux plus hauts niveaux de la disponibilit\u00e9 requise. Enfin il a inspect\u00e9 l\u2019H\u00f4pital Militaire de Campagne, d\u00e9ploy\u00e9 \u00e0 EL-Idrissia dans la Wilaya de Djelfa en 1e R\u00e9gion Militaire, ayant pour mission la prise en charge m\u00e9dicale des habitants de la r\u00e9gion. il a, \u00e0 cet effet, &nbsp;soulign\u00e9 l\u2019importance de garantir une bonne prise en charge aux citoyens, notamment les habitants des localit\u00e9s isol\u00e9es.<\/p>\n\n\n\n<p>R.N.<\/p>\n","protected":false},"excerpt":{"rendered":"<p>L\u2019appel \u00e0 la mobilisation et \u00e0 l\u2019unit\u00e9 Le Chef d&rsquo;Etat-major de l&rsquo;Arm\u00e9e nationale populaire, le G\u00e9n\u00e9ral d&rsquo;Arm\u00e9e Sa\u00efd Chanegriha, qui<\/p>\n","protected":false},"author":3,"featured_media":37405,"comment_status":"open","ping_status":"closed","sticky":false,"template":"","format":"standard","meta":{"colormag_page_container_layout":"default_layout","colormag_page_sidebar_layout":"default_layout","om_disable_all_campaigns":false,"_monsterinsights_skip_tracking":false,"_monsterinsights_sitenote_active":false,"_monsterinsights_sitenote_note":"","_monsterinsights_sitenote_category":0,"footnotes":"","_wpscppro_dont_share_socialmedia":false,"_wpscppro_custom_social_share_image":0,"_facebook_share_type":"","_twitter_share_type":"","_linkedin_share_type":"","_pinterest_share_type":"","_linkedin_share_type_page":"","_instagram_share_type":"","_medium_share_type":"","_threads_share_type":"","_google_business_share_type":"","_selected_social_profile":[],"_wpsp_enable_custom_social_template":false,"_wpsp_social_scheduling":{"enabled":false,"datetime":null,"platforms":[],"status":"template_only","dateOption":"today","timeOption":"now","customDays":"","customHours":"","customDate":"","customTime":"","schedulingType":"absolute"},"_wpsp_active_default_template":true},"categories":[27],"tags":[],"class_list":["post-42783","post","type-post","status-publish","format-standard","has-post-thumbnail","hentry","category-actualite"],"aioseo_notices":[],"yoast_head":"<!-- This site is optimized with the Yoast SEO plugin v27.5 - https:\/\/yoast.com\/product\/yoast-seo-wordpress\/ -->\n<title>Visite du Chef de l\u2019Etat-major de l\u2019ANP en 1re R\u00e9gion militaire - La Sentinelle<\/title>\n<meta name=\"robots\" content=\"index, follow, max-snippet:-1, max-image-preview:large, max-video-preview:-1\" \/>\n<link rel=\"canonical\" href=\"https:\/\/lasentinelle.dz\/index.php\/2023\/06\/17\/visite-du-chef-de-letat-major-de-lanp-en-1re-region-militaire\/\" \/>\n<meta property=\"og:locale\" content=\"fr_FR\" \/>\n<meta property=\"og:type\" content=\"article\" \/>\n<meta property=\"og:title\" content=\"Visite du Chef de l\u2019Etat-major de l\u2019ANP en 1re R\u00e9gion militaire - La Sentinelle\" \/>\n<meta property=\"og:description\" content=\"L\u2019appel \u00e0 la mobilisation et \u00e0 l\u2019unit\u00e9 Le Chef d&rsquo;Etat-major de l&rsquo;Arm\u00e9e nationale populaire, le G\u00e9n\u00e9ral d&rsquo;Arm\u00e9e Sa\u00efd Chanegriha, qui\" \/>\n<meta property=\"og:url\" content=\"https:\/\/lasentinelle.dz\/index.php\/2023\/06\/17\/visite-du-chef-de-letat-major-de-lanp-en-1re-region-militaire\/\" \/>\n<meta property=\"og:site_name\" content=\"La Sentinelle\" \/>\n<meta property=\"article:publisher\" content=\"https:\/\/www.facebook.com\/La-Sentinelle-104059864394773\" \/>\n<meta property=\"article:published_time\" content=\"2023-06-17T21:33:23+00:00\" \/>\n<meta property=\"article:modified_time\" content=\"2023-06-17T21:33:27+00:00\" \/>\n<meta property=\"og:image\" content=\"https:\/\/lasentinelle.dz\/wp-content\/uploads\/2023\/03\/chane-1.png\" \/>\n\t<meta property=\"og:image:width\" content=\"1349\" \/>\n\t<meta property=\"og:image:height\" content=\"900\" \/>\n\t<meta property=\"og:image:type\" content=\"image\/png\" \/>\n<meta name=\"author\" content=\"La Sentinelle\" \/>\n<meta name=\"twitter:card\" content=\"summary_large_image\" \/>\n<meta name=\"twitter:label1\" content=\"\u00c9crit par\" \/>\n\t<meta name=\"twitter:data1\" content=\"La Sentinelle\" \/>\n\t<meta name=\"twitter:label2\" content=\"Dur\u00e9e de lecture estim\u00e9e\" \/>\n\t<meta name=\"twitter:data2\" content=\"5 minutes\" \/>\n<script type=\"application\/ld+json\" class=\"yoast-schema-graph\">{\"@context\":\"https:\\\/\\\/schema.org\",\"@graph\":[{\"@type\":\"Article\",\"@id\":\"https:\\\/\\\/lasentinelle.dz\\\/index.php\\\/2023\\\/06\\\/17\\\/visite-du-chef-de-letat-major-de-lanp-en-1re-region-militaire\\\/#article\",\"isPartOf\":{\"@id\":\"https:\\\/\\\/lasentinelle.dz\\\/index.php\\\/2023\\\/06\\\/17\\\/visite-du-chef-de-letat-major-de-lanp-en-1re-region-militaire\\\/\"},\"author\":{\"name\":\"La Sentinelle\",\"@id\":\"https:\\\/\\\/lasentinelle.dz\\\/#\\\/schema\\\/person\\\/d865044e22e70a75174ce8bcad3acfb3\"},\"headline\":\"Visite du Chef de l\u2019Etat-major de l\u2019ANP en 1re R\u00e9gion militaire\",\"datePublished\":\"2023-06-17T21:33:23+00:00\",\"dateModified\":\"2023-06-17T21:33:27+00:00\",\"mainEntityOfPage\":{\"@id\":\"https:\\\/\\\/lasentinelle.dz\\\/index.php\\\/2023\\\/06\\\/17\\\/visite-du-chef-de-letat-major-de-lanp-en-1re-region-militaire\\\/\"},\"wordCount\":1063,\"commentCount\":0,\"publisher\":{\"@id\":\"https:\\\/\\\/lasentinelle.dz\\\/#organization\"},\"image\":{\"@id\":\"https:\\\/\\\/lasentinelle.dz\\\/index.php\\\/2023\\\/06\\\/17\\\/visite-du-chef-de-letat-major-de-lanp-en-1re-region-militaire\\\/#primaryimage\"},\"thumbnailUrl\":\"https:\\\/\\\/lasentinelle.dz\\\/wp-content\\\/uploads\\\/2023\\\/03\\\/chane-1.png\",\"articleSection\":[\"Actualit\u00e9\"],\"inLanguage\":\"fr-FR\",\"potentialAction\":[{\"@type\":\"CommentAction\",\"name\":\"Comment\",\"target\":[\"https:\\\/\\\/lasentinelle.dz\\\/index.php\\\/2023\\\/06\\\/17\\\/visite-du-chef-de-letat-major-de-lanp-en-1re-region-militaire\\\/#respond\"]}]},{\"@type\":\"WebPage\",\"@id\":\"https:\\\/\\\/lasentinelle.dz\\\/index.php\\\/2023\\\/06\\\/17\\\/visite-du-chef-de-letat-major-de-lanp-en-1re-region-militaire\\\/\",\"url\":\"https:\\\/\\\/lasentinelle.dz\\\/index.php\\\/2023\\\/06\\\/17\\\/visite-du-chef-de-letat-major-de-lanp-en-1re-region-militaire\\\/\",\"name\":\"Visite du Chef de l\u2019Etat-major de l\u2019ANP en 1re R\u00e9gion militaire - La Sentinelle\",\"isPartOf\":{\"@id\":\"https:\\\/\\\/lasentinelle.dz\\\/#website\"},\"primaryImageOfPage\":{\"@id\":\"https:\\\/\\\/lasentinelle.dz\\\/index.php\\\/2023\\\/06\\\/17\\\/visite-du-chef-de-letat-major-de-lanp-en-1re-region-militaire\\\/#primaryimage\"},\"image\":{\"@id\":\"https:\\\/\\\/lasentinelle.dz\\\/index.php\\\/2023\\\/06\\\/17\\\/visite-du-chef-de-letat-major-de-lanp-en-1re-region-militaire\\\/#primaryimage\"},\"thumbnailUrl\":\"https:\\\/\\\/lasentinelle.dz\\\/wp-content\\\/uploads\\\/2023\\\/03\\\/chane-1.png\",\"datePublished\":\"2023-06-17T21:33:23+00:00\",\"dateModified\":\"2023-06-17T21:33:27+00:00\",\"breadcrumb\":{\"@id\":\"https:\\\/\\\/lasentinelle.dz\\\/index.php\\\/2023\\\/06\\\/17\\\/visite-du-chef-de-letat-major-de-lanp-en-1re-region-militaire\\\/#breadcrumb\"},\"inLanguage\":\"fr-FR\",\"potentialAction\":[{\"@type\":\"ReadAction\",\"target\":[\"https:\\\/\\\/lasentinelle.dz\\\/index.php\\\/2023\\\/06\\\/17\\\/visite-du-chef-de-letat-major-de-lanp-en-1re-region-militaire\\\/\"]}]},{\"@type\":\"ImageObject\",\"inLanguage\":\"fr-FR\",\"@id\":\"https:\\\/\\\/lasentinelle.dz\\\/index.php\\\/2023\\\/06\\\/17\\\/visite-du-chef-de-letat-major-de-lanp-en-1re-region-militaire\\\/#primaryimage\",\"url\":\"https:\\\/\\\/lasentinelle.dz\\\/wp-content\\\/uploads\\\/2023\\\/03\\\/chane-1.png\",\"contentUrl\":\"https:\\\/\\\/lasentinelle.dz\\\/wp-content\\\/uploads\\\/2023\\\/03\\\/chane-1.png\",\"width\":1349,\"height\":900},{\"@type\":\"BreadcrumbList\",\"@id\":\"https:\\\/\\\/lasentinelle.dz\\\/index.php\\\/2023\\\/06\\\/17\\\/visite-du-chef-de-letat-major-de-lanp-en-1re-region-militaire\\\/#breadcrumb\",\"itemListElement\":[{\"@type\":\"ListItem\",\"position\":1,\"name\":\"Accueil\",\"item\":\"https:\\\/\\\/lasentinelle.dz\\\/\"},{\"@type\":\"ListItem\",\"position\":2,\"name\":\"Visite du Chef de l\u2019Etat-major de l\u2019ANP en 1re R\u00e9gion militaire\"}]},{\"@type\":\"WebSite\",\"@id\":\"https:\\\/\\\/lasentinelle.dz\\\/#website\",\"url\":\"https:\\\/\\\/lasentinelle.dz\\\/\",\"name\":\"La Sentinelle\",\"description\":\"Quotidien national d&#039;information\",\"publisher\":{\"@id\":\"https:\\\/\\\/lasentinelle.dz\\\/#organization\"},\"potentialAction\":[{\"@type\":\"SearchAction\",\"target\":{\"@type\":\"EntryPoint\",\"urlTemplate\":\"https:\\\/\\\/lasentinelle.dz\\\/?s={search_term_string}\"},\"query-input\":{\"@type\":\"PropertyValueSpecification\",\"valueRequired\":true,\"valueName\":\"search_term_string\"}}],\"inLanguage\":\"fr-FR\"},{\"@type\":\"Organization\",\"@id\":\"https:\\\/\\\/lasentinelle.dz\\\/#organization\",\"name\":\"Quotidien La Sentinelle\",\"url\":\"https:\\\/\\\/lasentinelle.dz\\\/\",\"logo\":{\"@type\":\"ImageObject\",\"inLanguage\":\"fr-FR\",\"@id\":\"https:\\\/\\\/lasentinelle.dz\\\/#\\\/schema\\\/logo\\\/image\\\/\",\"url\":\"https:\\\/\\\/lasentinelle.dz\\\/wp-content\\\/uploads\\\/2021\\\/09\\\/logo-sentinelleSLOGAN-1.png\",\"contentUrl\":\"https:\\\/\\\/lasentinelle.dz\\\/wp-content\\\/uploads\\\/2021\\\/09\\\/logo-sentinelleSLOGAN-1.png\",\"width\":615,\"height\":142,\"caption\":\"Quotidien La Sentinelle\"},\"image\":{\"@id\":\"https:\\\/\\\/lasentinelle.dz\\\/#\\\/schema\\\/logo\\\/image\\\/\"},\"sameAs\":[\"https:\\\/\\\/www.facebook.com\\\/La-Sentinelle-104059864394773\"]},{\"@type\":\"Person\",\"@id\":\"https:\\\/\\\/lasentinelle.dz\\\/#\\\/schema\\\/person\\\/d865044e22e70a75174ce8bcad3acfb3\",\"name\":\"La Sentinelle\",\"image\":{\"@type\":\"ImageObject\",\"inLanguage\":\"fr-FR\",\"@id\":\"https:\\\/\\\/secure.gravatar.com\\\/avatar\\\/57de8e5d4b15d43fb361a71fbb36338450fe67865b528a43dd10ef7c51a20392?s=96&d=mm&r=g\",\"url\":\"https:\\\/\\\/secure.gravatar.com\\\/avatar\\\/57de8e5d4b15d43fb361a71fbb36338450fe67865b528a43dd10ef7c51a20392?s=96&d=mm&r=g\",\"contentUrl\":\"https:\\\/\\\/secure.gravatar.com\\\/avatar\\\/57de8e5d4b15d43fb361a71fbb36338450fe67865b528a43dd10ef7c51a20392?s=96&d=mm&r=g\",\"caption\":\"La Sentinelle\"},\"sameAs\":[\"http:\\\/\\\/www.lasentinelle.dz\"],\"url\":\"https:\\\/\\\/lasentinelle.dz\\\/author\\\/redaction\\\/\"}]}<\/script>\n<!-- \/ Yoast SEO plugin. -->","yoast_head_json":{"title":"Visite du Chef de l\u2019Etat-major de l\u2019ANP en 1re R\u00e9gion militaire - La Sentinelle","robots":{"index":"index","follow":"follow","max-snippet":"max-snippet:-1","max-image-preview":"max-image-preview:large","max-video-preview":"max-video-preview:-1"},"canonical":"https:\/\/lasentinelle.dz\/index.php\/2023\/06\/17\/visite-du-chef-de-letat-major-de-lanp-en-1re-region-militaire\/","og_locale":"fr_FR","og_type":"article","og_title":"Visite du Chef de l\u2019Etat-major de l\u2019ANP en 1re R\u00e9gion militaire - La Sentinelle","og_description":"L\u2019appel \u00e0 la mobilisation et \u00e0 l\u2019unit\u00e9 Le Chef d&rsquo;Etat-major de l&rsquo;Arm\u00e9e nationale populaire, le G\u00e9n\u00e9ral d&rsquo;Arm\u00e9e Sa\u00efd Chanegriha, qui","og_url":"https:\/\/lasentinelle.dz\/index.php\/2023\/06\/17\/visite-du-chef-de-letat-major-de-lanp-en-1re-region-militaire\/","og_site_name":"La Sentinelle","article_publisher":"https:\/\/www.facebook.com\/La-Sentinelle-104059864394773","article_published_time":"2023-06-17T21:33:23+00:00","article_modified_time":"2023-06-17T21:33:27+00:00","og_image":[{"width":1349,"height":900,"url":"https:\/\/lasentinelle.dz\/wp-content\/uploads\/2023\/03\/chane-1.png","type":"image\/png"}],"author":"La Sentinelle","twitter_card":"summary_large_image","twitter_misc":{"\u00c9crit par":"La Sentinelle","Dur\u00e9e de lecture estim\u00e9e":"5 minutes"},"schema":{"@context":"https:\/\/schema.org","@graph":[{"@type":"Article","@id":"https:\/\/lasentinelle.dz\/index.php\/2023\/06\/17\/visite-du-chef-de-letat-major-de-lanp-en-1re-region-militaire\/#article","isPartOf":{"@id":"https:\/\/lasentinelle.dz\/index.php\/2023\/06\/17\/visite-du-chef-de-letat-major-de-lanp-en-1re-region-militaire\/"},"author":{"name":"La Sentinelle","@id":"https:\/\/lasentinelle.dz\/#\/schema\/person\/d865044e22e70a75174ce8bcad3acfb3"},"headline":"Visite du Chef de l\u2019Etat-major de l\u2019ANP en 1re R\u00e9gion militaire","datePublished":"2023-06-17T21:33:23+00:00","dateModified":"2023-06-17T21:33:27+00:00","mainEntityOfPage":{"@id":"https:\/\/lasentinelle.dz\/index.php\/2023\/06\/17\/visite-du-chef-de-letat-major-de-lanp-en-1re-region-militaire\/"},"wordCount":1063,"commentCount":0,"publisher":{"@id":"https:\/\/lasentinelle.dz\/#organization"},"image":{"@id":"https:\/\/lasentinelle.dz\/index.php\/2023\/06\/17\/visite-du-chef-de-letat-major-de-lanp-en-1re-region-militaire\/#primaryimage"},"thumbnailUrl":"https:\/\/lasentinelle.dz\/wp-content\/uploads\/2023\/03\/chane-1.png","articleSection":["Actualit\u00e9"],"inLanguage":"fr-FR","potentialAction":[{"@type":"CommentAction","name":"Comment","target":["https:\/\/lasentinelle.dz\/index.php\/2023\/06\/17\/visite-du-chef-de-letat-major-de-lanp-en-1re-region-militaire\/#respond"]}]},{"@type":"WebPage","@id":"https:\/\/lasentinelle.dz\/index.php\/2023\/06\/17\/visite-du-chef-de-letat-major-de-lanp-en-1re-region-militaire\/","url":"https:\/\/lasentinelle.dz\/index.php\/2023\/06\/17\/visite-du-chef-de-letat-major-de-lanp-en-1re-region-militaire\/","name":"Visite du Chef de l\u2019Etat-major de l\u2019ANP en 1re R\u00e9gion militaire - La Sentinelle","isPartOf":{"@id":"https:\/\/lasentinelle.dz\/#website"},"primaryImageOfPage":{"@id":"https:\/\/lasentinelle.dz\/index.php\/2023\/06\/17\/visite-du-chef-de-letat-major-de-lanp-en-1re-region-militaire\/#primaryimage"},"image":{"@id":"https:\/\/lasentinelle.dz\/index.php\/2023\/06\/17\/visite-du-chef-de-letat-major-de-lanp-en-1re-region-militaire\/#primaryimage"},"thumbnailUrl":"https:\/\/lasentinelle.dz\/wp-content\/uploads\/2023\/03\/chane-1.png","datePublished":"2023-06-17T21:33:23+00:00","dateModified":"2023-06-17T21:33:27+00:00","breadcrumb":{"@id":"https:\/\/lasentinelle.dz\/index.php\/2023\/06\/17\/visite-du-chef-de-letat-major-de-lanp-en-1re-region-militaire\/#breadcrumb"},"inLanguage":"fr-FR","potentialAction":[{"@type":"ReadAction","target":["https:\/\/lasentinelle.dz\/index.php\/2023\/06\/17\/visite-du-chef-de-letat-major-de-lanp-en-1re-region-militaire\/"]}]},{"@type":"ImageObject","inLanguage":"fr-FR","@id":"https:\/\/lasentinelle.dz\/index.php\/2023\/06\/17\/visite-du-chef-de-letat-major-de-lanp-en-1re-region-militaire\/#primaryimage","url":"https:\/\/lasentinelle.dz\/wp-content\/uploads\/2023\/03\/chane-1.png","contentUrl":"https:\/\/lasentinelle.dz\/wp-content\/uploads\/2023\/03\/chane-1.png","width":1349,"height":900},{"@type":"BreadcrumbList","@id":"https:\/\/lasentinelle.dz\/index.php\/2023\/06\/17\/visite-du-chef-de-letat-major-de-lanp-en-1re-region-militaire\/#breadcrumb","itemListElement":[{"@type":"ListItem","position":1,"name":"Accueil","item":"https:\/\/lasentinelle.dz\/"},{"@type":"ListItem","position":2,"name":"Visite du Chef de l\u2019Etat-major de l\u2019ANP en 1re R\u00e9gion militaire"}]},{"@type":"WebSite","@id":"https:\/\/lasentinelle.dz\/#website","url":"https:\/\/lasentinelle.dz\/","name":"La Sentinelle","description":"Quotidien national d&#039;information","publisher":{"@id":"https:\/\/lasentinelle.dz\/#organization"},"potentialAction":[{"@type":"SearchAction","target":{"@type":"EntryPoint","urlTemplate":"https:\/\/lasentinelle.dz\/?s={search_term_string}"},"query-input":{"@type":"PropertyValueSpecification","valueRequired":true,"valueName":"search_term_string"}}],"inLanguage":"fr-FR"},{"@type":"Organization","@id":"https:\/\/lasentinelle.dz\/#organization","name":"Quotidien La Sentinelle","url":"https:\/\/lasentinelle.dz\/","logo":{"@type":"ImageObject","inLanguage":"fr-FR","@id":"https:\/\/lasentinelle.dz\/#\/schema\/logo\/image\/","url":"https:\/\/lasentinelle.dz\/wp-content\/uploads\/2021\/09\/logo-sentinelleSLOGAN-1.png","contentUrl":"https:\/\/lasentinelle.dz\/wp-content\/uploads\/2021\/09\/logo-sentinelleSLOGAN-1.png","width":615,"height":142,"caption":"Quotidien La Sentinelle"},"image":{"@id":"https:\/\/lasentinelle.dz\/#\/schema\/logo\/image\/"},"sameAs":["https:\/\/www.facebook.com\/La-Sentinelle-104059864394773"]},{"@type":"Person","@id":"https:\/\/lasentinelle.dz\/#\/schema\/person\/d865044e22e70a75174ce8bcad3acfb3","name":"La Sentinelle","image":{"@type":"ImageObject","inLanguage":"fr-FR","@id":"https:\/\/secure.gravatar.com\/avatar\/57de8e5d4b15d43fb361a71fbb36338450fe67865b528a43dd10ef7c51a20392?s=96&d=mm&r=g","url":"https:\/\/secure.gravatar.com\/avatar\/57de8e5d4b15d43fb361a71fbb36338450fe67865b528a43dd10ef7c51a20392?s=96&d=mm&r=g","contentUrl":"https:\/\/secure.gravatar.com\/avatar\/57de8e5d4b15d43fb361a71fbb36338450fe67865b528a43dd10ef7c51a20392?s=96&d=mm&r=g","caption":"La Sentinelle"},"sameAs":["http:\/\/www.lasentinelle.dz"],"url":"https:\/\/lasentinelle.dz\/author\/redaction\/"}]}},"_links":{"self":[{"href":"https:\/\/lasentinelle.dz\/index.php\/wp-json\/wp\/v2\/posts\/42783","targetHints":{"allow":["GET"]}}],"collection":[{"href":"https:\/\/lasentinelle.dz\/index.php\/wp-json\/wp\/v2\/posts"}],"about":[{"href":"https:\/\/lasentinelle.dz\/index.php\/wp-json\/wp\/v2\/types\/post"}],"author":[{"embeddable":true,"href":"https:\/\/lasentinelle.dz\/index.php\/wp-json\/wp\/v2\/users\/3"}],"replies":[{"embeddable":true,"href":"https:\/\/lasentinelle.dz\/index.php\/wp-json\/wp\/v2\/comments?post=42783"}],"version-history":[{"count":1,"href":"https:\/\/lasentinelle.dz\/index.php\/wp-json\/wp\/v2\/posts\/42783\/revisions"}],"predecessor-version":[{"id":42784,"href":"https:\/\/lasentinelle.dz\/index.php\/wp-json\/wp\/v2\/posts\/42783\/revisions\/42784"}],"wp:featuredmedia":[{"embeddable":true,"href":"https:\/\/lasentinelle.dz\/index.php\/wp-json\/wp\/v2\/media\/37405"}],"wp:attachment":[{"href":"https:\/\/lasentinelle.dz\/index.php\/wp-json\/wp\/v2\/media?parent=42783"}],"wp:term":[{"taxonomy":"category","embeddable":true,"href":"https:\/\/lasentinelle.dz\/index.php\/wp-json\/wp\/v2\/categories?post=42783"},{"taxonomy":"post_tag","embeddable":true,"href":"https:\/\/lasentinelle.dz\/index.php\/wp-json\/wp\/v2\/tags?post=42783"}],"curies":[{"name":"wp","href":"https:\/\/api.w.org\/{rel}","templated":true}]}}