{"id":42860,"date":"2023-06-19T20:55:03","date_gmt":"2023-06-19T19:55:03","guid":{"rendered":"https:\/\/lasentinelle.dz\/?p=42860"},"modified":"2023-06-19T20:55:08","modified_gmt":"2023-06-19T19:55:08","slug":"can-2023-les-verts-poursuivent-leur-parcours-sans-faute","status":"publish","type":"post","link":"https:\/\/lasentinelle.dz\/index.php\/2023\/06\/19\/can-2023-les-verts-poursuivent-leur-parcours-sans-faute\/","title":{"rendered":"CAN-2023&nbsp; &nbsp;: Les \u00a0\u00bbVerts\u00a0\u00bb poursuivent leur parcours sans faute"},"content":{"rendered":"\n<p>Tr\u00e8s attendue dans l&rsquo;antre de Japoma de Douala (Cameroun), la s\u00e9lection alg\u00e9rienne a r\u00e9ussi \u00e0 encha\u00eener sa cinqui\u00e8me victoire en autant de matchs dans les \u00e9liminatoires de la CAN 2023 (d\u00e9cal\u00e9e \u00e0 2024) gr\u00e2ce \u00e0 un succ\u00e8s contre l&rsquo;Ouganda (1-2), dimanche dans le cadre de la 5e journ\u00e9e (Gr.F).<\/p>\n\n\n\n<p>C&rsquo;est avec un onze encore une fois remani\u00e9 que la s\u00e9lection alg\u00e9rienne a entam\u00e9 cette rencontre contre l&rsquo;Ouganda qui esp\u00e9rait arracher un r\u00e9sultat positif pour rester en course pour la qualification \u00e0 la CAN-2023, mais c&rsquo;\u00e9tait sans compter sur la d\u00e9termination des cap\u00e9s du s\u00e9lectionneur Djamel Belmadi qui a voulu donner du temps de jeu \u00e0 certains \u00e9l\u00e9ments et voir les nouveaux \u00e0 l&rsquo;\u0153uvre. Mis dans les vraies conditions de ce qui les attend lors des prochaines \u00e9ch\u00e9ances, notamment les \u00e9liminatoires de la Coupe du monde 2026 et la CAN-2023 en C\u00f4te d\u2019Ivoire, les Verts ont non seulement tir\u00e9 leur \u00e9pingle du jeu mais ont laiss\u00e9 une bonne impression parmi leurs supporters et les observateurs. Le s\u00e9lectionneur national avait largement fait tourner son effectif, les Fennecs \u00e9tant d\u00e9j\u00e0 qualifi\u00e9s. Dans le sillage du capitaine Rami Benseba\u00efni, imp\u00e9rial derri\u00e8re, les Alg\u00e9riens ont plut\u00f4t ma\u00eetris\u00e9 les d\u00e9bats m\u00eame s\u2019ils ont souffert \u00e0 certains moments. Anthony Mandrea a notamment sorti le grand jeu sur une reprise de Farouk Mia (40\u2019), avant de c\u00e9der en fin de partie sur le but de l\u2019espoir Fahad Bayo (88&prime;). Assez clinique en termes de finition, la s\u00e9lection alg\u00e9rienne a \u00e9galement su d\u00e9velopper son jeu en seconde p\u00e9riode, surtout apr\u00e8s l&rsquo;entr\u00e9e de Mahrez, Slimani,&nbsp; Benrahma et Houssem Aouar qui a honor\u00e9 sa premi\u00e8re s\u00e9lection sous le maillot des Verts. Titularis\u00e9 sur le flanc gauche de l&rsquo;attaque, le \u00ab\u00a0petit\u00a0\u00bb attaquant Mohamed El Amine Amoura a inscrit un doubl\u00e9 (4 buts en s\u00e9lection) pour sa premi\u00e8re titularisation avec les Verts et marque du coup des points en vue des prochains matchs et la possibilit\u00e9 de le voir jouer en pointe Dans l&rsquo;autre match du groupe F, la Tanzanie, dirig\u00e9e sur le banc par le technicien alg\u00e9rien Adel Amrouche, s&rsquo;est relanc\u00e9e dans la course \u00e0 la qualification en battant le Niger (1-0), en match disput\u00e9 au stade Benjamin Mkapa de Dar Es-Salaam. L&rsquo;unique but de la partie a \u00e9t\u00e9 inscrit par Simon Msuva (69e). A l&rsquo;issue de cette 5e journ\u00e9e, l&rsquo;Alg\u00e9rie conforte sa position de leader avec 15 points, devant la Tanzanie&nbsp; (7 pts ) et l&rsquo;Ouganda (4 pts), alors que le Niger qui ferme la marche avec 2 points, est officiellement hors course. Lors de la 6e et derni\u00e8re journ\u00e9e pr\u00e9vue les 2 et 3 septembre prochains, l&rsquo;Alg\u00e9rie recevra la Tanzanie, alors que l&rsquo;Ouganda sera en appel face au Niger. Les deux premiers de chaque groupe se qualifieront pour la phase finale.<\/p>\n\n\n\n<p>R.S.<\/p>\n","protected":false},"excerpt":{"rendered":"<p>Tr\u00e8s attendue dans l&rsquo;antre de Japoma de Douala (Cameroun), la s\u00e9lection alg\u00e9rienne a r\u00e9ussi \u00e0 encha\u00eener sa cinqui\u00e8me victoire en<\/p>\n","protected":false},"author":3,"featured_media":42861,"comment_status":"open","ping_status":"closed","sticky":false,"template":"","format":"standard","meta":{"colormag_page_container_layout":"default_layout","colormag_page_sidebar_layout":"default_layout","om_disable_all_campaigns":false,"_monsterinsights_skip_tracking":false,"_monsterinsights_sitenote_active":false,"_monsterinsights_sitenote_note":"","_monsterinsights_sitenote_category":0,"footnotes":"","_wpscppro_dont_share_socialmedia":false,"_wpscppro_custom_social_share_image":0,"_facebook_share_type":"","_twitter_share_type":"","_linkedin_share_type":"","_pinterest_share_type":"","_linkedin_share_type_page":"","_instagram_share_type":"","_medium_share_type":"","_threads_share_type":"","_google_business_share_type":"","_selected_social_profile":[],"_wpsp_enable_custom_social_template":false,"_wpsp_social_scheduling":{"enabled":false,"datetime":null,"platforms":[],"status":"template_only","dateOption":"today","timeOption":"now","customDays":"","customHours":"","customDate":"","customTime":"","schedulingType":"absolute"},"_wpsp_active_default_template":true},"categories":[33],"tags":[],"class_list":["post-42860","post","type-post","status-publish","format-standard","has-post-thumbnail","hentry","category-sports"],"aioseo_notices":[],"yoast_head":"<!-- This site is optimized with the Yoast SEO plugin v27.5 - https:\/\/yoast.com\/product\/yoast-seo-wordpress\/ -->\n<title>CAN-2023&nbsp; &nbsp;: Les \u00a0\u00bbVerts\u00a0\u00bb poursuivent leur parcours sans faute - La Sentinelle<\/title>\n<meta name=\"robots\" content=\"index, follow, max-snippet:-1, max-image-preview:large, max-video-preview:-1\" \/>\n<link rel=\"canonical\" href=\"https:\/\/lasentinelle.dz\/index.php\/2023\/06\/19\/can-2023-les-verts-poursuivent-leur-parcours-sans-faute\/\" \/>\n<meta property=\"og:locale\" content=\"fr_FR\" \/>\n<meta property=\"og:type\" content=\"article\" \/>\n<meta property=\"og:title\" content=\"CAN-2023&nbsp; &nbsp;: Les \u00a0\u00bbVerts\u00a0\u00bb poursuivent leur parcours sans faute - La Sentinelle\" \/>\n<meta property=\"og:description\" content=\"Tr\u00e8s attendue dans l&rsquo;antre de Japoma de Douala (Cameroun), la s\u00e9lection alg\u00e9rienne a r\u00e9ussi \u00e0 encha\u00eener sa cinqui\u00e8me victoire en\" \/>\n<meta property=\"og:url\" content=\"https:\/\/lasentinelle.dz\/index.php\/2023\/06\/19\/can-2023-les-verts-poursuivent-leur-parcours-sans-faute\/\" \/>\n<meta property=\"og:site_name\" content=\"La Sentinelle\" \/>\n<meta property=\"article:publisher\" content=\"https:\/\/www.facebook.com\/La-Sentinelle-104059864394773\" \/>\n<meta property=\"article:published_time\" content=\"2023-06-19T19:55:03+00:00\" \/>\n<meta property=\"article:modified_time\" content=\"2023-06-19T19:55:08+00:00\" \/>\n<meta property=\"og:image\" content=\"https:\/\/lasentinelle.dz\/wp-content\/uploads\/2023\/06\/EN-2-scaled.jpeg\" \/>\n\t<meta property=\"og:image:width\" content=\"2560\" \/>\n\t<meta property=\"og:image:height\" content=\"1707\" \/>\n\t<meta property=\"og:image:type\" content=\"image\/jpeg\" \/>\n<meta name=\"author\" content=\"La Sentinelle\" \/>\n<meta name=\"twitter:card\" content=\"summary_large_image\" \/>\n<meta name=\"twitter:label1\" content=\"\u00c9crit par\" \/>\n\t<meta name=\"twitter:data1\" content=\"La Sentinelle\" \/>\n\t<meta name=\"twitter:label2\" content=\"Dur\u00e9e de lecture estim\u00e9e\" \/>\n\t<meta name=\"twitter:data2\" content=\"3 minutes\" \/>\n<script type=\"application\/ld+json\" class=\"yoast-schema-graph\">{\"@context\":\"https:\\\/\\\/schema.org\",\"@graph\":[{\"@type\":\"Article\",\"@id\":\"https:\\\/\\\/lasentinelle.dz\\\/index.php\\\/2023\\\/06\\\/19\\\/can-2023-les-verts-poursuivent-leur-parcours-sans-faute\\\/#article\",\"isPartOf\":{\"@id\":\"https:\\\/\\\/lasentinelle.dz\\\/index.php\\\/2023\\\/06\\\/19\\\/can-2023-les-verts-poursuivent-leur-parcours-sans-faute\\\/\"},\"author\":{\"name\":\"La Sentinelle\",\"@id\":\"https:\\\/\\\/lasentinelle.dz\\\/#\\\/schema\\\/person\\\/d865044e22e70a75174ce8bcad3acfb3\"},\"headline\":\"CAN-2023&nbsp; &nbsp;: Les \u00a0\u00bbVerts\u00a0\u00bb poursuivent leur parcours sans faute\",\"datePublished\":\"2023-06-19T19:55:03+00:00\",\"dateModified\":\"2023-06-19T19:55:08+00:00\",\"mainEntityOfPage\":{\"@id\":\"https:\\\/\\\/lasentinelle.dz\\\/index.php\\\/2023\\\/06\\\/19\\\/can-2023-les-verts-poursuivent-leur-parcours-sans-faute\\\/\"},\"wordCount\":516,\"commentCount\":0,\"publisher\":{\"@id\":\"https:\\\/\\\/lasentinelle.dz\\\/#organization\"},\"image\":{\"@id\":\"https:\\\/\\\/lasentinelle.dz\\\/index.php\\\/2023\\\/06\\\/19\\\/can-2023-les-verts-poursuivent-leur-parcours-sans-faute\\\/#primaryimage\"},\"thumbnailUrl\":\"https:\\\/\\\/lasentinelle.dz\\\/wp-content\\\/uploads\\\/2023\\\/06\\\/EN-2-scaled.jpeg\",\"articleSection\":[\"Sports\"],\"inLanguage\":\"fr-FR\",\"potentialAction\":[{\"@type\":\"CommentAction\",\"name\":\"Comment\",\"target\":[\"https:\\\/\\\/lasentinelle.dz\\\/index.php\\\/2023\\\/06\\\/19\\\/can-2023-les-verts-poursuivent-leur-parcours-sans-faute\\\/#respond\"]}]},{\"@type\":\"WebPage\",\"@id\":\"https:\\\/\\\/lasentinelle.dz\\\/index.php\\\/2023\\\/06\\\/19\\\/can-2023-les-verts-poursuivent-leur-parcours-sans-faute\\\/\",\"url\":\"https:\\\/\\\/lasentinelle.dz\\\/index.php\\\/2023\\\/06\\\/19\\\/can-2023-les-verts-poursuivent-leur-parcours-sans-faute\\\/\",\"name\":\"CAN-2023&nbsp; &nbsp;: Les \u00a0\u00bbVerts\u00a0\u00bb poursuivent leur parcours sans faute - La Sentinelle\",\"isPartOf\":{\"@id\":\"https:\\\/\\\/lasentinelle.dz\\\/#website\"},\"primaryImageOfPage\":{\"@id\":\"https:\\\/\\\/lasentinelle.dz\\\/index.php\\\/2023\\\/06\\\/19\\\/can-2023-les-verts-poursuivent-leur-parcours-sans-faute\\\/#primaryimage\"},\"image\":{\"@id\":\"https:\\\/\\\/lasentinelle.dz\\\/index.php\\\/2023\\\/06\\\/19\\\/can-2023-les-verts-poursuivent-leur-parcours-sans-faute\\\/#primaryimage\"},\"thumbnailUrl\":\"https:\\\/\\\/lasentinelle.dz\\\/wp-content\\\/uploads\\\/2023\\\/06\\\/EN-2-scaled.jpeg\",\"datePublished\":\"2023-06-19T19:55:03+00:00\",\"dateModified\":\"2023-06-19T19:55:08+00:00\",\"breadcrumb\":{\"@id\":\"https:\\\/\\\/lasentinelle.dz\\\/index.php\\\/2023\\\/06\\\/19\\\/can-2023-les-verts-poursuivent-leur-parcours-sans-faute\\\/#breadcrumb\"},\"inLanguage\":\"fr-FR\",\"potentialAction\":[{\"@type\":\"ReadAction\",\"target\":[\"https:\\\/\\\/lasentinelle.dz\\\/index.php\\\/2023\\\/06\\\/19\\\/can-2023-les-verts-poursuivent-leur-parcours-sans-faute\\\/\"]}]},{\"@type\":\"ImageObject\",\"inLanguage\":\"fr-FR\",\"@id\":\"https:\\\/\\\/lasentinelle.dz\\\/index.php\\\/2023\\\/06\\\/19\\\/can-2023-les-verts-poursuivent-leur-parcours-sans-faute\\\/#primaryimage\",\"url\":\"https:\\\/\\\/lasentinelle.dz\\\/wp-content\\\/uploads\\\/2023\\\/06\\\/EN-2-scaled.jpeg\",\"contentUrl\":\"https:\\\/\\\/lasentinelle.dz\\\/wp-content\\\/uploads\\\/2023\\\/06\\\/EN-2-scaled.jpeg\",\"width\":2560,\"height\":1707},{\"@type\":\"BreadcrumbList\",\"@id\":\"https:\\\/\\\/lasentinelle.dz\\\/index.php\\\/2023\\\/06\\\/19\\\/can-2023-les-verts-poursuivent-leur-parcours-sans-faute\\\/#breadcrumb\",\"itemListElement\":[{\"@type\":\"ListItem\",\"position\":1,\"name\":\"Accueil\",\"item\":\"https:\\\/\\\/lasentinelle.dz\\\/\"},{\"@type\":\"ListItem\",\"position\":2,\"name\":\"CAN-2023&nbsp; &nbsp;: Les \u00a0\u00bbVerts\u00a0\u00bb poursuivent leur parcours sans faute\"}]},{\"@type\":\"WebSite\",\"@id\":\"https:\\\/\\\/lasentinelle.dz\\\/#website\",\"url\":\"https:\\\/\\\/lasentinelle.dz\\\/\",\"name\":\"La Sentinelle\",\"description\":\"Quotidien national d&#039;information\",\"publisher\":{\"@id\":\"https:\\\/\\\/lasentinelle.dz\\\/#organization\"},\"potentialAction\":[{\"@type\":\"SearchAction\",\"target\":{\"@type\":\"EntryPoint\",\"urlTemplate\":\"https:\\\/\\\/lasentinelle.dz\\\/?s={search_term_string}\"},\"query-input\":{\"@type\":\"PropertyValueSpecification\",\"valueRequired\":true,\"valueName\":\"search_term_string\"}}],\"inLanguage\":\"fr-FR\"},{\"@type\":\"Organization\",\"@id\":\"https:\\\/\\\/lasentinelle.dz\\\/#organization\",\"name\":\"Quotidien La Sentinelle\",\"url\":\"https:\\\/\\\/lasentinelle.dz\\\/\",\"logo\":{\"@type\":\"ImageObject\",\"inLanguage\":\"fr-FR\",\"@id\":\"https:\\\/\\\/lasentinelle.dz\\\/#\\\/schema\\\/logo\\\/image\\\/\",\"url\":\"https:\\\/\\\/lasentinelle.dz\\\/wp-content\\\/uploads\\\/2021\\\/09\\\/logo-sentinelleSLOGAN-1.png\",\"contentUrl\":\"https:\\\/\\\/lasentinelle.dz\\\/wp-content\\\/uploads\\\/2021\\\/09\\\/logo-sentinelleSLOGAN-1.png\",\"width\":615,\"height\":142,\"caption\":\"Quotidien La Sentinelle\"},\"image\":{\"@id\":\"https:\\\/\\\/lasentinelle.dz\\\/#\\\/schema\\\/logo\\\/image\\\/\"},\"sameAs\":[\"https:\\\/\\\/www.facebook.com\\\/La-Sentinelle-104059864394773\"]},{\"@type\":\"Person\",\"@id\":\"https:\\\/\\\/lasentinelle.dz\\\/#\\\/schema\\\/person\\\/d865044e22e70a75174ce8bcad3acfb3\",\"name\":\"La Sentinelle\",\"image\":{\"@type\":\"ImageObject\",\"inLanguage\":\"fr-FR\",\"@id\":\"https:\\\/\\\/secure.gravatar.com\\\/avatar\\\/57de8e5d4b15d43fb361a71fbb36338450fe67865b528a43dd10ef7c51a20392?s=96&d=mm&r=g\",\"url\":\"https:\\\/\\\/secure.gravatar.com\\\/avatar\\\/57de8e5d4b15d43fb361a71fbb36338450fe67865b528a43dd10ef7c51a20392?s=96&d=mm&r=g\",\"contentUrl\":\"https:\\\/\\\/secure.gravatar.com\\\/avatar\\\/57de8e5d4b15d43fb361a71fbb36338450fe67865b528a43dd10ef7c51a20392?s=96&d=mm&r=g\",\"caption\":\"La Sentinelle\"},\"sameAs\":[\"http:\\\/\\\/www.lasentinelle.dz\"],\"url\":\"https:\\\/\\\/lasentinelle.dz\\\/author\\\/redaction\\\/\"}]}<\/script>\n<!-- \/ Yoast SEO plugin. -->","yoast_head_json":{"title":"CAN-2023&nbsp; &nbsp;: Les \u00a0\u00bbVerts\u00a0\u00bb poursuivent leur parcours sans faute - La Sentinelle","robots":{"index":"index","follow":"follow","max-snippet":"max-snippet:-1","max-image-preview":"max-image-preview:large","max-video-preview":"max-video-preview:-1"},"canonical":"https:\/\/lasentinelle.dz\/index.php\/2023\/06\/19\/can-2023-les-verts-poursuivent-leur-parcours-sans-faute\/","og_locale":"fr_FR","og_type":"article","og_title":"CAN-2023&nbsp; &nbsp;: Les \u00a0\u00bbVerts\u00a0\u00bb poursuivent leur parcours sans faute - La Sentinelle","og_description":"Tr\u00e8s attendue dans l&rsquo;antre de Japoma de Douala (Cameroun), la s\u00e9lection alg\u00e9rienne a r\u00e9ussi \u00e0 encha\u00eener sa cinqui\u00e8me victoire en","og_url":"https:\/\/lasentinelle.dz\/index.php\/2023\/06\/19\/can-2023-les-verts-poursuivent-leur-parcours-sans-faute\/","og_site_name":"La Sentinelle","article_publisher":"https:\/\/www.facebook.com\/La-Sentinelle-104059864394773","article_published_time":"2023-06-19T19:55:03+00:00","article_modified_time":"2023-06-19T19:55:08+00:00","og_image":[{"width":2560,"height":1707,"url":"https:\/\/lasentinelle.dz\/wp-content\/uploads\/2023\/06\/EN-2-scaled.jpeg","type":"image\/jpeg"}],"author":"La Sentinelle","twitter_card":"summary_large_image","twitter_misc":{"\u00c9crit par":"La Sentinelle","Dur\u00e9e de lecture estim\u00e9e":"3 minutes"},"schema":{"@context":"https:\/\/schema.org","@graph":[{"@type":"Article","@id":"https:\/\/lasentinelle.dz\/index.php\/2023\/06\/19\/can-2023-les-verts-poursuivent-leur-parcours-sans-faute\/#article","isPartOf":{"@id":"https:\/\/lasentinelle.dz\/index.php\/2023\/06\/19\/can-2023-les-verts-poursuivent-leur-parcours-sans-faute\/"},"author":{"name":"La Sentinelle","@id":"https:\/\/lasentinelle.dz\/#\/schema\/person\/d865044e22e70a75174ce8bcad3acfb3"},"headline":"CAN-2023&nbsp; &nbsp;: Les \u00a0\u00bbVerts\u00a0\u00bb poursuivent leur parcours sans faute","datePublished":"2023-06-19T19:55:03+00:00","dateModified":"2023-06-19T19:55:08+00:00","mainEntityOfPage":{"@id":"https:\/\/lasentinelle.dz\/index.php\/2023\/06\/19\/can-2023-les-verts-poursuivent-leur-parcours-sans-faute\/"},"wordCount":516,"commentCount":0,"publisher":{"@id":"https:\/\/lasentinelle.dz\/#organization"},"image":{"@id":"https:\/\/lasentinelle.dz\/index.php\/2023\/06\/19\/can-2023-les-verts-poursuivent-leur-parcours-sans-faute\/#primaryimage"},"thumbnailUrl":"https:\/\/lasentinelle.dz\/wp-content\/uploads\/2023\/06\/EN-2-scaled.jpeg","articleSection":["Sports"],"inLanguage":"fr-FR","potentialAction":[{"@type":"CommentAction","name":"Comment","target":["https:\/\/lasentinelle.dz\/index.php\/2023\/06\/19\/can-2023-les-verts-poursuivent-leur-parcours-sans-faute\/#respond"]}]},{"@type":"WebPage","@id":"https:\/\/lasentinelle.dz\/index.php\/2023\/06\/19\/can-2023-les-verts-poursuivent-leur-parcours-sans-faute\/","url":"https:\/\/lasentinelle.dz\/index.php\/2023\/06\/19\/can-2023-les-verts-poursuivent-leur-parcours-sans-faute\/","name":"CAN-2023&nbsp; &nbsp;: Les \u00a0\u00bbVerts\u00a0\u00bb poursuivent leur parcours sans faute - La Sentinelle","isPartOf":{"@id":"https:\/\/lasentinelle.dz\/#website"},"primaryImageOfPage":{"@id":"https:\/\/lasentinelle.dz\/index.php\/2023\/06\/19\/can-2023-les-verts-poursuivent-leur-parcours-sans-faute\/#primaryimage"},"image":{"@id":"https:\/\/lasentinelle.dz\/index.php\/2023\/06\/19\/can-2023-les-verts-poursuivent-leur-parcours-sans-faute\/#primaryimage"},"thumbnailUrl":"https:\/\/lasentinelle.dz\/wp-content\/uploads\/2023\/06\/EN-2-scaled.jpeg","datePublished":"2023-06-19T19:55:03+00:00","dateModified":"2023-06-19T19:55:08+00:00","breadcrumb":{"@id":"https:\/\/lasentinelle.dz\/index.php\/2023\/06\/19\/can-2023-les-verts-poursuivent-leur-parcours-sans-faute\/#breadcrumb"},"inLanguage":"fr-FR","potentialAction":[{"@type":"ReadAction","target":["https:\/\/lasentinelle.dz\/index.php\/2023\/06\/19\/can-2023-les-verts-poursuivent-leur-parcours-sans-faute\/"]}]},{"@type":"ImageObject","inLanguage":"fr-FR","@id":"https:\/\/lasentinelle.dz\/index.php\/2023\/06\/19\/can-2023-les-verts-poursuivent-leur-parcours-sans-faute\/#primaryimage","url":"https:\/\/lasentinelle.dz\/wp-content\/uploads\/2023\/06\/EN-2-scaled.jpeg","contentUrl":"https:\/\/lasentinelle.dz\/wp-content\/uploads\/2023\/06\/EN-2-scaled.jpeg","width":2560,"height":1707},{"@type":"BreadcrumbList","@id":"https:\/\/lasentinelle.dz\/index.php\/2023\/06\/19\/can-2023-les-verts-poursuivent-leur-parcours-sans-faute\/#breadcrumb","itemListElement":[{"@type":"ListItem","position":1,"name":"Accueil","item":"https:\/\/lasentinelle.dz\/"},{"@type":"ListItem","position":2,"name":"CAN-2023&nbsp; &nbsp;: Les \u00a0\u00bbVerts\u00a0\u00bb poursuivent leur parcours sans faute"}]},{"@type":"WebSite","@id":"https:\/\/lasentinelle.dz\/#website","url":"https:\/\/lasentinelle.dz\/","name":"La Sentinelle","description":"Quotidien national d&#039;information","publisher":{"@id":"https:\/\/lasentinelle.dz\/#organization"},"potentialAction":[{"@type":"SearchAction","target":{"@type":"EntryPoint","urlTemplate":"https:\/\/lasentinelle.dz\/?s={search_term_string}"},"query-input":{"@type":"PropertyValueSpecification","valueRequired":true,"valueName":"search_term_string"}}],"inLanguage":"fr-FR"},{"@type":"Organization","@id":"https:\/\/lasentinelle.dz\/#organization","name":"Quotidien La Sentinelle","url":"https:\/\/lasentinelle.dz\/","logo":{"@type":"ImageObject","inLanguage":"fr-FR","@id":"https:\/\/lasentinelle.dz\/#\/schema\/logo\/image\/","url":"https:\/\/lasentinelle.dz\/wp-content\/uploads\/2021\/09\/logo-sentinelleSLOGAN-1.png","contentUrl":"https:\/\/lasentinelle.dz\/wp-content\/uploads\/2021\/09\/logo-sentinelleSLOGAN-1.png","width":615,"height":142,"caption":"Quotidien La Sentinelle"},"image":{"@id":"https:\/\/lasentinelle.dz\/#\/schema\/logo\/image\/"},"sameAs":["https:\/\/www.facebook.com\/La-Sentinelle-104059864394773"]},{"@type":"Person","@id":"https:\/\/lasentinelle.dz\/#\/schema\/person\/d865044e22e70a75174ce8bcad3acfb3","name":"La Sentinelle","image":{"@type":"ImageObject","inLanguage":"fr-FR","@id":"https:\/\/secure.gravatar.com\/avatar\/57de8e5d4b15d43fb361a71fbb36338450fe67865b528a43dd10ef7c51a20392?s=96&d=mm&r=g","url":"https:\/\/secure.gravatar.com\/avatar\/57de8e5d4b15d43fb361a71fbb36338450fe67865b528a43dd10ef7c51a20392?s=96&d=mm&r=g","contentUrl":"https:\/\/secure.gravatar.com\/avatar\/57de8e5d4b15d43fb361a71fbb36338450fe67865b528a43dd10ef7c51a20392?s=96&d=mm&r=g","caption":"La Sentinelle"},"sameAs":["http:\/\/www.lasentinelle.dz"],"url":"https:\/\/lasentinelle.dz\/author\/redaction\/"}]}},"_links":{"self":[{"href":"https:\/\/lasentinelle.dz\/index.php\/wp-json\/wp\/v2\/posts\/42860","targetHints":{"allow":["GET"]}}],"collection":[{"href":"https:\/\/lasentinelle.dz\/index.php\/wp-json\/wp\/v2\/posts"}],"about":[{"href":"https:\/\/lasentinelle.dz\/index.php\/wp-json\/wp\/v2\/types\/post"}],"author":[{"embeddable":true,"href":"https:\/\/lasentinelle.dz\/index.php\/wp-json\/wp\/v2\/users\/3"}],"replies":[{"embeddable":true,"href":"https:\/\/lasentinelle.dz\/index.php\/wp-json\/wp\/v2\/comments?post=42860"}],"version-history":[{"count":1,"href":"https:\/\/lasentinelle.dz\/index.php\/wp-json\/wp\/v2\/posts\/42860\/revisions"}],"predecessor-version":[{"id":42862,"href":"https:\/\/lasentinelle.dz\/index.php\/wp-json\/wp\/v2\/posts\/42860\/revisions\/42862"}],"wp:featuredmedia":[{"embeddable":true,"href":"https:\/\/lasentinelle.dz\/index.php\/wp-json\/wp\/v2\/media\/42861"}],"wp:attachment":[{"href":"https:\/\/lasentinelle.dz\/index.php\/wp-json\/wp\/v2\/media?parent=42860"}],"wp:term":[{"taxonomy":"category","embeddable":true,"href":"https:\/\/lasentinelle.dz\/index.php\/wp-json\/wp\/v2\/categories?post=42860"},{"taxonomy":"post_tag","embeddable":true,"href":"https:\/\/lasentinelle.dz\/index.php\/wp-json\/wp\/v2\/tags?post=42860"}],"curies":[{"name":"wp","href":"https:\/\/api.w.org\/{rel}","templated":true}]}}