{"id":42872,"date":"2023-06-19T22:36:29","date_gmt":"2023-06-19T21:36:29","guid":{"rendered":"https:\/\/lasentinelle.dz\/?p=42872"},"modified":"2023-06-19T22:36:31","modified_gmt":"2023-06-19T21:36:31","slug":"le-complexe-siderurgique-el-hadjar-fete-ses-54-ans-sur-la-voie-du-redressement","status":"publish","type":"post","link":"https:\/\/lasentinelle.dz\/index.php\/2023\/06\/19\/le-complexe-siderurgique-el-hadjar-fete-ses-54-ans-sur-la-voie-du-redressement\/","title":{"rendered":"Le complexe sid\u00e9rurgique El-Hadjar f\u00eate ses 54 ans : Sur la voie du redressement"},"content":{"rendered":"\n<p><\/p>\n\n\n\n<p>En d\u00e9pit des turbulences, les crises et les scandales, le complexe d\u2019El Hadjar Annaba demeure, 54 ans apr\u00e8s son inauguration, le fleuron de l\u2019industrie nationale.<\/p>\n\n\n\n<p>Le complexe sid\u00e9rurgique d\u2019El Hadjar a f\u00eat\u00e9 le 54<sup>e<\/sup> anniversaire de son inauguration sous le slogan&nbsp;; \u00ab&nbsp;La main dans la main pour un avenir meilleur&nbsp;\u00bb. Une occasion pour afficher la volont\u00e9 des sid\u00e9rurgistes leur volont\u00e9 pour de pr\u00e9server ce g\u00e9ant qui, bien qu\u2019ayant perdu quelque peut de son lustre d\u2019antan, est tout de m\u00eame rest\u00e9 la fiert\u00e9 de l\u2019industrie nationale. Symbole de l&rsquo;industrie lourde et base de l\u2019industrie sid\u00e9rurgique dans le pays, continue d\u2019imposer p\u00f4le industriel majeur tout au long de son demi-si\u00e8cle d\u2019existence. La Soci\u00e9t\u00e9 nationale de sid\u00e9rurgie (SNC), a \u00e9t\u00e9 cr\u00e9\u00e9e en 1964 avec pour mission de mettre sur pied le complexe d\u2019El Hadjar, inaugur\u00e9 effectivement le 19 juin 1969 dans la commune de Sidi Amar, wilaya d\u2019Annaba, par l&rsquo;ancien pr\u00e9sident Houari Boumedi\u00e8ne (1932-1978). Avec le parach\u00e8vement des structures de son processus productif et l\u2019augmentation de sa capacit\u00e9 \u00e0 pr\u00e8s de 2 millions de tonnes d\u2019acier liquide par an, le complexe Sider El Hadjar est devenu un g\u00e9ant de la sid\u00e9rurgie \u00e0 l\u2019\u00e9chelle nationale et r\u00e9gionale. Aujourd&rsquo;hui, et malgr\u00e9 les turbulences, les crises et les scandales, ce g\u00e9ant compte sur un plan de redressement pour retrouver son potentiel et sa place. Hier, les sid\u00e9rurgistes du complexe ont f\u00eat\u00e9 le 54<sup>e<\/sup> anniversaire de la production de la premi\u00e8re fonderie de fonte en 1969, annon\u00e7ant la naissance de l&rsquo;industrie alg\u00e9rienne. Toutes les difficult\u00e9s auxquelles a \u00e9t\u00e9 confront\u00e9 le complexe et qui l\u2019ont emp\u00each\u00e9 d&rsquo;atteindre un niveau de rentabilit\u00e9 garantissant l\u2019\u00e9quilibre financier, n\u2019ont pas pu d\u00e9stabiliser l\u2019entit\u00e9. M\u00eame l\u2019ouverture impos\u00e9e de son capital, dans le cadre d\u2019un partenariat avec des partenaires \u00e9trangers en 2001, et qui ont donn\u00e9 lieu \u00e0 un fiasco, n\u2019a pas eu raison de ce complexe. Un \u00ab&nbsp;partenariat&nbsp;\u00bb qui a pris fin, en 2016 avec l\u2019acquisition par l\u2019\u00c9tat de l\u2019int\u00e9gralit\u00e9 du capital du complexe qui redevient une entreprise publique relevant du groupe industriel public Sider. La d\u00e9cision \u00e9tait un choix strat\u00e9gique \u00e0 dimensions socio\u00e9conomiques qui a r\u00e9affirm\u00e9 l\u2019attachement de l\u2019Etat \u00e0 ses acquis \u00e9conomiques et sociaux et son engagement \u00e0 accompagner ce complexe symbole pour retrouver sa place dans le tissu industriel national et participer \u00e0 la relance \u00e9conomique nationale. Depuis les efforts de r\u00e9habilitation de l\u2019usine d&rsquo; El Hadjar ont permis, en 2020, de certifier le niveau de qualit\u00e9 de ses produits ferreux et du mode de gestion par l\u2019obtention de la certification ISO 9001, en plus du certificat de conformit\u00e9 de sa production de tubes sans soudure destin\u00e9s au transport des produits p\u00e9troliers et gaz. Aujourd\u2019hui, bien que pas parfaitement r\u00e9habilit\u00e9, le complexe Sider Annaba arrive \u00e0 se redresser et met le cap sur l\u2019export en pla\u00e7ant ses produits les march\u00e9s africain et international. M\u00eame si la capacit\u00e9 de production est encore r\u00e9duite, la volont\u00e9 politique est l\u00e0 pour donner un nouvel \u00e9lan \u00e0 cette entit\u00e9 \u00e9conomique, notamment \u00e0 travers le plan d\u2019investissement massif mobilis\u00e9 par l\u2019\u00c9tat et dont la deuxi\u00e8me tranche soit encore \u00eatre d\u00e9bloqu\u00e9e. En attendant le renouvellement des \u00e9quipements du complexe Sider, les travailleurs continuent de s\u2019impliquer dans la promotion de l\u2019\u00e9conomie industrielle en adh\u00e9rant \u00e0 la politique de l&rsquo;\u00c9tat, qui \u0153uvre \u00e0 la pr\u00e9servation de ce fleuron de l\u2019industrie sid\u00e9rurgique.<\/p>\n\n\n\n<p><strong>Sofia Chahine<\/strong><\/p>\n\n\n\n<p><strong>Encadr\u00e9<\/strong><\/p>\n\n\n\n<p><strong>Un nouveau comit\u00e9 de participations \u00e9lu<\/strong><\/p>\n\n\n\n<p>Le pr\u00e9sident directeur g\u00e9n\u00e9ral (PDG) de Sider El Hadjar, Lotfi Kamel Manaa, a re\u00e7u les nouveaux membres du comit\u00e9 de participation (CP), a rapport\u00e9 la Direction g\u00e9n\u00e9rale dans sa revue mensuelle. Celle-ci a pr\u00e9cis\u00e9 que la rencontre a enregistr\u00e9 la pr\u00e9sence du staff dirigeant du complexe et le secr\u00e9taire g\u00e9n\u00e9ral du syndicat par int\u00e9rim. La rencontre, a soulign\u00e9 la m\u00eame source, \u00e9tait une occasion pour f\u00e9liciter les nouveaux membres du conseil de participation mais surtout, pour discuter des perspectives de l\u2019avenir et les d\u00e9fis devant \u00eatre relever pour l\u2019avenir du complexe. Au-del\u00e0, la rencontre s\u2019inscrit aussi dans la vision d\u2019am\u00e9lioration des conditions de l\u2019entreprise et celles de l\u2019ensemble des travailleurs. Par ailleurs, \u00e0 l\u2019issue de la remise du proc\u00e8s verbal de l\u2019installation de la nouvelle \u00e9quipe du CP, le PDG de Sider, a saisi l\u2019occasion pour f\u00e9liciter les membres de la commission d\u2019organisation des \u00e9lections, pour leurs efforts dans le succ\u00e8s du processus \u00e9lectoral. Dans ce sillage, la m\u00eame source a rappel\u00e9 que l\u2019op\u00e9ration \u00e9lectorale des membres du CP 2023, a, au terme des r\u00e9sultats d\u2019un vote par urne, donn\u00e9 lieu \u00e0 la d\u00e9signation, le 7 juin en cours des 15 membres du CP. Ces derniers ont, \u00e0 l&rsquo;issue d\u2019un vote \u00e0 l\u2019urne, choisi le pr\u00e9sident du CP, en l\u2019occurrence Kechichi Daoud. Apr\u00e8s la c\u00e9r\u00e9monie, le staff dirigeant de Sider El Hadjar a appel\u00e9 \u00e0 fournir plus d\u2019efforts, pour honorer les 54 ans du parcours du complexe El Hadjar, afin de faire face au d\u00e9fi de l\u2019efficience \u00e9conomique. Un challenge que les dirigeants se sont fix\u00e9s gr\u00e2ce au soutien des pouvoirs publics \u00e0 travers, le recours \u00e0 une nouvelle ing\u00e9nierie financi\u00e8re pour renforcer la comp\u00e9titivit\u00e9 du complexe Sider El Hadjar. Cette nouvelle approche devenue plus que n\u00e9cessaire va permettre la relance de l&rsquo;activit\u00e9 sid\u00e9rurgique du complexe et va lui permettre de contribuer r\u00e9ellement \u00e0 l&rsquo;avancement de l&rsquo;\u00e9conomie nationale et \u00e0 l&rsquo;am\u00e9lioration des indicateurs de croissance \u00e9conomique.<\/p>\n\n\n\n<p>S. C.<\/p>\n","protected":false},"excerpt":{"rendered":"<p>En d\u00e9pit des turbulences, les crises et les scandales, le complexe d\u2019El Hadjar Annaba demeure, 54 ans apr\u00e8s son inauguration,<\/p>\n","protected":false},"author":3,"featured_media":42873,"comment_status":"open","ping_status":"closed","sticky":false,"template":"","format":"standard","meta":{"colormag_page_container_layout":"default_layout","colormag_page_sidebar_layout":"default_layout","om_disable_all_campaigns":false,"_monsterinsights_skip_tracking":false,"_monsterinsights_sitenote_active":false,"_monsterinsights_sitenote_note":"","_monsterinsights_sitenote_category":0,"footnotes":"","_wpscppro_dont_share_socialmedia":false,"_wpscppro_custom_social_share_image":0,"_facebook_share_type":"","_twitter_share_type":"","_linkedin_share_type":"","_pinterest_share_type":"","_linkedin_share_type_page":"","_instagram_share_type":"","_medium_share_type":"","_threads_share_type":"","_google_business_share_type":"","_selected_social_profile":[],"_wpsp_enable_custom_social_template":false,"_wpsp_social_scheduling":{"enabled":false,"datetime":null,"platforms":[],"status":"template_only","dateOption":"today","timeOption":"now","customDays":"","customHours":"","customDate":"","customTime":"","schedulingType":"absolute"},"_wpsp_active_default_template":true},"categories":[52,29],"tags":[],"class_list":["post-42872","post","type-post","status-publish","format-standard","has-post-thumbnail","hentry","category-a-la-une","category-economie"],"aioseo_notices":[],"yoast_head":"<!-- This site is optimized with the Yoast SEO plugin v27.4 - https:\/\/yoast.com\/product\/yoast-seo-wordpress\/ -->\n<title>Le complexe sid\u00e9rurgique El-Hadjar f\u00eate ses 54 ans : Sur la voie du redressement - La Sentinelle<\/title>\n<meta name=\"robots\" content=\"index, follow, max-snippet:-1, max-image-preview:large, max-video-preview:-1\" \/>\n<link rel=\"canonical\" href=\"https:\/\/lasentinelle.dz\/index.php\/2023\/06\/19\/le-complexe-siderurgique-el-hadjar-fete-ses-54-ans-sur-la-voie-du-redressement\/\" \/>\n<meta property=\"og:locale\" content=\"fr_FR\" \/>\n<meta property=\"og:type\" content=\"article\" \/>\n<meta property=\"og:title\" content=\"Le complexe sid\u00e9rurgique El-Hadjar f\u00eate ses 54 ans : Sur la voie du redressement - La Sentinelle\" \/>\n<meta property=\"og:description\" content=\"En d\u00e9pit des turbulences, les crises et les scandales, le complexe d\u2019El Hadjar Annaba demeure, 54 ans apr\u00e8s son inauguration,\" \/>\n<meta property=\"og:url\" content=\"https:\/\/lasentinelle.dz\/index.php\/2023\/06\/19\/le-complexe-siderurgique-el-hadjar-fete-ses-54-ans-sur-la-voie-du-redressement\/\" \/>\n<meta property=\"og:site_name\" content=\"La Sentinelle\" \/>\n<meta property=\"article:publisher\" content=\"https:\/\/www.facebook.com\/La-Sentinelle-104059864394773\" \/>\n<meta property=\"article:published_time\" content=\"2023-06-19T21:36:29+00:00\" \/>\n<meta property=\"article:modified_time\" content=\"2023-06-19T21:36:31+00:00\" \/>\n<meta property=\"og:image\" content=\"https:\/\/lasentinelle.dz\/wp-content\/uploads\/2023\/06\/El-Hadjar.jpg\" \/>\n\t<meta property=\"og:image:width\" content=\"768\" \/>\n\t<meta property=\"og:image:height\" content=\"433\" \/>\n\t<meta property=\"og:image:type\" content=\"image\/jpeg\" \/>\n<meta name=\"author\" content=\"La Sentinelle\" \/>\n<meta name=\"twitter:card\" content=\"summary_large_image\" \/>\n<meta name=\"twitter:label1\" content=\"\u00c9crit par\" \/>\n\t<meta name=\"twitter:data1\" content=\"La Sentinelle\" \/>\n\t<meta name=\"twitter:label2\" content=\"Dur\u00e9e de lecture estim\u00e9e\" \/>\n\t<meta name=\"twitter:data2\" content=\"5 minutes\" \/>\n<script type=\"application\/ld+json\" class=\"yoast-schema-graph\">{\"@context\":\"https:\\\/\\\/schema.org\",\"@graph\":[{\"@type\":\"Article\",\"@id\":\"https:\\\/\\\/lasentinelle.dz\\\/index.php\\\/2023\\\/06\\\/19\\\/le-complexe-siderurgique-el-hadjar-fete-ses-54-ans-sur-la-voie-du-redressement\\\/#article\",\"isPartOf\":{\"@id\":\"https:\\\/\\\/lasentinelle.dz\\\/index.php\\\/2023\\\/06\\\/19\\\/le-complexe-siderurgique-el-hadjar-fete-ses-54-ans-sur-la-voie-du-redressement\\\/\"},\"author\":{\"name\":\"La Sentinelle\",\"@id\":\"https:\\\/\\\/lasentinelle.dz\\\/#\\\/schema\\\/person\\\/d865044e22e70a75174ce8bcad3acfb3\"},\"headline\":\"Le complexe sid\u00e9rurgique El-Hadjar f\u00eate ses 54 ans : Sur la voie du redressement\",\"datePublished\":\"2023-06-19T21:36:29+00:00\",\"dateModified\":\"2023-06-19T21:36:31+00:00\",\"mainEntityOfPage\":{\"@id\":\"https:\\\/\\\/lasentinelle.dz\\\/index.php\\\/2023\\\/06\\\/19\\\/le-complexe-siderurgique-el-hadjar-fete-ses-54-ans-sur-la-voie-du-redressement\\\/\"},\"wordCount\":1005,\"commentCount\":0,\"publisher\":{\"@id\":\"https:\\\/\\\/lasentinelle.dz\\\/#organization\"},\"image\":{\"@id\":\"https:\\\/\\\/lasentinelle.dz\\\/index.php\\\/2023\\\/06\\\/19\\\/le-complexe-siderurgique-el-hadjar-fete-ses-54-ans-sur-la-voie-du-redressement\\\/#primaryimage\"},\"thumbnailUrl\":\"https:\\\/\\\/lasentinelle.dz\\\/wp-content\\\/uploads\\\/2023\\\/06\\\/El-Hadjar.jpg\",\"articleSection\":[\"\u00c0 la Une\",\"\u00c9conomie\"],\"inLanguage\":\"fr-FR\",\"potentialAction\":[{\"@type\":\"CommentAction\",\"name\":\"Comment\",\"target\":[\"https:\\\/\\\/lasentinelle.dz\\\/index.php\\\/2023\\\/06\\\/19\\\/le-complexe-siderurgique-el-hadjar-fete-ses-54-ans-sur-la-voie-du-redressement\\\/#respond\"]}]},{\"@type\":\"WebPage\",\"@id\":\"https:\\\/\\\/lasentinelle.dz\\\/index.php\\\/2023\\\/06\\\/19\\\/le-complexe-siderurgique-el-hadjar-fete-ses-54-ans-sur-la-voie-du-redressement\\\/\",\"url\":\"https:\\\/\\\/lasentinelle.dz\\\/index.php\\\/2023\\\/06\\\/19\\\/le-complexe-siderurgique-el-hadjar-fete-ses-54-ans-sur-la-voie-du-redressement\\\/\",\"name\":\"Le complexe sid\u00e9rurgique El-Hadjar f\u00eate ses 54 ans : Sur la voie du redressement - La Sentinelle\",\"isPartOf\":{\"@id\":\"https:\\\/\\\/lasentinelle.dz\\\/#website\"},\"primaryImageOfPage\":{\"@id\":\"https:\\\/\\\/lasentinelle.dz\\\/index.php\\\/2023\\\/06\\\/19\\\/le-complexe-siderurgique-el-hadjar-fete-ses-54-ans-sur-la-voie-du-redressement\\\/#primaryimage\"},\"image\":{\"@id\":\"https:\\\/\\\/lasentinelle.dz\\\/index.php\\\/2023\\\/06\\\/19\\\/le-complexe-siderurgique-el-hadjar-fete-ses-54-ans-sur-la-voie-du-redressement\\\/#primaryimage\"},\"thumbnailUrl\":\"https:\\\/\\\/lasentinelle.dz\\\/wp-content\\\/uploads\\\/2023\\\/06\\\/El-Hadjar.jpg\",\"datePublished\":\"2023-06-19T21:36:29+00:00\",\"dateModified\":\"2023-06-19T21:36:31+00:00\",\"breadcrumb\":{\"@id\":\"https:\\\/\\\/lasentinelle.dz\\\/index.php\\\/2023\\\/06\\\/19\\\/le-complexe-siderurgique-el-hadjar-fete-ses-54-ans-sur-la-voie-du-redressement\\\/#breadcrumb\"},\"inLanguage\":\"fr-FR\",\"potentialAction\":[{\"@type\":\"ReadAction\",\"target\":[\"https:\\\/\\\/lasentinelle.dz\\\/index.php\\\/2023\\\/06\\\/19\\\/le-complexe-siderurgique-el-hadjar-fete-ses-54-ans-sur-la-voie-du-redressement\\\/\"]}]},{\"@type\":\"ImageObject\",\"inLanguage\":\"fr-FR\",\"@id\":\"https:\\\/\\\/lasentinelle.dz\\\/index.php\\\/2023\\\/06\\\/19\\\/le-complexe-siderurgique-el-hadjar-fete-ses-54-ans-sur-la-voie-du-redressement\\\/#primaryimage\",\"url\":\"https:\\\/\\\/lasentinelle.dz\\\/wp-content\\\/uploads\\\/2023\\\/06\\\/El-Hadjar.jpg\",\"contentUrl\":\"https:\\\/\\\/lasentinelle.dz\\\/wp-content\\\/uploads\\\/2023\\\/06\\\/El-Hadjar.jpg\",\"width\":768,\"height\":433},{\"@type\":\"BreadcrumbList\",\"@id\":\"https:\\\/\\\/lasentinelle.dz\\\/index.php\\\/2023\\\/06\\\/19\\\/le-complexe-siderurgique-el-hadjar-fete-ses-54-ans-sur-la-voie-du-redressement\\\/#breadcrumb\",\"itemListElement\":[{\"@type\":\"ListItem\",\"position\":1,\"name\":\"Accueil\",\"item\":\"https:\\\/\\\/lasentinelle.dz\\\/\"},{\"@type\":\"ListItem\",\"position\":2,\"name\":\"Le complexe sid\u00e9rurgique El-Hadjar f\u00eate ses 54 ans : Sur la voie du redressement\"}]},{\"@type\":\"WebSite\",\"@id\":\"https:\\\/\\\/lasentinelle.dz\\\/#website\",\"url\":\"https:\\\/\\\/lasentinelle.dz\\\/\",\"name\":\"La Sentinelle\",\"description\":\"Quotidien national d&#039;information\",\"publisher\":{\"@id\":\"https:\\\/\\\/lasentinelle.dz\\\/#organization\"},\"potentialAction\":[{\"@type\":\"SearchAction\",\"target\":{\"@type\":\"EntryPoint\",\"urlTemplate\":\"https:\\\/\\\/lasentinelle.dz\\\/?s={search_term_string}\"},\"query-input\":{\"@type\":\"PropertyValueSpecification\",\"valueRequired\":true,\"valueName\":\"search_term_string\"}}],\"inLanguage\":\"fr-FR\"},{\"@type\":\"Organization\",\"@id\":\"https:\\\/\\\/lasentinelle.dz\\\/#organization\",\"name\":\"Quotidien La Sentinelle\",\"url\":\"https:\\\/\\\/lasentinelle.dz\\\/\",\"logo\":{\"@type\":\"ImageObject\",\"inLanguage\":\"fr-FR\",\"@id\":\"https:\\\/\\\/lasentinelle.dz\\\/#\\\/schema\\\/logo\\\/image\\\/\",\"url\":\"https:\\\/\\\/lasentinelle.dz\\\/wp-content\\\/uploads\\\/2021\\\/09\\\/logo-sentinelleSLOGAN-1.png\",\"contentUrl\":\"https:\\\/\\\/lasentinelle.dz\\\/wp-content\\\/uploads\\\/2021\\\/09\\\/logo-sentinelleSLOGAN-1.png\",\"width\":615,\"height\":142,\"caption\":\"Quotidien La Sentinelle\"},\"image\":{\"@id\":\"https:\\\/\\\/lasentinelle.dz\\\/#\\\/schema\\\/logo\\\/image\\\/\"},\"sameAs\":[\"https:\\\/\\\/www.facebook.com\\\/La-Sentinelle-104059864394773\"]},{\"@type\":\"Person\",\"@id\":\"https:\\\/\\\/lasentinelle.dz\\\/#\\\/schema\\\/person\\\/d865044e22e70a75174ce8bcad3acfb3\",\"name\":\"La Sentinelle\",\"image\":{\"@type\":\"ImageObject\",\"inLanguage\":\"fr-FR\",\"@id\":\"https:\\\/\\\/secure.gravatar.com\\\/avatar\\\/57de8e5d4b15d43fb361a71fbb36338450fe67865b528a43dd10ef7c51a20392?s=96&d=mm&r=g\",\"url\":\"https:\\\/\\\/secure.gravatar.com\\\/avatar\\\/57de8e5d4b15d43fb361a71fbb36338450fe67865b528a43dd10ef7c51a20392?s=96&d=mm&r=g\",\"contentUrl\":\"https:\\\/\\\/secure.gravatar.com\\\/avatar\\\/57de8e5d4b15d43fb361a71fbb36338450fe67865b528a43dd10ef7c51a20392?s=96&d=mm&r=g\",\"caption\":\"La Sentinelle\"},\"sameAs\":[\"http:\\\/\\\/www.lasentinelle.dz\"],\"url\":\"https:\\\/\\\/lasentinelle.dz\\\/author\\\/redaction\\\/\"}]}<\/script>\n<!-- \/ Yoast SEO plugin. -->","yoast_head_json":{"title":"Le complexe sid\u00e9rurgique El-Hadjar f\u00eate ses 54 ans : Sur la voie du redressement - La Sentinelle","robots":{"index":"index","follow":"follow","max-snippet":"max-snippet:-1","max-image-preview":"max-image-preview:large","max-video-preview":"max-video-preview:-1"},"canonical":"https:\/\/lasentinelle.dz\/index.php\/2023\/06\/19\/le-complexe-siderurgique-el-hadjar-fete-ses-54-ans-sur-la-voie-du-redressement\/","og_locale":"fr_FR","og_type":"article","og_title":"Le complexe sid\u00e9rurgique El-Hadjar f\u00eate ses 54 ans : Sur la voie du redressement - La Sentinelle","og_description":"En d\u00e9pit des turbulences, les crises et les scandales, le complexe d\u2019El Hadjar Annaba demeure, 54 ans apr\u00e8s son inauguration,","og_url":"https:\/\/lasentinelle.dz\/index.php\/2023\/06\/19\/le-complexe-siderurgique-el-hadjar-fete-ses-54-ans-sur-la-voie-du-redressement\/","og_site_name":"La Sentinelle","article_publisher":"https:\/\/www.facebook.com\/La-Sentinelle-104059864394773","article_published_time":"2023-06-19T21:36:29+00:00","article_modified_time":"2023-06-19T21:36:31+00:00","og_image":[{"width":768,"height":433,"url":"https:\/\/lasentinelle.dz\/wp-content\/uploads\/2023\/06\/El-Hadjar.jpg","type":"image\/jpeg"}],"author":"La Sentinelle","twitter_card":"summary_large_image","twitter_misc":{"\u00c9crit par":"La Sentinelle","Dur\u00e9e de lecture estim\u00e9e":"5 minutes"},"schema":{"@context":"https:\/\/schema.org","@graph":[{"@type":"Article","@id":"https:\/\/lasentinelle.dz\/index.php\/2023\/06\/19\/le-complexe-siderurgique-el-hadjar-fete-ses-54-ans-sur-la-voie-du-redressement\/#article","isPartOf":{"@id":"https:\/\/lasentinelle.dz\/index.php\/2023\/06\/19\/le-complexe-siderurgique-el-hadjar-fete-ses-54-ans-sur-la-voie-du-redressement\/"},"author":{"name":"La Sentinelle","@id":"https:\/\/lasentinelle.dz\/#\/schema\/person\/d865044e22e70a75174ce8bcad3acfb3"},"headline":"Le complexe sid\u00e9rurgique El-Hadjar f\u00eate ses 54 ans : Sur la voie du redressement","datePublished":"2023-06-19T21:36:29+00:00","dateModified":"2023-06-19T21:36:31+00:00","mainEntityOfPage":{"@id":"https:\/\/lasentinelle.dz\/index.php\/2023\/06\/19\/le-complexe-siderurgique-el-hadjar-fete-ses-54-ans-sur-la-voie-du-redressement\/"},"wordCount":1005,"commentCount":0,"publisher":{"@id":"https:\/\/lasentinelle.dz\/#organization"},"image":{"@id":"https:\/\/lasentinelle.dz\/index.php\/2023\/06\/19\/le-complexe-siderurgique-el-hadjar-fete-ses-54-ans-sur-la-voie-du-redressement\/#primaryimage"},"thumbnailUrl":"https:\/\/lasentinelle.dz\/wp-content\/uploads\/2023\/06\/El-Hadjar.jpg","articleSection":["\u00c0 la Une","\u00c9conomie"],"inLanguage":"fr-FR","potentialAction":[{"@type":"CommentAction","name":"Comment","target":["https:\/\/lasentinelle.dz\/index.php\/2023\/06\/19\/le-complexe-siderurgique-el-hadjar-fete-ses-54-ans-sur-la-voie-du-redressement\/#respond"]}]},{"@type":"WebPage","@id":"https:\/\/lasentinelle.dz\/index.php\/2023\/06\/19\/le-complexe-siderurgique-el-hadjar-fete-ses-54-ans-sur-la-voie-du-redressement\/","url":"https:\/\/lasentinelle.dz\/index.php\/2023\/06\/19\/le-complexe-siderurgique-el-hadjar-fete-ses-54-ans-sur-la-voie-du-redressement\/","name":"Le complexe sid\u00e9rurgique El-Hadjar f\u00eate ses 54 ans : Sur la voie du redressement - La Sentinelle","isPartOf":{"@id":"https:\/\/lasentinelle.dz\/#website"},"primaryImageOfPage":{"@id":"https:\/\/lasentinelle.dz\/index.php\/2023\/06\/19\/le-complexe-siderurgique-el-hadjar-fete-ses-54-ans-sur-la-voie-du-redressement\/#primaryimage"},"image":{"@id":"https:\/\/lasentinelle.dz\/index.php\/2023\/06\/19\/le-complexe-siderurgique-el-hadjar-fete-ses-54-ans-sur-la-voie-du-redressement\/#primaryimage"},"thumbnailUrl":"https:\/\/lasentinelle.dz\/wp-content\/uploads\/2023\/06\/El-Hadjar.jpg","datePublished":"2023-06-19T21:36:29+00:00","dateModified":"2023-06-19T21:36:31+00:00","breadcrumb":{"@id":"https:\/\/lasentinelle.dz\/index.php\/2023\/06\/19\/le-complexe-siderurgique-el-hadjar-fete-ses-54-ans-sur-la-voie-du-redressement\/#breadcrumb"},"inLanguage":"fr-FR","potentialAction":[{"@type":"ReadAction","target":["https:\/\/lasentinelle.dz\/index.php\/2023\/06\/19\/le-complexe-siderurgique-el-hadjar-fete-ses-54-ans-sur-la-voie-du-redressement\/"]}]},{"@type":"ImageObject","inLanguage":"fr-FR","@id":"https:\/\/lasentinelle.dz\/index.php\/2023\/06\/19\/le-complexe-siderurgique-el-hadjar-fete-ses-54-ans-sur-la-voie-du-redressement\/#primaryimage","url":"https:\/\/lasentinelle.dz\/wp-content\/uploads\/2023\/06\/El-Hadjar.jpg","contentUrl":"https:\/\/lasentinelle.dz\/wp-content\/uploads\/2023\/06\/El-Hadjar.jpg","width":768,"height":433},{"@type":"BreadcrumbList","@id":"https:\/\/lasentinelle.dz\/index.php\/2023\/06\/19\/le-complexe-siderurgique-el-hadjar-fete-ses-54-ans-sur-la-voie-du-redressement\/#breadcrumb","itemListElement":[{"@type":"ListItem","position":1,"name":"Accueil","item":"https:\/\/lasentinelle.dz\/"},{"@type":"ListItem","position":2,"name":"Le complexe sid\u00e9rurgique El-Hadjar f\u00eate ses 54 ans : Sur la voie du redressement"}]},{"@type":"WebSite","@id":"https:\/\/lasentinelle.dz\/#website","url":"https:\/\/lasentinelle.dz\/","name":"La Sentinelle","description":"Quotidien national d&#039;information","publisher":{"@id":"https:\/\/lasentinelle.dz\/#organization"},"potentialAction":[{"@type":"SearchAction","target":{"@type":"EntryPoint","urlTemplate":"https:\/\/lasentinelle.dz\/?s={search_term_string}"},"query-input":{"@type":"PropertyValueSpecification","valueRequired":true,"valueName":"search_term_string"}}],"inLanguage":"fr-FR"},{"@type":"Organization","@id":"https:\/\/lasentinelle.dz\/#organization","name":"Quotidien La Sentinelle","url":"https:\/\/lasentinelle.dz\/","logo":{"@type":"ImageObject","inLanguage":"fr-FR","@id":"https:\/\/lasentinelle.dz\/#\/schema\/logo\/image\/","url":"https:\/\/lasentinelle.dz\/wp-content\/uploads\/2021\/09\/logo-sentinelleSLOGAN-1.png","contentUrl":"https:\/\/lasentinelle.dz\/wp-content\/uploads\/2021\/09\/logo-sentinelleSLOGAN-1.png","width":615,"height":142,"caption":"Quotidien La Sentinelle"},"image":{"@id":"https:\/\/lasentinelle.dz\/#\/schema\/logo\/image\/"},"sameAs":["https:\/\/www.facebook.com\/La-Sentinelle-104059864394773"]},{"@type":"Person","@id":"https:\/\/lasentinelle.dz\/#\/schema\/person\/d865044e22e70a75174ce8bcad3acfb3","name":"La Sentinelle","image":{"@type":"ImageObject","inLanguage":"fr-FR","@id":"https:\/\/secure.gravatar.com\/avatar\/57de8e5d4b15d43fb361a71fbb36338450fe67865b528a43dd10ef7c51a20392?s=96&d=mm&r=g","url":"https:\/\/secure.gravatar.com\/avatar\/57de8e5d4b15d43fb361a71fbb36338450fe67865b528a43dd10ef7c51a20392?s=96&d=mm&r=g","contentUrl":"https:\/\/secure.gravatar.com\/avatar\/57de8e5d4b15d43fb361a71fbb36338450fe67865b528a43dd10ef7c51a20392?s=96&d=mm&r=g","caption":"La Sentinelle"},"sameAs":["http:\/\/www.lasentinelle.dz"],"url":"https:\/\/lasentinelle.dz\/author\/redaction\/"}]}},"_links":{"self":[{"href":"https:\/\/lasentinelle.dz\/index.php\/wp-json\/wp\/v2\/posts\/42872","targetHints":{"allow":["GET"]}}],"collection":[{"href":"https:\/\/lasentinelle.dz\/index.php\/wp-json\/wp\/v2\/posts"}],"about":[{"href":"https:\/\/lasentinelle.dz\/index.php\/wp-json\/wp\/v2\/types\/post"}],"author":[{"embeddable":true,"href":"https:\/\/lasentinelle.dz\/index.php\/wp-json\/wp\/v2\/users\/3"}],"replies":[{"embeddable":true,"href":"https:\/\/lasentinelle.dz\/index.php\/wp-json\/wp\/v2\/comments?post=42872"}],"version-history":[{"count":1,"href":"https:\/\/lasentinelle.dz\/index.php\/wp-json\/wp\/v2\/posts\/42872\/revisions"}],"predecessor-version":[{"id":42874,"href":"https:\/\/lasentinelle.dz\/index.php\/wp-json\/wp\/v2\/posts\/42872\/revisions\/42874"}],"wp:featuredmedia":[{"embeddable":true,"href":"https:\/\/lasentinelle.dz\/index.php\/wp-json\/wp\/v2\/media\/42873"}],"wp:attachment":[{"href":"https:\/\/lasentinelle.dz\/index.php\/wp-json\/wp\/v2\/media?parent=42872"}],"wp:term":[{"taxonomy":"category","embeddable":true,"href":"https:\/\/lasentinelle.dz\/index.php\/wp-json\/wp\/v2\/categories?post=42872"},{"taxonomy":"post_tag","embeddable":true,"href":"https:\/\/lasentinelle.dz\/index.php\/wp-json\/wp\/v2\/tags?post=42872"}],"curies":[{"name":"wp","href":"https:\/\/api.w.org\/{rel}","templated":true}]}}