{"id":42886,"date":"2023-06-19T22:43:43","date_gmt":"2023-06-19T21:43:43","guid":{"rendered":"https:\/\/lasentinelle.dz\/?p=42886"},"modified":"2023-06-19T22:43:43","modified_gmt":"2023-06-19T21:43:43","slug":"le-texte-devrait-bientot-etre-examine-par-le-gouvernement-la-loi-sur-la-commune-fin-prete","status":"publish","type":"post","link":"https:\/\/lasentinelle.dz\/index.php\/2023\/06\/19\/le-texte-devrait-bientot-etre-examine-par-le-gouvernement-la-loi-sur-la-commune-fin-prete\/","title":{"rendered":"Le texte devrait bient\u00f4t \u00eatre examin\u00e9 par le Gouvernement : La loi sur la commune fin-pr\u00eate"},"content":{"rendered":"\n<p><\/p>\n\n\n\n<p>Attendu depuis plusieurs mois, le nouveau Code de la commune est pratiquement pr\u00eat et devrait \u00eatre bient\u00f4t lib\u00e9r\u00e9 par l\u2019Ex\u00e9cutif. Son examen par le Parlement risque cependant d\u2019\u00eatre report\u00e9 \u00e0 la prochaine session parlementaire.<\/p>\n\n\n\n<p>Le ministre de l\u2019Int\u00e9rieur, des Collectivit\u00e9s locales et de l\u2019Am\u00e9nagement du territoire, Brahim Merad, a annonc\u00e9 hier que la nouvelle loi sur la commune devrait bient\u00f4t \u00eatre examin\u00e9e par le Gouvernement. Intervenant au Forum de la Radio alg\u00e9rienne, le ministre a indiqu\u00e9 que le texte a \u00e9t\u00e9 pratiquement finalis\u00e9 et qu\u2019une premi\u00e8re mouture devrait tr\u00e8s prochainement \u00eatre pr\u00e9sent\u00e9e lors d&rsquo;une r\u00e9union du gouvernement avant d&rsquo;\u00eatre soumise au Conseil des ministres. Il a soulign\u00e9 que cette r\u00e9vision contribuerait \u00e0 revoir le mod\u00e8le de gouvernance locale en incluant de nouvelles dispositions, notamment l&rsquo;\u00e9largissement des pr\u00e9rogatives des \u00e9lus au niveau locaux et le renforcement de la participation des citoyens dans la gestion des affaires locales. Le texte devrait donc \u00eatre bient\u00f4t \u00eatre lib\u00e9r\u00e9. Cependant son examen par le Parlement risque d\u2019attendre la prochaine session dans la mesure o\u00f9 le calendrier des instances l\u00e9gislatives pr\u00e9voit l\u2019examen lors des prochains jours de nombreux textes. Un calendrier qui a d\u2019ailleurs impos\u00e9 un prolongement de la session parlementaire.<\/p>\n\n\n\n<p>Il faut dire que le Code de la commune, tout comme le nouveau Code de la wilaya sont au c\u0153ur des r\u00e9formes engag\u00e9es en ce qui concerne les collectivit\u00e9s locales. Des textes qui devraient traduire les engagements pris en mati\u00e8re de d\u00e9centralisation des pr\u00e9rogatives des \u00e9lus locaux, mais aussi des walis, afin d\u2019am\u00e9liorer l\u2019attractivit\u00e9 des territoires, d\u2019all\u00e9ger les proc\u00e9dures, de garantir l\u2019accompagnement des investisseurs, avec pour finalit\u00e9 mettre en place les conditions d\u2019un d\u00e9veloppement local \u00e9quilibr\u00e9 et am\u00e9liorer les conditions de vie des citoyens au niveau local. Des objectifs qui ont \u00e9t\u00e9 d\u2019ailleurs soulign\u00e9s par le pr\u00e9sident de la R\u00e9publique, lors de la derni\u00e8re r\u00e9union Gouvernement-Walis, tenue au mois de septembre dernier. &nbsp;C\u2019est dans ce contexte, que le Premier ministre, A\u00efmene Benabderrahmane a install\u00e9, le mois suivant, des ateliers de r\u00e9vision du code de la commune et du code de la wilaya, compos\u00e9s des repr\u00e9sentants des deux chambres du Parlement, de Walis ainsi que les repr\u00e9sentants des d\u00e9partements minist\u00e9riels concern\u00e9s.<\/p>\n\n\n\n<p>Des ateliers dirig\u00e9s par le secteur de l\u2019Int\u00e9rieur, afin de permettre le \u00ab\u00a0renforcement\u00a0\u00bb de la d\u00e9centralisation pr\u00f4n\u00e9e par les pouvoirs publics. Dans ce contexte une mouture de la loi sur la Commune a \u00e9t\u00e9 soumise pour enrichissement dans ce cadre.&nbsp; Cette mouture propose meilleure lecture des attributions de l&rsquo;\u00e9lu local. Entre autres attributions inscrites dans cette mouture, la promotion de l&rsquo;investissement et de l&rsquo;entreprenariat. Le texte propose aussi des dispositions pour mieux prot\u00e9ger les \u00e9lus des erreurs de gestion. Des dispositions ont \u00e9galement \u00e9t\u00e9 propos\u00e9es pour garantir la participation citoyenne \u00e0 la gestion des collectivit\u00e9s locales, en consacrant un chapitre \u00e0 la \u00ab\u00a0d\u00e9mocratie participative\u00a0\u00bb. Dans cette mouture, il est exig\u00e9 du P\/APC de mettre sur pied une \u00ab\u00a0instance consultative\u00a0\u00bb, constitu\u00e9e de \u00ab\u00a0citoyens, acteurs de la soci\u00e9t\u00e9 civile, mouvement associatif et organisation professionnelle\u00a0\u00bb.<\/p>\n\n\n\n<p>Notons enfin qu\u2019une commission, a \u00e9t\u00e9 mise sur pied sous l&rsquo;\u00e9gide du premier ministre, au mois de f\u00e9vrier pour se pencher sur la fiscalit\u00e9 locale afin de rem\u00e9dier aux dysfonctionnements et \u00ab\u00a0revoir le syst\u00e8me de redistribution\u00a0\u00bb du produit de la fiscalit\u00e9.<\/p>\n\n\n\n<p>L&rsquo;objectif de permettre aux communes de g\u00e9n\u00e9rer plus d&rsquo;argent ce qui leur permettra \u00e9ventuellement d&rsquo;\u00e9quilibrer leurs finances et de pouvoir enclencher une dynamique sur le plan \u00e9conomique.<\/p>\n\n\n\n<p><strong>Hocine Fadheli<\/strong><\/p>\n","protected":false},"excerpt":{"rendered":"<p>Attendu depuis plusieurs mois, le nouveau Code de la commune est pratiquement pr\u00eat et devrait \u00eatre bient\u00f4t lib\u00e9r\u00e9 par l\u2019Ex\u00e9cutif.<\/p>\n","protected":false},"author":3,"featured_media":42887,"comment_status":"open","ping_status":"closed","sticky":false,"template":"","format":"standard","meta":{"colormag_page_container_layout":"default_layout","colormag_page_sidebar_layout":"default_layout","om_disable_all_campaigns":false,"_monsterinsights_skip_tracking":false,"_monsterinsights_sitenote_active":false,"_monsterinsights_sitenote_note":"","_monsterinsights_sitenote_category":0,"footnotes":"","_wpscppro_dont_share_socialmedia":false,"_wpscppro_custom_social_share_image":0,"_facebook_share_type":"","_twitter_share_type":"","_linkedin_share_type":"","_pinterest_share_type":"","_linkedin_share_type_page":"","_instagram_share_type":"","_medium_share_type":"","_threads_share_type":"","_google_business_share_type":"","_selected_social_profile":[],"_wpsp_enable_custom_social_template":false,"_wpsp_social_scheduling":{"enabled":false,"datetime":null,"platforms":[],"status":"template_only","dateOption":"today","timeOption":"now","customDays":"","customHours":"","customDate":"","customTime":"","schedulingType":"absolute"},"_wpsp_active_default_template":true},"categories":[52,27],"tags":[],"class_list":["post-42886","post","type-post","status-publish","format-standard","has-post-thumbnail","hentry","category-a-la-une","category-actualite"],"aioseo_notices":[],"yoast_head":"<!-- This site is optimized with the Yoast SEO plugin v27.5 - https:\/\/yoast.com\/product\/yoast-seo-wordpress\/ -->\n<title>Le texte devrait bient\u00f4t \u00eatre examin\u00e9 par le Gouvernement : La loi sur la commune fin-pr\u00eate - La Sentinelle<\/title>\n<meta name=\"robots\" content=\"index, follow, max-snippet:-1, max-image-preview:large, max-video-preview:-1\" \/>\n<link rel=\"canonical\" href=\"https:\/\/lasentinelle.dz\/index.php\/2023\/06\/19\/le-texte-devrait-bientot-etre-examine-par-le-gouvernement-la-loi-sur-la-commune-fin-prete\/\" \/>\n<meta property=\"og:locale\" content=\"fr_FR\" \/>\n<meta property=\"og:type\" content=\"article\" \/>\n<meta property=\"og:title\" content=\"Le texte devrait bient\u00f4t \u00eatre examin\u00e9 par le Gouvernement : La loi sur la commune fin-pr\u00eate - La Sentinelle\" \/>\n<meta property=\"og:description\" content=\"Attendu depuis plusieurs mois, le nouveau Code de la commune est pratiquement pr\u00eat et devrait \u00eatre bient\u00f4t lib\u00e9r\u00e9 par l\u2019Ex\u00e9cutif.\" \/>\n<meta property=\"og:url\" content=\"https:\/\/lasentinelle.dz\/index.php\/2023\/06\/19\/le-texte-devrait-bientot-etre-examine-par-le-gouvernement-la-loi-sur-la-commune-fin-prete\/\" \/>\n<meta property=\"og:site_name\" content=\"La Sentinelle\" \/>\n<meta property=\"article:publisher\" content=\"https:\/\/www.facebook.com\/La-Sentinelle-104059864394773\" \/>\n<meta property=\"article:published_time\" content=\"2023-06-19T21:43:43+00:00\" \/>\n<meta property=\"og:image\" content=\"https:\/\/lasentinelle.dz\/wp-content\/uploads\/2023\/06\/merad.png\" \/>\n\t<meta property=\"og:image:width\" content=\"1182\" \/>\n\t<meta property=\"og:image:height\" content=\"892\" \/>\n\t<meta property=\"og:image:type\" content=\"image\/png\" \/>\n<meta name=\"author\" content=\"La Sentinelle\" \/>\n<meta name=\"twitter:card\" content=\"summary_large_image\" \/>\n<meta name=\"twitter:label1\" content=\"\u00c9crit par\" \/>\n\t<meta name=\"twitter:data1\" content=\"La Sentinelle\" \/>\n\t<meta name=\"twitter:label2\" content=\"Dur\u00e9e de lecture estim\u00e9e\" \/>\n\t<meta name=\"twitter:data2\" content=\"3 minutes\" \/>\n<script type=\"application\/ld+json\" class=\"yoast-schema-graph\">{\"@context\":\"https:\\\/\\\/schema.org\",\"@graph\":[{\"@type\":\"Article\",\"@id\":\"https:\\\/\\\/lasentinelle.dz\\\/index.php\\\/2023\\\/06\\\/19\\\/le-texte-devrait-bientot-etre-examine-par-le-gouvernement-la-loi-sur-la-commune-fin-prete\\\/#article\",\"isPartOf\":{\"@id\":\"https:\\\/\\\/lasentinelle.dz\\\/index.php\\\/2023\\\/06\\\/19\\\/le-texte-devrait-bientot-etre-examine-par-le-gouvernement-la-loi-sur-la-commune-fin-prete\\\/\"},\"author\":{\"name\":\"La Sentinelle\",\"@id\":\"https:\\\/\\\/lasentinelle.dz\\\/#\\\/schema\\\/person\\\/d865044e22e70a75174ce8bcad3acfb3\"},\"headline\":\"Le texte devrait bient\u00f4t \u00eatre examin\u00e9 par le Gouvernement : La loi sur la commune fin-pr\u00eate\",\"datePublished\":\"2023-06-19T21:43:43+00:00\",\"mainEntityOfPage\":{\"@id\":\"https:\\\/\\\/lasentinelle.dz\\\/index.php\\\/2023\\\/06\\\/19\\\/le-texte-devrait-bientot-etre-examine-par-le-gouvernement-la-loi-sur-la-commune-fin-prete\\\/\"},\"wordCount\":663,\"commentCount\":0,\"publisher\":{\"@id\":\"https:\\\/\\\/lasentinelle.dz\\\/#organization\"},\"image\":{\"@id\":\"https:\\\/\\\/lasentinelle.dz\\\/index.php\\\/2023\\\/06\\\/19\\\/le-texte-devrait-bientot-etre-examine-par-le-gouvernement-la-loi-sur-la-commune-fin-prete\\\/#primaryimage\"},\"thumbnailUrl\":\"https:\\\/\\\/lasentinelle.dz\\\/wp-content\\\/uploads\\\/2023\\\/06\\\/merad.png\",\"articleSection\":[\"\u00c0 la Une\",\"Actualit\u00e9\"],\"inLanguage\":\"fr-FR\",\"potentialAction\":[{\"@type\":\"CommentAction\",\"name\":\"Comment\",\"target\":[\"https:\\\/\\\/lasentinelle.dz\\\/index.php\\\/2023\\\/06\\\/19\\\/le-texte-devrait-bientot-etre-examine-par-le-gouvernement-la-loi-sur-la-commune-fin-prete\\\/#respond\"]}]},{\"@type\":\"WebPage\",\"@id\":\"https:\\\/\\\/lasentinelle.dz\\\/index.php\\\/2023\\\/06\\\/19\\\/le-texte-devrait-bientot-etre-examine-par-le-gouvernement-la-loi-sur-la-commune-fin-prete\\\/\",\"url\":\"https:\\\/\\\/lasentinelle.dz\\\/index.php\\\/2023\\\/06\\\/19\\\/le-texte-devrait-bientot-etre-examine-par-le-gouvernement-la-loi-sur-la-commune-fin-prete\\\/\",\"name\":\"Le texte devrait bient\u00f4t \u00eatre examin\u00e9 par le Gouvernement : La loi sur la commune fin-pr\u00eate - La Sentinelle\",\"isPartOf\":{\"@id\":\"https:\\\/\\\/lasentinelle.dz\\\/#website\"},\"primaryImageOfPage\":{\"@id\":\"https:\\\/\\\/lasentinelle.dz\\\/index.php\\\/2023\\\/06\\\/19\\\/le-texte-devrait-bientot-etre-examine-par-le-gouvernement-la-loi-sur-la-commune-fin-prete\\\/#primaryimage\"},\"image\":{\"@id\":\"https:\\\/\\\/lasentinelle.dz\\\/index.php\\\/2023\\\/06\\\/19\\\/le-texte-devrait-bientot-etre-examine-par-le-gouvernement-la-loi-sur-la-commune-fin-prete\\\/#primaryimage\"},\"thumbnailUrl\":\"https:\\\/\\\/lasentinelle.dz\\\/wp-content\\\/uploads\\\/2023\\\/06\\\/merad.png\",\"datePublished\":\"2023-06-19T21:43:43+00:00\",\"breadcrumb\":{\"@id\":\"https:\\\/\\\/lasentinelle.dz\\\/index.php\\\/2023\\\/06\\\/19\\\/le-texte-devrait-bientot-etre-examine-par-le-gouvernement-la-loi-sur-la-commune-fin-prete\\\/#breadcrumb\"},\"inLanguage\":\"fr-FR\",\"potentialAction\":[{\"@type\":\"ReadAction\",\"target\":[\"https:\\\/\\\/lasentinelle.dz\\\/index.php\\\/2023\\\/06\\\/19\\\/le-texte-devrait-bientot-etre-examine-par-le-gouvernement-la-loi-sur-la-commune-fin-prete\\\/\"]}]},{\"@type\":\"ImageObject\",\"inLanguage\":\"fr-FR\",\"@id\":\"https:\\\/\\\/lasentinelle.dz\\\/index.php\\\/2023\\\/06\\\/19\\\/le-texte-devrait-bientot-etre-examine-par-le-gouvernement-la-loi-sur-la-commune-fin-prete\\\/#primaryimage\",\"url\":\"https:\\\/\\\/lasentinelle.dz\\\/wp-content\\\/uploads\\\/2023\\\/06\\\/merad.png\",\"contentUrl\":\"https:\\\/\\\/lasentinelle.dz\\\/wp-content\\\/uploads\\\/2023\\\/06\\\/merad.png\",\"width\":1182,\"height\":892},{\"@type\":\"BreadcrumbList\",\"@id\":\"https:\\\/\\\/lasentinelle.dz\\\/index.php\\\/2023\\\/06\\\/19\\\/le-texte-devrait-bientot-etre-examine-par-le-gouvernement-la-loi-sur-la-commune-fin-prete\\\/#breadcrumb\",\"itemListElement\":[{\"@type\":\"ListItem\",\"position\":1,\"name\":\"Accueil\",\"item\":\"https:\\\/\\\/lasentinelle.dz\\\/\"},{\"@type\":\"ListItem\",\"position\":2,\"name\":\"Le texte devrait bient\u00f4t \u00eatre examin\u00e9 par le Gouvernement : La loi sur la commune fin-pr\u00eate\"}]},{\"@type\":\"WebSite\",\"@id\":\"https:\\\/\\\/lasentinelle.dz\\\/#website\",\"url\":\"https:\\\/\\\/lasentinelle.dz\\\/\",\"name\":\"La Sentinelle\",\"description\":\"Quotidien national d&#039;information\",\"publisher\":{\"@id\":\"https:\\\/\\\/lasentinelle.dz\\\/#organization\"},\"potentialAction\":[{\"@type\":\"SearchAction\",\"target\":{\"@type\":\"EntryPoint\",\"urlTemplate\":\"https:\\\/\\\/lasentinelle.dz\\\/?s={search_term_string}\"},\"query-input\":{\"@type\":\"PropertyValueSpecification\",\"valueRequired\":true,\"valueName\":\"search_term_string\"}}],\"inLanguage\":\"fr-FR\"},{\"@type\":\"Organization\",\"@id\":\"https:\\\/\\\/lasentinelle.dz\\\/#organization\",\"name\":\"Quotidien La Sentinelle\",\"url\":\"https:\\\/\\\/lasentinelle.dz\\\/\",\"logo\":{\"@type\":\"ImageObject\",\"inLanguage\":\"fr-FR\",\"@id\":\"https:\\\/\\\/lasentinelle.dz\\\/#\\\/schema\\\/logo\\\/image\\\/\",\"url\":\"https:\\\/\\\/lasentinelle.dz\\\/wp-content\\\/uploads\\\/2021\\\/09\\\/logo-sentinelleSLOGAN-1.png\",\"contentUrl\":\"https:\\\/\\\/lasentinelle.dz\\\/wp-content\\\/uploads\\\/2021\\\/09\\\/logo-sentinelleSLOGAN-1.png\",\"width\":615,\"height\":142,\"caption\":\"Quotidien La Sentinelle\"},\"image\":{\"@id\":\"https:\\\/\\\/lasentinelle.dz\\\/#\\\/schema\\\/logo\\\/image\\\/\"},\"sameAs\":[\"https:\\\/\\\/www.facebook.com\\\/La-Sentinelle-104059864394773\"]},{\"@type\":\"Person\",\"@id\":\"https:\\\/\\\/lasentinelle.dz\\\/#\\\/schema\\\/person\\\/d865044e22e70a75174ce8bcad3acfb3\",\"name\":\"La Sentinelle\",\"image\":{\"@type\":\"ImageObject\",\"inLanguage\":\"fr-FR\",\"@id\":\"https:\\\/\\\/secure.gravatar.com\\\/avatar\\\/57de8e5d4b15d43fb361a71fbb36338450fe67865b528a43dd10ef7c51a20392?s=96&d=mm&r=g\",\"url\":\"https:\\\/\\\/secure.gravatar.com\\\/avatar\\\/57de8e5d4b15d43fb361a71fbb36338450fe67865b528a43dd10ef7c51a20392?s=96&d=mm&r=g\",\"contentUrl\":\"https:\\\/\\\/secure.gravatar.com\\\/avatar\\\/57de8e5d4b15d43fb361a71fbb36338450fe67865b528a43dd10ef7c51a20392?s=96&d=mm&r=g\",\"caption\":\"La Sentinelle\"},\"sameAs\":[\"http:\\\/\\\/www.lasentinelle.dz\"],\"url\":\"https:\\\/\\\/lasentinelle.dz\\\/author\\\/redaction\\\/\"}]}<\/script>\n<!-- \/ Yoast SEO plugin. -->","yoast_head_json":{"title":"Le texte devrait bient\u00f4t \u00eatre examin\u00e9 par le Gouvernement : La loi sur la commune fin-pr\u00eate - La Sentinelle","robots":{"index":"index","follow":"follow","max-snippet":"max-snippet:-1","max-image-preview":"max-image-preview:large","max-video-preview":"max-video-preview:-1"},"canonical":"https:\/\/lasentinelle.dz\/index.php\/2023\/06\/19\/le-texte-devrait-bientot-etre-examine-par-le-gouvernement-la-loi-sur-la-commune-fin-prete\/","og_locale":"fr_FR","og_type":"article","og_title":"Le texte devrait bient\u00f4t \u00eatre examin\u00e9 par le Gouvernement : La loi sur la commune fin-pr\u00eate - La Sentinelle","og_description":"Attendu depuis plusieurs mois, le nouveau Code de la commune est pratiquement pr\u00eat et devrait \u00eatre bient\u00f4t lib\u00e9r\u00e9 par l\u2019Ex\u00e9cutif.","og_url":"https:\/\/lasentinelle.dz\/index.php\/2023\/06\/19\/le-texte-devrait-bientot-etre-examine-par-le-gouvernement-la-loi-sur-la-commune-fin-prete\/","og_site_name":"La Sentinelle","article_publisher":"https:\/\/www.facebook.com\/La-Sentinelle-104059864394773","article_published_time":"2023-06-19T21:43:43+00:00","og_image":[{"width":1182,"height":892,"url":"https:\/\/lasentinelle.dz\/wp-content\/uploads\/2023\/06\/merad.png","type":"image\/png"}],"author":"La Sentinelle","twitter_card":"summary_large_image","twitter_misc":{"\u00c9crit par":"La Sentinelle","Dur\u00e9e de lecture estim\u00e9e":"3 minutes"},"schema":{"@context":"https:\/\/schema.org","@graph":[{"@type":"Article","@id":"https:\/\/lasentinelle.dz\/index.php\/2023\/06\/19\/le-texte-devrait-bientot-etre-examine-par-le-gouvernement-la-loi-sur-la-commune-fin-prete\/#article","isPartOf":{"@id":"https:\/\/lasentinelle.dz\/index.php\/2023\/06\/19\/le-texte-devrait-bientot-etre-examine-par-le-gouvernement-la-loi-sur-la-commune-fin-prete\/"},"author":{"name":"La Sentinelle","@id":"https:\/\/lasentinelle.dz\/#\/schema\/person\/d865044e22e70a75174ce8bcad3acfb3"},"headline":"Le texte devrait bient\u00f4t \u00eatre examin\u00e9 par le Gouvernement : La loi sur la commune fin-pr\u00eate","datePublished":"2023-06-19T21:43:43+00:00","mainEntityOfPage":{"@id":"https:\/\/lasentinelle.dz\/index.php\/2023\/06\/19\/le-texte-devrait-bientot-etre-examine-par-le-gouvernement-la-loi-sur-la-commune-fin-prete\/"},"wordCount":663,"commentCount":0,"publisher":{"@id":"https:\/\/lasentinelle.dz\/#organization"},"image":{"@id":"https:\/\/lasentinelle.dz\/index.php\/2023\/06\/19\/le-texte-devrait-bientot-etre-examine-par-le-gouvernement-la-loi-sur-la-commune-fin-prete\/#primaryimage"},"thumbnailUrl":"https:\/\/lasentinelle.dz\/wp-content\/uploads\/2023\/06\/merad.png","articleSection":["\u00c0 la Une","Actualit\u00e9"],"inLanguage":"fr-FR","potentialAction":[{"@type":"CommentAction","name":"Comment","target":["https:\/\/lasentinelle.dz\/index.php\/2023\/06\/19\/le-texte-devrait-bientot-etre-examine-par-le-gouvernement-la-loi-sur-la-commune-fin-prete\/#respond"]}]},{"@type":"WebPage","@id":"https:\/\/lasentinelle.dz\/index.php\/2023\/06\/19\/le-texte-devrait-bientot-etre-examine-par-le-gouvernement-la-loi-sur-la-commune-fin-prete\/","url":"https:\/\/lasentinelle.dz\/index.php\/2023\/06\/19\/le-texte-devrait-bientot-etre-examine-par-le-gouvernement-la-loi-sur-la-commune-fin-prete\/","name":"Le texte devrait bient\u00f4t \u00eatre examin\u00e9 par le Gouvernement : La loi sur la commune fin-pr\u00eate - La Sentinelle","isPartOf":{"@id":"https:\/\/lasentinelle.dz\/#website"},"primaryImageOfPage":{"@id":"https:\/\/lasentinelle.dz\/index.php\/2023\/06\/19\/le-texte-devrait-bientot-etre-examine-par-le-gouvernement-la-loi-sur-la-commune-fin-prete\/#primaryimage"},"image":{"@id":"https:\/\/lasentinelle.dz\/index.php\/2023\/06\/19\/le-texte-devrait-bientot-etre-examine-par-le-gouvernement-la-loi-sur-la-commune-fin-prete\/#primaryimage"},"thumbnailUrl":"https:\/\/lasentinelle.dz\/wp-content\/uploads\/2023\/06\/merad.png","datePublished":"2023-06-19T21:43:43+00:00","breadcrumb":{"@id":"https:\/\/lasentinelle.dz\/index.php\/2023\/06\/19\/le-texte-devrait-bientot-etre-examine-par-le-gouvernement-la-loi-sur-la-commune-fin-prete\/#breadcrumb"},"inLanguage":"fr-FR","potentialAction":[{"@type":"ReadAction","target":["https:\/\/lasentinelle.dz\/index.php\/2023\/06\/19\/le-texte-devrait-bientot-etre-examine-par-le-gouvernement-la-loi-sur-la-commune-fin-prete\/"]}]},{"@type":"ImageObject","inLanguage":"fr-FR","@id":"https:\/\/lasentinelle.dz\/index.php\/2023\/06\/19\/le-texte-devrait-bientot-etre-examine-par-le-gouvernement-la-loi-sur-la-commune-fin-prete\/#primaryimage","url":"https:\/\/lasentinelle.dz\/wp-content\/uploads\/2023\/06\/merad.png","contentUrl":"https:\/\/lasentinelle.dz\/wp-content\/uploads\/2023\/06\/merad.png","width":1182,"height":892},{"@type":"BreadcrumbList","@id":"https:\/\/lasentinelle.dz\/index.php\/2023\/06\/19\/le-texte-devrait-bientot-etre-examine-par-le-gouvernement-la-loi-sur-la-commune-fin-prete\/#breadcrumb","itemListElement":[{"@type":"ListItem","position":1,"name":"Accueil","item":"https:\/\/lasentinelle.dz\/"},{"@type":"ListItem","position":2,"name":"Le texte devrait bient\u00f4t \u00eatre examin\u00e9 par le Gouvernement : La loi sur la commune fin-pr\u00eate"}]},{"@type":"WebSite","@id":"https:\/\/lasentinelle.dz\/#website","url":"https:\/\/lasentinelle.dz\/","name":"La Sentinelle","description":"Quotidien national d&#039;information","publisher":{"@id":"https:\/\/lasentinelle.dz\/#organization"},"potentialAction":[{"@type":"SearchAction","target":{"@type":"EntryPoint","urlTemplate":"https:\/\/lasentinelle.dz\/?s={search_term_string}"},"query-input":{"@type":"PropertyValueSpecification","valueRequired":true,"valueName":"search_term_string"}}],"inLanguage":"fr-FR"},{"@type":"Organization","@id":"https:\/\/lasentinelle.dz\/#organization","name":"Quotidien La Sentinelle","url":"https:\/\/lasentinelle.dz\/","logo":{"@type":"ImageObject","inLanguage":"fr-FR","@id":"https:\/\/lasentinelle.dz\/#\/schema\/logo\/image\/","url":"https:\/\/lasentinelle.dz\/wp-content\/uploads\/2021\/09\/logo-sentinelleSLOGAN-1.png","contentUrl":"https:\/\/lasentinelle.dz\/wp-content\/uploads\/2021\/09\/logo-sentinelleSLOGAN-1.png","width":615,"height":142,"caption":"Quotidien La Sentinelle"},"image":{"@id":"https:\/\/lasentinelle.dz\/#\/schema\/logo\/image\/"},"sameAs":["https:\/\/www.facebook.com\/La-Sentinelle-104059864394773"]},{"@type":"Person","@id":"https:\/\/lasentinelle.dz\/#\/schema\/person\/d865044e22e70a75174ce8bcad3acfb3","name":"La Sentinelle","image":{"@type":"ImageObject","inLanguage":"fr-FR","@id":"https:\/\/secure.gravatar.com\/avatar\/57de8e5d4b15d43fb361a71fbb36338450fe67865b528a43dd10ef7c51a20392?s=96&d=mm&r=g","url":"https:\/\/secure.gravatar.com\/avatar\/57de8e5d4b15d43fb361a71fbb36338450fe67865b528a43dd10ef7c51a20392?s=96&d=mm&r=g","contentUrl":"https:\/\/secure.gravatar.com\/avatar\/57de8e5d4b15d43fb361a71fbb36338450fe67865b528a43dd10ef7c51a20392?s=96&d=mm&r=g","caption":"La Sentinelle"},"sameAs":["http:\/\/www.lasentinelle.dz"],"url":"https:\/\/lasentinelle.dz\/author\/redaction\/"}]}},"_links":{"self":[{"href":"https:\/\/lasentinelle.dz\/index.php\/wp-json\/wp\/v2\/posts\/42886","targetHints":{"allow":["GET"]}}],"collection":[{"href":"https:\/\/lasentinelle.dz\/index.php\/wp-json\/wp\/v2\/posts"}],"about":[{"href":"https:\/\/lasentinelle.dz\/index.php\/wp-json\/wp\/v2\/types\/post"}],"author":[{"embeddable":true,"href":"https:\/\/lasentinelle.dz\/index.php\/wp-json\/wp\/v2\/users\/3"}],"replies":[{"embeddable":true,"href":"https:\/\/lasentinelle.dz\/index.php\/wp-json\/wp\/v2\/comments?post=42886"}],"version-history":[{"count":1,"href":"https:\/\/lasentinelle.dz\/index.php\/wp-json\/wp\/v2\/posts\/42886\/revisions"}],"predecessor-version":[{"id":42888,"href":"https:\/\/lasentinelle.dz\/index.php\/wp-json\/wp\/v2\/posts\/42886\/revisions\/42888"}],"wp:featuredmedia":[{"embeddable":true,"href":"https:\/\/lasentinelle.dz\/index.php\/wp-json\/wp\/v2\/media\/42887"}],"wp:attachment":[{"href":"https:\/\/lasentinelle.dz\/index.php\/wp-json\/wp\/v2\/media?parent=42886"}],"wp:term":[{"taxonomy":"category","embeddable":true,"href":"https:\/\/lasentinelle.dz\/index.php\/wp-json\/wp\/v2\/categories?post=42886"},{"taxonomy":"post_tag","embeddable":true,"href":"https:\/\/lasentinelle.dz\/index.php\/wp-json\/wp\/v2\/tags?post=42886"}],"curies":[{"name":"wp","href":"https:\/\/api.w.org\/{rel}","templated":true}]}}