{"id":42897,"date":"2023-06-20T22:54:15","date_gmt":"2023-06-20T21:54:15","guid":{"rendered":"https:\/\/lasentinelle.dz\/?p=42897"},"modified":"2023-06-20T22:54:16","modified_gmt":"2023-06-20T21:54:16","slug":"agression-sioniste-a-jenine-six-palestiniens-tombent-en-martyrs","status":"publish","type":"post","link":"https:\/\/lasentinelle.dz\/index.php\/2023\/06\/20\/agression-sioniste-a-jenine-six-palestiniens-tombent-en-martyrs\/","title":{"rendered":"Agression sioniste \u00e0 J\u00e9nine: Six Palestiniens tombent en martyrs"},"content":{"rendered":"\n<p><\/p>\n\n\n\n<p>Six Palestiniens sont tomb\u00e9s en martyrs et des dizaines d\u2019autres ont \u00e9t\u00e9 bless\u00e9s lundi lors de<\/p>\n\n\n\n<p>l\u2019agression men\u00e9e par les forces de l\u2019occupation sioniste \u00e0 J\u00e9nine dans le nord de la Cisjordanie occup\u00e9e, ont annonc\u00e9 hierdes sources m\u00e9dicales citant un nouveau bilan. Le minist\u00e8re palestinien de la Sant\u00e9 a affirm\u00e9 que Amjad Aref Al-Jaas, 48 ans, a succomb\u00e9 \u00e0 ses blessures re\u00e7ues lors de l\u2019agression du camp de r\u00e9fugi\u00e9s lundi \u00e0 J\u00e9nine, portant \u00e0 six le nombre de martyrs, dont un enfant, tomb\u00e9s dans la s\u00e9rie d\u2019agressions sionistes dans la ville palestinienne occup\u00e9e. Selon l\u2019agence de presse palestinienne WAFA, le fils du martyr Amjad Aref Al-Jaas, Wassim, est tomb\u00e9 en martyr le 25 janvier de cette ann\u00e9e, apr\u00e8s un massacre commis par les forces d\u2019occupation \u00e0 J\u00e9nine, au cours duquel neuf Palestiniens ont \u00e9t\u00e9 tu\u00e9s.<\/p>\n\n\n\n<p>Un autre Palestinien est tomb\u00e9 en martyr lundi soir sous les balles des forces de l\u2019occupation sioniste, pr\u00e9s de Beit-Lehm dans le sud de la Cisjordanie occup\u00e9e, a indiqu\u00e9 par ailleurs indiqu\u00e9 le minist\u00e8re palestinien de la Sant\u00e9. Zakaria Mohammed Al-Zaoul, 20 ans, a \u00e9t\u00e9 touch\u00e9 par \u00ab des balles r\u00e9elles de l\u2019occupation \u00e0 la t\u00eate dans la localit\u00e9 de Husan \u00bb, pr\u00e8s de Beit-Lehm, a indiqu\u00e9 le minist\u00e8re dans un communiqu\u00e9. L\u2019agence de presse palestinienne, Wafa, a fait \u00e9tat de heurts entre des jeunes palestiniens et les forces sionistes, qui ont tir\u00e9 \u00e0 balles r\u00e9elles et utilis\u00e9 des grenades de gaz lacrymog\u00e8ne et assourdissantes. Cet incident survient sur fond d\u2019escalade sioniste en Cisjordanie. Depuis le d\u00e9but de l\u2019ann\u00e9e, au moins 165 Palestiniens sont tomb\u00e9s en martyrs dans des agressions sionistes dans les territoires palestiniens, selon des sources officielles palestiniennes.<\/p>\n\n\n\n<p>Plusieurs pays ont fermement condamn\u00e9 cette nouvelle agression. La Tunisie a fermement condamn\u00e9 les tirs et les raids a\u00e9riens lanc\u00e9s par les forces d&rsquo;occupation brutales sur la ville de J\u00e9nine et son camp. La Tunisie appelle la communaut\u00e9 internationale \u00e0 assumer sa responsabilit\u00e9 juridique et morale envers le peuple palestinien, \u00e0 cesser imm\u00e9diatement cette agression r\u00e9p\u00e9t\u00e9e et syst\u00e9matique, et \u00e0 contraindre les forces d&rsquo;occupation \u00e0 cesser leurs violations flagrantes et \u00e0 les contraindre \u00e0 respecter les r\u00e9solutions de la l\u00e9gitimit\u00e9 internationale. Le minist\u00e8re turc des Affaires \u00e9trang\u00e8res a aussi fermement condamn\u00e9 le raid sioniste. \u00ab Nous condamnons fermement le meurtre de six Palestiniens et les blessures inflig\u00e9es \u00e0 de nombreux Palestiniens lors du raid men\u00e9 (lundi) par les forces de l\u2019occupation dans la ville de J\u00e9nine, dans les territoires<\/p>\n\n\n\n<p>palestiniens occup\u00e9s \u00bb, a indiqu\u00e9 le minist\u00e8re turc des Affaires \u00e9trang\u00e8res dans une d\u00e9claration \u00e9crite. Le minist\u00e8re a appel\u00e9 l\u2019occupant sioniste \u00e0 \u00ab mettre imm\u00e9diatement fin \u00e0 ces actions inacceptables qui visent les civils palestiniens et qui pourraient conduire \u00e0 une spirale de violence \u00bb. Lundi, le secr\u00e9taire g\u00e9n\u00e9ral de l\u2019Organisation de lib\u00e9ration de la Palestine , Hussein al-Sheikh, a d\u00e9clar\u00e9 qu\u2019une guerre \u00ab f\u00e9roce et ouverte \u00bb \u00e9tait men\u00e9e contre le peuple palestinien par les forces sionistes.<\/p>\n\n\n\n<p>R.I.<\/p>\n","protected":false},"excerpt":{"rendered":"<p>Six Palestiniens sont tomb\u00e9s en martyrs et des dizaines d\u2019autres ont \u00e9t\u00e9 bless\u00e9s lundi lors de l\u2019agression men\u00e9e par les<\/p>\n","protected":false},"author":3,"featured_media":42898,"comment_status":"open","ping_status":"closed","sticky":false,"template":"","format":"standard","meta":{"colormag_page_container_layout":"default_layout","colormag_page_sidebar_layout":"default_layout","om_disable_all_campaigns":false,"_monsterinsights_skip_tracking":false,"_monsterinsights_sitenote_active":false,"_monsterinsights_sitenote_note":"","_monsterinsights_sitenote_category":0,"footnotes":"","_wpscppro_dont_share_socialmedia":false,"_wpscppro_custom_social_share_image":0,"_facebook_share_type":"","_twitter_share_type":"","_linkedin_share_type":"","_pinterest_share_type":"","_linkedin_share_type_page":"","_instagram_share_type":"","_medium_share_type":"","_threads_share_type":"","_google_business_share_type":"","_selected_social_profile":[],"_wpsp_enable_custom_social_template":false,"_wpsp_social_scheduling":{"enabled":false,"datetime":null,"platforms":[],"status":"template_only","dateOption":"today","timeOption":"now","customDays":"","customHours":"","customDate":"","customTime":"","schedulingType":"absolute"},"_wpsp_active_default_template":true},"categories":[37],"tags":[],"class_list":["post-42897","post","type-post","status-publish","format-standard","has-post-thumbnail","hentry","category-monde"],"aioseo_notices":[],"yoast_head":"<!-- This site is optimized with the Yoast SEO plugin v27.5 - https:\/\/yoast.com\/product\/yoast-seo-wordpress\/ -->\n<title>Agression sioniste \u00e0 J\u00e9nine: Six Palestiniens tombent en martyrs - La Sentinelle<\/title>\n<meta name=\"robots\" content=\"index, follow, max-snippet:-1, max-image-preview:large, max-video-preview:-1\" \/>\n<link rel=\"canonical\" href=\"https:\/\/lasentinelle.dz\/index.php\/2023\/06\/20\/agression-sioniste-a-jenine-six-palestiniens-tombent-en-martyrs\/\" \/>\n<meta property=\"og:locale\" content=\"fr_FR\" \/>\n<meta property=\"og:type\" content=\"article\" \/>\n<meta property=\"og:title\" content=\"Agression sioniste \u00e0 J\u00e9nine: Six Palestiniens tombent en martyrs - La Sentinelle\" \/>\n<meta property=\"og:description\" content=\"Six Palestiniens sont tomb\u00e9s en martyrs et des dizaines d\u2019autres ont \u00e9t\u00e9 bless\u00e9s lundi lors de l\u2019agression men\u00e9e par les\" \/>\n<meta property=\"og:url\" content=\"https:\/\/lasentinelle.dz\/index.php\/2023\/06\/20\/agression-sioniste-a-jenine-six-palestiniens-tombent-en-martyrs\/\" \/>\n<meta property=\"og:site_name\" content=\"La Sentinelle\" \/>\n<meta property=\"article:publisher\" content=\"https:\/\/www.facebook.com\/La-Sentinelle-104059864394773\" \/>\n<meta property=\"article:published_time\" content=\"2023-06-20T21:54:15+00:00\" \/>\n<meta property=\"article:modified_time\" content=\"2023-06-20T21:54:16+00:00\" \/>\n<meta property=\"og:image\" content=\"https:\/\/lasentinelle.dz\/wp-content\/uploads\/2023\/06\/jenine-scaled.jpeg\" \/>\n\t<meta property=\"og:image:width\" content=\"2560\" \/>\n\t<meta property=\"og:image:height\" content=\"1280\" \/>\n\t<meta property=\"og:image:type\" content=\"image\/jpeg\" \/>\n<meta name=\"author\" content=\"La Sentinelle\" \/>\n<meta name=\"twitter:card\" content=\"summary_large_image\" \/>\n<meta name=\"twitter:label1\" content=\"\u00c9crit par\" \/>\n\t<meta name=\"twitter:data1\" content=\"La Sentinelle\" \/>\n\t<meta name=\"twitter:label2\" content=\"Dur\u00e9e de lecture estim\u00e9e\" \/>\n\t<meta name=\"twitter:data2\" content=\"3 minutes\" \/>\n<script type=\"application\/ld+json\" class=\"yoast-schema-graph\">{\"@context\":\"https:\\\/\\\/schema.org\",\"@graph\":[{\"@type\":\"Article\",\"@id\":\"https:\\\/\\\/lasentinelle.dz\\\/index.php\\\/2023\\\/06\\\/20\\\/agression-sioniste-a-jenine-six-palestiniens-tombent-en-martyrs\\\/#article\",\"isPartOf\":{\"@id\":\"https:\\\/\\\/lasentinelle.dz\\\/index.php\\\/2023\\\/06\\\/20\\\/agression-sioniste-a-jenine-six-palestiniens-tombent-en-martyrs\\\/\"},\"author\":{\"name\":\"La Sentinelle\",\"@id\":\"https:\\\/\\\/lasentinelle.dz\\\/#\\\/schema\\\/person\\\/d865044e22e70a75174ce8bcad3acfb3\"},\"headline\":\"Agression sioniste \u00e0 J\u00e9nine: Six Palestiniens tombent en martyrs\",\"datePublished\":\"2023-06-20T21:54:15+00:00\",\"dateModified\":\"2023-06-20T21:54:16+00:00\",\"mainEntityOfPage\":{\"@id\":\"https:\\\/\\\/lasentinelle.dz\\\/index.php\\\/2023\\\/06\\\/20\\\/agression-sioniste-a-jenine-six-palestiniens-tombent-en-martyrs\\\/\"},\"wordCount\":538,\"commentCount\":0,\"publisher\":{\"@id\":\"https:\\\/\\\/lasentinelle.dz\\\/#organization\"},\"image\":{\"@id\":\"https:\\\/\\\/lasentinelle.dz\\\/index.php\\\/2023\\\/06\\\/20\\\/agression-sioniste-a-jenine-six-palestiniens-tombent-en-martyrs\\\/#primaryimage\"},\"thumbnailUrl\":\"https:\\\/\\\/lasentinelle.dz\\\/wp-content\\\/uploads\\\/2023\\\/06\\\/jenine-scaled.jpeg\",\"articleSection\":[\"Monde\"],\"inLanguage\":\"fr-FR\",\"potentialAction\":[{\"@type\":\"CommentAction\",\"name\":\"Comment\",\"target\":[\"https:\\\/\\\/lasentinelle.dz\\\/index.php\\\/2023\\\/06\\\/20\\\/agression-sioniste-a-jenine-six-palestiniens-tombent-en-martyrs\\\/#respond\"]}]},{\"@type\":\"WebPage\",\"@id\":\"https:\\\/\\\/lasentinelle.dz\\\/index.php\\\/2023\\\/06\\\/20\\\/agression-sioniste-a-jenine-six-palestiniens-tombent-en-martyrs\\\/\",\"url\":\"https:\\\/\\\/lasentinelle.dz\\\/index.php\\\/2023\\\/06\\\/20\\\/agression-sioniste-a-jenine-six-palestiniens-tombent-en-martyrs\\\/\",\"name\":\"Agression sioniste \u00e0 J\u00e9nine: Six Palestiniens tombent en martyrs - La Sentinelle\",\"isPartOf\":{\"@id\":\"https:\\\/\\\/lasentinelle.dz\\\/#website\"},\"primaryImageOfPage\":{\"@id\":\"https:\\\/\\\/lasentinelle.dz\\\/index.php\\\/2023\\\/06\\\/20\\\/agression-sioniste-a-jenine-six-palestiniens-tombent-en-martyrs\\\/#primaryimage\"},\"image\":{\"@id\":\"https:\\\/\\\/lasentinelle.dz\\\/index.php\\\/2023\\\/06\\\/20\\\/agression-sioniste-a-jenine-six-palestiniens-tombent-en-martyrs\\\/#primaryimage\"},\"thumbnailUrl\":\"https:\\\/\\\/lasentinelle.dz\\\/wp-content\\\/uploads\\\/2023\\\/06\\\/jenine-scaled.jpeg\",\"datePublished\":\"2023-06-20T21:54:15+00:00\",\"dateModified\":\"2023-06-20T21:54:16+00:00\",\"breadcrumb\":{\"@id\":\"https:\\\/\\\/lasentinelle.dz\\\/index.php\\\/2023\\\/06\\\/20\\\/agression-sioniste-a-jenine-six-palestiniens-tombent-en-martyrs\\\/#breadcrumb\"},\"inLanguage\":\"fr-FR\",\"potentialAction\":[{\"@type\":\"ReadAction\",\"target\":[\"https:\\\/\\\/lasentinelle.dz\\\/index.php\\\/2023\\\/06\\\/20\\\/agression-sioniste-a-jenine-six-palestiniens-tombent-en-martyrs\\\/\"]}]},{\"@type\":\"ImageObject\",\"inLanguage\":\"fr-FR\",\"@id\":\"https:\\\/\\\/lasentinelle.dz\\\/index.php\\\/2023\\\/06\\\/20\\\/agression-sioniste-a-jenine-six-palestiniens-tombent-en-martyrs\\\/#primaryimage\",\"url\":\"https:\\\/\\\/lasentinelle.dz\\\/wp-content\\\/uploads\\\/2023\\\/06\\\/jenine-scaled.jpeg\",\"contentUrl\":\"https:\\\/\\\/lasentinelle.dz\\\/wp-content\\\/uploads\\\/2023\\\/06\\\/jenine-scaled.jpeg\",\"width\":2560,\"height\":1280},{\"@type\":\"BreadcrumbList\",\"@id\":\"https:\\\/\\\/lasentinelle.dz\\\/index.php\\\/2023\\\/06\\\/20\\\/agression-sioniste-a-jenine-six-palestiniens-tombent-en-martyrs\\\/#breadcrumb\",\"itemListElement\":[{\"@type\":\"ListItem\",\"position\":1,\"name\":\"Accueil\",\"item\":\"https:\\\/\\\/lasentinelle.dz\\\/\"},{\"@type\":\"ListItem\",\"position\":2,\"name\":\"Agression sioniste \u00e0 J\u00e9nine: Six Palestiniens tombent en martyrs\"}]},{\"@type\":\"WebSite\",\"@id\":\"https:\\\/\\\/lasentinelle.dz\\\/#website\",\"url\":\"https:\\\/\\\/lasentinelle.dz\\\/\",\"name\":\"La Sentinelle\",\"description\":\"Quotidien national d&#039;information\",\"publisher\":{\"@id\":\"https:\\\/\\\/lasentinelle.dz\\\/#organization\"},\"potentialAction\":[{\"@type\":\"SearchAction\",\"target\":{\"@type\":\"EntryPoint\",\"urlTemplate\":\"https:\\\/\\\/lasentinelle.dz\\\/?s={search_term_string}\"},\"query-input\":{\"@type\":\"PropertyValueSpecification\",\"valueRequired\":true,\"valueName\":\"search_term_string\"}}],\"inLanguage\":\"fr-FR\"},{\"@type\":\"Organization\",\"@id\":\"https:\\\/\\\/lasentinelle.dz\\\/#organization\",\"name\":\"Quotidien La Sentinelle\",\"url\":\"https:\\\/\\\/lasentinelle.dz\\\/\",\"logo\":{\"@type\":\"ImageObject\",\"inLanguage\":\"fr-FR\",\"@id\":\"https:\\\/\\\/lasentinelle.dz\\\/#\\\/schema\\\/logo\\\/image\\\/\",\"url\":\"https:\\\/\\\/lasentinelle.dz\\\/wp-content\\\/uploads\\\/2021\\\/09\\\/logo-sentinelleSLOGAN-1.png\",\"contentUrl\":\"https:\\\/\\\/lasentinelle.dz\\\/wp-content\\\/uploads\\\/2021\\\/09\\\/logo-sentinelleSLOGAN-1.png\",\"width\":615,\"height\":142,\"caption\":\"Quotidien La Sentinelle\"},\"image\":{\"@id\":\"https:\\\/\\\/lasentinelle.dz\\\/#\\\/schema\\\/logo\\\/image\\\/\"},\"sameAs\":[\"https:\\\/\\\/www.facebook.com\\\/La-Sentinelle-104059864394773\"]},{\"@type\":\"Person\",\"@id\":\"https:\\\/\\\/lasentinelle.dz\\\/#\\\/schema\\\/person\\\/d865044e22e70a75174ce8bcad3acfb3\",\"name\":\"La Sentinelle\",\"image\":{\"@type\":\"ImageObject\",\"inLanguage\":\"fr-FR\",\"@id\":\"https:\\\/\\\/secure.gravatar.com\\\/avatar\\\/57de8e5d4b15d43fb361a71fbb36338450fe67865b528a43dd10ef7c51a20392?s=96&d=mm&r=g\",\"url\":\"https:\\\/\\\/secure.gravatar.com\\\/avatar\\\/57de8e5d4b15d43fb361a71fbb36338450fe67865b528a43dd10ef7c51a20392?s=96&d=mm&r=g\",\"contentUrl\":\"https:\\\/\\\/secure.gravatar.com\\\/avatar\\\/57de8e5d4b15d43fb361a71fbb36338450fe67865b528a43dd10ef7c51a20392?s=96&d=mm&r=g\",\"caption\":\"La Sentinelle\"},\"sameAs\":[\"http:\\\/\\\/www.lasentinelle.dz\"],\"url\":\"https:\\\/\\\/lasentinelle.dz\\\/author\\\/redaction\\\/\"}]}<\/script>\n<!-- \/ Yoast SEO plugin. -->","yoast_head_json":{"title":"Agression sioniste \u00e0 J\u00e9nine: Six Palestiniens tombent en martyrs - La Sentinelle","robots":{"index":"index","follow":"follow","max-snippet":"max-snippet:-1","max-image-preview":"max-image-preview:large","max-video-preview":"max-video-preview:-1"},"canonical":"https:\/\/lasentinelle.dz\/index.php\/2023\/06\/20\/agression-sioniste-a-jenine-six-palestiniens-tombent-en-martyrs\/","og_locale":"fr_FR","og_type":"article","og_title":"Agression sioniste \u00e0 J\u00e9nine: Six Palestiniens tombent en martyrs - La Sentinelle","og_description":"Six Palestiniens sont tomb\u00e9s en martyrs et des dizaines d\u2019autres ont \u00e9t\u00e9 bless\u00e9s lundi lors de l\u2019agression men\u00e9e par les","og_url":"https:\/\/lasentinelle.dz\/index.php\/2023\/06\/20\/agression-sioniste-a-jenine-six-palestiniens-tombent-en-martyrs\/","og_site_name":"La Sentinelle","article_publisher":"https:\/\/www.facebook.com\/La-Sentinelle-104059864394773","article_published_time":"2023-06-20T21:54:15+00:00","article_modified_time":"2023-06-20T21:54:16+00:00","og_image":[{"width":2560,"height":1280,"url":"https:\/\/lasentinelle.dz\/wp-content\/uploads\/2023\/06\/jenine-scaled.jpeg","type":"image\/jpeg"}],"author":"La Sentinelle","twitter_card":"summary_large_image","twitter_misc":{"\u00c9crit par":"La Sentinelle","Dur\u00e9e de lecture estim\u00e9e":"3 minutes"},"schema":{"@context":"https:\/\/schema.org","@graph":[{"@type":"Article","@id":"https:\/\/lasentinelle.dz\/index.php\/2023\/06\/20\/agression-sioniste-a-jenine-six-palestiniens-tombent-en-martyrs\/#article","isPartOf":{"@id":"https:\/\/lasentinelle.dz\/index.php\/2023\/06\/20\/agression-sioniste-a-jenine-six-palestiniens-tombent-en-martyrs\/"},"author":{"name":"La Sentinelle","@id":"https:\/\/lasentinelle.dz\/#\/schema\/person\/d865044e22e70a75174ce8bcad3acfb3"},"headline":"Agression sioniste \u00e0 J\u00e9nine: Six Palestiniens tombent en martyrs","datePublished":"2023-06-20T21:54:15+00:00","dateModified":"2023-06-20T21:54:16+00:00","mainEntityOfPage":{"@id":"https:\/\/lasentinelle.dz\/index.php\/2023\/06\/20\/agression-sioniste-a-jenine-six-palestiniens-tombent-en-martyrs\/"},"wordCount":538,"commentCount":0,"publisher":{"@id":"https:\/\/lasentinelle.dz\/#organization"},"image":{"@id":"https:\/\/lasentinelle.dz\/index.php\/2023\/06\/20\/agression-sioniste-a-jenine-six-palestiniens-tombent-en-martyrs\/#primaryimage"},"thumbnailUrl":"https:\/\/lasentinelle.dz\/wp-content\/uploads\/2023\/06\/jenine-scaled.jpeg","articleSection":["Monde"],"inLanguage":"fr-FR","potentialAction":[{"@type":"CommentAction","name":"Comment","target":["https:\/\/lasentinelle.dz\/index.php\/2023\/06\/20\/agression-sioniste-a-jenine-six-palestiniens-tombent-en-martyrs\/#respond"]}]},{"@type":"WebPage","@id":"https:\/\/lasentinelle.dz\/index.php\/2023\/06\/20\/agression-sioniste-a-jenine-six-palestiniens-tombent-en-martyrs\/","url":"https:\/\/lasentinelle.dz\/index.php\/2023\/06\/20\/agression-sioniste-a-jenine-six-palestiniens-tombent-en-martyrs\/","name":"Agression sioniste \u00e0 J\u00e9nine: Six Palestiniens tombent en martyrs - La Sentinelle","isPartOf":{"@id":"https:\/\/lasentinelle.dz\/#website"},"primaryImageOfPage":{"@id":"https:\/\/lasentinelle.dz\/index.php\/2023\/06\/20\/agression-sioniste-a-jenine-six-palestiniens-tombent-en-martyrs\/#primaryimage"},"image":{"@id":"https:\/\/lasentinelle.dz\/index.php\/2023\/06\/20\/agression-sioniste-a-jenine-six-palestiniens-tombent-en-martyrs\/#primaryimage"},"thumbnailUrl":"https:\/\/lasentinelle.dz\/wp-content\/uploads\/2023\/06\/jenine-scaled.jpeg","datePublished":"2023-06-20T21:54:15+00:00","dateModified":"2023-06-20T21:54:16+00:00","breadcrumb":{"@id":"https:\/\/lasentinelle.dz\/index.php\/2023\/06\/20\/agression-sioniste-a-jenine-six-palestiniens-tombent-en-martyrs\/#breadcrumb"},"inLanguage":"fr-FR","potentialAction":[{"@type":"ReadAction","target":["https:\/\/lasentinelle.dz\/index.php\/2023\/06\/20\/agression-sioniste-a-jenine-six-palestiniens-tombent-en-martyrs\/"]}]},{"@type":"ImageObject","inLanguage":"fr-FR","@id":"https:\/\/lasentinelle.dz\/index.php\/2023\/06\/20\/agression-sioniste-a-jenine-six-palestiniens-tombent-en-martyrs\/#primaryimage","url":"https:\/\/lasentinelle.dz\/wp-content\/uploads\/2023\/06\/jenine-scaled.jpeg","contentUrl":"https:\/\/lasentinelle.dz\/wp-content\/uploads\/2023\/06\/jenine-scaled.jpeg","width":2560,"height":1280},{"@type":"BreadcrumbList","@id":"https:\/\/lasentinelle.dz\/index.php\/2023\/06\/20\/agression-sioniste-a-jenine-six-palestiniens-tombent-en-martyrs\/#breadcrumb","itemListElement":[{"@type":"ListItem","position":1,"name":"Accueil","item":"https:\/\/lasentinelle.dz\/"},{"@type":"ListItem","position":2,"name":"Agression sioniste \u00e0 J\u00e9nine: Six Palestiniens tombent en martyrs"}]},{"@type":"WebSite","@id":"https:\/\/lasentinelle.dz\/#website","url":"https:\/\/lasentinelle.dz\/","name":"La Sentinelle","description":"Quotidien national d&#039;information","publisher":{"@id":"https:\/\/lasentinelle.dz\/#organization"},"potentialAction":[{"@type":"SearchAction","target":{"@type":"EntryPoint","urlTemplate":"https:\/\/lasentinelle.dz\/?s={search_term_string}"},"query-input":{"@type":"PropertyValueSpecification","valueRequired":true,"valueName":"search_term_string"}}],"inLanguage":"fr-FR"},{"@type":"Organization","@id":"https:\/\/lasentinelle.dz\/#organization","name":"Quotidien La Sentinelle","url":"https:\/\/lasentinelle.dz\/","logo":{"@type":"ImageObject","inLanguage":"fr-FR","@id":"https:\/\/lasentinelle.dz\/#\/schema\/logo\/image\/","url":"https:\/\/lasentinelle.dz\/wp-content\/uploads\/2021\/09\/logo-sentinelleSLOGAN-1.png","contentUrl":"https:\/\/lasentinelle.dz\/wp-content\/uploads\/2021\/09\/logo-sentinelleSLOGAN-1.png","width":615,"height":142,"caption":"Quotidien La Sentinelle"},"image":{"@id":"https:\/\/lasentinelle.dz\/#\/schema\/logo\/image\/"},"sameAs":["https:\/\/www.facebook.com\/La-Sentinelle-104059864394773"]},{"@type":"Person","@id":"https:\/\/lasentinelle.dz\/#\/schema\/person\/d865044e22e70a75174ce8bcad3acfb3","name":"La Sentinelle","image":{"@type":"ImageObject","inLanguage":"fr-FR","@id":"https:\/\/secure.gravatar.com\/avatar\/57de8e5d4b15d43fb361a71fbb36338450fe67865b528a43dd10ef7c51a20392?s=96&d=mm&r=g","url":"https:\/\/secure.gravatar.com\/avatar\/57de8e5d4b15d43fb361a71fbb36338450fe67865b528a43dd10ef7c51a20392?s=96&d=mm&r=g","contentUrl":"https:\/\/secure.gravatar.com\/avatar\/57de8e5d4b15d43fb361a71fbb36338450fe67865b528a43dd10ef7c51a20392?s=96&d=mm&r=g","caption":"La Sentinelle"},"sameAs":["http:\/\/www.lasentinelle.dz"],"url":"https:\/\/lasentinelle.dz\/author\/redaction\/"}]}},"_links":{"self":[{"href":"https:\/\/lasentinelle.dz\/index.php\/wp-json\/wp\/v2\/posts\/42897","targetHints":{"allow":["GET"]}}],"collection":[{"href":"https:\/\/lasentinelle.dz\/index.php\/wp-json\/wp\/v2\/posts"}],"about":[{"href":"https:\/\/lasentinelle.dz\/index.php\/wp-json\/wp\/v2\/types\/post"}],"author":[{"embeddable":true,"href":"https:\/\/lasentinelle.dz\/index.php\/wp-json\/wp\/v2\/users\/3"}],"replies":[{"embeddable":true,"href":"https:\/\/lasentinelle.dz\/index.php\/wp-json\/wp\/v2\/comments?post=42897"}],"version-history":[{"count":1,"href":"https:\/\/lasentinelle.dz\/index.php\/wp-json\/wp\/v2\/posts\/42897\/revisions"}],"predecessor-version":[{"id":42899,"href":"https:\/\/lasentinelle.dz\/index.php\/wp-json\/wp\/v2\/posts\/42897\/revisions\/42899"}],"wp:featuredmedia":[{"embeddable":true,"href":"https:\/\/lasentinelle.dz\/index.php\/wp-json\/wp\/v2\/media\/42898"}],"wp:attachment":[{"href":"https:\/\/lasentinelle.dz\/index.php\/wp-json\/wp\/v2\/media?parent=42897"}],"wp:term":[{"taxonomy":"category","embeddable":true,"href":"https:\/\/lasentinelle.dz\/index.php\/wp-json\/wp\/v2\/categories?post=42897"},{"taxonomy":"post_tag","embeddable":true,"href":"https:\/\/lasentinelle.dz\/index.php\/wp-json\/wp\/v2\/tags?post=42897"}],"curies":[{"name":"wp","href":"https:\/\/api.w.org\/{rel}","templated":true}]}}