{"id":42900,"date":"2023-06-20T22:55:20","date_gmt":"2023-06-20T21:55:20","guid":{"rendered":"https:\/\/lasentinelle.dz\/?p=42900"},"modified":"2023-06-20T22:55:23","modified_gmt":"2023-06-20T21:55:23","slug":"libye-bathily-appelle-a-surmonter-les-desaccords-persistants","status":"publish","type":"post","link":"https:\/\/lasentinelle.dz\/index.php\/2023\/06\/20\/libye-bathily-appelle-a-surmonter-les-desaccords-persistants\/","title":{"rendered":"Libye : Bathily appelle \u00e0 \u00ab surmonter les d\u00e9saccords persistants \u00bb"},"content":{"rendered":"\n<p><\/p>\n\n\n\n<p>L\u2019\u00e9missaire de l\u2019ONU en Libye, Abdoulaye Bathily, a appel\u00e9 , lundi, devant le Conseil de s\u00e9curit\u00e9 de l\u2019ONU, lors d\u2019un session consacr\u00e9e \u00e0 la crise qui secoue ce pays depuis plus d\u2019une d\u00e9cennie \u00e0 des mesures pour surmonter \u00ab les d\u00e9saccords persistants \u00bb entre les parties du conflit pour organiser des \u00e9lections et d\u00e9passer la crise. Il a appel\u00e9 dans ce sens \u00e0 une solution libo-libyenne<\/p>\n\n\n\n<p>Abdoulaye Bathily a d\u00e9clar\u00e9 que \u00ab les crit\u00e8res d\u2019\u00e9ligibilit\u00e9 aux \u00e9lections pr\u00e9sidentielles, le lien entre les \u00e9lections pr\u00e9sidentielles et parlementaires et la question de la formation d\u2019un nouveau gouvernement unifi\u00e9 sont tr\u00e8s controvers\u00e9s et n\u00e9cessitent, avant tout, un accord politique entre les principales parties prenantes et les principales circonscriptions de l\u2019\u00e9ventail politique libyen. Faute de quoi, les dispositions l\u00e9gislatives connexes resteraient s\u00fbrement inapplicables et pourraient m\u00eame d\u00e9clencher une nouvelle crise \u00bb. Pour \u00e9viter cela, il est \u00ab crucial \u00bb, d\u2019apr\u00e8s lui, que \u00ab des mesures soient prises pour surmonter les d\u00e9saccords persistants sur ces questions de longue date \u00bb. \u00ab Les principaux d\u00e9cideurs libyens doivent, dans un esprit de compromis, faire passer l\u2019int\u00e9r\u00eat sup\u00e9rieur du peuple libyen avant tout et parvenir \u00e0 un accord politique sur ces questions. J\u2019appelle donc ce Conseil \u00e0 accro\u00eetre la pression sur les acteurs concern\u00e9s et \u00e0 utiliser votre influence collective et individuelle pour veiller \u00e0 ce qu\u2019ils fassent preuve de la volont\u00e9 politique requise pour mener leur pays \u00e0 des \u00e9lections r\u00e9ussies \u00bb, a poursuivi le diplomate.<\/p>\n\n\n\n<p>&nbsp;Dans ce contexte, il a r\u00e9it\u00e9r\u00e9 son message constant pour la Libye : \u00ab Des \u00e9lections r\u00e9ussies n\u00e9cessitent non seulement un cadre juridique, mais \u00e9galement un accord politique qui garantit l\u2019adh\u00e9sion et l\u2019inclusion de toutes les principales parties prenantes \u00bb.<\/p>\n\n\n\n<p>\u00ab Le statu quo prolong\u00e9 est pr\u00e9judiciable aux int\u00e9r\u00eats du peuple libyen. C\u2019est un d\u00e9sastre pour la Libye et ses voisins. Il est imp\u00e9ratif que votre engagement envers le mandat que vous avez confi\u00e9 \u00e0 la MANUL (Mission d\u2019appui des Nations unies en Libye) se traduise par une pression accrue et cibl\u00e9e sur les acteurs, parlant v\u00e9ritablement d\u2019une seule voix et agissant en cons\u00e9quence pour \u00e9liminer les perturbateurs du processus vers le r\u00e9tablissement complet de la Libye \u00bb, a-t-il dit. \u00ab D\u2019ici mon prochain expos\u00e9 au Conseil, j\u2019ai l\u2019intention d\u2019intensifier les n\u00e9gociations et de convoquer les principales parties prenantes ou leurs repr\u00e9sentants de confiance pour parvenir \u00e0 un r\u00e8glement d\u00e9finitif sur les questions les plus litigieuses, rendre les projets de loi applicables et permettre des \u00e9lections r\u00e9ussies avec un accord politique inclusif \u00bb, a-t-il fait savoir. Par la m\u00eame occasion, il a r\u00e9it\u00e9r\u00e9 les appels au principe d\u2019une solution libo-libyenne comme base de tout instrument efficace pour une paix et une stabilit\u00e9 durables.<\/p>\n\n\n\n<p>R.I.<\/p>\n","protected":false},"excerpt":{"rendered":"<p>L\u2019\u00e9missaire de l\u2019ONU en Libye, Abdoulaye Bathily, a appel\u00e9 , lundi, devant le Conseil de s\u00e9curit\u00e9 de l\u2019ONU, lors d\u2019un<\/p>\n","protected":false},"author":3,"featured_media":42901,"comment_status":"open","ping_status":"closed","sticky":false,"template":"","format":"standard","meta":{"colormag_page_container_layout":"default_layout","colormag_page_sidebar_layout":"default_layout","om_disable_all_campaigns":false,"_monsterinsights_skip_tracking":false,"_monsterinsights_sitenote_active":false,"_monsterinsights_sitenote_note":"","_monsterinsights_sitenote_category":0,"footnotes":"","_wpscppro_dont_share_socialmedia":false,"_wpscppro_custom_social_share_image":0,"_facebook_share_type":"","_twitter_share_type":"","_linkedin_share_type":"","_pinterest_share_type":"","_linkedin_share_type_page":"","_instagram_share_type":"","_medium_share_type":"","_threads_share_type":"","_google_business_share_type":"","_selected_social_profile":[],"_wpsp_enable_custom_social_template":false,"_wpsp_social_scheduling":{"enabled":false,"datetime":null,"platforms":[],"status":"template_only","dateOption":"today","timeOption":"now","customDays":"","customHours":"","customDate":"","customTime":"","schedulingType":"absolute"},"_wpsp_active_default_template":true},"categories":[37],"tags":[],"class_list":["post-42900","post","type-post","status-publish","format-standard","has-post-thumbnail","hentry","category-monde"],"aioseo_notices":[],"yoast_head":"<!-- This site is optimized with the Yoast SEO plugin v27.5 - https:\/\/yoast.com\/product\/yoast-seo-wordpress\/ -->\n<title>Libye : Bathily appelle \u00e0 \u00ab surmonter les d\u00e9saccords persistants \u00bb - La Sentinelle<\/title>\n<meta name=\"robots\" content=\"index, follow, max-snippet:-1, max-image-preview:large, max-video-preview:-1\" \/>\n<link rel=\"canonical\" href=\"https:\/\/lasentinelle.dz\/index.php\/2023\/06\/20\/libye-bathily-appelle-a-surmonter-les-desaccords-persistants\/\" \/>\n<meta property=\"og:locale\" content=\"fr_FR\" \/>\n<meta property=\"og:type\" content=\"article\" \/>\n<meta property=\"og:title\" content=\"Libye : Bathily appelle \u00e0 \u00ab surmonter les d\u00e9saccords persistants \u00bb - La Sentinelle\" \/>\n<meta property=\"og:description\" content=\"L\u2019\u00e9missaire de l\u2019ONU en Libye, Abdoulaye Bathily, a appel\u00e9 , lundi, devant le Conseil de s\u00e9curit\u00e9 de l\u2019ONU, lors d\u2019un\" \/>\n<meta property=\"og:url\" content=\"https:\/\/lasentinelle.dz\/index.php\/2023\/06\/20\/libye-bathily-appelle-a-surmonter-les-desaccords-persistants\/\" \/>\n<meta property=\"og:site_name\" content=\"La Sentinelle\" \/>\n<meta property=\"article:publisher\" content=\"https:\/\/www.facebook.com\/La-Sentinelle-104059864394773\" \/>\n<meta property=\"article:published_time\" content=\"2023-06-20T21:55:20+00:00\" \/>\n<meta property=\"article:modified_time\" content=\"2023-06-20T21:55:23+00:00\" \/>\n<meta property=\"og:image\" content=\"https:\/\/lasentinelle.dz\/wp-content\/uploads\/2023\/06\/Bathily.jpeg\" \/>\n\t<meta property=\"og:image:width\" content=\"580\" \/>\n\t<meta property=\"og:image:height\" content=\"326\" \/>\n\t<meta property=\"og:image:type\" content=\"image\/jpeg\" \/>\n<meta name=\"author\" content=\"La Sentinelle\" \/>\n<meta name=\"twitter:card\" content=\"summary_large_image\" \/>\n<meta name=\"twitter:label1\" content=\"\u00c9crit par\" \/>\n\t<meta name=\"twitter:data1\" content=\"La Sentinelle\" \/>\n\t<meta name=\"twitter:label2\" content=\"Dur\u00e9e de lecture estim\u00e9e\" \/>\n\t<meta name=\"twitter:data2\" content=\"3 minutes\" \/>\n<script type=\"application\/ld+json\" class=\"yoast-schema-graph\">{\"@context\":\"https:\\\/\\\/schema.org\",\"@graph\":[{\"@type\":\"Article\",\"@id\":\"https:\\\/\\\/lasentinelle.dz\\\/index.php\\\/2023\\\/06\\\/20\\\/libye-bathily-appelle-a-surmonter-les-desaccords-persistants\\\/#article\",\"isPartOf\":{\"@id\":\"https:\\\/\\\/lasentinelle.dz\\\/index.php\\\/2023\\\/06\\\/20\\\/libye-bathily-appelle-a-surmonter-les-desaccords-persistants\\\/\"},\"author\":{\"name\":\"La Sentinelle\",\"@id\":\"https:\\\/\\\/lasentinelle.dz\\\/#\\\/schema\\\/person\\\/d865044e22e70a75174ce8bcad3acfb3\"},\"headline\":\"Libye : Bathily appelle \u00e0 \u00ab surmonter les d\u00e9saccords persistants \u00bb\",\"datePublished\":\"2023-06-20T21:55:20+00:00\",\"dateModified\":\"2023-06-20T21:55:23+00:00\",\"mainEntityOfPage\":{\"@id\":\"https:\\\/\\\/lasentinelle.dz\\\/index.php\\\/2023\\\/06\\\/20\\\/libye-bathily-appelle-a-surmonter-les-desaccords-persistants\\\/\"},\"wordCount\":494,\"commentCount\":0,\"publisher\":{\"@id\":\"https:\\\/\\\/lasentinelle.dz\\\/#organization\"},\"image\":{\"@id\":\"https:\\\/\\\/lasentinelle.dz\\\/index.php\\\/2023\\\/06\\\/20\\\/libye-bathily-appelle-a-surmonter-les-desaccords-persistants\\\/#primaryimage\"},\"thumbnailUrl\":\"https:\\\/\\\/lasentinelle.dz\\\/wp-content\\\/uploads\\\/2023\\\/06\\\/Bathily.jpeg\",\"articleSection\":[\"Monde\"],\"inLanguage\":\"fr-FR\",\"potentialAction\":[{\"@type\":\"CommentAction\",\"name\":\"Comment\",\"target\":[\"https:\\\/\\\/lasentinelle.dz\\\/index.php\\\/2023\\\/06\\\/20\\\/libye-bathily-appelle-a-surmonter-les-desaccords-persistants\\\/#respond\"]}]},{\"@type\":\"WebPage\",\"@id\":\"https:\\\/\\\/lasentinelle.dz\\\/index.php\\\/2023\\\/06\\\/20\\\/libye-bathily-appelle-a-surmonter-les-desaccords-persistants\\\/\",\"url\":\"https:\\\/\\\/lasentinelle.dz\\\/index.php\\\/2023\\\/06\\\/20\\\/libye-bathily-appelle-a-surmonter-les-desaccords-persistants\\\/\",\"name\":\"Libye : Bathily appelle \u00e0 \u00ab surmonter les d\u00e9saccords persistants \u00bb - La Sentinelle\",\"isPartOf\":{\"@id\":\"https:\\\/\\\/lasentinelle.dz\\\/#website\"},\"primaryImageOfPage\":{\"@id\":\"https:\\\/\\\/lasentinelle.dz\\\/index.php\\\/2023\\\/06\\\/20\\\/libye-bathily-appelle-a-surmonter-les-desaccords-persistants\\\/#primaryimage\"},\"image\":{\"@id\":\"https:\\\/\\\/lasentinelle.dz\\\/index.php\\\/2023\\\/06\\\/20\\\/libye-bathily-appelle-a-surmonter-les-desaccords-persistants\\\/#primaryimage\"},\"thumbnailUrl\":\"https:\\\/\\\/lasentinelle.dz\\\/wp-content\\\/uploads\\\/2023\\\/06\\\/Bathily.jpeg\",\"datePublished\":\"2023-06-20T21:55:20+00:00\",\"dateModified\":\"2023-06-20T21:55:23+00:00\",\"breadcrumb\":{\"@id\":\"https:\\\/\\\/lasentinelle.dz\\\/index.php\\\/2023\\\/06\\\/20\\\/libye-bathily-appelle-a-surmonter-les-desaccords-persistants\\\/#breadcrumb\"},\"inLanguage\":\"fr-FR\",\"potentialAction\":[{\"@type\":\"ReadAction\",\"target\":[\"https:\\\/\\\/lasentinelle.dz\\\/index.php\\\/2023\\\/06\\\/20\\\/libye-bathily-appelle-a-surmonter-les-desaccords-persistants\\\/\"]}]},{\"@type\":\"ImageObject\",\"inLanguage\":\"fr-FR\",\"@id\":\"https:\\\/\\\/lasentinelle.dz\\\/index.php\\\/2023\\\/06\\\/20\\\/libye-bathily-appelle-a-surmonter-les-desaccords-persistants\\\/#primaryimage\",\"url\":\"https:\\\/\\\/lasentinelle.dz\\\/wp-content\\\/uploads\\\/2023\\\/06\\\/Bathily.jpeg\",\"contentUrl\":\"https:\\\/\\\/lasentinelle.dz\\\/wp-content\\\/uploads\\\/2023\\\/06\\\/Bathily.jpeg\",\"width\":580,\"height\":326},{\"@type\":\"BreadcrumbList\",\"@id\":\"https:\\\/\\\/lasentinelle.dz\\\/index.php\\\/2023\\\/06\\\/20\\\/libye-bathily-appelle-a-surmonter-les-desaccords-persistants\\\/#breadcrumb\",\"itemListElement\":[{\"@type\":\"ListItem\",\"position\":1,\"name\":\"Accueil\",\"item\":\"https:\\\/\\\/lasentinelle.dz\\\/\"},{\"@type\":\"ListItem\",\"position\":2,\"name\":\"Libye : Bathily appelle \u00e0 \u00ab surmonter les d\u00e9saccords persistants \u00bb\"}]},{\"@type\":\"WebSite\",\"@id\":\"https:\\\/\\\/lasentinelle.dz\\\/#website\",\"url\":\"https:\\\/\\\/lasentinelle.dz\\\/\",\"name\":\"La Sentinelle\",\"description\":\"Quotidien national d&#039;information\",\"publisher\":{\"@id\":\"https:\\\/\\\/lasentinelle.dz\\\/#organization\"},\"potentialAction\":[{\"@type\":\"SearchAction\",\"target\":{\"@type\":\"EntryPoint\",\"urlTemplate\":\"https:\\\/\\\/lasentinelle.dz\\\/?s={search_term_string}\"},\"query-input\":{\"@type\":\"PropertyValueSpecification\",\"valueRequired\":true,\"valueName\":\"search_term_string\"}}],\"inLanguage\":\"fr-FR\"},{\"@type\":\"Organization\",\"@id\":\"https:\\\/\\\/lasentinelle.dz\\\/#organization\",\"name\":\"Quotidien La Sentinelle\",\"url\":\"https:\\\/\\\/lasentinelle.dz\\\/\",\"logo\":{\"@type\":\"ImageObject\",\"inLanguage\":\"fr-FR\",\"@id\":\"https:\\\/\\\/lasentinelle.dz\\\/#\\\/schema\\\/logo\\\/image\\\/\",\"url\":\"https:\\\/\\\/lasentinelle.dz\\\/wp-content\\\/uploads\\\/2021\\\/09\\\/logo-sentinelleSLOGAN-1.png\",\"contentUrl\":\"https:\\\/\\\/lasentinelle.dz\\\/wp-content\\\/uploads\\\/2021\\\/09\\\/logo-sentinelleSLOGAN-1.png\",\"width\":615,\"height\":142,\"caption\":\"Quotidien La Sentinelle\"},\"image\":{\"@id\":\"https:\\\/\\\/lasentinelle.dz\\\/#\\\/schema\\\/logo\\\/image\\\/\"},\"sameAs\":[\"https:\\\/\\\/www.facebook.com\\\/La-Sentinelle-104059864394773\"]},{\"@type\":\"Person\",\"@id\":\"https:\\\/\\\/lasentinelle.dz\\\/#\\\/schema\\\/person\\\/d865044e22e70a75174ce8bcad3acfb3\",\"name\":\"La Sentinelle\",\"image\":{\"@type\":\"ImageObject\",\"inLanguage\":\"fr-FR\",\"@id\":\"https:\\\/\\\/secure.gravatar.com\\\/avatar\\\/57de8e5d4b15d43fb361a71fbb36338450fe67865b528a43dd10ef7c51a20392?s=96&d=mm&r=g\",\"url\":\"https:\\\/\\\/secure.gravatar.com\\\/avatar\\\/57de8e5d4b15d43fb361a71fbb36338450fe67865b528a43dd10ef7c51a20392?s=96&d=mm&r=g\",\"contentUrl\":\"https:\\\/\\\/secure.gravatar.com\\\/avatar\\\/57de8e5d4b15d43fb361a71fbb36338450fe67865b528a43dd10ef7c51a20392?s=96&d=mm&r=g\",\"caption\":\"La Sentinelle\"},\"sameAs\":[\"http:\\\/\\\/www.lasentinelle.dz\"],\"url\":\"https:\\\/\\\/lasentinelle.dz\\\/author\\\/redaction\\\/\"}]}<\/script>\n<!-- \/ Yoast SEO plugin. -->","yoast_head_json":{"title":"Libye : Bathily appelle \u00e0 \u00ab surmonter les d\u00e9saccords persistants \u00bb - La Sentinelle","robots":{"index":"index","follow":"follow","max-snippet":"max-snippet:-1","max-image-preview":"max-image-preview:large","max-video-preview":"max-video-preview:-1"},"canonical":"https:\/\/lasentinelle.dz\/index.php\/2023\/06\/20\/libye-bathily-appelle-a-surmonter-les-desaccords-persistants\/","og_locale":"fr_FR","og_type":"article","og_title":"Libye : Bathily appelle \u00e0 \u00ab surmonter les d\u00e9saccords persistants \u00bb - La Sentinelle","og_description":"L\u2019\u00e9missaire de l\u2019ONU en Libye, Abdoulaye Bathily, a appel\u00e9 , lundi, devant le Conseil de s\u00e9curit\u00e9 de l\u2019ONU, lors d\u2019un","og_url":"https:\/\/lasentinelle.dz\/index.php\/2023\/06\/20\/libye-bathily-appelle-a-surmonter-les-desaccords-persistants\/","og_site_name":"La Sentinelle","article_publisher":"https:\/\/www.facebook.com\/La-Sentinelle-104059864394773","article_published_time":"2023-06-20T21:55:20+00:00","article_modified_time":"2023-06-20T21:55:23+00:00","og_image":[{"width":580,"height":326,"url":"https:\/\/lasentinelle.dz\/wp-content\/uploads\/2023\/06\/Bathily.jpeg","type":"image\/jpeg"}],"author":"La Sentinelle","twitter_card":"summary_large_image","twitter_misc":{"\u00c9crit par":"La Sentinelle","Dur\u00e9e de lecture estim\u00e9e":"3 minutes"},"schema":{"@context":"https:\/\/schema.org","@graph":[{"@type":"Article","@id":"https:\/\/lasentinelle.dz\/index.php\/2023\/06\/20\/libye-bathily-appelle-a-surmonter-les-desaccords-persistants\/#article","isPartOf":{"@id":"https:\/\/lasentinelle.dz\/index.php\/2023\/06\/20\/libye-bathily-appelle-a-surmonter-les-desaccords-persistants\/"},"author":{"name":"La Sentinelle","@id":"https:\/\/lasentinelle.dz\/#\/schema\/person\/d865044e22e70a75174ce8bcad3acfb3"},"headline":"Libye : Bathily appelle \u00e0 \u00ab surmonter les d\u00e9saccords persistants \u00bb","datePublished":"2023-06-20T21:55:20+00:00","dateModified":"2023-06-20T21:55:23+00:00","mainEntityOfPage":{"@id":"https:\/\/lasentinelle.dz\/index.php\/2023\/06\/20\/libye-bathily-appelle-a-surmonter-les-desaccords-persistants\/"},"wordCount":494,"commentCount":0,"publisher":{"@id":"https:\/\/lasentinelle.dz\/#organization"},"image":{"@id":"https:\/\/lasentinelle.dz\/index.php\/2023\/06\/20\/libye-bathily-appelle-a-surmonter-les-desaccords-persistants\/#primaryimage"},"thumbnailUrl":"https:\/\/lasentinelle.dz\/wp-content\/uploads\/2023\/06\/Bathily.jpeg","articleSection":["Monde"],"inLanguage":"fr-FR","potentialAction":[{"@type":"CommentAction","name":"Comment","target":["https:\/\/lasentinelle.dz\/index.php\/2023\/06\/20\/libye-bathily-appelle-a-surmonter-les-desaccords-persistants\/#respond"]}]},{"@type":"WebPage","@id":"https:\/\/lasentinelle.dz\/index.php\/2023\/06\/20\/libye-bathily-appelle-a-surmonter-les-desaccords-persistants\/","url":"https:\/\/lasentinelle.dz\/index.php\/2023\/06\/20\/libye-bathily-appelle-a-surmonter-les-desaccords-persistants\/","name":"Libye : Bathily appelle \u00e0 \u00ab surmonter les d\u00e9saccords persistants \u00bb - La Sentinelle","isPartOf":{"@id":"https:\/\/lasentinelle.dz\/#website"},"primaryImageOfPage":{"@id":"https:\/\/lasentinelle.dz\/index.php\/2023\/06\/20\/libye-bathily-appelle-a-surmonter-les-desaccords-persistants\/#primaryimage"},"image":{"@id":"https:\/\/lasentinelle.dz\/index.php\/2023\/06\/20\/libye-bathily-appelle-a-surmonter-les-desaccords-persistants\/#primaryimage"},"thumbnailUrl":"https:\/\/lasentinelle.dz\/wp-content\/uploads\/2023\/06\/Bathily.jpeg","datePublished":"2023-06-20T21:55:20+00:00","dateModified":"2023-06-20T21:55:23+00:00","breadcrumb":{"@id":"https:\/\/lasentinelle.dz\/index.php\/2023\/06\/20\/libye-bathily-appelle-a-surmonter-les-desaccords-persistants\/#breadcrumb"},"inLanguage":"fr-FR","potentialAction":[{"@type":"ReadAction","target":["https:\/\/lasentinelle.dz\/index.php\/2023\/06\/20\/libye-bathily-appelle-a-surmonter-les-desaccords-persistants\/"]}]},{"@type":"ImageObject","inLanguage":"fr-FR","@id":"https:\/\/lasentinelle.dz\/index.php\/2023\/06\/20\/libye-bathily-appelle-a-surmonter-les-desaccords-persistants\/#primaryimage","url":"https:\/\/lasentinelle.dz\/wp-content\/uploads\/2023\/06\/Bathily.jpeg","contentUrl":"https:\/\/lasentinelle.dz\/wp-content\/uploads\/2023\/06\/Bathily.jpeg","width":580,"height":326},{"@type":"BreadcrumbList","@id":"https:\/\/lasentinelle.dz\/index.php\/2023\/06\/20\/libye-bathily-appelle-a-surmonter-les-desaccords-persistants\/#breadcrumb","itemListElement":[{"@type":"ListItem","position":1,"name":"Accueil","item":"https:\/\/lasentinelle.dz\/"},{"@type":"ListItem","position":2,"name":"Libye : Bathily appelle \u00e0 \u00ab surmonter les d\u00e9saccords persistants \u00bb"}]},{"@type":"WebSite","@id":"https:\/\/lasentinelle.dz\/#website","url":"https:\/\/lasentinelle.dz\/","name":"La Sentinelle","description":"Quotidien national d&#039;information","publisher":{"@id":"https:\/\/lasentinelle.dz\/#organization"},"potentialAction":[{"@type":"SearchAction","target":{"@type":"EntryPoint","urlTemplate":"https:\/\/lasentinelle.dz\/?s={search_term_string}"},"query-input":{"@type":"PropertyValueSpecification","valueRequired":true,"valueName":"search_term_string"}}],"inLanguage":"fr-FR"},{"@type":"Organization","@id":"https:\/\/lasentinelle.dz\/#organization","name":"Quotidien La Sentinelle","url":"https:\/\/lasentinelle.dz\/","logo":{"@type":"ImageObject","inLanguage":"fr-FR","@id":"https:\/\/lasentinelle.dz\/#\/schema\/logo\/image\/","url":"https:\/\/lasentinelle.dz\/wp-content\/uploads\/2021\/09\/logo-sentinelleSLOGAN-1.png","contentUrl":"https:\/\/lasentinelle.dz\/wp-content\/uploads\/2021\/09\/logo-sentinelleSLOGAN-1.png","width":615,"height":142,"caption":"Quotidien La Sentinelle"},"image":{"@id":"https:\/\/lasentinelle.dz\/#\/schema\/logo\/image\/"},"sameAs":["https:\/\/www.facebook.com\/La-Sentinelle-104059864394773"]},{"@type":"Person","@id":"https:\/\/lasentinelle.dz\/#\/schema\/person\/d865044e22e70a75174ce8bcad3acfb3","name":"La Sentinelle","image":{"@type":"ImageObject","inLanguage":"fr-FR","@id":"https:\/\/secure.gravatar.com\/avatar\/57de8e5d4b15d43fb361a71fbb36338450fe67865b528a43dd10ef7c51a20392?s=96&d=mm&r=g","url":"https:\/\/secure.gravatar.com\/avatar\/57de8e5d4b15d43fb361a71fbb36338450fe67865b528a43dd10ef7c51a20392?s=96&d=mm&r=g","contentUrl":"https:\/\/secure.gravatar.com\/avatar\/57de8e5d4b15d43fb361a71fbb36338450fe67865b528a43dd10ef7c51a20392?s=96&d=mm&r=g","caption":"La Sentinelle"},"sameAs":["http:\/\/www.lasentinelle.dz"],"url":"https:\/\/lasentinelle.dz\/author\/redaction\/"}]}},"_links":{"self":[{"href":"https:\/\/lasentinelle.dz\/index.php\/wp-json\/wp\/v2\/posts\/42900","targetHints":{"allow":["GET"]}}],"collection":[{"href":"https:\/\/lasentinelle.dz\/index.php\/wp-json\/wp\/v2\/posts"}],"about":[{"href":"https:\/\/lasentinelle.dz\/index.php\/wp-json\/wp\/v2\/types\/post"}],"author":[{"embeddable":true,"href":"https:\/\/lasentinelle.dz\/index.php\/wp-json\/wp\/v2\/users\/3"}],"replies":[{"embeddable":true,"href":"https:\/\/lasentinelle.dz\/index.php\/wp-json\/wp\/v2\/comments?post=42900"}],"version-history":[{"count":1,"href":"https:\/\/lasentinelle.dz\/index.php\/wp-json\/wp\/v2\/posts\/42900\/revisions"}],"predecessor-version":[{"id":42902,"href":"https:\/\/lasentinelle.dz\/index.php\/wp-json\/wp\/v2\/posts\/42900\/revisions\/42902"}],"wp:featuredmedia":[{"embeddable":true,"href":"https:\/\/lasentinelle.dz\/index.php\/wp-json\/wp\/v2\/media\/42901"}],"wp:attachment":[{"href":"https:\/\/lasentinelle.dz\/index.php\/wp-json\/wp\/v2\/media?parent=42900"}],"wp:term":[{"taxonomy":"category","embeddable":true,"href":"https:\/\/lasentinelle.dz\/index.php\/wp-json\/wp\/v2\/categories?post=42900"},{"taxonomy":"post_tag","embeddable":true,"href":"https:\/\/lasentinelle.dz\/index.php\/wp-json\/wp\/v2\/tags?post=42900"}],"curies":[{"name":"wp","href":"https:\/\/api.w.org\/{rel}","templated":true}]}}