{"id":42903,"date":"2023-06-20T22:56:45","date_gmt":"2023-06-20T21:56:45","guid":{"rendered":"https:\/\/lasentinelle.dz\/?p=42903"},"modified":"2023-06-20T22:58:15","modified_gmt":"2023-06-20T21:58:15","slug":"jeux-sportifs-arabes-algerie-2023-rachid-ait-mohamed-conduira-les-u23-au-tournoi-de-football","status":"publish","type":"post","link":"https:\/\/lasentinelle.dz\/index.php\/2023\/06\/20\/jeux-sportifs-arabes-algerie-2023-rachid-ait-mohamed-conduira-les-u23-au-tournoi-de-football\/","title":{"rendered":"Jeux sportifs arabes \u2013 Alg\u00e9rie 2023&nbsp;: Rachid Ait Mohamed conduira les U23 au tournoi de football"},"content":{"rendered":"\n<p>L\u2019Alg\u00e9rie prendra part \u00e0 la 13\u00e8me \u00e9dition des Jeux Sportifs Arabes, qui se d\u00e9roulera dans notre pays du 5 au 15 juillet avec la s\u00e9lection nationale U23 au lieu des U17 initialement pr\u00e9vue par l\u2019Union des comit\u00e9s nationaux olympiques arabes (UCNOA) qui a d\u00e9cid\u00e9 de ce changement. Dans ce cadre, la Direction technique nationale (DTN), en concertation avec les membres de l\u2019\u00e9quipe technique et les dirigeants de la F\u00e9d\u00e9ration alg\u00e9rienne de football, a d\u00e9sign\u00e9 Rachid Ait Mohamed en qualit\u00e9 d\u2019entra\u00eeneur principal de la s\u00e9lection nationale U23 qui participera \u00e0 ce tournoi arabe, a indiqu\u00e9 la F\u00e9d\u00e9ration alg\u00e9rienne de football dans un communiqu\u00e9. Ce dernier sera assist\u00e9 dans sa mission par Badredine Dahmane, directeur technique r\u00e9gional d\u2019Alger (DTR) et Abdessemad Nasser directeur r\u00e9gional d\u2019Annaba comme pr\u00e9parateur physique. Branci Boukhalfa, de l\u2019Acad\u00e9mie de football de Sidi Bel Abb\u00e8s, sera l\u2019entra\u00eeneur des gardiens de but.<\/p>\n\n\n\n<p>R.S.<\/p>\n","protected":false},"excerpt":{"rendered":"<p>L\u2019Alg\u00e9rie prendra part \u00e0 la 13\u00e8me \u00e9dition des Jeux Sportifs Arabes, qui se d\u00e9roulera dans notre pays du 5 au<\/p>\n","protected":false},"author":3,"featured_media":42906,"comment_status":"open","ping_status":"closed","sticky":false,"template":"","format":"standard","meta":{"colormag_page_container_layout":"default_layout","colormag_page_sidebar_layout":"default_layout","om_disable_all_campaigns":false,"_monsterinsights_skip_tracking":false,"_monsterinsights_sitenote_active":false,"_monsterinsights_sitenote_note":"","_monsterinsights_sitenote_category":0,"footnotes":"","_wpscppro_dont_share_socialmedia":false,"_wpscppro_custom_social_share_image":0,"_facebook_share_type":"","_twitter_share_type":"","_linkedin_share_type":"","_pinterest_share_type":"","_linkedin_share_type_page":"","_instagram_share_type":"","_medium_share_type":"","_threads_share_type":"","_google_business_share_type":"","_selected_social_profile":[],"_wpsp_enable_custom_social_template":false,"_wpsp_social_scheduling":{"enabled":false,"datetime":null,"platforms":[],"status":"template_only","dateOption":"today","timeOption":"now","customDays":"","customHours":"","customDate":"","customTime":"","schedulingType":"absolute"},"_wpsp_active_default_template":true},"categories":[33],"tags":[],"class_list":["post-42903","post","type-post","status-publish","format-standard","has-post-thumbnail","hentry","category-sports"],"aioseo_notices":[],"yoast_head":"<!-- This site is optimized with the Yoast SEO plugin v27.5 - https:\/\/yoast.com\/product\/yoast-seo-wordpress\/ -->\n<title>Jeux sportifs arabes \u2013 Alg\u00e9rie 2023&nbsp;: Rachid Ait Mohamed conduira les U23 au tournoi de football - La Sentinelle<\/title>\n<meta name=\"robots\" content=\"index, follow, max-snippet:-1, max-image-preview:large, max-video-preview:-1\" \/>\n<link rel=\"canonical\" href=\"https:\/\/lasentinelle.dz\/index.php\/2023\/06\/20\/jeux-sportifs-arabes-algerie-2023-rachid-ait-mohamed-conduira-les-u23-au-tournoi-de-football\/\" \/>\n<meta property=\"og:locale\" content=\"fr_FR\" \/>\n<meta property=\"og:type\" content=\"article\" \/>\n<meta property=\"og:title\" content=\"Jeux sportifs arabes \u2013 Alg\u00e9rie 2023&nbsp;: Rachid Ait Mohamed conduira les U23 au tournoi de football - La Sentinelle\" \/>\n<meta property=\"og:description\" content=\"L\u2019Alg\u00e9rie prendra part \u00e0 la 13\u00e8me \u00e9dition des Jeux Sportifs Arabes, qui se d\u00e9roulera dans notre pays du 5 au\" \/>\n<meta property=\"og:url\" content=\"https:\/\/lasentinelle.dz\/index.php\/2023\/06\/20\/jeux-sportifs-arabes-algerie-2023-rachid-ait-mohamed-conduira-les-u23-au-tournoi-de-football\/\" \/>\n<meta property=\"og:site_name\" content=\"La Sentinelle\" \/>\n<meta property=\"article:publisher\" content=\"https:\/\/www.facebook.com\/La-Sentinelle-104059864394773\" \/>\n<meta property=\"article:published_time\" content=\"2023-06-20T21:56:45+00:00\" \/>\n<meta property=\"article:modified_time\" content=\"2023-06-20T21:58:15+00:00\" \/>\n<meta property=\"og:image\" content=\"https:\/\/lasentinelle.dz\/wp-content\/uploads\/2023\/06\/U23.jpeg\" \/>\n\t<meta property=\"og:image:width\" content=\"2048\" \/>\n\t<meta property=\"og:image:height\" content=\"1365\" \/>\n\t<meta property=\"og:image:type\" content=\"image\/jpeg\" \/>\n<meta name=\"author\" content=\"La Sentinelle\" \/>\n<meta name=\"twitter:card\" content=\"summary_large_image\" \/>\n<meta name=\"twitter:label1\" content=\"\u00c9crit par\" \/>\n\t<meta name=\"twitter:data1\" content=\"La Sentinelle\" \/>\n\t<meta name=\"twitter:label2\" content=\"Dur\u00e9e de lecture estim\u00e9e\" \/>\n\t<meta name=\"twitter:data2\" content=\"1 minute\" \/>\n<script type=\"application\/ld+json\" class=\"yoast-schema-graph\">{\"@context\":\"https:\\\/\\\/schema.org\",\"@graph\":[{\"@type\":\"Article\",\"@id\":\"https:\\\/\\\/lasentinelle.dz\\\/index.php\\\/2023\\\/06\\\/20\\\/jeux-sportifs-arabes-algerie-2023-rachid-ait-mohamed-conduira-les-u23-au-tournoi-de-football\\\/#article\",\"isPartOf\":{\"@id\":\"https:\\\/\\\/lasentinelle.dz\\\/index.php\\\/2023\\\/06\\\/20\\\/jeux-sportifs-arabes-algerie-2023-rachid-ait-mohamed-conduira-les-u23-au-tournoi-de-football\\\/\"},\"author\":{\"name\":\"La Sentinelle\",\"@id\":\"https:\\\/\\\/lasentinelle.dz\\\/#\\\/schema\\\/person\\\/d865044e22e70a75174ce8bcad3acfb3\"},\"headline\":\"Jeux sportifs arabes \u2013 Alg\u00e9rie 2023&nbsp;: Rachid Ait Mohamed conduira les U23 au tournoi de football\",\"datePublished\":\"2023-06-20T21:56:45+00:00\",\"dateModified\":\"2023-06-20T21:58:15+00:00\",\"mainEntityOfPage\":{\"@id\":\"https:\\\/\\\/lasentinelle.dz\\\/index.php\\\/2023\\\/06\\\/20\\\/jeux-sportifs-arabes-algerie-2023-rachid-ait-mohamed-conduira-les-u23-au-tournoi-de-football\\\/\"},\"wordCount\":185,\"commentCount\":0,\"publisher\":{\"@id\":\"https:\\\/\\\/lasentinelle.dz\\\/#organization\"},\"image\":{\"@id\":\"https:\\\/\\\/lasentinelle.dz\\\/index.php\\\/2023\\\/06\\\/20\\\/jeux-sportifs-arabes-algerie-2023-rachid-ait-mohamed-conduira-les-u23-au-tournoi-de-football\\\/#primaryimage\"},\"thumbnailUrl\":\"https:\\\/\\\/lasentinelle.dz\\\/wp-content\\\/uploads\\\/2023\\\/06\\\/U23.jpeg\",\"articleSection\":[\"Sports\"],\"inLanguage\":\"fr-FR\",\"potentialAction\":[{\"@type\":\"CommentAction\",\"name\":\"Comment\",\"target\":[\"https:\\\/\\\/lasentinelle.dz\\\/index.php\\\/2023\\\/06\\\/20\\\/jeux-sportifs-arabes-algerie-2023-rachid-ait-mohamed-conduira-les-u23-au-tournoi-de-football\\\/#respond\"]}]},{\"@type\":\"WebPage\",\"@id\":\"https:\\\/\\\/lasentinelle.dz\\\/index.php\\\/2023\\\/06\\\/20\\\/jeux-sportifs-arabes-algerie-2023-rachid-ait-mohamed-conduira-les-u23-au-tournoi-de-football\\\/\",\"url\":\"https:\\\/\\\/lasentinelle.dz\\\/index.php\\\/2023\\\/06\\\/20\\\/jeux-sportifs-arabes-algerie-2023-rachid-ait-mohamed-conduira-les-u23-au-tournoi-de-football\\\/\",\"name\":\"Jeux sportifs arabes \u2013 Alg\u00e9rie 2023&nbsp;: Rachid Ait Mohamed conduira les U23 au tournoi de football - La Sentinelle\",\"isPartOf\":{\"@id\":\"https:\\\/\\\/lasentinelle.dz\\\/#website\"},\"primaryImageOfPage\":{\"@id\":\"https:\\\/\\\/lasentinelle.dz\\\/index.php\\\/2023\\\/06\\\/20\\\/jeux-sportifs-arabes-algerie-2023-rachid-ait-mohamed-conduira-les-u23-au-tournoi-de-football\\\/#primaryimage\"},\"image\":{\"@id\":\"https:\\\/\\\/lasentinelle.dz\\\/index.php\\\/2023\\\/06\\\/20\\\/jeux-sportifs-arabes-algerie-2023-rachid-ait-mohamed-conduira-les-u23-au-tournoi-de-football\\\/#primaryimage\"},\"thumbnailUrl\":\"https:\\\/\\\/lasentinelle.dz\\\/wp-content\\\/uploads\\\/2023\\\/06\\\/U23.jpeg\",\"datePublished\":\"2023-06-20T21:56:45+00:00\",\"dateModified\":\"2023-06-20T21:58:15+00:00\",\"breadcrumb\":{\"@id\":\"https:\\\/\\\/lasentinelle.dz\\\/index.php\\\/2023\\\/06\\\/20\\\/jeux-sportifs-arabes-algerie-2023-rachid-ait-mohamed-conduira-les-u23-au-tournoi-de-football\\\/#breadcrumb\"},\"inLanguage\":\"fr-FR\",\"potentialAction\":[{\"@type\":\"ReadAction\",\"target\":[\"https:\\\/\\\/lasentinelle.dz\\\/index.php\\\/2023\\\/06\\\/20\\\/jeux-sportifs-arabes-algerie-2023-rachid-ait-mohamed-conduira-les-u23-au-tournoi-de-football\\\/\"]}]},{\"@type\":\"ImageObject\",\"inLanguage\":\"fr-FR\",\"@id\":\"https:\\\/\\\/lasentinelle.dz\\\/index.php\\\/2023\\\/06\\\/20\\\/jeux-sportifs-arabes-algerie-2023-rachid-ait-mohamed-conduira-les-u23-au-tournoi-de-football\\\/#primaryimage\",\"url\":\"https:\\\/\\\/lasentinelle.dz\\\/wp-content\\\/uploads\\\/2023\\\/06\\\/U23.jpeg\",\"contentUrl\":\"https:\\\/\\\/lasentinelle.dz\\\/wp-content\\\/uploads\\\/2023\\\/06\\\/U23.jpeg\",\"width\":2048,\"height\":1365},{\"@type\":\"BreadcrumbList\",\"@id\":\"https:\\\/\\\/lasentinelle.dz\\\/index.php\\\/2023\\\/06\\\/20\\\/jeux-sportifs-arabes-algerie-2023-rachid-ait-mohamed-conduira-les-u23-au-tournoi-de-football\\\/#breadcrumb\",\"itemListElement\":[{\"@type\":\"ListItem\",\"position\":1,\"name\":\"Accueil\",\"item\":\"https:\\\/\\\/lasentinelle.dz\\\/\"},{\"@type\":\"ListItem\",\"position\":2,\"name\":\"Jeux sportifs arabes \u2013 Alg\u00e9rie 2023&nbsp;: Rachid Ait Mohamed conduira les U23 au tournoi de football\"}]},{\"@type\":\"WebSite\",\"@id\":\"https:\\\/\\\/lasentinelle.dz\\\/#website\",\"url\":\"https:\\\/\\\/lasentinelle.dz\\\/\",\"name\":\"La Sentinelle\",\"description\":\"Quotidien national d&#039;information\",\"publisher\":{\"@id\":\"https:\\\/\\\/lasentinelle.dz\\\/#organization\"},\"potentialAction\":[{\"@type\":\"SearchAction\",\"target\":{\"@type\":\"EntryPoint\",\"urlTemplate\":\"https:\\\/\\\/lasentinelle.dz\\\/?s={search_term_string}\"},\"query-input\":{\"@type\":\"PropertyValueSpecification\",\"valueRequired\":true,\"valueName\":\"search_term_string\"}}],\"inLanguage\":\"fr-FR\"},{\"@type\":\"Organization\",\"@id\":\"https:\\\/\\\/lasentinelle.dz\\\/#organization\",\"name\":\"Quotidien La Sentinelle\",\"url\":\"https:\\\/\\\/lasentinelle.dz\\\/\",\"logo\":{\"@type\":\"ImageObject\",\"inLanguage\":\"fr-FR\",\"@id\":\"https:\\\/\\\/lasentinelle.dz\\\/#\\\/schema\\\/logo\\\/image\\\/\",\"url\":\"https:\\\/\\\/lasentinelle.dz\\\/wp-content\\\/uploads\\\/2021\\\/09\\\/logo-sentinelleSLOGAN-1.png\",\"contentUrl\":\"https:\\\/\\\/lasentinelle.dz\\\/wp-content\\\/uploads\\\/2021\\\/09\\\/logo-sentinelleSLOGAN-1.png\",\"width\":615,\"height\":142,\"caption\":\"Quotidien La Sentinelle\"},\"image\":{\"@id\":\"https:\\\/\\\/lasentinelle.dz\\\/#\\\/schema\\\/logo\\\/image\\\/\"},\"sameAs\":[\"https:\\\/\\\/www.facebook.com\\\/La-Sentinelle-104059864394773\"]},{\"@type\":\"Person\",\"@id\":\"https:\\\/\\\/lasentinelle.dz\\\/#\\\/schema\\\/person\\\/d865044e22e70a75174ce8bcad3acfb3\",\"name\":\"La Sentinelle\",\"image\":{\"@type\":\"ImageObject\",\"inLanguage\":\"fr-FR\",\"@id\":\"https:\\\/\\\/secure.gravatar.com\\\/avatar\\\/57de8e5d4b15d43fb361a71fbb36338450fe67865b528a43dd10ef7c51a20392?s=96&d=mm&r=g\",\"url\":\"https:\\\/\\\/secure.gravatar.com\\\/avatar\\\/57de8e5d4b15d43fb361a71fbb36338450fe67865b528a43dd10ef7c51a20392?s=96&d=mm&r=g\",\"contentUrl\":\"https:\\\/\\\/secure.gravatar.com\\\/avatar\\\/57de8e5d4b15d43fb361a71fbb36338450fe67865b528a43dd10ef7c51a20392?s=96&d=mm&r=g\",\"caption\":\"La Sentinelle\"},\"sameAs\":[\"http:\\\/\\\/www.lasentinelle.dz\"],\"url\":\"https:\\\/\\\/lasentinelle.dz\\\/author\\\/redaction\\\/\"}]}<\/script>\n<!-- \/ Yoast SEO plugin. -->","yoast_head_json":{"title":"Jeux sportifs arabes \u2013 Alg\u00e9rie 2023&nbsp;: Rachid Ait Mohamed conduira les U23 au tournoi de football - La Sentinelle","robots":{"index":"index","follow":"follow","max-snippet":"max-snippet:-1","max-image-preview":"max-image-preview:large","max-video-preview":"max-video-preview:-1"},"canonical":"https:\/\/lasentinelle.dz\/index.php\/2023\/06\/20\/jeux-sportifs-arabes-algerie-2023-rachid-ait-mohamed-conduira-les-u23-au-tournoi-de-football\/","og_locale":"fr_FR","og_type":"article","og_title":"Jeux sportifs arabes \u2013 Alg\u00e9rie 2023&nbsp;: Rachid Ait Mohamed conduira les U23 au tournoi de football - La Sentinelle","og_description":"L\u2019Alg\u00e9rie prendra part \u00e0 la 13\u00e8me \u00e9dition des Jeux Sportifs Arabes, qui se d\u00e9roulera dans notre pays du 5 au","og_url":"https:\/\/lasentinelle.dz\/index.php\/2023\/06\/20\/jeux-sportifs-arabes-algerie-2023-rachid-ait-mohamed-conduira-les-u23-au-tournoi-de-football\/","og_site_name":"La Sentinelle","article_publisher":"https:\/\/www.facebook.com\/La-Sentinelle-104059864394773","article_published_time":"2023-06-20T21:56:45+00:00","article_modified_time":"2023-06-20T21:58:15+00:00","og_image":[{"width":2048,"height":1365,"url":"https:\/\/lasentinelle.dz\/wp-content\/uploads\/2023\/06\/U23.jpeg","type":"image\/jpeg"}],"author":"La Sentinelle","twitter_card":"summary_large_image","twitter_misc":{"\u00c9crit par":"La Sentinelle","Dur\u00e9e de lecture estim\u00e9e":"1 minute"},"schema":{"@context":"https:\/\/schema.org","@graph":[{"@type":"Article","@id":"https:\/\/lasentinelle.dz\/index.php\/2023\/06\/20\/jeux-sportifs-arabes-algerie-2023-rachid-ait-mohamed-conduira-les-u23-au-tournoi-de-football\/#article","isPartOf":{"@id":"https:\/\/lasentinelle.dz\/index.php\/2023\/06\/20\/jeux-sportifs-arabes-algerie-2023-rachid-ait-mohamed-conduira-les-u23-au-tournoi-de-football\/"},"author":{"name":"La Sentinelle","@id":"https:\/\/lasentinelle.dz\/#\/schema\/person\/d865044e22e70a75174ce8bcad3acfb3"},"headline":"Jeux sportifs arabes \u2013 Alg\u00e9rie 2023&nbsp;: Rachid Ait Mohamed conduira les U23 au tournoi de football","datePublished":"2023-06-20T21:56:45+00:00","dateModified":"2023-06-20T21:58:15+00:00","mainEntityOfPage":{"@id":"https:\/\/lasentinelle.dz\/index.php\/2023\/06\/20\/jeux-sportifs-arabes-algerie-2023-rachid-ait-mohamed-conduira-les-u23-au-tournoi-de-football\/"},"wordCount":185,"commentCount":0,"publisher":{"@id":"https:\/\/lasentinelle.dz\/#organization"},"image":{"@id":"https:\/\/lasentinelle.dz\/index.php\/2023\/06\/20\/jeux-sportifs-arabes-algerie-2023-rachid-ait-mohamed-conduira-les-u23-au-tournoi-de-football\/#primaryimage"},"thumbnailUrl":"https:\/\/lasentinelle.dz\/wp-content\/uploads\/2023\/06\/U23.jpeg","articleSection":["Sports"],"inLanguage":"fr-FR","potentialAction":[{"@type":"CommentAction","name":"Comment","target":["https:\/\/lasentinelle.dz\/index.php\/2023\/06\/20\/jeux-sportifs-arabes-algerie-2023-rachid-ait-mohamed-conduira-les-u23-au-tournoi-de-football\/#respond"]}]},{"@type":"WebPage","@id":"https:\/\/lasentinelle.dz\/index.php\/2023\/06\/20\/jeux-sportifs-arabes-algerie-2023-rachid-ait-mohamed-conduira-les-u23-au-tournoi-de-football\/","url":"https:\/\/lasentinelle.dz\/index.php\/2023\/06\/20\/jeux-sportifs-arabes-algerie-2023-rachid-ait-mohamed-conduira-les-u23-au-tournoi-de-football\/","name":"Jeux sportifs arabes \u2013 Alg\u00e9rie 2023&nbsp;: Rachid Ait Mohamed conduira les U23 au tournoi de football - La Sentinelle","isPartOf":{"@id":"https:\/\/lasentinelle.dz\/#website"},"primaryImageOfPage":{"@id":"https:\/\/lasentinelle.dz\/index.php\/2023\/06\/20\/jeux-sportifs-arabes-algerie-2023-rachid-ait-mohamed-conduira-les-u23-au-tournoi-de-football\/#primaryimage"},"image":{"@id":"https:\/\/lasentinelle.dz\/index.php\/2023\/06\/20\/jeux-sportifs-arabes-algerie-2023-rachid-ait-mohamed-conduira-les-u23-au-tournoi-de-football\/#primaryimage"},"thumbnailUrl":"https:\/\/lasentinelle.dz\/wp-content\/uploads\/2023\/06\/U23.jpeg","datePublished":"2023-06-20T21:56:45+00:00","dateModified":"2023-06-20T21:58:15+00:00","breadcrumb":{"@id":"https:\/\/lasentinelle.dz\/index.php\/2023\/06\/20\/jeux-sportifs-arabes-algerie-2023-rachid-ait-mohamed-conduira-les-u23-au-tournoi-de-football\/#breadcrumb"},"inLanguage":"fr-FR","potentialAction":[{"@type":"ReadAction","target":["https:\/\/lasentinelle.dz\/index.php\/2023\/06\/20\/jeux-sportifs-arabes-algerie-2023-rachid-ait-mohamed-conduira-les-u23-au-tournoi-de-football\/"]}]},{"@type":"ImageObject","inLanguage":"fr-FR","@id":"https:\/\/lasentinelle.dz\/index.php\/2023\/06\/20\/jeux-sportifs-arabes-algerie-2023-rachid-ait-mohamed-conduira-les-u23-au-tournoi-de-football\/#primaryimage","url":"https:\/\/lasentinelle.dz\/wp-content\/uploads\/2023\/06\/U23.jpeg","contentUrl":"https:\/\/lasentinelle.dz\/wp-content\/uploads\/2023\/06\/U23.jpeg","width":2048,"height":1365},{"@type":"BreadcrumbList","@id":"https:\/\/lasentinelle.dz\/index.php\/2023\/06\/20\/jeux-sportifs-arabes-algerie-2023-rachid-ait-mohamed-conduira-les-u23-au-tournoi-de-football\/#breadcrumb","itemListElement":[{"@type":"ListItem","position":1,"name":"Accueil","item":"https:\/\/lasentinelle.dz\/"},{"@type":"ListItem","position":2,"name":"Jeux sportifs arabes \u2013 Alg\u00e9rie 2023&nbsp;: Rachid Ait Mohamed conduira les U23 au tournoi de football"}]},{"@type":"WebSite","@id":"https:\/\/lasentinelle.dz\/#website","url":"https:\/\/lasentinelle.dz\/","name":"La Sentinelle","description":"Quotidien national d&#039;information","publisher":{"@id":"https:\/\/lasentinelle.dz\/#organization"},"potentialAction":[{"@type":"SearchAction","target":{"@type":"EntryPoint","urlTemplate":"https:\/\/lasentinelle.dz\/?s={search_term_string}"},"query-input":{"@type":"PropertyValueSpecification","valueRequired":true,"valueName":"search_term_string"}}],"inLanguage":"fr-FR"},{"@type":"Organization","@id":"https:\/\/lasentinelle.dz\/#organization","name":"Quotidien La Sentinelle","url":"https:\/\/lasentinelle.dz\/","logo":{"@type":"ImageObject","inLanguage":"fr-FR","@id":"https:\/\/lasentinelle.dz\/#\/schema\/logo\/image\/","url":"https:\/\/lasentinelle.dz\/wp-content\/uploads\/2021\/09\/logo-sentinelleSLOGAN-1.png","contentUrl":"https:\/\/lasentinelle.dz\/wp-content\/uploads\/2021\/09\/logo-sentinelleSLOGAN-1.png","width":615,"height":142,"caption":"Quotidien La Sentinelle"},"image":{"@id":"https:\/\/lasentinelle.dz\/#\/schema\/logo\/image\/"},"sameAs":["https:\/\/www.facebook.com\/La-Sentinelle-104059864394773"]},{"@type":"Person","@id":"https:\/\/lasentinelle.dz\/#\/schema\/person\/d865044e22e70a75174ce8bcad3acfb3","name":"La Sentinelle","image":{"@type":"ImageObject","inLanguage":"fr-FR","@id":"https:\/\/secure.gravatar.com\/avatar\/57de8e5d4b15d43fb361a71fbb36338450fe67865b528a43dd10ef7c51a20392?s=96&d=mm&r=g","url":"https:\/\/secure.gravatar.com\/avatar\/57de8e5d4b15d43fb361a71fbb36338450fe67865b528a43dd10ef7c51a20392?s=96&d=mm&r=g","contentUrl":"https:\/\/secure.gravatar.com\/avatar\/57de8e5d4b15d43fb361a71fbb36338450fe67865b528a43dd10ef7c51a20392?s=96&d=mm&r=g","caption":"La Sentinelle"},"sameAs":["http:\/\/www.lasentinelle.dz"],"url":"https:\/\/lasentinelle.dz\/author\/redaction\/"}]}},"_links":{"self":[{"href":"https:\/\/lasentinelle.dz\/index.php\/wp-json\/wp\/v2\/posts\/42903","targetHints":{"allow":["GET"]}}],"collection":[{"href":"https:\/\/lasentinelle.dz\/index.php\/wp-json\/wp\/v2\/posts"}],"about":[{"href":"https:\/\/lasentinelle.dz\/index.php\/wp-json\/wp\/v2\/types\/post"}],"author":[{"embeddable":true,"href":"https:\/\/lasentinelle.dz\/index.php\/wp-json\/wp\/v2\/users\/3"}],"replies":[{"embeddable":true,"href":"https:\/\/lasentinelle.dz\/index.php\/wp-json\/wp\/v2\/comments?post=42903"}],"version-history":[{"count":2,"href":"https:\/\/lasentinelle.dz\/index.php\/wp-json\/wp\/v2\/posts\/42903\/revisions"}],"predecessor-version":[{"id":42907,"href":"https:\/\/lasentinelle.dz\/index.php\/wp-json\/wp\/v2\/posts\/42903\/revisions\/42907"}],"wp:featuredmedia":[{"embeddable":true,"href":"https:\/\/lasentinelle.dz\/index.php\/wp-json\/wp\/v2\/media\/42906"}],"wp:attachment":[{"href":"https:\/\/lasentinelle.dz\/index.php\/wp-json\/wp\/v2\/media?parent=42903"}],"wp:term":[{"taxonomy":"category","embeddable":true,"href":"https:\/\/lasentinelle.dz\/index.php\/wp-json\/wp\/v2\/categories?post=42903"},{"taxonomy":"post_tag","embeddable":true,"href":"https:\/\/lasentinelle.dz\/index.php\/wp-json\/wp\/v2\/tags?post=42903"}],"curies":[{"name":"wp","href":"https:\/\/api.w.org\/{rel}","templated":true}]}}