{"id":42949,"date":"2023-06-21T22:55:50","date_gmt":"2023-06-21T21:55:50","guid":{"rendered":"https:\/\/lasentinelle.dz\/?p=42949"},"modified":"2023-06-21T22:55:55","modified_gmt":"2023-06-21T21:55:55","slug":"biden-qualifie-xi-jinping-de-dictateur-pekin-repond","status":"publish","type":"post","link":"https:\/\/lasentinelle.dz\/index.php\/2023\/06\/21\/biden-qualifie-xi-jinping-de-dictateur-pekin-repond\/","title":{"rendered":"Biden qualifie Xi Jinping de \u00ab\u00a0dictateur\u00a0\u00bb, P\u00e9kin r\u00e9pond"},"content":{"rendered":"\n<p><\/p>\n\n\n\n<p>La Chine a fustig\u00e9 mercredi la remarque \u00ab\u00a0absurde\u00a0\u00bb du pr\u00e9sident am\u00e9ricain Joe Biden qui a estim\u00e9 que son homologue chinois Xi Jinping appartenait \u00e0 la cat\u00e9gorie des \u00ab\u00a0dictateurs\u00a0\u00bb, alors que les relations entre Washington et P\u00e9kin semblaient s&rsquo;apaiser. Faisant r\u00e9f\u00e9rence \u00e0 un \u00e9pisode r\u00e9cent au cours duquel les Etats-Unis ont d\u00e9truit un ballon chinois qui, selon eux, espionnait leur territoire, Joe Biden a assur\u00e9 que \u00ab\u00a0la raison pour laquelle (le pr\u00e9sident chinois) s&rsquo;est tellement \u00e9nerv\u00e9 quand j&rsquo;ai abattu ce ballon plein de mat\u00e9riel d&rsquo;espionnage est qu&rsquo;il ne savait pas (que cet engin) se trouvait l\u00e0\u00a0\u00bb.<\/p>\n\n\n\n<p>\u00ab\u00a0C&rsquo;est tr\u00e8s embarrassant pour les dictateurs quand ils ne savent pas ce qui s&rsquo;est pass\u00e9\u00a0\u00bb, a-t-il poursuivi, ajoutant: \u00ab\u00a0Lorsque (le ballon) a \u00e9t\u00e9 abattu (Xi Jinping) s&rsquo;est trouv\u00e9 tr\u00e8s embarrass\u00e9 et il a m\u00eame d\u00e9menti que (l&rsquo;a\u00e9ronef) se trouvait l\u00e0\u00a0\u00bb. Il s&rsquo;exprimait lors d&rsquo;une r\u00e9ception en Californie avec des donateurs du parti d\u00e9mocrate, en pr\u00e9sence de journalistes. Interrog\u00e9e \u00e0 ce sujet, une porte-parole de la diplomatie chinoise, Mao Ning, a estim\u00e9 que ces propos relevaient de la \u00ab\u00a0provocation\u00a0\u00bb. \u00ab\u00a0Cette remarque de la partie am\u00e9ricaine est vraiment absurde, tr\u00e8s irresponsable, ne refl\u00e8te pas la r\u00e9alit\u00e9, contrevient aux pratiques diplomatiques et porte gravement atteinte \u00e0 la dignit\u00e9 politique de la Chine\u00a0\u00bb, a-t-elle d\u00e9clar\u00e9 devant la presse. \u00ab\u00a0C&rsquo;est ouvertement une provocation politique\u00a0\u00bb, a soulign\u00e9 la porte-parole. Ces d\u00e9clarations interviennent alors que le secr\u00e9taire d&rsquo;Etat Antony Blinken a achev\u00e9 lundi une visite de deux jours \u00e0 P\u00e9kin, la premi\u00e8re d&rsquo;un chef de la diplomatie am\u00e9ricaine en pr\u00e8s de cinq ans. Sa rencontre avec Xi Jinping avait \u00e9t\u00e9 salu\u00e9e par les deux pays comme une r\u00e9ussite apr\u00e8s des mois de tensions, malgr\u00e9 la persistance de profonds d\u00e9saccords. Le pr\u00e9sident am\u00e9ricain a estim\u00e9 que M. Blinken avait fait \u00ab\u00a0du bon boulot\u00a0\u00bb en Chine, mais expliqu\u00e9 qu&rsquo;il \u00ab\u00a0faudrait du temps\u00a0\u00bb pour apaiser la relation tr\u00e8s tendue entre les deux grandes puissances. Moscou a de son c\u00f4t\u00e9 raill\u00e9 les \u00ab\u00a0contradictions\u00a0\u00bb de la politique \u00e9trang\u00e8re am\u00e9ricaine. \u00ab\u00a0Nous avons vu pendant des jours certaines informations sur (&#8230;) des d\u00e9clarations conciliantes\u00a0\u00bb de M. Blinken \u00e0 P\u00e9kin, a relev\u00e9 mercredi le porte-parole du Kremlin, Dmitri Peskov. La critique exprim\u00e9e par M. Biden dans la foul\u00e9e est donc \u00ab\u00a0tout \u00e0 fait incompr\u00e9hensible\u00a0\u00bb, a-t-il estim\u00e9 devant la presse.<\/p>\n\n\n\n<p><strong>R.I. avec agences<\/strong><\/p>\n","protected":false},"excerpt":{"rendered":"<p>La Chine a fustig\u00e9 mercredi la remarque \u00ab\u00a0absurde\u00a0\u00bb du pr\u00e9sident am\u00e9ricain Joe Biden qui a estim\u00e9 que son homologue chinois<\/p>\n","protected":false},"author":3,"featured_media":42950,"comment_status":"open","ping_status":"closed","sticky":false,"template":"","format":"standard","meta":{"colormag_page_container_layout":"default_layout","colormag_page_sidebar_layout":"default_layout","om_disable_all_campaigns":false,"_monsterinsights_skip_tracking":false,"_monsterinsights_sitenote_active":false,"_monsterinsights_sitenote_note":"","_monsterinsights_sitenote_category":0,"footnotes":"","_wpscppro_dont_share_socialmedia":false,"_wpscppro_custom_social_share_image":0,"_facebook_share_type":"","_twitter_share_type":"","_linkedin_share_type":"","_pinterest_share_type":"","_linkedin_share_type_page":"","_instagram_share_type":"","_medium_share_type":"","_threads_share_type":"","_google_business_share_type":"","_selected_social_profile":[],"_wpsp_enable_custom_social_template":false,"_wpsp_social_scheduling":{"enabled":false,"datetime":null,"platforms":[],"status":"template_only","dateOption":"today","timeOption":"now","customDays":"","customHours":"","customDate":"","customTime":"","schedulingType":"absolute"},"_wpsp_active_default_template":true},"categories":[37],"tags":[],"class_list":["post-42949","post","type-post","status-publish","format-standard","has-post-thumbnail","hentry","category-monde"],"aioseo_notices":[],"yoast_head":"<!-- This site is optimized with the Yoast SEO plugin v27.5 - https:\/\/yoast.com\/product\/yoast-seo-wordpress\/ -->\n<title>Biden qualifie Xi Jinping de \u00ab\u00a0dictateur\u00a0\u00bb, P\u00e9kin r\u00e9pond - La Sentinelle<\/title>\n<meta name=\"robots\" content=\"index, follow, max-snippet:-1, max-image-preview:large, max-video-preview:-1\" \/>\n<link rel=\"canonical\" href=\"https:\/\/lasentinelle.dz\/index.php\/2023\/06\/21\/biden-qualifie-xi-jinping-de-dictateur-pekin-repond\/\" \/>\n<meta property=\"og:locale\" content=\"fr_FR\" \/>\n<meta property=\"og:type\" content=\"article\" \/>\n<meta property=\"og:title\" content=\"Biden qualifie Xi Jinping de \u00ab\u00a0dictateur\u00a0\u00bb, P\u00e9kin r\u00e9pond - La Sentinelle\" \/>\n<meta property=\"og:description\" content=\"La Chine a fustig\u00e9 mercredi la remarque \u00ab\u00a0absurde\u00a0\u00bb du pr\u00e9sident am\u00e9ricain Joe Biden qui a estim\u00e9 que son homologue chinois\" \/>\n<meta property=\"og:url\" content=\"https:\/\/lasentinelle.dz\/index.php\/2023\/06\/21\/biden-qualifie-xi-jinping-de-dictateur-pekin-repond\/\" \/>\n<meta property=\"og:site_name\" content=\"La Sentinelle\" \/>\n<meta property=\"article:publisher\" content=\"https:\/\/www.facebook.com\/La-Sentinelle-104059864394773\" \/>\n<meta property=\"article:published_time\" content=\"2023-06-21T21:55:50+00:00\" \/>\n<meta property=\"article:modified_time\" content=\"2023-06-21T21:55:55+00:00\" \/>\n<meta property=\"og:image\" content=\"https:\/\/lasentinelle.dz\/wp-content\/uploads\/2023\/06\/USA-chine.jpeg\" \/>\n\t<meta property=\"og:image:width\" content=\"1100\" \/>\n\t<meta property=\"og:image:height\" content=\"1100\" \/>\n\t<meta property=\"og:image:type\" content=\"image\/jpeg\" \/>\n<meta name=\"author\" content=\"La Sentinelle\" \/>\n<meta name=\"twitter:card\" content=\"summary_large_image\" \/>\n<meta name=\"twitter:label1\" content=\"\u00c9crit par\" \/>\n\t<meta name=\"twitter:data1\" content=\"La Sentinelle\" \/>\n\t<meta name=\"twitter:label2\" content=\"Dur\u00e9e de lecture estim\u00e9e\" \/>\n\t<meta name=\"twitter:data2\" content=\"2 minutes\" \/>\n<script type=\"application\/ld+json\" class=\"yoast-schema-graph\">{\"@context\":\"https:\\\/\\\/schema.org\",\"@graph\":[{\"@type\":\"Article\",\"@id\":\"https:\\\/\\\/lasentinelle.dz\\\/index.php\\\/2023\\\/06\\\/21\\\/biden-qualifie-xi-jinping-de-dictateur-pekin-repond\\\/#article\",\"isPartOf\":{\"@id\":\"https:\\\/\\\/lasentinelle.dz\\\/index.php\\\/2023\\\/06\\\/21\\\/biden-qualifie-xi-jinping-de-dictateur-pekin-repond\\\/\"},\"author\":{\"name\":\"La Sentinelle\",\"@id\":\"https:\\\/\\\/lasentinelle.dz\\\/#\\\/schema\\\/person\\\/d865044e22e70a75174ce8bcad3acfb3\"},\"headline\":\"Biden qualifie Xi Jinping de \u00ab\u00a0dictateur\u00a0\u00bb, P\u00e9kin r\u00e9pond\",\"datePublished\":\"2023-06-21T21:55:50+00:00\",\"dateModified\":\"2023-06-21T21:55:55+00:00\",\"mainEntityOfPage\":{\"@id\":\"https:\\\/\\\/lasentinelle.dz\\\/index.php\\\/2023\\\/06\\\/21\\\/biden-qualifie-xi-jinping-de-dictateur-pekin-repond\\\/\"},\"wordCount\":435,\"commentCount\":0,\"publisher\":{\"@id\":\"https:\\\/\\\/lasentinelle.dz\\\/#organization\"},\"image\":{\"@id\":\"https:\\\/\\\/lasentinelle.dz\\\/index.php\\\/2023\\\/06\\\/21\\\/biden-qualifie-xi-jinping-de-dictateur-pekin-repond\\\/#primaryimage\"},\"thumbnailUrl\":\"https:\\\/\\\/lasentinelle.dz\\\/wp-content\\\/uploads\\\/2023\\\/06\\\/USA-chine.jpeg\",\"articleSection\":[\"Monde\"],\"inLanguage\":\"fr-FR\",\"potentialAction\":[{\"@type\":\"CommentAction\",\"name\":\"Comment\",\"target\":[\"https:\\\/\\\/lasentinelle.dz\\\/index.php\\\/2023\\\/06\\\/21\\\/biden-qualifie-xi-jinping-de-dictateur-pekin-repond\\\/#respond\"]}]},{\"@type\":\"WebPage\",\"@id\":\"https:\\\/\\\/lasentinelle.dz\\\/index.php\\\/2023\\\/06\\\/21\\\/biden-qualifie-xi-jinping-de-dictateur-pekin-repond\\\/\",\"url\":\"https:\\\/\\\/lasentinelle.dz\\\/index.php\\\/2023\\\/06\\\/21\\\/biden-qualifie-xi-jinping-de-dictateur-pekin-repond\\\/\",\"name\":\"Biden qualifie Xi Jinping de \u00ab\u00a0dictateur\u00a0\u00bb, P\u00e9kin r\u00e9pond - La Sentinelle\",\"isPartOf\":{\"@id\":\"https:\\\/\\\/lasentinelle.dz\\\/#website\"},\"primaryImageOfPage\":{\"@id\":\"https:\\\/\\\/lasentinelle.dz\\\/index.php\\\/2023\\\/06\\\/21\\\/biden-qualifie-xi-jinping-de-dictateur-pekin-repond\\\/#primaryimage\"},\"image\":{\"@id\":\"https:\\\/\\\/lasentinelle.dz\\\/index.php\\\/2023\\\/06\\\/21\\\/biden-qualifie-xi-jinping-de-dictateur-pekin-repond\\\/#primaryimage\"},\"thumbnailUrl\":\"https:\\\/\\\/lasentinelle.dz\\\/wp-content\\\/uploads\\\/2023\\\/06\\\/USA-chine.jpeg\",\"datePublished\":\"2023-06-21T21:55:50+00:00\",\"dateModified\":\"2023-06-21T21:55:55+00:00\",\"breadcrumb\":{\"@id\":\"https:\\\/\\\/lasentinelle.dz\\\/index.php\\\/2023\\\/06\\\/21\\\/biden-qualifie-xi-jinping-de-dictateur-pekin-repond\\\/#breadcrumb\"},\"inLanguage\":\"fr-FR\",\"potentialAction\":[{\"@type\":\"ReadAction\",\"target\":[\"https:\\\/\\\/lasentinelle.dz\\\/index.php\\\/2023\\\/06\\\/21\\\/biden-qualifie-xi-jinping-de-dictateur-pekin-repond\\\/\"]}]},{\"@type\":\"ImageObject\",\"inLanguage\":\"fr-FR\",\"@id\":\"https:\\\/\\\/lasentinelle.dz\\\/index.php\\\/2023\\\/06\\\/21\\\/biden-qualifie-xi-jinping-de-dictateur-pekin-repond\\\/#primaryimage\",\"url\":\"https:\\\/\\\/lasentinelle.dz\\\/wp-content\\\/uploads\\\/2023\\\/06\\\/USA-chine.jpeg\",\"contentUrl\":\"https:\\\/\\\/lasentinelle.dz\\\/wp-content\\\/uploads\\\/2023\\\/06\\\/USA-chine.jpeg\",\"width\":1100,\"height\":1100},{\"@type\":\"BreadcrumbList\",\"@id\":\"https:\\\/\\\/lasentinelle.dz\\\/index.php\\\/2023\\\/06\\\/21\\\/biden-qualifie-xi-jinping-de-dictateur-pekin-repond\\\/#breadcrumb\",\"itemListElement\":[{\"@type\":\"ListItem\",\"position\":1,\"name\":\"Accueil\",\"item\":\"https:\\\/\\\/lasentinelle.dz\\\/\"},{\"@type\":\"ListItem\",\"position\":2,\"name\":\"Biden qualifie Xi Jinping de \u00ab\u00a0dictateur\u00a0\u00bb, P\u00e9kin r\u00e9pond\"}]},{\"@type\":\"WebSite\",\"@id\":\"https:\\\/\\\/lasentinelle.dz\\\/#website\",\"url\":\"https:\\\/\\\/lasentinelle.dz\\\/\",\"name\":\"La Sentinelle\",\"description\":\"Quotidien national d&#039;information\",\"publisher\":{\"@id\":\"https:\\\/\\\/lasentinelle.dz\\\/#organization\"},\"potentialAction\":[{\"@type\":\"SearchAction\",\"target\":{\"@type\":\"EntryPoint\",\"urlTemplate\":\"https:\\\/\\\/lasentinelle.dz\\\/?s={search_term_string}\"},\"query-input\":{\"@type\":\"PropertyValueSpecification\",\"valueRequired\":true,\"valueName\":\"search_term_string\"}}],\"inLanguage\":\"fr-FR\"},{\"@type\":\"Organization\",\"@id\":\"https:\\\/\\\/lasentinelle.dz\\\/#organization\",\"name\":\"Quotidien La Sentinelle\",\"url\":\"https:\\\/\\\/lasentinelle.dz\\\/\",\"logo\":{\"@type\":\"ImageObject\",\"inLanguage\":\"fr-FR\",\"@id\":\"https:\\\/\\\/lasentinelle.dz\\\/#\\\/schema\\\/logo\\\/image\\\/\",\"url\":\"https:\\\/\\\/lasentinelle.dz\\\/wp-content\\\/uploads\\\/2021\\\/09\\\/logo-sentinelleSLOGAN-1.png\",\"contentUrl\":\"https:\\\/\\\/lasentinelle.dz\\\/wp-content\\\/uploads\\\/2021\\\/09\\\/logo-sentinelleSLOGAN-1.png\",\"width\":615,\"height\":142,\"caption\":\"Quotidien La Sentinelle\"},\"image\":{\"@id\":\"https:\\\/\\\/lasentinelle.dz\\\/#\\\/schema\\\/logo\\\/image\\\/\"},\"sameAs\":[\"https:\\\/\\\/www.facebook.com\\\/La-Sentinelle-104059864394773\"]},{\"@type\":\"Person\",\"@id\":\"https:\\\/\\\/lasentinelle.dz\\\/#\\\/schema\\\/person\\\/d865044e22e70a75174ce8bcad3acfb3\",\"name\":\"La Sentinelle\",\"image\":{\"@type\":\"ImageObject\",\"inLanguage\":\"fr-FR\",\"@id\":\"https:\\\/\\\/secure.gravatar.com\\\/avatar\\\/57de8e5d4b15d43fb361a71fbb36338450fe67865b528a43dd10ef7c51a20392?s=96&d=mm&r=g\",\"url\":\"https:\\\/\\\/secure.gravatar.com\\\/avatar\\\/57de8e5d4b15d43fb361a71fbb36338450fe67865b528a43dd10ef7c51a20392?s=96&d=mm&r=g\",\"contentUrl\":\"https:\\\/\\\/secure.gravatar.com\\\/avatar\\\/57de8e5d4b15d43fb361a71fbb36338450fe67865b528a43dd10ef7c51a20392?s=96&d=mm&r=g\",\"caption\":\"La Sentinelle\"},\"sameAs\":[\"http:\\\/\\\/www.lasentinelle.dz\"],\"url\":\"https:\\\/\\\/lasentinelle.dz\\\/author\\\/redaction\\\/\"}]}<\/script>\n<!-- \/ Yoast SEO plugin. -->","yoast_head_json":{"title":"Biden qualifie Xi Jinping de \u00ab\u00a0dictateur\u00a0\u00bb, P\u00e9kin r\u00e9pond - La Sentinelle","robots":{"index":"index","follow":"follow","max-snippet":"max-snippet:-1","max-image-preview":"max-image-preview:large","max-video-preview":"max-video-preview:-1"},"canonical":"https:\/\/lasentinelle.dz\/index.php\/2023\/06\/21\/biden-qualifie-xi-jinping-de-dictateur-pekin-repond\/","og_locale":"fr_FR","og_type":"article","og_title":"Biden qualifie Xi Jinping de \u00ab\u00a0dictateur\u00a0\u00bb, P\u00e9kin r\u00e9pond - La Sentinelle","og_description":"La Chine a fustig\u00e9 mercredi la remarque \u00ab\u00a0absurde\u00a0\u00bb du pr\u00e9sident am\u00e9ricain Joe Biden qui a estim\u00e9 que son homologue chinois","og_url":"https:\/\/lasentinelle.dz\/index.php\/2023\/06\/21\/biden-qualifie-xi-jinping-de-dictateur-pekin-repond\/","og_site_name":"La Sentinelle","article_publisher":"https:\/\/www.facebook.com\/La-Sentinelle-104059864394773","article_published_time":"2023-06-21T21:55:50+00:00","article_modified_time":"2023-06-21T21:55:55+00:00","og_image":[{"width":1100,"height":1100,"url":"https:\/\/lasentinelle.dz\/wp-content\/uploads\/2023\/06\/USA-chine.jpeg","type":"image\/jpeg"}],"author":"La Sentinelle","twitter_card":"summary_large_image","twitter_misc":{"\u00c9crit par":"La Sentinelle","Dur\u00e9e de lecture estim\u00e9e":"2 minutes"},"schema":{"@context":"https:\/\/schema.org","@graph":[{"@type":"Article","@id":"https:\/\/lasentinelle.dz\/index.php\/2023\/06\/21\/biden-qualifie-xi-jinping-de-dictateur-pekin-repond\/#article","isPartOf":{"@id":"https:\/\/lasentinelle.dz\/index.php\/2023\/06\/21\/biden-qualifie-xi-jinping-de-dictateur-pekin-repond\/"},"author":{"name":"La Sentinelle","@id":"https:\/\/lasentinelle.dz\/#\/schema\/person\/d865044e22e70a75174ce8bcad3acfb3"},"headline":"Biden qualifie Xi Jinping de \u00ab\u00a0dictateur\u00a0\u00bb, P\u00e9kin r\u00e9pond","datePublished":"2023-06-21T21:55:50+00:00","dateModified":"2023-06-21T21:55:55+00:00","mainEntityOfPage":{"@id":"https:\/\/lasentinelle.dz\/index.php\/2023\/06\/21\/biden-qualifie-xi-jinping-de-dictateur-pekin-repond\/"},"wordCount":435,"commentCount":0,"publisher":{"@id":"https:\/\/lasentinelle.dz\/#organization"},"image":{"@id":"https:\/\/lasentinelle.dz\/index.php\/2023\/06\/21\/biden-qualifie-xi-jinping-de-dictateur-pekin-repond\/#primaryimage"},"thumbnailUrl":"https:\/\/lasentinelle.dz\/wp-content\/uploads\/2023\/06\/USA-chine.jpeg","articleSection":["Monde"],"inLanguage":"fr-FR","potentialAction":[{"@type":"CommentAction","name":"Comment","target":["https:\/\/lasentinelle.dz\/index.php\/2023\/06\/21\/biden-qualifie-xi-jinping-de-dictateur-pekin-repond\/#respond"]}]},{"@type":"WebPage","@id":"https:\/\/lasentinelle.dz\/index.php\/2023\/06\/21\/biden-qualifie-xi-jinping-de-dictateur-pekin-repond\/","url":"https:\/\/lasentinelle.dz\/index.php\/2023\/06\/21\/biden-qualifie-xi-jinping-de-dictateur-pekin-repond\/","name":"Biden qualifie Xi Jinping de \u00ab\u00a0dictateur\u00a0\u00bb, P\u00e9kin r\u00e9pond - La Sentinelle","isPartOf":{"@id":"https:\/\/lasentinelle.dz\/#website"},"primaryImageOfPage":{"@id":"https:\/\/lasentinelle.dz\/index.php\/2023\/06\/21\/biden-qualifie-xi-jinping-de-dictateur-pekin-repond\/#primaryimage"},"image":{"@id":"https:\/\/lasentinelle.dz\/index.php\/2023\/06\/21\/biden-qualifie-xi-jinping-de-dictateur-pekin-repond\/#primaryimage"},"thumbnailUrl":"https:\/\/lasentinelle.dz\/wp-content\/uploads\/2023\/06\/USA-chine.jpeg","datePublished":"2023-06-21T21:55:50+00:00","dateModified":"2023-06-21T21:55:55+00:00","breadcrumb":{"@id":"https:\/\/lasentinelle.dz\/index.php\/2023\/06\/21\/biden-qualifie-xi-jinping-de-dictateur-pekin-repond\/#breadcrumb"},"inLanguage":"fr-FR","potentialAction":[{"@type":"ReadAction","target":["https:\/\/lasentinelle.dz\/index.php\/2023\/06\/21\/biden-qualifie-xi-jinping-de-dictateur-pekin-repond\/"]}]},{"@type":"ImageObject","inLanguage":"fr-FR","@id":"https:\/\/lasentinelle.dz\/index.php\/2023\/06\/21\/biden-qualifie-xi-jinping-de-dictateur-pekin-repond\/#primaryimage","url":"https:\/\/lasentinelle.dz\/wp-content\/uploads\/2023\/06\/USA-chine.jpeg","contentUrl":"https:\/\/lasentinelle.dz\/wp-content\/uploads\/2023\/06\/USA-chine.jpeg","width":1100,"height":1100},{"@type":"BreadcrumbList","@id":"https:\/\/lasentinelle.dz\/index.php\/2023\/06\/21\/biden-qualifie-xi-jinping-de-dictateur-pekin-repond\/#breadcrumb","itemListElement":[{"@type":"ListItem","position":1,"name":"Accueil","item":"https:\/\/lasentinelle.dz\/"},{"@type":"ListItem","position":2,"name":"Biden qualifie Xi Jinping de \u00ab\u00a0dictateur\u00a0\u00bb, P\u00e9kin r\u00e9pond"}]},{"@type":"WebSite","@id":"https:\/\/lasentinelle.dz\/#website","url":"https:\/\/lasentinelle.dz\/","name":"La Sentinelle","description":"Quotidien national d&#039;information","publisher":{"@id":"https:\/\/lasentinelle.dz\/#organization"},"potentialAction":[{"@type":"SearchAction","target":{"@type":"EntryPoint","urlTemplate":"https:\/\/lasentinelle.dz\/?s={search_term_string}"},"query-input":{"@type":"PropertyValueSpecification","valueRequired":true,"valueName":"search_term_string"}}],"inLanguage":"fr-FR"},{"@type":"Organization","@id":"https:\/\/lasentinelle.dz\/#organization","name":"Quotidien La Sentinelle","url":"https:\/\/lasentinelle.dz\/","logo":{"@type":"ImageObject","inLanguage":"fr-FR","@id":"https:\/\/lasentinelle.dz\/#\/schema\/logo\/image\/","url":"https:\/\/lasentinelle.dz\/wp-content\/uploads\/2021\/09\/logo-sentinelleSLOGAN-1.png","contentUrl":"https:\/\/lasentinelle.dz\/wp-content\/uploads\/2021\/09\/logo-sentinelleSLOGAN-1.png","width":615,"height":142,"caption":"Quotidien La Sentinelle"},"image":{"@id":"https:\/\/lasentinelle.dz\/#\/schema\/logo\/image\/"},"sameAs":["https:\/\/www.facebook.com\/La-Sentinelle-104059864394773"]},{"@type":"Person","@id":"https:\/\/lasentinelle.dz\/#\/schema\/person\/d865044e22e70a75174ce8bcad3acfb3","name":"La Sentinelle","image":{"@type":"ImageObject","inLanguage":"fr-FR","@id":"https:\/\/secure.gravatar.com\/avatar\/57de8e5d4b15d43fb361a71fbb36338450fe67865b528a43dd10ef7c51a20392?s=96&d=mm&r=g","url":"https:\/\/secure.gravatar.com\/avatar\/57de8e5d4b15d43fb361a71fbb36338450fe67865b528a43dd10ef7c51a20392?s=96&d=mm&r=g","contentUrl":"https:\/\/secure.gravatar.com\/avatar\/57de8e5d4b15d43fb361a71fbb36338450fe67865b528a43dd10ef7c51a20392?s=96&d=mm&r=g","caption":"La Sentinelle"},"sameAs":["http:\/\/www.lasentinelle.dz"],"url":"https:\/\/lasentinelle.dz\/author\/redaction\/"}]}},"_links":{"self":[{"href":"https:\/\/lasentinelle.dz\/index.php\/wp-json\/wp\/v2\/posts\/42949","targetHints":{"allow":["GET"]}}],"collection":[{"href":"https:\/\/lasentinelle.dz\/index.php\/wp-json\/wp\/v2\/posts"}],"about":[{"href":"https:\/\/lasentinelle.dz\/index.php\/wp-json\/wp\/v2\/types\/post"}],"author":[{"embeddable":true,"href":"https:\/\/lasentinelle.dz\/index.php\/wp-json\/wp\/v2\/users\/3"}],"replies":[{"embeddable":true,"href":"https:\/\/lasentinelle.dz\/index.php\/wp-json\/wp\/v2\/comments?post=42949"}],"version-history":[{"count":1,"href":"https:\/\/lasentinelle.dz\/index.php\/wp-json\/wp\/v2\/posts\/42949\/revisions"}],"predecessor-version":[{"id":42951,"href":"https:\/\/lasentinelle.dz\/index.php\/wp-json\/wp\/v2\/posts\/42949\/revisions\/42951"}],"wp:featuredmedia":[{"embeddable":true,"href":"https:\/\/lasentinelle.dz\/index.php\/wp-json\/wp\/v2\/media\/42950"}],"wp:attachment":[{"href":"https:\/\/lasentinelle.dz\/index.php\/wp-json\/wp\/v2\/media?parent=42949"}],"wp:term":[{"taxonomy":"category","embeddable":true,"href":"https:\/\/lasentinelle.dz\/index.php\/wp-json\/wp\/v2\/categories?post=42949"},{"taxonomy":"post_tag","embeddable":true,"href":"https:\/\/lasentinelle.dz\/index.php\/wp-json\/wp\/v2\/tags?post=42949"}],"curies":[{"name":"wp","href":"https:\/\/api.w.org\/{rel}","templated":true}]}}