{"id":42952,"date":"2023-06-21T22:56:50","date_gmt":"2023-06-21T21:56:50","guid":{"rendered":"https:\/\/lasentinelle.dz\/?p=42952"},"modified":"2023-06-21T22:56:51","modified_gmt":"2023-06-21T21:56:51","slug":"manifestions-massives-dans-40-villes-le-maroc-sur-une-poudriere","status":"publish","type":"post","link":"https:\/\/lasentinelle.dz\/index.php\/2023\/06\/21\/manifestions-massives-dans-40-villes-le-maroc-sur-une-poudriere\/","title":{"rendered":"Manifestions massives dans 40 villes : Le Maroc sur une poudri\u00e8re"},"content":{"rendered":"\n<p><\/p>\n\n\n\n<p>Les tensions sociales s\u2019exacerbent dans un contexte marqu\u00e9 par de graves difficult\u00e9s \u00e9conomiques, une d\u00e9rive inflationniste qui alimente la hausse des prix et aggrave la crise de la chert\u00e9 de la vie et une crise politique latente.<\/p>\n\n\n\n<p>Les Marocains battent le pav\u00e9 depuis plusieurs mois, dans un sursaut de dignit\u00e9, exasp\u00e9r\u00e9s par le m\u00e9pris que le Makhzen affiche \u00e0 leur \u00e9gard, et lequel est all\u00e9 jusqu\u2019\u00e0 offrir le Maroc aux Sionistes dans une deal de la honte qui scelle une normalisation z\u00e9l\u00e9e avec l\u2019entit\u00e9 sioniste. C\u2019est dans ce contexte que 40 villes marocaines ont \u00e9t\u00e9, mardi, le th\u00e9\u00e2tre de manifestations et de sit-in auxquels ont particip\u00e9 des organisations syndicales et politiques pour d\u00e9noncer la politique d&rsquo;appauvrissement, de r\u00e9pression, d&rsquo;arrestation politique et d&rsquo;oppression sociale par le r\u00e9gime du Makhzen. En comm\u00e9moration du soul\u00e8vement populaire dont le Maroc a \u00e9t\u00e9 t\u00e9moin le 20 juin 1981 dans la ville de Casablanca, \u00e9galement connu sous le nom de \u00ab\u00a0R\u00e9volution du pain\u00a0\u00bb, des dizaines de membres d&rsquo;organisations syndicales et politiques ont particip\u00e9 \u00e0 des sit-in organis\u00e9s \u00e0 l&rsquo;appel du Front social marocain, exhortant le gouvernement \u00e0 intervenir pour rem\u00e9dier \u00e0 la flamb\u00e9e des prix des produits alimentaires de base et du carburant, et \u00e0 lib\u00e9rer les prisonniers politiques. Dans plusieurs villes comme Rabat, Casablanca, F\u00e8s, Mekn\u00e8s, Tanger, Oujda, Jercif, Beni Mellal, Khenifra, Sal\u00e9, Kenitra, Marrakech et Safi, les manifestants ont scand\u00e9 des slogans contre la chert\u00e9 de la vie et appel\u00e9 \u00e0 l&rsquo;am\u00e9lioration des conditions de vie des Marocains. Dans ce contexte, le coordinateur national du Front social marocain, Younes Farachin, a indiqu\u00e9 que les sit-in tenus dans 40 villes marocaines ont \u00e9t\u00e9 organis\u00e9s en comm\u00e9moration du soul\u00e8vement populaire du 20 juin 1981, qui a co\u00efncid\u00e9 avec la gr\u00e8ve g\u00e9n\u00e9rale \u00e0 laquelle a appel\u00e9 la Conf\u00e9d\u00e9ration d\u00e9mocratique du travail. \u00ab\u00a0Aujourd&rsquo;hui, nous sortons pour dire que nous vivons dans des conditions tr\u00e8s similaires \u00e0 ce que les Marocains ont v\u00e9cu \u00e0 l&rsquo;\u00e9poque, et pour confirmer que nous continuerons \u00e0 manifester comme un front, tout en exprimant la col\u00e8re de tous les Marocains victimes de la politique d&rsquo;appauvrissement et de la poursuite de toutes les formes de corruption, de privil\u00e8ges et d&rsquo;accumulation de richesses\u00a0\u00bb, a-t-il ajout\u00e9. Le responsable syndical a, \u00e0 ce titre, d\u00e9nonc\u00e9 \u00ab\u00a0les disparit\u00e9s sociales croissantes, le taux de ch\u00f4mage \u00e9lev\u00e9, l&rsquo;envol\u00e9e des prix et la pouss\u00e9e inflationniste\u00a0\u00bb, relevant que cet \u00e9tat de fait incarne bien \u00ab\u00a0le mariage de l&rsquo;argent avec le pouvoir\u00a0\u00bb. Pour rappel, le Front social marocain avait appel\u00e9, le 9 juin, \u00e0 l&rsquo;organisation de plusieurs sit-in dans tout le territoire marocain pour comm\u00e9morer le soul\u00e8vement du 20 juin 1981 \u00e0 Casablanca, \u00ab\u00a0contre la chert\u00e9 de la vie, l&rsquo;oppression, les arrestations politiques et l&rsquo;oppression sociale\u00a0\u00bb. Le Front marocain, qui regroupe des dizaines de syndicats, d&rsquo;associations de d\u00e9fense des droits de l&rsquo;Homme et de partis politiques, avait, entre autres, appel\u00e9 dans un communiqu\u00e9 \u00e0 \u00ab\u00a0la lib\u00e9ration inconditionnelle des prisonniers politiques, l&rsquo;arr\u00eat des poursuites et des proc\u00e8s contre les militants et toutes les voix libres, et l&rsquo;annulation des augmentations exorbitantes des prix des denr\u00e9es alimentaires de base et des prix du carburant\u00a0\u00bb. Casablanca, la capitale \u00e9conomique du Maroc, a connu le 20 juin 1981 des protestations populaires en r\u00e9ponse \u00e0 une augmentation des prix des produits de base. Plusieurs morts ont \u00e9t\u00e9 d\u00e9nombr\u00e9s lors de ces manifestations durant lesquelles de graves affrontements se sont sold\u00e9s par l&#8217;emprisonnement de dizaines de manifestants et l&rsquo;enterrement de plusieurs corps dans une fosse commune (dont 77 ont \u00e9t\u00e9 d\u00e9couverts en d\u00e9cembre 2005).<\/p>\n\n\n\n<p>R.I.<\/p>\n","protected":false},"excerpt":{"rendered":"<p>Les tensions sociales s\u2019exacerbent dans un contexte marqu\u00e9 par de graves difficult\u00e9s \u00e9conomiques, une d\u00e9rive inflationniste qui alimente la hausse<\/p>\n","protected":false},"author":3,"featured_media":42953,"comment_status":"open","ping_status":"closed","sticky":false,"template":"","format":"standard","meta":{"colormag_page_container_layout":"default_layout","colormag_page_sidebar_layout":"default_layout","om_disable_all_campaigns":false,"_monsterinsights_skip_tracking":false,"_monsterinsights_sitenote_active":false,"_monsterinsights_sitenote_note":"","_monsterinsights_sitenote_category":0,"footnotes":"","_wpscppro_dont_share_socialmedia":false,"_wpscppro_custom_social_share_image":0,"_facebook_share_type":"","_twitter_share_type":"","_linkedin_share_type":"","_pinterest_share_type":"","_linkedin_share_type_page":"","_instagram_share_type":"","_medium_share_type":"","_threads_share_type":"","_google_business_share_type":"","_selected_social_profile":[],"_wpsp_enable_custom_social_template":false,"_wpsp_social_scheduling":{"enabled":false,"datetime":null,"platforms":[],"status":"template_only","dateOption":"today","timeOption":"now","customDays":"","customHours":"","customDate":"","customTime":"","schedulingType":"absolute"},"_wpsp_active_default_template":true},"categories":[52,37],"tags":[],"class_list":["post-42952","post","type-post","status-publish","format-standard","has-post-thumbnail","hentry","category-a-la-une","category-monde"],"aioseo_notices":[],"yoast_head":"<!-- This site is optimized with the Yoast SEO plugin v27.5 - https:\/\/yoast.com\/product\/yoast-seo-wordpress\/ -->\n<title>Manifestions massives dans 40 villes : Le Maroc sur une poudri\u00e8re - La Sentinelle<\/title>\n<meta name=\"robots\" content=\"index, follow, max-snippet:-1, max-image-preview:large, max-video-preview:-1\" \/>\n<link rel=\"canonical\" href=\"https:\/\/lasentinelle.dz\/index.php\/2023\/06\/21\/manifestions-massives-dans-40-villes-le-maroc-sur-une-poudriere\/\" \/>\n<meta property=\"og:locale\" content=\"fr_FR\" \/>\n<meta property=\"og:type\" content=\"article\" \/>\n<meta property=\"og:title\" content=\"Manifestions massives dans 40 villes : Le Maroc sur une poudri\u00e8re - La Sentinelle\" \/>\n<meta property=\"og:description\" content=\"Les tensions sociales s\u2019exacerbent dans un contexte marqu\u00e9 par de graves difficult\u00e9s \u00e9conomiques, une d\u00e9rive inflationniste qui alimente la hausse\" \/>\n<meta property=\"og:url\" content=\"https:\/\/lasentinelle.dz\/index.php\/2023\/06\/21\/manifestions-massives-dans-40-villes-le-maroc-sur-une-poudriere\/\" \/>\n<meta property=\"og:site_name\" content=\"La Sentinelle\" \/>\n<meta property=\"article:publisher\" content=\"https:\/\/www.facebook.com\/La-Sentinelle-104059864394773\" \/>\n<meta property=\"article:published_time\" content=\"2023-06-21T21:56:50+00:00\" \/>\n<meta property=\"article:modified_time\" content=\"2023-06-21T21:56:51+00:00\" \/>\n<meta property=\"og:image\" content=\"https:\/\/lasentinelle.dz\/wp-content\/uploads\/2023\/06\/marrouc.jpeg\" \/>\n\t<meta property=\"og:image:width\" content=\"1920\" \/>\n\t<meta property=\"og:image:height\" content=\"1920\" \/>\n\t<meta property=\"og:image:type\" content=\"image\/jpeg\" \/>\n<meta name=\"author\" content=\"La Sentinelle\" \/>\n<meta name=\"twitter:card\" content=\"summary_large_image\" \/>\n<meta name=\"twitter:label1\" content=\"\u00c9crit par\" \/>\n\t<meta name=\"twitter:data1\" content=\"La Sentinelle\" \/>\n\t<meta name=\"twitter:label2\" content=\"Dur\u00e9e de lecture estim\u00e9e\" \/>\n\t<meta name=\"twitter:data2\" content=\"3 minutes\" \/>\n<script type=\"application\/ld+json\" class=\"yoast-schema-graph\">{\"@context\":\"https:\\\/\\\/schema.org\",\"@graph\":[{\"@type\":\"Article\",\"@id\":\"https:\\\/\\\/lasentinelle.dz\\\/index.php\\\/2023\\\/06\\\/21\\\/manifestions-massives-dans-40-villes-le-maroc-sur-une-poudriere\\\/#article\",\"isPartOf\":{\"@id\":\"https:\\\/\\\/lasentinelle.dz\\\/index.php\\\/2023\\\/06\\\/21\\\/manifestions-massives-dans-40-villes-le-maroc-sur-une-poudriere\\\/\"},\"author\":{\"name\":\"La Sentinelle\",\"@id\":\"https:\\\/\\\/lasentinelle.dz\\\/#\\\/schema\\\/person\\\/d865044e22e70a75174ce8bcad3acfb3\"},\"headline\":\"Manifestions massives dans 40 villes : Le Maroc sur une poudri\u00e8re\",\"datePublished\":\"2023-06-21T21:56:50+00:00\",\"dateModified\":\"2023-06-21T21:56:51+00:00\",\"mainEntityOfPage\":{\"@id\":\"https:\\\/\\\/lasentinelle.dz\\\/index.php\\\/2023\\\/06\\\/21\\\/manifestions-massives-dans-40-villes-le-maroc-sur-une-poudriere\\\/\"},\"wordCount\":634,\"commentCount\":0,\"publisher\":{\"@id\":\"https:\\\/\\\/lasentinelle.dz\\\/#organization\"},\"image\":{\"@id\":\"https:\\\/\\\/lasentinelle.dz\\\/index.php\\\/2023\\\/06\\\/21\\\/manifestions-massives-dans-40-villes-le-maroc-sur-une-poudriere\\\/#primaryimage\"},\"thumbnailUrl\":\"https:\\\/\\\/lasentinelle.dz\\\/wp-content\\\/uploads\\\/2023\\\/06\\\/marrouc.jpeg\",\"articleSection\":[\"\u00c0 la Une\",\"Monde\"],\"inLanguage\":\"fr-FR\",\"potentialAction\":[{\"@type\":\"CommentAction\",\"name\":\"Comment\",\"target\":[\"https:\\\/\\\/lasentinelle.dz\\\/index.php\\\/2023\\\/06\\\/21\\\/manifestions-massives-dans-40-villes-le-maroc-sur-une-poudriere\\\/#respond\"]}]},{\"@type\":\"WebPage\",\"@id\":\"https:\\\/\\\/lasentinelle.dz\\\/index.php\\\/2023\\\/06\\\/21\\\/manifestions-massives-dans-40-villes-le-maroc-sur-une-poudriere\\\/\",\"url\":\"https:\\\/\\\/lasentinelle.dz\\\/index.php\\\/2023\\\/06\\\/21\\\/manifestions-massives-dans-40-villes-le-maroc-sur-une-poudriere\\\/\",\"name\":\"Manifestions massives dans 40 villes : Le Maroc sur une poudri\u00e8re - La Sentinelle\",\"isPartOf\":{\"@id\":\"https:\\\/\\\/lasentinelle.dz\\\/#website\"},\"primaryImageOfPage\":{\"@id\":\"https:\\\/\\\/lasentinelle.dz\\\/index.php\\\/2023\\\/06\\\/21\\\/manifestions-massives-dans-40-villes-le-maroc-sur-une-poudriere\\\/#primaryimage\"},\"image\":{\"@id\":\"https:\\\/\\\/lasentinelle.dz\\\/index.php\\\/2023\\\/06\\\/21\\\/manifestions-massives-dans-40-villes-le-maroc-sur-une-poudriere\\\/#primaryimage\"},\"thumbnailUrl\":\"https:\\\/\\\/lasentinelle.dz\\\/wp-content\\\/uploads\\\/2023\\\/06\\\/marrouc.jpeg\",\"datePublished\":\"2023-06-21T21:56:50+00:00\",\"dateModified\":\"2023-06-21T21:56:51+00:00\",\"breadcrumb\":{\"@id\":\"https:\\\/\\\/lasentinelle.dz\\\/index.php\\\/2023\\\/06\\\/21\\\/manifestions-massives-dans-40-villes-le-maroc-sur-une-poudriere\\\/#breadcrumb\"},\"inLanguage\":\"fr-FR\",\"potentialAction\":[{\"@type\":\"ReadAction\",\"target\":[\"https:\\\/\\\/lasentinelle.dz\\\/index.php\\\/2023\\\/06\\\/21\\\/manifestions-massives-dans-40-villes-le-maroc-sur-une-poudriere\\\/\"]}]},{\"@type\":\"ImageObject\",\"inLanguage\":\"fr-FR\",\"@id\":\"https:\\\/\\\/lasentinelle.dz\\\/index.php\\\/2023\\\/06\\\/21\\\/manifestions-massives-dans-40-villes-le-maroc-sur-une-poudriere\\\/#primaryimage\",\"url\":\"https:\\\/\\\/lasentinelle.dz\\\/wp-content\\\/uploads\\\/2023\\\/06\\\/marrouc.jpeg\",\"contentUrl\":\"https:\\\/\\\/lasentinelle.dz\\\/wp-content\\\/uploads\\\/2023\\\/06\\\/marrouc.jpeg\",\"width\":1920,\"height\":1920},{\"@type\":\"BreadcrumbList\",\"@id\":\"https:\\\/\\\/lasentinelle.dz\\\/index.php\\\/2023\\\/06\\\/21\\\/manifestions-massives-dans-40-villes-le-maroc-sur-une-poudriere\\\/#breadcrumb\",\"itemListElement\":[{\"@type\":\"ListItem\",\"position\":1,\"name\":\"Accueil\",\"item\":\"https:\\\/\\\/lasentinelle.dz\\\/\"},{\"@type\":\"ListItem\",\"position\":2,\"name\":\"Manifestions massives dans 40 villes : Le Maroc sur une poudri\u00e8re\"}]},{\"@type\":\"WebSite\",\"@id\":\"https:\\\/\\\/lasentinelle.dz\\\/#website\",\"url\":\"https:\\\/\\\/lasentinelle.dz\\\/\",\"name\":\"La Sentinelle\",\"description\":\"Quotidien national d&#039;information\",\"publisher\":{\"@id\":\"https:\\\/\\\/lasentinelle.dz\\\/#organization\"},\"potentialAction\":[{\"@type\":\"SearchAction\",\"target\":{\"@type\":\"EntryPoint\",\"urlTemplate\":\"https:\\\/\\\/lasentinelle.dz\\\/?s={search_term_string}\"},\"query-input\":{\"@type\":\"PropertyValueSpecification\",\"valueRequired\":true,\"valueName\":\"search_term_string\"}}],\"inLanguage\":\"fr-FR\"},{\"@type\":\"Organization\",\"@id\":\"https:\\\/\\\/lasentinelle.dz\\\/#organization\",\"name\":\"Quotidien La Sentinelle\",\"url\":\"https:\\\/\\\/lasentinelle.dz\\\/\",\"logo\":{\"@type\":\"ImageObject\",\"inLanguage\":\"fr-FR\",\"@id\":\"https:\\\/\\\/lasentinelle.dz\\\/#\\\/schema\\\/logo\\\/image\\\/\",\"url\":\"https:\\\/\\\/lasentinelle.dz\\\/wp-content\\\/uploads\\\/2021\\\/09\\\/logo-sentinelleSLOGAN-1.png\",\"contentUrl\":\"https:\\\/\\\/lasentinelle.dz\\\/wp-content\\\/uploads\\\/2021\\\/09\\\/logo-sentinelleSLOGAN-1.png\",\"width\":615,\"height\":142,\"caption\":\"Quotidien La Sentinelle\"},\"image\":{\"@id\":\"https:\\\/\\\/lasentinelle.dz\\\/#\\\/schema\\\/logo\\\/image\\\/\"},\"sameAs\":[\"https:\\\/\\\/www.facebook.com\\\/La-Sentinelle-104059864394773\"]},{\"@type\":\"Person\",\"@id\":\"https:\\\/\\\/lasentinelle.dz\\\/#\\\/schema\\\/person\\\/d865044e22e70a75174ce8bcad3acfb3\",\"name\":\"La Sentinelle\",\"image\":{\"@type\":\"ImageObject\",\"inLanguage\":\"fr-FR\",\"@id\":\"https:\\\/\\\/secure.gravatar.com\\\/avatar\\\/57de8e5d4b15d43fb361a71fbb36338450fe67865b528a43dd10ef7c51a20392?s=96&d=mm&r=g\",\"url\":\"https:\\\/\\\/secure.gravatar.com\\\/avatar\\\/57de8e5d4b15d43fb361a71fbb36338450fe67865b528a43dd10ef7c51a20392?s=96&d=mm&r=g\",\"contentUrl\":\"https:\\\/\\\/secure.gravatar.com\\\/avatar\\\/57de8e5d4b15d43fb361a71fbb36338450fe67865b528a43dd10ef7c51a20392?s=96&d=mm&r=g\",\"caption\":\"La Sentinelle\"},\"sameAs\":[\"http:\\\/\\\/www.lasentinelle.dz\"],\"url\":\"https:\\\/\\\/lasentinelle.dz\\\/author\\\/redaction\\\/\"}]}<\/script>\n<!-- \/ Yoast SEO plugin. -->","yoast_head_json":{"title":"Manifestions massives dans 40 villes : Le Maroc sur une poudri\u00e8re - La Sentinelle","robots":{"index":"index","follow":"follow","max-snippet":"max-snippet:-1","max-image-preview":"max-image-preview:large","max-video-preview":"max-video-preview:-1"},"canonical":"https:\/\/lasentinelle.dz\/index.php\/2023\/06\/21\/manifestions-massives-dans-40-villes-le-maroc-sur-une-poudriere\/","og_locale":"fr_FR","og_type":"article","og_title":"Manifestions massives dans 40 villes : Le Maroc sur une poudri\u00e8re - La Sentinelle","og_description":"Les tensions sociales s\u2019exacerbent dans un contexte marqu\u00e9 par de graves difficult\u00e9s \u00e9conomiques, une d\u00e9rive inflationniste qui alimente la hausse","og_url":"https:\/\/lasentinelle.dz\/index.php\/2023\/06\/21\/manifestions-massives-dans-40-villes-le-maroc-sur-une-poudriere\/","og_site_name":"La Sentinelle","article_publisher":"https:\/\/www.facebook.com\/La-Sentinelle-104059864394773","article_published_time":"2023-06-21T21:56:50+00:00","article_modified_time":"2023-06-21T21:56:51+00:00","og_image":[{"width":1920,"height":1920,"url":"https:\/\/lasentinelle.dz\/wp-content\/uploads\/2023\/06\/marrouc.jpeg","type":"image\/jpeg"}],"author":"La Sentinelle","twitter_card":"summary_large_image","twitter_misc":{"\u00c9crit par":"La Sentinelle","Dur\u00e9e de lecture estim\u00e9e":"3 minutes"},"schema":{"@context":"https:\/\/schema.org","@graph":[{"@type":"Article","@id":"https:\/\/lasentinelle.dz\/index.php\/2023\/06\/21\/manifestions-massives-dans-40-villes-le-maroc-sur-une-poudriere\/#article","isPartOf":{"@id":"https:\/\/lasentinelle.dz\/index.php\/2023\/06\/21\/manifestions-massives-dans-40-villes-le-maroc-sur-une-poudriere\/"},"author":{"name":"La Sentinelle","@id":"https:\/\/lasentinelle.dz\/#\/schema\/person\/d865044e22e70a75174ce8bcad3acfb3"},"headline":"Manifestions massives dans 40 villes : Le Maroc sur une poudri\u00e8re","datePublished":"2023-06-21T21:56:50+00:00","dateModified":"2023-06-21T21:56:51+00:00","mainEntityOfPage":{"@id":"https:\/\/lasentinelle.dz\/index.php\/2023\/06\/21\/manifestions-massives-dans-40-villes-le-maroc-sur-une-poudriere\/"},"wordCount":634,"commentCount":0,"publisher":{"@id":"https:\/\/lasentinelle.dz\/#organization"},"image":{"@id":"https:\/\/lasentinelle.dz\/index.php\/2023\/06\/21\/manifestions-massives-dans-40-villes-le-maroc-sur-une-poudriere\/#primaryimage"},"thumbnailUrl":"https:\/\/lasentinelle.dz\/wp-content\/uploads\/2023\/06\/marrouc.jpeg","articleSection":["\u00c0 la Une","Monde"],"inLanguage":"fr-FR","potentialAction":[{"@type":"CommentAction","name":"Comment","target":["https:\/\/lasentinelle.dz\/index.php\/2023\/06\/21\/manifestions-massives-dans-40-villes-le-maroc-sur-une-poudriere\/#respond"]}]},{"@type":"WebPage","@id":"https:\/\/lasentinelle.dz\/index.php\/2023\/06\/21\/manifestions-massives-dans-40-villes-le-maroc-sur-une-poudriere\/","url":"https:\/\/lasentinelle.dz\/index.php\/2023\/06\/21\/manifestions-massives-dans-40-villes-le-maroc-sur-une-poudriere\/","name":"Manifestions massives dans 40 villes : Le Maroc sur une poudri\u00e8re - La Sentinelle","isPartOf":{"@id":"https:\/\/lasentinelle.dz\/#website"},"primaryImageOfPage":{"@id":"https:\/\/lasentinelle.dz\/index.php\/2023\/06\/21\/manifestions-massives-dans-40-villes-le-maroc-sur-une-poudriere\/#primaryimage"},"image":{"@id":"https:\/\/lasentinelle.dz\/index.php\/2023\/06\/21\/manifestions-massives-dans-40-villes-le-maroc-sur-une-poudriere\/#primaryimage"},"thumbnailUrl":"https:\/\/lasentinelle.dz\/wp-content\/uploads\/2023\/06\/marrouc.jpeg","datePublished":"2023-06-21T21:56:50+00:00","dateModified":"2023-06-21T21:56:51+00:00","breadcrumb":{"@id":"https:\/\/lasentinelle.dz\/index.php\/2023\/06\/21\/manifestions-massives-dans-40-villes-le-maroc-sur-une-poudriere\/#breadcrumb"},"inLanguage":"fr-FR","potentialAction":[{"@type":"ReadAction","target":["https:\/\/lasentinelle.dz\/index.php\/2023\/06\/21\/manifestions-massives-dans-40-villes-le-maroc-sur-une-poudriere\/"]}]},{"@type":"ImageObject","inLanguage":"fr-FR","@id":"https:\/\/lasentinelle.dz\/index.php\/2023\/06\/21\/manifestions-massives-dans-40-villes-le-maroc-sur-une-poudriere\/#primaryimage","url":"https:\/\/lasentinelle.dz\/wp-content\/uploads\/2023\/06\/marrouc.jpeg","contentUrl":"https:\/\/lasentinelle.dz\/wp-content\/uploads\/2023\/06\/marrouc.jpeg","width":1920,"height":1920},{"@type":"BreadcrumbList","@id":"https:\/\/lasentinelle.dz\/index.php\/2023\/06\/21\/manifestions-massives-dans-40-villes-le-maroc-sur-une-poudriere\/#breadcrumb","itemListElement":[{"@type":"ListItem","position":1,"name":"Accueil","item":"https:\/\/lasentinelle.dz\/"},{"@type":"ListItem","position":2,"name":"Manifestions massives dans 40 villes : Le Maroc sur une poudri\u00e8re"}]},{"@type":"WebSite","@id":"https:\/\/lasentinelle.dz\/#website","url":"https:\/\/lasentinelle.dz\/","name":"La Sentinelle","description":"Quotidien national d&#039;information","publisher":{"@id":"https:\/\/lasentinelle.dz\/#organization"},"potentialAction":[{"@type":"SearchAction","target":{"@type":"EntryPoint","urlTemplate":"https:\/\/lasentinelle.dz\/?s={search_term_string}"},"query-input":{"@type":"PropertyValueSpecification","valueRequired":true,"valueName":"search_term_string"}}],"inLanguage":"fr-FR"},{"@type":"Organization","@id":"https:\/\/lasentinelle.dz\/#organization","name":"Quotidien La Sentinelle","url":"https:\/\/lasentinelle.dz\/","logo":{"@type":"ImageObject","inLanguage":"fr-FR","@id":"https:\/\/lasentinelle.dz\/#\/schema\/logo\/image\/","url":"https:\/\/lasentinelle.dz\/wp-content\/uploads\/2021\/09\/logo-sentinelleSLOGAN-1.png","contentUrl":"https:\/\/lasentinelle.dz\/wp-content\/uploads\/2021\/09\/logo-sentinelleSLOGAN-1.png","width":615,"height":142,"caption":"Quotidien La Sentinelle"},"image":{"@id":"https:\/\/lasentinelle.dz\/#\/schema\/logo\/image\/"},"sameAs":["https:\/\/www.facebook.com\/La-Sentinelle-104059864394773"]},{"@type":"Person","@id":"https:\/\/lasentinelle.dz\/#\/schema\/person\/d865044e22e70a75174ce8bcad3acfb3","name":"La Sentinelle","image":{"@type":"ImageObject","inLanguage":"fr-FR","@id":"https:\/\/secure.gravatar.com\/avatar\/57de8e5d4b15d43fb361a71fbb36338450fe67865b528a43dd10ef7c51a20392?s=96&d=mm&r=g","url":"https:\/\/secure.gravatar.com\/avatar\/57de8e5d4b15d43fb361a71fbb36338450fe67865b528a43dd10ef7c51a20392?s=96&d=mm&r=g","contentUrl":"https:\/\/secure.gravatar.com\/avatar\/57de8e5d4b15d43fb361a71fbb36338450fe67865b528a43dd10ef7c51a20392?s=96&d=mm&r=g","caption":"La Sentinelle"},"sameAs":["http:\/\/www.lasentinelle.dz"],"url":"https:\/\/lasentinelle.dz\/author\/redaction\/"}]}},"_links":{"self":[{"href":"https:\/\/lasentinelle.dz\/index.php\/wp-json\/wp\/v2\/posts\/42952","targetHints":{"allow":["GET"]}}],"collection":[{"href":"https:\/\/lasentinelle.dz\/index.php\/wp-json\/wp\/v2\/posts"}],"about":[{"href":"https:\/\/lasentinelle.dz\/index.php\/wp-json\/wp\/v2\/types\/post"}],"author":[{"embeddable":true,"href":"https:\/\/lasentinelle.dz\/index.php\/wp-json\/wp\/v2\/users\/3"}],"replies":[{"embeddable":true,"href":"https:\/\/lasentinelle.dz\/index.php\/wp-json\/wp\/v2\/comments?post=42952"}],"version-history":[{"count":1,"href":"https:\/\/lasentinelle.dz\/index.php\/wp-json\/wp\/v2\/posts\/42952\/revisions"}],"predecessor-version":[{"id":42954,"href":"https:\/\/lasentinelle.dz\/index.php\/wp-json\/wp\/v2\/posts\/42952\/revisions\/42954"}],"wp:featuredmedia":[{"embeddable":true,"href":"https:\/\/lasentinelle.dz\/index.php\/wp-json\/wp\/v2\/media\/42953"}],"wp:attachment":[{"href":"https:\/\/lasentinelle.dz\/index.php\/wp-json\/wp\/v2\/media?parent=42952"}],"wp:term":[{"taxonomy":"category","embeddable":true,"href":"https:\/\/lasentinelle.dz\/index.php\/wp-json\/wp\/v2\/categories?post=42952"},{"taxonomy":"post_tag","embeddable":true,"href":"https:\/\/lasentinelle.dz\/index.php\/wp-json\/wp\/v2\/tags?post=42952"}],"curies":[{"name":"wp","href":"https:\/\/api.w.org\/{rel}","templated":true}]}}