{"id":42959,"date":"2023-06-21T23:00:24","date_gmt":"2023-06-21T22:00:24","guid":{"rendered":"https:\/\/lasentinelle.dz\/?p=42959"},"modified":"2023-06-21T23:00:26","modified_gmt":"2023-06-21T22:00:26","slug":"projet-des-tours-doued-dheb-2-a-annaba-les-travaux-suspendus-sur-decision-de-justice","status":"publish","type":"post","link":"https:\/\/lasentinelle.dz\/index.php\/2023\/06\/21\/projet-des-tours-doued-dheb-2-a-annaba-les-travaux-suspendus-sur-decision-de-justice\/","title":{"rendered":"Projet des tours d\u2019Oued Dheb 2 \u00e0 Annaba&nbsp;: Les travaux suspendus sur d\u00e9cision de Justice"},"content":{"rendered":"\n<p>Le tribunal administratif de la wilaya d\u2019Annaba a tranch\u00e9 en faveur de l\u2019association plaignante qui a soulev\u00e9 des d\u00e9passements par l\u2019entreprise de r\u00e9alisation.<\/p>\n\n\n\n<p>Apr\u00e8s un parcours du combattant, le tribunal administratif de la wilaya d\u2019Annaba a rendu une d\u00e9cision de suspension des travaux contre l\u2019entreprise charg\u00e9e de la construction de deux tours de 14 \u00e9tages dans la cit\u00e9 Oued Dheb 2. Une d\u00e9cision de justice qui a donn\u00e9 gain de cause \u00e0 l\u2019association \u00ab&nbsp;Mou\u00e2taz&nbsp;\u00bb qui a d\u00e9fendu les int\u00e9r\u00eats des habitants du quartier en d\u00e9non\u00e7ant les d\u00e9passements de l\u2019entreprise promotionnelle de construction, dont le non-respect des r\u00e8gles et la r\u00e9glementation en mati\u00e8re d\u2019urbanisme et de construction a \u00e9t\u00e9 d\u00e9nonc\u00e9. L\u2019affaire remonte a commenc\u00e9 avec l\u2019obtention du permis de construire d\u00e9livr\u00e9 par le directeur de l\u2019Urbanisme et le maire d\u2019Annaba et ce, en d\u00e9pit de la non-conformit\u00e9 du projet aux normes en vigueur. Les deux tours devaient \u00eatre \u00e9rig\u00e9es dans une zone \u00e9troite, \u00e0 proximit\u00e9 d\u2019une route \u00e0 double sens et d\u2019une station-service. Au-del\u00e0, la gravit\u00e9 de la situation relev\u00e9e par l\u2019association de quartier a trait \u00e0 la pr\u00e9sence d\u2019un r\u00e9seau souterrain de canalisations d\u2019\u00e9gouts et d\u2019eau potable de grande capacit\u00e9. Ce dernier alimente pr\u00e8s de 60% de la population de la zone ouest de la ville d\u2019Annaba, ce qui rendait le projet potentiellement dangereux pour l\u2019infrastructure existante. Il est \u00e0 souligner que les membres de l\u2019association ont frapp\u00e9 \u00e0 toutes les portes sollicitant l\u2019intervention des autorit\u00e9s et l\u2019avis des services comp\u00e9tents. Or, toutes les dol\u00e9ances sont rest\u00e9es lettres mortes aussi bien pour le chef de l\u2019ex\u00e9cutif local, le P\/APW, le maire, que pour la direction des ressources en eau, la direction de l\u2019Urbanisme et de la Construction, le Service technique et la Protection civile. Tout ce panel de responsables n\u2019a pas daign\u00e9 r\u00e9agir aux dol\u00e9ances des repr\u00e9sentants de cette association de quartier. Une indiff\u00e9rence qui n\u2019a laiss\u00e9 aucune alternative que le recours \u00e0 la justice, selon les explications apport\u00e9es par les repr\u00e9sentants de ladite association. De ce fait, l\u2019affaire a \u00e9t\u00e9 port\u00e9e devant le tribunal administratif d\u2019Annaba, afin de stopper les d\u00e9passements de l\u2019entreprise de r\u00e9alisation des deux tours. L\u2019action, nous dit-on, a pour but de pr\u00e9server la s\u00e9curit\u00e9 des habitants du quartier mais surtout pour faire respecter les r\u00e8gles d\u2019urbanisme. Apr\u00e8s examen du dossier de l\u2019affaire, le tribunal administratif d\u2019Annaba a rendu, hier, une d\u00e9cision de suspension des travaux, emp\u00eachant ainsi la poursuite de la construction des deux tours. Par ailleurs, et selon nos interlocuteurs, l e plus intrigant dans cette affaire, est l\u2019inertie des autorit\u00e9s locales et les services concern\u00e9s par ces d\u00e9passements !<\/p>\n\n\n\n<p><strong>Sofia Chahine<\/strong><\/p>\n","protected":false},"excerpt":{"rendered":"<p>Le tribunal administratif de la wilaya d\u2019Annaba a tranch\u00e9 en faveur de l\u2019association plaignante qui a soulev\u00e9 des d\u00e9passements par<\/p>\n","protected":false},"author":3,"featured_media":40122,"comment_status":"open","ping_status":"closed","sticky":false,"template":"","format":"standard","meta":{"colormag_page_container_layout":"default_layout","colormag_page_sidebar_layout":"default_layout","om_disable_all_campaigns":false,"_monsterinsights_skip_tracking":false,"_monsterinsights_sitenote_active":false,"_monsterinsights_sitenote_note":"","_monsterinsights_sitenote_category":0,"footnotes":"","_wpscppro_dont_share_socialmedia":false,"_wpscppro_custom_social_share_image":0,"_facebook_share_type":"","_twitter_share_type":"","_linkedin_share_type":"","_pinterest_share_type":"","_linkedin_share_type_page":"","_instagram_share_type":"","_medium_share_type":"","_threads_share_type":"","_google_business_share_type":"","_selected_social_profile":[],"_wpsp_enable_custom_social_template":false,"_wpsp_social_scheduling":{"enabled":false,"datetime":null,"platforms":[],"status":"template_only","dateOption":"today","timeOption":"now","customDays":"","customHours":"","customDate":"","customTime":"","schedulingType":"absolute"},"_wpsp_active_default_template":true},"categories":[31],"tags":[],"class_list":["post-42959","post","type-post","status-publish","format-standard","has-post-thumbnail","hentry","category-regions"],"aioseo_notices":[],"yoast_head":"<!-- This site is optimized with the Yoast SEO plugin v27.5 - https:\/\/yoast.com\/product\/yoast-seo-wordpress\/ -->\n<title>Projet des tours d\u2019Oued Dheb 2 \u00e0 Annaba&nbsp;: Les travaux suspendus sur d\u00e9cision de Justice - La Sentinelle<\/title>\n<meta name=\"robots\" content=\"index, follow, max-snippet:-1, max-image-preview:large, max-video-preview:-1\" \/>\n<link rel=\"canonical\" href=\"https:\/\/lasentinelle.dz\/index.php\/2023\/06\/21\/projet-des-tours-doued-dheb-2-a-annaba-les-travaux-suspendus-sur-decision-de-justice\/\" \/>\n<meta property=\"og:locale\" content=\"fr_FR\" \/>\n<meta property=\"og:type\" content=\"article\" \/>\n<meta property=\"og:title\" content=\"Projet des tours d\u2019Oued Dheb 2 \u00e0 Annaba&nbsp;: Les travaux suspendus sur d\u00e9cision de Justice - La Sentinelle\" \/>\n<meta property=\"og:description\" content=\"Le tribunal administratif de la wilaya d\u2019Annaba a tranch\u00e9 en faveur de l\u2019association plaignante qui a soulev\u00e9 des d\u00e9passements par\" \/>\n<meta property=\"og:url\" content=\"https:\/\/lasentinelle.dz\/index.php\/2023\/06\/21\/projet-des-tours-doued-dheb-2-a-annaba-les-travaux-suspendus-sur-decision-de-justice\/\" \/>\n<meta property=\"og:site_name\" content=\"La Sentinelle\" \/>\n<meta property=\"article:publisher\" content=\"https:\/\/www.facebook.com\/La-Sentinelle-104059864394773\" \/>\n<meta property=\"article:published_time\" content=\"2023-06-21T22:00:24+00:00\" \/>\n<meta property=\"article:modified_time\" content=\"2023-06-21T22:00:26+00:00\" \/>\n<meta property=\"og:image\" content=\"https:\/\/lasentinelle.dz\/wp-content\/uploads\/2023\/04\/Justice-2.png\" \/>\n\t<meta property=\"og:image:width\" content=\"1349\" \/>\n\t<meta property=\"og:image:height\" content=\"900\" \/>\n\t<meta property=\"og:image:type\" content=\"image\/png\" \/>\n<meta name=\"author\" content=\"La Sentinelle\" \/>\n<meta name=\"twitter:card\" content=\"summary_large_image\" \/>\n<meta name=\"twitter:label1\" content=\"\u00c9crit par\" \/>\n\t<meta name=\"twitter:data1\" content=\"La Sentinelle\" \/>\n\t<meta name=\"twitter:label2\" content=\"Dur\u00e9e de lecture estim\u00e9e\" \/>\n\t<meta name=\"twitter:data2\" content=\"3 minutes\" \/>\n<script type=\"application\/ld+json\" class=\"yoast-schema-graph\">{\"@context\":\"https:\\\/\\\/schema.org\",\"@graph\":[{\"@type\":\"Article\",\"@id\":\"https:\\\/\\\/lasentinelle.dz\\\/index.php\\\/2023\\\/06\\\/21\\\/projet-des-tours-doued-dheb-2-a-annaba-les-travaux-suspendus-sur-decision-de-justice\\\/#article\",\"isPartOf\":{\"@id\":\"https:\\\/\\\/lasentinelle.dz\\\/index.php\\\/2023\\\/06\\\/21\\\/projet-des-tours-doued-dheb-2-a-annaba-les-travaux-suspendus-sur-decision-de-justice\\\/\"},\"author\":{\"name\":\"La Sentinelle\",\"@id\":\"https:\\\/\\\/lasentinelle.dz\\\/#\\\/schema\\\/person\\\/d865044e22e70a75174ce8bcad3acfb3\"},\"headline\":\"Projet des tours d\u2019Oued Dheb 2 \u00e0 Annaba&nbsp;: Les travaux suspendus sur d\u00e9cision de Justice\",\"datePublished\":\"2023-06-21T22:00:24+00:00\",\"dateModified\":\"2023-06-21T22:00:26+00:00\",\"mainEntityOfPage\":{\"@id\":\"https:\\\/\\\/lasentinelle.dz\\\/index.php\\\/2023\\\/06\\\/21\\\/projet-des-tours-doued-dheb-2-a-annaba-les-travaux-suspendus-sur-decision-de-justice\\\/\"},\"wordCount\":518,\"commentCount\":0,\"publisher\":{\"@id\":\"https:\\\/\\\/lasentinelle.dz\\\/#organization\"},\"image\":{\"@id\":\"https:\\\/\\\/lasentinelle.dz\\\/index.php\\\/2023\\\/06\\\/21\\\/projet-des-tours-doued-dheb-2-a-annaba-les-travaux-suspendus-sur-decision-de-justice\\\/#primaryimage\"},\"thumbnailUrl\":\"https:\\\/\\\/lasentinelle.dz\\\/wp-content\\\/uploads\\\/2023\\\/04\\\/Justice-2.png\",\"articleSection\":[\"R\u00e9gions\"],\"inLanguage\":\"fr-FR\",\"potentialAction\":[{\"@type\":\"CommentAction\",\"name\":\"Comment\",\"target\":[\"https:\\\/\\\/lasentinelle.dz\\\/index.php\\\/2023\\\/06\\\/21\\\/projet-des-tours-doued-dheb-2-a-annaba-les-travaux-suspendus-sur-decision-de-justice\\\/#respond\"]}]},{\"@type\":\"WebPage\",\"@id\":\"https:\\\/\\\/lasentinelle.dz\\\/index.php\\\/2023\\\/06\\\/21\\\/projet-des-tours-doued-dheb-2-a-annaba-les-travaux-suspendus-sur-decision-de-justice\\\/\",\"url\":\"https:\\\/\\\/lasentinelle.dz\\\/index.php\\\/2023\\\/06\\\/21\\\/projet-des-tours-doued-dheb-2-a-annaba-les-travaux-suspendus-sur-decision-de-justice\\\/\",\"name\":\"Projet des tours d\u2019Oued Dheb 2 \u00e0 Annaba&nbsp;: Les travaux suspendus sur d\u00e9cision de Justice - La Sentinelle\",\"isPartOf\":{\"@id\":\"https:\\\/\\\/lasentinelle.dz\\\/#website\"},\"primaryImageOfPage\":{\"@id\":\"https:\\\/\\\/lasentinelle.dz\\\/index.php\\\/2023\\\/06\\\/21\\\/projet-des-tours-doued-dheb-2-a-annaba-les-travaux-suspendus-sur-decision-de-justice\\\/#primaryimage\"},\"image\":{\"@id\":\"https:\\\/\\\/lasentinelle.dz\\\/index.php\\\/2023\\\/06\\\/21\\\/projet-des-tours-doued-dheb-2-a-annaba-les-travaux-suspendus-sur-decision-de-justice\\\/#primaryimage\"},\"thumbnailUrl\":\"https:\\\/\\\/lasentinelle.dz\\\/wp-content\\\/uploads\\\/2023\\\/04\\\/Justice-2.png\",\"datePublished\":\"2023-06-21T22:00:24+00:00\",\"dateModified\":\"2023-06-21T22:00:26+00:00\",\"breadcrumb\":{\"@id\":\"https:\\\/\\\/lasentinelle.dz\\\/index.php\\\/2023\\\/06\\\/21\\\/projet-des-tours-doued-dheb-2-a-annaba-les-travaux-suspendus-sur-decision-de-justice\\\/#breadcrumb\"},\"inLanguage\":\"fr-FR\",\"potentialAction\":[{\"@type\":\"ReadAction\",\"target\":[\"https:\\\/\\\/lasentinelle.dz\\\/index.php\\\/2023\\\/06\\\/21\\\/projet-des-tours-doued-dheb-2-a-annaba-les-travaux-suspendus-sur-decision-de-justice\\\/\"]}]},{\"@type\":\"ImageObject\",\"inLanguage\":\"fr-FR\",\"@id\":\"https:\\\/\\\/lasentinelle.dz\\\/index.php\\\/2023\\\/06\\\/21\\\/projet-des-tours-doued-dheb-2-a-annaba-les-travaux-suspendus-sur-decision-de-justice\\\/#primaryimage\",\"url\":\"https:\\\/\\\/lasentinelle.dz\\\/wp-content\\\/uploads\\\/2023\\\/04\\\/Justice-2.png\",\"contentUrl\":\"https:\\\/\\\/lasentinelle.dz\\\/wp-content\\\/uploads\\\/2023\\\/04\\\/Justice-2.png\",\"width\":1349,\"height\":900},{\"@type\":\"BreadcrumbList\",\"@id\":\"https:\\\/\\\/lasentinelle.dz\\\/index.php\\\/2023\\\/06\\\/21\\\/projet-des-tours-doued-dheb-2-a-annaba-les-travaux-suspendus-sur-decision-de-justice\\\/#breadcrumb\",\"itemListElement\":[{\"@type\":\"ListItem\",\"position\":1,\"name\":\"Accueil\",\"item\":\"https:\\\/\\\/lasentinelle.dz\\\/\"},{\"@type\":\"ListItem\",\"position\":2,\"name\":\"Projet des tours d\u2019Oued Dheb 2 \u00e0 Annaba&nbsp;: Les travaux suspendus sur d\u00e9cision de Justice\"}]},{\"@type\":\"WebSite\",\"@id\":\"https:\\\/\\\/lasentinelle.dz\\\/#website\",\"url\":\"https:\\\/\\\/lasentinelle.dz\\\/\",\"name\":\"La Sentinelle\",\"description\":\"Quotidien national d&#039;information\",\"publisher\":{\"@id\":\"https:\\\/\\\/lasentinelle.dz\\\/#organization\"},\"potentialAction\":[{\"@type\":\"SearchAction\",\"target\":{\"@type\":\"EntryPoint\",\"urlTemplate\":\"https:\\\/\\\/lasentinelle.dz\\\/?s={search_term_string}\"},\"query-input\":{\"@type\":\"PropertyValueSpecification\",\"valueRequired\":true,\"valueName\":\"search_term_string\"}}],\"inLanguage\":\"fr-FR\"},{\"@type\":\"Organization\",\"@id\":\"https:\\\/\\\/lasentinelle.dz\\\/#organization\",\"name\":\"Quotidien La Sentinelle\",\"url\":\"https:\\\/\\\/lasentinelle.dz\\\/\",\"logo\":{\"@type\":\"ImageObject\",\"inLanguage\":\"fr-FR\",\"@id\":\"https:\\\/\\\/lasentinelle.dz\\\/#\\\/schema\\\/logo\\\/image\\\/\",\"url\":\"https:\\\/\\\/lasentinelle.dz\\\/wp-content\\\/uploads\\\/2021\\\/09\\\/logo-sentinelleSLOGAN-1.png\",\"contentUrl\":\"https:\\\/\\\/lasentinelle.dz\\\/wp-content\\\/uploads\\\/2021\\\/09\\\/logo-sentinelleSLOGAN-1.png\",\"width\":615,\"height\":142,\"caption\":\"Quotidien La Sentinelle\"},\"image\":{\"@id\":\"https:\\\/\\\/lasentinelle.dz\\\/#\\\/schema\\\/logo\\\/image\\\/\"},\"sameAs\":[\"https:\\\/\\\/www.facebook.com\\\/La-Sentinelle-104059864394773\"]},{\"@type\":\"Person\",\"@id\":\"https:\\\/\\\/lasentinelle.dz\\\/#\\\/schema\\\/person\\\/d865044e22e70a75174ce8bcad3acfb3\",\"name\":\"La Sentinelle\",\"image\":{\"@type\":\"ImageObject\",\"inLanguage\":\"fr-FR\",\"@id\":\"https:\\\/\\\/secure.gravatar.com\\\/avatar\\\/57de8e5d4b15d43fb361a71fbb36338450fe67865b528a43dd10ef7c51a20392?s=96&d=mm&r=g\",\"url\":\"https:\\\/\\\/secure.gravatar.com\\\/avatar\\\/57de8e5d4b15d43fb361a71fbb36338450fe67865b528a43dd10ef7c51a20392?s=96&d=mm&r=g\",\"contentUrl\":\"https:\\\/\\\/secure.gravatar.com\\\/avatar\\\/57de8e5d4b15d43fb361a71fbb36338450fe67865b528a43dd10ef7c51a20392?s=96&d=mm&r=g\",\"caption\":\"La Sentinelle\"},\"sameAs\":[\"http:\\\/\\\/www.lasentinelle.dz\"],\"url\":\"https:\\\/\\\/lasentinelle.dz\\\/author\\\/redaction\\\/\"}]}<\/script>\n<!-- \/ Yoast SEO plugin. -->","yoast_head_json":{"title":"Projet des tours d\u2019Oued Dheb 2 \u00e0 Annaba&nbsp;: Les travaux suspendus sur d\u00e9cision de Justice - La Sentinelle","robots":{"index":"index","follow":"follow","max-snippet":"max-snippet:-1","max-image-preview":"max-image-preview:large","max-video-preview":"max-video-preview:-1"},"canonical":"https:\/\/lasentinelle.dz\/index.php\/2023\/06\/21\/projet-des-tours-doued-dheb-2-a-annaba-les-travaux-suspendus-sur-decision-de-justice\/","og_locale":"fr_FR","og_type":"article","og_title":"Projet des tours d\u2019Oued Dheb 2 \u00e0 Annaba&nbsp;: Les travaux suspendus sur d\u00e9cision de Justice - La Sentinelle","og_description":"Le tribunal administratif de la wilaya d\u2019Annaba a tranch\u00e9 en faveur de l\u2019association plaignante qui a soulev\u00e9 des d\u00e9passements par","og_url":"https:\/\/lasentinelle.dz\/index.php\/2023\/06\/21\/projet-des-tours-doued-dheb-2-a-annaba-les-travaux-suspendus-sur-decision-de-justice\/","og_site_name":"La Sentinelle","article_publisher":"https:\/\/www.facebook.com\/La-Sentinelle-104059864394773","article_published_time":"2023-06-21T22:00:24+00:00","article_modified_time":"2023-06-21T22:00:26+00:00","og_image":[{"width":1349,"height":900,"url":"https:\/\/lasentinelle.dz\/wp-content\/uploads\/2023\/04\/Justice-2.png","type":"image\/png"}],"author":"La Sentinelle","twitter_card":"summary_large_image","twitter_misc":{"\u00c9crit par":"La Sentinelle","Dur\u00e9e de lecture estim\u00e9e":"3 minutes"},"schema":{"@context":"https:\/\/schema.org","@graph":[{"@type":"Article","@id":"https:\/\/lasentinelle.dz\/index.php\/2023\/06\/21\/projet-des-tours-doued-dheb-2-a-annaba-les-travaux-suspendus-sur-decision-de-justice\/#article","isPartOf":{"@id":"https:\/\/lasentinelle.dz\/index.php\/2023\/06\/21\/projet-des-tours-doued-dheb-2-a-annaba-les-travaux-suspendus-sur-decision-de-justice\/"},"author":{"name":"La Sentinelle","@id":"https:\/\/lasentinelle.dz\/#\/schema\/person\/d865044e22e70a75174ce8bcad3acfb3"},"headline":"Projet des tours d\u2019Oued Dheb 2 \u00e0 Annaba&nbsp;: Les travaux suspendus sur d\u00e9cision de Justice","datePublished":"2023-06-21T22:00:24+00:00","dateModified":"2023-06-21T22:00:26+00:00","mainEntityOfPage":{"@id":"https:\/\/lasentinelle.dz\/index.php\/2023\/06\/21\/projet-des-tours-doued-dheb-2-a-annaba-les-travaux-suspendus-sur-decision-de-justice\/"},"wordCount":518,"commentCount":0,"publisher":{"@id":"https:\/\/lasentinelle.dz\/#organization"},"image":{"@id":"https:\/\/lasentinelle.dz\/index.php\/2023\/06\/21\/projet-des-tours-doued-dheb-2-a-annaba-les-travaux-suspendus-sur-decision-de-justice\/#primaryimage"},"thumbnailUrl":"https:\/\/lasentinelle.dz\/wp-content\/uploads\/2023\/04\/Justice-2.png","articleSection":["R\u00e9gions"],"inLanguage":"fr-FR","potentialAction":[{"@type":"CommentAction","name":"Comment","target":["https:\/\/lasentinelle.dz\/index.php\/2023\/06\/21\/projet-des-tours-doued-dheb-2-a-annaba-les-travaux-suspendus-sur-decision-de-justice\/#respond"]}]},{"@type":"WebPage","@id":"https:\/\/lasentinelle.dz\/index.php\/2023\/06\/21\/projet-des-tours-doued-dheb-2-a-annaba-les-travaux-suspendus-sur-decision-de-justice\/","url":"https:\/\/lasentinelle.dz\/index.php\/2023\/06\/21\/projet-des-tours-doued-dheb-2-a-annaba-les-travaux-suspendus-sur-decision-de-justice\/","name":"Projet des tours d\u2019Oued Dheb 2 \u00e0 Annaba&nbsp;: Les travaux suspendus sur d\u00e9cision de Justice - La Sentinelle","isPartOf":{"@id":"https:\/\/lasentinelle.dz\/#website"},"primaryImageOfPage":{"@id":"https:\/\/lasentinelle.dz\/index.php\/2023\/06\/21\/projet-des-tours-doued-dheb-2-a-annaba-les-travaux-suspendus-sur-decision-de-justice\/#primaryimage"},"image":{"@id":"https:\/\/lasentinelle.dz\/index.php\/2023\/06\/21\/projet-des-tours-doued-dheb-2-a-annaba-les-travaux-suspendus-sur-decision-de-justice\/#primaryimage"},"thumbnailUrl":"https:\/\/lasentinelle.dz\/wp-content\/uploads\/2023\/04\/Justice-2.png","datePublished":"2023-06-21T22:00:24+00:00","dateModified":"2023-06-21T22:00:26+00:00","breadcrumb":{"@id":"https:\/\/lasentinelle.dz\/index.php\/2023\/06\/21\/projet-des-tours-doued-dheb-2-a-annaba-les-travaux-suspendus-sur-decision-de-justice\/#breadcrumb"},"inLanguage":"fr-FR","potentialAction":[{"@type":"ReadAction","target":["https:\/\/lasentinelle.dz\/index.php\/2023\/06\/21\/projet-des-tours-doued-dheb-2-a-annaba-les-travaux-suspendus-sur-decision-de-justice\/"]}]},{"@type":"ImageObject","inLanguage":"fr-FR","@id":"https:\/\/lasentinelle.dz\/index.php\/2023\/06\/21\/projet-des-tours-doued-dheb-2-a-annaba-les-travaux-suspendus-sur-decision-de-justice\/#primaryimage","url":"https:\/\/lasentinelle.dz\/wp-content\/uploads\/2023\/04\/Justice-2.png","contentUrl":"https:\/\/lasentinelle.dz\/wp-content\/uploads\/2023\/04\/Justice-2.png","width":1349,"height":900},{"@type":"BreadcrumbList","@id":"https:\/\/lasentinelle.dz\/index.php\/2023\/06\/21\/projet-des-tours-doued-dheb-2-a-annaba-les-travaux-suspendus-sur-decision-de-justice\/#breadcrumb","itemListElement":[{"@type":"ListItem","position":1,"name":"Accueil","item":"https:\/\/lasentinelle.dz\/"},{"@type":"ListItem","position":2,"name":"Projet des tours d\u2019Oued Dheb 2 \u00e0 Annaba&nbsp;: Les travaux suspendus sur d\u00e9cision de Justice"}]},{"@type":"WebSite","@id":"https:\/\/lasentinelle.dz\/#website","url":"https:\/\/lasentinelle.dz\/","name":"La Sentinelle","description":"Quotidien national d&#039;information","publisher":{"@id":"https:\/\/lasentinelle.dz\/#organization"},"potentialAction":[{"@type":"SearchAction","target":{"@type":"EntryPoint","urlTemplate":"https:\/\/lasentinelle.dz\/?s={search_term_string}"},"query-input":{"@type":"PropertyValueSpecification","valueRequired":true,"valueName":"search_term_string"}}],"inLanguage":"fr-FR"},{"@type":"Organization","@id":"https:\/\/lasentinelle.dz\/#organization","name":"Quotidien La Sentinelle","url":"https:\/\/lasentinelle.dz\/","logo":{"@type":"ImageObject","inLanguage":"fr-FR","@id":"https:\/\/lasentinelle.dz\/#\/schema\/logo\/image\/","url":"https:\/\/lasentinelle.dz\/wp-content\/uploads\/2021\/09\/logo-sentinelleSLOGAN-1.png","contentUrl":"https:\/\/lasentinelle.dz\/wp-content\/uploads\/2021\/09\/logo-sentinelleSLOGAN-1.png","width":615,"height":142,"caption":"Quotidien La Sentinelle"},"image":{"@id":"https:\/\/lasentinelle.dz\/#\/schema\/logo\/image\/"},"sameAs":["https:\/\/www.facebook.com\/La-Sentinelle-104059864394773"]},{"@type":"Person","@id":"https:\/\/lasentinelle.dz\/#\/schema\/person\/d865044e22e70a75174ce8bcad3acfb3","name":"La Sentinelle","image":{"@type":"ImageObject","inLanguage":"fr-FR","@id":"https:\/\/secure.gravatar.com\/avatar\/57de8e5d4b15d43fb361a71fbb36338450fe67865b528a43dd10ef7c51a20392?s=96&d=mm&r=g","url":"https:\/\/secure.gravatar.com\/avatar\/57de8e5d4b15d43fb361a71fbb36338450fe67865b528a43dd10ef7c51a20392?s=96&d=mm&r=g","contentUrl":"https:\/\/secure.gravatar.com\/avatar\/57de8e5d4b15d43fb361a71fbb36338450fe67865b528a43dd10ef7c51a20392?s=96&d=mm&r=g","caption":"La Sentinelle"},"sameAs":["http:\/\/www.lasentinelle.dz"],"url":"https:\/\/lasentinelle.dz\/author\/redaction\/"}]}},"_links":{"self":[{"href":"https:\/\/lasentinelle.dz\/index.php\/wp-json\/wp\/v2\/posts\/42959","targetHints":{"allow":["GET"]}}],"collection":[{"href":"https:\/\/lasentinelle.dz\/index.php\/wp-json\/wp\/v2\/posts"}],"about":[{"href":"https:\/\/lasentinelle.dz\/index.php\/wp-json\/wp\/v2\/types\/post"}],"author":[{"embeddable":true,"href":"https:\/\/lasentinelle.dz\/index.php\/wp-json\/wp\/v2\/users\/3"}],"replies":[{"embeddable":true,"href":"https:\/\/lasentinelle.dz\/index.php\/wp-json\/wp\/v2\/comments?post=42959"}],"version-history":[{"count":1,"href":"https:\/\/lasentinelle.dz\/index.php\/wp-json\/wp\/v2\/posts\/42959\/revisions"}],"predecessor-version":[{"id":42960,"href":"https:\/\/lasentinelle.dz\/index.php\/wp-json\/wp\/v2\/posts\/42959\/revisions\/42960"}],"wp:featuredmedia":[{"embeddable":true,"href":"https:\/\/lasentinelle.dz\/index.php\/wp-json\/wp\/v2\/media\/40122"}],"wp:attachment":[{"href":"https:\/\/lasentinelle.dz\/index.php\/wp-json\/wp\/v2\/media?parent=42959"}],"wp:term":[{"taxonomy":"category","embeddable":true,"href":"https:\/\/lasentinelle.dz\/index.php\/wp-json\/wp\/v2\/categories?post=42959"},{"taxonomy":"post_tag","embeddable":true,"href":"https:\/\/lasentinelle.dz\/index.php\/wp-json\/wp\/v2\/tags?post=42959"}],"curies":[{"name":"wp","href":"https:\/\/api.w.org\/{rel}","templated":true}]}}