{"id":42961,"date":"2023-06-21T23:02:41","date_gmt":"2023-06-21T22:02:41","guid":{"rendered":"https:\/\/lasentinelle.dz\/?p=42961"},"modified":"2023-06-21T23:02:43","modified_gmt":"2023-06-21T22:02:43","slug":"integrer-les-resultats-de-la-recherche-au-monde-de-lentreprise","status":"publish","type":"post","link":"https:\/\/lasentinelle.dz\/index.php\/2023\/06\/21\/integrer-les-resultats-de-la-recherche-au-monde-de-lentreprise\/","title":{"rendered":"Int\u00e9grer les r\u00e9sultats de la recherche au monde de l\u2019entreprise"},"content":{"rendered":"\n<p>Le pr\u00e9sident du Conseil national \u00e9conomique, social et environnemental (CNESE), Sidi Mohammed Bouchenak Khelladi, a appel\u00e9, hier \u00e0 l\u2019ouverture de la 1\u00e8re \u00e9dition du Forum \u00e9conomique Universit\u00e9-entreprises publiques et priv\u00e9es et institutions de l\u2019Etat \u00ab\u00a0For Innov 2023\u00a0\u00bb, \u00e0 &nbsp;\u00ab\u00a0trouver une vision unifi\u00e9e et des m\u00e9canismes communs entre l&rsquo;universit\u00e9, les entreprises \u00e9conomiques publiques et priv\u00e9es et les diff\u00e9rents organismes de l\u2019Etat concern\u00e9s\u00a0\u00bb. Cette d\u00e9marche aura pour but de trouver \u00ab\u00a0les meilleurs moyens d&rsquo;exploiter les r\u00e9sultats de la recherche scientifique et du d\u00e9veloppement technologique, et de les orienter au service du d\u00e9veloppement \u00e9conomique, social et environnemental de notre pays\u00a0\u00bb, a-t-il pr\u00e9cis\u00e9.<\/p>\n\n\n\n<p>De son c\u00f4t\u00e9, la repr\u00e9sentante du Conseil du renouveau \u00e9conomique alg\u00e9rien (CREA), Amina Guelloul, et dans une allocution, lue au nom du pr\u00e9sident de cette organisation patronale a assur\u00e9 que le CREA \u00ab\u00a0encourage toute initiative de rapprochement entre l\u2019universit\u00e9 et les entreprises\u00a0\u00bb, mettant en avant le r\u00f4le de l\u2019universit\u00e9 \u00ab\u00a0dans l\u2019accompagnement du secteur \u00e9conomique dans l\u2019innovation\u00a0\u00bb. Pour leur part, les organisateurs ont indiqu\u00e9 que ce Forum \u00ab\u00a0touche les axes vitaux de l\u2019\u00e9conomie nationale, regroupant des entreprises de divers secteurs, tels que la recherche et d\u00e9veloppement, la num\u00e9risation et les technologies, l\u2019industrie, les finances, les assurances, l\u2019\u00e9nergie, le BTPH, l\u2019agriculture, la p\u00eache et l\u2019environnement, les t\u00e9l\u00e9coms, le commerce et bien d\u2019autres\u00a0\u00bb. Il vise, selon eux, \u00ab\u00a0\u00e0 mettre la lumi\u00e8re sur l\u2019importance de l\u2019encadrement des \u00e9tudiants porteurs de projets, qui seront les futurs cr\u00e9ateurs d\u2019entreprises innovantes de demain et qui deviendront des acteurs incontournables de l\u2019\u00e9conomie\u00a0\u00bb. Ce forum \u00e9conomique consacr\u00e9 \u00e0 l&rsquo;\u00e9tude de la relation tripartite qui lie l&rsquo;universit\u00e9 et les op\u00e9rateurs \u00e9conomiques publics et priv\u00e9s avec les organismes \u00e9tatiques est, selon lui, \u00ab\u00a0une pr\u00e9occupation majeure de l&rsquo;Etat\u00a0\u00bb, en raison de son r\u00f4le dans le processus de \u00ab\u00a0valorisation des r\u00e9sultats des travaux de recherche au service de l&rsquo;\u00e9conomie nationale, d&rsquo;encouragement de l&rsquo;innovation dans les entreprises et la cr\u00e9ation de start-up proposant des produits, services et solutions innovants, au profit du secteur \u00e9conomique\u00a0\u00bb. Intervenants lors de ce forum, les repr\u00e9sentants des universit\u00e9s de Boumerdes, M\u2019sila et Bab Ezzouar ont mis l\u2019accent sur le r\u00f4le que jouent les incubateurs des universit\u00e9s dans l\u2019\u00e9mergence d\u2019id\u00e9es et de projets innovants qui ont aboutis \u00e0 la cr\u00e9ation de start-up lab\u00e9lis\u00e9es ou encore qui ont ouvert les portes \u00e0 leurs initiateurs \u00e0 d\u00e9crocher des contrats avec des partenaires locaux et \u00e9trangers. En marge de ce forum, des protocoles d\u2019intention ont \u00e9t\u00e9 sign\u00e9s entre l\u2019entreprise TM Lab, sp\u00e9cialis\u00e9e dans les \u00e9quipements de laboratoires, le Consortium des jeunes entrepreneurs (CJE) -regroupant des op\u00e9rateurs \u00e9conomiques dans divers secteurs, notamment m\u00e9canique, agriculture et industrie- et les universit\u00e9s de Boumerdes et M\u2019sila. Ces protocoles d\u2019intention pr\u00e9voient \u00ab\u00a0un \u00e9change d\u2019expertises technique et scientifique et l\u2019\u00e9quipement des laboratoires de recherche des deux \u00e9tablissements universitaires par TM Lab\u00a0\u00bb, a indiqu\u00e9 le directeur g\u00e9n\u00e9ral de cette soci\u00e9t\u00e9, Abdelkader Hamidi. Le CJE, quant \u00e0 lui, se chargera de mettre en relation des chefs d\u2019entreprises avec les porteurs de projets et les startups issus des incubateurs des deux universit\u00e9s afin de les accompagner \u00ab\u00a0en tant que mentors ou coachs\u00a0\u00bb, en plus de lever certaines contraintes auxquelles sont confront\u00e9es les \u00e9tudiants jeunes entrepreneurs, notamment en termes de \u00ab\u00a0manque de budget et de financement du prototypage\u00a0\u00bb avec l\u2019\u00e9ventualit\u00e9 de \u00ab\u00a0commercialiser le projet s\u2019il s\u2019av\u00e8re rentable\u00a0\u00bb, a expliqu\u00e9 le pr\u00e9sident du CJE, Abdelhak Bousbia. Il a, en outre, annonc\u00e9 le lancement de l\u2019id\u00e9e de \u00ab\u00a0la caravane des op\u00e9rateurs \u00e9conomiques\u00a0\u00bb qui verra des chefs d\u2019entreprises programmer des journ\u00e9es au niveau des incubateurs des diff\u00e9rentes universit\u00e9s, \u00e0 travers tout le territoire nationale, afin de prendre connaissance des travaux et innovations des \u00e9tudiants.<\/p>\n\n\n\n<p>R.E.<\/p>\n","protected":false},"excerpt":{"rendered":"<p>Le pr\u00e9sident du Conseil national \u00e9conomique, social et environnemental (CNESE), Sidi Mohammed Bouchenak Khelladi, a appel\u00e9, hier \u00e0 l\u2019ouverture de<\/p>\n","protected":false},"author":3,"featured_media":42962,"comment_status":"open","ping_status":"closed","sticky":false,"template":"","format":"standard","meta":{"colormag_page_container_layout":"default_layout","colormag_page_sidebar_layout":"default_layout","om_disable_all_campaigns":false,"_monsterinsights_skip_tracking":false,"_monsterinsights_sitenote_active":false,"_monsterinsights_sitenote_note":"","_monsterinsights_sitenote_category":0,"footnotes":"","_wpscppro_dont_share_socialmedia":false,"_wpscppro_custom_social_share_image":0,"_facebook_share_type":"","_twitter_share_type":"","_linkedin_share_type":"","_pinterest_share_type":"","_linkedin_share_type_page":"","_instagram_share_type":"","_medium_share_type":"","_threads_share_type":"","_google_business_share_type":"","_selected_social_profile":[],"_wpsp_enable_custom_social_template":false,"_wpsp_social_scheduling":{"enabled":false,"datetime":null,"platforms":[],"status":"template_only","dateOption":"today","timeOption":"now","customDays":"","customHours":"","customDate":"","customTime":"","schedulingType":"absolute"},"_wpsp_active_default_template":true},"categories":[29],"tags":[],"class_list":["post-42961","post","type-post","status-publish","format-standard","has-post-thumbnail","hentry","category-economie"],"aioseo_notices":[],"yoast_head":"<!-- This site is optimized with the Yoast SEO plugin v27.5 - https:\/\/yoast.com\/product\/yoast-seo-wordpress\/ -->\n<title>Int\u00e9grer les r\u00e9sultats de la recherche au monde de l\u2019entreprise - La Sentinelle<\/title>\n<meta name=\"robots\" content=\"index, follow, max-snippet:-1, max-image-preview:large, max-video-preview:-1\" \/>\n<link rel=\"canonical\" href=\"https:\/\/lasentinelle.dz\/index.php\/2023\/06\/21\/integrer-les-resultats-de-la-recherche-au-monde-de-lentreprise\/\" \/>\n<meta property=\"og:locale\" content=\"fr_FR\" \/>\n<meta property=\"og:type\" content=\"article\" \/>\n<meta property=\"og:title\" content=\"Int\u00e9grer les r\u00e9sultats de la recherche au monde de l\u2019entreprise - La Sentinelle\" \/>\n<meta property=\"og:description\" content=\"Le pr\u00e9sident du Conseil national \u00e9conomique, social et environnemental (CNESE), Sidi Mohammed Bouchenak Khelladi, a appel\u00e9, hier \u00e0 l\u2019ouverture de\" \/>\n<meta property=\"og:url\" content=\"https:\/\/lasentinelle.dz\/index.php\/2023\/06\/21\/integrer-les-resultats-de-la-recherche-au-monde-de-lentreprise\/\" \/>\n<meta property=\"og:site_name\" content=\"La Sentinelle\" \/>\n<meta property=\"article:publisher\" content=\"https:\/\/www.facebook.com\/La-Sentinelle-104059864394773\" \/>\n<meta property=\"article:published_time\" content=\"2023-06-21T22:02:41+00:00\" \/>\n<meta property=\"article:modified_time\" content=\"2023-06-21T22:02:43+00:00\" \/>\n<meta property=\"og:image\" content=\"https:\/\/lasentinelle.dz\/wp-content\/uploads\/2023\/06\/khelladi.jpeg\" \/>\n\t<meta property=\"og:image:width\" content=\"1920\" \/>\n\t<meta property=\"og:image:height\" content=\"1280\" \/>\n\t<meta property=\"og:image:type\" content=\"image\/jpeg\" \/>\n<meta name=\"author\" content=\"La Sentinelle\" \/>\n<meta name=\"twitter:card\" content=\"summary_large_image\" \/>\n<meta name=\"twitter:label1\" content=\"\u00c9crit par\" \/>\n\t<meta name=\"twitter:data1\" content=\"La Sentinelle\" \/>\n\t<meta name=\"twitter:label2\" content=\"Dur\u00e9e de lecture estim\u00e9e\" \/>\n\t<meta name=\"twitter:data2\" content=\"4 minutes\" \/>\n<script type=\"application\/ld+json\" class=\"yoast-schema-graph\">{\"@context\":\"https:\\\/\\\/schema.org\",\"@graph\":[{\"@type\":\"Article\",\"@id\":\"https:\\\/\\\/lasentinelle.dz\\\/index.php\\\/2023\\\/06\\\/21\\\/integrer-les-resultats-de-la-recherche-au-monde-de-lentreprise\\\/#article\",\"isPartOf\":{\"@id\":\"https:\\\/\\\/lasentinelle.dz\\\/index.php\\\/2023\\\/06\\\/21\\\/integrer-les-resultats-de-la-recherche-au-monde-de-lentreprise\\\/\"},\"author\":{\"name\":\"La Sentinelle\",\"@id\":\"https:\\\/\\\/lasentinelle.dz\\\/#\\\/schema\\\/person\\\/d865044e22e70a75174ce8bcad3acfb3\"},\"headline\":\"Int\u00e9grer les r\u00e9sultats de la recherche au monde de l\u2019entreprise\",\"datePublished\":\"2023-06-21T22:02:41+00:00\",\"dateModified\":\"2023-06-21T22:02:43+00:00\",\"mainEntityOfPage\":{\"@id\":\"https:\\\/\\\/lasentinelle.dz\\\/index.php\\\/2023\\\/06\\\/21\\\/integrer-les-resultats-de-la-recherche-au-monde-de-lentreprise\\\/\"},\"wordCount\":693,\"commentCount\":0,\"publisher\":{\"@id\":\"https:\\\/\\\/lasentinelle.dz\\\/#organization\"},\"image\":{\"@id\":\"https:\\\/\\\/lasentinelle.dz\\\/index.php\\\/2023\\\/06\\\/21\\\/integrer-les-resultats-de-la-recherche-au-monde-de-lentreprise\\\/#primaryimage\"},\"thumbnailUrl\":\"https:\\\/\\\/lasentinelle.dz\\\/wp-content\\\/uploads\\\/2023\\\/06\\\/khelladi.jpeg\",\"articleSection\":[\"\u00c9conomie\"],\"inLanguage\":\"fr-FR\",\"potentialAction\":[{\"@type\":\"CommentAction\",\"name\":\"Comment\",\"target\":[\"https:\\\/\\\/lasentinelle.dz\\\/index.php\\\/2023\\\/06\\\/21\\\/integrer-les-resultats-de-la-recherche-au-monde-de-lentreprise\\\/#respond\"]}]},{\"@type\":\"WebPage\",\"@id\":\"https:\\\/\\\/lasentinelle.dz\\\/index.php\\\/2023\\\/06\\\/21\\\/integrer-les-resultats-de-la-recherche-au-monde-de-lentreprise\\\/\",\"url\":\"https:\\\/\\\/lasentinelle.dz\\\/index.php\\\/2023\\\/06\\\/21\\\/integrer-les-resultats-de-la-recherche-au-monde-de-lentreprise\\\/\",\"name\":\"Int\u00e9grer les r\u00e9sultats de la recherche au monde de l\u2019entreprise - La Sentinelle\",\"isPartOf\":{\"@id\":\"https:\\\/\\\/lasentinelle.dz\\\/#website\"},\"primaryImageOfPage\":{\"@id\":\"https:\\\/\\\/lasentinelle.dz\\\/index.php\\\/2023\\\/06\\\/21\\\/integrer-les-resultats-de-la-recherche-au-monde-de-lentreprise\\\/#primaryimage\"},\"image\":{\"@id\":\"https:\\\/\\\/lasentinelle.dz\\\/index.php\\\/2023\\\/06\\\/21\\\/integrer-les-resultats-de-la-recherche-au-monde-de-lentreprise\\\/#primaryimage\"},\"thumbnailUrl\":\"https:\\\/\\\/lasentinelle.dz\\\/wp-content\\\/uploads\\\/2023\\\/06\\\/khelladi.jpeg\",\"datePublished\":\"2023-06-21T22:02:41+00:00\",\"dateModified\":\"2023-06-21T22:02:43+00:00\",\"breadcrumb\":{\"@id\":\"https:\\\/\\\/lasentinelle.dz\\\/index.php\\\/2023\\\/06\\\/21\\\/integrer-les-resultats-de-la-recherche-au-monde-de-lentreprise\\\/#breadcrumb\"},\"inLanguage\":\"fr-FR\",\"potentialAction\":[{\"@type\":\"ReadAction\",\"target\":[\"https:\\\/\\\/lasentinelle.dz\\\/index.php\\\/2023\\\/06\\\/21\\\/integrer-les-resultats-de-la-recherche-au-monde-de-lentreprise\\\/\"]}]},{\"@type\":\"ImageObject\",\"inLanguage\":\"fr-FR\",\"@id\":\"https:\\\/\\\/lasentinelle.dz\\\/index.php\\\/2023\\\/06\\\/21\\\/integrer-les-resultats-de-la-recherche-au-monde-de-lentreprise\\\/#primaryimage\",\"url\":\"https:\\\/\\\/lasentinelle.dz\\\/wp-content\\\/uploads\\\/2023\\\/06\\\/khelladi.jpeg\",\"contentUrl\":\"https:\\\/\\\/lasentinelle.dz\\\/wp-content\\\/uploads\\\/2023\\\/06\\\/khelladi.jpeg\",\"width\":1920,\"height\":1280},{\"@type\":\"BreadcrumbList\",\"@id\":\"https:\\\/\\\/lasentinelle.dz\\\/index.php\\\/2023\\\/06\\\/21\\\/integrer-les-resultats-de-la-recherche-au-monde-de-lentreprise\\\/#breadcrumb\",\"itemListElement\":[{\"@type\":\"ListItem\",\"position\":1,\"name\":\"Accueil\",\"item\":\"https:\\\/\\\/lasentinelle.dz\\\/\"},{\"@type\":\"ListItem\",\"position\":2,\"name\":\"Int\u00e9grer les r\u00e9sultats de la recherche au monde de l\u2019entreprise\"}]},{\"@type\":\"WebSite\",\"@id\":\"https:\\\/\\\/lasentinelle.dz\\\/#website\",\"url\":\"https:\\\/\\\/lasentinelle.dz\\\/\",\"name\":\"La Sentinelle\",\"description\":\"Quotidien national d&#039;information\",\"publisher\":{\"@id\":\"https:\\\/\\\/lasentinelle.dz\\\/#organization\"},\"potentialAction\":[{\"@type\":\"SearchAction\",\"target\":{\"@type\":\"EntryPoint\",\"urlTemplate\":\"https:\\\/\\\/lasentinelle.dz\\\/?s={search_term_string}\"},\"query-input\":{\"@type\":\"PropertyValueSpecification\",\"valueRequired\":true,\"valueName\":\"search_term_string\"}}],\"inLanguage\":\"fr-FR\"},{\"@type\":\"Organization\",\"@id\":\"https:\\\/\\\/lasentinelle.dz\\\/#organization\",\"name\":\"Quotidien La Sentinelle\",\"url\":\"https:\\\/\\\/lasentinelle.dz\\\/\",\"logo\":{\"@type\":\"ImageObject\",\"inLanguage\":\"fr-FR\",\"@id\":\"https:\\\/\\\/lasentinelle.dz\\\/#\\\/schema\\\/logo\\\/image\\\/\",\"url\":\"https:\\\/\\\/lasentinelle.dz\\\/wp-content\\\/uploads\\\/2021\\\/09\\\/logo-sentinelleSLOGAN-1.png\",\"contentUrl\":\"https:\\\/\\\/lasentinelle.dz\\\/wp-content\\\/uploads\\\/2021\\\/09\\\/logo-sentinelleSLOGAN-1.png\",\"width\":615,\"height\":142,\"caption\":\"Quotidien La Sentinelle\"},\"image\":{\"@id\":\"https:\\\/\\\/lasentinelle.dz\\\/#\\\/schema\\\/logo\\\/image\\\/\"},\"sameAs\":[\"https:\\\/\\\/www.facebook.com\\\/La-Sentinelle-104059864394773\"]},{\"@type\":\"Person\",\"@id\":\"https:\\\/\\\/lasentinelle.dz\\\/#\\\/schema\\\/person\\\/d865044e22e70a75174ce8bcad3acfb3\",\"name\":\"La Sentinelle\",\"image\":{\"@type\":\"ImageObject\",\"inLanguage\":\"fr-FR\",\"@id\":\"https:\\\/\\\/secure.gravatar.com\\\/avatar\\\/57de8e5d4b15d43fb361a71fbb36338450fe67865b528a43dd10ef7c51a20392?s=96&d=mm&r=g\",\"url\":\"https:\\\/\\\/secure.gravatar.com\\\/avatar\\\/57de8e5d4b15d43fb361a71fbb36338450fe67865b528a43dd10ef7c51a20392?s=96&d=mm&r=g\",\"contentUrl\":\"https:\\\/\\\/secure.gravatar.com\\\/avatar\\\/57de8e5d4b15d43fb361a71fbb36338450fe67865b528a43dd10ef7c51a20392?s=96&d=mm&r=g\",\"caption\":\"La Sentinelle\"},\"sameAs\":[\"http:\\\/\\\/www.lasentinelle.dz\"],\"url\":\"https:\\\/\\\/lasentinelle.dz\\\/author\\\/redaction\\\/\"}]}<\/script>\n<!-- \/ Yoast SEO plugin. -->","yoast_head_json":{"title":"Int\u00e9grer les r\u00e9sultats de la recherche au monde de l\u2019entreprise - La Sentinelle","robots":{"index":"index","follow":"follow","max-snippet":"max-snippet:-1","max-image-preview":"max-image-preview:large","max-video-preview":"max-video-preview:-1"},"canonical":"https:\/\/lasentinelle.dz\/index.php\/2023\/06\/21\/integrer-les-resultats-de-la-recherche-au-monde-de-lentreprise\/","og_locale":"fr_FR","og_type":"article","og_title":"Int\u00e9grer les r\u00e9sultats de la recherche au monde de l\u2019entreprise - La Sentinelle","og_description":"Le pr\u00e9sident du Conseil national \u00e9conomique, social et environnemental (CNESE), Sidi Mohammed Bouchenak Khelladi, a appel\u00e9, hier \u00e0 l\u2019ouverture de","og_url":"https:\/\/lasentinelle.dz\/index.php\/2023\/06\/21\/integrer-les-resultats-de-la-recherche-au-monde-de-lentreprise\/","og_site_name":"La Sentinelle","article_publisher":"https:\/\/www.facebook.com\/La-Sentinelle-104059864394773","article_published_time":"2023-06-21T22:02:41+00:00","article_modified_time":"2023-06-21T22:02:43+00:00","og_image":[{"width":1920,"height":1280,"url":"https:\/\/lasentinelle.dz\/wp-content\/uploads\/2023\/06\/khelladi.jpeg","type":"image\/jpeg"}],"author":"La Sentinelle","twitter_card":"summary_large_image","twitter_misc":{"\u00c9crit par":"La Sentinelle","Dur\u00e9e de lecture estim\u00e9e":"4 minutes"},"schema":{"@context":"https:\/\/schema.org","@graph":[{"@type":"Article","@id":"https:\/\/lasentinelle.dz\/index.php\/2023\/06\/21\/integrer-les-resultats-de-la-recherche-au-monde-de-lentreprise\/#article","isPartOf":{"@id":"https:\/\/lasentinelle.dz\/index.php\/2023\/06\/21\/integrer-les-resultats-de-la-recherche-au-monde-de-lentreprise\/"},"author":{"name":"La Sentinelle","@id":"https:\/\/lasentinelle.dz\/#\/schema\/person\/d865044e22e70a75174ce8bcad3acfb3"},"headline":"Int\u00e9grer les r\u00e9sultats de la recherche au monde de l\u2019entreprise","datePublished":"2023-06-21T22:02:41+00:00","dateModified":"2023-06-21T22:02:43+00:00","mainEntityOfPage":{"@id":"https:\/\/lasentinelle.dz\/index.php\/2023\/06\/21\/integrer-les-resultats-de-la-recherche-au-monde-de-lentreprise\/"},"wordCount":693,"commentCount":0,"publisher":{"@id":"https:\/\/lasentinelle.dz\/#organization"},"image":{"@id":"https:\/\/lasentinelle.dz\/index.php\/2023\/06\/21\/integrer-les-resultats-de-la-recherche-au-monde-de-lentreprise\/#primaryimage"},"thumbnailUrl":"https:\/\/lasentinelle.dz\/wp-content\/uploads\/2023\/06\/khelladi.jpeg","articleSection":["\u00c9conomie"],"inLanguage":"fr-FR","potentialAction":[{"@type":"CommentAction","name":"Comment","target":["https:\/\/lasentinelle.dz\/index.php\/2023\/06\/21\/integrer-les-resultats-de-la-recherche-au-monde-de-lentreprise\/#respond"]}]},{"@type":"WebPage","@id":"https:\/\/lasentinelle.dz\/index.php\/2023\/06\/21\/integrer-les-resultats-de-la-recherche-au-monde-de-lentreprise\/","url":"https:\/\/lasentinelle.dz\/index.php\/2023\/06\/21\/integrer-les-resultats-de-la-recherche-au-monde-de-lentreprise\/","name":"Int\u00e9grer les r\u00e9sultats de la recherche au monde de l\u2019entreprise - La Sentinelle","isPartOf":{"@id":"https:\/\/lasentinelle.dz\/#website"},"primaryImageOfPage":{"@id":"https:\/\/lasentinelle.dz\/index.php\/2023\/06\/21\/integrer-les-resultats-de-la-recherche-au-monde-de-lentreprise\/#primaryimage"},"image":{"@id":"https:\/\/lasentinelle.dz\/index.php\/2023\/06\/21\/integrer-les-resultats-de-la-recherche-au-monde-de-lentreprise\/#primaryimage"},"thumbnailUrl":"https:\/\/lasentinelle.dz\/wp-content\/uploads\/2023\/06\/khelladi.jpeg","datePublished":"2023-06-21T22:02:41+00:00","dateModified":"2023-06-21T22:02:43+00:00","breadcrumb":{"@id":"https:\/\/lasentinelle.dz\/index.php\/2023\/06\/21\/integrer-les-resultats-de-la-recherche-au-monde-de-lentreprise\/#breadcrumb"},"inLanguage":"fr-FR","potentialAction":[{"@type":"ReadAction","target":["https:\/\/lasentinelle.dz\/index.php\/2023\/06\/21\/integrer-les-resultats-de-la-recherche-au-monde-de-lentreprise\/"]}]},{"@type":"ImageObject","inLanguage":"fr-FR","@id":"https:\/\/lasentinelle.dz\/index.php\/2023\/06\/21\/integrer-les-resultats-de-la-recherche-au-monde-de-lentreprise\/#primaryimage","url":"https:\/\/lasentinelle.dz\/wp-content\/uploads\/2023\/06\/khelladi.jpeg","contentUrl":"https:\/\/lasentinelle.dz\/wp-content\/uploads\/2023\/06\/khelladi.jpeg","width":1920,"height":1280},{"@type":"BreadcrumbList","@id":"https:\/\/lasentinelle.dz\/index.php\/2023\/06\/21\/integrer-les-resultats-de-la-recherche-au-monde-de-lentreprise\/#breadcrumb","itemListElement":[{"@type":"ListItem","position":1,"name":"Accueil","item":"https:\/\/lasentinelle.dz\/"},{"@type":"ListItem","position":2,"name":"Int\u00e9grer les r\u00e9sultats de la recherche au monde de l\u2019entreprise"}]},{"@type":"WebSite","@id":"https:\/\/lasentinelle.dz\/#website","url":"https:\/\/lasentinelle.dz\/","name":"La Sentinelle","description":"Quotidien national d&#039;information","publisher":{"@id":"https:\/\/lasentinelle.dz\/#organization"},"potentialAction":[{"@type":"SearchAction","target":{"@type":"EntryPoint","urlTemplate":"https:\/\/lasentinelle.dz\/?s={search_term_string}"},"query-input":{"@type":"PropertyValueSpecification","valueRequired":true,"valueName":"search_term_string"}}],"inLanguage":"fr-FR"},{"@type":"Organization","@id":"https:\/\/lasentinelle.dz\/#organization","name":"Quotidien La Sentinelle","url":"https:\/\/lasentinelle.dz\/","logo":{"@type":"ImageObject","inLanguage":"fr-FR","@id":"https:\/\/lasentinelle.dz\/#\/schema\/logo\/image\/","url":"https:\/\/lasentinelle.dz\/wp-content\/uploads\/2021\/09\/logo-sentinelleSLOGAN-1.png","contentUrl":"https:\/\/lasentinelle.dz\/wp-content\/uploads\/2021\/09\/logo-sentinelleSLOGAN-1.png","width":615,"height":142,"caption":"Quotidien La Sentinelle"},"image":{"@id":"https:\/\/lasentinelle.dz\/#\/schema\/logo\/image\/"},"sameAs":["https:\/\/www.facebook.com\/La-Sentinelle-104059864394773"]},{"@type":"Person","@id":"https:\/\/lasentinelle.dz\/#\/schema\/person\/d865044e22e70a75174ce8bcad3acfb3","name":"La Sentinelle","image":{"@type":"ImageObject","inLanguage":"fr-FR","@id":"https:\/\/secure.gravatar.com\/avatar\/57de8e5d4b15d43fb361a71fbb36338450fe67865b528a43dd10ef7c51a20392?s=96&d=mm&r=g","url":"https:\/\/secure.gravatar.com\/avatar\/57de8e5d4b15d43fb361a71fbb36338450fe67865b528a43dd10ef7c51a20392?s=96&d=mm&r=g","contentUrl":"https:\/\/secure.gravatar.com\/avatar\/57de8e5d4b15d43fb361a71fbb36338450fe67865b528a43dd10ef7c51a20392?s=96&d=mm&r=g","caption":"La Sentinelle"},"sameAs":["http:\/\/www.lasentinelle.dz"],"url":"https:\/\/lasentinelle.dz\/author\/redaction\/"}]}},"_links":{"self":[{"href":"https:\/\/lasentinelle.dz\/index.php\/wp-json\/wp\/v2\/posts\/42961","targetHints":{"allow":["GET"]}}],"collection":[{"href":"https:\/\/lasentinelle.dz\/index.php\/wp-json\/wp\/v2\/posts"}],"about":[{"href":"https:\/\/lasentinelle.dz\/index.php\/wp-json\/wp\/v2\/types\/post"}],"author":[{"embeddable":true,"href":"https:\/\/lasentinelle.dz\/index.php\/wp-json\/wp\/v2\/users\/3"}],"replies":[{"embeddable":true,"href":"https:\/\/lasentinelle.dz\/index.php\/wp-json\/wp\/v2\/comments?post=42961"}],"version-history":[{"count":1,"href":"https:\/\/lasentinelle.dz\/index.php\/wp-json\/wp\/v2\/posts\/42961\/revisions"}],"predecessor-version":[{"id":42963,"href":"https:\/\/lasentinelle.dz\/index.php\/wp-json\/wp\/v2\/posts\/42961\/revisions\/42963"}],"wp:featuredmedia":[{"embeddable":true,"href":"https:\/\/lasentinelle.dz\/index.php\/wp-json\/wp\/v2\/media\/42962"}],"wp:attachment":[{"href":"https:\/\/lasentinelle.dz\/index.php\/wp-json\/wp\/v2\/media?parent=42961"}],"wp:term":[{"taxonomy":"category","embeddable":true,"href":"https:\/\/lasentinelle.dz\/index.php\/wp-json\/wp\/v2\/categories?post=42961"},{"taxonomy":"post_tag","embeddable":true,"href":"https:\/\/lasentinelle.dz\/index.php\/wp-json\/wp\/v2\/tags?post=42961"}],"curies":[{"name":"wp","href":"https:\/\/api.w.org\/{rel}","templated":true}]}}