{"id":42980,"date":"2023-06-21T23:14:24","date_gmt":"2023-06-21T22:14:24","guid":{"rendered":"https:\/\/lasentinelle.dz\/?p=42980"},"modified":"2023-06-21T23:14:25","modified_gmt":"2023-06-21T22:14:25","slug":"autorite-nationale-independante-des-elections-charfi-insiste-sur-la-transparence-des-processus-electoraux","status":"publish","type":"post","link":"https:\/\/lasentinelle.dz\/index.php\/2023\/06\/21\/autorite-nationale-independante-des-elections-charfi-insiste-sur-la-transparence-des-processus-electoraux\/","title":{"rendered":"Autorit\u00e9 nationale ind\u00e9pendante des \u00e9lections&nbsp;: Charfi insiste sur la transparence des processus \u00e9lectoraux"},"content":{"rendered":"\n<p>Le pr\u00e9sident de l\u2019Autorit\u00e9 nationale ind\u00e9pendante des \u00e9lections, Mohamed Charfi, a appel\u00e9 hier \u00e0 convergence des efforts de tous les acteurs pour garantir l&rsquo;int\u00e9grit\u00e9 et la transparence des \u00e9lections.<\/p>\n\n\n\n<p>La transparence des \u00e9lections a \u00e9t\u00e9 hier au c\u0153ur d\u2019un colloque organis\u00e9 par l\u2019Autorit\u00e9 nationale ind\u00e9pendante des \u00e9lections. L\u2019occasion pour le pr\u00e9sident de cette instance de souligner l\u2019importance de la transparence des \u00e9lections dans la consolidation de la stabilit\u00e9 de la Nation. Mohamed Charfi a ainsi soulign\u00e9 que les processus \u00e9lectoraux sont \u00ab\u00a0un axe fondamental pour la protection et la stabilit\u00e9 de la nation\u00a0\u00bb, mettant en \u00e9vidence que la protection de l&rsquo;individu contre les influences ext\u00e9rieures \u00ab\u00a0d\u00e9pend de la protection de sa libert\u00e9 et de ses choix\u00a0\u00bb. Charfi qui a annonc\u00e9 que l\u2019Anie \u00ab\u00a0\u00e9labore actuellement un programme intensif en coordination avec les institutions concern\u00e9es pour sensibiliser la jeune g\u00e9n\u00e9ration et la prot\u00e9ger des influences n\u00e9gatives\u00a0\u00bb, a appel\u00e9 &nbsp;\u00e0 la \u00ab\u00a0convergence des efforts de tous les acteurs pour garantir l&rsquo;int\u00e9grit\u00e9 et la transparence des \u00e9lections en renfor\u00e7ant la conscience citoyenne et en permettant \u00e0 chaque individu d&rsquo;exercer son devoir \u00e9lectoral en toute libert\u00e9 et dans des conditions saines\u00a0\u00bb. Il a \u00e9galement explique l\u2019organisation de ce colloque par l\u2019ANIE&nbsp; s&rsquo;inscrit dans \u00ab\u00a0une d\u00e9marche visant \u00e0 concr\u00e9tiser et consolider la d\u00e9mocratie et \u00e0 promouvoir la vie politique participative\u00a0\u00bb, ajoutant que \u00ab\u00a0les enjeux actuels ne se limitent pas seulement \u00e0 l&rsquo;organisation d\u00e9mocratique, mais aussi aux nouveaux facteurs introduits dans la question \u00e9lectorale et \u00e0 leurs impacts sur la libert\u00e9 de choix des individus, tels qu&rsquo;observ\u00e9s \u00e0 travers les r\u00e9seaux sociaux\u00a0\u00bb.<\/p>\n\n\n\n<p>De son c\u00f4t\u00e9, Fatiha Benabbou, membre de la Cour constitutionnelle, a mis en avant le r\u00f4le de l&rsquo;Autorit\u00e9 nationale ind\u00e9pendante des \u00e9lections dans \u00ab\u00a0la garantie du processus \u00e9lectoral en veillant \u00e0 la tenue d&rsquo;\u00e9lections libres et transparentes\u00a0\u00bb. Elle a \u00e9galement affirm\u00e9 que cette institution est \u00ab\u00a0habilit\u00e9e \u00e0 exercer ses fonctions de supervision des \u00e9lections en toute libert\u00e9 et int\u00e9grit\u00e9, pr\u00e9servant ainsi les choix du peuple garantis par la Constitution\u00a0\u00bb. Dans le m\u00eame contexte, la pr\u00e9sidente de la Haute Autorit\u00e9 de transparence, de pr\u00e9vention et de lutte contre la corruption, Salima Mestari, a soulign\u00e9 que la lutte contre la corruption \u00ab\u00a0n\u00e9cessite la transparence \u00e0 toutes les \u00e9tapes du processus \u00e9lectoral en cr\u00e9ant un environnement o\u00f9 l&rsquo;information est accessible au public\u00a0\u00bb, ajoutant que cela n\u00e9cessite que les institutions charg\u00e9es de la supervision des \u00e9lections soient \u00ab\u00a0financi\u00e8rement et mat\u00e9riellement ind\u00e9pendantes\u00a0\u00bb. Elle a \u00e9galement soulign\u00e9 l&rsquo;importance de \u00ab\u00a0garantir la neutralit\u00e9 de l&rsquo;administration et d&rsquo;adopter des m\u00e9canismes de recours administratif et judiciaire, ainsi qu&rsquo;un syst\u00e8me de contr\u00f4le administratif, tout en activant la num\u00e9risation en tant que solution plus efficace et unique pour \u00e9radiquer les foyers de corruption\u00a0\u00bb. De son c\u00f4t\u00e9, le pr\u00e9sident de l&rsquo;Autorit\u00e9 nationale de protection des donn\u00e9es personnelles, Lotfi Boudjemaa, a abord\u00e9 les \u00ab\u00a0garanties l\u00e9gales de protection des donn\u00e9es personnelles des \u00e9lecteurs et des candidats\u00a0\u00bb, consid\u00e9rant que la protection du droit \u00e0 la vie priv\u00e9e \u00ab\u00a0est devenue plus importante parall\u00e8lement au d\u00e9veloppement technologique et \u00e0 l&rsquo;ouverture sur le monde\u00a0\u00bb.<\/p>\n\n\n\n<p><strong>Chokri Hafed<\/strong><\/p>\n","protected":false},"excerpt":{"rendered":"<p>Le pr\u00e9sident de l\u2019Autorit\u00e9 nationale ind\u00e9pendante des \u00e9lections, Mohamed Charfi, a appel\u00e9 hier \u00e0 convergence des efforts de tous les<\/p>\n","protected":false},"author":3,"featured_media":32042,"comment_status":"open","ping_status":"closed","sticky":false,"template":"","format":"standard","meta":{"colormag_page_container_layout":"default_layout","colormag_page_sidebar_layout":"default_layout","om_disable_all_campaigns":false,"_monsterinsights_skip_tracking":false,"_monsterinsights_sitenote_active":false,"_monsterinsights_sitenote_note":"","_monsterinsights_sitenote_category":0,"footnotes":"","_wpscppro_dont_share_socialmedia":false,"_wpscppro_custom_social_share_image":0,"_facebook_share_type":"","_twitter_share_type":"","_linkedin_share_type":"","_pinterest_share_type":"","_linkedin_share_type_page":"","_instagram_share_type":"","_medium_share_type":"","_threads_share_type":"","_google_business_share_type":"","_selected_social_profile":[],"_wpsp_enable_custom_social_template":false,"_wpsp_social_scheduling":{"enabled":false,"datetime":null,"platforms":[],"status":"template_only","dateOption":"today","timeOption":"now","customDays":"","customHours":"","customDate":"","customTime":"","schedulingType":"absolute"},"_wpsp_active_default_template":true},"categories":[52,27],"tags":[],"class_list":["post-42980","post","type-post","status-publish","format-standard","has-post-thumbnail","hentry","category-a-la-une","category-actualite"],"aioseo_notices":[],"yoast_head":"<!-- This site is optimized with the Yoast SEO plugin v27.5 - https:\/\/yoast.com\/product\/yoast-seo-wordpress\/ -->\n<title>Autorit\u00e9 nationale ind\u00e9pendante des \u00e9lections&nbsp;: Charfi insiste sur la transparence des processus \u00e9lectoraux - La Sentinelle<\/title>\n<meta name=\"robots\" content=\"index, follow, max-snippet:-1, max-image-preview:large, max-video-preview:-1\" \/>\n<link rel=\"canonical\" href=\"https:\/\/lasentinelle.dz\/index.php\/2023\/06\/21\/autorite-nationale-independante-des-elections-charfi-insiste-sur-la-transparence-des-processus-electoraux\/\" \/>\n<meta property=\"og:locale\" content=\"fr_FR\" \/>\n<meta property=\"og:type\" content=\"article\" \/>\n<meta property=\"og:title\" content=\"Autorit\u00e9 nationale ind\u00e9pendante des \u00e9lections&nbsp;: Charfi insiste sur la transparence des processus \u00e9lectoraux - La Sentinelle\" \/>\n<meta property=\"og:description\" content=\"Le pr\u00e9sident de l\u2019Autorit\u00e9 nationale ind\u00e9pendante des \u00e9lections, Mohamed Charfi, a appel\u00e9 hier \u00e0 convergence des efforts de tous les\" \/>\n<meta property=\"og:url\" content=\"https:\/\/lasentinelle.dz\/index.php\/2023\/06\/21\/autorite-nationale-independante-des-elections-charfi-insiste-sur-la-transparence-des-processus-electoraux\/\" \/>\n<meta property=\"og:site_name\" content=\"La Sentinelle\" \/>\n<meta property=\"article:publisher\" content=\"https:\/\/www.facebook.com\/La-Sentinelle-104059864394773\" \/>\n<meta property=\"article:published_time\" content=\"2023-06-21T22:14:24+00:00\" \/>\n<meta property=\"article:modified_time\" content=\"2023-06-21T22:14:25+00:00\" \/>\n<meta property=\"og:image\" content=\"https:\/\/lasentinelle.dz\/wp-content\/uploads\/2022\/12\/Charfi.png\" \/>\n\t<meta property=\"og:image:width\" content=\"1491\" \/>\n\t<meta property=\"og:image:height\" content=\"900\" \/>\n\t<meta property=\"og:image:type\" content=\"image\/png\" \/>\n<meta name=\"author\" content=\"La Sentinelle\" \/>\n<meta name=\"twitter:card\" content=\"summary_large_image\" \/>\n<meta name=\"twitter:label1\" content=\"\u00c9crit par\" \/>\n\t<meta name=\"twitter:data1\" content=\"La Sentinelle\" \/>\n\t<meta name=\"twitter:label2\" content=\"Dur\u00e9e de lecture estim\u00e9e\" \/>\n\t<meta name=\"twitter:data2\" content=\"3 minutes\" \/>\n<script type=\"application\/ld+json\" class=\"yoast-schema-graph\">{\"@context\":\"https:\\\/\\\/schema.org\",\"@graph\":[{\"@type\":\"Article\",\"@id\":\"https:\\\/\\\/lasentinelle.dz\\\/index.php\\\/2023\\\/06\\\/21\\\/autorite-nationale-independante-des-elections-charfi-insiste-sur-la-transparence-des-processus-electoraux\\\/#article\",\"isPartOf\":{\"@id\":\"https:\\\/\\\/lasentinelle.dz\\\/index.php\\\/2023\\\/06\\\/21\\\/autorite-nationale-independante-des-elections-charfi-insiste-sur-la-transparence-des-processus-electoraux\\\/\"},\"author\":{\"name\":\"La Sentinelle\",\"@id\":\"https:\\\/\\\/lasentinelle.dz\\\/#\\\/schema\\\/person\\\/d865044e22e70a75174ce8bcad3acfb3\"},\"headline\":\"Autorit\u00e9 nationale ind\u00e9pendante des \u00e9lections&nbsp;: Charfi insiste sur la transparence des processus \u00e9lectoraux\",\"datePublished\":\"2023-06-21T22:14:24+00:00\",\"dateModified\":\"2023-06-21T22:14:25+00:00\",\"mainEntityOfPage\":{\"@id\":\"https:\\\/\\\/lasentinelle.dz\\\/index.php\\\/2023\\\/06\\\/21\\\/autorite-nationale-independante-des-elections-charfi-insiste-sur-la-transparence-des-processus-electoraux\\\/\"},\"wordCount\":571,\"commentCount\":0,\"publisher\":{\"@id\":\"https:\\\/\\\/lasentinelle.dz\\\/#organization\"},\"image\":{\"@id\":\"https:\\\/\\\/lasentinelle.dz\\\/index.php\\\/2023\\\/06\\\/21\\\/autorite-nationale-independante-des-elections-charfi-insiste-sur-la-transparence-des-processus-electoraux\\\/#primaryimage\"},\"thumbnailUrl\":\"https:\\\/\\\/lasentinelle.dz\\\/wp-content\\\/uploads\\\/2022\\\/12\\\/Charfi.png\",\"articleSection\":[\"\u00c0 la Une\",\"Actualit\u00e9\"],\"inLanguage\":\"fr-FR\",\"potentialAction\":[{\"@type\":\"CommentAction\",\"name\":\"Comment\",\"target\":[\"https:\\\/\\\/lasentinelle.dz\\\/index.php\\\/2023\\\/06\\\/21\\\/autorite-nationale-independante-des-elections-charfi-insiste-sur-la-transparence-des-processus-electoraux\\\/#respond\"]}]},{\"@type\":\"WebPage\",\"@id\":\"https:\\\/\\\/lasentinelle.dz\\\/index.php\\\/2023\\\/06\\\/21\\\/autorite-nationale-independante-des-elections-charfi-insiste-sur-la-transparence-des-processus-electoraux\\\/\",\"url\":\"https:\\\/\\\/lasentinelle.dz\\\/index.php\\\/2023\\\/06\\\/21\\\/autorite-nationale-independante-des-elections-charfi-insiste-sur-la-transparence-des-processus-electoraux\\\/\",\"name\":\"Autorit\u00e9 nationale ind\u00e9pendante des \u00e9lections&nbsp;: Charfi insiste sur la transparence des processus \u00e9lectoraux - La Sentinelle\",\"isPartOf\":{\"@id\":\"https:\\\/\\\/lasentinelle.dz\\\/#website\"},\"primaryImageOfPage\":{\"@id\":\"https:\\\/\\\/lasentinelle.dz\\\/index.php\\\/2023\\\/06\\\/21\\\/autorite-nationale-independante-des-elections-charfi-insiste-sur-la-transparence-des-processus-electoraux\\\/#primaryimage\"},\"image\":{\"@id\":\"https:\\\/\\\/lasentinelle.dz\\\/index.php\\\/2023\\\/06\\\/21\\\/autorite-nationale-independante-des-elections-charfi-insiste-sur-la-transparence-des-processus-electoraux\\\/#primaryimage\"},\"thumbnailUrl\":\"https:\\\/\\\/lasentinelle.dz\\\/wp-content\\\/uploads\\\/2022\\\/12\\\/Charfi.png\",\"datePublished\":\"2023-06-21T22:14:24+00:00\",\"dateModified\":\"2023-06-21T22:14:25+00:00\",\"breadcrumb\":{\"@id\":\"https:\\\/\\\/lasentinelle.dz\\\/index.php\\\/2023\\\/06\\\/21\\\/autorite-nationale-independante-des-elections-charfi-insiste-sur-la-transparence-des-processus-electoraux\\\/#breadcrumb\"},\"inLanguage\":\"fr-FR\",\"potentialAction\":[{\"@type\":\"ReadAction\",\"target\":[\"https:\\\/\\\/lasentinelle.dz\\\/index.php\\\/2023\\\/06\\\/21\\\/autorite-nationale-independante-des-elections-charfi-insiste-sur-la-transparence-des-processus-electoraux\\\/\"]}]},{\"@type\":\"ImageObject\",\"inLanguage\":\"fr-FR\",\"@id\":\"https:\\\/\\\/lasentinelle.dz\\\/index.php\\\/2023\\\/06\\\/21\\\/autorite-nationale-independante-des-elections-charfi-insiste-sur-la-transparence-des-processus-electoraux\\\/#primaryimage\",\"url\":\"https:\\\/\\\/lasentinelle.dz\\\/wp-content\\\/uploads\\\/2022\\\/12\\\/Charfi.png\",\"contentUrl\":\"https:\\\/\\\/lasentinelle.dz\\\/wp-content\\\/uploads\\\/2022\\\/12\\\/Charfi.png\",\"width\":1491,\"height\":900},{\"@type\":\"BreadcrumbList\",\"@id\":\"https:\\\/\\\/lasentinelle.dz\\\/index.php\\\/2023\\\/06\\\/21\\\/autorite-nationale-independante-des-elections-charfi-insiste-sur-la-transparence-des-processus-electoraux\\\/#breadcrumb\",\"itemListElement\":[{\"@type\":\"ListItem\",\"position\":1,\"name\":\"Accueil\",\"item\":\"https:\\\/\\\/lasentinelle.dz\\\/\"},{\"@type\":\"ListItem\",\"position\":2,\"name\":\"Autorit\u00e9 nationale ind\u00e9pendante des \u00e9lections&nbsp;: Charfi insiste sur la transparence des processus \u00e9lectoraux\"}]},{\"@type\":\"WebSite\",\"@id\":\"https:\\\/\\\/lasentinelle.dz\\\/#website\",\"url\":\"https:\\\/\\\/lasentinelle.dz\\\/\",\"name\":\"La Sentinelle\",\"description\":\"Quotidien national d&#039;information\",\"publisher\":{\"@id\":\"https:\\\/\\\/lasentinelle.dz\\\/#organization\"},\"potentialAction\":[{\"@type\":\"SearchAction\",\"target\":{\"@type\":\"EntryPoint\",\"urlTemplate\":\"https:\\\/\\\/lasentinelle.dz\\\/?s={search_term_string}\"},\"query-input\":{\"@type\":\"PropertyValueSpecification\",\"valueRequired\":true,\"valueName\":\"search_term_string\"}}],\"inLanguage\":\"fr-FR\"},{\"@type\":\"Organization\",\"@id\":\"https:\\\/\\\/lasentinelle.dz\\\/#organization\",\"name\":\"Quotidien La Sentinelle\",\"url\":\"https:\\\/\\\/lasentinelle.dz\\\/\",\"logo\":{\"@type\":\"ImageObject\",\"inLanguage\":\"fr-FR\",\"@id\":\"https:\\\/\\\/lasentinelle.dz\\\/#\\\/schema\\\/logo\\\/image\\\/\",\"url\":\"https:\\\/\\\/lasentinelle.dz\\\/wp-content\\\/uploads\\\/2021\\\/09\\\/logo-sentinelleSLOGAN-1.png\",\"contentUrl\":\"https:\\\/\\\/lasentinelle.dz\\\/wp-content\\\/uploads\\\/2021\\\/09\\\/logo-sentinelleSLOGAN-1.png\",\"width\":615,\"height\":142,\"caption\":\"Quotidien La Sentinelle\"},\"image\":{\"@id\":\"https:\\\/\\\/lasentinelle.dz\\\/#\\\/schema\\\/logo\\\/image\\\/\"},\"sameAs\":[\"https:\\\/\\\/www.facebook.com\\\/La-Sentinelle-104059864394773\"]},{\"@type\":\"Person\",\"@id\":\"https:\\\/\\\/lasentinelle.dz\\\/#\\\/schema\\\/person\\\/d865044e22e70a75174ce8bcad3acfb3\",\"name\":\"La Sentinelle\",\"image\":{\"@type\":\"ImageObject\",\"inLanguage\":\"fr-FR\",\"@id\":\"https:\\\/\\\/secure.gravatar.com\\\/avatar\\\/57de8e5d4b15d43fb361a71fbb36338450fe67865b528a43dd10ef7c51a20392?s=96&d=mm&r=g\",\"url\":\"https:\\\/\\\/secure.gravatar.com\\\/avatar\\\/57de8e5d4b15d43fb361a71fbb36338450fe67865b528a43dd10ef7c51a20392?s=96&d=mm&r=g\",\"contentUrl\":\"https:\\\/\\\/secure.gravatar.com\\\/avatar\\\/57de8e5d4b15d43fb361a71fbb36338450fe67865b528a43dd10ef7c51a20392?s=96&d=mm&r=g\",\"caption\":\"La Sentinelle\"},\"sameAs\":[\"http:\\\/\\\/www.lasentinelle.dz\"],\"url\":\"https:\\\/\\\/lasentinelle.dz\\\/author\\\/redaction\\\/\"}]}<\/script>\n<!-- \/ Yoast SEO plugin. -->","yoast_head_json":{"title":"Autorit\u00e9 nationale ind\u00e9pendante des \u00e9lections&nbsp;: Charfi insiste sur la transparence des processus \u00e9lectoraux - La Sentinelle","robots":{"index":"index","follow":"follow","max-snippet":"max-snippet:-1","max-image-preview":"max-image-preview:large","max-video-preview":"max-video-preview:-1"},"canonical":"https:\/\/lasentinelle.dz\/index.php\/2023\/06\/21\/autorite-nationale-independante-des-elections-charfi-insiste-sur-la-transparence-des-processus-electoraux\/","og_locale":"fr_FR","og_type":"article","og_title":"Autorit\u00e9 nationale ind\u00e9pendante des \u00e9lections&nbsp;: Charfi insiste sur la transparence des processus \u00e9lectoraux - La Sentinelle","og_description":"Le pr\u00e9sident de l\u2019Autorit\u00e9 nationale ind\u00e9pendante des \u00e9lections, Mohamed Charfi, a appel\u00e9 hier \u00e0 convergence des efforts de tous les","og_url":"https:\/\/lasentinelle.dz\/index.php\/2023\/06\/21\/autorite-nationale-independante-des-elections-charfi-insiste-sur-la-transparence-des-processus-electoraux\/","og_site_name":"La Sentinelle","article_publisher":"https:\/\/www.facebook.com\/La-Sentinelle-104059864394773","article_published_time":"2023-06-21T22:14:24+00:00","article_modified_time":"2023-06-21T22:14:25+00:00","og_image":[{"width":1491,"height":900,"url":"https:\/\/lasentinelle.dz\/wp-content\/uploads\/2022\/12\/Charfi.png","type":"image\/png"}],"author":"La Sentinelle","twitter_card":"summary_large_image","twitter_misc":{"\u00c9crit par":"La Sentinelle","Dur\u00e9e de lecture estim\u00e9e":"3 minutes"},"schema":{"@context":"https:\/\/schema.org","@graph":[{"@type":"Article","@id":"https:\/\/lasentinelle.dz\/index.php\/2023\/06\/21\/autorite-nationale-independante-des-elections-charfi-insiste-sur-la-transparence-des-processus-electoraux\/#article","isPartOf":{"@id":"https:\/\/lasentinelle.dz\/index.php\/2023\/06\/21\/autorite-nationale-independante-des-elections-charfi-insiste-sur-la-transparence-des-processus-electoraux\/"},"author":{"name":"La Sentinelle","@id":"https:\/\/lasentinelle.dz\/#\/schema\/person\/d865044e22e70a75174ce8bcad3acfb3"},"headline":"Autorit\u00e9 nationale ind\u00e9pendante des \u00e9lections&nbsp;: Charfi insiste sur la transparence des processus \u00e9lectoraux","datePublished":"2023-06-21T22:14:24+00:00","dateModified":"2023-06-21T22:14:25+00:00","mainEntityOfPage":{"@id":"https:\/\/lasentinelle.dz\/index.php\/2023\/06\/21\/autorite-nationale-independante-des-elections-charfi-insiste-sur-la-transparence-des-processus-electoraux\/"},"wordCount":571,"commentCount":0,"publisher":{"@id":"https:\/\/lasentinelle.dz\/#organization"},"image":{"@id":"https:\/\/lasentinelle.dz\/index.php\/2023\/06\/21\/autorite-nationale-independante-des-elections-charfi-insiste-sur-la-transparence-des-processus-electoraux\/#primaryimage"},"thumbnailUrl":"https:\/\/lasentinelle.dz\/wp-content\/uploads\/2022\/12\/Charfi.png","articleSection":["\u00c0 la Une","Actualit\u00e9"],"inLanguage":"fr-FR","potentialAction":[{"@type":"CommentAction","name":"Comment","target":["https:\/\/lasentinelle.dz\/index.php\/2023\/06\/21\/autorite-nationale-independante-des-elections-charfi-insiste-sur-la-transparence-des-processus-electoraux\/#respond"]}]},{"@type":"WebPage","@id":"https:\/\/lasentinelle.dz\/index.php\/2023\/06\/21\/autorite-nationale-independante-des-elections-charfi-insiste-sur-la-transparence-des-processus-electoraux\/","url":"https:\/\/lasentinelle.dz\/index.php\/2023\/06\/21\/autorite-nationale-independante-des-elections-charfi-insiste-sur-la-transparence-des-processus-electoraux\/","name":"Autorit\u00e9 nationale ind\u00e9pendante des \u00e9lections&nbsp;: Charfi insiste sur la transparence des processus \u00e9lectoraux - La Sentinelle","isPartOf":{"@id":"https:\/\/lasentinelle.dz\/#website"},"primaryImageOfPage":{"@id":"https:\/\/lasentinelle.dz\/index.php\/2023\/06\/21\/autorite-nationale-independante-des-elections-charfi-insiste-sur-la-transparence-des-processus-electoraux\/#primaryimage"},"image":{"@id":"https:\/\/lasentinelle.dz\/index.php\/2023\/06\/21\/autorite-nationale-independante-des-elections-charfi-insiste-sur-la-transparence-des-processus-electoraux\/#primaryimage"},"thumbnailUrl":"https:\/\/lasentinelle.dz\/wp-content\/uploads\/2022\/12\/Charfi.png","datePublished":"2023-06-21T22:14:24+00:00","dateModified":"2023-06-21T22:14:25+00:00","breadcrumb":{"@id":"https:\/\/lasentinelle.dz\/index.php\/2023\/06\/21\/autorite-nationale-independante-des-elections-charfi-insiste-sur-la-transparence-des-processus-electoraux\/#breadcrumb"},"inLanguage":"fr-FR","potentialAction":[{"@type":"ReadAction","target":["https:\/\/lasentinelle.dz\/index.php\/2023\/06\/21\/autorite-nationale-independante-des-elections-charfi-insiste-sur-la-transparence-des-processus-electoraux\/"]}]},{"@type":"ImageObject","inLanguage":"fr-FR","@id":"https:\/\/lasentinelle.dz\/index.php\/2023\/06\/21\/autorite-nationale-independante-des-elections-charfi-insiste-sur-la-transparence-des-processus-electoraux\/#primaryimage","url":"https:\/\/lasentinelle.dz\/wp-content\/uploads\/2022\/12\/Charfi.png","contentUrl":"https:\/\/lasentinelle.dz\/wp-content\/uploads\/2022\/12\/Charfi.png","width":1491,"height":900},{"@type":"BreadcrumbList","@id":"https:\/\/lasentinelle.dz\/index.php\/2023\/06\/21\/autorite-nationale-independante-des-elections-charfi-insiste-sur-la-transparence-des-processus-electoraux\/#breadcrumb","itemListElement":[{"@type":"ListItem","position":1,"name":"Accueil","item":"https:\/\/lasentinelle.dz\/"},{"@type":"ListItem","position":2,"name":"Autorit\u00e9 nationale ind\u00e9pendante des \u00e9lections&nbsp;: Charfi insiste sur la transparence des processus \u00e9lectoraux"}]},{"@type":"WebSite","@id":"https:\/\/lasentinelle.dz\/#website","url":"https:\/\/lasentinelle.dz\/","name":"La Sentinelle","description":"Quotidien national d&#039;information","publisher":{"@id":"https:\/\/lasentinelle.dz\/#organization"},"potentialAction":[{"@type":"SearchAction","target":{"@type":"EntryPoint","urlTemplate":"https:\/\/lasentinelle.dz\/?s={search_term_string}"},"query-input":{"@type":"PropertyValueSpecification","valueRequired":true,"valueName":"search_term_string"}}],"inLanguage":"fr-FR"},{"@type":"Organization","@id":"https:\/\/lasentinelle.dz\/#organization","name":"Quotidien La Sentinelle","url":"https:\/\/lasentinelle.dz\/","logo":{"@type":"ImageObject","inLanguage":"fr-FR","@id":"https:\/\/lasentinelle.dz\/#\/schema\/logo\/image\/","url":"https:\/\/lasentinelle.dz\/wp-content\/uploads\/2021\/09\/logo-sentinelleSLOGAN-1.png","contentUrl":"https:\/\/lasentinelle.dz\/wp-content\/uploads\/2021\/09\/logo-sentinelleSLOGAN-1.png","width":615,"height":142,"caption":"Quotidien La Sentinelle"},"image":{"@id":"https:\/\/lasentinelle.dz\/#\/schema\/logo\/image\/"},"sameAs":["https:\/\/www.facebook.com\/La-Sentinelle-104059864394773"]},{"@type":"Person","@id":"https:\/\/lasentinelle.dz\/#\/schema\/person\/d865044e22e70a75174ce8bcad3acfb3","name":"La Sentinelle","image":{"@type":"ImageObject","inLanguage":"fr-FR","@id":"https:\/\/secure.gravatar.com\/avatar\/57de8e5d4b15d43fb361a71fbb36338450fe67865b528a43dd10ef7c51a20392?s=96&d=mm&r=g","url":"https:\/\/secure.gravatar.com\/avatar\/57de8e5d4b15d43fb361a71fbb36338450fe67865b528a43dd10ef7c51a20392?s=96&d=mm&r=g","contentUrl":"https:\/\/secure.gravatar.com\/avatar\/57de8e5d4b15d43fb361a71fbb36338450fe67865b528a43dd10ef7c51a20392?s=96&d=mm&r=g","caption":"La Sentinelle"},"sameAs":["http:\/\/www.lasentinelle.dz"],"url":"https:\/\/lasentinelle.dz\/author\/redaction\/"}]}},"_links":{"self":[{"href":"https:\/\/lasentinelle.dz\/index.php\/wp-json\/wp\/v2\/posts\/42980","targetHints":{"allow":["GET"]}}],"collection":[{"href":"https:\/\/lasentinelle.dz\/index.php\/wp-json\/wp\/v2\/posts"}],"about":[{"href":"https:\/\/lasentinelle.dz\/index.php\/wp-json\/wp\/v2\/types\/post"}],"author":[{"embeddable":true,"href":"https:\/\/lasentinelle.dz\/index.php\/wp-json\/wp\/v2\/users\/3"}],"replies":[{"embeddable":true,"href":"https:\/\/lasentinelle.dz\/index.php\/wp-json\/wp\/v2\/comments?post=42980"}],"version-history":[{"count":1,"href":"https:\/\/lasentinelle.dz\/index.php\/wp-json\/wp\/v2\/posts\/42980\/revisions"}],"predecessor-version":[{"id":42981,"href":"https:\/\/lasentinelle.dz\/index.php\/wp-json\/wp\/v2\/posts\/42980\/revisions\/42981"}],"wp:featuredmedia":[{"embeddable":true,"href":"https:\/\/lasentinelle.dz\/index.php\/wp-json\/wp\/v2\/media\/32042"}],"wp:attachment":[{"href":"https:\/\/lasentinelle.dz\/index.php\/wp-json\/wp\/v2\/media?parent=42980"}],"wp:term":[{"taxonomy":"category","embeddable":true,"href":"https:\/\/lasentinelle.dz\/index.php\/wp-json\/wp\/v2\/categories?post=42980"},{"taxonomy":"post_tag","embeddable":true,"href":"https:\/\/lasentinelle.dz\/index.php\/wp-json\/wp\/v2\/tags?post=42980"}],"curies":[{"name":"wp","href":"https:\/\/api.w.org\/{rel}","templated":true}]}}