{"id":43019,"date":"2023-06-24T21:44:39","date_gmt":"2023-06-24T20:44:39","guid":{"rendered":"https:\/\/lasentinelle.dz\/?p=43019"},"modified":"2023-06-24T21:44:41","modified_gmt":"2023-06-24T20:44:41","slug":"autodafe-du-coran-dans-une-moquee-en-palestine-occupee-lultime-provocation-des-sionistes","status":"publish","type":"post","link":"https:\/\/lasentinelle.dz\/index.php\/2023\/06\/24\/autodafe-du-coran-dans-une-moquee-en-palestine-occupee-lultime-provocation-des-sionistes\/","title":{"rendered":"Autodaf\u00e9 du Coran dans une moqu\u00e9e en Palestine occup\u00e9e&nbsp;: L\u2019ultime provocation des Sionistes"},"content":{"rendered":"\n<p>Des colons sionistes ont&nbsp; commis un autodaf\u00e9 d\u2019un exemplaire du Saint Coran, hier dans une mosqu\u00e9e du village d\u2019Urif au sud de Naplouse en Cisjordanie, rapporte l\u2019agence de presse palestinienne \u00ab wafa \u00bb. Cet acte \u00ab criminel et odieux \u00bb comme l\u2019a qualifi\u00e9 le Parlement arabe a \u00e9t\u00e9 \u00e9nergiquement condamn\u00e9 dans un communiqu\u00e9. Le Parlement arabe a indiqu\u00e9 qu&rsquo;il \u00ab rejetait totalement de tels actes qui constituent un crime contre l\u2019humanit\u00e9 et une violation flagrante de la loi internationale et de toutes les conventions \u00bb et appelle la communaut\u00e9 internationale \u00ab \u00e0 rompre son silence et sanctionner l\u2019occupation sioniste et ses crimes contre les Palestiniens et leurs lieux saints \u00bb. \u00ab Cette approche raciste est une provocation qui ne peut \u00eatre en aucun cas tol\u00e9r\u00e9e \u00bb, ajoute le m\u00eame Parlement. Des incursions dans les villes et villages palestiniens, souvent sous la protection des forces d&rsquo;occupation, sont quotidiennement men\u00e9es, ces derniers mois, par les colons sionistes. Il est \u00e0 rappeler que ce genre de provocation n\u2019est pas le premi\u00e8re du genre et confirme la nature fasciste du sionisme. Le mois de janvier 2023, un acte similaire a \u00e9t\u00e9 perp\u00e9tr\u00e9 par le leader du parti d&rsquo;extr\u00eame droite danois Stram Kurs (Ligne dure), Rasmus Paludan. Ce dernier avait obtenu du gouvernement su\u00e9dois l&rsquo;autorisation de br\u00fbler un exemplaire du Coran devant l&rsquo;ambassade de Turquie \u00e0 Stockholm. Un autre autodaf\u00e9 est commis quelques jours plus tard par le responsable de la branche n\u00e9erlandaise du groupe d&rsquo;extr\u00eame-droite anti-Islam Pegida, Edwin Wagensveld qui a d\u00e9chir\u00e9 un exemplaire du Coran \u00e0 La Haye, la capitale administrative des Pays-Bas.<\/p>\n\n\n\n<p>Ces actes anti-Islam ont suscit\u00e9 la reation de la communaut\u00e9 arabe et musulmane \u00e0 travers le monde et a contraint les Nations Unies de reagir en qualifiant l&rsquo;autodaf\u00e9 d&rsquo;exemplaires du Coran en Su\u00e8de et aux Pays-Bas d&rsquo;acte d\u2019\u00ab irrespectueux et irresponsable \u00bb. La porte-parole du Haut-Commissariat aux droits de l&rsquo;homme de l&rsquo;ONU, Ravina Shamdasani, avait affirm\u00e9 que \u00ab l&rsquo;ONU promeut la diversit\u00e9 et le respect mutuel. Les dignitaires politiques et religieux jouent un r\u00f4le important pour faire entendre leur voix contre le fanatisme. Ils doivent comprendre que la violence ne doit pas \u00eatre justifi\u00e9e par la provocation \u00bb.<\/p>\n\n\n\n<p><strong>Samir Benisid<\/strong><\/p>\n","protected":false},"excerpt":{"rendered":"<p>Des colons sionistes ont&nbsp; commis un autodaf\u00e9 d\u2019un exemplaire du Saint Coran, hier dans une mosqu\u00e9e du village d\u2019Urif au<\/p>\n","protected":false},"author":3,"featured_media":43020,"comment_status":"open","ping_status":"closed","sticky":false,"template":"","format":"standard","meta":{"colormag_page_container_layout":"default_layout","colormag_page_sidebar_layout":"default_layout","om_disable_all_campaigns":false,"_monsterinsights_skip_tracking":false,"_monsterinsights_sitenote_active":false,"_monsterinsights_sitenote_note":"","_monsterinsights_sitenote_category":0,"footnotes":"","_wpscppro_dont_share_socialmedia":false,"_wpscppro_custom_social_share_image":0,"_facebook_share_type":"","_twitter_share_type":"","_linkedin_share_type":"","_pinterest_share_type":"","_linkedin_share_type_page":"","_instagram_share_type":"","_medium_share_type":"","_threads_share_type":"","_google_business_share_type":"","_selected_social_profile":[],"_wpsp_enable_custom_social_template":false,"_wpsp_social_scheduling":{"enabled":false,"datetime":null,"platforms":[],"status":"template_only","dateOption":"today","timeOption":"now","customDays":"","customHours":"","customDate":"","customTime":"","schedulingType":"absolute"},"_wpsp_active_default_template":true},"categories":[27],"tags":[],"class_list":["post-43019","post","type-post","status-publish","format-standard","has-post-thumbnail","hentry","category-actualite"],"aioseo_notices":[],"yoast_head":"<!-- This site is optimized with the Yoast SEO plugin v27.5 - https:\/\/yoast.com\/product\/yoast-seo-wordpress\/ -->\n<title>Autodaf\u00e9 du Coran dans une moqu\u00e9e en Palestine occup\u00e9e&nbsp;: L\u2019ultime provocation des Sionistes - La Sentinelle<\/title>\n<meta name=\"robots\" content=\"index, follow, max-snippet:-1, max-image-preview:large, max-video-preview:-1\" \/>\n<link rel=\"canonical\" href=\"https:\/\/lasentinelle.dz\/index.php\/2023\/06\/24\/autodafe-du-coran-dans-une-moquee-en-palestine-occupee-lultime-provocation-des-sionistes\/\" \/>\n<meta property=\"og:locale\" content=\"fr_FR\" \/>\n<meta property=\"og:type\" content=\"article\" \/>\n<meta property=\"og:title\" content=\"Autodaf\u00e9 du Coran dans une moqu\u00e9e en Palestine occup\u00e9e&nbsp;: L\u2019ultime provocation des Sionistes - La Sentinelle\" \/>\n<meta property=\"og:description\" content=\"Des colons sionistes ont&nbsp; commis un autodaf\u00e9 d\u2019un exemplaire du Saint Coran, hier dans une mosqu\u00e9e du village d\u2019Urif au\" \/>\n<meta property=\"og:url\" content=\"https:\/\/lasentinelle.dz\/index.php\/2023\/06\/24\/autodafe-du-coran-dans-une-moquee-en-palestine-occupee-lultime-provocation-des-sionistes\/\" \/>\n<meta property=\"og:site_name\" content=\"La Sentinelle\" \/>\n<meta property=\"article:publisher\" content=\"https:\/\/www.facebook.com\/La-Sentinelle-104059864394773\" \/>\n<meta property=\"article:published_time\" content=\"2023-06-24T20:44:39+00:00\" \/>\n<meta property=\"article:modified_time\" content=\"2023-06-24T20:44:41+00:00\" \/>\n<meta property=\"og:image\" content=\"https:\/\/lasentinelle.dz\/wp-content\/uploads\/2023\/06\/Coran-brule-titre.png.webp\" \/>\n\t<meta property=\"og:image:width\" content=\"554\" \/>\n\t<meta property=\"og:image:height\" content=\"312\" \/>\n\t<meta property=\"og:image:type\" content=\"image\/webp\" \/>\n<meta name=\"author\" content=\"La Sentinelle\" \/>\n<meta name=\"twitter:card\" content=\"summary_large_image\" \/>\n<meta name=\"twitter:label1\" content=\"\u00c9crit par\" \/>\n\t<meta name=\"twitter:data1\" content=\"La Sentinelle\" \/>\n\t<meta name=\"twitter:label2\" content=\"Dur\u00e9e de lecture estim\u00e9e\" \/>\n\t<meta name=\"twitter:data2\" content=\"2 minutes\" \/>\n<script type=\"application\/ld+json\" class=\"yoast-schema-graph\">{\"@context\":\"https:\\\/\\\/schema.org\",\"@graph\":[{\"@type\":\"Article\",\"@id\":\"https:\\\/\\\/lasentinelle.dz\\\/index.php\\\/2023\\\/06\\\/24\\\/autodafe-du-coran-dans-une-moquee-en-palestine-occupee-lultime-provocation-des-sionistes\\\/#article\",\"isPartOf\":{\"@id\":\"https:\\\/\\\/lasentinelle.dz\\\/index.php\\\/2023\\\/06\\\/24\\\/autodafe-du-coran-dans-une-moquee-en-palestine-occupee-lultime-provocation-des-sionistes\\\/\"},\"author\":{\"name\":\"La Sentinelle\",\"@id\":\"https:\\\/\\\/lasentinelle.dz\\\/#\\\/schema\\\/person\\\/d865044e22e70a75174ce8bcad3acfb3\"},\"headline\":\"Autodaf\u00e9 du Coran dans une moqu\u00e9e en Palestine occup\u00e9e&nbsp;: L\u2019ultime provocation des Sionistes\",\"datePublished\":\"2023-06-24T20:44:39+00:00\",\"dateModified\":\"2023-06-24T20:44:41+00:00\",\"mainEntityOfPage\":{\"@id\":\"https:\\\/\\\/lasentinelle.dz\\\/index.php\\\/2023\\\/06\\\/24\\\/autodafe-du-coran-dans-une-moquee-en-palestine-occupee-lultime-provocation-des-sionistes\\\/\"},\"wordCount\":394,\"commentCount\":0,\"publisher\":{\"@id\":\"https:\\\/\\\/lasentinelle.dz\\\/#organization\"},\"image\":{\"@id\":\"https:\\\/\\\/lasentinelle.dz\\\/index.php\\\/2023\\\/06\\\/24\\\/autodafe-du-coran-dans-une-moquee-en-palestine-occupee-lultime-provocation-des-sionistes\\\/#primaryimage\"},\"thumbnailUrl\":\"https:\\\/\\\/lasentinelle.dz\\\/wp-content\\\/uploads\\\/2023\\\/06\\\/Coran-brule-titre.png.webp\",\"articleSection\":[\"Actualit\u00e9\"],\"inLanguage\":\"fr-FR\",\"potentialAction\":[{\"@type\":\"CommentAction\",\"name\":\"Comment\",\"target\":[\"https:\\\/\\\/lasentinelle.dz\\\/index.php\\\/2023\\\/06\\\/24\\\/autodafe-du-coran-dans-une-moquee-en-palestine-occupee-lultime-provocation-des-sionistes\\\/#respond\"]}]},{\"@type\":\"WebPage\",\"@id\":\"https:\\\/\\\/lasentinelle.dz\\\/index.php\\\/2023\\\/06\\\/24\\\/autodafe-du-coran-dans-une-moquee-en-palestine-occupee-lultime-provocation-des-sionistes\\\/\",\"url\":\"https:\\\/\\\/lasentinelle.dz\\\/index.php\\\/2023\\\/06\\\/24\\\/autodafe-du-coran-dans-une-moquee-en-palestine-occupee-lultime-provocation-des-sionistes\\\/\",\"name\":\"Autodaf\u00e9 du Coran dans une moqu\u00e9e en Palestine occup\u00e9e&nbsp;: L\u2019ultime provocation des Sionistes - La Sentinelle\",\"isPartOf\":{\"@id\":\"https:\\\/\\\/lasentinelle.dz\\\/#website\"},\"primaryImageOfPage\":{\"@id\":\"https:\\\/\\\/lasentinelle.dz\\\/index.php\\\/2023\\\/06\\\/24\\\/autodafe-du-coran-dans-une-moquee-en-palestine-occupee-lultime-provocation-des-sionistes\\\/#primaryimage\"},\"image\":{\"@id\":\"https:\\\/\\\/lasentinelle.dz\\\/index.php\\\/2023\\\/06\\\/24\\\/autodafe-du-coran-dans-une-moquee-en-palestine-occupee-lultime-provocation-des-sionistes\\\/#primaryimage\"},\"thumbnailUrl\":\"https:\\\/\\\/lasentinelle.dz\\\/wp-content\\\/uploads\\\/2023\\\/06\\\/Coran-brule-titre.png.webp\",\"datePublished\":\"2023-06-24T20:44:39+00:00\",\"dateModified\":\"2023-06-24T20:44:41+00:00\",\"breadcrumb\":{\"@id\":\"https:\\\/\\\/lasentinelle.dz\\\/index.php\\\/2023\\\/06\\\/24\\\/autodafe-du-coran-dans-une-moquee-en-palestine-occupee-lultime-provocation-des-sionistes\\\/#breadcrumb\"},\"inLanguage\":\"fr-FR\",\"potentialAction\":[{\"@type\":\"ReadAction\",\"target\":[\"https:\\\/\\\/lasentinelle.dz\\\/index.php\\\/2023\\\/06\\\/24\\\/autodafe-du-coran-dans-une-moquee-en-palestine-occupee-lultime-provocation-des-sionistes\\\/\"]}]},{\"@type\":\"ImageObject\",\"inLanguage\":\"fr-FR\",\"@id\":\"https:\\\/\\\/lasentinelle.dz\\\/index.php\\\/2023\\\/06\\\/24\\\/autodafe-du-coran-dans-une-moquee-en-palestine-occupee-lultime-provocation-des-sionistes\\\/#primaryimage\",\"url\":\"https:\\\/\\\/lasentinelle.dz\\\/wp-content\\\/uploads\\\/2023\\\/06\\\/Coran-brule-titre.png.webp\",\"contentUrl\":\"https:\\\/\\\/lasentinelle.dz\\\/wp-content\\\/uploads\\\/2023\\\/06\\\/Coran-brule-titre.png.webp\",\"width\":554,\"height\":312},{\"@type\":\"BreadcrumbList\",\"@id\":\"https:\\\/\\\/lasentinelle.dz\\\/index.php\\\/2023\\\/06\\\/24\\\/autodafe-du-coran-dans-une-moquee-en-palestine-occupee-lultime-provocation-des-sionistes\\\/#breadcrumb\",\"itemListElement\":[{\"@type\":\"ListItem\",\"position\":1,\"name\":\"Accueil\",\"item\":\"https:\\\/\\\/lasentinelle.dz\\\/\"},{\"@type\":\"ListItem\",\"position\":2,\"name\":\"Autodaf\u00e9 du Coran dans une moqu\u00e9e en Palestine occup\u00e9e&nbsp;: L\u2019ultime provocation des Sionistes\"}]},{\"@type\":\"WebSite\",\"@id\":\"https:\\\/\\\/lasentinelle.dz\\\/#website\",\"url\":\"https:\\\/\\\/lasentinelle.dz\\\/\",\"name\":\"La Sentinelle\",\"description\":\"Quotidien national d&#039;information\",\"publisher\":{\"@id\":\"https:\\\/\\\/lasentinelle.dz\\\/#organization\"},\"potentialAction\":[{\"@type\":\"SearchAction\",\"target\":{\"@type\":\"EntryPoint\",\"urlTemplate\":\"https:\\\/\\\/lasentinelle.dz\\\/?s={search_term_string}\"},\"query-input\":{\"@type\":\"PropertyValueSpecification\",\"valueRequired\":true,\"valueName\":\"search_term_string\"}}],\"inLanguage\":\"fr-FR\"},{\"@type\":\"Organization\",\"@id\":\"https:\\\/\\\/lasentinelle.dz\\\/#organization\",\"name\":\"Quotidien La Sentinelle\",\"url\":\"https:\\\/\\\/lasentinelle.dz\\\/\",\"logo\":{\"@type\":\"ImageObject\",\"inLanguage\":\"fr-FR\",\"@id\":\"https:\\\/\\\/lasentinelle.dz\\\/#\\\/schema\\\/logo\\\/image\\\/\",\"url\":\"https:\\\/\\\/lasentinelle.dz\\\/wp-content\\\/uploads\\\/2021\\\/09\\\/logo-sentinelleSLOGAN-1.png\",\"contentUrl\":\"https:\\\/\\\/lasentinelle.dz\\\/wp-content\\\/uploads\\\/2021\\\/09\\\/logo-sentinelleSLOGAN-1.png\",\"width\":615,\"height\":142,\"caption\":\"Quotidien La Sentinelle\"},\"image\":{\"@id\":\"https:\\\/\\\/lasentinelle.dz\\\/#\\\/schema\\\/logo\\\/image\\\/\"},\"sameAs\":[\"https:\\\/\\\/www.facebook.com\\\/La-Sentinelle-104059864394773\"]},{\"@type\":\"Person\",\"@id\":\"https:\\\/\\\/lasentinelle.dz\\\/#\\\/schema\\\/person\\\/d865044e22e70a75174ce8bcad3acfb3\",\"name\":\"La Sentinelle\",\"image\":{\"@type\":\"ImageObject\",\"inLanguage\":\"fr-FR\",\"@id\":\"https:\\\/\\\/secure.gravatar.com\\\/avatar\\\/57de8e5d4b15d43fb361a71fbb36338450fe67865b528a43dd10ef7c51a20392?s=96&d=mm&r=g\",\"url\":\"https:\\\/\\\/secure.gravatar.com\\\/avatar\\\/57de8e5d4b15d43fb361a71fbb36338450fe67865b528a43dd10ef7c51a20392?s=96&d=mm&r=g\",\"contentUrl\":\"https:\\\/\\\/secure.gravatar.com\\\/avatar\\\/57de8e5d4b15d43fb361a71fbb36338450fe67865b528a43dd10ef7c51a20392?s=96&d=mm&r=g\",\"caption\":\"La Sentinelle\"},\"sameAs\":[\"http:\\\/\\\/www.lasentinelle.dz\"],\"url\":\"https:\\\/\\\/lasentinelle.dz\\\/author\\\/redaction\\\/\"}]}<\/script>\n<!-- \/ Yoast SEO plugin. -->","yoast_head_json":{"title":"Autodaf\u00e9 du Coran dans une moqu\u00e9e en Palestine occup\u00e9e&nbsp;: L\u2019ultime provocation des Sionistes - La Sentinelle","robots":{"index":"index","follow":"follow","max-snippet":"max-snippet:-1","max-image-preview":"max-image-preview:large","max-video-preview":"max-video-preview:-1"},"canonical":"https:\/\/lasentinelle.dz\/index.php\/2023\/06\/24\/autodafe-du-coran-dans-une-moquee-en-palestine-occupee-lultime-provocation-des-sionistes\/","og_locale":"fr_FR","og_type":"article","og_title":"Autodaf\u00e9 du Coran dans une moqu\u00e9e en Palestine occup\u00e9e&nbsp;: L\u2019ultime provocation des Sionistes - La Sentinelle","og_description":"Des colons sionistes ont&nbsp; commis un autodaf\u00e9 d\u2019un exemplaire du Saint Coran, hier dans une mosqu\u00e9e du village d\u2019Urif au","og_url":"https:\/\/lasentinelle.dz\/index.php\/2023\/06\/24\/autodafe-du-coran-dans-une-moquee-en-palestine-occupee-lultime-provocation-des-sionistes\/","og_site_name":"La Sentinelle","article_publisher":"https:\/\/www.facebook.com\/La-Sentinelle-104059864394773","article_published_time":"2023-06-24T20:44:39+00:00","article_modified_time":"2023-06-24T20:44:41+00:00","og_image":[{"width":554,"height":312,"url":"https:\/\/lasentinelle.dz\/wp-content\/uploads\/2023\/06\/Coran-brule-titre.png.webp","type":"image\/webp"}],"author":"La Sentinelle","twitter_card":"summary_large_image","twitter_misc":{"\u00c9crit par":"La Sentinelle","Dur\u00e9e de lecture estim\u00e9e":"2 minutes"},"schema":{"@context":"https:\/\/schema.org","@graph":[{"@type":"Article","@id":"https:\/\/lasentinelle.dz\/index.php\/2023\/06\/24\/autodafe-du-coran-dans-une-moquee-en-palestine-occupee-lultime-provocation-des-sionistes\/#article","isPartOf":{"@id":"https:\/\/lasentinelle.dz\/index.php\/2023\/06\/24\/autodafe-du-coran-dans-une-moquee-en-palestine-occupee-lultime-provocation-des-sionistes\/"},"author":{"name":"La Sentinelle","@id":"https:\/\/lasentinelle.dz\/#\/schema\/person\/d865044e22e70a75174ce8bcad3acfb3"},"headline":"Autodaf\u00e9 du Coran dans une moqu\u00e9e en Palestine occup\u00e9e&nbsp;: L\u2019ultime provocation des Sionistes","datePublished":"2023-06-24T20:44:39+00:00","dateModified":"2023-06-24T20:44:41+00:00","mainEntityOfPage":{"@id":"https:\/\/lasentinelle.dz\/index.php\/2023\/06\/24\/autodafe-du-coran-dans-une-moquee-en-palestine-occupee-lultime-provocation-des-sionistes\/"},"wordCount":394,"commentCount":0,"publisher":{"@id":"https:\/\/lasentinelle.dz\/#organization"},"image":{"@id":"https:\/\/lasentinelle.dz\/index.php\/2023\/06\/24\/autodafe-du-coran-dans-une-moquee-en-palestine-occupee-lultime-provocation-des-sionistes\/#primaryimage"},"thumbnailUrl":"https:\/\/lasentinelle.dz\/wp-content\/uploads\/2023\/06\/Coran-brule-titre.png.webp","articleSection":["Actualit\u00e9"],"inLanguage":"fr-FR","potentialAction":[{"@type":"CommentAction","name":"Comment","target":["https:\/\/lasentinelle.dz\/index.php\/2023\/06\/24\/autodafe-du-coran-dans-une-moquee-en-palestine-occupee-lultime-provocation-des-sionistes\/#respond"]}]},{"@type":"WebPage","@id":"https:\/\/lasentinelle.dz\/index.php\/2023\/06\/24\/autodafe-du-coran-dans-une-moquee-en-palestine-occupee-lultime-provocation-des-sionistes\/","url":"https:\/\/lasentinelle.dz\/index.php\/2023\/06\/24\/autodafe-du-coran-dans-une-moquee-en-palestine-occupee-lultime-provocation-des-sionistes\/","name":"Autodaf\u00e9 du Coran dans une moqu\u00e9e en Palestine occup\u00e9e&nbsp;: L\u2019ultime provocation des Sionistes - La Sentinelle","isPartOf":{"@id":"https:\/\/lasentinelle.dz\/#website"},"primaryImageOfPage":{"@id":"https:\/\/lasentinelle.dz\/index.php\/2023\/06\/24\/autodafe-du-coran-dans-une-moquee-en-palestine-occupee-lultime-provocation-des-sionistes\/#primaryimage"},"image":{"@id":"https:\/\/lasentinelle.dz\/index.php\/2023\/06\/24\/autodafe-du-coran-dans-une-moquee-en-palestine-occupee-lultime-provocation-des-sionistes\/#primaryimage"},"thumbnailUrl":"https:\/\/lasentinelle.dz\/wp-content\/uploads\/2023\/06\/Coran-brule-titre.png.webp","datePublished":"2023-06-24T20:44:39+00:00","dateModified":"2023-06-24T20:44:41+00:00","breadcrumb":{"@id":"https:\/\/lasentinelle.dz\/index.php\/2023\/06\/24\/autodafe-du-coran-dans-une-moquee-en-palestine-occupee-lultime-provocation-des-sionistes\/#breadcrumb"},"inLanguage":"fr-FR","potentialAction":[{"@type":"ReadAction","target":["https:\/\/lasentinelle.dz\/index.php\/2023\/06\/24\/autodafe-du-coran-dans-une-moquee-en-palestine-occupee-lultime-provocation-des-sionistes\/"]}]},{"@type":"ImageObject","inLanguage":"fr-FR","@id":"https:\/\/lasentinelle.dz\/index.php\/2023\/06\/24\/autodafe-du-coran-dans-une-moquee-en-palestine-occupee-lultime-provocation-des-sionistes\/#primaryimage","url":"https:\/\/lasentinelle.dz\/wp-content\/uploads\/2023\/06\/Coran-brule-titre.png.webp","contentUrl":"https:\/\/lasentinelle.dz\/wp-content\/uploads\/2023\/06\/Coran-brule-titre.png.webp","width":554,"height":312},{"@type":"BreadcrumbList","@id":"https:\/\/lasentinelle.dz\/index.php\/2023\/06\/24\/autodafe-du-coran-dans-une-moquee-en-palestine-occupee-lultime-provocation-des-sionistes\/#breadcrumb","itemListElement":[{"@type":"ListItem","position":1,"name":"Accueil","item":"https:\/\/lasentinelle.dz\/"},{"@type":"ListItem","position":2,"name":"Autodaf\u00e9 du Coran dans une moqu\u00e9e en Palestine occup\u00e9e&nbsp;: L\u2019ultime provocation des Sionistes"}]},{"@type":"WebSite","@id":"https:\/\/lasentinelle.dz\/#website","url":"https:\/\/lasentinelle.dz\/","name":"La Sentinelle","description":"Quotidien national d&#039;information","publisher":{"@id":"https:\/\/lasentinelle.dz\/#organization"},"potentialAction":[{"@type":"SearchAction","target":{"@type":"EntryPoint","urlTemplate":"https:\/\/lasentinelle.dz\/?s={search_term_string}"},"query-input":{"@type":"PropertyValueSpecification","valueRequired":true,"valueName":"search_term_string"}}],"inLanguage":"fr-FR"},{"@type":"Organization","@id":"https:\/\/lasentinelle.dz\/#organization","name":"Quotidien La Sentinelle","url":"https:\/\/lasentinelle.dz\/","logo":{"@type":"ImageObject","inLanguage":"fr-FR","@id":"https:\/\/lasentinelle.dz\/#\/schema\/logo\/image\/","url":"https:\/\/lasentinelle.dz\/wp-content\/uploads\/2021\/09\/logo-sentinelleSLOGAN-1.png","contentUrl":"https:\/\/lasentinelle.dz\/wp-content\/uploads\/2021\/09\/logo-sentinelleSLOGAN-1.png","width":615,"height":142,"caption":"Quotidien La Sentinelle"},"image":{"@id":"https:\/\/lasentinelle.dz\/#\/schema\/logo\/image\/"},"sameAs":["https:\/\/www.facebook.com\/La-Sentinelle-104059864394773"]},{"@type":"Person","@id":"https:\/\/lasentinelle.dz\/#\/schema\/person\/d865044e22e70a75174ce8bcad3acfb3","name":"La Sentinelle","image":{"@type":"ImageObject","inLanguage":"fr-FR","@id":"https:\/\/secure.gravatar.com\/avatar\/57de8e5d4b15d43fb361a71fbb36338450fe67865b528a43dd10ef7c51a20392?s=96&d=mm&r=g","url":"https:\/\/secure.gravatar.com\/avatar\/57de8e5d4b15d43fb361a71fbb36338450fe67865b528a43dd10ef7c51a20392?s=96&d=mm&r=g","contentUrl":"https:\/\/secure.gravatar.com\/avatar\/57de8e5d4b15d43fb361a71fbb36338450fe67865b528a43dd10ef7c51a20392?s=96&d=mm&r=g","caption":"La Sentinelle"},"sameAs":["http:\/\/www.lasentinelle.dz"],"url":"https:\/\/lasentinelle.dz\/author\/redaction\/"}]}},"_links":{"self":[{"href":"https:\/\/lasentinelle.dz\/index.php\/wp-json\/wp\/v2\/posts\/43019","targetHints":{"allow":["GET"]}}],"collection":[{"href":"https:\/\/lasentinelle.dz\/index.php\/wp-json\/wp\/v2\/posts"}],"about":[{"href":"https:\/\/lasentinelle.dz\/index.php\/wp-json\/wp\/v2\/types\/post"}],"author":[{"embeddable":true,"href":"https:\/\/lasentinelle.dz\/index.php\/wp-json\/wp\/v2\/users\/3"}],"replies":[{"embeddable":true,"href":"https:\/\/lasentinelle.dz\/index.php\/wp-json\/wp\/v2\/comments?post=43019"}],"version-history":[{"count":1,"href":"https:\/\/lasentinelle.dz\/index.php\/wp-json\/wp\/v2\/posts\/43019\/revisions"}],"predecessor-version":[{"id":43021,"href":"https:\/\/lasentinelle.dz\/index.php\/wp-json\/wp\/v2\/posts\/43019\/revisions\/43021"}],"wp:featuredmedia":[{"embeddable":true,"href":"https:\/\/lasentinelle.dz\/index.php\/wp-json\/wp\/v2\/media\/43020"}],"wp:attachment":[{"href":"https:\/\/lasentinelle.dz\/index.php\/wp-json\/wp\/v2\/media?parent=43019"}],"wp:term":[{"taxonomy":"category","embeddable":true,"href":"https:\/\/lasentinelle.dz\/index.php\/wp-json\/wp\/v2\/categories?post=43019"},{"taxonomy":"post_tag","embeddable":true,"href":"https:\/\/lasentinelle.dz\/index.php\/wp-json\/wp\/v2\/tags?post=43019"}],"curies":[{"name":"wp","href":"https:\/\/api.w.org\/{rel}","templated":true}]}}