{"id":4302,"date":"2021-08-17T00:01:00","date_gmt":"2021-08-16T23:01:00","guid":{"rendered":"https:\/\/lasentinelle.dz\/?p=4302"},"modified":"2021-08-17T14:52:02","modified_gmt":"2021-08-17T13:52:02","slug":"manchester-city-guardiola-sattend-a-une-longue-et-difficile-saison","status":"publish","type":"post","link":"https:\/\/lasentinelle.dz\/index.php\/2021\/08\/17\/manchester-city-guardiola-sattend-a-une-longue-et-difficile-saison\/","title":{"rendered":"Manchester City : Guardiola s\u2019attend \u00e0 une longue et difficile saison"},"content":{"rendered":"\n<p>Champion d&rsquo;Angleterre et finaliste de la Ligue des Champions la saison derni\u00e8re, Manchester City, o\u00f9 \u00e9volue l\u2019international alg\u00e9rien, Riyad Mahrez, a mal d\u00e9but\u00e9 son exercice 2021-22. Dimanche soir, pour le compte de la premi\u00e8re journ\u00e9e de Premier League, l&rsquo;\u00e9quipe entra\u00een\u00e9e par l&rsquo;Espagnol Pep Guardiola s&rsquo;est logiquement inclin\u00e9e sur la pelouse de Tottenham (0-1), \u00e0 Londres. Face \u00e0 des Spurs plus entreprenants malgr\u00e9 l&rsquo;absence d&rsquo;Harry Kane, li\u00e9 \u00e0 d&rsquo;insistantes rumeurs l&rsquo;envoyant \u00e0 City, Jack Grealish et ses partenaires n&rsquo;ont jamais \u00e9t\u00e9 en mesure de prendre l&rsquo;ascendant. Au sortir de la rencontre, Pep Guardiola s&rsquo;est exprim\u00e9 au micro de Sky Sports, a toutefois tent\u00e9 de retenir des points positifs. \u00ab\u00a0Nous avons tr\u00e8s bien commenc\u00e9. Nous avons eu des probl\u00e8mes dans certaines transitions et nous n&rsquo;\u00e9tions pas assez bons. Nous perdons la partie. C&rsquo;est arriv\u00e9 parce que nous ne pouvions pas am\u00e9liorer les choses simples\u00a0\u00bb, a d&rsquo;abord analys\u00e9 le technicien pass\u00e9 par le FC Barcelone et le Bayern Munich durant sa carri\u00e8re. \u00ab\u00a0\u00c0 part \u00e7a en g\u00e9n\u00e9ral c&rsquo;\u00e9tait vraiment bien. Parfois on perdait les deuxi\u00e8mes ballons mais en g\u00e9n\u00e9ral c&rsquo;\u00e9tait bien. Il y a deux jours, c&rsquo;\u00e9tait le premier jour o\u00f9 nous \u00e9tions ensemble, donc je sais que les joueurs ont besoin de temps pour revenir mentalement. Une semaine de plus, c&rsquo;est toujours le d\u00e9but de la saison, nous devons donc commencer \u00e0 gagner des matchs. Il en reste 37\u00a0\u00bb, a ensuite confi\u00e9 Pep Guardiola, conscient de la saison de Premier League est encore longue. \u00ab\u00a0C&rsquo;est une longue saison \u00e0 venir. Nous essayons de corriger certaines choses puis apr\u00e8s cela, nous allons revenir avec notre meilleur visage\u00a0\u00bb, a enfin d\u00e9clar\u00e9 l&rsquo;entra\u00eeneur. Si Harry Kane d\u00e9barque enfin durant les prochaines semaines, force est de constater que Manchester City aura largement de quoi inverser la tendance.<\/p>\n\n\n\n<p>R. S.<\/p>\n","protected":false},"excerpt":{"rendered":"<p>Champion d&rsquo;Angleterre et finaliste de la Ligue des Champions la saison derni\u00e8re, Manchester City, o\u00f9 \u00e9volue l\u2019international alg\u00e9rien, Riyad Mahrez,<\/p>\n","protected":false},"author":3,"featured_media":4313,"comment_status":"open","ping_status":"closed","sticky":false,"template":"","format":"standard","meta":{"colormag_page_container_layout":"default_layout","colormag_page_sidebar_layout":"default_layout","om_disable_all_campaigns":false,"_monsterinsights_skip_tracking":false,"_monsterinsights_sitenote_active":false,"_monsterinsights_sitenote_note":"","_monsterinsights_sitenote_category":0,"footnotes":"","_wpscppro_dont_share_socialmedia":false,"_wpscppro_custom_social_share_image":0,"_facebook_share_type":"","_twitter_share_type":"","_linkedin_share_type":"","_pinterest_share_type":"","_linkedin_share_type_page":"","_instagram_share_type":"","_medium_share_type":"","_threads_share_type":"","_google_business_share_type":"","_selected_social_profile":[],"_wpsp_enable_custom_social_template":false,"_wpsp_social_scheduling":{"enabled":false,"datetime":null,"platforms":[],"status":"template_only","dateOption":"today","timeOption":"now","customDays":"","customHours":"","customDate":"","customTime":"","schedulingType":"absolute"},"_wpsp_active_default_template":true},"categories":[33],"tags":[],"class_list":["post-4302","post","type-post","status-publish","format-standard","has-post-thumbnail","hentry","category-sports"],"aioseo_notices":[],"yoast_head":"<!-- This site is optimized with the Yoast SEO plugin v27.5 - https:\/\/yoast.com\/product\/yoast-seo-wordpress\/ -->\n<title>Manchester City : Guardiola s\u2019attend \u00e0 une longue et difficile saison - La Sentinelle<\/title>\n<meta name=\"robots\" content=\"index, follow, max-snippet:-1, max-image-preview:large, max-video-preview:-1\" \/>\n<link rel=\"canonical\" href=\"https:\/\/lasentinelle.dz\/index.php\/2021\/08\/17\/manchester-city-guardiola-sattend-a-une-longue-et-difficile-saison\/\" \/>\n<meta property=\"og:locale\" content=\"fr_FR\" \/>\n<meta property=\"og:type\" content=\"article\" \/>\n<meta property=\"og:title\" content=\"Manchester City : Guardiola s\u2019attend \u00e0 une longue et difficile saison - La Sentinelle\" \/>\n<meta property=\"og:description\" content=\"Champion d&rsquo;Angleterre et finaliste de la Ligue des Champions la saison derni\u00e8re, Manchester City, o\u00f9 \u00e9volue l\u2019international alg\u00e9rien, Riyad Mahrez,\" \/>\n<meta property=\"og:url\" content=\"https:\/\/lasentinelle.dz\/index.php\/2021\/08\/17\/manchester-city-guardiola-sattend-a-une-longue-et-difficile-saison\/\" \/>\n<meta property=\"og:site_name\" content=\"La Sentinelle\" \/>\n<meta property=\"article:publisher\" content=\"https:\/\/www.facebook.com\/La-Sentinelle-104059864394773\" \/>\n<meta property=\"article:published_time\" content=\"2021-08-16T23:01:00+00:00\" \/>\n<meta property=\"article:modified_time\" content=\"2021-08-17T13:52:02+00:00\" \/>\n<meta property=\"og:image\" content=\"https:\/\/lasentinelle.dz\/wp-content\/uploads\/2021\/08\/uahrez.png\" \/>\n\t<meta property=\"og:image:width\" content=\"1601\" \/>\n\t<meta property=\"og:image:height\" content=\"900\" \/>\n\t<meta property=\"og:image:type\" content=\"image\/png\" \/>\n<meta name=\"author\" content=\"La Sentinelle\" \/>\n<meta name=\"twitter:card\" content=\"summary_large_image\" \/>\n<meta name=\"twitter:label1\" content=\"\u00c9crit par\" \/>\n\t<meta name=\"twitter:data1\" content=\"La Sentinelle\" \/>\n\t<meta name=\"twitter:label2\" content=\"Dur\u00e9e de lecture estim\u00e9e\" \/>\n\t<meta name=\"twitter:data2\" content=\"2 minutes\" \/>\n<script type=\"application\/ld+json\" class=\"yoast-schema-graph\">{\"@context\":\"https:\\\/\\\/schema.org\",\"@graph\":[{\"@type\":\"Article\",\"@id\":\"https:\\\/\\\/lasentinelle.dz\\\/index.php\\\/2021\\\/08\\\/17\\\/manchester-city-guardiola-sattend-a-une-longue-et-difficile-saison\\\/#article\",\"isPartOf\":{\"@id\":\"https:\\\/\\\/lasentinelle.dz\\\/index.php\\\/2021\\\/08\\\/17\\\/manchester-city-guardiola-sattend-a-une-longue-et-difficile-saison\\\/\"},\"author\":{\"name\":\"La Sentinelle\",\"@id\":\"https:\\\/\\\/lasentinelle.dz\\\/#\\\/schema\\\/person\\\/d865044e22e70a75174ce8bcad3acfb3\"},\"headline\":\"Manchester City : Guardiola s\u2019attend \u00e0 une longue et difficile saison\",\"datePublished\":\"2021-08-16T23:01:00+00:00\",\"dateModified\":\"2021-08-17T13:52:02+00:00\",\"mainEntityOfPage\":{\"@id\":\"https:\\\/\\\/lasentinelle.dz\\\/index.php\\\/2021\\\/08\\\/17\\\/manchester-city-guardiola-sattend-a-une-longue-et-difficile-saison\\\/\"},\"wordCount\":338,\"commentCount\":0,\"publisher\":{\"@id\":\"https:\\\/\\\/lasentinelle.dz\\\/#organization\"},\"image\":{\"@id\":\"https:\\\/\\\/lasentinelle.dz\\\/index.php\\\/2021\\\/08\\\/17\\\/manchester-city-guardiola-sattend-a-une-longue-et-difficile-saison\\\/#primaryimage\"},\"thumbnailUrl\":\"https:\\\/\\\/lasentinelle.dz\\\/wp-content\\\/uploads\\\/2021\\\/08\\\/uahrez.png\",\"articleSection\":[\"Sports\"],\"inLanguage\":\"fr-FR\",\"potentialAction\":[{\"@type\":\"CommentAction\",\"name\":\"Comment\",\"target\":[\"https:\\\/\\\/lasentinelle.dz\\\/index.php\\\/2021\\\/08\\\/17\\\/manchester-city-guardiola-sattend-a-une-longue-et-difficile-saison\\\/#respond\"]}]},{\"@type\":\"WebPage\",\"@id\":\"https:\\\/\\\/lasentinelle.dz\\\/index.php\\\/2021\\\/08\\\/17\\\/manchester-city-guardiola-sattend-a-une-longue-et-difficile-saison\\\/\",\"url\":\"https:\\\/\\\/lasentinelle.dz\\\/index.php\\\/2021\\\/08\\\/17\\\/manchester-city-guardiola-sattend-a-une-longue-et-difficile-saison\\\/\",\"name\":\"Manchester City : Guardiola s\u2019attend \u00e0 une longue et difficile saison - La Sentinelle\",\"isPartOf\":{\"@id\":\"https:\\\/\\\/lasentinelle.dz\\\/#website\"},\"primaryImageOfPage\":{\"@id\":\"https:\\\/\\\/lasentinelle.dz\\\/index.php\\\/2021\\\/08\\\/17\\\/manchester-city-guardiola-sattend-a-une-longue-et-difficile-saison\\\/#primaryimage\"},\"image\":{\"@id\":\"https:\\\/\\\/lasentinelle.dz\\\/index.php\\\/2021\\\/08\\\/17\\\/manchester-city-guardiola-sattend-a-une-longue-et-difficile-saison\\\/#primaryimage\"},\"thumbnailUrl\":\"https:\\\/\\\/lasentinelle.dz\\\/wp-content\\\/uploads\\\/2021\\\/08\\\/uahrez.png\",\"datePublished\":\"2021-08-16T23:01:00+00:00\",\"dateModified\":\"2021-08-17T13:52:02+00:00\",\"breadcrumb\":{\"@id\":\"https:\\\/\\\/lasentinelle.dz\\\/index.php\\\/2021\\\/08\\\/17\\\/manchester-city-guardiola-sattend-a-une-longue-et-difficile-saison\\\/#breadcrumb\"},\"inLanguage\":\"fr-FR\",\"potentialAction\":[{\"@type\":\"ReadAction\",\"target\":[\"https:\\\/\\\/lasentinelle.dz\\\/index.php\\\/2021\\\/08\\\/17\\\/manchester-city-guardiola-sattend-a-une-longue-et-difficile-saison\\\/\"]}]},{\"@type\":\"ImageObject\",\"inLanguage\":\"fr-FR\",\"@id\":\"https:\\\/\\\/lasentinelle.dz\\\/index.php\\\/2021\\\/08\\\/17\\\/manchester-city-guardiola-sattend-a-une-longue-et-difficile-saison\\\/#primaryimage\",\"url\":\"https:\\\/\\\/lasentinelle.dz\\\/wp-content\\\/uploads\\\/2021\\\/08\\\/uahrez.png\",\"contentUrl\":\"https:\\\/\\\/lasentinelle.dz\\\/wp-content\\\/uploads\\\/2021\\\/08\\\/uahrez.png\",\"width\":1601,\"height\":900},{\"@type\":\"BreadcrumbList\",\"@id\":\"https:\\\/\\\/lasentinelle.dz\\\/index.php\\\/2021\\\/08\\\/17\\\/manchester-city-guardiola-sattend-a-une-longue-et-difficile-saison\\\/#breadcrumb\",\"itemListElement\":[{\"@type\":\"ListItem\",\"position\":1,\"name\":\"Accueil\",\"item\":\"https:\\\/\\\/lasentinelle.dz\\\/\"},{\"@type\":\"ListItem\",\"position\":2,\"name\":\"Manchester City : Guardiola s\u2019attend \u00e0 une longue et difficile saison\"}]},{\"@type\":\"WebSite\",\"@id\":\"https:\\\/\\\/lasentinelle.dz\\\/#website\",\"url\":\"https:\\\/\\\/lasentinelle.dz\\\/\",\"name\":\"La Sentinelle\",\"description\":\"Quotidien national d&#039;information\",\"publisher\":{\"@id\":\"https:\\\/\\\/lasentinelle.dz\\\/#organization\"},\"potentialAction\":[{\"@type\":\"SearchAction\",\"target\":{\"@type\":\"EntryPoint\",\"urlTemplate\":\"https:\\\/\\\/lasentinelle.dz\\\/?s={search_term_string}\"},\"query-input\":{\"@type\":\"PropertyValueSpecification\",\"valueRequired\":true,\"valueName\":\"search_term_string\"}}],\"inLanguage\":\"fr-FR\"},{\"@type\":\"Organization\",\"@id\":\"https:\\\/\\\/lasentinelle.dz\\\/#organization\",\"name\":\"Quotidien La Sentinelle\",\"url\":\"https:\\\/\\\/lasentinelle.dz\\\/\",\"logo\":{\"@type\":\"ImageObject\",\"inLanguage\":\"fr-FR\",\"@id\":\"https:\\\/\\\/lasentinelle.dz\\\/#\\\/schema\\\/logo\\\/image\\\/\",\"url\":\"https:\\\/\\\/lasentinelle.dz\\\/wp-content\\\/uploads\\\/2021\\\/09\\\/logo-sentinelleSLOGAN-1.png\",\"contentUrl\":\"https:\\\/\\\/lasentinelle.dz\\\/wp-content\\\/uploads\\\/2021\\\/09\\\/logo-sentinelleSLOGAN-1.png\",\"width\":615,\"height\":142,\"caption\":\"Quotidien La Sentinelle\"},\"image\":{\"@id\":\"https:\\\/\\\/lasentinelle.dz\\\/#\\\/schema\\\/logo\\\/image\\\/\"},\"sameAs\":[\"https:\\\/\\\/www.facebook.com\\\/La-Sentinelle-104059864394773\"]},{\"@type\":\"Person\",\"@id\":\"https:\\\/\\\/lasentinelle.dz\\\/#\\\/schema\\\/person\\\/d865044e22e70a75174ce8bcad3acfb3\",\"name\":\"La Sentinelle\",\"image\":{\"@type\":\"ImageObject\",\"inLanguage\":\"fr-FR\",\"@id\":\"https:\\\/\\\/secure.gravatar.com\\\/avatar\\\/57de8e5d4b15d43fb361a71fbb36338450fe67865b528a43dd10ef7c51a20392?s=96&d=mm&r=g\",\"url\":\"https:\\\/\\\/secure.gravatar.com\\\/avatar\\\/57de8e5d4b15d43fb361a71fbb36338450fe67865b528a43dd10ef7c51a20392?s=96&d=mm&r=g\",\"contentUrl\":\"https:\\\/\\\/secure.gravatar.com\\\/avatar\\\/57de8e5d4b15d43fb361a71fbb36338450fe67865b528a43dd10ef7c51a20392?s=96&d=mm&r=g\",\"caption\":\"La Sentinelle\"},\"sameAs\":[\"http:\\\/\\\/www.lasentinelle.dz\"],\"url\":\"https:\\\/\\\/lasentinelle.dz\\\/author\\\/redaction\\\/\"}]}<\/script>\n<!-- \/ Yoast SEO plugin. -->","yoast_head_json":{"title":"Manchester City : Guardiola s\u2019attend \u00e0 une longue et difficile saison - La Sentinelle","robots":{"index":"index","follow":"follow","max-snippet":"max-snippet:-1","max-image-preview":"max-image-preview:large","max-video-preview":"max-video-preview:-1"},"canonical":"https:\/\/lasentinelle.dz\/index.php\/2021\/08\/17\/manchester-city-guardiola-sattend-a-une-longue-et-difficile-saison\/","og_locale":"fr_FR","og_type":"article","og_title":"Manchester City : Guardiola s\u2019attend \u00e0 une longue et difficile saison - La Sentinelle","og_description":"Champion d&rsquo;Angleterre et finaliste de la Ligue des Champions la saison derni\u00e8re, Manchester City, o\u00f9 \u00e9volue l\u2019international alg\u00e9rien, Riyad Mahrez,","og_url":"https:\/\/lasentinelle.dz\/index.php\/2021\/08\/17\/manchester-city-guardiola-sattend-a-une-longue-et-difficile-saison\/","og_site_name":"La Sentinelle","article_publisher":"https:\/\/www.facebook.com\/La-Sentinelle-104059864394773","article_published_time":"2021-08-16T23:01:00+00:00","article_modified_time":"2021-08-17T13:52:02+00:00","og_image":[{"width":1601,"height":900,"url":"https:\/\/lasentinelle.dz\/wp-content\/uploads\/2021\/08\/uahrez.png","type":"image\/png"}],"author":"La Sentinelle","twitter_card":"summary_large_image","twitter_misc":{"\u00c9crit par":"La Sentinelle","Dur\u00e9e de lecture estim\u00e9e":"2 minutes"},"schema":{"@context":"https:\/\/schema.org","@graph":[{"@type":"Article","@id":"https:\/\/lasentinelle.dz\/index.php\/2021\/08\/17\/manchester-city-guardiola-sattend-a-une-longue-et-difficile-saison\/#article","isPartOf":{"@id":"https:\/\/lasentinelle.dz\/index.php\/2021\/08\/17\/manchester-city-guardiola-sattend-a-une-longue-et-difficile-saison\/"},"author":{"name":"La Sentinelle","@id":"https:\/\/lasentinelle.dz\/#\/schema\/person\/d865044e22e70a75174ce8bcad3acfb3"},"headline":"Manchester City : Guardiola s\u2019attend \u00e0 une longue et difficile saison","datePublished":"2021-08-16T23:01:00+00:00","dateModified":"2021-08-17T13:52:02+00:00","mainEntityOfPage":{"@id":"https:\/\/lasentinelle.dz\/index.php\/2021\/08\/17\/manchester-city-guardiola-sattend-a-une-longue-et-difficile-saison\/"},"wordCount":338,"commentCount":0,"publisher":{"@id":"https:\/\/lasentinelle.dz\/#organization"},"image":{"@id":"https:\/\/lasentinelle.dz\/index.php\/2021\/08\/17\/manchester-city-guardiola-sattend-a-une-longue-et-difficile-saison\/#primaryimage"},"thumbnailUrl":"https:\/\/lasentinelle.dz\/wp-content\/uploads\/2021\/08\/uahrez.png","articleSection":["Sports"],"inLanguage":"fr-FR","potentialAction":[{"@type":"CommentAction","name":"Comment","target":["https:\/\/lasentinelle.dz\/index.php\/2021\/08\/17\/manchester-city-guardiola-sattend-a-une-longue-et-difficile-saison\/#respond"]}]},{"@type":"WebPage","@id":"https:\/\/lasentinelle.dz\/index.php\/2021\/08\/17\/manchester-city-guardiola-sattend-a-une-longue-et-difficile-saison\/","url":"https:\/\/lasentinelle.dz\/index.php\/2021\/08\/17\/manchester-city-guardiola-sattend-a-une-longue-et-difficile-saison\/","name":"Manchester City : Guardiola s\u2019attend \u00e0 une longue et difficile saison - La Sentinelle","isPartOf":{"@id":"https:\/\/lasentinelle.dz\/#website"},"primaryImageOfPage":{"@id":"https:\/\/lasentinelle.dz\/index.php\/2021\/08\/17\/manchester-city-guardiola-sattend-a-une-longue-et-difficile-saison\/#primaryimage"},"image":{"@id":"https:\/\/lasentinelle.dz\/index.php\/2021\/08\/17\/manchester-city-guardiola-sattend-a-une-longue-et-difficile-saison\/#primaryimage"},"thumbnailUrl":"https:\/\/lasentinelle.dz\/wp-content\/uploads\/2021\/08\/uahrez.png","datePublished":"2021-08-16T23:01:00+00:00","dateModified":"2021-08-17T13:52:02+00:00","breadcrumb":{"@id":"https:\/\/lasentinelle.dz\/index.php\/2021\/08\/17\/manchester-city-guardiola-sattend-a-une-longue-et-difficile-saison\/#breadcrumb"},"inLanguage":"fr-FR","potentialAction":[{"@type":"ReadAction","target":["https:\/\/lasentinelle.dz\/index.php\/2021\/08\/17\/manchester-city-guardiola-sattend-a-une-longue-et-difficile-saison\/"]}]},{"@type":"ImageObject","inLanguage":"fr-FR","@id":"https:\/\/lasentinelle.dz\/index.php\/2021\/08\/17\/manchester-city-guardiola-sattend-a-une-longue-et-difficile-saison\/#primaryimage","url":"https:\/\/lasentinelle.dz\/wp-content\/uploads\/2021\/08\/uahrez.png","contentUrl":"https:\/\/lasentinelle.dz\/wp-content\/uploads\/2021\/08\/uahrez.png","width":1601,"height":900},{"@type":"BreadcrumbList","@id":"https:\/\/lasentinelle.dz\/index.php\/2021\/08\/17\/manchester-city-guardiola-sattend-a-une-longue-et-difficile-saison\/#breadcrumb","itemListElement":[{"@type":"ListItem","position":1,"name":"Accueil","item":"https:\/\/lasentinelle.dz\/"},{"@type":"ListItem","position":2,"name":"Manchester City : Guardiola s\u2019attend \u00e0 une longue et difficile saison"}]},{"@type":"WebSite","@id":"https:\/\/lasentinelle.dz\/#website","url":"https:\/\/lasentinelle.dz\/","name":"La Sentinelle","description":"Quotidien national d&#039;information","publisher":{"@id":"https:\/\/lasentinelle.dz\/#organization"},"potentialAction":[{"@type":"SearchAction","target":{"@type":"EntryPoint","urlTemplate":"https:\/\/lasentinelle.dz\/?s={search_term_string}"},"query-input":{"@type":"PropertyValueSpecification","valueRequired":true,"valueName":"search_term_string"}}],"inLanguage":"fr-FR"},{"@type":"Organization","@id":"https:\/\/lasentinelle.dz\/#organization","name":"Quotidien La Sentinelle","url":"https:\/\/lasentinelle.dz\/","logo":{"@type":"ImageObject","inLanguage":"fr-FR","@id":"https:\/\/lasentinelle.dz\/#\/schema\/logo\/image\/","url":"https:\/\/lasentinelle.dz\/wp-content\/uploads\/2021\/09\/logo-sentinelleSLOGAN-1.png","contentUrl":"https:\/\/lasentinelle.dz\/wp-content\/uploads\/2021\/09\/logo-sentinelleSLOGAN-1.png","width":615,"height":142,"caption":"Quotidien La Sentinelle"},"image":{"@id":"https:\/\/lasentinelle.dz\/#\/schema\/logo\/image\/"},"sameAs":["https:\/\/www.facebook.com\/La-Sentinelle-104059864394773"]},{"@type":"Person","@id":"https:\/\/lasentinelle.dz\/#\/schema\/person\/d865044e22e70a75174ce8bcad3acfb3","name":"La Sentinelle","image":{"@type":"ImageObject","inLanguage":"fr-FR","@id":"https:\/\/secure.gravatar.com\/avatar\/57de8e5d4b15d43fb361a71fbb36338450fe67865b528a43dd10ef7c51a20392?s=96&d=mm&r=g","url":"https:\/\/secure.gravatar.com\/avatar\/57de8e5d4b15d43fb361a71fbb36338450fe67865b528a43dd10ef7c51a20392?s=96&d=mm&r=g","contentUrl":"https:\/\/secure.gravatar.com\/avatar\/57de8e5d4b15d43fb361a71fbb36338450fe67865b528a43dd10ef7c51a20392?s=96&d=mm&r=g","caption":"La Sentinelle"},"sameAs":["http:\/\/www.lasentinelle.dz"],"url":"https:\/\/lasentinelle.dz\/author\/redaction\/"}]}},"_links":{"self":[{"href":"https:\/\/lasentinelle.dz\/index.php\/wp-json\/wp\/v2\/posts\/4302","targetHints":{"allow":["GET"]}}],"collection":[{"href":"https:\/\/lasentinelle.dz\/index.php\/wp-json\/wp\/v2\/posts"}],"about":[{"href":"https:\/\/lasentinelle.dz\/index.php\/wp-json\/wp\/v2\/types\/post"}],"author":[{"embeddable":true,"href":"https:\/\/lasentinelle.dz\/index.php\/wp-json\/wp\/v2\/users\/3"}],"replies":[{"embeddable":true,"href":"https:\/\/lasentinelle.dz\/index.php\/wp-json\/wp\/v2\/comments?post=4302"}],"version-history":[{"count":1,"href":"https:\/\/lasentinelle.dz\/index.php\/wp-json\/wp\/v2\/posts\/4302\/revisions"}],"predecessor-version":[{"id":4315,"href":"https:\/\/lasentinelle.dz\/index.php\/wp-json\/wp\/v2\/posts\/4302\/revisions\/4315"}],"wp:featuredmedia":[{"embeddable":true,"href":"https:\/\/lasentinelle.dz\/index.php\/wp-json\/wp\/v2\/media\/4313"}],"wp:attachment":[{"href":"https:\/\/lasentinelle.dz\/index.php\/wp-json\/wp\/v2\/media?parent=4302"}],"wp:term":[{"taxonomy":"category","embeddable":true,"href":"https:\/\/lasentinelle.dz\/index.php\/wp-json\/wp\/v2\/categories?post=4302"},{"taxonomy":"post_tag","embeddable":true,"href":"https:\/\/lasentinelle.dz\/index.php\/wp-json\/wp\/v2\/tags?post=4302"}],"curies":[{"name":"wp","href":"https:\/\/api.w.org\/{rel}","templated":true}]}}