{"id":43063,"date":"2023-06-25T22:52:22","date_gmt":"2023-06-25T21:52:22","guid":{"rendered":"https:\/\/lasentinelle.dz\/?p=43063"},"modified":"2023-06-25T22:52:23","modified_gmt":"2023-06-25T21:52:23","slug":"2e-edition-du-salon-international-de-lindustrie-pharmaceutique-a-annaba-75-participants-au-rendez-vous","status":"publish","type":"post","link":"https:\/\/lasentinelle.dz\/index.php\/2023\/06\/25\/2e-edition-du-salon-international-de-lindustrie-pharmaceutique-a-annaba-75-participants-au-rendez-vous\/","title":{"rendered":"2e \u00e9dition du salon international de l\u2019industrie pharmaceutique \u00e0 Annaba&nbsp;: 75 participants au rendez-vous"},"content":{"rendered":"\n<p>L\u2019industrie pharmaceutique nationale et l\u2019impact des r\u00e9formes strat\u00e9giques visant la relance et le d\u00e9veloppement de cette activit\u00e9 \u00e9conomique vitale a \u00e9t\u00e9 au c\u0153ur de la 2<sup>e<\/sup> \u00e9dition du Salon international de la pharmacie et de l&rsquo;industrie pharmaceutique (Alpharma) tenue \u00e0 Annaba.<\/p>\n\n\n\n<p>Organis\u00e9e \u00e0 l\u2019h\u00f4tel Sheraton d\u2019Annaba, la premi\u00e8re journ\u00e9e a trait\u00e9 de \u2018\u2019L\u2019impact des r\u00e9formes strat\u00e9giques sur l\u2019industrie pharmaceutique\u2019\u2019. Cette \u00e9dition du Salon a \u00e9t\u00e9 marqu\u00e9e par la participation de 75 industriels, professionnels et chercheurs dans le domaine de la pharmacie. Une participation record refl\u00e9tant la dynamique de ce secteur et les efforts intenses dirig\u00e9s vers la promotion de l\u2019industrie pharmaceutique alg\u00e9rienne en vue d\u2019assurer la s\u00e9curit\u00e9 sanitaire. Outre le fait d\u2019\u00eatre devenu un rendez-vous incontournable pour les professionnels du secteur, l&rsquo;\u00e9v\u00e9nement est aussi une plateforme d\u2019exposition et d\u2019\u00e9changes d\u2019exp\u00e9riences entre les diff\u00e9rents acteurs de l\u2019industrie. De par son importance ALPHARMA est parvenu \u00e0 se positionner en vecteur de promotion d\u2019\u00e9changes commerciaux internationaux, l\u2019exportation vers les pays africains \u00e9tant aujourd\u2019hui un objectif principal pour l\u2019Alg\u00e9rie. Il faut dire qu\u2019ALPHARMA se pr\u00e9sente aujourd\u2019hui en p\u00f4le d\u2019un business made in DZ, puisqu\u2019il a vu la pr\u00e9sence des repr\u00e9sentants des ambassades du Zimbabwe, de la Libye, de l\u2019Ethiopie et de la Tanzanie. Ces repr\u00e9sentants de pays africains ont manifest\u00e9 un grand int\u00e9r\u00eat quant aux produits pharmaceutiques et les technologies utilis\u00e9es. Ce salon se veut une opportunit\u00e9 pour d\u00e9crocher des contrats d\u2019exportation vers ces pays de l\u2019Afrique et pourquoi ne pas se frayer une place sur le march\u00e9 international. Surtout que le produit pharmaceutique alg\u00e9rien r\u00e9pond aux normes internationales, comme c\u2019est le cas du laboratoire \u2018\u2019BIOCARE\u2019\u2019 dans la wilaya d\u2019El Tarf. Avec son process de stylos \u00e0 insuline 100% made in dz, lanc\u00e9 sur le march\u00e9 d\u00e9but mai, le laboratoire s\u2019estime \u00eatre en mesure de satisfaire la demande nationale d\u2019ici la fin de l\u2019ann\u00e9e, et s\u2019est d\u00e9j\u00e0 lanc\u00e9 dans un plan d\u2019exportation. Outre la pr\u00e9sentation des divers produits de l\u2019industrie pharmaceutique alg\u00e9rienne, le salon permet d\u2019engager des \u00e9changes entre les participants, de nouer des relations de business et de mieux connaitre les r\u00e9formes initi\u00e9es par les pouvoirs publics pour promouvoir cette fili\u00e8re industrielle. Une promotion \u00e0 m\u00eame d\u2019ouvrir les perspectives de l\u2019industrie pharmaceutiques en Alg\u00e9rie, comme soulign\u00e9 par le pr\u00e9sident de la section r\u00e9gionale du Syndicat national alg\u00e9rien des pharmaciens d&rsquo;officine (SNAPO), \u00e0 Annaba. C\u2019est pourquoi, de l\u2019avis commun des intervenants, les laboratoires de recherche en pharmacologie sont appel\u00e9s \u00e0 ma\u00eetriser les nouvelles technologies industrielles de la fili\u00e8re pour remporter le d\u00e9fi d\u2019une industrie pharmaceutique capable d\u2019assurer la s\u00e9curit\u00e9 sanitaire de l&rsquo;Alg\u00e9rie.<\/p>\n\n\n\n<p><strong>Sofia Chahine<\/strong><\/p>\n","protected":false},"excerpt":{"rendered":"<p>L\u2019industrie pharmaceutique nationale et l\u2019impact des r\u00e9formes strat\u00e9giques visant la relance et le d\u00e9veloppement de cette activit\u00e9 \u00e9conomique vitale a<\/p>\n","protected":false},"author":3,"featured_media":43064,"comment_status":"open","ping_status":"closed","sticky":false,"template":"","format":"standard","meta":{"colormag_page_container_layout":"default_layout","colormag_page_sidebar_layout":"default_layout","om_disable_all_campaigns":false,"_monsterinsights_skip_tracking":false,"_monsterinsights_sitenote_active":false,"_monsterinsights_sitenote_note":"","_monsterinsights_sitenote_category":0,"footnotes":"","_wpscppro_dont_share_socialmedia":false,"_wpscppro_custom_social_share_image":0,"_facebook_share_type":"","_twitter_share_type":"","_linkedin_share_type":"","_pinterest_share_type":"","_linkedin_share_type_page":"","_instagram_share_type":"","_medium_share_type":"","_threads_share_type":"","_google_business_share_type":"","_selected_social_profile":[],"_wpsp_enable_custom_social_template":false,"_wpsp_social_scheduling":{"enabled":false,"datetime":null,"platforms":[],"status":"template_only","dateOption":"today","timeOption":"now","customDays":"","customHours":"","customDate":"","customTime":"","schedulingType":"absolute"},"_wpsp_active_default_template":true},"categories":[31],"tags":[],"class_list":["post-43063","post","type-post","status-publish","format-standard","has-post-thumbnail","hentry","category-regions"],"aioseo_notices":[],"yoast_head":"<!-- This site is optimized with the Yoast SEO plugin v27.5 - https:\/\/yoast.com\/product\/yoast-seo-wordpress\/ -->\n<title>2e \u00e9dition du salon international de l\u2019industrie pharmaceutique \u00e0 Annaba&nbsp;: 75 participants au rendez-vous - La Sentinelle<\/title>\n<meta name=\"robots\" content=\"index, follow, max-snippet:-1, max-image-preview:large, max-video-preview:-1\" \/>\n<link rel=\"canonical\" href=\"https:\/\/lasentinelle.dz\/index.php\/2023\/06\/25\/2e-edition-du-salon-international-de-lindustrie-pharmaceutique-a-annaba-75-participants-au-rendez-vous\/\" \/>\n<meta property=\"og:locale\" content=\"fr_FR\" \/>\n<meta property=\"og:type\" content=\"article\" \/>\n<meta property=\"og:title\" content=\"2e \u00e9dition du salon international de l\u2019industrie pharmaceutique \u00e0 Annaba&nbsp;: 75 participants au rendez-vous - La Sentinelle\" \/>\n<meta property=\"og:description\" content=\"L\u2019industrie pharmaceutique nationale et l\u2019impact des r\u00e9formes strat\u00e9giques visant la relance et le d\u00e9veloppement de cette activit\u00e9 \u00e9conomique vitale a\" \/>\n<meta property=\"og:url\" content=\"https:\/\/lasentinelle.dz\/index.php\/2023\/06\/25\/2e-edition-du-salon-international-de-lindustrie-pharmaceutique-a-annaba-75-participants-au-rendez-vous\/\" \/>\n<meta property=\"og:site_name\" content=\"La Sentinelle\" \/>\n<meta property=\"article:publisher\" content=\"https:\/\/www.facebook.com\/La-Sentinelle-104059864394773\" \/>\n<meta property=\"article:published_time\" content=\"2023-06-25T21:52:22+00:00\" \/>\n<meta property=\"article:modified_time\" content=\"2023-06-25T21:52:23+00:00\" \/>\n<meta property=\"og:image\" content=\"https:\/\/lasentinelle.dz\/wp-content\/uploads\/2023\/06\/Industrie-pharmaceutique.jpeg\" \/>\n\t<meta property=\"og:image:width\" content=\"580\" \/>\n\t<meta property=\"og:image:height\" content=\"350\" \/>\n\t<meta property=\"og:image:type\" content=\"image\/jpeg\" \/>\n<meta name=\"author\" content=\"La Sentinelle\" \/>\n<meta name=\"twitter:card\" content=\"summary_large_image\" \/>\n<meta name=\"twitter:label1\" content=\"\u00c9crit par\" \/>\n\t<meta name=\"twitter:data1\" content=\"La Sentinelle\" \/>\n\t<meta name=\"twitter:label2\" content=\"Dur\u00e9e de lecture estim\u00e9e\" \/>\n\t<meta name=\"twitter:data2\" content=\"3 minutes\" \/>\n<script type=\"application\/ld+json\" class=\"yoast-schema-graph\">{\"@context\":\"https:\\\/\\\/schema.org\",\"@graph\":[{\"@type\":\"Article\",\"@id\":\"https:\\\/\\\/lasentinelle.dz\\\/index.php\\\/2023\\\/06\\\/25\\\/2e-edition-du-salon-international-de-lindustrie-pharmaceutique-a-annaba-75-participants-au-rendez-vous\\\/#article\",\"isPartOf\":{\"@id\":\"https:\\\/\\\/lasentinelle.dz\\\/index.php\\\/2023\\\/06\\\/25\\\/2e-edition-du-salon-international-de-lindustrie-pharmaceutique-a-annaba-75-participants-au-rendez-vous\\\/\"},\"author\":{\"name\":\"La Sentinelle\",\"@id\":\"https:\\\/\\\/lasentinelle.dz\\\/#\\\/schema\\\/person\\\/d865044e22e70a75174ce8bcad3acfb3\"},\"headline\":\"2e \u00e9dition du salon international de l\u2019industrie pharmaceutique \u00e0 Annaba&nbsp;: 75 participants au rendez-vous\",\"datePublished\":\"2023-06-25T21:52:22+00:00\",\"dateModified\":\"2023-06-25T21:52:23+00:00\",\"mainEntityOfPage\":{\"@id\":\"https:\\\/\\\/lasentinelle.dz\\\/index.php\\\/2023\\\/06\\\/25\\\/2e-edition-du-salon-international-de-lindustrie-pharmaceutique-a-annaba-75-participants-au-rendez-vous\\\/\"},\"wordCount\":517,\"commentCount\":0,\"publisher\":{\"@id\":\"https:\\\/\\\/lasentinelle.dz\\\/#organization\"},\"image\":{\"@id\":\"https:\\\/\\\/lasentinelle.dz\\\/index.php\\\/2023\\\/06\\\/25\\\/2e-edition-du-salon-international-de-lindustrie-pharmaceutique-a-annaba-75-participants-au-rendez-vous\\\/#primaryimage\"},\"thumbnailUrl\":\"https:\\\/\\\/lasentinelle.dz\\\/wp-content\\\/uploads\\\/2023\\\/06\\\/Industrie-pharmaceutique.jpeg\",\"articleSection\":[\"R\u00e9gions\"],\"inLanguage\":\"fr-FR\",\"potentialAction\":[{\"@type\":\"CommentAction\",\"name\":\"Comment\",\"target\":[\"https:\\\/\\\/lasentinelle.dz\\\/index.php\\\/2023\\\/06\\\/25\\\/2e-edition-du-salon-international-de-lindustrie-pharmaceutique-a-annaba-75-participants-au-rendez-vous\\\/#respond\"]}]},{\"@type\":\"WebPage\",\"@id\":\"https:\\\/\\\/lasentinelle.dz\\\/index.php\\\/2023\\\/06\\\/25\\\/2e-edition-du-salon-international-de-lindustrie-pharmaceutique-a-annaba-75-participants-au-rendez-vous\\\/\",\"url\":\"https:\\\/\\\/lasentinelle.dz\\\/index.php\\\/2023\\\/06\\\/25\\\/2e-edition-du-salon-international-de-lindustrie-pharmaceutique-a-annaba-75-participants-au-rendez-vous\\\/\",\"name\":\"2e \u00e9dition du salon international de l\u2019industrie pharmaceutique \u00e0 Annaba&nbsp;: 75 participants au rendez-vous - La Sentinelle\",\"isPartOf\":{\"@id\":\"https:\\\/\\\/lasentinelle.dz\\\/#website\"},\"primaryImageOfPage\":{\"@id\":\"https:\\\/\\\/lasentinelle.dz\\\/index.php\\\/2023\\\/06\\\/25\\\/2e-edition-du-salon-international-de-lindustrie-pharmaceutique-a-annaba-75-participants-au-rendez-vous\\\/#primaryimage\"},\"image\":{\"@id\":\"https:\\\/\\\/lasentinelle.dz\\\/index.php\\\/2023\\\/06\\\/25\\\/2e-edition-du-salon-international-de-lindustrie-pharmaceutique-a-annaba-75-participants-au-rendez-vous\\\/#primaryimage\"},\"thumbnailUrl\":\"https:\\\/\\\/lasentinelle.dz\\\/wp-content\\\/uploads\\\/2023\\\/06\\\/Industrie-pharmaceutique.jpeg\",\"datePublished\":\"2023-06-25T21:52:22+00:00\",\"dateModified\":\"2023-06-25T21:52:23+00:00\",\"breadcrumb\":{\"@id\":\"https:\\\/\\\/lasentinelle.dz\\\/index.php\\\/2023\\\/06\\\/25\\\/2e-edition-du-salon-international-de-lindustrie-pharmaceutique-a-annaba-75-participants-au-rendez-vous\\\/#breadcrumb\"},\"inLanguage\":\"fr-FR\",\"potentialAction\":[{\"@type\":\"ReadAction\",\"target\":[\"https:\\\/\\\/lasentinelle.dz\\\/index.php\\\/2023\\\/06\\\/25\\\/2e-edition-du-salon-international-de-lindustrie-pharmaceutique-a-annaba-75-participants-au-rendez-vous\\\/\"]}]},{\"@type\":\"ImageObject\",\"inLanguage\":\"fr-FR\",\"@id\":\"https:\\\/\\\/lasentinelle.dz\\\/index.php\\\/2023\\\/06\\\/25\\\/2e-edition-du-salon-international-de-lindustrie-pharmaceutique-a-annaba-75-participants-au-rendez-vous\\\/#primaryimage\",\"url\":\"https:\\\/\\\/lasentinelle.dz\\\/wp-content\\\/uploads\\\/2023\\\/06\\\/Industrie-pharmaceutique.jpeg\",\"contentUrl\":\"https:\\\/\\\/lasentinelle.dz\\\/wp-content\\\/uploads\\\/2023\\\/06\\\/Industrie-pharmaceutique.jpeg\",\"width\":580,\"height\":350},{\"@type\":\"BreadcrumbList\",\"@id\":\"https:\\\/\\\/lasentinelle.dz\\\/index.php\\\/2023\\\/06\\\/25\\\/2e-edition-du-salon-international-de-lindustrie-pharmaceutique-a-annaba-75-participants-au-rendez-vous\\\/#breadcrumb\",\"itemListElement\":[{\"@type\":\"ListItem\",\"position\":1,\"name\":\"Accueil\",\"item\":\"https:\\\/\\\/lasentinelle.dz\\\/\"},{\"@type\":\"ListItem\",\"position\":2,\"name\":\"2e \u00e9dition du salon international de l\u2019industrie pharmaceutique \u00e0 Annaba&nbsp;: 75 participants au rendez-vous\"}]},{\"@type\":\"WebSite\",\"@id\":\"https:\\\/\\\/lasentinelle.dz\\\/#website\",\"url\":\"https:\\\/\\\/lasentinelle.dz\\\/\",\"name\":\"La Sentinelle\",\"description\":\"Quotidien national d&#039;information\",\"publisher\":{\"@id\":\"https:\\\/\\\/lasentinelle.dz\\\/#organization\"},\"potentialAction\":[{\"@type\":\"SearchAction\",\"target\":{\"@type\":\"EntryPoint\",\"urlTemplate\":\"https:\\\/\\\/lasentinelle.dz\\\/?s={search_term_string}\"},\"query-input\":{\"@type\":\"PropertyValueSpecification\",\"valueRequired\":true,\"valueName\":\"search_term_string\"}}],\"inLanguage\":\"fr-FR\"},{\"@type\":\"Organization\",\"@id\":\"https:\\\/\\\/lasentinelle.dz\\\/#organization\",\"name\":\"Quotidien La Sentinelle\",\"url\":\"https:\\\/\\\/lasentinelle.dz\\\/\",\"logo\":{\"@type\":\"ImageObject\",\"inLanguage\":\"fr-FR\",\"@id\":\"https:\\\/\\\/lasentinelle.dz\\\/#\\\/schema\\\/logo\\\/image\\\/\",\"url\":\"https:\\\/\\\/lasentinelle.dz\\\/wp-content\\\/uploads\\\/2021\\\/09\\\/logo-sentinelleSLOGAN-1.png\",\"contentUrl\":\"https:\\\/\\\/lasentinelle.dz\\\/wp-content\\\/uploads\\\/2021\\\/09\\\/logo-sentinelleSLOGAN-1.png\",\"width\":615,\"height\":142,\"caption\":\"Quotidien La Sentinelle\"},\"image\":{\"@id\":\"https:\\\/\\\/lasentinelle.dz\\\/#\\\/schema\\\/logo\\\/image\\\/\"},\"sameAs\":[\"https:\\\/\\\/www.facebook.com\\\/La-Sentinelle-104059864394773\"]},{\"@type\":\"Person\",\"@id\":\"https:\\\/\\\/lasentinelle.dz\\\/#\\\/schema\\\/person\\\/d865044e22e70a75174ce8bcad3acfb3\",\"name\":\"La Sentinelle\",\"image\":{\"@type\":\"ImageObject\",\"inLanguage\":\"fr-FR\",\"@id\":\"https:\\\/\\\/secure.gravatar.com\\\/avatar\\\/57de8e5d4b15d43fb361a71fbb36338450fe67865b528a43dd10ef7c51a20392?s=96&d=mm&r=g\",\"url\":\"https:\\\/\\\/secure.gravatar.com\\\/avatar\\\/57de8e5d4b15d43fb361a71fbb36338450fe67865b528a43dd10ef7c51a20392?s=96&d=mm&r=g\",\"contentUrl\":\"https:\\\/\\\/secure.gravatar.com\\\/avatar\\\/57de8e5d4b15d43fb361a71fbb36338450fe67865b528a43dd10ef7c51a20392?s=96&d=mm&r=g\",\"caption\":\"La Sentinelle\"},\"sameAs\":[\"http:\\\/\\\/www.lasentinelle.dz\"],\"url\":\"https:\\\/\\\/lasentinelle.dz\\\/author\\\/redaction\\\/\"}]}<\/script>\n<!-- \/ Yoast SEO plugin. -->","yoast_head_json":{"title":"2e \u00e9dition du salon international de l\u2019industrie pharmaceutique \u00e0 Annaba&nbsp;: 75 participants au rendez-vous - La Sentinelle","robots":{"index":"index","follow":"follow","max-snippet":"max-snippet:-1","max-image-preview":"max-image-preview:large","max-video-preview":"max-video-preview:-1"},"canonical":"https:\/\/lasentinelle.dz\/index.php\/2023\/06\/25\/2e-edition-du-salon-international-de-lindustrie-pharmaceutique-a-annaba-75-participants-au-rendez-vous\/","og_locale":"fr_FR","og_type":"article","og_title":"2e \u00e9dition du salon international de l\u2019industrie pharmaceutique \u00e0 Annaba&nbsp;: 75 participants au rendez-vous - La Sentinelle","og_description":"L\u2019industrie pharmaceutique nationale et l\u2019impact des r\u00e9formes strat\u00e9giques visant la relance et le d\u00e9veloppement de cette activit\u00e9 \u00e9conomique vitale a","og_url":"https:\/\/lasentinelle.dz\/index.php\/2023\/06\/25\/2e-edition-du-salon-international-de-lindustrie-pharmaceutique-a-annaba-75-participants-au-rendez-vous\/","og_site_name":"La Sentinelle","article_publisher":"https:\/\/www.facebook.com\/La-Sentinelle-104059864394773","article_published_time":"2023-06-25T21:52:22+00:00","article_modified_time":"2023-06-25T21:52:23+00:00","og_image":[{"width":580,"height":350,"url":"https:\/\/lasentinelle.dz\/wp-content\/uploads\/2023\/06\/Industrie-pharmaceutique.jpeg","type":"image\/jpeg"}],"author":"La Sentinelle","twitter_card":"summary_large_image","twitter_misc":{"\u00c9crit par":"La Sentinelle","Dur\u00e9e de lecture estim\u00e9e":"3 minutes"},"schema":{"@context":"https:\/\/schema.org","@graph":[{"@type":"Article","@id":"https:\/\/lasentinelle.dz\/index.php\/2023\/06\/25\/2e-edition-du-salon-international-de-lindustrie-pharmaceutique-a-annaba-75-participants-au-rendez-vous\/#article","isPartOf":{"@id":"https:\/\/lasentinelle.dz\/index.php\/2023\/06\/25\/2e-edition-du-salon-international-de-lindustrie-pharmaceutique-a-annaba-75-participants-au-rendez-vous\/"},"author":{"name":"La Sentinelle","@id":"https:\/\/lasentinelle.dz\/#\/schema\/person\/d865044e22e70a75174ce8bcad3acfb3"},"headline":"2e \u00e9dition du salon international de l\u2019industrie pharmaceutique \u00e0 Annaba&nbsp;: 75 participants au rendez-vous","datePublished":"2023-06-25T21:52:22+00:00","dateModified":"2023-06-25T21:52:23+00:00","mainEntityOfPage":{"@id":"https:\/\/lasentinelle.dz\/index.php\/2023\/06\/25\/2e-edition-du-salon-international-de-lindustrie-pharmaceutique-a-annaba-75-participants-au-rendez-vous\/"},"wordCount":517,"commentCount":0,"publisher":{"@id":"https:\/\/lasentinelle.dz\/#organization"},"image":{"@id":"https:\/\/lasentinelle.dz\/index.php\/2023\/06\/25\/2e-edition-du-salon-international-de-lindustrie-pharmaceutique-a-annaba-75-participants-au-rendez-vous\/#primaryimage"},"thumbnailUrl":"https:\/\/lasentinelle.dz\/wp-content\/uploads\/2023\/06\/Industrie-pharmaceutique.jpeg","articleSection":["R\u00e9gions"],"inLanguage":"fr-FR","potentialAction":[{"@type":"CommentAction","name":"Comment","target":["https:\/\/lasentinelle.dz\/index.php\/2023\/06\/25\/2e-edition-du-salon-international-de-lindustrie-pharmaceutique-a-annaba-75-participants-au-rendez-vous\/#respond"]}]},{"@type":"WebPage","@id":"https:\/\/lasentinelle.dz\/index.php\/2023\/06\/25\/2e-edition-du-salon-international-de-lindustrie-pharmaceutique-a-annaba-75-participants-au-rendez-vous\/","url":"https:\/\/lasentinelle.dz\/index.php\/2023\/06\/25\/2e-edition-du-salon-international-de-lindustrie-pharmaceutique-a-annaba-75-participants-au-rendez-vous\/","name":"2e \u00e9dition du salon international de l\u2019industrie pharmaceutique \u00e0 Annaba&nbsp;: 75 participants au rendez-vous - La Sentinelle","isPartOf":{"@id":"https:\/\/lasentinelle.dz\/#website"},"primaryImageOfPage":{"@id":"https:\/\/lasentinelle.dz\/index.php\/2023\/06\/25\/2e-edition-du-salon-international-de-lindustrie-pharmaceutique-a-annaba-75-participants-au-rendez-vous\/#primaryimage"},"image":{"@id":"https:\/\/lasentinelle.dz\/index.php\/2023\/06\/25\/2e-edition-du-salon-international-de-lindustrie-pharmaceutique-a-annaba-75-participants-au-rendez-vous\/#primaryimage"},"thumbnailUrl":"https:\/\/lasentinelle.dz\/wp-content\/uploads\/2023\/06\/Industrie-pharmaceutique.jpeg","datePublished":"2023-06-25T21:52:22+00:00","dateModified":"2023-06-25T21:52:23+00:00","breadcrumb":{"@id":"https:\/\/lasentinelle.dz\/index.php\/2023\/06\/25\/2e-edition-du-salon-international-de-lindustrie-pharmaceutique-a-annaba-75-participants-au-rendez-vous\/#breadcrumb"},"inLanguage":"fr-FR","potentialAction":[{"@type":"ReadAction","target":["https:\/\/lasentinelle.dz\/index.php\/2023\/06\/25\/2e-edition-du-salon-international-de-lindustrie-pharmaceutique-a-annaba-75-participants-au-rendez-vous\/"]}]},{"@type":"ImageObject","inLanguage":"fr-FR","@id":"https:\/\/lasentinelle.dz\/index.php\/2023\/06\/25\/2e-edition-du-salon-international-de-lindustrie-pharmaceutique-a-annaba-75-participants-au-rendez-vous\/#primaryimage","url":"https:\/\/lasentinelle.dz\/wp-content\/uploads\/2023\/06\/Industrie-pharmaceutique.jpeg","contentUrl":"https:\/\/lasentinelle.dz\/wp-content\/uploads\/2023\/06\/Industrie-pharmaceutique.jpeg","width":580,"height":350},{"@type":"BreadcrumbList","@id":"https:\/\/lasentinelle.dz\/index.php\/2023\/06\/25\/2e-edition-du-salon-international-de-lindustrie-pharmaceutique-a-annaba-75-participants-au-rendez-vous\/#breadcrumb","itemListElement":[{"@type":"ListItem","position":1,"name":"Accueil","item":"https:\/\/lasentinelle.dz\/"},{"@type":"ListItem","position":2,"name":"2e \u00e9dition du salon international de l\u2019industrie pharmaceutique \u00e0 Annaba&nbsp;: 75 participants au rendez-vous"}]},{"@type":"WebSite","@id":"https:\/\/lasentinelle.dz\/#website","url":"https:\/\/lasentinelle.dz\/","name":"La Sentinelle","description":"Quotidien national d&#039;information","publisher":{"@id":"https:\/\/lasentinelle.dz\/#organization"},"potentialAction":[{"@type":"SearchAction","target":{"@type":"EntryPoint","urlTemplate":"https:\/\/lasentinelle.dz\/?s={search_term_string}"},"query-input":{"@type":"PropertyValueSpecification","valueRequired":true,"valueName":"search_term_string"}}],"inLanguage":"fr-FR"},{"@type":"Organization","@id":"https:\/\/lasentinelle.dz\/#organization","name":"Quotidien La Sentinelle","url":"https:\/\/lasentinelle.dz\/","logo":{"@type":"ImageObject","inLanguage":"fr-FR","@id":"https:\/\/lasentinelle.dz\/#\/schema\/logo\/image\/","url":"https:\/\/lasentinelle.dz\/wp-content\/uploads\/2021\/09\/logo-sentinelleSLOGAN-1.png","contentUrl":"https:\/\/lasentinelle.dz\/wp-content\/uploads\/2021\/09\/logo-sentinelleSLOGAN-1.png","width":615,"height":142,"caption":"Quotidien La Sentinelle"},"image":{"@id":"https:\/\/lasentinelle.dz\/#\/schema\/logo\/image\/"},"sameAs":["https:\/\/www.facebook.com\/La-Sentinelle-104059864394773"]},{"@type":"Person","@id":"https:\/\/lasentinelle.dz\/#\/schema\/person\/d865044e22e70a75174ce8bcad3acfb3","name":"La Sentinelle","image":{"@type":"ImageObject","inLanguage":"fr-FR","@id":"https:\/\/secure.gravatar.com\/avatar\/57de8e5d4b15d43fb361a71fbb36338450fe67865b528a43dd10ef7c51a20392?s=96&d=mm&r=g","url":"https:\/\/secure.gravatar.com\/avatar\/57de8e5d4b15d43fb361a71fbb36338450fe67865b528a43dd10ef7c51a20392?s=96&d=mm&r=g","contentUrl":"https:\/\/secure.gravatar.com\/avatar\/57de8e5d4b15d43fb361a71fbb36338450fe67865b528a43dd10ef7c51a20392?s=96&d=mm&r=g","caption":"La Sentinelle"},"sameAs":["http:\/\/www.lasentinelle.dz"],"url":"https:\/\/lasentinelle.dz\/author\/redaction\/"}]}},"_links":{"self":[{"href":"https:\/\/lasentinelle.dz\/index.php\/wp-json\/wp\/v2\/posts\/43063","targetHints":{"allow":["GET"]}}],"collection":[{"href":"https:\/\/lasentinelle.dz\/index.php\/wp-json\/wp\/v2\/posts"}],"about":[{"href":"https:\/\/lasentinelle.dz\/index.php\/wp-json\/wp\/v2\/types\/post"}],"author":[{"embeddable":true,"href":"https:\/\/lasentinelle.dz\/index.php\/wp-json\/wp\/v2\/users\/3"}],"replies":[{"embeddable":true,"href":"https:\/\/lasentinelle.dz\/index.php\/wp-json\/wp\/v2\/comments?post=43063"}],"version-history":[{"count":1,"href":"https:\/\/lasentinelle.dz\/index.php\/wp-json\/wp\/v2\/posts\/43063\/revisions"}],"predecessor-version":[{"id":43065,"href":"https:\/\/lasentinelle.dz\/index.php\/wp-json\/wp\/v2\/posts\/43063\/revisions\/43065"}],"wp:featuredmedia":[{"embeddable":true,"href":"https:\/\/lasentinelle.dz\/index.php\/wp-json\/wp\/v2\/media\/43064"}],"wp:attachment":[{"href":"https:\/\/lasentinelle.dz\/index.php\/wp-json\/wp\/v2\/media?parent=43063"}],"wp:term":[{"taxonomy":"category","embeddable":true,"href":"https:\/\/lasentinelle.dz\/index.php\/wp-json\/wp\/v2\/categories?post=43063"},{"taxonomy":"post_tag","embeddable":true,"href":"https:\/\/lasentinelle.dz\/index.php\/wp-json\/wp\/v2\/tags?post=43063"}],"curies":[{"name":"wp","href":"https:\/\/api.w.org\/{rel}","templated":true}]}}