{"id":43066,"date":"2023-06-25T22:53:20","date_gmt":"2023-06-25T21:53:20","guid":{"rendered":"https:\/\/lasentinelle.dz\/?p=43066"},"modified":"2023-06-25T22:53:21","modified_gmt":"2023-06-25T21:53:21","slug":"foire-internationale-dalger-des-rencontres-b2b-pour-explorer-les-opportunites-de-partenariat","status":"publish","type":"post","link":"https:\/\/lasentinelle.dz\/index.php\/2023\/06\/25\/foire-internationale-dalger-des-rencontres-b2b-pour-explorer-les-opportunites-de-partenariat\/","title":{"rendered":"Foire internationale d\u2019Alger&nbsp;: Des rencontres \u00ab&nbsp;B2B&nbsp;\u00bb pour explorer les opportunit\u00e9s de partenariat"},"content":{"rendered":"\n<p>La Foire internationale d\u2019Alger a ferm\u00e9 hier ses portes apr\u00e8s six jours d\u2019exposition. Un \u00e9v\u00e9nement qui a \u00e9t\u00e9 articul\u00e9 autour du d\u00e9veloppement de l\u2019investissement dans les secteurs cl\u00e9s de l\u2019\u00e9conomie nationale et l\u2019innovation. Un \u00e9v\u00e9nement qui a \u00e9galement \u00e9t\u00e9 pens\u00e9 cette ann\u00e9e pour promouvoir les opportunit\u00e9s de partenariat et attirer les investissements \u00e9trangers. C\u2019est dans ce sens que la Chambre alg\u00e9rienne de commerce et d\u2019industrie (CACI) a organis\u00e9, samedi, des rencontres \u00ab B2B \u00bb en marge de la FIA entre nombre d\u2019op\u00e9rateurs \u00e9conomiques alg\u00e9riens et \u00e9trangers participant \u00e0 ce rendez-vous. Ces rencontres tendent \u00e0 examiner les opportunit\u00e9s de partenariat et de promotion des \u00e9changes dans tous les domaines. Kamel Hamenni, le pr\u00e9sident de la CACI a soulign\u00e9 que \u00abla politique d\u2019encouragement de l\u2019investissement engag\u00e9e par le pr\u00e9sident de la R\u00e9publique, \u00e0 la lumi\u00e8re de la nouvelle loi sur l\u2019investissement a \u00e9t\u00e9 couronn\u00e9e de succ\u00e8s\u00bb. Hamenni affirmera \u00abla forte affluence d&rsquo;op\u00e9rateurs \u00e9trangers sur les produits nationaux, notamment \u00ab les mat\u00e9riaux de construction remplissant le crit\u00e8re de rapport qualit\u00e9-prix\u00bb. A cet effet, le repr\u00e9sentant de la Chambre de l\u2019industrie, de l\u2019agriculture, des mines et de l\u2019artisanat du Tchad, a fait part \u00e0 l\u2019APS de la volont\u00e9 de son pays \u00abd\u2019\u00e9tablir des partenariats avec l\u2019Alg\u00e9rie et de promouvoir les \u00e9changes, notamment en mati\u00e8re des mat\u00e9riaux de construction, des industries agroalimentaires et de la sid\u00e9rurgie\u00bb, ajoutant que des n\u00e9gociations ont eu lieu avec l\u2019Agence nationale de la promotion du commerce ext\u00e9rieur (Algex), ainsi qu\u2019avec des entreprises publiques et priv\u00e9es pour promouvoir les \u00e9changes entre les deux pays. \u00abNous aspirons \u00e0 r\u00e9aliser prochainement un partenariat fructueux sur le terrain\u00bb, a-t-il ajout\u00e9. L\u2019ambassadeur du Mozambique \u00e0 Alger, Carvalho Muaria, a exprim\u00e9 de son c\u00f4t\u00e9 \u00abla forte volont\u00e9 de son pays d\u2019\u00e9tablir des \u00e9changes commerciaux avec l\u2019Alg\u00e9rie dans plusieurs secteurs, car constituant \u00abun p\u00f4le \u00e9conomique important et strat\u00e9gique encourageant l\u2019investissement\u00bb, soulignant la n\u00e9cessit\u00e9 de redoubler d\u2019efforts pour \u00abune \u00e9conomie africaine consacrant le principe gagnant-gagnant\u00bb. Concernant les participants asiatiques, la repr\u00e9sentante de l&rsquo;ambassadeur du Vietnam en Alg\u00e9rie, Viti Tan Tu, a r\u00e9v\u00e9l\u00e9 que la valeur des exportations alg\u00e9riennes vers le Vietnam avaient d\u00e9pass\u00e9 les 10 millions de dollars en 2022, un march\u00e9 essentiellement repr\u00e9sent\u00e9 par les dattes et les fruits, ajoutant que son pays aspirait \u00e0 augmenter ses \u00e9changes avec l&rsquo;Alg\u00e9rie tout particuli\u00e8rement \u00e0 la lumi\u00e8re de sa nouvelle politique qui vise \u00e0 \u00e9largir les voies de coop\u00e9ration. S&rsquo;agissant de la partie alg\u00e9rienne, plusieurs entrepreneurs ont affich\u00e9 leur enthousiasme \u00e0 vouloir exporter vers de nouveaux march\u00e9s, et en particulier vers les march\u00e9s africains. A cet effet, le pr\u00e9sident de l&rsquo;association des c\u00e9ramistes, M. Mohamed Moncef Bouderba a insist\u00e9 sur la disposition des acteurs dans le domaine de la c\u00e9ramique \u00e0 atteindre de nouveaux march\u00e9s, dans le but de participer au d\u00e9veloppement \u00e9conomique du pays, d&rsquo;autant que \u00ab\u00a0la production annuelle des adh\u00e9rents \u00e0 l&rsquo;association d\u00e9passe les 300 millions de m\u00e8tre carr\u00e9s, alors que le march\u00e9 local ne consomme que 200 millions de m\u00e8tres carr\u00e9s\u00a0\u00bb. M. Kechroud Khaled exportateur de dattes vers l&rsquo;Europe depuis 2014, a \u00e9galement fait part de sa volont\u00e9 de conqu\u00e9rir les march\u00e9s africains, et a fait part de son int\u00e9r\u00eat \u00e0 collaborer avec les africains, surtout qu&rsquo;il exporte environs 400 tonnes annuellement. Il a \u00e9galement indiqu\u00e9 avoir re\u00e7u plusieurs offres de la part de plusieurs pays \u00e9tranger compte tenu de la qualit\u00e9 des dattes alg\u00e9riennes et de leur prix concurrentiels. Il est \u00e0 rappeler que la 54e foire internationale d&rsquo;Alger, qui sera cl\u00f4tur\u00e9e dimanche, connait la participation d&rsquo;environ 640 exposants nationaux et internationaux, avec la participation de l&rsquo;Italie comme invit\u00e9 d&rsquo;honneur de cette \u00e9dition sous le th\u00e8me \u00a0\u00bb Alg\u00e9rie : Nouvelles perspectives et nouveaux horizons\u00a0\u00bb.<\/p>\n\n\n\n<p><strong>Chokri Hafed<\/strong><\/p>\n","protected":false},"excerpt":{"rendered":"<p>La Foire internationale d\u2019Alger a ferm\u00e9 hier ses portes apr\u00e8s six jours d\u2019exposition. Un \u00e9v\u00e9nement qui a \u00e9t\u00e9 articul\u00e9 autour<\/p>\n","protected":false},"author":3,"featured_media":42876,"comment_status":"open","ping_status":"closed","sticky":false,"template":"","format":"standard","meta":{"colormag_page_container_layout":"default_layout","colormag_page_sidebar_layout":"default_layout","om_disable_all_campaigns":false,"_monsterinsights_skip_tracking":false,"_monsterinsights_sitenote_active":false,"_monsterinsights_sitenote_note":"","_monsterinsights_sitenote_category":0,"footnotes":"","_wpscppro_dont_share_socialmedia":false,"_wpscppro_custom_social_share_image":0,"_facebook_share_type":"","_twitter_share_type":"","_linkedin_share_type":"","_pinterest_share_type":"","_linkedin_share_type_page":"","_instagram_share_type":"","_medium_share_type":"","_threads_share_type":"","_google_business_share_type":"","_selected_social_profile":[],"_wpsp_enable_custom_social_template":false,"_wpsp_social_scheduling":{"enabled":false,"datetime":null,"platforms":[],"status":"template_only","dateOption":"today","timeOption":"now","customDays":"","customHours":"","customDate":"","customTime":"","schedulingType":"absolute"},"_wpsp_active_default_template":true},"categories":[29],"tags":[],"class_list":["post-43066","post","type-post","status-publish","format-standard","has-post-thumbnail","hentry","category-economie"],"aioseo_notices":[],"yoast_head":"<!-- This site is optimized with the Yoast SEO plugin v27.5 - https:\/\/yoast.com\/product\/yoast-seo-wordpress\/ -->\n<title>Foire internationale d\u2019Alger&nbsp;: Des rencontres \u00ab&nbsp;B2B&nbsp;\u00bb pour explorer les opportunit\u00e9s de partenariat - La Sentinelle<\/title>\n<meta name=\"robots\" content=\"index, follow, max-snippet:-1, max-image-preview:large, max-video-preview:-1\" \/>\n<link rel=\"canonical\" href=\"https:\/\/lasentinelle.dz\/index.php\/2023\/06\/25\/foire-internationale-dalger-des-rencontres-b2b-pour-explorer-les-opportunites-de-partenariat\/\" \/>\n<meta property=\"og:locale\" content=\"fr_FR\" \/>\n<meta property=\"og:type\" content=\"article\" \/>\n<meta property=\"og:title\" content=\"Foire internationale d\u2019Alger&nbsp;: Des rencontres \u00ab&nbsp;B2B&nbsp;\u00bb pour explorer les opportunit\u00e9s de partenariat - La Sentinelle\" \/>\n<meta property=\"og:description\" content=\"La Foire internationale d\u2019Alger a ferm\u00e9 hier ses portes apr\u00e8s six jours d\u2019exposition. Un \u00e9v\u00e9nement qui a \u00e9t\u00e9 articul\u00e9 autour\" \/>\n<meta property=\"og:url\" content=\"https:\/\/lasentinelle.dz\/index.php\/2023\/06\/25\/foire-internationale-dalger-des-rencontres-b2b-pour-explorer-les-opportunites-de-partenariat\/\" \/>\n<meta property=\"og:site_name\" content=\"La Sentinelle\" \/>\n<meta property=\"article:publisher\" content=\"https:\/\/www.facebook.com\/La-Sentinelle-104059864394773\" \/>\n<meta property=\"article:published_time\" content=\"2023-06-25T21:53:20+00:00\" \/>\n<meta property=\"article:modified_time\" content=\"2023-06-25T21:53:21+00:00\" \/>\n<meta property=\"og:image\" content=\"https:\/\/lasentinelle.dz\/wp-content\/uploads\/2023\/06\/foire.jpeg\" \/>\n\t<meta property=\"og:image:width\" content=\"745\" \/>\n\t<meta property=\"og:image:height\" content=\"470\" \/>\n\t<meta property=\"og:image:type\" content=\"image\/jpeg\" \/>\n<meta name=\"author\" content=\"La Sentinelle\" \/>\n<meta name=\"twitter:card\" content=\"summary_large_image\" \/>\n<meta name=\"twitter:label1\" content=\"\u00c9crit par\" \/>\n\t<meta name=\"twitter:data1\" content=\"La Sentinelle\" \/>\n\t<meta name=\"twitter:label2\" content=\"Dur\u00e9e de lecture estim\u00e9e\" \/>\n\t<meta name=\"twitter:data2\" content=\"4 minutes\" \/>\n<script type=\"application\/ld+json\" class=\"yoast-schema-graph\">{\"@context\":\"https:\\\/\\\/schema.org\",\"@graph\":[{\"@type\":\"Article\",\"@id\":\"https:\\\/\\\/lasentinelle.dz\\\/index.php\\\/2023\\\/06\\\/25\\\/foire-internationale-dalger-des-rencontres-b2b-pour-explorer-les-opportunites-de-partenariat\\\/#article\",\"isPartOf\":{\"@id\":\"https:\\\/\\\/lasentinelle.dz\\\/index.php\\\/2023\\\/06\\\/25\\\/foire-internationale-dalger-des-rencontres-b2b-pour-explorer-les-opportunites-de-partenariat\\\/\"},\"author\":{\"name\":\"La Sentinelle\",\"@id\":\"https:\\\/\\\/lasentinelle.dz\\\/#\\\/schema\\\/person\\\/d865044e22e70a75174ce8bcad3acfb3\"},\"headline\":\"Foire internationale d\u2019Alger&nbsp;: Des rencontres \u00ab&nbsp;B2B&nbsp;\u00bb pour explorer les opportunit\u00e9s de partenariat\",\"datePublished\":\"2023-06-25T21:53:20+00:00\",\"dateModified\":\"2023-06-25T21:53:21+00:00\",\"mainEntityOfPage\":{\"@id\":\"https:\\\/\\\/lasentinelle.dz\\\/index.php\\\/2023\\\/06\\\/25\\\/foire-internationale-dalger-des-rencontres-b2b-pour-explorer-les-opportunites-de-partenariat\\\/\"},\"wordCount\":702,\"commentCount\":0,\"publisher\":{\"@id\":\"https:\\\/\\\/lasentinelle.dz\\\/#organization\"},\"image\":{\"@id\":\"https:\\\/\\\/lasentinelle.dz\\\/index.php\\\/2023\\\/06\\\/25\\\/foire-internationale-dalger-des-rencontres-b2b-pour-explorer-les-opportunites-de-partenariat\\\/#primaryimage\"},\"thumbnailUrl\":\"https:\\\/\\\/lasentinelle.dz\\\/wp-content\\\/uploads\\\/2023\\\/06\\\/foire.jpeg\",\"articleSection\":[\"\u00c9conomie\"],\"inLanguage\":\"fr-FR\",\"potentialAction\":[{\"@type\":\"CommentAction\",\"name\":\"Comment\",\"target\":[\"https:\\\/\\\/lasentinelle.dz\\\/index.php\\\/2023\\\/06\\\/25\\\/foire-internationale-dalger-des-rencontres-b2b-pour-explorer-les-opportunites-de-partenariat\\\/#respond\"]}]},{\"@type\":\"WebPage\",\"@id\":\"https:\\\/\\\/lasentinelle.dz\\\/index.php\\\/2023\\\/06\\\/25\\\/foire-internationale-dalger-des-rencontres-b2b-pour-explorer-les-opportunites-de-partenariat\\\/\",\"url\":\"https:\\\/\\\/lasentinelle.dz\\\/index.php\\\/2023\\\/06\\\/25\\\/foire-internationale-dalger-des-rencontres-b2b-pour-explorer-les-opportunites-de-partenariat\\\/\",\"name\":\"Foire internationale d\u2019Alger&nbsp;: Des rencontres \u00ab&nbsp;B2B&nbsp;\u00bb pour explorer les opportunit\u00e9s de partenariat - La Sentinelle\",\"isPartOf\":{\"@id\":\"https:\\\/\\\/lasentinelle.dz\\\/#website\"},\"primaryImageOfPage\":{\"@id\":\"https:\\\/\\\/lasentinelle.dz\\\/index.php\\\/2023\\\/06\\\/25\\\/foire-internationale-dalger-des-rencontres-b2b-pour-explorer-les-opportunites-de-partenariat\\\/#primaryimage\"},\"image\":{\"@id\":\"https:\\\/\\\/lasentinelle.dz\\\/index.php\\\/2023\\\/06\\\/25\\\/foire-internationale-dalger-des-rencontres-b2b-pour-explorer-les-opportunites-de-partenariat\\\/#primaryimage\"},\"thumbnailUrl\":\"https:\\\/\\\/lasentinelle.dz\\\/wp-content\\\/uploads\\\/2023\\\/06\\\/foire.jpeg\",\"datePublished\":\"2023-06-25T21:53:20+00:00\",\"dateModified\":\"2023-06-25T21:53:21+00:00\",\"breadcrumb\":{\"@id\":\"https:\\\/\\\/lasentinelle.dz\\\/index.php\\\/2023\\\/06\\\/25\\\/foire-internationale-dalger-des-rencontres-b2b-pour-explorer-les-opportunites-de-partenariat\\\/#breadcrumb\"},\"inLanguage\":\"fr-FR\",\"potentialAction\":[{\"@type\":\"ReadAction\",\"target\":[\"https:\\\/\\\/lasentinelle.dz\\\/index.php\\\/2023\\\/06\\\/25\\\/foire-internationale-dalger-des-rencontres-b2b-pour-explorer-les-opportunites-de-partenariat\\\/\"]}]},{\"@type\":\"ImageObject\",\"inLanguage\":\"fr-FR\",\"@id\":\"https:\\\/\\\/lasentinelle.dz\\\/index.php\\\/2023\\\/06\\\/25\\\/foire-internationale-dalger-des-rencontres-b2b-pour-explorer-les-opportunites-de-partenariat\\\/#primaryimage\",\"url\":\"https:\\\/\\\/lasentinelle.dz\\\/wp-content\\\/uploads\\\/2023\\\/06\\\/foire.jpeg\",\"contentUrl\":\"https:\\\/\\\/lasentinelle.dz\\\/wp-content\\\/uploads\\\/2023\\\/06\\\/foire.jpeg\",\"width\":745,\"height\":470},{\"@type\":\"BreadcrumbList\",\"@id\":\"https:\\\/\\\/lasentinelle.dz\\\/index.php\\\/2023\\\/06\\\/25\\\/foire-internationale-dalger-des-rencontres-b2b-pour-explorer-les-opportunites-de-partenariat\\\/#breadcrumb\",\"itemListElement\":[{\"@type\":\"ListItem\",\"position\":1,\"name\":\"Accueil\",\"item\":\"https:\\\/\\\/lasentinelle.dz\\\/\"},{\"@type\":\"ListItem\",\"position\":2,\"name\":\"Foire internationale d\u2019Alger&nbsp;: Des rencontres \u00ab&nbsp;B2B&nbsp;\u00bb pour explorer les opportunit\u00e9s de partenariat\"}]},{\"@type\":\"WebSite\",\"@id\":\"https:\\\/\\\/lasentinelle.dz\\\/#website\",\"url\":\"https:\\\/\\\/lasentinelle.dz\\\/\",\"name\":\"La Sentinelle\",\"description\":\"Quotidien national d&#039;information\",\"publisher\":{\"@id\":\"https:\\\/\\\/lasentinelle.dz\\\/#organization\"},\"potentialAction\":[{\"@type\":\"SearchAction\",\"target\":{\"@type\":\"EntryPoint\",\"urlTemplate\":\"https:\\\/\\\/lasentinelle.dz\\\/?s={search_term_string}\"},\"query-input\":{\"@type\":\"PropertyValueSpecification\",\"valueRequired\":true,\"valueName\":\"search_term_string\"}}],\"inLanguage\":\"fr-FR\"},{\"@type\":\"Organization\",\"@id\":\"https:\\\/\\\/lasentinelle.dz\\\/#organization\",\"name\":\"Quotidien La Sentinelle\",\"url\":\"https:\\\/\\\/lasentinelle.dz\\\/\",\"logo\":{\"@type\":\"ImageObject\",\"inLanguage\":\"fr-FR\",\"@id\":\"https:\\\/\\\/lasentinelle.dz\\\/#\\\/schema\\\/logo\\\/image\\\/\",\"url\":\"https:\\\/\\\/lasentinelle.dz\\\/wp-content\\\/uploads\\\/2021\\\/09\\\/logo-sentinelleSLOGAN-1.png\",\"contentUrl\":\"https:\\\/\\\/lasentinelle.dz\\\/wp-content\\\/uploads\\\/2021\\\/09\\\/logo-sentinelleSLOGAN-1.png\",\"width\":615,\"height\":142,\"caption\":\"Quotidien La Sentinelle\"},\"image\":{\"@id\":\"https:\\\/\\\/lasentinelle.dz\\\/#\\\/schema\\\/logo\\\/image\\\/\"},\"sameAs\":[\"https:\\\/\\\/www.facebook.com\\\/La-Sentinelle-104059864394773\"]},{\"@type\":\"Person\",\"@id\":\"https:\\\/\\\/lasentinelle.dz\\\/#\\\/schema\\\/person\\\/d865044e22e70a75174ce8bcad3acfb3\",\"name\":\"La Sentinelle\",\"image\":{\"@type\":\"ImageObject\",\"inLanguage\":\"fr-FR\",\"@id\":\"https:\\\/\\\/secure.gravatar.com\\\/avatar\\\/57de8e5d4b15d43fb361a71fbb36338450fe67865b528a43dd10ef7c51a20392?s=96&d=mm&r=g\",\"url\":\"https:\\\/\\\/secure.gravatar.com\\\/avatar\\\/57de8e5d4b15d43fb361a71fbb36338450fe67865b528a43dd10ef7c51a20392?s=96&d=mm&r=g\",\"contentUrl\":\"https:\\\/\\\/secure.gravatar.com\\\/avatar\\\/57de8e5d4b15d43fb361a71fbb36338450fe67865b528a43dd10ef7c51a20392?s=96&d=mm&r=g\",\"caption\":\"La Sentinelle\"},\"sameAs\":[\"http:\\\/\\\/www.lasentinelle.dz\"],\"url\":\"https:\\\/\\\/lasentinelle.dz\\\/author\\\/redaction\\\/\"}]}<\/script>\n<!-- \/ Yoast SEO plugin. -->","yoast_head_json":{"title":"Foire internationale d\u2019Alger&nbsp;: Des rencontres \u00ab&nbsp;B2B&nbsp;\u00bb pour explorer les opportunit\u00e9s de partenariat - La Sentinelle","robots":{"index":"index","follow":"follow","max-snippet":"max-snippet:-1","max-image-preview":"max-image-preview:large","max-video-preview":"max-video-preview:-1"},"canonical":"https:\/\/lasentinelle.dz\/index.php\/2023\/06\/25\/foire-internationale-dalger-des-rencontres-b2b-pour-explorer-les-opportunites-de-partenariat\/","og_locale":"fr_FR","og_type":"article","og_title":"Foire internationale d\u2019Alger&nbsp;: Des rencontres \u00ab&nbsp;B2B&nbsp;\u00bb pour explorer les opportunit\u00e9s de partenariat - La Sentinelle","og_description":"La Foire internationale d\u2019Alger a ferm\u00e9 hier ses portes apr\u00e8s six jours d\u2019exposition. Un \u00e9v\u00e9nement qui a \u00e9t\u00e9 articul\u00e9 autour","og_url":"https:\/\/lasentinelle.dz\/index.php\/2023\/06\/25\/foire-internationale-dalger-des-rencontres-b2b-pour-explorer-les-opportunites-de-partenariat\/","og_site_name":"La Sentinelle","article_publisher":"https:\/\/www.facebook.com\/La-Sentinelle-104059864394773","article_published_time":"2023-06-25T21:53:20+00:00","article_modified_time":"2023-06-25T21:53:21+00:00","og_image":[{"width":745,"height":470,"url":"https:\/\/lasentinelle.dz\/wp-content\/uploads\/2023\/06\/foire.jpeg","type":"image\/jpeg"}],"author":"La Sentinelle","twitter_card":"summary_large_image","twitter_misc":{"\u00c9crit par":"La Sentinelle","Dur\u00e9e de lecture estim\u00e9e":"4 minutes"},"schema":{"@context":"https:\/\/schema.org","@graph":[{"@type":"Article","@id":"https:\/\/lasentinelle.dz\/index.php\/2023\/06\/25\/foire-internationale-dalger-des-rencontres-b2b-pour-explorer-les-opportunites-de-partenariat\/#article","isPartOf":{"@id":"https:\/\/lasentinelle.dz\/index.php\/2023\/06\/25\/foire-internationale-dalger-des-rencontres-b2b-pour-explorer-les-opportunites-de-partenariat\/"},"author":{"name":"La Sentinelle","@id":"https:\/\/lasentinelle.dz\/#\/schema\/person\/d865044e22e70a75174ce8bcad3acfb3"},"headline":"Foire internationale d\u2019Alger&nbsp;: Des rencontres \u00ab&nbsp;B2B&nbsp;\u00bb pour explorer les opportunit\u00e9s de partenariat","datePublished":"2023-06-25T21:53:20+00:00","dateModified":"2023-06-25T21:53:21+00:00","mainEntityOfPage":{"@id":"https:\/\/lasentinelle.dz\/index.php\/2023\/06\/25\/foire-internationale-dalger-des-rencontres-b2b-pour-explorer-les-opportunites-de-partenariat\/"},"wordCount":702,"commentCount":0,"publisher":{"@id":"https:\/\/lasentinelle.dz\/#organization"},"image":{"@id":"https:\/\/lasentinelle.dz\/index.php\/2023\/06\/25\/foire-internationale-dalger-des-rencontres-b2b-pour-explorer-les-opportunites-de-partenariat\/#primaryimage"},"thumbnailUrl":"https:\/\/lasentinelle.dz\/wp-content\/uploads\/2023\/06\/foire.jpeg","articleSection":["\u00c9conomie"],"inLanguage":"fr-FR","potentialAction":[{"@type":"CommentAction","name":"Comment","target":["https:\/\/lasentinelle.dz\/index.php\/2023\/06\/25\/foire-internationale-dalger-des-rencontres-b2b-pour-explorer-les-opportunites-de-partenariat\/#respond"]}]},{"@type":"WebPage","@id":"https:\/\/lasentinelle.dz\/index.php\/2023\/06\/25\/foire-internationale-dalger-des-rencontres-b2b-pour-explorer-les-opportunites-de-partenariat\/","url":"https:\/\/lasentinelle.dz\/index.php\/2023\/06\/25\/foire-internationale-dalger-des-rencontres-b2b-pour-explorer-les-opportunites-de-partenariat\/","name":"Foire internationale d\u2019Alger&nbsp;: Des rencontres \u00ab&nbsp;B2B&nbsp;\u00bb pour explorer les opportunit\u00e9s de partenariat - La Sentinelle","isPartOf":{"@id":"https:\/\/lasentinelle.dz\/#website"},"primaryImageOfPage":{"@id":"https:\/\/lasentinelle.dz\/index.php\/2023\/06\/25\/foire-internationale-dalger-des-rencontres-b2b-pour-explorer-les-opportunites-de-partenariat\/#primaryimage"},"image":{"@id":"https:\/\/lasentinelle.dz\/index.php\/2023\/06\/25\/foire-internationale-dalger-des-rencontres-b2b-pour-explorer-les-opportunites-de-partenariat\/#primaryimage"},"thumbnailUrl":"https:\/\/lasentinelle.dz\/wp-content\/uploads\/2023\/06\/foire.jpeg","datePublished":"2023-06-25T21:53:20+00:00","dateModified":"2023-06-25T21:53:21+00:00","breadcrumb":{"@id":"https:\/\/lasentinelle.dz\/index.php\/2023\/06\/25\/foire-internationale-dalger-des-rencontres-b2b-pour-explorer-les-opportunites-de-partenariat\/#breadcrumb"},"inLanguage":"fr-FR","potentialAction":[{"@type":"ReadAction","target":["https:\/\/lasentinelle.dz\/index.php\/2023\/06\/25\/foire-internationale-dalger-des-rencontres-b2b-pour-explorer-les-opportunites-de-partenariat\/"]}]},{"@type":"ImageObject","inLanguage":"fr-FR","@id":"https:\/\/lasentinelle.dz\/index.php\/2023\/06\/25\/foire-internationale-dalger-des-rencontres-b2b-pour-explorer-les-opportunites-de-partenariat\/#primaryimage","url":"https:\/\/lasentinelle.dz\/wp-content\/uploads\/2023\/06\/foire.jpeg","contentUrl":"https:\/\/lasentinelle.dz\/wp-content\/uploads\/2023\/06\/foire.jpeg","width":745,"height":470},{"@type":"BreadcrumbList","@id":"https:\/\/lasentinelle.dz\/index.php\/2023\/06\/25\/foire-internationale-dalger-des-rencontres-b2b-pour-explorer-les-opportunites-de-partenariat\/#breadcrumb","itemListElement":[{"@type":"ListItem","position":1,"name":"Accueil","item":"https:\/\/lasentinelle.dz\/"},{"@type":"ListItem","position":2,"name":"Foire internationale d\u2019Alger&nbsp;: Des rencontres \u00ab&nbsp;B2B&nbsp;\u00bb pour explorer les opportunit\u00e9s de partenariat"}]},{"@type":"WebSite","@id":"https:\/\/lasentinelle.dz\/#website","url":"https:\/\/lasentinelle.dz\/","name":"La Sentinelle","description":"Quotidien national d&#039;information","publisher":{"@id":"https:\/\/lasentinelle.dz\/#organization"},"potentialAction":[{"@type":"SearchAction","target":{"@type":"EntryPoint","urlTemplate":"https:\/\/lasentinelle.dz\/?s={search_term_string}"},"query-input":{"@type":"PropertyValueSpecification","valueRequired":true,"valueName":"search_term_string"}}],"inLanguage":"fr-FR"},{"@type":"Organization","@id":"https:\/\/lasentinelle.dz\/#organization","name":"Quotidien La Sentinelle","url":"https:\/\/lasentinelle.dz\/","logo":{"@type":"ImageObject","inLanguage":"fr-FR","@id":"https:\/\/lasentinelle.dz\/#\/schema\/logo\/image\/","url":"https:\/\/lasentinelle.dz\/wp-content\/uploads\/2021\/09\/logo-sentinelleSLOGAN-1.png","contentUrl":"https:\/\/lasentinelle.dz\/wp-content\/uploads\/2021\/09\/logo-sentinelleSLOGAN-1.png","width":615,"height":142,"caption":"Quotidien La Sentinelle"},"image":{"@id":"https:\/\/lasentinelle.dz\/#\/schema\/logo\/image\/"},"sameAs":["https:\/\/www.facebook.com\/La-Sentinelle-104059864394773"]},{"@type":"Person","@id":"https:\/\/lasentinelle.dz\/#\/schema\/person\/d865044e22e70a75174ce8bcad3acfb3","name":"La Sentinelle","image":{"@type":"ImageObject","inLanguage":"fr-FR","@id":"https:\/\/secure.gravatar.com\/avatar\/57de8e5d4b15d43fb361a71fbb36338450fe67865b528a43dd10ef7c51a20392?s=96&d=mm&r=g","url":"https:\/\/secure.gravatar.com\/avatar\/57de8e5d4b15d43fb361a71fbb36338450fe67865b528a43dd10ef7c51a20392?s=96&d=mm&r=g","contentUrl":"https:\/\/secure.gravatar.com\/avatar\/57de8e5d4b15d43fb361a71fbb36338450fe67865b528a43dd10ef7c51a20392?s=96&d=mm&r=g","caption":"La Sentinelle"},"sameAs":["http:\/\/www.lasentinelle.dz"],"url":"https:\/\/lasentinelle.dz\/author\/redaction\/"}]}},"_links":{"self":[{"href":"https:\/\/lasentinelle.dz\/index.php\/wp-json\/wp\/v2\/posts\/43066","targetHints":{"allow":["GET"]}}],"collection":[{"href":"https:\/\/lasentinelle.dz\/index.php\/wp-json\/wp\/v2\/posts"}],"about":[{"href":"https:\/\/lasentinelle.dz\/index.php\/wp-json\/wp\/v2\/types\/post"}],"author":[{"embeddable":true,"href":"https:\/\/lasentinelle.dz\/index.php\/wp-json\/wp\/v2\/users\/3"}],"replies":[{"embeddable":true,"href":"https:\/\/lasentinelle.dz\/index.php\/wp-json\/wp\/v2\/comments?post=43066"}],"version-history":[{"count":1,"href":"https:\/\/lasentinelle.dz\/index.php\/wp-json\/wp\/v2\/posts\/43066\/revisions"}],"predecessor-version":[{"id":43067,"href":"https:\/\/lasentinelle.dz\/index.php\/wp-json\/wp\/v2\/posts\/43066\/revisions\/43067"}],"wp:featuredmedia":[{"embeddable":true,"href":"https:\/\/lasentinelle.dz\/index.php\/wp-json\/wp\/v2\/media\/42876"}],"wp:attachment":[{"href":"https:\/\/lasentinelle.dz\/index.php\/wp-json\/wp\/v2\/media?parent=43066"}],"wp:term":[{"taxonomy":"category","embeddable":true,"href":"https:\/\/lasentinelle.dz\/index.php\/wp-json\/wp\/v2\/categories?post=43066"},{"taxonomy":"post_tag","embeddable":true,"href":"https:\/\/lasentinelle.dz\/index.php\/wp-json\/wp\/v2\/tags?post=43066"}],"curies":[{"name":"wp","href":"https:\/\/api.w.org\/{rel}","templated":true}]}}