{"id":43068,"date":"2023-06-25T22:54:28","date_gmt":"2023-06-25T21:54:28","guid":{"rendered":"https:\/\/lasentinelle.dz\/?p=43068"},"modified":"2023-06-25T22:54:29","modified_gmt":"2023-06-25T21:54:29","slug":"exportations-hors-hydrocarbures-la-safex-ouvre-des-succursales-en-afrique-de-louest","status":"publish","type":"post","link":"https:\/\/lasentinelle.dz\/index.php\/2023\/06\/25\/exportations-hors-hydrocarbures-la-safex-ouvre-des-succursales-en-afrique-de-louest\/","title":{"rendered":"Exportations hors-hydrocarbures&nbsp;: La Safex ouvre des succursales en Afrique de l\u2019Ouest"},"content":{"rendered":"\n<p>La Soci\u00e9t\u00e9 alg\u00e9rienne des foires et expositions devra se mur en v\u00e9ritable agence de promotion de la production alg\u00e9rienne \u00e0 l\u2019\u00e9tranger et particuli\u00e8rement en Afrique. Et en attendant, la refonte de ses missions et de l\u2019aboutissement de son plan de d\u00e9veloppement et de r\u00e9habilitation, la Safex mise sur la mise en place de foires permanentes pour les produits alg\u00e9riens en Afrique de l\u2019Ouest et qui seront lanc\u00e9es d\u00e8s cet \u00e9t\u00e9. C\u2019est dans ce sens que le Directeur g\u00e9n\u00e9ral de la Safex, Karim Boukadoum, a indiqu\u00e9 hier sur les ondes de la Radio alg\u00e9rienne que la Safex installe des show-rooms via des succursales qui sont mis en place en Mauritanie, au S\u00e9n\u00e9gal, puis au Niger pour la promotion des produits alg\u00e9riens. Des espaces d\u2019exposition qui seront op\u00e9rationnels d\u00e8s le mois de juillet prochain. Il explique aussi que dans une seconde \u00e9tape, des espaces similaires seront install\u00e9s en C\u00f4te d\u2019Ivoire et au Cameroun. \u00bb \u00ab La SAFEX dispose des si\u00e8ges de ces show-rooms au niveau de Nouakchott et Dakar. Toutes les conditions juridiques et bancaires sont l\u00e0. Les succursales existent. Elles seront op\u00e9rationnelles \u00e0 partir du mois de juillet. L\u2019espace pr\u00e9vu au Niger doit \u00eatre mis en place d\u2019ici \u00e0 la fin de l\u2019ann\u00e9e \u00bb, pr\u00e9cise le m\u00eame responsable qui explique que l\u2019ouverture de ces espaces d\u2019exposition entre dans le cadre d\u2019un programme de d\u00e9ploiement sur les pays \u00e9trangers, pour accompagner les exportateurs alg\u00e9riens. Aussi et dans le cadre du rapprochement \u00e9conomique et commercial avec la Russie, le patron de la Safex \u00e9voque l\u2019opportunit\u00e9 d\u2019un espace similaire dans ce pays d\u00e8s 2024. Rappelons que le ministre du Commerce et de la promotion des exportations, Tayeb Zitouni, a annonc\u00e9 jeudi \u00e0 l\u2019occasion du Forum de l&rsquo;investissement et de l&rsquo;exportation \u00ab\u00a0Algeria Expo-Invest\u00a0\u00bb, organis\u00e9 en marge de la Foire internationale d\u2019Alger (FIA), l&rsquo;ouverture d&rsquo;espaces d&rsquo;exposition permanents de produits alg\u00e9riens, au S\u00e9n\u00e9gal et en Mauritanie, puis progressivement dans d\u2019autres pays de l\u2019Afrique de l\u2019Ouest.<\/p>\n\n\n\n<p>Rappelons enfin que le d\u00e9partement du Commerce pr\u00e9voit un plan de d\u00e9veloppement de la Safex pour en faire un outil central en mati\u00e8re de d\u00e9veloppement des exportations et de diplomatie \u00e9conomique. Le plan qui a \u00e9t\u00e9 pr\u00e9sent\u00e9 au mois de mai dernier au Gouvernement pr\u00e9voit \u00ab le renforcement et la modernisation des surfaces d&rsquo;exposition, ainsi que l&rsquo;int\u00e9gration de nouveaux services qui r\u00e9pondent aux besoins des exposants et de leur environnement direct en vue de permettre \u00e0 la SAFEX d\u2019adapter son offre de services \u00e0 la nouvelle dynamique \u00e9conomique nationale et aux meilleures pratiques internationales&nbsp;\u00bb, a-t-on alors soulign\u00e9.<\/p>\n\n\n\n<p><strong>Samir Benisid<\/strong><\/p>\n","protected":false},"excerpt":{"rendered":"<p>La Soci\u00e9t\u00e9 alg\u00e9rienne des foires et expositions devra se mur en v\u00e9ritable agence de promotion de la production alg\u00e9rienne \u00e0<\/p>\n","protected":false},"author":3,"featured_media":43069,"comment_status":"open","ping_status":"closed","sticky":false,"template":"","format":"standard","meta":{"colormag_page_container_layout":"default_layout","colormag_page_sidebar_layout":"default_layout","om_disable_all_campaigns":false,"_monsterinsights_skip_tracking":false,"_monsterinsights_sitenote_active":false,"_monsterinsights_sitenote_note":"","_monsterinsights_sitenote_category":0,"footnotes":"","_wpscppro_dont_share_socialmedia":false,"_wpscppro_custom_social_share_image":0,"_facebook_share_type":"","_twitter_share_type":"","_linkedin_share_type":"","_pinterest_share_type":"","_linkedin_share_type_page":"","_instagram_share_type":"","_medium_share_type":"","_threads_share_type":"","_google_business_share_type":"","_selected_social_profile":[],"_wpsp_enable_custom_social_template":false,"_wpsp_social_scheduling":{"enabled":false,"datetime":null,"platforms":[],"status":"template_only","dateOption":"today","timeOption":"now","customDays":"","customHours":"","customDate":"","customTime":"","schedulingType":"absolute"},"_wpsp_active_default_template":true},"categories":[29],"tags":[],"class_list":["post-43068","post","type-post","status-publish","format-standard","has-post-thumbnail","hentry","category-economie"],"aioseo_notices":[],"yoast_head":"<!-- This site is optimized with the Yoast SEO plugin v27.5 - https:\/\/yoast.com\/product\/yoast-seo-wordpress\/ -->\n<title>Exportations hors-hydrocarbures&nbsp;: La Safex ouvre des succursales en Afrique de l\u2019Ouest - La Sentinelle<\/title>\n<meta name=\"robots\" content=\"index, follow, max-snippet:-1, max-image-preview:large, max-video-preview:-1\" \/>\n<link rel=\"canonical\" href=\"https:\/\/lasentinelle.dz\/index.php\/2023\/06\/25\/exportations-hors-hydrocarbures-la-safex-ouvre-des-succursales-en-afrique-de-louest\/\" \/>\n<meta property=\"og:locale\" content=\"fr_FR\" \/>\n<meta property=\"og:type\" content=\"article\" \/>\n<meta property=\"og:title\" content=\"Exportations hors-hydrocarbures&nbsp;: La Safex ouvre des succursales en Afrique de l\u2019Ouest - La Sentinelle\" \/>\n<meta property=\"og:description\" content=\"La Soci\u00e9t\u00e9 alg\u00e9rienne des foires et expositions devra se mur en v\u00e9ritable agence de promotion de la production alg\u00e9rienne \u00e0\" \/>\n<meta property=\"og:url\" content=\"https:\/\/lasentinelle.dz\/index.php\/2023\/06\/25\/exportations-hors-hydrocarbures-la-safex-ouvre-des-succursales-en-afrique-de-louest\/\" \/>\n<meta property=\"og:site_name\" content=\"La Sentinelle\" \/>\n<meta property=\"article:publisher\" content=\"https:\/\/www.facebook.com\/La-Sentinelle-104059864394773\" \/>\n<meta property=\"article:published_time\" content=\"2023-06-25T21:54:28+00:00\" \/>\n<meta property=\"article:modified_time\" content=\"2023-06-25T21:54:29+00:00\" \/>\n<meta property=\"og:image\" content=\"https:\/\/lasentinelle.dz\/wp-content\/uploads\/2023\/06\/safex.jpeg\" \/>\n\t<meta property=\"og:image:width\" content=\"580\" \/>\n\t<meta property=\"og:image:height\" content=\"350\" \/>\n\t<meta property=\"og:image:type\" content=\"image\/jpeg\" \/>\n<meta name=\"author\" content=\"La Sentinelle\" \/>\n<meta name=\"twitter:card\" content=\"summary_large_image\" \/>\n<meta name=\"twitter:label1\" content=\"\u00c9crit par\" \/>\n\t<meta name=\"twitter:data1\" content=\"La Sentinelle\" \/>\n\t<meta name=\"twitter:label2\" content=\"Dur\u00e9e de lecture estim\u00e9e\" \/>\n\t<meta name=\"twitter:data2\" content=\"3 minutes\" \/>\n<script type=\"application\/ld+json\" class=\"yoast-schema-graph\">{\"@context\":\"https:\\\/\\\/schema.org\",\"@graph\":[{\"@type\":\"Article\",\"@id\":\"https:\\\/\\\/lasentinelle.dz\\\/index.php\\\/2023\\\/06\\\/25\\\/exportations-hors-hydrocarbures-la-safex-ouvre-des-succursales-en-afrique-de-louest\\\/#article\",\"isPartOf\":{\"@id\":\"https:\\\/\\\/lasentinelle.dz\\\/index.php\\\/2023\\\/06\\\/25\\\/exportations-hors-hydrocarbures-la-safex-ouvre-des-succursales-en-afrique-de-louest\\\/\"},\"author\":{\"name\":\"La Sentinelle\",\"@id\":\"https:\\\/\\\/lasentinelle.dz\\\/#\\\/schema\\\/person\\\/d865044e22e70a75174ce8bcad3acfb3\"},\"headline\":\"Exportations hors-hydrocarbures&nbsp;: La Safex ouvre des succursales en Afrique de l\u2019Ouest\",\"datePublished\":\"2023-06-25T21:54:28+00:00\",\"dateModified\":\"2023-06-25T21:54:29+00:00\",\"mainEntityOfPage\":{\"@id\":\"https:\\\/\\\/lasentinelle.dz\\\/index.php\\\/2023\\\/06\\\/25\\\/exportations-hors-hydrocarbures-la-safex-ouvre-des-succursales-en-afrique-de-louest\\\/\"},\"wordCount\":488,\"commentCount\":0,\"publisher\":{\"@id\":\"https:\\\/\\\/lasentinelle.dz\\\/#organization\"},\"image\":{\"@id\":\"https:\\\/\\\/lasentinelle.dz\\\/index.php\\\/2023\\\/06\\\/25\\\/exportations-hors-hydrocarbures-la-safex-ouvre-des-succursales-en-afrique-de-louest\\\/#primaryimage\"},\"thumbnailUrl\":\"https:\\\/\\\/lasentinelle.dz\\\/wp-content\\\/uploads\\\/2023\\\/06\\\/safex.jpeg\",\"articleSection\":[\"\u00c9conomie\"],\"inLanguage\":\"fr-FR\",\"potentialAction\":[{\"@type\":\"CommentAction\",\"name\":\"Comment\",\"target\":[\"https:\\\/\\\/lasentinelle.dz\\\/index.php\\\/2023\\\/06\\\/25\\\/exportations-hors-hydrocarbures-la-safex-ouvre-des-succursales-en-afrique-de-louest\\\/#respond\"]}]},{\"@type\":\"WebPage\",\"@id\":\"https:\\\/\\\/lasentinelle.dz\\\/index.php\\\/2023\\\/06\\\/25\\\/exportations-hors-hydrocarbures-la-safex-ouvre-des-succursales-en-afrique-de-louest\\\/\",\"url\":\"https:\\\/\\\/lasentinelle.dz\\\/index.php\\\/2023\\\/06\\\/25\\\/exportations-hors-hydrocarbures-la-safex-ouvre-des-succursales-en-afrique-de-louest\\\/\",\"name\":\"Exportations hors-hydrocarbures&nbsp;: La Safex ouvre des succursales en Afrique de l\u2019Ouest - La Sentinelle\",\"isPartOf\":{\"@id\":\"https:\\\/\\\/lasentinelle.dz\\\/#website\"},\"primaryImageOfPage\":{\"@id\":\"https:\\\/\\\/lasentinelle.dz\\\/index.php\\\/2023\\\/06\\\/25\\\/exportations-hors-hydrocarbures-la-safex-ouvre-des-succursales-en-afrique-de-louest\\\/#primaryimage\"},\"image\":{\"@id\":\"https:\\\/\\\/lasentinelle.dz\\\/index.php\\\/2023\\\/06\\\/25\\\/exportations-hors-hydrocarbures-la-safex-ouvre-des-succursales-en-afrique-de-louest\\\/#primaryimage\"},\"thumbnailUrl\":\"https:\\\/\\\/lasentinelle.dz\\\/wp-content\\\/uploads\\\/2023\\\/06\\\/safex.jpeg\",\"datePublished\":\"2023-06-25T21:54:28+00:00\",\"dateModified\":\"2023-06-25T21:54:29+00:00\",\"breadcrumb\":{\"@id\":\"https:\\\/\\\/lasentinelle.dz\\\/index.php\\\/2023\\\/06\\\/25\\\/exportations-hors-hydrocarbures-la-safex-ouvre-des-succursales-en-afrique-de-louest\\\/#breadcrumb\"},\"inLanguage\":\"fr-FR\",\"potentialAction\":[{\"@type\":\"ReadAction\",\"target\":[\"https:\\\/\\\/lasentinelle.dz\\\/index.php\\\/2023\\\/06\\\/25\\\/exportations-hors-hydrocarbures-la-safex-ouvre-des-succursales-en-afrique-de-louest\\\/\"]}]},{\"@type\":\"ImageObject\",\"inLanguage\":\"fr-FR\",\"@id\":\"https:\\\/\\\/lasentinelle.dz\\\/index.php\\\/2023\\\/06\\\/25\\\/exportations-hors-hydrocarbures-la-safex-ouvre-des-succursales-en-afrique-de-louest\\\/#primaryimage\",\"url\":\"https:\\\/\\\/lasentinelle.dz\\\/wp-content\\\/uploads\\\/2023\\\/06\\\/safex.jpeg\",\"contentUrl\":\"https:\\\/\\\/lasentinelle.dz\\\/wp-content\\\/uploads\\\/2023\\\/06\\\/safex.jpeg\",\"width\":580,\"height\":350},{\"@type\":\"BreadcrumbList\",\"@id\":\"https:\\\/\\\/lasentinelle.dz\\\/index.php\\\/2023\\\/06\\\/25\\\/exportations-hors-hydrocarbures-la-safex-ouvre-des-succursales-en-afrique-de-louest\\\/#breadcrumb\",\"itemListElement\":[{\"@type\":\"ListItem\",\"position\":1,\"name\":\"Accueil\",\"item\":\"https:\\\/\\\/lasentinelle.dz\\\/\"},{\"@type\":\"ListItem\",\"position\":2,\"name\":\"Exportations hors-hydrocarbures&nbsp;: La Safex ouvre des succursales en Afrique de l\u2019Ouest\"}]},{\"@type\":\"WebSite\",\"@id\":\"https:\\\/\\\/lasentinelle.dz\\\/#website\",\"url\":\"https:\\\/\\\/lasentinelle.dz\\\/\",\"name\":\"La Sentinelle\",\"description\":\"Quotidien national d&#039;information\",\"publisher\":{\"@id\":\"https:\\\/\\\/lasentinelle.dz\\\/#organization\"},\"potentialAction\":[{\"@type\":\"SearchAction\",\"target\":{\"@type\":\"EntryPoint\",\"urlTemplate\":\"https:\\\/\\\/lasentinelle.dz\\\/?s={search_term_string}\"},\"query-input\":{\"@type\":\"PropertyValueSpecification\",\"valueRequired\":true,\"valueName\":\"search_term_string\"}}],\"inLanguage\":\"fr-FR\"},{\"@type\":\"Organization\",\"@id\":\"https:\\\/\\\/lasentinelle.dz\\\/#organization\",\"name\":\"Quotidien La Sentinelle\",\"url\":\"https:\\\/\\\/lasentinelle.dz\\\/\",\"logo\":{\"@type\":\"ImageObject\",\"inLanguage\":\"fr-FR\",\"@id\":\"https:\\\/\\\/lasentinelle.dz\\\/#\\\/schema\\\/logo\\\/image\\\/\",\"url\":\"https:\\\/\\\/lasentinelle.dz\\\/wp-content\\\/uploads\\\/2021\\\/09\\\/logo-sentinelleSLOGAN-1.png\",\"contentUrl\":\"https:\\\/\\\/lasentinelle.dz\\\/wp-content\\\/uploads\\\/2021\\\/09\\\/logo-sentinelleSLOGAN-1.png\",\"width\":615,\"height\":142,\"caption\":\"Quotidien La Sentinelle\"},\"image\":{\"@id\":\"https:\\\/\\\/lasentinelle.dz\\\/#\\\/schema\\\/logo\\\/image\\\/\"},\"sameAs\":[\"https:\\\/\\\/www.facebook.com\\\/La-Sentinelle-104059864394773\"]},{\"@type\":\"Person\",\"@id\":\"https:\\\/\\\/lasentinelle.dz\\\/#\\\/schema\\\/person\\\/d865044e22e70a75174ce8bcad3acfb3\",\"name\":\"La Sentinelle\",\"image\":{\"@type\":\"ImageObject\",\"inLanguage\":\"fr-FR\",\"@id\":\"https:\\\/\\\/secure.gravatar.com\\\/avatar\\\/57de8e5d4b15d43fb361a71fbb36338450fe67865b528a43dd10ef7c51a20392?s=96&d=mm&r=g\",\"url\":\"https:\\\/\\\/secure.gravatar.com\\\/avatar\\\/57de8e5d4b15d43fb361a71fbb36338450fe67865b528a43dd10ef7c51a20392?s=96&d=mm&r=g\",\"contentUrl\":\"https:\\\/\\\/secure.gravatar.com\\\/avatar\\\/57de8e5d4b15d43fb361a71fbb36338450fe67865b528a43dd10ef7c51a20392?s=96&d=mm&r=g\",\"caption\":\"La Sentinelle\"},\"sameAs\":[\"http:\\\/\\\/www.lasentinelle.dz\"],\"url\":\"https:\\\/\\\/lasentinelle.dz\\\/author\\\/redaction\\\/\"}]}<\/script>\n<!-- \/ Yoast SEO plugin. -->","yoast_head_json":{"title":"Exportations hors-hydrocarbures&nbsp;: La Safex ouvre des succursales en Afrique de l\u2019Ouest - La Sentinelle","robots":{"index":"index","follow":"follow","max-snippet":"max-snippet:-1","max-image-preview":"max-image-preview:large","max-video-preview":"max-video-preview:-1"},"canonical":"https:\/\/lasentinelle.dz\/index.php\/2023\/06\/25\/exportations-hors-hydrocarbures-la-safex-ouvre-des-succursales-en-afrique-de-louest\/","og_locale":"fr_FR","og_type":"article","og_title":"Exportations hors-hydrocarbures&nbsp;: La Safex ouvre des succursales en Afrique de l\u2019Ouest - La Sentinelle","og_description":"La Soci\u00e9t\u00e9 alg\u00e9rienne des foires et expositions devra se mur en v\u00e9ritable agence de promotion de la production alg\u00e9rienne \u00e0","og_url":"https:\/\/lasentinelle.dz\/index.php\/2023\/06\/25\/exportations-hors-hydrocarbures-la-safex-ouvre-des-succursales-en-afrique-de-louest\/","og_site_name":"La Sentinelle","article_publisher":"https:\/\/www.facebook.com\/La-Sentinelle-104059864394773","article_published_time":"2023-06-25T21:54:28+00:00","article_modified_time":"2023-06-25T21:54:29+00:00","og_image":[{"width":580,"height":350,"url":"https:\/\/lasentinelle.dz\/wp-content\/uploads\/2023\/06\/safex.jpeg","type":"image\/jpeg"}],"author":"La Sentinelle","twitter_card":"summary_large_image","twitter_misc":{"\u00c9crit par":"La Sentinelle","Dur\u00e9e de lecture estim\u00e9e":"3 minutes"},"schema":{"@context":"https:\/\/schema.org","@graph":[{"@type":"Article","@id":"https:\/\/lasentinelle.dz\/index.php\/2023\/06\/25\/exportations-hors-hydrocarbures-la-safex-ouvre-des-succursales-en-afrique-de-louest\/#article","isPartOf":{"@id":"https:\/\/lasentinelle.dz\/index.php\/2023\/06\/25\/exportations-hors-hydrocarbures-la-safex-ouvre-des-succursales-en-afrique-de-louest\/"},"author":{"name":"La Sentinelle","@id":"https:\/\/lasentinelle.dz\/#\/schema\/person\/d865044e22e70a75174ce8bcad3acfb3"},"headline":"Exportations hors-hydrocarbures&nbsp;: La Safex ouvre des succursales en Afrique de l\u2019Ouest","datePublished":"2023-06-25T21:54:28+00:00","dateModified":"2023-06-25T21:54:29+00:00","mainEntityOfPage":{"@id":"https:\/\/lasentinelle.dz\/index.php\/2023\/06\/25\/exportations-hors-hydrocarbures-la-safex-ouvre-des-succursales-en-afrique-de-louest\/"},"wordCount":488,"commentCount":0,"publisher":{"@id":"https:\/\/lasentinelle.dz\/#organization"},"image":{"@id":"https:\/\/lasentinelle.dz\/index.php\/2023\/06\/25\/exportations-hors-hydrocarbures-la-safex-ouvre-des-succursales-en-afrique-de-louest\/#primaryimage"},"thumbnailUrl":"https:\/\/lasentinelle.dz\/wp-content\/uploads\/2023\/06\/safex.jpeg","articleSection":["\u00c9conomie"],"inLanguage":"fr-FR","potentialAction":[{"@type":"CommentAction","name":"Comment","target":["https:\/\/lasentinelle.dz\/index.php\/2023\/06\/25\/exportations-hors-hydrocarbures-la-safex-ouvre-des-succursales-en-afrique-de-louest\/#respond"]}]},{"@type":"WebPage","@id":"https:\/\/lasentinelle.dz\/index.php\/2023\/06\/25\/exportations-hors-hydrocarbures-la-safex-ouvre-des-succursales-en-afrique-de-louest\/","url":"https:\/\/lasentinelle.dz\/index.php\/2023\/06\/25\/exportations-hors-hydrocarbures-la-safex-ouvre-des-succursales-en-afrique-de-louest\/","name":"Exportations hors-hydrocarbures&nbsp;: La Safex ouvre des succursales en Afrique de l\u2019Ouest - La Sentinelle","isPartOf":{"@id":"https:\/\/lasentinelle.dz\/#website"},"primaryImageOfPage":{"@id":"https:\/\/lasentinelle.dz\/index.php\/2023\/06\/25\/exportations-hors-hydrocarbures-la-safex-ouvre-des-succursales-en-afrique-de-louest\/#primaryimage"},"image":{"@id":"https:\/\/lasentinelle.dz\/index.php\/2023\/06\/25\/exportations-hors-hydrocarbures-la-safex-ouvre-des-succursales-en-afrique-de-louest\/#primaryimage"},"thumbnailUrl":"https:\/\/lasentinelle.dz\/wp-content\/uploads\/2023\/06\/safex.jpeg","datePublished":"2023-06-25T21:54:28+00:00","dateModified":"2023-06-25T21:54:29+00:00","breadcrumb":{"@id":"https:\/\/lasentinelle.dz\/index.php\/2023\/06\/25\/exportations-hors-hydrocarbures-la-safex-ouvre-des-succursales-en-afrique-de-louest\/#breadcrumb"},"inLanguage":"fr-FR","potentialAction":[{"@type":"ReadAction","target":["https:\/\/lasentinelle.dz\/index.php\/2023\/06\/25\/exportations-hors-hydrocarbures-la-safex-ouvre-des-succursales-en-afrique-de-louest\/"]}]},{"@type":"ImageObject","inLanguage":"fr-FR","@id":"https:\/\/lasentinelle.dz\/index.php\/2023\/06\/25\/exportations-hors-hydrocarbures-la-safex-ouvre-des-succursales-en-afrique-de-louest\/#primaryimage","url":"https:\/\/lasentinelle.dz\/wp-content\/uploads\/2023\/06\/safex.jpeg","contentUrl":"https:\/\/lasentinelle.dz\/wp-content\/uploads\/2023\/06\/safex.jpeg","width":580,"height":350},{"@type":"BreadcrumbList","@id":"https:\/\/lasentinelle.dz\/index.php\/2023\/06\/25\/exportations-hors-hydrocarbures-la-safex-ouvre-des-succursales-en-afrique-de-louest\/#breadcrumb","itemListElement":[{"@type":"ListItem","position":1,"name":"Accueil","item":"https:\/\/lasentinelle.dz\/"},{"@type":"ListItem","position":2,"name":"Exportations hors-hydrocarbures&nbsp;: La Safex ouvre des succursales en Afrique de l\u2019Ouest"}]},{"@type":"WebSite","@id":"https:\/\/lasentinelle.dz\/#website","url":"https:\/\/lasentinelle.dz\/","name":"La Sentinelle","description":"Quotidien national d&#039;information","publisher":{"@id":"https:\/\/lasentinelle.dz\/#organization"},"potentialAction":[{"@type":"SearchAction","target":{"@type":"EntryPoint","urlTemplate":"https:\/\/lasentinelle.dz\/?s={search_term_string}"},"query-input":{"@type":"PropertyValueSpecification","valueRequired":true,"valueName":"search_term_string"}}],"inLanguage":"fr-FR"},{"@type":"Organization","@id":"https:\/\/lasentinelle.dz\/#organization","name":"Quotidien La Sentinelle","url":"https:\/\/lasentinelle.dz\/","logo":{"@type":"ImageObject","inLanguage":"fr-FR","@id":"https:\/\/lasentinelle.dz\/#\/schema\/logo\/image\/","url":"https:\/\/lasentinelle.dz\/wp-content\/uploads\/2021\/09\/logo-sentinelleSLOGAN-1.png","contentUrl":"https:\/\/lasentinelle.dz\/wp-content\/uploads\/2021\/09\/logo-sentinelleSLOGAN-1.png","width":615,"height":142,"caption":"Quotidien La Sentinelle"},"image":{"@id":"https:\/\/lasentinelle.dz\/#\/schema\/logo\/image\/"},"sameAs":["https:\/\/www.facebook.com\/La-Sentinelle-104059864394773"]},{"@type":"Person","@id":"https:\/\/lasentinelle.dz\/#\/schema\/person\/d865044e22e70a75174ce8bcad3acfb3","name":"La Sentinelle","image":{"@type":"ImageObject","inLanguage":"fr-FR","@id":"https:\/\/secure.gravatar.com\/avatar\/57de8e5d4b15d43fb361a71fbb36338450fe67865b528a43dd10ef7c51a20392?s=96&d=mm&r=g","url":"https:\/\/secure.gravatar.com\/avatar\/57de8e5d4b15d43fb361a71fbb36338450fe67865b528a43dd10ef7c51a20392?s=96&d=mm&r=g","contentUrl":"https:\/\/secure.gravatar.com\/avatar\/57de8e5d4b15d43fb361a71fbb36338450fe67865b528a43dd10ef7c51a20392?s=96&d=mm&r=g","caption":"La Sentinelle"},"sameAs":["http:\/\/www.lasentinelle.dz"],"url":"https:\/\/lasentinelle.dz\/author\/redaction\/"}]}},"_links":{"self":[{"href":"https:\/\/lasentinelle.dz\/index.php\/wp-json\/wp\/v2\/posts\/43068","targetHints":{"allow":["GET"]}}],"collection":[{"href":"https:\/\/lasentinelle.dz\/index.php\/wp-json\/wp\/v2\/posts"}],"about":[{"href":"https:\/\/lasentinelle.dz\/index.php\/wp-json\/wp\/v2\/types\/post"}],"author":[{"embeddable":true,"href":"https:\/\/lasentinelle.dz\/index.php\/wp-json\/wp\/v2\/users\/3"}],"replies":[{"embeddable":true,"href":"https:\/\/lasentinelle.dz\/index.php\/wp-json\/wp\/v2\/comments?post=43068"}],"version-history":[{"count":1,"href":"https:\/\/lasentinelle.dz\/index.php\/wp-json\/wp\/v2\/posts\/43068\/revisions"}],"predecessor-version":[{"id":43070,"href":"https:\/\/lasentinelle.dz\/index.php\/wp-json\/wp\/v2\/posts\/43068\/revisions\/43070"}],"wp:featuredmedia":[{"embeddable":true,"href":"https:\/\/lasentinelle.dz\/index.php\/wp-json\/wp\/v2\/media\/43069"}],"wp:attachment":[{"href":"https:\/\/lasentinelle.dz\/index.php\/wp-json\/wp\/v2\/media?parent=43068"}],"wp:term":[{"taxonomy":"category","embeddable":true,"href":"https:\/\/lasentinelle.dz\/index.php\/wp-json\/wp\/v2\/categories?post=43068"},{"taxonomy":"post_tag","embeddable":true,"href":"https:\/\/lasentinelle.dz\/index.php\/wp-json\/wp\/v2\/tags?post=43068"}],"curies":[{"name":"wp","href":"https:\/\/api.w.org\/{rel}","templated":true}]}}