{"id":43102,"date":"2023-06-26T21:32:33","date_gmt":"2023-06-26T20:32:33","guid":{"rendered":"https:\/\/lasentinelle.dz\/?p=43102"},"modified":"2023-06-26T21:32:45","modified_gmt":"2023-06-26T20:32:45","slug":"jeux-sportifs-arabes-la-selection-nationale-de-natation-vise-le-podium","status":"publish","type":"post","link":"https:\/\/lasentinelle.dz\/index.php\/2023\/06\/26\/jeux-sportifs-arabes-la-selection-nationale-de-natation-vise-le-podium\/","title":{"rendered":"Jeux sportifs arabes&nbsp;: La S\u00e9lection nationale de natation vise le podium"},"content":{"rendered":"\n<p>Les Jeux sportifs arabes vont s\u2019ouvrir d\u2019ici quelques jours en Alg\u00e9rie. Les s\u00e9lections alg\u00e9riennes veulent s\u2019imposer lors de ces Jeux et visent de bons r\u00e9sultats \u00e0 une ann\u00e9e des JO. C\u2019est le cas de la S\u00e9lection nationale de natation qui vise au moins de monter sur le podium dans chacune des \u00e9preuves du tournoi de natation pr\u00e9vu \u00e0 Oran.<\/p>\n\n\n\n<p>Le pr\u00e9sident de la F\u00e9d\u00e9ration alg\u00e9rienne de natation (FAN), Mohamed Hakim Boughadou a en effet indiqu\u00e9 \u00e0 l\u2019issue du championnat national \u00ab\u00a0Open\u00a0\u00bb, cl\u00f4tur\u00e9 ce week-end \u00e0 Oran, que m\u00eame si ces jeux n&rsquo;ont pas \u00e9t\u00e9 retenus dans le programme initial de la f\u00e9d\u00e9ration pour le compte de la saison en cours, ses athl\u00e8tes \u00ab\u00a0sont dans l\u2019obligation de monter sur le podium dans chacune des \u00e9preuves, vu que la comp\u00e9tition aura lieu dans notre pays\u00a0\u00bb. Selon le m\u00eame responsable, outre l\u2019Alg\u00e9rie, cinq autres pays ont d\u00e9j\u00e0 confirm\u00e9 leur participation dans les \u00e9preuves de natation, en attendant d\u2019arr\u00eater la liste d\u00e9finitive des participants. Il a, en outre, rappel\u00e9 l\u2019approbation de World Aquatics, le nom nouveau de l&rsquo;ex-f\u00e9d\u00e9ration internationale de natation, de faire de ces jeux sportifs arabes une \u00e9tape qualificative aux jeux olympiques Paris-2024, \u00ab\u00a0Cela prouve tout simplement que l\u2019instance internationale est satisfaite de notre niveau d\u2019organisation des \u00e9v\u00e8nements internationaux, et aussi du site d\u00e9di\u00e9 \u00e0 la comp\u00e9tition aux standards mondiaux\u00a0\u00bb. Seul souci pour M. Boughadou : le chevauchement des \u00e9preuves de la natation comptant pour les Jeux sportifs arabes avec les pr\u00e9paratifs des nageurs des diff\u00e9rents pays au championnat du monde qui aura lieu au Japon. Malgr\u00e9 cela, le m\u00eame responsable s\u2019est dit \u00ab\u00a0confiant quant aux capacit\u00e9s des nageurs alg\u00e9riens de r\u00e9aliser l\u2019objectif assign\u00e9, en d\u00e9pit du fait qu\u2019ils n\u2019aient pas b\u00e9n\u00e9fici\u00e9 d\u2019un programme de pr\u00e9paration sp\u00e9cial avec les diff\u00e9rentes s\u00e9lections nationales, se contentant de travailler en permanence avec leurs clubs respectifs\u00a0\u00bb, a-t-il expliqu\u00e9. \u00ab\u00a0Un travail qui a donn\u00e9 ses fruits lors du championnat national Open, au cours duquel des records nationaux ont \u00e9t\u00e9 battus, alors que d\u2019autres nageurs ont \u00e9gal\u00e9 ou am\u00e9lior\u00e9 leurs temps personnels respectifs, et ce, en d\u00e9pit des perturbations qu\u2019a connues la comp\u00e9tition apr\u00e8s le changement de derni\u00e8re minute qui a touch\u00e9 la domiciliation des deux premi\u00e8res journ\u00e9es\u00a0\u00bb, s\u2019est-il f\u00e9licit\u00e9. Le championnat en question a \u00e9t\u00e9 d\u00e9localis\u00e9 vers la piscine olympique du jardin public de M\u2019dina Jdida, lors des deux premi\u00e8res journ\u00e9es, en raison du d\u00e9roulement au complexe Miloud Hadefi de la finale de la coupe d\u2019Alg\u00e9rie de football. Les deux derni\u00e8res journ\u00e9es se sont, n\u00e9anmoins, d\u00e9roul\u00e9es au centre nautique de ce complexe, rappelle-t-on. Rappelons que les Jeux sportifs arabes doivent se tenir du 5 au 15 juillet prochain \u00e0 Alger, Oran, Constantine, Annaba et Tipasa.&nbsp; Les \u00e9preuves de natation, programm\u00e9es du 5 au 10 juillet, sont domicili\u00e9es au niveau du centre nautique du complexe sportif Miloud Hadefi d\u2019Oran, un site qui a abrit\u00e9, depuis son inauguration en juin 2022, les Jeux m\u00e9diterran\u00e9ens ainsi que le Championnat arabe de natation.<\/p>\n\n\n\n<p>R.S<\/p>\n","protected":false},"excerpt":{"rendered":"<p>Les Jeux sportifs arabes vont s\u2019ouvrir d\u2019ici quelques jours en Alg\u00e9rie. Les s\u00e9lections alg\u00e9riennes veulent s\u2019imposer lors de ces Jeux<\/p>\n","protected":false},"author":3,"featured_media":42708,"comment_status":"open","ping_status":"closed","sticky":false,"template":"","format":"standard","meta":{"colormag_page_container_layout":"default_layout","colormag_page_sidebar_layout":"default_layout","om_disable_all_campaigns":false,"_monsterinsights_skip_tracking":false,"_monsterinsights_sitenote_active":false,"_monsterinsights_sitenote_note":"","_monsterinsights_sitenote_category":0,"footnotes":"","_wpscppro_dont_share_socialmedia":false,"_wpscppro_custom_social_share_image":0,"_facebook_share_type":"","_twitter_share_type":"","_linkedin_share_type":"","_pinterest_share_type":"","_linkedin_share_type_page":"","_instagram_share_type":"","_medium_share_type":"","_threads_share_type":"","_google_business_share_type":"","_selected_social_profile":[],"_wpsp_enable_custom_social_template":false,"_wpsp_social_scheduling":{"enabled":false,"datetime":null,"platforms":[],"status":"template_only","dateOption":"today","timeOption":"now","customDays":"","customHours":"","customDate":"","customTime":"","schedulingType":"absolute"},"_wpsp_active_default_template":true},"categories":[33],"tags":[],"class_list":["post-43102","post","type-post","status-publish","format-standard","has-post-thumbnail","hentry","category-sports"],"aioseo_notices":[],"yoast_head":"<!-- This site is optimized with the Yoast SEO plugin v27.5 - https:\/\/yoast.com\/product\/yoast-seo-wordpress\/ -->\n<title>Jeux sportifs arabes&nbsp;: La S\u00e9lection nationale de natation vise le podium - La Sentinelle<\/title>\n<meta name=\"robots\" content=\"index, follow, max-snippet:-1, max-image-preview:large, max-video-preview:-1\" \/>\n<link rel=\"canonical\" href=\"https:\/\/lasentinelle.dz\/index.php\/2023\/06\/26\/jeux-sportifs-arabes-la-selection-nationale-de-natation-vise-le-podium\/\" \/>\n<meta property=\"og:locale\" content=\"fr_FR\" \/>\n<meta property=\"og:type\" content=\"article\" \/>\n<meta property=\"og:title\" content=\"Jeux sportifs arabes&nbsp;: La S\u00e9lection nationale de natation vise le podium - La Sentinelle\" \/>\n<meta property=\"og:description\" content=\"Les Jeux sportifs arabes vont s\u2019ouvrir d\u2019ici quelques jours en Alg\u00e9rie. Les s\u00e9lections alg\u00e9riennes veulent s\u2019imposer lors de ces Jeux\" \/>\n<meta property=\"og:url\" content=\"https:\/\/lasentinelle.dz\/index.php\/2023\/06\/26\/jeux-sportifs-arabes-la-selection-nationale-de-natation-vise-le-podium\/\" \/>\n<meta property=\"og:site_name\" content=\"La Sentinelle\" \/>\n<meta property=\"article:publisher\" content=\"https:\/\/www.facebook.com\/La-Sentinelle-104059864394773\" \/>\n<meta property=\"article:published_time\" content=\"2023-06-26T20:32:33+00:00\" \/>\n<meta property=\"article:modified_time\" content=\"2023-06-26T20:32:45+00:00\" \/>\n<meta property=\"og:image\" content=\"https:\/\/lasentinelle.dz\/wp-content\/uploads\/2023\/06\/centre-nautique.jpeg\" \/>\n\t<meta property=\"og:image:width\" content=\"580\" \/>\n\t<meta property=\"og:image:height\" content=\"330\" \/>\n\t<meta property=\"og:image:type\" content=\"image\/jpeg\" \/>\n<meta name=\"author\" content=\"La Sentinelle\" \/>\n<meta name=\"twitter:card\" content=\"summary_large_image\" \/>\n<meta name=\"twitter:label1\" content=\"\u00c9crit par\" \/>\n\t<meta name=\"twitter:data1\" content=\"La Sentinelle\" \/>\n\t<meta name=\"twitter:label2\" content=\"Dur\u00e9e de lecture estim\u00e9e\" \/>\n\t<meta name=\"twitter:data2\" content=\"3 minutes\" \/>\n<script type=\"application\/ld+json\" class=\"yoast-schema-graph\">{\"@context\":\"https:\\\/\\\/schema.org\",\"@graph\":[{\"@type\":\"Article\",\"@id\":\"https:\\\/\\\/lasentinelle.dz\\\/index.php\\\/2023\\\/06\\\/26\\\/jeux-sportifs-arabes-la-selection-nationale-de-natation-vise-le-podium\\\/#article\",\"isPartOf\":{\"@id\":\"https:\\\/\\\/lasentinelle.dz\\\/index.php\\\/2023\\\/06\\\/26\\\/jeux-sportifs-arabes-la-selection-nationale-de-natation-vise-le-podium\\\/\"},\"author\":{\"name\":\"La Sentinelle\",\"@id\":\"https:\\\/\\\/lasentinelle.dz\\\/#\\\/schema\\\/person\\\/d865044e22e70a75174ce8bcad3acfb3\"},\"headline\":\"Jeux sportifs arabes&nbsp;: La S\u00e9lection nationale de natation vise le podium\",\"datePublished\":\"2023-06-26T20:32:33+00:00\",\"dateModified\":\"2023-06-26T20:32:45+00:00\",\"mainEntityOfPage\":{\"@id\":\"https:\\\/\\\/lasentinelle.dz\\\/index.php\\\/2023\\\/06\\\/26\\\/jeux-sportifs-arabes-la-selection-nationale-de-natation-vise-le-podium\\\/\"},\"wordCount\":572,\"commentCount\":0,\"publisher\":{\"@id\":\"https:\\\/\\\/lasentinelle.dz\\\/#organization\"},\"image\":{\"@id\":\"https:\\\/\\\/lasentinelle.dz\\\/index.php\\\/2023\\\/06\\\/26\\\/jeux-sportifs-arabes-la-selection-nationale-de-natation-vise-le-podium\\\/#primaryimage\"},\"thumbnailUrl\":\"https:\\\/\\\/lasentinelle.dz\\\/wp-content\\\/uploads\\\/2023\\\/06\\\/centre-nautique.jpeg\",\"articleSection\":[\"Sports\"],\"inLanguage\":\"fr-FR\",\"potentialAction\":[{\"@type\":\"CommentAction\",\"name\":\"Comment\",\"target\":[\"https:\\\/\\\/lasentinelle.dz\\\/index.php\\\/2023\\\/06\\\/26\\\/jeux-sportifs-arabes-la-selection-nationale-de-natation-vise-le-podium\\\/#respond\"]}]},{\"@type\":\"WebPage\",\"@id\":\"https:\\\/\\\/lasentinelle.dz\\\/index.php\\\/2023\\\/06\\\/26\\\/jeux-sportifs-arabes-la-selection-nationale-de-natation-vise-le-podium\\\/\",\"url\":\"https:\\\/\\\/lasentinelle.dz\\\/index.php\\\/2023\\\/06\\\/26\\\/jeux-sportifs-arabes-la-selection-nationale-de-natation-vise-le-podium\\\/\",\"name\":\"Jeux sportifs arabes&nbsp;: La S\u00e9lection nationale de natation vise le podium - La Sentinelle\",\"isPartOf\":{\"@id\":\"https:\\\/\\\/lasentinelle.dz\\\/#website\"},\"primaryImageOfPage\":{\"@id\":\"https:\\\/\\\/lasentinelle.dz\\\/index.php\\\/2023\\\/06\\\/26\\\/jeux-sportifs-arabes-la-selection-nationale-de-natation-vise-le-podium\\\/#primaryimage\"},\"image\":{\"@id\":\"https:\\\/\\\/lasentinelle.dz\\\/index.php\\\/2023\\\/06\\\/26\\\/jeux-sportifs-arabes-la-selection-nationale-de-natation-vise-le-podium\\\/#primaryimage\"},\"thumbnailUrl\":\"https:\\\/\\\/lasentinelle.dz\\\/wp-content\\\/uploads\\\/2023\\\/06\\\/centre-nautique.jpeg\",\"datePublished\":\"2023-06-26T20:32:33+00:00\",\"dateModified\":\"2023-06-26T20:32:45+00:00\",\"breadcrumb\":{\"@id\":\"https:\\\/\\\/lasentinelle.dz\\\/index.php\\\/2023\\\/06\\\/26\\\/jeux-sportifs-arabes-la-selection-nationale-de-natation-vise-le-podium\\\/#breadcrumb\"},\"inLanguage\":\"fr-FR\",\"potentialAction\":[{\"@type\":\"ReadAction\",\"target\":[\"https:\\\/\\\/lasentinelle.dz\\\/index.php\\\/2023\\\/06\\\/26\\\/jeux-sportifs-arabes-la-selection-nationale-de-natation-vise-le-podium\\\/\"]}]},{\"@type\":\"ImageObject\",\"inLanguage\":\"fr-FR\",\"@id\":\"https:\\\/\\\/lasentinelle.dz\\\/index.php\\\/2023\\\/06\\\/26\\\/jeux-sportifs-arabes-la-selection-nationale-de-natation-vise-le-podium\\\/#primaryimage\",\"url\":\"https:\\\/\\\/lasentinelle.dz\\\/wp-content\\\/uploads\\\/2023\\\/06\\\/centre-nautique.jpeg\",\"contentUrl\":\"https:\\\/\\\/lasentinelle.dz\\\/wp-content\\\/uploads\\\/2023\\\/06\\\/centre-nautique.jpeg\",\"width\":580,\"height\":330},{\"@type\":\"BreadcrumbList\",\"@id\":\"https:\\\/\\\/lasentinelle.dz\\\/index.php\\\/2023\\\/06\\\/26\\\/jeux-sportifs-arabes-la-selection-nationale-de-natation-vise-le-podium\\\/#breadcrumb\",\"itemListElement\":[{\"@type\":\"ListItem\",\"position\":1,\"name\":\"Accueil\",\"item\":\"https:\\\/\\\/lasentinelle.dz\\\/\"},{\"@type\":\"ListItem\",\"position\":2,\"name\":\"Jeux sportifs arabes&nbsp;: La S\u00e9lection nationale de natation vise le podium\"}]},{\"@type\":\"WebSite\",\"@id\":\"https:\\\/\\\/lasentinelle.dz\\\/#website\",\"url\":\"https:\\\/\\\/lasentinelle.dz\\\/\",\"name\":\"La Sentinelle\",\"description\":\"Quotidien national d&#039;information\",\"publisher\":{\"@id\":\"https:\\\/\\\/lasentinelle.dz\\\/#organization\"},\"potentialAction\":[{\"@type\":\"SearchAction\",\"target\":{\"@type\":\"EntryPoint\",\"urlTemplate\":\"https:\\\/\\\/lasentinelle.dz\\\/?s={search_term_string}\"},\"query-input\":{\"@type\":\"PropertyValueSpecification\",\"valueRequired\":true,\"valueName\":\"search_term_string\"}}],\"inLanguage\":\"fr-FR\"},{\"@type\":\"Organization\",\"@id\":\"https:\\\/\\\/lasentinelle.dz\\\/#organization\",\"name\":\"Quotidien La Sentinelle\",\"url\":\"https:\\\/\\\/lasentinelle.dz\\\/\",\"logo\":{\"@type\":\"ImageObject\",\"inLanguage\":\"fr-FR\",\"@id\":\"https:\\\/\\\/lasentinelle.dz\\\/#\\\/schema\\\/logo\\\/image\\\/\",\"url\":\"https:\\\/\\\/lasentinelle.dz\\\/wp-content\\\/uploads\\\/2021\\\/09\\\/logo-sentinelleSLOGAN-1.png\",\"contentUrl\":\"https:\\\/\\\/lasentinelle.dz\\\/wp-content\\\/uploads\\\/2021\\\/09\\\/logo-sentinelleSLOGAN-1.png\",\"width\":615,\"height\":142,\"caption\":\"Quotidien La Sentinelle\"},\"image\":{\"@id\":\"https:\\\/\\\/lasentinelle.dz\\\/#\\\/schema\\\/logo\\\/image\\\/\"},\"sameAs\":[\"https:\\\/\\\/www.facebook.com\\\/La-Sentinelle-104059864394773\"]},{\"@type\":\"Person\",\"@id\":\"https:\\\/\\\/lasentinelle.dz\\\/#\\\/schema\\\/person\\\/d865044e22e70a75174ce8bcad3acfb3\",\"name\":\"La Sentinelle\",\"image\":{\"@type\":\"ImageObject\",\"inLanguage\":\"fr-FR\",\"@id\":\"https:\\\/\\\/secure.gravatar.com\\\/avatar\\\/57de8e5d4b15d43fb361a71fbb36338450fe67865b528a43dd10ef7c51a20392?s=96&d=mm&r=g\",\"url\":\"https:\\\/\\\/secure.gravatar.com\\\/avatar\\\/57de8e5d4b15d43fb361a71fbb36338450fe67865b528a43dd10ef7c51a20392?s=96&d=mm&r=g\",\"contentUrl\":\"https:\\\/\\\/secure.gravatar.com\\\/avatar\\\/57de8e5d4b15d43fb361a71fbb36338450fe67865b528a43dd10ef7c51a20392?s=96&d=mm&r=g\",\"caption\":\"La Sentinelle\"},\"sameAs\":[\"http:\\\/\\\/www.lasentinelle.dz\"],\"url\":\"https:\\\/\\\/lasentinelle.dz\\\/author\\\/redaction\\\/\"}]}<\/script>\n<!-- \/ Yoast SEO plugin. -->","yoast_head_json":{"title":"Jeux sportifs arabes&nbsp;: La S\u00e9lection nationale de natation vise le podium - La Sentinelle","robots":{"index":"index","follow":"follow","max-snippet":"max-snippet:-1","max-image-preview":"max-image-preview:large","max-video-preview":"max-video-preview:-1"},"canonical":"https:\/\/lasentinelle.dz\/index.php\/2023\/06\/26\/jeux-sportifs-arabes-la-selection-nationale-de-natation-vise-le-podium\/","og_locale":"fr_FR","og_type":"article","og_title":"Jeux sportifs arabes&nbsp;: La S\u00e9lection nationale de natation vise le podium - La Sentinelle","og_description":"Les Jeux sportifs arabes vont s\u2019ouvrir d\u2019ici quelques jours en Alg\u00e9rie. Les s\u00e9lections alg\u00e9riennes veulent s\u2019imposer lors de ces Jeux","og_url":"https:\/\/lasentinelle.dz\/index.php\/2023\/06\/26\/jeux-sportifs-arabes-la-selection-nationale-de-natation-vise-le-podium\/","og_site_name":"La Sentinelle","article_publisher":"https:\/\/www.facebook.com\/La-Sentinelle-104059864394773","article_published_time":"2023-06-26T20:32:33+00:00","article_modified_time":"2023-06-26T20:32:45+00:00","og_image":[{"width":580,"height":330,"url":"https:\/\/lasentinelle.dz\/wp-content\/uploads\/2023\/06\/centre-nautique.jpeg","type":"image\/jpeg"}],"author":"La Sentinelle","twitter_card":"summary_large_image","twitter_misc":{"\u00c9crit par":"La Sentinelle","Dur\u00e9e de lecture estim\u00e9e":"3 minutes"},"schema":{"@context":"https:\/\/schema.org","@graph":[{"@type":"Article","@id":"https:\/\/lasentinelle.dz\/index.php\/2023\/06\/26\/jeux-sportifs-arabes-la-selection-nationale-de-natation-vise-le-podium\/#article","isPartOf":{"@id":"https:\/\/lasentinelle.dz\/index.php\/2023\/06\/26\/jeux-sportifs-arabes-la-selection-nationale-de-natation-vise-le-podium\/"},"author":{"name":"La Sentinelle","@id":"https:\/\/lasentinelle.dz\/#\/schema\/person\/d865044e22e70a75174ce8bcad3acfb3"},"headline":"Jeux sportifs arabes&nbsp;: La S\u00e9lection nationale de natation vise le podium","datePublished":"2023-06-26T20:32:33+00:00","dateModified":"2023-06-26T20:32:45+00:00","mainEntityOfPage":{"@id":"https:\/\/lasentinelle.dz\/index.php\/2023\/06\/26\/jeux-sportifs-arabes-la-selection-nationale-de-natation-vise-le-podium\/"},"wordCount":572,"commentCount":0,"publisher":{"@id":"https:\/\/lasentinelle.dz\/#organization"},"image":{"@id":"https:\/\/lasentinelle.dz\/index.php\/2023\/06\/26\/jeux-sportifs-arabes-la-selection-nationale-de-natation-vise-le-podium\/#primaryimage"},"thumbnailUrl":"https:\/\/lasentinelle.dz\/wp-content\/uploads\/2023\/06\/centre-nautique.jpeg","articleSection":["Sports"],"inLanguage":"fr-FR","potentialAction":[{"@type":"CommentAction","name":"Comment","target":["https:\/\/lasentinelle.dz\/index.php\/2023\/06\/26\/jeux-sportifs-arabes-la-selection-nationale-de-natation-vise-le-podium\/#respond"]}]},{"@type":"WebPage","@id":"https:\/\/lasentinelle.dz\/index.php\/2023\/06\/26\/jeux-sportifs-arabes-la-selection-nationale-de-natation-vise-le-podium\/","url":"https:\/\/lasentinelle.dz\/index.php\/2023\/06\/26\/jeux-sportifs-arabes-la-selection-nationale-de-natation-vise-le-podium\/","name":"Jeux sportifs arabes&nbsp;: La S\u00e9lection nationale de natation vise le podium - La Sentinelle","isPartOf":{"@id":"https:\/\/lasentinelle.dz\/#website"},"primaryImageOfPage":{"@id":"https:\/\/lasentinelle.dz\/index.php\/2023\/06\/26\/jeux-sportifs-arabes-la-selection-nationale-de-natation-vise-le-podium\/#primaryimage"},"image":{"@id":"https:\/\/lasentinelle.dz\/index.php\/2023\/06\/26\/jeux-sportifs-arabes-la-selection-nationale-de-natation-vise-le-podium\/#primaryimage"},"thumbnailUrl":"https:\/\/lasentinelle.dz\/wp-content\/uploads\/2023\/06\/centre-nautique.jpeg","datePublished":"2023-06-26T20:32:33+00:00","dateModified":"2023-06-26T20:32:45+00:00","breadcrumb":{"@id":"https:\/\/lasentinelle.dz\/index.php\/2023\/06\/26\/jeux-sportifs-arabes-la-selection-nationale-de-natation-vise-le-podium\/#breadcrumb"},"inLanguage":"fr-FR","potentialAction":[{"@type":"ReadAction","target":["https:\/\/lasentinelle.dz\/index.php\/2023\/06\/26\/jeux-sportifs-arabes-la-selection-nationale-de-natation-vise-le-podium\/"]}]},{"@type":"ImageObject","inLanguage":"fr-FR","@id":"https:\/\/lasentinelle.dz\/index.php\/2023\/06\/26\/jeux-sportifs-arabes-la-selection-nationale-de-natation-vise-le-podium\/#primaryimage","url":"https:\/\/lasentinelle.dz\/wp-content\/uploads\/2023\/06\/centre-nautique.jpeg","contentUrl":"https:\/\/lasentinelle.dz\/wp-content\/uploads\/2023\/06\/centre-nautique.jpeg","width":580,"height":330},{"@type":"BreadcrumbList","@id":"https:\/\/lasentinelle.dz\/index.php\/2023\/06\/26\/jeux-sportifs-arabes-la-selection-nationale-de-natation-vise-le-podium\/#breadcrumb","itemListElement":[{"@type":"ListItem","position":1,"name":"Accueil","item":"https:\/\/lasentinelle.dz\/"},{"@type":"ListItem","position":2,"name":"Jeux sportifs arabes&nbsp;: La S\u00e9lection nationale de natation vise le podium"}]},{"@type":"WebSite","@id":"https:\/\/lasentinelle.dz\/#website","url":"https:\/\/lasentinelle.dz\/","name":"La Sentinelle","description":"Quotidien national d&#039;information","publisher":{"@id":"https:\/\/lasentinelle.dz\/#organization"},"potentialAction":[{"@type":"SearchAction","target":{"@type":"EntryPoint","urlTemplate":"https:\/\/lasentinelle.dz\/?s={search_term_string}"},"query-input":{"@type":"PropertyValueSpecification","valueRequired":true,"valueName":"search_term_string"}}],"inLanguage":"fr-FR"},{"@type":"Organization","@id":"https:\/\/lasentinelle.dz\/#organization","name":"Quotidien La Sentinelle","url":"https:\/\/lasentinelle.dz\/","logo":{"@type":"ImageObject","inLanguage":"fr-FR","@id":"https:\/\/lasentinelle.dz\/#\/schema\/logo\/image\/","url":"https:\/\/lasentinelle.dz\/wp-content\/uploads\/2021\/09\/logo-sentinelleSLOGAN-1.png","contentUrl":"https:\/\/lasentinelle.dz\/wp-content\/uploads\/2021\/09\/logo-sentinelleSLOGAN-1.png","width":615,"height":142,"caption":"Quotidien La Sentinelle"},"image":{"@id":"https:\/\/lasentinelle.dz\/#\/schema\/logo\/image\/"},"sameAs":["https:\/\/www.facebook.com\/La-Sentinelle-104059864394773"]},{"@type":"Person","@id":"https:\/\/lasentinelle.dz\/#\/schema\/person\/d865044e22e70a75174ce8bcad3acfb3","name":"La Sentinelle","image":{"@type":"ImageObject","inLanguage":"fr-FR","@id":"https:\/\/secure.gravatar.com\/avatar\/57de8e5d4b15d43fb361a71fbb36338450fe67865b528a43dd10ef7c51a20392?s=96&d=mm&r=g","url":"https:\/\/secure.gravatar.com\/avatar\/57de8e5d4b15d43fb361a71fbb36338450fe67865b528a43dd10ef7c51a20392?s=96&d=mm&r=g","contentUrl":"https:\/\/secure.gravatar.com\/avatar\/57de8e5d4b15d43fb361a71fbb36338450fe67865b528a43dd10ef7c51a20392?s=96&d=mm&r=g","caption":"La Sentinelle"},"sameAs":["http:\/\/www.lasentinelle.dz"],"url":"https:\/\/lasentinelle.dz\/author\/redaction\/"}]}},"_links":{"self":[{"href":"https:\/\/lasentinelle.dz\/index.php\/wp-json\/wp\/v2\/posts\/43102","targetHints":{"allow":["GET"]}}],"collection":[{"href":"https:\/\/lasentinelle.dz\/index.php\/wp-json\/wp\/v2\/posts"}],"about":[{"href":"https:\/\/lasentinelle.dz\/index.php\/wp-json\/wp\/v2\/types\/post"}],"author":[{"embeddable":true,"href":"https:\/\/lasentinelle.dz\/index.php\/wp-json\/wp\/v2\/users\/3"}],"replies":[{"embeddable":true,"href":"https:\/\/lasentinelle.dz\/index.php\/wp-json\/wp\/v2\/comments?post=43102"}],"version-history":[{"count":1,"href":"https:\/\/lasentinelle.dz\/index.php\/wp-json\/wp\/v2\/posts\/43102\/revisions"}],"predecessor-version":[{"id":43103,"href":"https:\/\/lasentinelle.dz\/index.php\/wp-json\/wp\/v2\/posts\/43102\/revisions\/43103"}],"wp:featuredmedia":[{"embeddable":true,"href":"https:\/\/lasentinelle.dz\/index.php\/wp-json\/wp\/v2\/media\/42708"}],"wp:attachment":[{"href":"https:\/\/lasentinelle.dz\/index.php\/wp-json\/wp\/v2\/media?parent=43102"}],"wp:term":[{"taxonomy":"category","embeddable":true,"href":"https:\/\/lasentinelle.dz\/index.php\/wp-json\/wp\/v2\/categories?post=43102"},{"taxonomy":"post_tag","embeddable":true,"href":"https:\/\/lasentinelle.dz\/index.php\/wp-json\/wp\/v2\/tags?post=43102"}],"curies":[{"name":"wp","href":"https:\/\/api.w.org\/{rel}","templated":true}]}}