{"id":43107,"date":"2023-06-26T22:22:04","date_gmt":"2023-06-26T21:22:04","guid":{"rendered":"https:\/\/lasentinelle.dz\/?p=43107"},"modified":"2023-06-26T22:22:10","modified_gmt":"2023-06-26T21:22:10","slug":"khenchela-neuf-membres-de-lapw-estes-en-justice","status":"publish","type":"post","link":"https:\/\/lasentinelle.dz\/index.php\/2023\/06\/26\/khenchela-neuf-membres-de-lapw-estes-en-justice\/","title":{"rendered":"Khenchela: Neuf membres de l\u2019APW est\u00e9s en Justice"},"content":{"rendered":"\n<p>&nbsp;La session de l\u2019Assembl\u00e9e populaire de la wilaya de Khenchela a \u00e9t\u00e9 suspendue apr\u00e8s que certains membres de l\u2019assembl\u00e9e aient emp\u00each\u00e9 les travaux tandis que d\u2019autres ont occup\u00e9 la tribune. Une situation devenue insupportable voire inadmissible pour le chef de l\u2019ex\u00e9cutif local qui a d\u00e9cid\u00e9 d\u2019ester 9 membres de l\u2019APW en Justice, nous confie une source interne \u00e0 l\u2019APW de Khenchela. Cette sc\u00e8ne est courante et se r\u00e9p\u00e8te \u00e0 chaque s\u00e9ance depuis le d\u00e9but de la d\u00e9signation des charg\u00e9s des commissions, a expliqu\u00e9 notre source. Les membres du parti du FLN ont exig\u00e9 l&rsquo;application du code de wilaya dans sa forme la plus stricte et la redistribution des postes entre toutes les formations politiques, comme stipul\u00e9 dans la loi, nous dit-on. Outre cela, les membres du vieux parti ont \u00e9galement appel\u00e9 le pr\u00e9sident de l\u2019Assembl\u00e9e populaire de wilaya \u00e0 ouvrir ses portes aux citoyens en col\u00e8re et \u00e0 descendre dans la rue pour apaiser la tension des manifestants , contestant la liste des logements. Au-del\u00e0, les \u00e9lus de la formation du Front de lib\u00e9ration nationale se sont interrog\u00e9s sur la tenue de la session de l\u2019APW, alors que la grogne citoyenne est \u00e0 son apog\u00e9e et la rue est \u00e9branl\u00e9e par les contestations. En raison de l&rsquo;\u00e9tat anarchique pr\u00e9valant au sein de la salle de l\u2019APW, le pr\u00e9sident de l\u2019assembl\u00e9e a quitt\u00e9 la salle avec le repr\u00e9sentant du wali, apr\u00e8s avoir annonc\u00e9 la suspension de la s\u00e9ance pour la reprendre dans 15 jours. Selon les explications apport\u00e9es par la m\u00eame source, la situation dure et perdure depuis plusieurs mois d\u00e9j\u00e0. Comme d&rsquo;habitude et dans toutes les sessions, un certain nombre d\u2019\u00e9lus, imm\u00e9diatement apr\u00e8s l&rsquo;ouverture de la deuxi\u00e8me session de l&rsquo;ann\u00e9e 2023 d\u00e9di\u00e9 \u00e0 l\u2019approbation du compte administratif, se sont empress\u00e9s pour occuper les si\u00e8ges des membres du bureau de la session, emp\u00eachant sa tenue jusqu&rsquo;\u00e0 l&rsquo;application du code de wilaya selon eux et permettre aux membres de leur formation exclue de la pr\u00e9sidence des commissions d\u2019y acc\u00e9der. La situation tendue et le climat d\u00e9l\u00e9t\u00e8re a suscit\u00e9 l\u2019ire du pr\u00e9sident de l\u2019APW qui a accus\u00e9 les membres du parti du FLN d&rsquo;entraver les travaux de l\u2019assembl\u00e9 et de ses commissions. Le P\/APW n\u2019a pas omis, nous dit-on, de souligner que la justice interviendra et mettra fin \u00e0 cette situation. Selon la m\u00eame source, le wali de Khenchela, \u00e0 la demande du P\/APW, a d\u00e9cid\u00e9 de porter plainte contre 09 membres de l&rsquo;Assembl\u00e9e Populaire de Wilaya, les accusant d&rsquo;entrave aux travaux d&rsquo;une institution au sein des collectivit\u00e9s locales. La premi\u00e8re audience du proc\u00e8s des 9 \u00e9lus a eu lieu, nous dit-on, a co\u00efncid\u00e9 avec le jour de la tenue de la deuxi\u00e8me session. Une audience qui a \u00e9t\u00e9 report\u00e9e, ont fait savoir les m\u00eames sources, en raison de l\u2019absence des 9 membres accus\u00e9s , repr\u00e9sentant la liste du FLN. Ce dernier, selon ses membres, a \u00e9t\u00e9 exclu des commissions, bien qu&rsquo;il ait obtenu 9 si\u00e8ges. Selon certaines informations, les 9 membres se sont dits d\u00e9termin\u00e9s \u00e0 aller jusqu\u2019au bout, afin de faire valoir leurs droits. Revendiquant pour cela, la r\u00e9vision de la r\u00e9partition des postes entre toutes les formations politiques formant l\u2019assembl\u00e9e populaire de wilaya, mena\u00e7ant de radicaliser la situation et ne pas c\u00e9der aux menaces et aux poursuites judiciaires.<\/p>\n\n\n\n<p><strong>S<\/strong><strong>. Chahine<\/strong><\/p>\n","protected":false},"excerpt":{"rendered":"<p>&nbsp;La session de l\u2019Assembl\u00e9e populaire de la wilaya de Khenchela a \u00e9t\u00e9 suspendue apr\u00e8s que certains membres de l\u2019assembl\u00e9e aient<\/p>\n","protected":false},"author":3,"featured_media":43108,"comment_status":"open","ping_status":"closed","sticky":false,"template":"","format":"standard","meta":{"colormag_page_container_layout":"default_layout","colormag_page_sidebar_layout":"default_layout","om_disable_all_campaigns":false,"_monsterinsights_skip_tracking":false,"_monsterinsights_sitenote_active":false,"_monsterinsights_sitenote_note":"","_monsterinsights_sitenote_category":0,"footnotes":"","_wpscppro_dont_share_socialmedia":false,"_wpscppro_custom_social_share_image":0,"_facebook_share_type":"","_twitter_share_type":"","_linkedin_share_type":"","_pinterest_share_type":"","_linkedin_share_type_page":"","_instagram_share_type":"","_medium_share_type":"","_threads_share_type":"","_google_business_share_type":"","_selected_social_profile":[],"_wpsp_enable_custom_social_template":false,"_wpsp_social_scheduling":{"enabled":false,"datetime":null,"platforms":[],"status":"template_only","dateOption":"today","timeOption":"now","customDays":"","customHours":"","customDate":"","customTime":"","schedulingType":"absolute"},"_wpsp_active_default_template":true},"categories":[31],"tags":[],"class_list":["post-43107","post","type-post","status-publish","format-standard","has-post-thumbnail","hentry","category-regions"],"aioseo_notices":[],"yoast_head":"<!-- This site is optimized with the Yoast SEO plugin v27.5 - https:\/\/yoast.com\/product\/yoast-seo-wordpress\/ -->\n<title>Khenchela: Neuf membres de l\u2019APW est\u00e9s en Justice - La Sentinelle<\/title>\n<meta name=\"robots\" content=\"index, follow, max-snippet:-1, max-image-preview:large, max-video-preview:-1\" \/>\n<link rel=\"canonical\" href=\"https:\/\/lasentinelle.dz\/index.php\/2023\/06\/26\/khenchela-neuf-membres-de-lapw-estes-en-justice\/\" \/>\n<meta property=\"og:locale\" content=\"fr_FR\" \/>\n<meta property=\"og:type\" content=\"article\" \/>\n<meta property=\"og:title\" content=\"Khenchela: Neuf membres de l\u2019APW est\u00e9s en Justice - La Sentinelle\" \/>\n<meta property=\"og:description\" content=\"&nbsp;La session de l\u2019Assembl\u00e9e populaire de la wilaya de Khenchela a \u00e9t\u00e9 suspendue apr\u00e8s que certains membres de l\u2019assembl\u00e9e aient\" \/>\n<meta property=\"og:url\" content=\"https:\/\/lasentinelle.dz\/index.php\/2023\/06\/26\/khenchela-neuf-membres-de-lapw-estes-en-justice\/\" \/>\n<meta property=\"og:site_name\" content=\"La Sentinelle\" \/>\n<meta property=\"article:publisher\" content=\"https:\/\/www.facebook.com\/La-Sentinelle-104059864394773\" \/>\n<meta property=\"article:published_time\" content=\"2023-06-26T21:22:04+00:00\" \/>\n<meta property=\"article:modified_time\" content=\"2023-06-26T21:22:10+00:00\" \/>\n<meta property=\"og:image\" content=\"https:\/\/lasentinelle.dz\/wp-content\/uploads\/2023\/06\/khebchela-3.jpeg\" \/>\n\t<meta property=\"og:image:width\" content=\"620\" \/>\n\t<meta property=\"og:image:height\" content=\"413\" \/>\n\t<meta property=\"og:image:type\" content=\"image\/jpeg\" \/>\n<meta name=\"author\" content=\"La Sentinelle\" \/>\n<meta name=\"twitter:card\" content=\"summary_large_image\" \/>\n<meta name=\"twitter:label1\" content=\"\u00c9crit par\" \/>\n\t<meta name=\"twitter:data1\" content=\"La Sentinelle\" \/>\n\t<meta name=\"twitter:label2\" content=\"Dur\u00e9e de lecture estim\u00e9e\" \/>\n\t<meta name=\"twitter:data2\" content=\"3 minutes\" \/>\n<script type=\"application\/ld+json\" class=\"yoast-schema-graph\">{\"@context\":\"https:\\\/\\\/schema.org\",\"@graph\":[{\"@type\":\"Article\",\"@id\":\"https:\\\/\\\/lasentinelle.dz\\\/index.php\\\/2023\\\/06\\\/26\\\/khenchela-neuf-membres-de-lapw-estes-en-justice\\\/#article\",\"isPartOf\":{\"@id\":\"https:\\\/\\\/lasentinelle.dz\\\/index.php\\\/2023\\\/06\\\/26\\\/khenchela-neuf-membres-de-lapw-estes-en-justice\\\/\"},\"author\":{\"name\":\"La Sentinelle\",\"@id\":\"https:\\\/\\\/lasentinelle.dz\\\/#\\\/schema\\\/person\\\/d865044e22e70a75174ce8bcad3acfb3\"},\"headline\":\"Khenchela: Neuf membres de l\u2019APW est\u00e9s en Justice\",\"datePublished\":\"2023-06-26T21:22:04+00:00\",\"dateModified\":\"2023-06-26T21:22:10+00:00\",\"mainEntityOfPage\":{\"@id\":\"https:\\\/\\\/lasentinelle.dz\\\/index.php\\\/2023\\\/06\\\/26\\\/khenchela-neuf-membres-de-lapw-estes-en-justice\\\/\"},\"wordCount\":629,\"commentCount\":0,\"publisher\":{\"@id\":\"https:\\\/\\\/lasentinelle.dz\\\/#organization\"},\"image\":{\"@id\":\"https:\\\/\\\/lasentinelle.dz\\\/index.php\\\/2023\\\/06\\\/26\\\/khenchela-neuf-membres-de-lapw-estes-en-justice\\\/#primaryimage\"},\"thumbnailUrl\":\"https:\\\/\\\/lasentinelle.dz\\\/wp-content\\\/uploads\\\/2023\\\/06\\\/khebchela-3.jpeg\",\"articleSection\":[\"R\u00e9gions\"],\"inLanguage\":\"fr-FR\",\"potentialAction\":[{\"@type\":\"CommentAction\",\"name\":\"Comment\",\"target\":[\"https:\\\/\\\/lasentinelle.dz\\\/index.php\\\/2023\\\/06\\\/26\\\/khenchela-neuf-membres-de-lapw-estes-en-justice\\\/#respond\"]}]},{\"@type\":\"WebPage\",\"@id\":\"https:\\\/\\\/lasentinelle.dz\\\/index.php\\\/2023\\\/06\\\/26\\\/khenchela-neuf-membres-de-lapw-estes-en-justice\\\/\",\"url\":\"https:\\\/\\\/lasentinelle.dz\\\/index.php\\\/2023\\\/06\\\/26\\\/khenchela-neuf-membres-de-lapw-estes-en-justice\\\/\",\"name\":\"Khenchela: Neuf membres de l\u2019APW est\u00e9s en Justice - La Sentinelle\",\"isPartOf\":{\"@id\":\"https:\\\/\\\/lasentinelle.dz\\\/#website\"},\"primaryImageOfPage\":{\"@id\":\"https:\\\/\\\/lasentinelle.dz\\\/index.php\\\/2023\\\/06\\\/26\\\/khenchela-neuf-membres-de-lapw-estes-en-justice\\\/#primaryimage\"},\"image\":{\"@id\":\"https:\\\/\\\/lasentinelle.dz\\\/index.php\\\/2023\\\/06\\\/26\\\/khenchela-neuf-membres-de-lapw-estes-en-justice\\\/#primaryimage\"},\"thumbnailUrl\":\"https:\\\/\\\/lasentinelle.dz\\\/wp-content\\\/uploads\\\/2023\\\/06\\\/khebchela-3.jpeg\",\"datePublished\":\"2023-06-26T21:22:04+00:00\",\"dateModified\":\"2023-06-26T21:22:10+00:00\",\"breadcrumb\":{\"@id\":\"https:\\\/\\\/lasentinelle.dz\\\/index.php\\\/2023\\\/06\\\/26\\\/khenchela-neuf-membres-de-lapw-estes-en-justice\\\/#breadcrumb\"},\"inLanguage\":\"fr-FR\",\"potentialAction\":[{\"@type\":\"ReadAction\",\"target\":[\"https:\\\/\\\/lasentinelle.dz\\\/index.php\\\/2023\\\/06\\\/26\\\/khenchela-neuf-membres-de-lapw-estes-en-justice\\\/\"]}]},{\"@type\":\"ImageObject\",\"inLanguage\":\"fr-FR\",\"@id\":\"https:\\\/\\\/lasentinelle.dz\\\/index.php\\\/2023\\\/06\\\/26\\\/khenchela-neuf-membres-de-lapw-estes-en-justice\\\/#primaryimage\",\"url\":\"https:\\\/\\\/lasentinelle.dz\\\/wp-content\\\/uploads\\\/2023\\\/06\\\/khebchela-3.jpeg\",\"contentUrl\":\"https:\\\/\\\/lasentinelle.dz\\\/wp-content\\\/uploads\\\/2023\\\/06\\\/khebchela-3.jpeg\",\"width\":620,\"height\":413},{\"@type\":\"BreadcrumbList\",\"@id\":\"https:\\\/\\\/lasentinelle.dz\\\/index.php\\\/2023\\\/06\\\/26\\\/khenchela-neuf-membres-de-lapw-estes-en-justice\\\/#breadcrumb\",\"itemListElement\":[{\"@type\":\"ListItem\",\"position\":1,\"name\":\"Accueil\",\"item\":\"https:\\\/\\\/lasentinelle.dz\\\/\"},{\"@type\":\"ListItem\",\"position\":2,\"name\":\"Khenchela: Neuf membres de l\u2019APW est\u00e9s en Justice\"}]},{\"@type\":\"WebSite\",\"@id\":\"https:\\\/\\\/lasentinelle.dz\\\/#website\",\"url\":\"https:\\\/\\\/lasentinelle.dz\\\/\",\"name\":\"La Sentinelle\",\"description\":\"Quotidien national d&#039;information\",\"publisher\":{\"@id\":\"https:\\\/\\\/lasentinelle.dz\\\/#organization\"},\"potentialAction\":[{\"@type\":\"SearchAction\",\"target\":{\"@type\":\"EntryPoint\",\"urlTemplate\":\"https:\\\/\\\/lasentinelle.dz\\\/?s={search_term_string}\"},\"query-input\":{\"@type\":\"PropertyValueSpecification\",\"valueRequired\":true,\"valueName\":\"search_term_string\"}}],\"inLanguage\":\"fr-FR\"},{\"@type\":\"Organization\",\"@id\":\"https:\\\/\\\/lasentinelle.dz\\\/#organization\",\"name\":\"Quotidien La Sentinelle\",\"url\":\"https:\\\/\\\/lasentinelle.dz\\\/\",\"logo\":{\"@type\":\"ImageObject\",\"inLanguage\":\"fr-FR\",\"@id\":\"https:\\\/\\\/lasentinelle.dz\\\/#\\\/schema\\\/logo\\\/image\\\/\",\"url\":\"https:\\\/\\\/lasentinelle.dz\\\/wp-content\\\/uploads\\\/2021\\\/09\\\/logo-sentinelleSLOGAN-1.png\",\"contentUrl\":\"https:\\\/\\\/lasentinelle.dz\\\/wp-content\\\/uploads\\\/2021\\\/09\\\/logo-sentinelleSLOGAN-1.png\",\"width\":615,\"height\":142,\"caption\":\"Quotidien La Sentinelle\"},\"image\":{\"@id\":\"https:\\\/\\\/lasentinelle.dz\\\/#\\\/schema\\\/logo\\\/image\\\/\"},\"sameAs\":[\"https:\\\/\\\/www.facebook.com\\\/La-Sentinelle-104059864394773\"]},{\"@type\":\"Person\",\"@id\":\"https:\\\/\\\/lasentinelle.dz\\\/#\\\/schema\\\/person\\\/d865044e22e70a75174ce8bcad3acfb3\",\"name\":\"La Sentinelle\",\"image\":{\"@type\":\"ImageObject\",\"inLanguage\":\"fr-FR\",\"@id\":\"https:\\\/\\\/secure.gravatar.com\\\/avatar\\\/57de8e5d4b15d43fb361a71fbb36338450fe67865b528a43dd10ef7c51a20392?s=96&d=mm&r=g\",\"url\":\"https:\\\/\\\/secure.gravatar.com\\\/avatar\\\/57de8e5d4b15d43fb361a71fbb36338450fe67865b528a43dd10ef7c51a20392?s=96&d=mm&r=g\",\"contentUrl\":\"https:\\\/\\\/secure.gravatar.com\\\/avatar\\\/57de8e5d4b15d43fb361a71fbb36338450fe67865b528a43dd10ef7c51a20392?s=96&d=mm&r=g\",\"caption\":\"La Sentinelle\"},\"sameAs\":[\"http:\\\/\\\/www.lasentinelle.dz\"],\"url\":\"https:\\\/\\\/lasentinelle.dz\\\/author\\\/redaction\\\/\"}]}<\/script>\n<!-- \/ Yoast SEO plugin. -->","yoast_head_json":{"title":"Khenchela: Neuf membres de l\u2019APW est\u00e9s en Justice - La Sentinelle","robots":{"index":"index","follow":"follow","max-snippet":"max-snippet:-1","max-image-preview":"max-image-preview:large","max-video-preview":"max-video-preview:-1"},"canonical":"https:\/\/lasentinelle.dz\/index.php\/2023\/06\/26\/khenchela-neuf-membres-de-lapw-estes-en-justice\/","og_locale":"fr_FR","og_type":"article","og_title":"Khenchela: Neuf membres de l\u2019APW est\u00e9s en Justice - La Sentinelle","og_description":"&nbsp;La session de l\u2019Assembl\u00e9e populaire de la wilaya de Khenchela a \u00e9t\u00e9 suspendue apr\u00e8s que certains membres de l\u2019assembl\u00e9e aient","og_url":"https:\/\/lasentinelle.dz\/index.php\/2023\/06\/26\/khenchela-neuf-membres-de-lapw-estes-en-justice\/","og_site_name":"La Sentinelle","article_publisher":"https:\/\/www.facebook.com\/La-Sentinelle-104059864394773","article_published_time":"2023-06-26T21:22:04+00:00","article_modified_time":"2023-06-26T21:22:10+00:00","og_image":[{"width":620,"height":413,"url":"https:\/\/lasentinelle.dz\/wp-content\/uploads\/2023\/06\/khebchela-3.jpeg","type":"image\/jpeg"}],"author":"La Sentinelle","twitter_card":"summary_large_image","twitter_misc":{"\u00c9crit par":"La Sentinelle","Dur\u00e9e de lecture estim\u00e9e":"3 minutes"},"schema":{"@context":"https:\/\/schema.org","@graph":[{"@type":"Article","@id":"https:\/\/lasentinelle.dz\/index.php\/2023\/06\/26\/khenchela-neuf-membres-de-lapw-estes-en-justice\/#article","isPartOf":{"@id":"https:\/\/lasentinelle.dz\/index.php\/2023\/06\/26\/khenchela-neuf-membres-de-lapw-estes-en-justice\/"},"author":{"name":"La Sentinelle","@id":"https:\/\/lasentinelle.dz\/#\/schema\/person\/d865044e22e70a75174ce8bcad3acfb3"},"headline":"Khenchela: Neuf membres de l\u2019APW est\u00e9s en Justice","datePublished":"2023-06-26T21:22:04+00:00","dateModified":"2023-06-26T21:22:10+00:00","mainEntityOfPage":{"@id":"https:\/\/lasentinelle.dz\/index.php\/2023\/06\/26\/khenchela-neuf-membres-de-lapw-estes-en-justice\/"},"wordCount":629,"commentCount":0,"publisher":{"@id":"https:\/\/lasentinelle.dz\/#organization"},"image":{"@id":"https:\/\/lasentinelle.dz\/index.php\/2023\/06\/26\/khenchela-neuf-membres-de-lapw-estes-en-justice\/#primaryimage"},"thumbnailUrl":"https:\/\/lasentinelle.dz\/wp-content\/uploads\/2023\/06\/khebchela-3.jpeg","articleSection":["R\u00e9gions"],"inLanguage":"fr-FR","potentialAction":[{"@type":"CommentAction","name":"Comment","target":["https:\/\/lasentinelle.dz\/index.php\/2023\/06\/26\/khenchela-neuf-membres-de-lapw-estes-en-justice\/#respond"]}]},{"@type":"WebPage","@id":"https:\/\/lasentinelle.dz\/index.php\/2023\/06\/26\/khenchela-neuf-membres-de-lapw-estes-en-justice\/","url":"https:\/\/lasentinelle.dz\/index.php\/2023\/06\/26\/khenchela-neuf-membres-de-lapw-estes-en-justice\/","name":"Khenchela: Neuf membres de l\u2019APW est\u00e9s en Justice - La Sentinelle","isPartOf":{"@id":"https:\/\/lasentinelle.dz\/#website"},"primaryImageOfPage":{"@id":"https:\/\/lasentinelle.dz\/index.php\/2023\/06\/26\/khenchela-neuf-membres-de-lapw-estes-en-justice\/#primaryimage"},"image":{"@id":"https:\/\/lasentinelle.dz\/index.php\/2023\/06\/26\/khenchela-neuf-membres-de-lapw-estes-en-justice\/#primaryimage"},"thumbnailUrl":"https:\/\/lasentinelle.dz\/wp-content\/uploads\/2023\/06\/khebchela-3.jpeg","datePublished":"2023-06-26T21:22:04+00:00","dateModified":"2023-06-26T21:22:10+00:00","breadcrumb":{"@id":"https:\/\/lasentinelle.dz\/index.php\/2023\/06\/26\/khenchela-neuf-membres-de-lapw-estes-en-justice\/#breadcrumb"},"inLanguage":"fr-FR","potentialAction":[{"@type":"ReadAction","target":["https:\/\/lasentinelle.dz\/index.php\/2023\/06\/26\/khenchela-neuf-membres-de-lapw-estes-en-justice\/"]}]},{"@type":"ImageObject","inLanguage":"fr-FR","@id":"https:\/\/lasentinelle.dz\/index.php\/2023\/06\/26\/khenchela-neuf-membres-de-lapw-estes-en-justice\/#primaryimage","url":"https:\/\/lasentinelle.dz\/wp-content\/uploads\/2023\/06\/khebchela-3.jpeg","contentUrl":"https:\/\/lasentinelle.dz\/wp-content\/uploads\/2023\/06\/khebchela-3.jpeg","width":620,"height":413},{"@type":"BreadcrumbList","@id":"https:\/\/lasentinelle.dz\/index.php\/2023\/06\/26\/khenchela-neuf-membres-de-lapw-estes-en-justice\/#breadcrumb","itemListElement":[{"@type":"ListItem","position":1,"name":"Accueil","item":"https:\/\/lasentinelle.dz\/"},{"@type":"ListItem","position":2,"name":"Khenchela: Neuf membres de l\u2019APW est\u00e9s en Justice"}]},{"@type":"WebSite","@id":"https:\/\/lasentinelle.dz\/#website","url":"https:\/\/lasentinelle.dz\/","name":"La Sentinelle","description":"Quotidien national d&#039;information","publisher":{"@id":"https:\/\/lasentinelle.dz\/#organization"},"potentialAction":[{"@type":"SearchAction","target":{"@type":"EntryPoint","urlTemplate":"https:\/\/lasentinelle.dz\/?s={search_term_string}"},"query-input":{"@type":"PropertyValueSpecification","valueRequired":true,"valueName":"search_term_string"}}],"inLanguage":"fr-FR"},{"@type":"Organization","@id":"https:\/\/lasentinelle.dz\/#organization","name":"Quotidien La Sentinelle","url":"https:\/\/lasentinelle.dz\/","logo":{"@type":"ImageObject","inLanguage":"fr-FR","@id":"https:\/\/lasentinelle.dz\/#\/schema\/logo\/image\/","url":"https:\/\/lasentinelle.dz\/wp-content\/uploads\/2021\/09\/logo-sentinelleSLOGAN-1.png","contentUrl":"https:\/\/lasentinelle.dz\/wp-content\/uploads\/2021\/09\/logo-sentinelleSLOGAN-1.png","width":615,"height":142,"caption":"Quotidien La Sentinelle"},"image":{"@id":"https:\/\/lasentinelle.dz\/#\/schema\/logo\/image\/"},"sameAs":["https:\/\/www.facebook.com\/La-Sentinelle-104059864394773"]},{"@type":"Person","@id":"https:\/\/lasentinelle.dz\/#\/schema\/person\/d865044e22e70a75174ce8bcad3acfb3","name":"La Sentinelle","image":{"@type":"ImageObject","inLanguage":"fr-FR","@id":"https:\/\/secure.gravatar.com\/avatar\/57de8e5d4b15d43fb361a71fbb36338450fe67865b528a43dd10ef7c51a20392?s=96&d=mm&r=g","url":"https:\/\/secure.gravatar.com\/avatar\/57de8e5d4b15d43fb361a71fbb36338450fe67865b528a43dd10ef7c51a20392?s=96&d=mm&r=g","contentUrl":"https:\/\/secure.gravatar.com\/avatar\/57de8e5d4b15d43fb361a71fbb36338450fe67865b528a43dd10ef7c51a20392?s=96&d=mm&r=g","caption":"La Sentinelle"},"sameAs":["http:\/\/www.lasentinelle.dz"],"url":"https:\/\/lasentinelle.dz\/author\/redaction\/"}]}},"_links":{"self":[{"href":"https:\/\/lasentinelle.dz\/index.php\/wp-json\/wp\/v2\/posts\/43107","targetHints":{"allow":["GET"]}}],"collection":[{"href":"https:\/\/lasentinelle.dz\/index.php\/wp-json\/wp\/v2\/posts"}],"about":[{"href":"https:\/\/lasentinelle.dz\/index.php\/wp-json\/wp\/v2\/types\/post"}],"author":[{"embeddable":true,"href":"https:\/\/lasentinelle.dz\/index.php\/wp-json\/wp\/v2\/users\/3"}],"replies":[{"embeddable":true,"href":"https:\/\/lasentinelle.dz\/index.php\/wp-json\/wp\/v2\/comments?post=43107"}],"version-history":[{"count":1,"href":"https:\/\/lasentinelle.dz\/index.php\/wp-json\/wp\/v2\/posts\/43107\/revisions"}],"predecessor-version":[{"id":43109,"href":"https:\/\/lasentinelle.dz\/index.php\/wp-json\/wp\/v2\/posts\/43107\/revisions\/43109"}],"wp:featuredmedia":[{"embeddable":true,"href":"https:\/\/lasentinelle.dz\/index.php\/wp-json\/wp\/v2\/media\/43108"}],"wp:attachment":[{"href":"https:\/\/lasentinelle.dz\/index.php\/wp-json\/wp\/v2\/media?parent=43107"}],"wp:term":[{"taxonomy":"category","embeddable":true,"href":"https:\/\/lasentinelle.dz\/index.php\/wp-json\/wp\/v2\/categories?post=43107"},{"taxonomy":"post_tag","embeddable":true,"href":"https:\/\/lasentinelle.dz\/index.php\/wp-json\/wp\/v2\/tags?post=43107"}],"curies":[{"name":"wp","href":"https:\/\/api.w.org\/{rel}","templated":true}]}}