{"id":43110,"date":"2023-06-26T22:23:07","date_gmt":"2023-06-26T21:23:07","guid":{"rendered":"https:\/\/lasentinelle.dz\/?p=43110"},"modified":"2023-06-26T22:23:08","modified_gmt":"2023-06-26T21:23:08","slug":"annaba-lancement-de-loperation-de-tri-des-semences","status":"publish","type":"post","link":"https:\/\/lasentinelle.dz\/index.php\/2023\/06\/26\/annaba-lancement-de-loperation-de-tri-des-semences\/","title":{"rendered":"Annaba&nbsp;: Lancement de l\u2019op\u00e9ration de tri des semences"},"content":{"rendered":"\n<p>La Coop\u00e9rative des c\u00e9r\u00e9ales et des l\u00e9gumes secs (CCLS) d\u2019El-Hadjar dans la wilaya d\u2019Annaba a lanc\u00e9 le processus de tri des semences.<\/p>\n\n\n\n<p>Les premi\u00e8res livraisons des r\u00e9coltes de c\u00e9r\u00e9ales aux silos en provenance de la wilaya de T\u00e9bessa ont d\u00e9but\u00e9 au mois de juin courant. Ce premier arrivage a donn\u00e9 lieu au lancement de l\u2019op\u00e9ration de tri des semences qui seront mises en terre lors de la prochaine campagne des labours-semailles. D\u2019autres arrivages ont \u00e9t\u00e9 enregistr\u00e9s, en pr\u00e9sence des responsables de la Direction des Services Agricoles (DSA) et de la chambre d\u2019agriculture. Il est \u00e0 noter que les pr\u00e9visions de la production c\u00e9r\u00e9ali\u00e8re, toutes vari\u00e9t\u00e9s confondues, risquent d\u2019\u00eatre relativement revues \u00e0 la baisse en raison des inondations occasionn\u00e9es par les pr\u00e9cipitations du mois de mai et juin, ont estim\u00e9 certains professionnels de la fili\u00e8re. En mati\u00e8re de semences, il est utile de noter que l\u2019Alg\u00e9rie compte plus de 170 vari\u00e9t\u00e9s de semences c\u00e9r\u00e9ali\u00e8res entre bl\u00e9 dur, bl\u00e9 tendre, orge et avoine. Des semences, soulignons-le, certifi\u00e9es par le Centre National de Contr\u00f4le et de Certification des semences et des plantes (CNCC). Quant-\u00e0 la production de nouvelles vari\u00e9t\u00e9s, elle se fait \u00e0 travers le croisement de semences qui ont un haut potentiel de rendement avec des graines r\u00e9sistantes aux maladies agricoles. Cette s\u00e9lection permet d\u2019avoir des germes plus rentables et plus r\u00e9silients \u00e0 la fois. C\u2019est un travail de longue haleine, car il faut au moins douze ann\u00e9es pour obtenir de nouvelles vari\u00e9t\u00e9s. La pr\u00e9servation et le d\u00e9veloppement du patrimoine v\u00e9g\u00e9tal de cette fili\u00e8re strat\u00e9gique est primordial pour assurer la s\u00e9curit\u00e9 alimentaire durable du pays et r\u00e9duire la facture des importations de c\u00e9r\u00e9ales, notamment en bl\u00e9, qui vient toujours en t\u00eate des importations. En attendant l\u2019arrivage de nouvelles r\u00e9coltes \u00e0 la CCLS d\u2019El Hadjar, il est \u00e0 signaler que la campagne moisson-battage 2022\/2023 a \u00e9t\u00e9 amorc\u00e9e hier \u00e0 Annaba. C\u2019est Djamel Eddine Berrimi, wali d\u2019Annaba qui a donn\u00e9 le coup de lancement depuis l\u2019exploitation agricole Chabbi Larbi, d\u2019El Karma, dans la daira d\u2019El Hadjar. Tous les moyens humains et logistiques ont \u00e9t\u00e9 mobilis\u00e9s pour cette campagne, dont la r\u00e9colte risque d\u2019\u00eatre revue \u00e0 la baisse. En effet, la fili\u00e8re c\u00e9r\u00e9ali\u00e8re dans la wilaya d\u2019Annaba, \u00e0 l\u2019instar d\u2019autres wilayas de la r\u00e9gion est du pays, a \u00e9t\u00e9 affect\u00e9e par les derni\u00e8res pr\u00e9cipitations de pluies. Ces conditions m\u00e9t\u00e9orologiques sont \u00e0 l\u2019origine du d\u00e9classement d\u2019une grande partie de la production c\u00e9r\u00e9ali\u00e8re de la localit\u00e9 d\u2019El Karma. La r\u00e9colte affect\u00e9e par l\u2019humidit\u00e9 pourrait \u00eatre d\u00e9class\u00e9e et transform\u00e9e en aliment de b\u00e9tail. En tous cas, c\u2019est ce qu\u2019a d\u00e9clar\u00e9 le wali d\u2019Annaba. Le commis de l\u2019\u00c9tat a dans le m\u00eame contexte, rassur\u00e9 les agriculteurs, dont les r\u00e9coltes ont \u00e9t\u00e9 endommag\u00e9es par les inondations, et rappel\u00e9 l\u2019\u00c9tat jouera pleinement son r\u00f4le pour les indemniser. Il a soulign\u00e9 dans ce sens, que la commission d\u00e9p\u00each\u00e9e par la tutelle s\u2019est d\u2019une part pench\u00e9e sur la question des indemnisations, et d\u2019autre part, sur le volume des r\u00e9coltes impact\u00e9es par les intemp\u00e9ries. Un rapport sera \u00e9tabli \u00e0 cet effet et des d\u00e9cisions sont attendues, a fait savoir le wali.<\/p>\n\n\n\n<p><strong>Sofia Chahine<\/strong><\/p>\n","protected":false},"excerpt":{"rendered":"<p>La Coop\u00e9rative des c\u00e9r\u00e9ales et des l\u00e9gumes secs (CCLS) d\u2019El-Hadjar dans la wilaya d\u2019Annaba a lanc\u00e9 le processus de tri<\/p>\n","protected":false},"author":3,"featured_media":27184,"comment_status":"open","ping_status":"closed","sticky":false,"template":"","format":"standard","meta":{"colormag_page_container_layout":"default_layout","colormag_page_sidebar_layout":"default_layout","om_disable_all_campaigns":false,"_monsterinsights_skip_tracking":false,"_monsterinsights_sitenote_active":false,"_monsterinsights_sitenote_note":"","_monsterinsights_sitenote_category":0,"footnotes":"","_wpscppro_dont_share_socialmedia":false,"_wpscppro_custom_social_share_image":0,"_facebook_share_type":"","_twitter_share_type":"","_linkedin_share_type":"","_pinterest_share_type":"","_linkedin_share_type_page":"","_instagram_share_type":"","_medium_share_type":"","_threads_share_type":"","_google_business_share_type":"","_selected_social_profile":[],"_wpsp_enable_custom_social_template":false,"_wpsp_social_scheduling":{"enabled":false,"datetime":null,"platforms":[],"status":"template_only","dateOption":"today","timeOption":"now","customDays":"","customHours":"","customDate":"","customTime":"","schedulingType":"absolute"},"_wpsp_active_default_template":true},"categories":[31],"tags":[],"class_list":["post-43110","post","type-post","status-publish","format-standard","has-post-thumbnail","hentry","category-regions"],"aioseo_notices":[],"yoast_head":"<!-- This site is optimized with the Yoast SEO plugin v27.5 - https:\/\/yoast.com\/product\/yoast-seo-wordpress\/ -->\n<title>Annaba&nbsp;: Lancement de l\u2019op\u00e9ration de tri des semences - La Sentinelle<\/title>\n<meta name=\"robots\" content=\"index, follow, max-snippet:-1, max-image-preview:large, max-video-preview:-1\" \/>\n<link rel=\"canonical\" href=\"https:\/\/lasentinelle.dz\/index.php\/2023\/06\/26\/annaba-lancement-de-loperation-de-tri-des-semences\/\" \/>\n<meta property=\"og:locale\" content=\"fr_FR\" \/>\n<meta property=\"og:type\" content=\"article\" \/>\n<meta property=\"og:title\" content=\"Annaba&nbsp;: Lancement de l\u2019op\u00e9ration de tri des semences - La Sentinelle\" \/>\n<meta property=\"og:description\" content=\"La Coop\u00e9rative des c\u00e9r\u00e9ales et des l\u00e9gumes secs (CCLS) d\u2019El-Hadjar dans la wilaya d\u2019Annaba a lanc\u00e9 le processus de tri\" \/>\n<meta property=\"og:url\" content=\"https:\/\/lasentinelle.dz\/index.php\/2023\/06\/26\/annaba-lancement-de-loperation-de-tri-des-semences\/\" \/>\n<meta property=\"og:site_name\" content=\"La Sentinelle\" \/>\n<meta property=\"article:publisher\" content=\"https:\/\/www.facebook.com\/La-Sentinelle-104059864394773\" \/>\n<meta property=\"article:published_time\" content=\"2023-06-26T21:23:07+00:00\" \/>\n<meta property=\"article:modified_time\" content=\"2023-06-26T21:23:08+00:00\" \/>\n<meta property=\"og:image\" content=\"https:\/\/lasentinelle.dz\/wp-content\/uploads\/2022\/09\/cereales.png\" \/>\n\t<meta property=\"og:image:width\" content=\"1349\" \/>\n\t<meta property=\"og:image:height\" content=\"900\" \/>\n\t<meta property=\"og:image:type\" content=\"image\/png\" \/>\n<meta name=\"author\" content=\"La Sentinelle\" \/>\n<meta name=\"twitter:card\" content=\"summary_large_image\" \/>\n<meta name=\"twitter:label1\" content=\"\u00c9crit par\" \/>\n\t<meta name=\"twitter:data1\" content=\"La Sentinelle\" \/>\n\t<meta name=\"twitter:label2\" content=\"Dur\u00e9e de lecture estim\u00e9e\" \/>\n\t<meta name=\"twitter:data2\" content=\"3 minutes\" \/>\n<script type=\"application\/ld+json\" class=\"yoast-schema-graph\">{\"@context\":\"https:\\\/\\\/schema.org\",\"@graph\":[{\"@type\":\"Article\",\"@id\":\"https:\\\/\\\/lasentinelle.dz\\\/index.php\\\/2023\\\/06\\\/26\\\/annaba-lancement-de-loperation-de-tri-des-semences\\\/#article\",\"isPartOf\":{\"@id\":\"https:\\\/\\\/lasentinelle.dz\\\/index.php\\\/2023\\\/06\\\/26\\\/annaba-lancement-de-loperation-de-tri-des-semences\\\/\"},\"author\":{\"name\":\"La Sentinelle\",\"@id\":\"https:\\\/\\\/lasentinelle.dz\\\/#\\\/schema\\\/person\\\/d865044e22e70a75174ce8bcad3acfb3\"},\"headline\":\"Annaba&nbsp;: Lancement de l\u2019op\u00e9ration de tri des semences\",\"datePublished\":\"2023-06-26T21:23:07+00:00\",\"dateModified\":\"2023-06-26T21:23:08+00:00\",\"mainEntityOfPage\":{\"@id\":\"https:\\\/\\\/lasentinelle.dz\\\/index.php\\\/2023\\\/06\\\/26\\\/annaba-lancement-de-loperation-de-tri-des-semences\\\/\"},\"wordCount\":626,\"commentCount\":0,\"publisher\":{\"@id\":\"https:\\\/\\\/lasentinelle.dz\\\/#organization\"},\"image\":{\"@id\":\"https:\\\/\\\/lasentinelle.dz\\\/index.php\\\/2023\\\/06\\\/26\\\/annaba-lancement-de-loperation-de-tri-des-semences\\\/#primaryimage\"},\"thumbnailUrl\":\"https:\\\/\\\/lasentinelle.dz\\\/wp-content\\\/uploads\\\/2022\\\/09\\\/cereales.png\",\"articleSection\":[\"R\u00e9gions\"],\"inLanguage\":\"fr-FR\",\"potentialAction\":[{\"@type\":\"CommentAction\",\"name\":\"Comment\",\"target\":[\"https:\\\/\\\/lasentinelle.dz\\\/index.php\\\/2023\\\/06\\\/26\\\/annaba-lancement-de-loperation-de-tri-des-semences\\\/#respond\"]}]},{\"@type\":\"WebPage\",\"@id\":\"https:\\\/\\\/lasentinelle.dz\\\/index.php\\\/2023\\\/06\\\/26\\\/annaba-lancement-de-loperation-de-tri-des-semences\\\/\",\"url\":\"https:\\\/\\\/lasentinelle.dz\\\/index.php\\\/2023\\\/06\\\/26\\\/annaba-lancement-de-loperation-de-tri-des-semences\\\/\",\"name\":\"Annaba&nbsp;: Lancement de l\u2019op\u00e9ration de tri des semences - La Sentinelle\",\"isPartOf\":{\"@id\":\"https:\\\/\\\/lasentinelle.dz\\\/#website\"},\"primaryImageOfPage\":{\"@id\":\"https:\\\/\\\/lasentinelle.dz\\\/index.php\\\/2023\\\/06\\\/26\\\/annaba-lancement-de-loperation-de-tri-des-semences\\\/#primaryimage\"},\"image\":{\"@id\":\"https:\\\/\\\/lasentinelle.dz\\\/index.php\\\/2023\\\/06\\\/26\\\/annaba-lancement-de-loperation-de-tri-des-semences\\\/#primaryimage\"},\"thumbnailUrl\":\"https:\\\/\\\/lasentinelle.dz\\\/wp-content\\\/uploads\\\/2022\\\/09\\\/cereales.png\",\"datePublished\":\"2023-06-26T21:23:07+00:00\",\"dateModified\":\"2023-06-26T21:23:08+00:00\",\"breadcrumb\":{\"@id\":\"https:\\\/\\\/lasentinelle.dz\\\/index.php\\\/2023\\\/06\\\/26\\\/annaba-lancement-de-loperation-de-tri-des-semences\\\/#breadcrumb\"},\"inLanguage\":\"fr-FR\",\"potentialAction\":[{\"@type\":\"ReadAction\",\"target\":[\"https:\\\/\\\/lasentinelle.dz\\\/index.php\\\/2023\\\/06\\\/26\\\/annaba-lancement-de-loperation-de-tri-des-semences\\\/\"]}]},{\"@type\":\"ImageObject\",\"inLanguage\":\"fr-FR\",\"@id\":\"https:\\\/\\\/lasentinelle.dz\\\/index.php\\\/2023\\\/06\\\/26\\\/annaba-lancement-de-loperation-de-tri-des-semences\\\/#primaryimage\",\"url\":\"https:\\\/\\\/lasentinelle.dz\\\/wp-content\\\/uploads\\\/2022\\\/09\\\/cereales.png\",\"contentUrl\":\"https:\\\/\\\/lasentinelle.dz\\\/wp-content\\\/uploads\\\/2022\\\/09\\\/cereales.png\",\"width\":1349,\"height\":900},{\"@type\":\"BreadcrumbList\",\"@id\":\"https:\\\/\\\/lasentinelle.dz\\\/index.php\\\/2023\\\/06\\\/26\\\/annaba-lancement-de-loperation-de-tri-des-semences\\\/#breadcrumb\",\"itemListElement\":[{\"@type\":\"ListItem\",\"position\":1,\"name\":\"Accueil\",\"item\":\"https:\\\/\\\/lasentinelle.dz\\\/\"},{\"@type\":\"ListItem\",\"position\":2,\"name\":\"Annaba&nbsp;: Lancement de l\u2019op\u00e9ration de tri des semences\"}]},{\"@type\":\"WebSite\",\"@id\":\"https:\\\/\\\/lasentinelle.dz\\\/#website\",\"url\":\"https:\\\/\\\/lasentinelle.dz\\\/\",\"name\":\"La Sentinelle\",\"description\":\"Quotidien national d&#039;information\",\"publisher\":{\"@id\":\"https:\\\/\\\/lasentinelle.dz\\\/#organization\"},\"potentialAction\":[{\"@type\":\"SearchAction\",\"target\":{\"@type\":\"EntryPoint\",\"urlTemplate\":\"https:\\\/\\\/lasentinelle.dz\\\/?s={search_term_string}\"},\"query-input\":{\"@type\":\"PropertyValueSpecification\",\"valueRequired\":true,\"valueName\":\"search_term_string\"}}],\"inLanguage\":\"fr-FR\"},{\"@type\":\"Organization\",\"@id\":\"https:\\\/\\\/lasentinelle.dz\\\/#organization\",\"name\":\"Quotidien La Sentinelle\",\"url\":\"https:\\\/\\\/lasentinelle.dz\\\/\",\"logo\":{\"@type\":\"ImageObject\",\"inLanguage\":\"fr-FR\",\"@id\":\"https:\\\/\\\/lasentinelle.dz\\\/#\\\/schema\\\/logo\\\/image\\\/\",\"url\":\"https:\\\/\\\/lasentinelle.dz\\\/wp-content\\\/uploads\\\/2021\\\/09\\\/logo-sentinelleSLOGAN-1.png\",\"contentUrl\":\"https:\\\/\\\/lasentinelle.dz\\\/wp-content\\\/uploads\\\/2021\\\/09\\\/logo-sentinelleSLOGAN-1.png\",\"width\":615,\"height\":142,\"caption\":\"Quotidien La Sentinelle\"},\"image\":{\"@id\":\"https:\\\/\\\/lasentinelle.dz\\\/#\\\/schema\\\/logo\\\/image\\\/\"},\"sameAs\":[\"https:\\\/\\\/www.facebook.com\\\/La-Sentinelle-104059864394773\"]},{\"@type\":\"Person\",\"@id\":\"https:\\\/\\\/lasentinelle.dz\\\/#\\\/schema\\\/person\\\/d865044e22e70a75174ce8bcad3acfb3\",\"name\":\"La Sentinelle\",\"image\":{\"@type\":\"ImageObject\",\"inLanguage\":\"fr-FR\",\"@id\":\"https:\\\/\\\/secure.gravatar.com\\\/avatar\\\/57de8e5d4b15d43fb361a71fbb36338450fe67865b528a43dd10ef7c51a20392?s=96&d=mm&r=g\",\"url\":\"https:\\\/\\\/secure.gravatar.com\\\/avatar\\\/57de8e5d4b15d43fb361a71fbb36338450fe67865b528a43dd10ef7c51a20392?s=96&d=mm&r=g\",\"contentUrl\":\"https:\\\/\\\/secure.gravatar.com\\\/avatar\\\/57de8e5d4b15d43fb361a71fbb36338450fe67865b528a43dd10ef7c51a20392?s=96&d=mm&r=g\",\"caption\":\"La Sentinelle\"},\"sameAs\":[\"http:\\\/\\\/www.lasentinelle.dz\"],\"url\":\"https:\\\/\\\/lasentinelle.dz\\\/author\\\/redaction\\\/\"}]}<\/script>\n<!-- \/ Yoast SEO plugin. -->","yoast_head_json":{"title":"Annaba&nbsp;: Lancement de l\u2019op\u00e9ration de tri des semences - La Sentinelle","robots":{"index":"index","follow":"follow","max-snippet":"max-snippet:-1","max-image-preview":"max-image-preview:large","max-video-preview":"max-video-preview:-1"},"canonical":"https:\/\/lasentinelle.dz\/index.php\/2023\/06\/26\/annaba-lancement-de-loperation-de-tri-des-semences\/","og_locale":"fr_FR","og_type":"article","og_title":"Annaba&nbsp;: Lancement de l\u2019op\u00e9ration de tri des semences - La Sentinelle","og_description":"La Coop\u00e9rative des c\u00e9r\u00e9ales et des l\u00e9gumes secs (CCLS) d\u2019El-Hadjar dans la wilaya d\u2019Annaba a lanc\u00e9 le processus de tri","og_url":"https:\/\/lasentinelle.dz\/index.php\/2023\/06\/26\/annaba-lancement-de-loperation-de-tri-des-semences\/","og_site_name":"La Sentinelle","article_publisher":"https:\/\/www.facebook.com\/La-Sentinelle-104059864394773","article_published_time":"2023-06-26T21:23:07+00:00","article_modified_time":"2023-06-26T21:23:08+00:00","og_image":[{"width":1349,"height":900,"url":"https:\/\/lasentinelle.dz\/wp-content\/uploads\/2022\/09\/cereales.png","type":"image\/png"}],"author":"La Sentinelle","twitter_card":"summary_large_image","twitter_misc":{"\u00c9crit par":"La Sentinelle","Dur\u00e9e de lecture estim\u00e9e":"3 minutes"},"schema":{"@context":"https:\/\/schema.org","@graph":[{"@type":"Article","@id":"https:\/\/lasentinelle.dz\/index.php\/2023\/06\/26\/annaba-lancement-de-loperation-de-tri-des-semences\/#article","isPartOf":{"@id":"https:\/\/lasentinelle.dz\/index.php\/2023\/06\/26\/annaba-lancement-de-loperation-de-tri-des-semences\/"},"author":{"name":"La Sentinelle","@id":"https:\/\/lasentinelle.dz\/#\/schema\/person\/d865044e22e70a75174ce8bcad3acfb3"},"headline":"Annaba&nbsp;: Lancement de l\u2019op\u00e9ration de tri des semences","datePublished":"2023-06-26T21:23:07+00:00","dateModified":"2023-06-26T21:23:08+00:00","mainEntityOfPage":{"@id":"https:\/\/lasentinelle.dz\/index.php\/2023\/06\/26\/annaba-lancement-de-loperation-de-tri-des-semences\/"},"wordCount":626,"commentCount":0,"publisher":{"@id":"https:\/\/lasentinelle.dz\/#organization"},"image":{"@id":"https:\/\/lasentinelle.dz\/index.php\/2023\/06\/26\/annaba-lancement-de-loperation-de-tri-des-semences\/#primaryimage"},"thumbnailUrl":"https:\/\/lasentinelle.dz\/wp-content\/uploads\/2022\/09\/cereales.png","articleSection":["R\u00e9gions"],"inLanguage":"fr-FR","potentialAction":[{"@type":"CommentAction","name":"Comment","target":["https:\/\/lasentinelle.dz\/index.php\/2023\/06\/26\/annaba-lancement-de-loperation-de-tri-des-semences\/#respond"]}]},{"@type":"WebPage","@id":"https:\/\/lasentinelle.dz\/index.php\/2023\/06\/26\/annaba-lancement-de-loperation-de-tri-des-semences\/","url":"https:\/\/lasentinelle.dz\/index.php\/2023\/06\/26\/annaba-lancement-de-loperation-de-tri-des-semences\/","name":"Annaba&nbsp;: Lancement de l\u2019op\u00e9ration de tri des semences - La Sentinelle","isPartOf":{"@id":"https:\/\/lasentinelle.dz\/#website"},"primaryImageOfPage":{"@id":"https:\/\/lasentinelle.dz\/index.php\/2023\/06\/26\/annaba-lancement-de-loperation-de-tri-des-semences\/#primaryimage"},"image":{"@id":"https:\/\/lasentinelle.dz\/index.php\/2023\/06\/26\/annaba-lancement-de-loperation-de-tri-des-semences\/#primaryimage"},"thumbnailUrl":"https:\/\/lasentinelle.dz\/wp-content\/uploads\/2022\/09\/cereales.png","datePublished":"2023-06-26T21:23:07+00:00","dateModified":"2023-06-26T21:23:08+00:00","breadcrumb":{"@id":"https:\/\/lasentinelle.dz\/index.php\/2023\/06\/26\/annaba-lancement-de-loperation-de-tri-des-semences\/#breadcrumb"},"inLanguage":"fr-FR","potentialAction":[{"@type":"ReadAction","target":["https:\/\/lasentinelle.dz\/index.php\/2023\/06\/26\/annaba-lancement-de-loperation-de-tri-des-semences\/"]}]},{"@type":"ImageObject","inLanguage":"fr-FR","@id":"https:\/\/lasentinelle.dz\/index.php\/2023\/06\/26\/annaba-lancement-de-loperation-de-tri-des-semences\/#primaryimage","url":"https:\/\/lasentinelle.dz\/wp-content\/uploads\/2022\/09\/cereales.png","contentUrl":"https:\/\/lasentinelle.dz\/wp-content\/uploads\/2022\/09\/cereales.png","width":1349,"height":900},{"@type":"BreadcrumbList","@id":"https:\/\/lasentinelle.dz\/index.php\/2023\/06\/26\/annaba-lancement-de-loperation-de-tri-des-semences\/#breadcrumb","itemListElement":[{"@type":"ListItem","position":1,"name":"Accueil","item":"https:\/\/lasentinelle.dz\/"},{"@type":"ListItem","position":2,"name":"Annaba&nbsp;: Lancement de l\u2019op\u00e9ration de tri des semences"}]},{"@type":"WebSite","@id":"https:\/\/lasentinelle.dz\/#website","url":"https:\/\/lasentinelle.dz\/","name":"La Sentinelle","description":"Quotidien national d&#039;information","publisher":{"@id":"https:\/\/lasentinelle.dz\/#organization"},"potentialAction":[{"@type":"SearchAction","target":{"@type":"EntryPoint","urlTemplate":"https:\/\/lasentinelle.dz\/?s={search_term_string}"},"query-input":{"@type":"PropertyValueSpecification","valueRequired":true,"valueName":"search_term_string"}}],"inLanguage":"fr-FR"},{"@type":"Organization","@id":"https:\/\/lasentinelle.dz\/#organization","name":"Quotidien La Sentinelle","url":"https:\/\/lasentinelle.dz\/","logo":{"@type":"ImageObject","inLanguage":"fr-FR","@id":"https:\/\/lasentinelle.dz\/#\/schema\/logo\/image\/","url":"https:\/\/lasentinelle.dz\/wp-content\/uploads\/2021\/09\/logo-sentinelleSLOGAN-1.png","contentUrl":"https:\/\/lasentinelle.dz\/wp-content\/uploads\/2021\/09\/logo-sentinelleSLOGAN-1.png","width":615,"height":142,"caption":"Quotidien La Sentinelle"},"image":{"@id":"https:\/\/lasentinelle.dz\/#\/schema\/logo\/image\/"},"sameAs":["https:\/\/www.facebook.com\/La-Sentinelle-104059864394773"]},{"@type":"Person","@id":"https:\/\/lasentinelle.dz\/#\/schema\/person\/d865044e22e70a75174ce8bcad3acfb3","name":"La Sentinelle","image":{"@type":"ImageObject","inLanguage":"fr-FR","@id":"https:\/\/secure.gravatar.com\/avatar\/57de8e5d4b15d43fb361a71fbb36338450fe67865b528a43dd10ef7c51a20392?s=96&d=mm&r=g","url":"https:\/\/secure.gravatar.com\/avatar\/57de8e5d4b15d43fb361a71fbb36338450fe67865b528a43dd10ef7c51a20392?s=96&d=mm&r=g","contentUrl":"https:\/\/secure.gravatar.com\/avatar\/57de8e5d4b15d43fb361a71fbb36338450fe67865b528a43dd10ef7c51a20392?s=96&d=mm&r=g","caption":"La Sentinelle"},"sameAs":["http:\/\/www.lasentinelle.dz"],"url":"https:\/\/lasentinelle.dz\/author\/redaction\/"}]}},"_links":{"self":[{"href":"https:\/\/lasentinelle.dz\/index.php\/wp-json\/wp\/v2\/posts\/43110","targetHints":{"allow":["GET"]}}],"collection":[{"href":"https:\/\/lasentinelle.dz\/index.php\/wp-json\/wp\/v2\/posts"}],"about":[{"href":"https:\/\/lasentinelle.dz\/index.php\/wp-json\/wp\/v2\/types\/post"}],"author":[{"embeddable":true,"href":"https:\/\/lasentinelle.dz\/index.php\/wp-json\/wp\/v2\/users\/3"}],"replies":[{"embeddable":true,"href":"https:\/\/lasentinelle.dz\/index.php\/wp-json\/wp\/v2\/comments?post=43110"}],"version-history":[{"count":1,"href":"https:\/\/lasentinelle.dz\/index.php\/wp-json\/wp\/v2\/posts\/43110\/revisions"}],"predecessor-version":[{"id":43111,"href":"https:\/\/lasentinelle.dz\/index.php\/wp-json\/wp\/v2\/posts\/43110\/revisions\/43111"}],"wp:featuredmedia":[{"embeddable":true,"href":"https:\/\/lasentinelle.dz\/index.php\/wp-json\/wp\/v2\/media\/27184"}],"wp:attachment":[{"href":"https:\/\/lasentinelle.dz\/index.php\/wp-json\/wp\/v2\/media?parent=43110"}],"wp:term":[{"taxonomy":"category","embeddable":true,"href":"https:\/\/lasentinelle.dz\/index.php\/wp-json\/wp\/v2\/categories?post=43110"},{"taxonomy":"post_tag","embeddable":true,"href":"https:\/\/lasentinelle.dz\/index.php\/wp-json\/wp\/v2\/tags?post=43110"}],"curies":[{"name":"wp","href":"https:\/\/api.w.org\/{rel}","templated":true}]}}